{"id":38131,"date":"2016-12-29T19:25:43","date_gmt":"2016-12-29T17:25:43","guid":{"rendered":"http:\/\/urbeamea.ro\/albaiulia\/?p=38131"},"modified":"2016-12-29T19:25:43","modified_gmt":"2016-12-29T17:25:43","slug":"%e2%80%8bleul-s-a-apreciat-asteptand-noul-prim-ministru","status":"publish","type":"post","link":"https:\/\/urbeamea.ro\/albaiulia\/%e2%80%8bleul-s-a-apreciat-asteptand-noul-prim-ministru\/","title":{"rendered":"\u200bLeul s-a apreciat a\u0219tept\u00e2nd noul Prim ministru"},"content":{"rendered":"<p>Tendin\u021ba de depreciere a leului care s-a manifestat \u00een ultimele zile, urmare a mini-crizei politice creat\u0103 de decizia pre\u0219edintelului Iohannis de a respinge propunerea d-nei <em>Sevil Shhaideh pentru func\u021bia de premier, s-a estompat ieri dup\u0103 anun\u021barea unui nou nume, cel al dlui Dorin Grindeanu.<\/em><\/p>\n<p><img loading=\"lazy\" decoding=\"async\" class=\"alignnone size-medium wp-image-38132\" src=\"http:\/\/urbeamea.ro\/albaiulia\/wp-content\/uploads\/2016\/12\/bani-300x240.jpg\" alt=\"\" width=\"300\" height=\"240\" \/><\/p>\n<p><em>\u0218ansele ca noua propunere a PSD-ALDE s\u0103 fie acceptat\u0103 de Palatul Cotroceni a calmat investitorii, astfel c\u0103 media euro a sc\u0103zut de la 4,5409, maxim al ultimilor aproape trei ani, la 4,5402 lei.<\/em><\/p>\n<p>Pia\u021ba valutar\u0103 s-a deschis la 4,5410 lei, urmat\u0103 de o testare a pragului de 4,50 lei, datorat\u0103 contextului regional, unde s-a observat o \u00eenmul\u021bire a ie\u0219irilor de capital. Treptat euro a \u00eenceput s\u0103 scad\u0103, ating\u00e2nd un minim de 4,5360 lei, astfel c\u0103 tranzac\u021biile de la ora 14:00 se realizau la 4,534 \u2013 4,537 lei.<\/p>\n<p>Cursul dolarului american, care a atins acum dou\u0103 zile maxmul s\u0103u istoric de 4,3504 lei, a sc\u0103zut la 4,3356 lei, urmare a evolu\u021biilor de pe pie\u021bele financiare, iar cota\u021biile au fluctuat \u00eentre 4,33 \u0219i 4,363 lei.<\/p>\n<p>Media monedei elve\u021biene, care se aprecia pe pie\u021bele interna\u021bionale la 1,071 \u2013 1,073 franci\/euro, a urcat de la 4,2322 la 4,2374 lei.<\/p>\n<p>Este de a\u0219teptat ca \u00een 2017 s\u0103 observ\u0103m continuarea procesului de depreciere a leului fa\u021b\u0103 de dolar \u0219i franc ca o consecin\u021b\u0103 a \u00eent\u0103ririi lor fa\u021b\u0103 de moneda unic\u0103, numero\u0219i anali\u0219ti anticip\u00e2nd atingerea, \u00een curt timp, a parit\u0103\u021bii \u00eentre euro \u0219i dolar.<\/p>\n<p>\u00cen ceea ce prive\u0219te parcursul fa\u021b\u0103 de euro acesta va continua s\u0103 fie reglat de BNR prin intermediul politicilor sale monetare, \u00een special prin folosirea principalei sale p\u00e2rghii, cea a dob\u00e2nzii de politic\u0103 monetar\u0103, care va urma s\u0103 creasc\u0103 dup\u0103 aproape doi ani de stagnare la 1,75%\/an.<\/p>\n<p>Perechea euro\/dolar fluctua pe pie\u021bele interna\u021bionale la 1,0409 \u2013 1,0480 dolari, \u00een cre\u0219tere fa\u021b\u0103 de acum dou\u0103 zile, dar mai jos cu circa 5% fa\u021b\u0103 de finalul lui 2015.<\/p>\n<p>Pe pia\u021ba londonez\u0103 a aurului pre\u021bul unciei de aur a fost stabilt la fixingul de ieri diminea\u021b\u0103 la 1.148 dolari fa\u021b\u0103 de circa 1.080 dolari la \u00eenceputul acestui an.<\/p>\n<p><strong><em>Sunt folosite date \u0219i informa\u021bii disponibile p\u00e2n\u0103 la ora 14:00<\/em><\/strong>\u200b<\/p>\n","protected":false},"excerpt":{"rendered":"<p>Tendin\u021ba de depreciere a leului care s-a manifestat \u00een ultimele zile, urmare a mini-crizei politice creat\u0103 de decizia pre\u0219edintelului Iohannis de a respinge propunerea d-nei Sevil Shhaideh pentru func\u021bia de premier, s-a estompat ieri dup\u0103 anun\u021barea unui nou nume, cel al dlui Dorin Grindeanu. \u0218ansele ca noua propunere a PSD-ALDE s\u0103 fie acceptat\u0103 de Palatul &hellip;<\/p>\n","protected":false},"author":3,"featured_media":38132,"comment_status":"open","ping_status":"open","sticky":false,"template":"","format":"standard","meta":{"inline_featured_image":false,"footnotes":""},"categories":[6663],"tags":[],"class_list":["post-38131","post","type-post","status-publish","format-standard","has-post-thumbnail","hentry","category-economic"],"yoast_head":"<!-- This site is optimized with the Yoast SEO plugin v27.4 - https:\/\/yoast.com\/product\/yoast-seo-wordpress\/ -->\n<title>\u200bLeul s-a apreciat a\u0219tept\u00e2nd noul Prim ministru - Revista Urbea Mea - Revista de Alba<\/title>\n<meta name=\"description\" content=\"Tendin\u021ba de depreciere a leului care s-a manifestat \u00een ultimele zile, urmare a mini-crizei politice creat\u0103 de decizia pre\u0219edintelului Iohannis de a\" \/>\n<meta name=\"robots\" content=\"index, follow, max-snippet:-1, max-image-preview:large, max-video-preview:-1\" \/>\n<link rel=\"canonical\" href=\"https:\/\/urbeamea.ro\/albaiulia\/\u200bleul-s-a-apreciat-asteptand-noul-prim-ministru\/\" \/>\n<meta name=\"twitter:card\" content=\"summary_large_image\" \/>\n<meta name=\"twitter:title\" content=\"\u200bLeul s-a apreciat a\u0219tept\u00e2nd noul Prim ministru - Revista Urbea Mea - Revista de Alba\" \/>\n<meta name=\"twitter:description\" content=\"Tendin\u021ba de depreciere a leului care s-a manifestat \u00een ultimele zile, urmare a mini-crizei politice creat\u0103 de decizia pre\u0219edintelului Iohannis de a\" \/>\n<meta name=\"twitter:image\" content=\"https:\/\/urbeamea.ro\/albaiulia\/wp-content\/uploads\/2016\/12\/bani.jpg\" \/>\n<meta name=\"twitter:creator\" content=\"@urbeameaweb\" \/>\n<meta name=\"twitter:site\" content=\"@urbeameaweb\" \/>\n<script type=\"application\/ld+json\" class=\"yoast-schema-graph\">{\"@context\":\"https:\\\/\\\/schema.org\",\"@graph\":[{\"@type\":\"Article\",\"@id\":\"https:\\\/\\\/urbeamea.ro\\\/albaiulia\\\/%e2%80%8bleul-s-a-apreciat-asteptand-noul-prim-ministru\\\/#article\",\"isPartOf\":{\"@id\":\"https:\\\/\\\/urbeamea.ro\\\/albaiulia\\\/%e2%80%8bleul-s-a-apreciat-asteptand-noul-prim-ministru\\\/\"},\"author\":{\"name\":\"Radu Ciobotea\",\"@id\":\"https:\\\/\\\/urbeamea.ro\\\/albaiulia\\\/#\\\/schema\\\/person\\\/44a17e6dfdaa077c825152369345cb63\"},\"headline\":\"\u200bLeul s-a apreciat a\u0219tept\u00e2nd noul Prim ministru\",\"datePublished\":\"2016-12-29T17:25:43+00:00\",\"mainEntityOfPage\":{\"@id\":\"https:\\\/\\\/urbeamea.ro\\\/albaiulia\\\/%e2%80%8bleul-s-a-apreciat-asteptand-noul-prim-ministru\\\/\"},\"wordCount\":365,\"commentCount\":0,\"image\":{\"@id\":\"https:\\\/\\\/urbeamea.ro\\\/albaiulia\\\/%e2%80%8bleul-s-a-apreciat-asteptand-noul-prim-ministru\\\/#primaryimage\"},\"thumbnailUrl\":\"https:\\\/\\\/urbeamea.ro\\\/albaiulia\\\/wp-content\\\/uploads\\\/2016\\\/12\\\/bani.jpg\",\"articleSection\":[\"Economic\"],\"inLanguage\":\"ro-RO\",\"potentialAction\":[{\"@type\":\"CommentAction\",\"name\":\"Comment\",\"target\":[\"https:\\\/\\\/urbeamea.ro\\\/albaiulia\\\/%e2%80%8bleul-s-a-apreciat-asteptand-noul-prim-ministru\\\/#respond\"]}]},{\"@type\":\"WebPage\",\"@id\":\"https:\\\/\\\/urbeamea.ro\\\/albaiulia\\\/%e2%80%8bleul-s-a-apreciat-asteptand-noul-prim-ministru\\\/\",\"url\":\"https:\\\/\\\/urbeamea.ro\\\/albaiulia\\\/%e2%80%8bleul-s-a-apreciat-asteptand-noul-prim-ministru\\\/\",\"name\":\"\u200bLeul s-a apreciat a\u0219tept\u00e2nd noul Prim ministru - Revista Urbea Mea - Revista de Alba\",\"isPartOf\":{\"@id\":\"https:\\\/\\\/urbeamea.ro\\\/albaiulia\\\/#website\"},\"primaryImageOfPage\":{\"@id\":\"https:\\\/\\\/urbeamea.ro\\\/albaiulia\\\/%e2%80%8bleul-s-a-apreciat-asteptand-noul-prim-ministru\\\/#primaryimage\"},\"image\":{\"@id\":\"https:\\\/\\\/urbeamea.ro\\\/albaiulia\\\/%e2%80%8bleul-s-a-apreciat-asteptand-noul-prim-ministru\\\/#primaryimage\"},\"thumbnailUrl\":\"https:\\\/\\\/urbeamea.ro\\\/albaiulia\\\/wp-content\\\/uploads\\\/2016\\\/12\\\/bani.jpg\",\"datePublished\":\"2016-12-29T17:25:43+00:00\",\"author\":{\"@id\":\"https:\\\/\\\/urbeamea.ro\\\/albaiulia\\\/#\\\/schema\\\/person\\\/44a17e6dfdaa077c825152369345cb63\"},\"description\":\"Tendin\u021ba de depreciere a leului care s-a manifestat \u00een ultimele zile, urmare a mini-crizei politice creat\u0103 de decizia pre\u0219edintelului Iohannis de a\",\"breadcrumb\":{\"@id\":\"https:\\\/\\\/urbeamea.ro\\\/albaiulia\\\/%e2%80%8bleul-s-a-apreciat-asteptand-noul-prim-ministru\\\/#breadcrumb\"},\"inLanguage\":\"ro-RO\",\"potentialAction\":[{\"@type\":\"ReadAction\",\"target\":[\"https:\\\/\\\/urbeamea.ro\\\/albaiulia\\\/%e2%80%8bleul-s-a-apreciat-asteptand-noul-prim-ministru\\\/\"]}]},{\"@type\":\"ImageObject\",\"inLanguage\":\"ro-RO\",\"@id\":\"https:\\\/\\\/urbeamea.ro\\\/albaiulia\\\/%e2%80%8bleul-s-a-apreciat-asteptand-noul-prim-ministru\\\/#primaryimage\",\"url\":\"https:\\\/\\\/urbeamea.ro\\\/albaiulia\\\/wp-content\\\/uploads\\\/2016\\\/12\\\/bani.jpg\",\"contentUrl\":\"https:\\\/\\\/urbeamea.ro\\\/albaiulia\\\/wp-content\\\/uploads\\\/2016\\\/12\\\/bani.jpg\",\"width\":709,\"height\":567},{\"@type\":\"BreadcrumbList\",\"@id\":\"https:\\\/\\\/urbeamea.ro\\\/albaiulia\\\/%e2%80%8bleul-s-a-apreciat-asteptand-noul-prim-ministru\\\/#breadcrumb\",\"itemListElement\":[{\"@type\":\"ListItem\",\"position\":1,\"name\":\"Prima pagin\u0103\",\"item\":\"https:\\\/\\\/urbeamea.ro\\\/albaiulia\\\/\"},{\"@type\":\"ListItem\",\"position\":2,\"name\":\"\u200bLeul s-a apreciat a\u0219tept\u00e2nd noul Prim ministru\"}]},{\"@type\":\"WebSite\",\"@id\":\"https:\\\/\\\/urbeamea.ro\\\/albaiulia\\\/#website\",\"url\":\"https:\\\/\\\/urbeamea.ro\\\/albaiulia\\\/\",\"name\":\"Revista Urbea Mea, Stiri urbane\",\"description\":\"Evenimente \u0219i \u0219tiri din Alba Iulia, Sebe\u0219, Aiud, Blaj\",\"potentialAction\":[{\"@type\":\"SearchAction\",\"target\":{\"@type\":\"EntryPoint\",\"urlTemplate\":\"https:\\\/\\\/urbeamea.ro\\\/albaiulia\\\/?s={search_term_string}\"},\"query-input\":{\"@type\":\"PropertyValueSpecification\",\"valueRequired\":true,\"valueName\":\"search_term_string\"}}],\"inLanguage\":\"ro-RO\"},{\"@type\":\"Person\",\"@id\":\"https:\\\/\\\/urbeamea.ro\\\/albaiulia\\\/#\\\/schema\\\/person\\\/44a17e6dfdaa077c825152369345cb63\",\"name\":\"Radu Ciobotea\",\"image\":{\"@type\":\"ImageObject\",\"inLanguage\":\"ro-RO\",\"@id\":\"https:\\\/\\\/secure.gravatar.com\\\/avatar\\\/23e1bc24fae8697caa8cedc0216fa41cec7392b2347081c097ddf708ce6678f6?s=96&d=mm&r=g\",\"url\":\"https:\\\/\\\/secure.gravatar.com\\\/avatar\\\/23e1bc24fae8697caa8cedc0216fa41cec7392b2347081c097ddf708ce6678f6?s=96&d=mm&r=g\",\"contentUrl\":\"https:\\\/\\\/secure.gravatar.com\\\/avatar\\\/23e1bc24fae8697caa8cedc0216fa41cec7392b2347081c097ddf708ce6678f6?s=96&d=mm&r=g\",\"caption\":\"Radu Ciobotea\"},\"description\":\"Jurnalist\",\"sameAs\":[\"https:\\\/\\\/www.facebook.com\\\/ciobotea.radu?fref=ts\"],\"url\":\"https:\\\/\\\/urbeamea.ro\\\/albaiulia\\\/author\\\/radu-ciobotea\\\/\"}]}<\/script>\n<!-- \/ Yoast SEO plugin. -->","yoast_head_json":{"title":"\u200bLeul s-a apreciat a\u0219tept\u00e2nd noul Prim ministru - Revista Urbea Mea - Revista de Alba","description":"Tendin\u021ba de depreciere a leului care s-a manifestat \u00een ultimele zile, urmare a mini-crizei politice creat\u0103 de decizia pre\u0219edintelului Iohannis de a","robots":{"index":"index","follow":"follow","max-snippet":"max-snippet:-1","max-image-preview":"max-image-preview:large","max-video-preview":"max-video-preview:-1"},"canonical":"https:\/\/urbeamea.ro\/albaiulia\/\u200bleul-s-a-apreciat-asteptand-noul-prim-ministru\/","twitter_card":"summary_large_image","twitter_title":"\u200bLeul s-a apreciat a\u0219tept\u00e2nd noul Prim ministru - Revista Urbea Mea - Revista de Alba","twitter_description":"Tendin\u021ba de depreciere a leului care s-a manifestat \u00een ultimele zile, urmare a mini-crizei politice creat\u0103 de decizia pre\u0219edintelului Iohannis de a","twitter_image":"https:\/\/urbeamea.ro\/albaiulia\/wp-content\/uploads\/2016\/12\/bani.jpg","twitter_creator":"@urbeameaweb","twitter_site":"@urbeameaweb","schema":{"@context":"https:\/\/schema.org","@graph":[{"@type":"Article","@id":"https:\/\/urbeamea.ro\/albaiulia\/%e2%80%8bleul-s-a-apreciat-asteptand-noul-prim-ministru\/#article","isPartOf":{"@id":"https:\/\/urbeamea.ro\/albaiulia\/%e2%80%8bleul-s-a-apreciat-asteptand-noul-prim-ministru\/"},"author":{"name":"Radu Ciobotea","@id":"https:\/\/urbeamea.ro\/albaiulia\/#\/schema\/person\/44a17e6dfdaa077c825152369345cb63"},"headline":"\u200bLeul s-a apreciat a\u0219tept\u00e2nd noul Prim ministru","datePublished":"2016-12-29T17:25:43+00:00","mainEntityOfPage":{"@id":"https:\/\/urbeamea.ro\/albaiulia\/%e2%80%8bleul-s-a-apreciat-asteptand-noul-prim-ministru\/"},"wordCount":365,"commentCount":0,"image":{"@id":"https:\/\/urbeamea.ro\/albaiulia\/%e2%80%8bleul-s-a-apreciat-asteptand-noul-prim-ministru\/#primaryimage"},"thumbnailUrl":"https:\/\/urbeamea.ro\/albaiulia\/wp-content\/uploads\/2016\/12\/bani.jpg","articleSection":["Economic"],"inLanguage":"ro-RO","potentialAction":[{"@type":"CommentAction","name":"Comment","target":["https:\/\/urbeamea.ro\/albaiulia\/%e2%80%8bleul-s-a-apreciat-asteptand-noul-prim-ministru\/#respond"]}]},{"@type":"WebPage","@id":"https:\/\/urbeamea.ro\/albaiulia\/%e2%80%8bleul-s-a-apreciat-asteptand-noul-prim-ministru\/","url":"https:\/\/urbeamea.ro\/albaiulia\/%e2%80%8bleul-s-a-apreciat-asteptand-noul-prim-ministru\/","name":"\u200bLeul s-a apreciat a\u0219tept\u00e2nd noul Prim ministru - Revista Urbea Mea - Revista de Alba","isPartOf":{"@id":"https:\/\/urbeamea.ro\/albaiulia\/#website"},"primaryImageOfPage":{"@id":"https:\/\/urbeamea.ro\/albaiulia\/%e2%80%8bleul-s-a-apreciat-asteptand-noul-prim-ministru\/#primaryimage"},"image":{"@id":"https:\/\/urbeamea.ro\/albaiulia\/%e2%80%8bleul-s-a-apreciat-asteptand-noul-prim-ministru\/#primaryimage"},"thumbnailUrl":"https:\/\/urbeamea.ro\/albaiulia\/wp-content\/uploads\/2016\/12\/bani.jpg","datePublished":"2016-12-29T17:25:43+00:00","author":{"@id":"https:\/\/urbeamea.ro\/albaiulia\/#\/schema\/person\/44a17e6dfdaa077c825152369345cb63"},"description":"Tendin\u021ba de depreciere a leului care s-a manifestat \u00een ultimele zile, urmare a mini-crizei politice creat\u0103 de decizia pre\u0219edintelului Iohannis de a","breadcrumb":{"@id":"https:\/\/urbeamea.ro\/albaiulia\/%e2%80%8bleul-s-a-apreciat-asteptand-noul-prim-ministru\/#breadcrumb"},"inLanguage":"ro-RO","potentialAction":[{"@type":"ReadAction","target":["https:\/\/urbeamea.ro\/albaiulia\/%e2%80%8bleul-s-a-apreciat-asteptand-noul-prim-ministru\/"]}]},{"@type":"ImageObject","inLanguage":"ro-RO","@id":"https:\/\/urbeamea.ro\/albaiulia\/%e2%80%8bleul-s-a-apreciat-asteptand-noul-prim-ministru\/#primaryimage","url":"https:\/\/urbeamea.ro\/albaiulia\/wp-content\/uploads\/2016\/12\/bani.jpg","contentUrl":"https:\/\/urbeamea.ro\/albaiulia\/wp-content\/uploads\/2016\/12\/bani.jpg","width":709,"height":567},{"@type":"BreadcrumbList","@id":"https:\/\/urbeamea.ro\/albaiulia\/%e2%80%8bleul-s-a-apreciat-asteptand-noul-prim-ministru\/#breadcrumb","itemListElement":[{"@type":"ListItem","position":1,"name":"Prima pagin\u0103","item":"https:\/\/urbeamea.ro\/albaiulia\/"},{"@type":"ListItem","position":2,"name":"\u200bLeul s-a apreciat a\u0219tept\u00e2nd noul Prim ministru"}]},{"@type":"WebSite","@id":"https:\/\/urbeamea.ro\/albaiulia\/#website","url":"https:\/\/urbeamea.ro\/albaiulia\/","name":"Revista Urbea Mea, Stiri urbane","description":"Evenimente \u0219i \u0219tiri din Alba Iulia, Sebe\u0219, Aiud, Blaj","potentialAction":[{"@type":"SearchAction","target":{"@type":"EntryPoint","urlTemplate":"https:\/\/urbeamea.ro\/albaiulia\/?s={search_term_string}"},"query-input":{"@type":"PropertyValueSpecification","valueRequired":true,"valueName":"search_term_string"}}],"inLanguage":"ro-RO"},{"@type":"Person","@id":"https:\/\/urbeamea.ro\/albaiulia\/#\/schema\/person\/44a17e6dfdaa077c825152369345cb63","name":"Radu Ciobotea","image":{"@type":"ImageObject","inLanguage":"ro-RO","@id":"https:\/\/secure.gravatar.com\/avatar\/23e1bc24fae8697caa8cedc0216fa41cec7392b2347081c097ddf708ce6678f6?s=96&d=mm&r=g","url":"https:\/\/secure.gravatar.com\/avatar\/23e1bc24fae8697caa8cedc0216fa41cec7392b2347081c097ddf708ce6678f6?s=96&d=mm&r=g","contentUrl":"https:\/\/secure.gravatar.com\/avatar\/23e1bc24fae8697caa8cedc0216fa41cec7392b2347081c097ddf708ce6678f6?s=96&d=mm&r=g","caption":"Radu Ciobotea"},"description":"Jurnalist","sameAs":["https:\/\/www.facebook.com\/ciobotea.radu?fref=ts"],"url":"https:\/\/urbeamea.ro\/albaiulia\/author\/radu-ciobotea\/"}]}},"_links":{"self":[{"href":"https:\/\/urbeamea.ro\/albaiulia\/wp-json\/wp\/v2\/posts\/38131","targetHints":{"allow":["GET"]}}],"collection":[{"href":"https:\/\/urbeamea.ro\/albaiulia\/wp-json\/wp\/v2\/posts"}],"about":[{"href":"https:\/\/urbeamea.ro\/albaiulia\/wp-json\/wp\/v2\/types\/post"}],"author":[{"embeddable":true,"href":"https:\/\/urbeamea.ro\/albaiulia\/wp-json\/wp\/v2\/users\/3"}],"replies":[{"embeddable":true,"href":"https:\/\/urbeamea.ro\/albaiulia\/wp-json\/wp\/v2\/comments?post=38131"}],"version-history":[{"count":0,"href":"https:\/\/urbeamea.ro\/albaiulia\/wp-json\/wp\/v2\/posts\/38131\/revisions"}],"wp:featuredmedia":[{"embeddable":true,"href":"https:\/\/urbeamea.ro\/albaiulia\/wp-json\/wp\/v2\/media\/38132"}],"wp:attachment":[{"href":"https:\/\/urbeamea.ro\/albaiulia\/wp-json\/wp\/v2\/media?parent=38131"}],"wp:term":[{"taxonomy":"category","embeddable":true,"href":"https:\/\/urbeamea.ro\/albaiulia\/wp-json\/wp\/v2\/categories?post=38131"},{"taxonomy":"post_tag","embeddable":true,"href":"https:\/\/urbeamea.ro\/albaiulia\/wp-json\/wp\/v2\/tags?post=38131"}],"curies":[{"name":"wp","href":"https:\/\/api.w.org\/{rel}","templated":true}]}}