{"id":38134,"date":"2016-12-30T10:50:05","date_gmt":"2016-12-30T08:50:05","guid":{"rendered":"http:\/\/urbeamea.ro\/albaiulia\/?p=38134"},"modified":"2016-12-30T10:50:05","modified_gmt":"2016-12-30T08:50:05","slug":"inca-trei-medalii-pentru-mihnea-costachi-la-campionatele-europene-de-sah-rapid-si-blitz","status":"publish","type":"post","link":"https:\/\/urbeamea.ro\/albaiulia\/inca-trei-medalii-pentru-mihnea-costachi-la-campionatele-europene-de-sah-rapid-si-blitz\/","title":{"rendered":"\u00cenca trei medalii pentru Mihnea Costachi la Campionatele Europene de \u015fah rapid \u015fi blitz"},"content":{"rendered":"<p><strong><img loading=\"lazy\" decoding=\"async\" class=\"size-full wp-image-29102 alignleft\" src=\"http:\/\/urbeamea.ro\/albaiulia\/wp-content\/uploads\/2016\/07\/Mihnea-Costachi-in-meciul-Iran-Romania.jpg\" alt=\"\" width=\"220\" height=\"220\" srcset=\"https:\/\/urbeamea.ro\/albaiulia\/wp-content\/uploads\/2016\/07\/Mihnea-Costachi-in-meciul-Iran-Romania.jpg 220w, https:\/\/urbeamea.ro\/albaiulia\/wp-content\/uploads\/2016\/07\/Mihnea-Costachi-in-meciul-Iran-Romania-150x150.jpg 150w\" sizes=\"auto, (max-width: 220px) 100vw, 220px\" \/>Dup\u0103 medalia de bronz ob\u0163inut\u0103 la categoria juniori sub 16 ani \u00een proba de \u015fah rapid, Mihnea Costachi \u015fi-a continuat evolu\u0163ia excelent\u0103 la Campionatele Europene de \u015fah rapid \u015fi blitz de la Novi Sad (Serbia), ob\u0163in\u00e2nd \u00eenc\u0103 trei medalii.<\/strong><\/p>\n<p>Joi diminea\u0163a Mihnea a evoluat \u00een Superfinal\u0103, o prob\u0103 care este specific\u0103 Campionatelor Europene de \u015fah rapid, similar\u0103 cu o gal\u0103 a laurea\u0163ilor, deoarece la startul acestei probe se afl\u0103 medalia\u0163ii de la toate categoriile de v\u00e2rst\u0103 din proba de \u015fah rapid. \u00cen primele doua tururi ale probei, care se desf\u0103\u015foar\u0103 \u00eentr-un sistem eliminatoriu p\u00e2n\u0103 \u00een semifinale, juniorul albaiulian i-a \u00eenvins cu 2-0 pe Jan Subeli (Slovenia), campionul European de copii sub 12 ani, \u015fi Timur Keleberda (Ucraina), vicecampion european de copii sub 10 ani.<\/p>\n<p>Au urmat apoi confrunt\u0103rile decisive pentru medalii, \u00een care Mihnea i-a avut ca adversari pe primii doi clasa\u0163i la categoria juniori sub 18 ani. \u00cen semifinale Mihnea Costachi a fost \u00eenvins cu 2-0 de Valentin Dragnev (Austria), vicecampionul european de juniori sub 18 ani, \u00eens\u0103 juniorul albaiulian \u015fi-a revenit rapid, \u00eenving\u00e2ndu-l cu 2-0 \u00een finala mic\u0103 pe Jadranko Plenca (Croa\u0163ia), campionul european de juniori sub 18 ani \u00een proba de \u015fah rapid, ob\u0163in\u00e2nd astfel o nou\u0103 medalie de bronz.<\/p>\n<p>Joi dup\u0103-amiaza a fost programat\u0103 proba de \u015fah rapid pe echipe, \u00een care la categoria juniori sub 18 ani Rom\u00e2nia a \u00eenscris doua echipe. La finalul celor 7 runde ale turneului echipa Rom\u00e2niei 2, \u00een care al\u0103turi de Mihnea Costachi au mai jucat David Gavrilescu, Alexandru Banzea \u015fi M\u0103lina Aciu s-a clasat pe locul 2, cu 5 victorii, un meci egal \u015fi o \u00eenfr\u00e2ngere \u00een fa\u0163a Austriei, echipa clasat\u0103 pe locul 1 la egalitate de puncta cu echipa noastr\u0103.<\/p>\n<p>Juniorul albaiulian a realizat 4,5 puncte la masa 1, cele mai bune rezultate fiind ob\u0163inute de David Gavrilescu \u015fi Alexandru Banzea, care au ob\u0163inut c\u00e2te 5,5 puncte la mesele 2 \u015fi 3.<\/p>\n<p>Dup\u0103 argintul \u00een proba pe echipe a venit si aurul! \u00cen seara zilei de joi s-au comunicat rezultatele \u00een proba de dezleg\u0103ri (rezolv\u0103ri de probleme de \u015fah), o prob\u0103 care nu este printre preferatele lui Mihnea, de multe ori acesta aleg\u00e2nd s\u0103 nu participe la aceast\u0103 prob\u0103 pentru a se odihni \u00een vederea particip\u0103rii cu succes la celelalte probe rapide.<\/p>\n<p>De data aceasta Mihnea a participat \u015fi a c\u00e2\u015ftigat locul 1 la categoria junior sub 18 ani cu 45 de puncte din 45 posibile, devans\u00e2ndu-i pe Konstantin Novikov (Rusia) 44 de puncte \u015fi Mihail Nikitenko (Belarus) 42 de puncte.<\/p>\n<p>Un bilan\u0163 de excep\u0163ie pentru Mihnea Costachi dupa 3 zile de concurs \u00een care elevul Colegiului Na\u0163ional \u201cHorea, Clo\u015fca \u015fi Cri\u015fan\u201d Alba Iulia a ob\u0163inut o medalie de aur, o medalie de argint \u015fi dou\u0103 medalii de bronz!<\/p>\n<p>Vineri diminea\u0163a este programat\u0103 ultima \u015fi cea mai spectaculoas\u0103 prob\u0103 a competi\u0163iei, cea de blitz, \u00een care juniorul albaiulian va \u00eencerca s\u0103 ob\u0163in\u0103 o nou\u0103 medalie pentru Rom\u00e2nia la categoria juniori sub 18 ani, la aceast\u0103 prob\u0103 neexist\u00e2nd categoria de v\u00e2rst\u0103 juniori sub 16 ani.<\/p>\n","protected":false},"excerpt":{"rendered":"<p>Dup\u0103 medalia de bronz ob\u0163inut\u0103 la categoria juniori sub 16 ani \u00een proba de \u015fah rapid, Mihnea Costachi \u015fi-a continuat evolu\u0163ia excelent\u0103 la Campionatele Europene de \u015fah rapid \u015fi blitz de la Novi Sad (Serbia), ob\u0163in\u00e2nd \u00eenc\u0103 trei medalii. Joi diminea\u0163a Mihnea a evoluat \u00een Superfinal\u0103, o prob\u0103 care este specific\u0103 Campionatelor Europene de \u015fah &hellip;<\/p>\n","protected":false},"author":17,"featured_media":29102,"comment_status":"open","ping_status":"open","sticky":false,"template":"","format":"standard","meta":{"inline_featured_image":false,"footnotes":""},"categories":[79],"tags":[31,6582,9282,2572,494,3425,828,3864,308,76,2644],"class_list":["post-38134","post","type-post","status-publish","format-standard","has-post-thumbnail","hentry","category-sah","tag-alba-iulia","tag-alexandru-banzea","tag-campionatele-europene-de-sah-rapid-si-blitz","tag-david-gavrilescu","tag-echipe","tag-medalii","tag-mihnea-costachi","tag-puncte","tag-stiri","tag-urbea-mea","tag-victorii"],"yoast_head":"<!-- This site is optimized with the Yoast SEO plugin v27.4 - https:\/\/yoast.com\/product\/yoast-seo-wordpress\/ -->\n<title>\u00cenca trei medalii pentru Mihnea Costachi la Campionatele Europene de \u015fah rapid \u015fi blitz - Revista Urbea Mea - Revista de Alba<\/title>\n<meta name=\"description\" content=\"Dup\u0103 medalia de bronz ob\u0163inut\u0103 la categoria juniori sub 16 ani \u00een proba de \u015fah rapid, Mihnea Costachi \u015fi-a continuat evolu\u0163ia excelent\u0103 la Campionatele\" \/>\n<meta name=\"robots\" content=\"index, follow, max-snippet:-1, max-image-preview:large, max-video-preview:-1\" \/>\n<link rel=\"canonical\" href=\"https:\/\/urbeamea.ro\/albaiulia\/inca-trei-medalii-pentru-mihnea-costachi-la-campionatele-europene-de-sah-rapid-si-blitz\/\" \/>\n<meta name=\"twitter:card\" content=\"summary_large_image\" \/>\n<meta name=\"twitter:title\" content=\"\u00cenca trei medalii pentru Mihnea Costachi la Campionatele Europene de \u015fah rapid \u015fi blitz - Revista Urbea Mea - Revista de Alba\" \/>\n<meta name=\"twitter:description\" content=\"Dup\u0103 medalia de bronz ob\u0163inut\u0103 la categoria juniori sub 16 ani \u00een proba de \u015fah rapid, Mihnea Costachi \u015fi-a continuat evolu\u0163ia excelent\u0103 la Campionatele\" \/>\n<meta name=\"twitter:image\" content=\"https:\/\/urbeamea.ro\/albaiulia\/wp-content\/uploads\/2016\/07\/Mihnea-Costachi-in-meciul-Iran-Romania.jpg\" \/>\n<meta name=\"twitter:creator\" content=\"@urbeameaweb\" \/>\n<meta name=\"twitter:site\" content=\"@urbeameaweb\" \/>\n<script type=\"application\/ld+json\" class=\"yoast-schema-graph\">{\"@context\":\"https:\\\/\\\/schema.org\",\"@graph\":[{\"@type\":\"Article\",\"@id\":\"https:\\\/\\\/urbeamea.ro\\\/albaiulia\\\/inca-trei-medalii-pentru-mihnea-costachi-la-campionatele-europene-de-sah-rapid-si-blitz\\\/#article\",\"isPartOf\":{\"@id\":\"https:\\\/\\\/urbeamea.ro\\\/albaiulia\\\/inca-trei-medalii-pentru-mihnea-costachi-la-campionatele-europene-de-sah-rapid-si-blitz\\\/\"},\"author\":{\"name\":\"Cristina Ganga\",\"@id\":\"https:\\\/\\\/urbeamea.ro\\\/albaiulia\\\/#\\\/schema\\\/person\\\/9700d21fae21c4f038b0b56f4506264a\"},\"headline\":\"\u00cenca trei medalii pentru Mihnea Costachi la Campionatele Europene de \u015fah rapid \u015fi blitz\",\"datePublished\":\"2016-12-30T08:50:05+00:00\",\"mainEntityOfPage\":{\"@id\":\"https:\\\/\\\/urbeamea.ro\\\/albaiulia\\\/inca-trei-medalii-pentru-mihnea-costachi-la-campionatele-europene-de-sah-rapid-si-blitz\\\/\"},\"wordCount\":527,\"commentCount\":0,\"image\":{\"@id\":\"https:\\\/\\\/urbeamea.ro\\\/albaiulia\\\/inca-trei-medalii-pentru-mihnea-costachi-la-campionatele-europene-de-sah-rapid-si-blitz\\\/#primaryimage\"},\"thumbnailUrl\":\"https:\\\/\\\/urbeamea.ro\\\/albaiulia\\\/wp-content\\\/uploads\\\/2016\\\/07\\\/Mihnea-Costachi-in-meciul-Iran-Romania.jpg\",\"keywords\":[\"Alba Iulia\",\"alexandru banzea\",\"campionatele europene de sah rapid si blitz\",\"David Gavrilescu\",\"echipe\",\"medalii\",\"mihnea costachi\",\"puncte\",\"stiri\",\"Urbea Mea\",\"victorii\"],\"articleSection\":[\"Sah\"],\"inLanguage\":\"ro-RO\",\"potentialAction\":[{\"@type\":\"CommentAction\",\"name\":\"Comment\",\"target\":[\"https:\\\/\\\/urbeamea.ro\\\/albaiulia\\\/inca-trei-medalii-pentru-mihnea-costachi-la-campionatele-europene-de-sah-rapid-si-blitz\\\/#respond\"]}]},{\"@type\":\"WebPage\",\"@id\":\"https:\\\/\\\/urbeamea.ro\\\/albaiulia\\\/inca-trei-medalii-pentru-mihnea-costachi-la-campionatele-europene-de-sah-rapid-si-blitz\\\/\",\"url\":\"https:\\\/\\\/urbeamea.ro\\\/albaiulia\\\/inca-trei-medalii-pentru-mihnea-costachi-la-campionatele-europene-de-sah-rapid-si-blitz\\\/\",\"name\":\"\u00cenca trei medalii pentru Mihnea Costachi la Campionatele Europene de \u015fah rapid \u015fi blitz - Revista Urbea Mea - Revista de Alba\",\"isPartOf\":{\"@id\":\"https:\\\/\\\/urbeamea.ro\\\/albaiulia\\\/#website\"},\"primaryImageOfPage\":{\"@id\":\"https:\\\/\\\/urbeamea.ro\\\/albaiulia\\\/inca-trei-medalii-pentru-mihnea-costachi-la-campionatele-europene-de-sah-rapid-si-blitz\\\/#primaryimage\"},\"image\":{\"@id\":\"https:\\\/\\\/urbeamea.ro\\\/albaiulia\\\/inca-trei-medalii-pentru-mihnea-costachi-la-campionatele-europene-de-sah-rapid-si-blitz\\\/#primaryimage\"},\"thumbnailUrl\":\"https:\\\/\\\/urbeamea.ro\\\/albaiulia\\\/wp-content\\\/uploads\\\/2016\\\/07\\\/Mihnea-Costachi-in-meciul-Iran-Romania.jpg\",\"datePublished\":\"2016-12-30T08:50:05+00:00\",\"author\":{\"@id\":\"https:\\\/\\\/urbeamea.ro\\\/albaiulia\\\/#\\\/schema\\\/person\\\/9700d21fae21c4f038b0b56f4506264a\"},\"description\":\"Dup\u0103 medalia de bronz ob\u0163inut\u0103 la categoria juniori sub 16 ani \u00een proba de \u015fah rapid, Mihnea Costachi \u015fi-a continuat evolu\u0163ia excelent\u0103 la Campionatele\",\"breadcrumb\":{\"@id\":\"https:\\\/\\\/urbeamea.ro\\\/albaiulia\\\/inca-trei-medalii-pentru-mihnea-costachi-la-campionatele-europene-de-sah-rapid-si-blitz\\\/#breadcrumb\"},\"inLanguage\":\"ro-RO\",\"potentialAction\":[{\"@type\":\"ReadAction\",\"target\":[\"https:\\\/\\\/urbeamea.ro\\\/albaiulia\\\/inca-trei-medalii-pentru-mihnea-costachi-la-campionatele-europene-de-sah-rapid-si-blitz\\\/\"]}]},{\"@type\":\"ImageObject\",\"inLanguage\":\"ro-RO\",\"@id\":\"https:\\\/\\\/urbeamea.ro\\\/albaiulia\\\/inca-trei-medalii-pentru-mihnea-costachi-la-campionatele-europene-de-sah-rapid-si-blitz\\\/#primaryimage\",\"url\":\"https:\\\/\\\/urbeamea.ro\\\/albaiulia\\\/wp-content\\\/uploads\\\/2016\\\/07\\\/Mihnea-Costachi-in-meciul-Iran-Romania.jpg\",\"contentUrl\":\"https:\\\/\\\/urbeamea.ro\\\/albaiulia\\\/wp-content\\\/uploads\\\/2016\\\/07\\\/Mihnea-Costachi-in-meciul-Iran-Romania.jpg\",\"width\":220,\"height\":220},{\"@type\":\"BreadcrumbList\",\"@id\":\"https:\\\/\\\/urbeamea.ro\\\/albaiulia\\\/inca-trei-medalii-pentru-mihnea-costachi-la-campionatele-europene-de-sah-rapid-si-blitz\\\/#breadcrumb\",\"itemListElement\":[{\"@type\":\"ListItem\",\"position\":1,\"name\":\"Prima pagin\u0103\",\"item\":\"https:\\\/\\\/urbeamea.ro\\\/albaiulia\\\/\"},{\"@type\":\"ListItem\",\"position\":2,\"name\":\"\u00cenca trei medalii pentru Mihnea Costachi la Campionatele Europene de \u015fah rapid \u015fi blitz\"}]},{\"@type\":\"WebSite\",\"@id\":\"https:\\\/\\\/urbeamea.ro\\\/albaiulia\\\/#website\",\"url\":\"https:\\\/\\\/urbeamea.ro\\\/albaiulia\\\/\",\"name\":\"Revista Urbea Mea, Stiri urbane\",\"description\":\"Evenimente \u0219i \u0219tiri din Alba Iulia, Sebe\u0219, Aiud, Blaj\",\"potentialAction\":[{\"@type\":\"SearchAction\",\"target\":{\"@type\":\"EntryPoint\",\"urlTemplate\":\"https:\\\/\\\/urbeamea.ro\\\/albaiulia\\\/?s={search_term_string}\"},\"query-input\":{\"@type\":\"PropertyValueSpecification\",\"valueRequired\":true,\"valueName\":\"search_term_string\"}}],\"inLanguage\":\"ro-RO\"},{\"@type\":\"Person\",\"@id\":\"https:\\\/\\\/urbeamea.ro\\\/albaiulia\\\/#\\\/schema\\\/person\\\/9700d21fae21c4f038b0b56f4506264a\",\"name\":\"Cristina Ganga\",\"image\":{\"@type\":\"ImageObject\",\"inLanguage\":\"ro-RO\",\"@id\":\"https:\\\/\\\/secure.gravatar.com\\\/avatar\\\/5a67661041f057b4a8ccaf26f5a8e86e2689372006d01faf3dd9eeb10b654bb4?s=96&d=mm&r=g\",\"url\":\"https:\\\/\\\/secure.gravatar.com\\\/avatar\\\/5a67661041f057b4a8ccaf26f5a8e86e2689372006d01faf3dd9eeb10b654bb4?s=96&d=mm&r=g\",\"contentUrl\":\"https:\\\/\\\/secure.gravatar.com\\\/avatar\\\/5a67661041f057b4a8ccaf26f5a8e86e2689372006d01faf3dd9eeb10b654bb4?s=96&d=mm&r=g\",\"caption\":\"Cristina Ganga\"},\"description\":\"Jurnalist\",\"sameAs\":[\"https:\\\/\\\/www.facebook.com\\\/cristina.nicola.587\"],\"url\":\"https:\\\/\\\/urbeamea.ro\\\/albaiulia\\\/author\\\/cristina-nicola\\\/\"}]}<\/script>\n<!-- \/ Yoast SEO plugin. -->","yoast_head_json":{"title":"\u00cenca trei medalii pentru Mihnea Costachi la Campionatele Europene de \u015fah rapid \u015fi blitz - Revista Urbea Mea - Revista de Alba","description":"Dup\u0103 medalia de bronz ob\u0163inut\u0103 la categoria juniori sub 16 ani \u00een proba de \u015fah rapid, Mihnea Costachi \u015fi-a continuat evolu\u0163ia excelent\u0103 la Campionatele","robots":{"index":"index","follow":"follow","max-snippet":"max-snippet:-1","max-image-preview":"max-image-preview:large","max-video-preview":"max-video-preview:-1"},"canonical":"https:\/\/urbeamea.ro\/albaiulia\/inca-trei-medalii-pentru-mihnea-costachi-la-campionatele-europene-de-sah-rapid-si-blitz\/","twitter_card":"summary_large_image","twitter_title":"\u00cenca trei medalii pentru Mihnea Costachi la Campionatele Europene de \u015fah rapid \u015fi blitz - Revista Urbea Mea - Revista de Alba","twitter_description":"Dup\u0103 medalia de bronz ob\u0163inut\u0103 la categoria juniori sub 16 ani \u00een proba de \u015fah rapid, Mihnea Costachi \u015fi-a continuat evolu\u0163ia excelent\u0103 la Campionatele","twitter_image":"https:\/\/urbeamea.ro\/albaiulia\/wp-content\/uploads\/2016\/07\/Mihnea-Costachi-in-meciul-Iran-Romania.jpg","twitter_creator":"@urbeameaweb","twitter_site":"@urbeameaweb","schema":{"@context":"https:\/\/schema.org","@graph":[{"@type":"Article","@id":"https:\/\/urbeamea.ro\/albaiulia\/inca-trei-medalii-pentru-mihnea-costachi-la-campionatele-europene-de-sah-rapid-si-blitz\/#article","isPartOf":{"@id":"https:\/\/urbeamea.ro\/albaiulia\/inca-trei-medalii-pentru-mihnea-costachi-la-campionatele-europene-de-sah-rapid-si-blitz\/"},"author":{"name":"Cristina Ganga","@id":"https:\/\/urbeamea.ro\/albaiulia\/#\/schema\/person\/9700d21fae21c4f038b0b56f4506264a"},"headline":"\u00cenca trei medalii pentru Mihnea Costachi la Campionatele Europene de \u015fah rapid \u015fi blitz","datePublished":"2016-12-30T08:50:05+00:00","mainEntityOfPage":{"@id":"https:\/\/urbeamea.ro\/albaiulia\/inca-trei-medalii-pentru-mihnea-costachi-la-campionatele-europene-de-sah-rapid-si-blitz\/"},"wordCount":527,"commentCount":0,"image":{"@id":"https:\/\/urbeamea.ro\/albaiulia\/inca-trei-medalii-pentru-mihnea-costachi-la-campionatele-europene-de-sah-rapid-si-blitz\/#primaryimage"},"thumbnailUrl":"https:\/\/urbeamea.ro\/albaiulia\/wp-content\/uploads\/2016\/07\/Mihnea-Costachi-in-meciul-Iran-Romania.jpg","keywords":["Alba Iulia","alexandru banzea","campionatele europene de sah rapid si blitz","David Gavrilescu","echipe","medalii","mihnea costachi","puncte","stiri","Urbea Mea","victorii"],"articleSection":["Sah"],"inLanguage":"ro-RO","potentialAction":[{"@type":"CommentAction","name":"Comment","target":["https:\/\/urbeamea.ro\/albaiulia\/inca-trei-medalii-pentru-mihnea-costachi-la-campionatele-europene-de-sah-rapid-si-blitz\/#respond"]}]},{"@type":"WebPage","@id":"https:\/\/urbeamea.ro\/albaiulia\/inca-trei-medalii-pentru-mihnea-costachi-la-campionatele-europene-de-sah-rapid-si-blitz\/","url":"https:\/\/urbeamea.ro\/albaiulia\/inca-trei-medalii-pentru-mihnea-costachi-la-campionatele-europene-de-sah-rapid-si-blitz\/","name":"\u00cenca trei medalii pentru Mihnea Costachi la Campionatele Europene de \u015fah rapid \u015fi blitz - Revista Urbea Mea - Revista de Alba","isPartOf":{"@id":"https:\/\/urbeamea.ro\/albaiulia\/#website"},"primaryImageOfPage":{"@id":"https:\/\/urbeamea.ro\/albaiulia\/inca-trei-medalii-pentru-mihnea-costachi-la-campionatele-europene-de-sah-rapid-si-blitz\/#primaryimage"},"image":{"@id":"https:\/\/urbeamea.ro\/albaiulia\/inca-trei-medalii-pentru-mihnea-costachi-la-campionatele-europene-de-sah-rapid-si-blitz\/#primaryimage"},"thumbnailUrl":"https:\/\/urbeamea.ro\/albaiulia\/wp-content\/uploads\/2016\/07\/Mihnea-Costachi-in-meciul-Iran-Romania.jpg","datePublished":"2016-12-30T08:50:05+00:00","author":{"@id":"https:\/\/urbeamea.ro\/albaiulia\/#\/schema\/person\/9700d21fae21c4f038b0b56f4506264a"},"description":"Dup\u0103 medalia de bronz ob\u0163inut\u0103 la categoria juniori sub 16 ani \u00een proba de \u015fah rapid, Mihnea Costachi \u015fi-a continuat evolu\u0163ia excelent\u0103 la Campionatele","breadcrumb":{"@id":"https:\/\/urbeamea.ro\/albaiulia\/inca-trei-medalii-pentru-mihnea-costachi-la-campionatele-europene-de-sah-rapid-si-blitz\/#breadcrumb"},"inLanguage":"ro-RO","potentialAction":[{"@type":"ReadAction","target":["https:\/\/urbeamea.ro\/albaiulia\/inca-trei-medalii-pentru-mihnea-costachi-la-campionatele-europene-de-sah-rapid-si-blitz\/"]}]},{"@type":"ImageObject","inLanguage":"ro-RO","@id":"https:\/\/urbeamea.ro\/albaiulia\/inca-trei-medalii-pentru-mihnea-costachi-la-campionatele-europene-de-sah-rapid-si-blitz\/#primaryimage","url":"https:\/\/urbeamea.ro\/albaiulia\/wp-content\/uploads\/2016\/07\/Mihnea-Costachi-in-meciul-Iran-Romania.jpg","contentUrl":"https:\/\/urbeamea.ro\/albaiulia\/wp-content\/uploads\/2016\/07\/Mihnea-Costachi-in-meciul-Iran-Romania.jpg","width":220,"height":220},{"@type":"BreadcrumbList","@id":"https:\/\/urbeamea.ro\/albaiulia\/inca-trei-medalii-pentru-mihnea-costachi-la-campionatele-europene-de-sah-rapid-si-blitz\/#breadcrumb","itemListElement":[{"@type":"ListItem","position":1,"name":"Prima pagin\u0103","item":"https:\/\/urbeamea.ro\/albaiulia\/"},{"@type":"ListItem","position":2,"name":"\u00cenca trei medalii pentru Mihnea Costachi la Campionatele Europene de \u015fah rapid \u015fi blitz"}]},{"@type":"WebSite","@id":"https:\/\/urbeamea.ro\/albaiulia\/#website","url":"https:\/\/urbeamea.ro\/albaiulia\/","name":"Revista Urbea Mea, Stiri urbane","description":"Evenimente \u0219i \u0219tiri din Alba Iulia, Sebe\u0219, Aiud, Blaj","potentialAction":[{"@type":"SearchAction","target":{"@type":"EntryPoint","urlTemplate":"https:\/\/urbeamea.ro\/albaiulia\/?s={search_term_string}"},"query-input":{"@type":"PropertyValueSpecification","valueRequired":true,"valueName":"search_term_string"}}],"inLanguage":"ro-RO"},{"@type":"Person","@id":"https:\/\/urbeamea.ro\/albaiulia\/#\/schema\/person\/9700d21fae21c4f038b0b56f4506264a","name":"Cristina Ganga","image":{"@type":"ImageObject","inLanguage":"ro-RO","@id":"https:\/\/secure.gravatar.com\/avatar\/5a67661041f057b4a8ccaf26f5a8e86e2689372006d01faf3dd9eeb10b654bb4?s=96&d=mm&r=g","url":"https:\/\/secure.gravatar.com\/avatar\/5a67661041f057b4a8ccaf26f5a8e86e2689372006d01faf3dd9eeb10b654bb4?s=96&d=mm&r=g","contentUrl":"https:\/\/secure.gravatar.com\/avatar\/5a67661041f057b4a8ccaf26f5a8e86e2689372006d01faf3dd9eeb10b654bb4?s=96&d=mm&r=g","caption":"Cristina Ganga"},"description":"Jurnalist","sameAs":["https:\/\/www.facebook.com\/cristina.nicola.587"],"url":"https:\/\/urbeamea.ro\/albaiulia\/author\/cristina-nicola\/"}]}},"_links":{"self":[{"href":"https:\/\/urbeamea.ro\/albaiulia\/wp-json\/wp\/v2\/posts\/38134","targetHints":{"allow":["GET"]}}],"collection":[{"href":"https:\/\/urbeamea.ro\/albaiulia\/wp-json\/wp\/v2\/posts"}],"about":[{"href":"https:\/\/urbeamea.ro\/albaiulia\/wp-json\/wp\/v2\/types\/post"}],"author":[{"embeddable":true,"href":"https:\/\/urbeamea.ro\/albaiulia\/wp-json\/wp\/v2\/users\/17"}],"replies":[{"embeddable":true,"href":"https:\/\/urbeamea.ro\/albaiulia\/wp-json\/wp\/v2\/comments?post=38134"}],"version-history":[{"count":0,"href":"https:\/\/urbeamea.ro\/albaiulia\/wp-json\/wp\/v2\/posts\/38134\/revisions"}],"wp:featuredmedia":[{"embeddable":true,"href":"https:\/\/urbeamea.ro\/albaiulia\/wp-json\/wp\/v2\/media\/29102"}],"wp:attachment":[{"href":"https:\/\/urbeamea.ro\/albaiulia\/wp-json\/wp\/v2\/media?parent=38134"}],"wp:term":[{"taxonomy":"category","embeddable":true,"href":"https:\/\/urbeamea.ro\/albaiulia\/wp-json\/wp\/v2\/categories?post=38134"},{"taxonomy":"post_tag","embeddable":true,"href":"https:\/\/urbeamea.ro\/albaiulia\/wp-json\/wp\/v2\/tags?post=38134"}],"curies":[{"name":"wp","href":"https:\/\/api.w.org\/{rel}","templated":true}]}}