{"id":38234,"date":"2017-01-04T11:04:33","date_gmt":"2017-01-04T09:04:33","guid":{"rendered":"http:\/\/urbeamea.ro\/albaiulia\/?p=38234"},"modified":"2017-01-04T11:04:33","modified_gmt":"2017-01-04T09:04:33","slug":"in-perioada-ianuarie-februarie-bugetarii-nu-primesc-tichete-de-masa-tichete-cadou-vouchere-de-vacanta-si-anumite-indemnizatii-speciale","status":"publish","type":"post","link":"https:\/\/urbeamea.ro\/albaiulia\/in-perioada-ianuarie-februarie-bugetarii-nu-primesc-tichete-de-masa-tichete-cadou-vouchere-de-vacanta-si-anumite-indemnizatii-speciale\/","title":{"rendered":"\u00cen perioada ianuarie-februarie, bugetarii nu primesc tichete de mas\u0103, tichete cadou, vouchere de vacan\u021b\u0103 \u0219i anumite indemniza\u021bii speciale"},"content":{"rendered":"<p id=\"stcpDiv\"><strong><img loading=\"lazy\" decoding=\"async\" class=\"size-medium wp-image-32721 alignleft\" src=\"http:\/\/urbeamea.ro\/albaiulia\/wp-content\/uploads\/2016\/10\/tichet-de-masa-300x161.jpg\" alt=\"\" width=\"300\" height=\"161\" \/>\u00cen perioada ianuarie-februarie, bugetarii nu vor primi tichete de mas\u0103, tichete cadou, vouchere de vacan\u021b\u0103 \u0219i anumite indemniza\u021bii speciale.<\/strong><\/p>\n<div>\n<div id=\"stcpDiv\">\n<p>Bugetarii nu vor primi \u00een perioada ianuarie \u2013 februarie tichete de mas\u0103, tichete cadou, vouchere de vacan\u021b\u0103 \u0219i anumite indemniza\u021bii speciale, potrivit OUG 99\/2016, ale c\u0103rei prevederi au intrat \u00een vigoare prin publicarea \u00een Monitorul Oficial, la finalul lunii decembrie.<\/p>\n<p>M\u0103surile sunt prev\u0103zute \u00een articolul 9 al ordonan\u0163ei de urgen\u0163\u0103.<\/p>\n<p>Persoanele care lucreaz\u0103 la stat nu beneficiaz\u0103 nici \u00een perioada 1 ianuarie \u2013 28 februarie 2017 de anumite indemniza\u021bii \u0219i suplimente la salariu, potrivit articolului respectiv din OUG 99.<\/p>\n<p><em>sursa: realitatea.net<\/em><\/p>\n<\/div>\n<\/div>\n","protected":false},"excerpt":{"rendered":"<p>\u00cen perioada ianuarie-februarie, bugetarii nu vor primi tichete de mas\u0103, tichete cadou, vouchere de vacan\u021b\u0103 \u0219i anumite indemniza\u021bii speciale. Bugetarii nu vor primi \u00een perioada ianuarie \u2013 februarie tichete de mas\u0103, tichete cadou, vouchere de vacan\u021b\u0103 \u0219i anumite indemniza\u021bii speciale, potrivit OUG 99\/2016, ale c\u0103rei prevederi au intrat \u00een vigoare prin publicarea \u00een Monitorul Oficial, &hellip;<\/p>\n","protected":false},"author":17,"featured_media":32721,"comment_status":"open","ping_status":"open","sticky":false,"template":"","format":"standard","meta":{"inline_featured_image":false,"footnotes":""},"categories":[2034],"tags":[307,9327,9330,9332,9331,308,9328,6391,76,9329],"class_list":["post-38234","post","type-post","status-publish","format-standard","has-post-thumbnail","hentry","category-social","tag-alba","tag-bugetari","tag-indemnizatii-speciale","tag-nu-beneficiaza","tag-primele-doua-luni","tag-stiri","tag-tichete-cadiu","tag-tichete-de-masa","tag-urbea-mea","tag-vouchere-de-vacanta"],"yoast_head":"<!-- This site is optimized with the Yoast SEO plugin v27.4 - https:\/\/yoast.com\/product\/yoast-seo-wordpress\/ -->\n<title>\u00cen perioada ianuarie-februarie, bugetarii nu primesc tichete de mas\u0103, tichete cadou, vouchere de vacan\u021b\u0103 \u0219i anumite indemniza\u021bii speciale - Revista Urbea Mea - Revista de Alba<\/title>\n<meta name=\"description\" content=\"\u00cen perioada ianuarie-februarie, bugetarii nu vor primi tichete de mas\u0103, tichete cadou, vouchere de vacan\u021b\u0103 \u0219i anumite indemniza\u021bii speciale. Bugetarii nu\" \/>\n<meta name=\"robots\" content=\"index, follow, max-snippet:-1, max-image-preview:large, max-video-preview:-1\" \/>\n<link rel=\"canonical\" href=\"https:\/\/urbeamea.ro\/albaiulia\/in-perioada-ianuarie-februarie-bugetarii-nu-primesc-tichete-de-masa-tichete-cadou-vouchere-de-vacanta-si-anumite-indemnizatii-speciale\/\" \/>\n<meta name=\"twitter:card\" content=\"summary_large_image\" \/>\n<meta name=\"twitter:title\" content=\"\u00cen perioada ianuarie-februarie, bugetarii nu primesc tichete de mas\u0103, tichete cadou, vouchere de vacan\u021b\u0103 \u0219i anumite indemniza\u021bii speciale - Revista Urbea Mea - Revista de Alba\" \/>\n<meta name=\"twitter:description\" content=\"\u00cen perioada ianuarie-februarie, bugetarii nu vor primi tichete de mas\u0103, tichete cadou, vouchere de vacan\u021b\u0103 \u0219i anumite indemniza\u021bii speciale. Bugetarii nu\" \/>\n<meta name=\"twitter:image\" content=\"https:\/\/urbeamea.ro\/albaiulia\/wp-content\/uploads\/2016\/10\/tichet-de-masa.jpg\" \/>\n<meta name=\"twitter:creator\" content=\"@urbeameaweb\" \/>\n<meta name=\"twitter:site\" content=\"@urbeameaweb\" \/>\n<script type=\"application\/ld+json\" class=\"yoast-schema-graph\">{\"@context\":\"https:\\\/\\\/schema.org\",\"@graph\":[{\"@type\":\"Article\",\"@id\":\"https:\\\/\\\/urbeamea.ro\\\/albaiulia\\\/in-perioada-ianuarie-februarie-bugetarii-nu-primesc-tichete-de-masa-tichete-cadou-vouchere-de-vacanta-si-anumite-indemnizatii-speciale\\\/#article\",\"isPartOf\":{\"@id\":\"https:\\\/\\\/urbeamea.ro\\\/albaiulia\\\/in-perioada-ianuarie-februarie-bugetarii-nu-primesc-tichete-de-masa-tichete-cadou-vouchere-de-vacanta-si-anumite-indemnizatii-speciale\\\/\"},\"author\":{\"name\":\"Cristina Ganga\",\"@id\":\"https:\\\/\\\/urbeamea.ro\\\/albaiulia\\\/#\\\/schema\\\/person\\\/9700d21fae21c4f038b0b56f4506264a\"},\"headline\":\"\u00cen perioada ianuarie-februarie, bugetarii nu primesc tichete de mas\u0103, tichete cadou, vouchere de vacan\u021b\u0103 \u0219i anumite indemniza\u021bii speciale\",\"datePublished\":\"2017-01-04T09:04:33+00:00\",\"mainEntityOfPage\":{\"@id\":\"https:\\\/\\\/urbeamea.ro\\\/albaiulia\\\/in-perioada-ianuarie-februarie-bugetarii-nu-primesc-tichete-de-masa-tichete-cadou-vouchere-de-vacanta-si-anumite-indemnizatii-speciale\\\/\"},\"wordCount\":119,\"commentCount\":0,\"image\":{\"@id\":\"https:\\\/\\\/urbeamea.ro\\\/albaiulia\\\/in-perioada-ianuarie-februarie-bugetarii-nu-primesc-tichete-de-masa-tichete-cadou-vouchere-de-vacanta-si-anumite-indemnizatii-speciale\\\/#primaryimage\"},\"thumbnailUrl\":\"https:\\\/\\\/urbeamea.ro\\\/albaiulia\\\/wp-content\\\/uploads\\\/2016\\\/10\\\/tichet-de-masa.jpg\",\"keywords\":[\"alba\",\"bugetari\",\"indemnizatii speciale\",\"nu beneficiaza\",\"primele doua luni\",\"stiri\",\"tichete cadiu\",\"tichete de masa\",\"Urbea Mea\",\"vouchere de vacanta\"],\"articleSection\":[\"Social\"],\"inLanguage\":\"ro-RO\",\"potentialAction\":[{\"@type\":\"CommentAction\",\"name\":\"Comment\",\"target\":[\"https:\\\/\\\/urbeamea.ro\\\/albaiulia\\\/in-perioada-ianuarie-februarie-bugetarii-nu-primesc-tichete-de-masa-tichete-cadou-vouchere-de-vacanta-si-anumite-indemnizatii-speciale\\\/#respond\"]}]},{\"@type\":\"WebPage\",\"@id\":\"https:\\\/\\\/urbeamea.ro\\\/albaiulia\\\/in-perioada-ianuarie-februarie-bugetarii-nu-primesc-tichete-de-masa-tichete-cadou-vouchere-de-vacanta-si-anumite-indemnizatii-speciale\\\/\",\"url\":\"https:\\\/\\\/urbeamea.ro\\\/albaiulia\\\/in-perioada-ianuarie-februarie-bugetarii-nu-primesc-tichete-de-masa-tichete-cadou-vouchere-de-vacanta-si-anumite-indemnizatii-speciale\\\/\",\"name\":\"\u00cen perioada ianuarie-februarie, bugetarii nu primesc tichete de mas\u0103, tichete cadou, vouchere de vacan\u021b\u0103 \u0219i anumite indemniza\u021bii speciale - Revista Urbea Mea - Revista de Alba\",\"isPartOf\":{\"@id\":\"https:\\\/\\\/urbeamea.ro\\\/albaiulia\\\/#website\"},\"primaryImageOfPage\":{\"@id\":\"https:\\\/\\\/urbeamea.ro\\\/albaiulia\\\/in-perioada-ianuarie-februarie-bugetarii-nu-primesc-tichete-de-masa-tichete-cadou-vouchere-de-vacanta-si-anumite-indemnizatii-speciale\\\/#primaryimage\"},\"image\":{\"@id\":\"https:\\\/\\\/urbeamea.ro\\\/albaiulia\\\/in-perioada-ianuarie-februarie-bugetarii-nu-primesc-tichete-de-masa-tichete-cadou-vouchere-de-vacanta-si-anumite-indemnizatii-speciale\\\/#primaryimage\"},\"thumbnailUrl\":\"https:\\\/\\\/urbeamea.ro\\\/albaiulia\\\/wp-content\\\/uploads\\\/2016\\\/10\\\/tichet-de-masa.jpg\",\"datePublished\":\"2017-01-04T09:04:33+00:00\",\"author\":{\"@id\":\"https:\\\/\\\/urbeamea.ro\\\/albaiulia\\\/#\\\/schema\\\/person\\\/9700d21fae21c4f038b0b56f4506264a\"},\"description\":\"\u00cen perioada ianuarie-februarie, bugetarii nu vor primi tichete de mas\u0103, tichete cadou, vouchere de vacan\u021b\u0103 \u0219i anumite indemniza\u021bii speciale. Bugetarii nu\",\"breadcrumb\":{\"@id\":\"https:\\\/\\\/urbeamea.ro\\\/albaiulia\\\/in-perioada-ianuarie-februarie-bugetarii-nu-primesc-tichete-de-masa-tichete-cadou-vouchere-de-vacanta-si-anumite-indemnizatii-speciale\\\/#breadcrumb\"},\"inLanguage\":\"ro-RO\",\"potentialAction\":[{\"@type\":\"ReadAction\",\"target\":[\"https:\\\/\\\/urbeamea.ro\\\/albaiulia\\\/in-perioada-ianuarie-februarie-bugetarii-nu-primesc-tichete-de-masa-tichete-cadou-vouchere-de-vacanta-si-anumite-indemnizatii-speciale\\\/\"]}]},{\"@type\":\"ImageObject\",\"inLanguage\":\"ro-RO\",\"@id\":\"https:\\\/\\\/urbeamea.ro\\\/albaiulia\\\/in-perioada-ianuarie-februarie-bugetarii-nu-primesc-tichete-de-masa-tichete-cadou-vouchere-de-vacanta-si-anumite-indemnizatii-speciale\\\/#primaryimage\",\"url\":\"https:\\\/\\\/urbeamea.ro\\\/albaiulia\\\/wp-content\\\/uploads\\\/2016\\\/10\\\/tichet-de-masa.jpg\",\"contentUrl\":\"https:\\\/\\\/urbeamea.ro\\\/albaiulia\\\/wp-content\\\/uploads\\\/2016\\\/10\\\/tichet-de-masa.jpg\",\"width\":658,\"height\":354},{\"@type\":\"BreadcrumbList\",\"@id\":\"https:\\\/\\\/urbeamea.ro\\\/albaiulia\\\/in-perioada-ianuarie-februarie-bugetarii-nu-primesc-tichete-de-masa-tichete-cadou-vouchere-de-vacanta-si-anumite-indemnizatii-speciale\\\/#breadcrumb\",\"itemListElement\":[{\"@type\":\"ListItem\",\"position\":1,\"name\":\"Prima pagin\u0103\",\"item\":\"https:\\\/\\\/urbeamea.ro\\\/albaiulia\\\/\"},{\"@type\":\"ListItem\",\"position\":2,\"name\":\"\u00cen perioada ianuarie-februarie, bugetarii nu primesc tichete de mas\u0103, tichete cadou, vouchere de vacan\u021b\u0103 \u0219i anumite indemniza\u021bii speciale\"}]},{\"@type\":\"WebSite\",\"@id\":\"https:\\\/\\\/urbeamea.ro\\\/albaiulia\\\/#website\",\"url\":\"https:\\\/\\\/urbeamea.ro\\\/albaiulia\\\/\",\"name\":\"Revista Urbea Mea, Stiri urbane\",\"description\":\"Evenimente \u0219i \u0219tiri din Alba Iulia, Sebe\u0219, Aiud, Blaj\",\"potentialAction\":[{\"@type\":\"SearchAction\",\"target\":{\"@type\":\"EntryPoint\",\"urlTemplate\":\"https:\\\/\\\/urbeamea.ro\\\/albaiulia\\\/?s={search_term_string}\"},\"query-input\":{\"@type\":\"PropertyValueSpecification\",\"valueRequired\":true,\"valueName\":\"search_term_string\"}}],\"inLanguage\":\"ro-RO\"},{\"@type\":\"Person\",\"@id\":\"https:\\\/\\\/urbeamea.ro\\\/albaiulia\\\/#\\\/schema\\\/person\\\/9700d21fae21c4f038b0b56f4506264a\",\"name\":\"Cristina Ganga\",\"image\":{\"@type\":\"ImageObject\",\"inLanguage\":\"ro-RO\",\"@id\":\"https:\\\/\\\/secure.gravatar.com\\\/avatar\\\/5a67661041f057b4a8ccaf26f5a8e86e2689372006d01faf3dd9eeb10b654bb4?s=96&d=mm&r=g\",\"url\":\"https:\\\/\\\/secure.gravatar.com\\\/avatar\\\/5a67661041f057b4a8ccaf26f5a8e86e2689372006d01faf3dd9eeb10b654bb4?s=96&d=mm&r=g\",\"contentUrl\":\"https:\\\/\\\/secure.gravatar.com\\\/avatar\\\/5a67661041f057b4a8ccaf26f5a8e86e2689372006d01faf3dd9eeb10b654bb4?s=96&d=mm&r=g\",\"caption\":\"Cristina Ganga\"},\"description\":\"Jurnalist\",\"sameAs\":[\"https:\\\/\\\/www.facebook.com\\\/cristina.nicola.587\"],\"url\":\"https:\\\/\\\/urbeamea.ro\\\/albaiulia\\\/author\\\/cristina-nicola\\\/\"}]}<\/script>\n<!-- \/ Yoast SEO plugin. -->","yoast_head_json":{"title":"\u00cen perioada ianuarie-februarie, bugetarii nu primesc tichete de mas\u0103, tichete cadou, vouchere de vacan\u021b\u0103 \u0219i anumite indemniza\u021bii speciale - Revista Urbea Mea - Revista de Alba","description":"\u00cen perioada ianuarie-februarie, bugetarii nu vor primi tichete de mas\u0103, tichete cadou, vouchere de vacan\u021b\u0103 \u0219i anumite indemniza\u021bii speciale. Bugetarii nu","robots":{"index":"index","follow":"follow","max-snippet":"max-snippet:-1","max-image-preview":"max-image-preview:large","max-video-preview":"max-video-preview:-1"},"canonical":"https:\/\/urbeamea.ro\/albaiulia\/in-perioada-ianuarie-februarie-bugetarii-nu-primesc-tichete-de-masa-tichete-cadou-vouchere-de-vacanta-si-anumite-indemnizatii-speciale\/","twitter_card":"summary_large_image","twitter_title":"\u00cen perioada ianuarie-februarie, bugetarii nu primesc tichete de mas\u0103, tichete cadou, vouchere de vacan\u021b\u0103 \u0219i anumite indemniza\u021bii speciale - Revista Urbea Mea - Revista de Alba","twitter_description":"\u00cen perioada ianuarie-februarie, bugetarii nu vor primi tichete de mas\u0103, tichete cadou, vouchere de vacan\u021b\u0103 \u0219i anumite indemniza\u021bii speciale. Bugetarii nu","twitter_image":"https:\/\/urbeamea.ro\/albaiulia\/wp-content\/uploads\/2016\/10\/tichet-de-masa.jpg","twitter_creator":"@urbeameaweb","twitter_site":"@urbeameaweb","schema":{"@context":"https:\/\/schema.org","@graph":[{"@type":"Article","@id":"https:\/\/urbeamea.ro\/albaiulia\/in-perioada-ianuarie-februarie-bugetarii-nu-primesc-tichete-de-masa-tichete-cadou-vouchere-de-vacanta-si-anumite-indemnizatii-speciale\/#article","isPartOf":{"@id":"https:\/\/urbeamea.ro\/albaiulia\/in-perioada-ianuarie-februarie-bugetarii-nu-primesc-tichete-de-masa-tichete-cadou-vouchere-de-vacanta-si-anumite-indemnizatii-speciale\/"},"author":{"name":"Cristina Ganga","@id":"https:\/\/urbeamea.ro\/albaiulia\/#\/schema\/person\/9700d21fae21c4f038b0b56f4506264a"},"headline":"\u00cen perioada ianuarie-februarie, bugetarii nu primesc tichete de mas\u0103, tichete cadou, vouchere de vacan\u021b\u0103 \u0219i anumite indemniza\u021bii speciale","datePublished":"2017-01-04T09:04:33+00:00","mainEntityOfPage":{"@id":"https:\/\/urbeamea.ro\/albaiulia\/in-perioada-ianuarie-februarie-bugetarii-nu-primesc-tichete-de-masa-tichete-cadou-vouchere-de-vacanta-si-anumite-indemnizatii-speciale\/"},"wordCount":119,"commentCount":0,"image":{"@id":"https:\/\/urbeamea.ro\/albaiulia\/in-perioada-ianuarie-februarie-bugetarii-nu-primesc-tichete-de-masa-tichete-cadou-vouchere-de-vacanta-si-anumite-indemnizatii-speciale\/#primaryimage"},"thumbnailUrl":"https:\/\/urbeamea.ro\/albaiulia\/wp-content\/uploads\/2016\/10\/tichet-de-masa.jpg","keywords":["alba","bugetari","indemnizatii speciale","nu beneficiaza","primele doua luni","stiri","tichete cadiu","tichete de masa","Urbea Mea","vouchere de vacanta"],"articleSection":["Social"],"inLanguage":"ro-RO","potentialAction":[{"@type":"CommentAction","name":"Comment","target":["https:\/\/urbeamea.ro\/albaiulia\/in-perioada-ianuarie-februarie-bugetarii-nu-primesc-tichete-de-masa-tichete-cadou-vouchere-de-vacanta-si-anumite-indemnizatii-speciale\/#respond"]}]},{"@type":"WebPage","@id":"https:\/\/urbeamea.ro\/albaiulia\/in-perioada-ianuarie-februarie-bugetarii-nu-primesc-tichete-de-masa-tichete-cadou-vouchere-de-vacanta-si-anumite-indemnizatii-speciale\/","url":"https:\/\/urbeamea.ro\/albaiulia\/in-perioada-ianuarie-februarie-bugetarii-nu-primesc-tichete-de-masa-tichete-cadou-vouchere-de-vacanta-si-anumite-indemnizatii-speciale\/","name":"\u00cen perioada ianuarie-februarie, bugetarii nu primesc tichete de mas\u0103, tichete cadou, vouchere de vacan\u021b\u0103 \u0219i anumite indemniza\u021bii speciale - Revista Urbea Mea - Revista de Alba","isPartOf":{"@id":"https:\/\/urbeamea.ro\/albaiulia\/#website"},"primaryImageOfPage":{"@id":"https:\/\/urbeamea.ro\/albaiulia\/in-perioada-ianuarie-februarie-bugetarii-nu-primesc-tichete-de-masa-tichete-cadou-vouchere-de-vacanta-si-anumite-indemnizatii-speciale\/#primaryimage"},"image":{"@id":"https:\/\/urbeamea.ro\/albaiulia\/in-perioada-ianuarie-februarie-bugetarii-nu-primesc-tichete-de-masa-tichete-cadou-vouchere-de-vacanta-si-anumite-indemnizatii-speciale\/#primaryimage"},"thumbnailUrl":"https:\/\/urbeamea.ro\/albaiulia\/wp-content\/uploads\/2016\/10\/tichet-de-masa.jpg","datePublished":"2017-01-04T09:04:33+00:00","author":{"@id":"https:\/\/urbeamea.ro\/albaiulia\/#\/schema\/person\/9700d21fae21c4f038b0b56f4506264a"},"description":"\u00cen perioada ianuarie-februarie, bugetarii nu vor primi tichete de mas\u0103, tichete cadou, vouchere de vacan\u021b\u0103 \u0219i anumite indemniza\u021bii speciale. Bugetarii nu","breadcrumb":{"@id":"https:\/\/urbeamea.ro\/albaiulia\/in-perioada-ianuarie-februarie-bugetarii-nu-primesc-tichete-de-masa-tichete-cadou-vouchere-de-vacanta-si-anumite-indemnizatii-speciale\/#breadcrumb"},"inLanguage":"ro-RO","potentialAction":[{"@type":"ReadAction","target":["https:\/\/urbeamea.ro\/albaiulia\/in-perioada-ianuarie-februarie-bugetarii-nu-primesc-tichete-de-masa-tichete-cadou-vouchere-de-vacanta-si-anumite-indemnizatii-speciale\/"]}]},{"@type":"ImageObject","inLanguage":"ro-RO","@id":"https:\/\/urbeamea.ro\/albaiulia\/in-perioada-ianuarie-februarie-bugetarii-nu-primesc-tichete-de-masa-tichete-cadou-vouchere-de-vacanta-si-anumite-indemnizatii-speciale\/#primaryimage","url":"https:\/\/urbeamea.ro\/albaiulia\/wp-content\/uploads\/2016\/10\/tichet-de-masa.jpg","contentUrl":"https:\/\/urbeamea.ro\/albaiulia\/wp-content\/uploads\/2016\/10\/tichet-de-masa.jpg","width":658,"height":354},{"@type":"BreadcrumbList","@id":"https:\/\/urbeamea.ro\/albaiulia\/in-perioada-ianuarie-februarie-bugetarii-nu-primesc-tichete-de-masa-tichete-cadou-vouchere-de-vacanta-si-anumite-indemnizatii-speciale\/#breadcrumb","itemListElement":[{"@type":"ListItem","position":1,"name":"Prima pagin\u0103","item":"https:\/\/urbeamea.ro\/albaiulia\/"},{"@type":"ListItem","position":2,"name":"\u00cen perioada ianuarie-februarie, bugetarii nu primesc tichete de mas\u0103, tichete cadou, vouchere de vacan\u021b\u0103 \u0219i anumite indemniza\u021bii speciale"}]},{"@type":"WebSite","@id":"https:\/\/urbeamea.ro\/albaiulia\/#website","url":"https:\/\/urbeamea.ro\/albaiulia\/","name":"Revista Urbea Mea, Stiri urbane","description":"Evenimente \u0219i \u0219tiri din Alba Iulia, Sebe\u0219, Aiud, Blaj","potentialAction":[{"@type":"SearchAction","target":{"@type":"EntryPoint","urlTemplate":"https:\/\/urbeamea.ro\/albaiulia\/?s={search_term_string}"},"query-input":{"@type":"PropertyValueSpecification","valueRequired":true,"valueName":"search_term_string"}}],"inLanguage":"ro-RO"},{"@type":"Person","@id":"https:\/\/urbeamea.ro\/albaiulia\/#\/schema\/person\/9700d21fae21c4f038b0b56f4506264a","name":"Cristina Ganga","image":{"@type":"ImageObject","inLanguage":"ro-RO","@id":"https:\/\/secure.gravatar.com\/avatar\/5a67661041f057b4a8ccaf26f5a8e86e2689372006d01faf3dd9eeb10b654bb4?s=96&d=mm&r=g","url":"https:\/\/secure.gravatar.com\/avatar\/5a67661041f057b4a8ccaf26f5a8e86e2689372006d01faf3dd9eeb10b654bb4?s=96&d=mm&r=g","contentUrl":"https:\/\/secure.gravatar.com\/avatar\/5a67661041f057b4a8ccaf26f5a8e86e2689372006d01faf3dd9eeb10b654bb4?s=96&d=mm&r=g","caption":"Cristina Ganga"},"description":"Jurnalist","sameAs":["https:\/\/www.facebook.com\/cristina.nicola.587"],"url":"https:\/\/urbeamea.ro\/albaiulia\/author\/cristina-nicola\/"}]}},"_links":{"self":[{"href":"https:\/\/urbeamea.ro\/albaiulia\/wp-json\/wp\/v2\/posts\/38234","targetHints":{"allow":["GET"]}}],"collection":[{"href":"https:\/\/urbeamea.ro\/albaiulia\/wp-json\/wp\/v2\/posts"}],"about":[{"href":"https:\/\/urbeamea.ro\/albaiulia\/wp-json\/wp\/v2\/types\/post"}],"author":[{"embeddable":true,"href":"https:\/\/urbeamea.ro\/albaiulia\/wp-json\/wp\/v2\/users\/17"}],"replies":[{"embeddable":true,"href":"https:\/\/urbeamea.ro\/albaiulia\/wp-json\/wp\/v2\/comments?post=38234"}],"version-history":[{"count":0,"href":"https:\/\/urbeamea.ro\/albaiulia\/wp-json\/wp\/v2\/posts\/38234\/revisions"}],"wp:featuredmedia":[{"embeddable":true,"href":"https:\/\/urbeamea.ro\/albaiulia\/wp-json\/wp\/v2\/media\/32721"}],"wp:attachment":[{"href":"https:\/\/urbeamea.ro\/albaiulia\/wp-json\/wp\/v2\/media?parent=38234"}],"wp:term":[{"taxonomy":"category","embeddable":true,"href":"https:\/\/urbeamea.ro\/albaiulia\/wp-json\/wp\/v2\/categories?post=38234"},{"taxonomy":"post_tag","embeddable":true,"href":"https:\/\/urbeamea.ro\/albaiulia\/wp-json\/wp\/v2\/tags?post=38234"}],"curies":[{"name":"wp","href":"https:\/\/api.w.org\/{rel}","templated":true}]}}