{"id":38236,"date":"2017-01-04T12:16:27","date_gmt":"2017-01-04T10:16:27","guid":{"rendered":"http:\/\/urbeamea.ro\/albaiulia\/?p=38236"},"modified":"2017-01-04T12:16:27","modified_gmt":"2017-01-04T10:16:27","slug":"gerul-se-asterne-in-toata-romania-in-urmatoarea-perioada-temperaturile-ajung-pana-la-20-de-grade-celsius","status":"publish","type":"post","link":"https:\/\/urbeamea.ro\/albaiulia\/gerul-se-asterne-in-toata-romania-in-urmatoarea-perioada-temperaturile-ajung-pana-la-20-de-grade-celsius\/","title":{"rendered":"Gerul se a\u015fterne \u00een toat\u0103 Rom\u00e2nia, \u00een urm\u0103toarea perioad\u0103: Temperaturile ajung p\u00e2n\u0103 la -20 de grade Celsius"},"content":{"rendered":"<p><strong><img loading=\"lazy\" decoding=\"async\" class=\"size-medium wp-image-16925 alignleft\" src=\"http:\/\/urbeamea.ro\/albaiulia\/wp-content\/uploads\/2016\/01\/frig-ger-300x200.jpg\" alt=\"\" width=\"300\" height=\"200\" \/>\u00cen zilele urm\u0103toare, vremea se va r\u0103ci puternic, iar cel mai frig va fi \u00een Transilvania unde \u00een depresiuni, temperaturile vor sc\u0103dea p\u00e2n\u0103 la minus 25 de grade Celsius.<\/strong><\/p>\n<p>\u00cen ora\u015fele mari, gerul n\u0103prasnic se va sim\u0163i cel mai tare \u00een Cluj-Napoca, Bra\u015fov, Sibiu \u015fi Baia Mare, unde spre diminea\u0163\u0103 vor fi temperaturi ce se vor apropia de minus 20 de grade Celsius. Acelea\u0219i grade se vor resim\u021bi \u00een zona mun\u021bilor \u0218ureanu. La Alba Iulia minimele vor fi de -15 grade Celsius.<\/p>\n<p>\u00cen plus, de miercuri, \u00een Transilvania revin \u015fi ninsorile. \u015eoferii care au drum \u00een zone de munte trebuie s\u0103 se preg\u0103teasc\u0103 pentru trafic \u00een condi\u0163ii de iarn\u0103. Gerul se va extinde treptat \u015fi va cuprinde p\u00e2n\u0103 duminic\u0103 toat\u0103 \u0163ara. \u00cen ajun de Boboteaz\u0103 \u015fi \u00een prima zi din weekend, apar precipita\u0163ii \u015fi ninsori \u015fi \u00een sudul \u0163\u0103rii.<\/p>\n<p>Vreme foarte rece va fi \u015fi \u00een Moldova \u015fi Dobrogea, unde v\u00e2ntul va sufla cu putere \u015fi va fi viscol.<\/p>\n<p><em>sursa: digi24.ro<\/em><\/p>\n","protected":false},"excerpt":{"rendered":"<p>\u00cen zilele urm\u0103toare, vremea se va r\u0103ci puternic, iar cel mai frig va fi \u00een Transilvania unde \u00een depresiuni, temperaturile vor sc\u0103dea p\u00e2n\u0103 la minus 25 de grade Celsius. \u00cen ora\u015fele mari, gerul n\u0103prasnic se va sim\u0163i cel mai tare \u00een Cluj-Napoca, Bra\u015fov, Sibiu \u015fi Baia Mare, unde spre diminea\u0163\u0103 vor fi temperaturi ce se &hellip;<\/p>\n","protected":false},"author":17,"featured_media":16925,"comment_status":"open","ping_status":"open","sticky":false,"template":"","format":"standard","meta":{"inline_featured_image":false,"footnotes":""},"categories":[1],"tags":[307,1773,272,308,339,265,76,9333],"class_list":["post-38236","post","type-post","status-publish","format-standard","has-post-thumbnail","hentry","category-stiri-urbane","tag-alba","tag-ninsori","tag-romania","tag-stiri","tag-temperaturi","tag-transilvania","tag-urbea-mea","tag-vreme-geroasa"],"yoast_head":"<!-- This site is optimized with the Yoast SEO plugin v27.4 - https:\/\/yoast.com\/product\/yoast-seo-wordpress\/ -->\n<title>Gerul se a\u015fterne \u00een toat\u0103 Rom\u00e2nia, \u00een urm\u0103toarea perioad\u0103: Temperaturile ajung p\u00e2n\u0103 la -20 de grade Celsius - Revista Urbea Mea - Revista de Alba<\/title>\n<meta name=\"description\" content=\"\u00cen zilele urm\u0103toare, vremea se va r\u0103ci puternic, iar cel mai frig va fi \u00een Transilvania unde \u00een depresiuni, temperaturile vor sc\u0103dea p\u00e2n\u0103 la minus 25 de\" \/>\n<meta name=\"robots\" content=\"index, follow, max-snippet:-1, max-image-preview:large, max-video-preview:-1\" \/>\n<link rel=\"canonical\" href=\"https:\/\/urbeamea.ro\/albaiulia\/gerul-se-asterne-in-toata-romania-in-urmatoarea-perioada-temperaturile-ajung-pana-la-20-de-grade-celsius\/\" \/>\n<meta name=\"twitter:card\" content=\"summary_large_image\" \/>\n<meta name=\"twitter:title\" content=\"Gerul se a\u015fterne \u00een toat\u0103 Rom\u00e2nia, \u00een urm\u0103toarea perioad\u0103: Temperaturile ajung p\u00e2n\u0103 la -20 de grade Celsius - Revista Urbea Mea - Revista de Alba\" \/>\n<meta name=\"twitter:description\" content=\"\u00cen zilele urm\u0103toare, vremea se va r\u0103ci puternic, iar cel mai frig va fi \u00een Transilvania unde \u00een depresiuni, temperaturile vor sc\u0103dea p\u00e2n\u0103 la minus 25 de\" \/>\n<meta name=\"twitter:image\" content=\"https:\/\/urbeamea.ro\/albaiulia\/wp-content\/uploads\/2016\/01\/frig-ger.jpg\" \/>\n<meta name=\"twitter:creator\" content=\"@urbeameaweb\" \/>\n<meta name=\"twitter:site\" content=\"@urbeameaweb\" \/>\n<script type=\"application\/ld+json\" class=\"yoast-schema-graph\">{\"@context\":\"https:\\\/\\\/schema.org\",\"@graph\":[{\"@type\":\"Article\",\"@id\":\"https:\\\/\\\/urbeamea.ro\\\/albaiulia\\\/gerul-se-asterne-in-toata-romania-in-urmatoarea-perioada-temperaturile-ajung-pana-la-20-de-grade-celsius\\\/#article\",\"isPartOf\":{\"@id\":\"https:\\\/\\\/urbeamea.ro\\\/albaiulia\\\/gerul-se-asterne-in-toata-romania-in-urmatoarea-perioada-temperaturile-ajung-pana-la-20-de-grade-celsius\\\/\"},\"author\":{\"name\":\"Cristina Ganga\",\"@id\":\"https:\\\/\\\/urbeamea.ro\\\/albaiulia\\\/#\\\/schema\\\/person\\\/9700d21fae21c4f038b0b56f4506264a\"},\"headline\":\"Gerul se a\u015fterne \u00een toat\u0103 Rom\u00e2nia, \u00een urm\u0103toarea perioad\u0103: Temperaturile ajung p\u00e2n\u0103 la -20 de grade Celsius\",\"datePublished\":\"2017-01-04T10:16:27+00:00\",\"mainEntityOfPage\":{\"@id\":\"https:\\\/\\\/urbeamea.ro\\\/albaiulia\\\/gerul-se-asterne-in-toata-romania-in-urmatoarea-perioada-temperaturile-ajung-pana-la-20-de-grade-celsius\\\/\"},\"wordCount\":197,\"commentCount\":0,\"image\":{\"@id\":\"https:\\\/\\\/urbeamea.ro\\\/albaiulia\\\/gerul-se-asterne-in-toata-romania-in-urmatoarea-perioada-temperaturile-ajung-pana-la-20-de-grade-celsius\\\/#primaryimage\"},\"thumbnailUrl\":\"https:\\\/\\\/urbeamea.ro\\\/albaiulia\\\/wp-content\\\/uploads\\\/2016\\\/01\\\/frig-ger.jpg\",\"keywords\":[\"alba\",\"ninsori\",\"romania\",\"stiri\",\"temperaturi\",\"Transilvania\",\"Urbea Mea\",\"vreme geroasa\"],\"articleSection\":[\"\u015etiri Urbane\"],\"inLanguage\":\"ro-RO\",\"potentialAction\":[{\"@type\":\"CommentAction\",\"name\":\"Comment\",\"target\":[\"https:\\\/\\\/urbeamea.ro\\\/albaiulia\\\/gerul-se-asterne-in-toata-romania-in-urmatoarea-perioada-temperaturile-ajung-pana-la-20-de-grade-celsius\\\/#respond\"]}]},{\"@type\":\"WebPage\",\"@id\":\"https:\\\/\\\/urbeamea.ro\\\/albaiulia\\\/gerul-se-asterne-in-toata-romania-in-urmatoarea-perioada-temperaturile-ajung-pana-la-20-de-grade-celsius\\\/\",\"url\":\"https:\\\/\\\/urbeamea.ro\\\/albaiulia\\\/gerul-se-asterne-in-toata-romania-in-urmatoarea-perioada-temperaturile-ajung-pana-la-20-de-grade-celsius\\\/\",\"name\":\"Gerul se a\u015fterne \u00een toat\u0103 Rom\u00e2nia, \u00een urm\u0103toarea perioad\u0103: Temperaturile ajung p\u00e2n\u0103 la -20 de grade Celsius - Revista Urbea Mea - Revista de Alba\",\"isPartOf\":{\"@id\":\"https:\\\/\\\/urbeamea.ro\\\/albaiulia\\\/#website\"},\"primaryImageOfPage\":{\"@id\":\"https:\\\/\\\/urbeamea.ro\\\/albaiulia\\\/gerul-se-asterne-in-toata-romania-in-urmatoarea-perioada-temperaturile-ajung-pana-la-20-de-grade-celsius\\\/#primaryimage\"},\"image\":{\"@id\":\"https:\\\/\\\/urbeamea.ro\\\/albaiulia\\\/gerul-se-asterne-in-toata-romania-in-urmatoarea-perioada-temperaturile-ajung-pana-la-20-de-grade-celsius\\\/#primaryimage\"},\"thumbnailUrl\":\"https:\\\/\\\/urbeamea.ro\\\/albaiulia\\\/wp-content\\\/uploads\\\/2016\\\/01\\\/frig-ger.jpg\",\"datePublished\":\"2017-01-04T10:16:27+00:00\",\"author\":{\"@id\":\"https:\\\/\\\/urbeamea.ro\\\/albaiulia\\\/#\\\/schema\\\/person\\\/9700d21fae21c4f038b0b56f4506264a\"},\"description\":\"\u00cen zilele urm\u0103toare, vremea se va r\u0103ci puternic, iar cel mai frig va fi \u00een Transilvania unde \u00een depresiuni, temperaturile vor sc\u0103dea p\u00e2n\u0103 la minus 25 de\",\"breadcrumb\":{\"@id\":\"https:\\\/\\\/urbeamea.ro\\\/albaiulia\\\/gerul-se-asterne-in-toata-romania-in-urmatoarea-perioada-temperaturile-ajung-pana-la-20-de-grade-celsius\\\/#breadcrumb\"},\"inLanguage\":\"ro-RO\",\"potentialAction\":[{\"@type\":\"ReadAction\",\"target\":[\"https:\\\/\\\/urbeamea.ro\\\/albaiulia\\\/gerul-se-asterne-in-toata-romania-in-urmatoarea-perioada-temperaturile-ajung-pana-la-20-de-grade-celsius\\\/\"]}]},{\"@type\":\"ImageObject\",\"inLanguage\":\"ro-RO\",\"@id\":\"https:\\\/\\\/urbeamea.ro\\\/albaiulia\\\/gerul-se-asterne-in-toata-romania-in-urmatoarea-perioada-temperaturile-ajung-pana-la-20-de-grade-celsius\\\/#primaryimage\",\"url\":\"https:\\\/\\\/urbeamea.ro\\\/albaiulia\\\/wp-content\\\/uploads\\\/2016\\\/01\\\/frig-ger.jpg\",\"contentUrl\":\"https:\\\/\\\/urbeamea.ro\\\/albaiulia\\\/wp-content\\\/uploads\\\/2016\\\/01\\\/frig-ger.jpg\",\"width\":1280,\"height\":852},{\"@type\":\"BreadcrumbList\",\"@id\":\"https:\\\/\\\/urbeamea.ro\\\/albaiulia\\\/gerul-se-asterne-in-toata-romania-in-urmatoarea-perioada-temperaturile-ajung-pana-la-20-de-grade-celsius\\\/#breadcrumb\",\"itemListElement\":[{\"@type\":\"ListItem\",\"position\":1,\"name\":\"Prima pagin\u0103\",\"item\":\"https:\\\/\\\/urbeamea.ro\\\/albaiulia\\\/\"},{\"@type\":\"ListItem\",\"position\":2,\"name\":\"Gerul se a\u015fterne \u00een toat\u0103 Rom\u00e2nia, \u00een urm\u0103toarea perioad\u0103: Temperaturile ajung p\u00e2n\u0103 la -20 de grade Celsius\"}]},{\"@type\":\"WebSite\",\"@id\":\"https:\\\/\\\/urbeamea.ro\\\/albaiulia\\\/#website\",\"url\":\"https:\\\/\\\/urbeamea.ro\\\/albaiulia\\\/\",\"name\":\"Revista Urbea Mea, Stiri urbane\",\"description\":\"Evenimente \u0219i \u0219tiri din Alba Iulia, Sebe\u0219, Aiud, Blaj\",\"potentialAction\":[{\"@type\":\"SearchAction\",\"target\":{\"@type\":\"EntryPoint\",\"urlTemplate\":\"https:\\\/\\\/urbeamea.ro\\\/albaiulia\\\/?s={search_term_string}\"},\"query-input\":{\"@type\":\"PropertyValueSpecification\",\"valueRequired\":true,\"valueName\":\"search_term_string\"}}],\"inLanguage\":\"ro-RO\"},{\"@type\":\"Person\",\"@id\":\"https:\\\/\\\/urbeamea.ro\\\/albaiulia\\\/#\\\/schema\\\/person\\\/9700d21fae21c4f038b0b56f4506264a\",\"name\":\"Cristina Ganga\",\"image\":{\"@type\":\"ImageObject\",\"inLanguage\":\"ro-RO\",\"@id\":\"https:\\\/\\\/secure.gravatar.com\\\/avatar\\\/5a67661041f057b4a8ccaf26f5a8e86e2689372006d01faf3dd9eeb10b654bb4?s=96&d=mm&r=g\",\"url\":\"https:\\\/\\\/secure.gravatar.com\\\/avatar\\\/5a67661041f057b4a8ccaf26f5a8e86e2689372006d01faf3dd9eeb10b654bb4?s=96&d=mm&r=g\",\"contentUrl\":\"https:\\\/\\\/secure.gravatar.com\\\/avatar\\\/5a67661041f057b4a8ccaf26f5a8e86e2689372006d01faf3dd9eeb10b654bb4?s=96&d=mm&r=g\",\"caption\":\"Cristina Ganga\"},\"description\":\"Jurnalist\",\"sameAs\":[\"https:\\\/\\\/www.facebook.com\\\/cristina.nicola.587\"],\"url\":\"https:\\\/\\\/urbeamea.ro\\\/albaiulia\\\/author\\\/cristina-nicola\\\/\"}]}<\/script>\n<!-- \/ Yoast SEO plugin. -->","yoast_head_json":{"title":"Gerul se a\u015fterne \u00een toat\u0103 Rom\u00e2nia, \u00een urm\u0103toarea perioad\u0103: Temperaturile ajung p\u00e2n\u0103 la -20 de grade Celsius - Revista Urbea Mea - Revista de Alba","description":"\u00cen zilele urm\u0103toare, vremea se va r\u0103ci puternic, iar cel mai frig va fi \u00een Transilvania unde \u00een depresiuni, temperaturile vor sc\u0103dea p\u00e2n\u0103 la minus 25 de","robots":{"index":"index","follow":"follow","max-snippet":"max-snippet:-1","max-image-preview":"max-image-preview:large","max-video-preview":"max-video-preview:-1"},"canonical":"https:\/\/urbeamea.ro\/albaiulia\/gerul-se-asterne-in-toata-romania-in-urmatoarea-perioada-temperaturile-ajung-pana-la-20-de-grade-celsius\/","twitter_card":"summary_large_image","twitter_title":"Gerul se a\u015fterne \u00een toat\u0103 Rom\u00e2nia, \u00een urm\u0103toarea perioad\u0103: Temperaturile ajung p\u00e2n\u0103 la -20 de grade Celsius - Revista Urbea Mea - Revista de Alba","twitter_description":"\u00cen zilele urm\u0103toare, vremea se va r\u0103ci puternic, iar cel mai frig va fi \u00een Transilvania unde \u00een depresiuni, temperaturile vor sc\u0103dea p\u00e2n\u0103 la minus 25 de","twitter_image":"https:\/\/urbeamea.ro\/albaiulia\/wp-content\/uploads\/2016\/01\/frig-ger.jpg","twitter_creator":"@urbeameaweb","twitter_site":"@urbeameaweb","schema":{"@context":"https:\/\/schema.org","@graph":[{"@type":"Article","@id":"https:\/\/urbeamea.ro\/albaiulia\/gerul-se-asterne-in-toata-romania-in-urmatoarea-perioada-temperaturile-ajung-pana-la-20-de-grade-celsius\/#article","isPartOf":{"@id":"https:\/\/urbeamea.ro\/albaiulia\/gerul-se-asterne-in-toata-romania-in-urmatoarea-perioada-temperaturile-ajung-pana-la-20-de-grade-celsius\/"},"author":{"name":"Cristina Ganga","@id":"https:\/\/urbeamea.ro\/albaiulia\/#\/schema\/person\/9700d21fae21c4f038b0b56f4506264a"},"headline":"Gerul se a\u015fterne \u00een toat\u0103 Rom\u00e2nia, \u00een urm\u0103toarea perioad\u0103: Temperaturile ajung p\u00e2n\u0103 la -20 de grade Celsius","datePublished":"2017-01-04T10:16:27+00:00","mainEntityOfPage":{"@id":"https:\/\/urbeamea.ro\/albaiulia\/gerul-se-asterne-in-toata-romania-in-urmatoarea-perioada-temperaturile-ajung-pana-la-20-de-grade-celsius\/"},"wordCount":197,"commentCount":0,"image":{"@id":"https:\/\/urbeamea.ro\/albaiulia\/gerul-se-asterne-in-toata-romania-in-urmatoarea-perioada-temperaturile-ajung-pana-la-20-de-grade-celsius\/#primaryimage"},"thumbnailUrl":"https:\/\/urbeamea.ro\/albaiulia\/wp-content\/uploads\/2016\/01\/frig-ger.jpg","keywords":["alba","ninsori","romania","stiri","temperaturi","Transilvania","Urbea Mea","vreme geroasa"],"articleSection":["\u015etiri Urbane"],"inLanguage":"ro-RO","potentialAction":[{"@type":"CommentAction","name":"Comment","target":["https:\/\/urbeamea.ro\/albaiulia\/gerul-se-asterne-in-toata-romania-in-urmatoarea-perioada-temperaturile-ajung-pana-la-20-de-grade-celsius\/#respond"]}]},{"@type":"WebPage","@id":"https:\/\/urbeamea.ro\/albaiulia\/gerul-se-asterne-in-toata-romania-in-urmatoarea-perioada-temperaturile-ajung-pana-la-20-de-grade-celsius\/","url":"https:\/\/urbeamea.ro\/albaiulia\/gerul-se-asterne-in-toata-romania-in-urmatoarea-perioada-temperaturile-ajung-pana-la-20-de-grade-celsius\/","name":"Gerul se a\u015fterne \u00een toat\u0103 Rom\u00e2nia, \u00een urm\u0103toarea perioad\u0103: Temperaturile ajung p\u00e2n\u0103 la -20 de grade Celsius - Revista Urbea Mea - Revista de Alba","isPartOf":{"@id":"https:\/\/urbeamea.ro\/albaiulia\/#website"},"primaryImageOfPage":{"@id":"https:\/\/urbeamea.ro\/albaiulia\/gerul-se-asterne-in-toata-romania-in-urmatoarea-perioada-temperaturile-ajung-pana-la-20-de-grade-celsius\/#primaryimage"},"image":{"@id":"https:\/\/urbeamea.ro\/albaiulia\/gerul-se-asterne-in-toata-romania-in-urmatoarea-perioada-temperaturile-ajung-pana-la-20-de-grade-celsius\/#primaryimage"},"thumbnailUrl":"https:\/\/urbeamea.ro\/albaiulia\/wp-content\/uploads\/2016\/01\/frig-ger.jpg","datePublished":"2017-01-04T10:16:27+00:00","author":{"@id":"https:\/\/urbeamea.ro\/albaiulia\/#\/schema\/person\/9700d21fae21c4f038b0b56f4506264a"},"description":"\u00cen zilele urm\u0103toare, vremea se va r\u0103ci puternic, iar cel mai frig va fi \u00een Transilvania unde \u00een depresiuni, temperaturile vor sc\u0103dea p\u00e2n\u0103 la minus 25 de","breadcrumb":{"@id":"https:\/\/urbeamea.ro\/albaiulia\/gerul-se-asterne-in-toata-romania-in-urmatoarea-perioada-temperaturile-ajung-pana-la-20-de-grade-celsius\/#breadcrumb"},"inLanguage":"ro-RO","potentialAction":[{"@type":"ReadAction","target":["https:\/\/urbeamea.ro\/albaiulia\/gerul-se-asterne-in-toata-romania-in-urmatoarea-perioada-temperaturile-ajung-pana-la-20-de-grade-celsius\/"]}]},{"@type":"ImageObject","inLanguage":"ro-RO","@id":"https:\/\/urbeamea.ro\/albaiulia\/gerul-se-asterne-in-toata-romania-in-urmatoarea-perioada-temperaturile-ajung-pana-la-20-de-grade-celsius\/#primaryimage","url":"https:\/\/urbeamea.ro\/albaiulia\/wp-content\/uploads\/2016\/01\/frig-ger.jpg","contentUrl":"https:\/\/urbeamea.ro\/albaiulia\/wp-content\/uploads\/2016\/01\/frig-ger.jpg","width":1280,"height":852},{"@type":"BreadcrumbList","@id":"https:\/\/urbeamea.ro\/albaiulia\/gerul-se-asterne-in-toata-romania-in-urmatoarea-perioada-temperaturile-ajung-pana-la-20-de-grade-celsius\/#breadcrumb","itemListElement":[{"@type":"ListItem","position":1,"name":"Prima pagin\u0103","item":"https:\/\/urbeamea.ro\/albaiulia\/"},{"@type":"ListItem","position":2,"name":"Gerul se a\u015fterne \u00een toat\u0103 Rom\u00e2nia, \u00een urm\u0103toarea perioad\u0103: Temperaturile ajung p\u00e2n\u0103 la -20 de grade Celsius"}]},{"@type":"WebSite","@id":"https:\/\/urbeamea.ro\/albaiulia\/#website","url":"https:\/\/urbeamea.ro\/albaiulia\/","name":"Revista Urbea Mea, Stiri urbane","description":"Evenimente \u0219i \u0219tiri din Alba Iulia, Sebe\u0219, Aiud, Blaj","potentialAction":[{"@type":"SearchAction","target":{"@type":"EntryPoint","urlTemplate":"https:\/\/urbeamea.ro\/albaiulia\/?s={search_term_string}"},"query-input":{"@type":"PropertyValueSpecification","valueRequired":true,"valueName":"search_term_string"}}],"inLanguage":"ro-RO"},{"@type":"Person","@id":"https:\/\/urbeamea.ro\/albaiulia\/#\/schema\/person\/9700d21fae21c4f038b0b56f4506264a","name":"Cristina Ganga","image":{"@type":"ImageObject","inLanguage":"ro-RO","@id":"https:\/\/secure.gravatar.com\/avatar\/5a67661041f057b4a8ccaf26f5a8e86e2689372006d01faf3dd9eeb10b654bb4?s=96&d=mm&r=g","url":"https:\/\/secure.gravatar.com\/avatar\/5a67661041f057b4a8ccaf26f5a8e86e2689372006d01faf3dd9eeb10b654bb4?s=96&d=mm&r=g","contentUrl":"https:\/\/secure.gravatar.com\/avatar\/5a67661041f057b4a8ccaf26f5a8e86e2689372006d01faf3dd9eeb10b654bb4?s=96&d=mm&r=g","caption":"Cristina Ganga"},"description":"Jurnalist","sameAs":["https:\/\/www.facebook.com\/cristina.nicola.587"],"url":"https:\/\/urbeamea.ro\/albaiulia\/author\/cristina-nicola\/"}]}},"_links":{"self":[{"href":"https:\/\/urbeamea.ro\/albaiulia\/wp-json\/wp\/v2\/posts\/38236","targetHints":{"allow":["GET"]}}],"collection":[{"href":"https:\/\/urbeamea.ro\/albaiulia\/wp-json\/wp\/v2\/posts"}],"about":[{"href":"https:\/\/urbeamea.ro\/albaiulia\/wp-json\/wp\/v2\/types\/post"}],"author":[{"embeddable":true,"href":"https:\/\/urbeamea.ro\/albaiulia\/wp-json\/wp\/v2\/users\/17"}],"replies":[{"embeddable":true,"href":"https:\/\/urbeamea.ro\/albaiulia\/wp-json\/wp\/v2\/comments?post=38236"}],"version-history":[{"count":0,"href":"https:\/\/urbeamea.ro\/albaiulia\/wp-json\/wp\/v2\/posts\/38236\/revisions"}],"wp:featuredmedia":[{"embeddable":true,"href":"https:\/\/urbeamea.ro\/albaiulia\/wp-json\/wp\/v2\/media\/16925"}],"wp:attachment":[{"href":"https:\/\/urbeamea.ro\/albaiulia\/wp-json\/wp\/v2\/media?parent=38236"}],"wp:term":[{"taxonomy":"category","embeddable":true,"href":"https:\/\/urbeamea.ro\/albaiulia\/wp-json\/wp\/v2\/categories?post=38236"},{"taxonomy":"post_tag","embeddable":true,"href":"https:\/\/urbeamea.ro\/albaiulia\/wp-json\/wp\/v2\/tags?post=38236"}],"curies":[{"name":"wp","href":"https:\/\/api.w.org\/{rel}","templated":true}]}}