{"id":3824,"date":"2015-05-08T11:04:21","date_gmt":"2015-05-08T08:04:21","guid":{"rendered":"http:\/\/urbeamea.ro\/albaiulia\/?p=3824"},"modified":"2015-05-08T11:04:21","modified_gmt":"2015-05-08T08:04:21","slug":"sambata-se-va-restrictiona-circulatia-auto-in-centrul-orasului-alba-iulia","status":"publish","type":"post","link":"https:\/\/urbeamea.ro\/albaiulia\/sambata-se-va-restrictiona-circulatia-auto-in-centrul-orasului-alba-iulia\/","title":{"rendered":"S\u00e2mb\u0103t\u0103 se va restric\u0163iona circula\u0163ia auto \u00een centrul ora\u015fului Alba Iulia"},"content":{"rendered":"<p><a href=\"http:\/\/urbeamea.ro\/albaiulia\/wp-content\/uploads\/2015\/05\/trafic-restrictionat.png\"><img loading=\"lazy\" decoding=\"async\" class=\"alignleft size-medium wp-image-3825\" src=\"http:\/\/urbeamea.ro\/albaiulia\/wp-content\/uploads\/2015\/05\/trafic-restrictionat-300x181.png\" alt=\"trafic restrictionat\" width=\"300\" height=\"181\" \/><\/a>S\u00e2mb\u0103t\u0103 9 mai, \u00eentre orele 7.30 \u015fi 20.00, se va restric\u0163iona circula\u0163ia auto la intersec\u0163iile str\u0103zilor Doinei, Ardealului \u015fi Tudor Vladimirescu cu Calea Mo\u0163ilor, \u00een vederea execut\u0103rii de lucr\u0103ri la re\u0163eaua de distribu\u0163ie ap\u0103 \u015fi canalizare.<\/p>\n<p>Restric\u0163ionarea se va face pe un singur sens de mers, prin semnalizare rutier\u0103 temporar\u0103.<\/p>\n<p>Executantul lucr\u0103rilor, SC INSTALATORUL S.A. are obliga\u0163ia de a asigura condi\u0163iile de trafic \u015fi siguran\u0163\u0103, dar \u015fi readucerea carosabilului la starea ini\u0163ial\u0103.<\/p>\n","protected":false},"excerpt":{"rendered":"<p>S\u00e2mb\u0103t\u0103 9 mai, \u00eentre orele 7.30 \u015fi 20.00, se va restric\u0163iona circula\u0163ia auto la intersec\u0163iile str\u0103zilor Doinei, Ardealului \u015fi Tudor Vladimirescu cu Calea Mo\u0163ilor, \u00een vederea execut\u0103rii de lucr\u0103ri la re\u0163eaua de distribu\u0163ie ap\u0103 \u015fi canalizare. Restric\u0163ionarea se va face pe un singur sens de mers, prin semnalizare rutier\u0103 temporar\u0103. Executantul lucr\u0103rilor, SC INSTALATORUL S.A. &hellip;<\/p>\n","protected":false},"author":16,"featured_media":3825,"comment_status":"open","ping_status":"open","sticky":false,"template":"","format":"standard","meta":{"inline_featured_image":false,"footnotes":""},"categories":[1],"tags":[],"class_list":["post-3824","post","type-post","status-publish","format-standard","has-post-thumbnail","hentry","category-stiri-urbane"],"yoast_head":"<!-- This site is optimized with the Yoast SEO plugin v27.4 - https:\/\/yoast.com\/product\/yoast-seo-wordpress\/ -->\n<title>S\u00e2mb\u0103t\u0103 se va restric\u0163iona circula\u0163ia auto \u00een centrul ora\u015fului Alba Iulia - Revista Urbea Mea - Revista de Alba<\/title>\n<meta name=\"description\" content=\"S\u00e2mb\u0103t\u0103 9 mai, \u00eentre orele 7.30 \u015fi 20.00, se va restric\u0163iona circula\u0163ia auto la intersec\u0163iile str\u0103zilor Doinei, Ardealului \u015fi Tudor Vladimirescu cu Calea\" \/>\n<meta name=\"robots\" content=\"index, follow, max-snippet:-1, max-image-preview:large, max-video-preview:-1\" \/>\n<link rel=\"canonical\" href=\"https:\/\/urbeamea.ro\/albaiulia\/sambata-se-va-restrictiona-circulatia-auto-in-centrul-orasului-alba-iulia\/\" \/>\n<meta name=\"twitter:card\" content=\"summary_large_image\" \/>\n<meta name=\"twitter:title\" content=\"S\u00e2mb\u0103t\u0103 se va restric\u0163iona circula\u0163ia auto \u00een centrul ora\u015fului Alba Iulia - Revista Urbea Mea - Revista de Alba\" \/>\n<meta name=\"twitter:description\" content=\"S\u00e2mb\u0103t\u0103 9 mai, \u00eentre orele 7.30 \u015fi 20.00, se va restric\u0163iona circula\u0163ia auto la intersec\u0163iile str\u0103zilor Doinei, Ardealului \u015fi Tudor Vladimirescu cu Calea\" \/>\n<meta name=\"twitter:image\" content=\"https:\/\/urbeamea.ro\/albaiulia\/wp-content\/uploads\/2015\/05\/trafic-restrictionat.png\" \/>\n<meta name=\"twitter:creator\" content=\"@urbeameaweb\" \/>\n<meta name=\"twitter:site\" content=\"@urbeameaweb\" \/>\n<script type=\"application\/ld+json\" class=\"yoast-schema-graph\">{\"@context\":\"https:\\\/\\\/schema.org\",\"@graph\":[{\"@type\":\"Article\",\"@id\":\"https:\\\/\\\/urbeamea.ro\\\/albaiulia\\\/sambata-se-va-restrictiona-circulatia-auto-in-centrul-orasului-alba-iulia\\\/#article\",\"isPartOf\":{\"@id\":\"https:\\\/\\\/urbeamea.ro\\\/albaiulia\\\/sambata-se-va-restrictiona-circulatia-auto-in-centrul-orasului-alba-iulia\\\/\"},\"author\":{\"name\":\"Redac\u021bia UrbeaMea\",\"@id\":\"https:\\\/\\\/urbeamea.ro\\\/albaiulia\\\/#\\\/schema\\\/person\\\/272ae98052f8ee8980f59848df070247\"},\"headline\":\"S\u00e2mb\u0103t\u0103 se va restric\u0163iona circula\u0163ia auto \u00een centrul ora\u015fului Alba Iulia\",\"datePublished\":\"2015-05-08T08:04:21+00:00\",\"mainEntityOfPage\":{\"@id\":\"https:\\\/\\\/urbeamea.ro\\\/albaiulia\\\/sambata-se-va-restrictiona-circulatia-auto-in-centrul-orasului-alba-iulia\\\/\"},\"wordCount\":102,\"commentCount\":0,\"image\":{\"@id\":\"https:\\\/\\\/urbeamea.ro\\\/albaiulia\\\/sambata-se-va-restrictiona-circulatia-auto-in-centrul-orasului-alba-iulia\\\/#primaryimage\"},\"thumbnailUrl\":\"https:\\\/\\\/urbeamea.ro\\\/albaiulia\\\/wp-content\\\/uploads\\\/2015\\\/05\\\/trafic-restrictionat.png\",\"articleSection\":[\"\u015etiri Urbane\"],\"inLanguage\":\"ro-RO\",\"potentialAction\":[{\"@type\":\"CommentAction\",\"name\":\"Comment\",\"target\":[\"https:\\\/\\\/urbeamea.ro\\\/albaiulia\\\/sambata-se-va-restrictiona-circulatia-auto-in-centrul-orasului-alba-iulia\\\/#respond\"]}]},{\"@type\":\"WebPage\",\"@id\":\"https:\\\/\\\/urbeamea.ro\\\/albaiulia\\\/sambata-se-va-restrictiona-circulatia-auto-in-centrul-orasului-alba-iulia\\\/\",\"url\":\"https:\\\/\\\/urbeamea.ro\\\/albaiulia\\\/sambata-se-va-restrictiona-circulatia-auto-in-centrul-orasului-alba-iulia\\\/\",\"name\":\"S\u00e2mb\u0103t\u0103 se va restric\u0163iona circula\u0163ia auto \u00een centrul ora\u015fului Alba Iulia - Revista Urbea Mea - Revista de Alba\",\"isPartOf\":{\"@id\":\"https:\\\/\\\/urbeamea.ro\\\/albaiulia\\\/#website\"},\"primaryImageOfPage\":{\"@id\":\"https:\\\/\\\/urbeamea.ro\\\/albaiulia\\\/sambata-se-va-restrictiona-circulatia-auto-in-centrul-orasului-alba-iulia\\\/#primaryimage\"},\"image\":{\"@id\":\"https:\\\/\\\/urbeamea.ro\\\/albaiulia\\\/sambata-se-va-restrictiona-circulatia-auto-in-centrul-orasului-alba-iulia\\\/#primaryimage\"},\"thumbnailUrl\":\"https:\\\/\\\/urbeamea.ro\\\/albaiulia\\\/wp-content\\\/uploads\\\/2015\\\/05\\\/trafic-restrictionat.png\",\"datePublished\":\"2015-05-08T08:04:21+00:00\",\"author\":{\"@id\":\"https:\\\/\\\/urbeamea.ro\\\/albaiulia\\\/#\\\/schema\\\/person\\\/272ae98052f8ee8980f59848df070247\"},\"description\":\"S\u00e2mb\u0103t\u0103 9 mai, \u00eentre orele 7.30 \u015fi 20.00, se va restric\u0163iona circula\u0163ia auto la intersec\u0163iile str\u0103zilor Doinei, Ardealului \u015fi Tudor Vladimirescu cu Calea\",\"breadcrumb\":{\"@id\":\"https:\\\/\\\/urbeamea.ro\\\/albaiulia\\\/sambata-se-va-restrictiona-circulatia-auto-in-centrul-orasului-alba-iulia\\\/#breadcrumb\"},\"inLanguage\":\"ro-RO\",\"potentialAction\":[{\"@type\":\"ReadAction\",\"target\":[\"https:\\\/\\\/urbeamea.ro\\\/albaiulia\\\/sambata-se-va-restrictiona-circulatia-auto-in-centrul-orasului-alba-iulia\\\/\"]}]},{\"@type\":\"ImageObject\",\"inLanguage\":\"ro-RO\",\"@id\":\"https:\\\/\\\/urbeamea.ro\\\/albaiulia\\\/sambata-se-va-restrictiona-circulatia-auto-in-centrul-orasului-alba-iulia\\\/#primaryimage\",\"url\":\"https:\\\/\\\/urbeamea.ro\\\/albaiulia\\\/wp-content\\\/uploads\\\/2015\\\/05\\\/trafic-restrictionat.png\",\"contentUrl\":\"https:\\\/\\\/urbeamea.ro\\\/albaiulia\\\/wp-content\\\/uploads\\\/2015\\\/05\\\/trafic-restrictionat.png\",\"width\":720,\"height\":435},{\"@type\":\"BreadcrumbList\",\"@id\":\"https:\\\/\\\/urbeamea.ro\\\/albaiulia\\\/sambata-se-va-restrictiona-circulatia-auto-in-centrul-orasului-alba-iulia\\\/#breadcrumb\",\"itemListElement\":[{\"@type\":\"ListItem\",\"position\":1,\"name\":\"Prima pagin\u0103\",\"item\":\"https:\\\/\\\/urbeamea.ro\\\/albaiulia\\\/\"},{\"@type\":\"ListItem\",\"position\":2,\"name\":\"S\u00e2mb\u0103t\u0103 se va restric\u0163iona circula\u0163ia auto \u00een centrul ora\u015fului Alba Iulia\"}]},{\"@type\":\"WebSite\",\"@id\":\"https:\\\/\\\/urbeamea.ro\\\/albaiulia\\\/#website\",\"url\":\"https:\\\/\\\/urbeamea.ro\\\/albaiulia\\\/\",\"name\":\"Revista Urbea Mea, Stiri urbane\",\"description\":\"Evenimente \u0219i \u0219tiri din Alba Iulia, Sebe\u0219, Aiud, Blaj\",\"potentialAction\":[{\"@type\":\"SearchAction\",\"target\":{\"@type\":\"EntryPoint\",\"urlTemplate\":\"https:\\\/\\\/urbeamea.ro\\\/albaiulia\\\/?s={search_term_string}\"},\"query-input\":{\"@type\":\"PropertyValueSpecification\",\"valueRequired\":true,\"valueName\":\"search_term_string\"}}],\"inLanguage\":\"ro-RO\"},{\"@type\":\"Person\",\"@id\":\"https:\\\/\\\/urbeamea.ro\\\/albaiulia\\\/#\\\/schema\\\/person\\\/272ae98052f8ee8980f59848df070247\",\"name\":\"Redac\u021bia UrbeaMea\",\"image\":{\"@type\":\"ImageObject\",\"inLanguage\":\"ro-RO\",\"@id\":\"https:\\\/\\\/secure.gravatar.com\\\/avatar\\\/9ce5a9435071fa1037e8468053ead8e513dbbff59009d3069aadb85506d85a27?s=96&d=mm&r=g\",\"url\":\"https:\\\/\\\/secure.gravatar.com\\\/avatar\\\/9ce5a9435071fa1037e8468053ead8e513dbbff59009d3069aadb85506d85a27?s=96&d=mm&r=g\",\"contentUrl\":\"https:\\\/\\\/secure.gravatar.com\\\/avatar\\\/9ce5a9435071fa1037e8468053ead8e513dbbff59009d3069aadb85506d85a27?s=96&d=mm&r=g\",\"caption\":\"Redac\u021bia UrbeaMea\"},\"description\":\"contact@urbeamea.ro\",\"sameAs\":[\"https:\\\/\\\/www.urbeamea.ro\"],\"url\":\"https:\\\/\\\/urbeamea.ro\\\/albaiulia\\\/author\\\/redactia-urbeamea\\\/\"}]}<\/script>\n<!-- \/ Yoast SEO plugin. -->","yoast_head_json":{"title":"S\u00e2mb\u0103t\u0103 se va restric\u0163iona circula\u0163ia auto \u00een centrul ora\u015fului Alba Iulia - Revista Urbea Mea - Revista de Alba","description":"S\u00e2mb\u0103t\u0103 9 mai, \u00eentre orele 7.30 \u015fi 20.00, se va restric\u0163iona circula\u0163ia auto la intersec\u0163iile str\u0103zilor Doinei, Ardealului \u015fi Tudor Vladimirescu cu Calea","robots":{"index":"index","follow":"follow","max-snippet":"max-snippet:-1","max-image-preview":"max-image-preview:large","max-video-preview":"max-video-preview:-1"},"canonical":"https:\/\/urbeamea.ro\/albaiulia\/sambata-se-va-restrictiona-circulatia-auto-in-centrul-orasului-alba-iulia\/","twitter_card":"summary_large_image","twitter_title":"S\u00e2mb\u0103t\u0103 se va restric\u0163iona circula\u0163ia auto \u00een centrul ora\u015fului Alba Iulia - Revista Urbea Mea - Revista de Alba","twitter_description":"S\u00e2mb\u0103t\u0103 9 mai, \u00eentre orele 7.30 \u015fi 20.00, se va restric\u0163iona circula\u0163ia auto la intersec\u0163iile str\u0103zilor Doinei, Ardealului \u015fi Tudor Vladimirescu cu Calea","twitter_image":"https:\/\/urbeamea.ro\/albaiulia\/wp-content\/uploads\/2015\/05\/trafic-restrictionat.png","twitter_creator":"@urbeameaweb","twitter_site":"@urbeameaweb","schema":{"@context":"https:\/\/schema.org","@graph":[{"@type":"Article","@id":"https:\/\/urbeamea.ro\/albaiulia\/sambata-se-va-restrictiona-circulatia-auto-in-centrul-orasului-alba-iulia\/#article","isPartOf":{"@id":"https:\/\/urbeamea.ro\/albaiulia\/sambata-se-va-restrictiona-circulatia-auto-in-centrul-orasului-alba-iulia\/"},"author":{"name":"Redac\u021bia UrbeaMea","@id":"https:\/\/urbeamea.ro\/albaiulia\/#\/schema\/person\/272ae98052f8ee8980f59848df070247"},"headline":"S\u00e2mb\u0103t\u0103 se va restric\u0163iona circula\u0163ia auto \u00een centrul ora\u015fului Alba Iulia","datePublished":"2015-05-08T08:04:21+00:00","mainEntityOfPage":{"@id":"https:\/\/urbeamea.ro\/albaiulia\/sambata-se-va-restrictiona-circulatia-auto-in-centrul-orasului-alba-iulia\/"},"wordCount":102,"commentCount":0,"image":{"@id":"https:\/\/urbeamea.ro\/albaiulia\/sambata-se-va-restrictiona-circulatia-auto-in-centrul-orasului-alba-iulia\/#primaryimage"},"thumbnailUrl":"https:\/\/urbeamea.ro\/albaiulia\/wp-content\/uploads\/2015\/05\/trafic-restrictionat.png","articleSection":["\u015etiri Urbane"],"inLanguage":"ro-RO","potentialAction":[{"@type":"CommentAction","name":"Comment","target":["https:\/\/urbeamea.ro\/albaiulia\/sambata-se-va-restrictiona-circulatia-auto-in-centrul-orasului-alba-iulia\/#respond"]}]},{"@type":"WebPage","@id":"https:\/\/urbeamea.ro\/albaiulia\/sambata-se-va-restrictiona-circulatia-auto-in-centrul-orasului-alba-iulia\/","url":"https:\/\/urbeamea.ro\/albaiulia\/sambata-se-va-restrictiona-circulatia-auto-in-centrul-orasului-alba-iulia\/","name":"S\u00e2mb\u0103t\u0103 se va restric\u0163iona circula\u0163ia auto \u00een centrul ora\u015fului Alba Iulia - Revista Urbea Mea - Revista de Alba","isPartOf":{"@id":"https:\/\/urbeamea.ro\/albaiulia\/#website"},"primaryImageOfPage":{"@id":"https:\/\/urbeamea.ro\/albaiulia\/sambata-se-va-restrictiona-circulatia-auto-in-centrul-orasului-alba-iulia\/#primaryimage"},"image":{"@id":"https:\/\/urbeamea.ro\/albaiulia\/sambata-se-va-restrictiona-circulatia-auto-in-centrul-orasului-alba-iulia\/#primaryimage"},"thumbnailUrl":"https:\/\/urbeamea.ro\/albaiulia\/wp-content\/uploads\/2015\/05\/trafic-restrictionat.png","datePublished":"2015-05-08T08:04:21+00:00","author":{"@id":"https:\/\/urbeamea.ro\/albaiulia\/#\/schema\/person\/272ae98052f8ee8980f59848df070247"},"description":"S\u00e2mb\u0103t\u0103 9 mai, \u00eentre orele 7.30 \u015fi 20.00, se va restric\u0163iona circula\u0163ia auto la intersec\u0163iile str\u0103zilor Doinei, Ardealului \u015fi Tudor Vladimirescu cu Calea","breadcrumb":{"@id":"https:\/\/urbeamea.ro\/albaiulia\/sambata-se-va-restrictiona-circulatia-auto-in-centrul-orasului-alba-iulia\/#breadcrumb"},"inLanguage":"ro-RO","potentialAction":[{"@type":"ReadAction","target":["https:\/\/urbeamea.ro\/albaiulia\/sambata-se-va-restrictiona-circulatia-auto-in-centrul-orasului-alba-iulia\/"]}]},{"@type":"ImageObject","inLanguage":"ro-RO","@id":"https:\/\/urbeamea.ro\/albaiulia\/sambata-se-va-restrictiona-circulatia-auto-in-centrul-orasului-alba-iulia\/#primaryimage","url":"https:\/\/urbeamea.ro\/albaiulia\/wp-content\/uploads\/2015\/05\/trafic-restrictionat.png","contentUrl":"https:\/\/urbeamea.ro\/albaiulia\/wp-content\/uploads\/2015\/05\/trafic-restrictionat.png","width":720,"height":435},{"@type":"BreadcrumbList","@id":"https:\/\/urbeamea.ro\/albaiulia\/sambata-se-va-restrictiona-circulatia-auto-in-centrul-orasului-alba-iulia\/#breadcrumb","itemListElement":[{"@type":"ListItem","position":1,"name":"Prima pagin\u0103","item":"https:\/\/urbeamea.ro\/albaiulia\/"},{"@type":"ListItem","position":2,"name":"S\u00e2mb\u0103t\u0103 se va restric\u0163iona circula\u0163ia auto \u00een centrul ora\u015fului Alba Iulia"}]},{"@type":"WebSite","@id":"https:\/\/urbeamea.ro\/albaiulia\/#website","url":"https:\/\/urbeamea.ro\/albaiulia\/","name":"Revista Urbea Mea, Stiri urbane","description":"Evenimente \u0219i \u0219tiri din Alba Iulia, Sebe\u0219, Aiud, Blaj","potentialAction":[{"@type":"SearchAction","target":{"@type":"EntryPoint","urlTemplate":"https:\/\/urbeamea.ro\/albaiulia\/?s={search_term_string}"},"query-input":{"@type":"PropertyValueSpecification","valueRequired":true,"valueName":"search_term_string"}}],"inLanguage":"ro-RO"},{"@type":"Person","@id":"https:\/\/urbeamea.ro\/albaiulia\/#\/schema\/person\/272ae98052f8ee8980f59848df070247","name":"Redac\u021bia UrbeaMea","image":{"@type":"ImageObject","inLanguage":"ro-RO","@id":"https:\/\/secure.gravatar.com\/avatar\/9ce5a9435071fa1037e8468053ead8e513dbbff59009d3069aadb85506d85a27?s=96&d=mm&r=g","url":"https:\/\/secure.gravatar.com\/avatar\/9ce5a9435071fa1037e8468053ead8e513dbbff59009d3069aadb85506d85a27?s=96&d=mm&r=g","contentUrl":"https:\/\/secure.gravatar.com\/avatar\/9ce5a9435071fa1037e8468053ead8e513dbbff59009d3069aadb85506d85a27?s=96&d=mm&r=g","caption":"Redac\u021bia UrbeaMea"},"description":"contact@urbeamea.ro","sameAs":["https:\/\/www.urbeamea.ro"],"url":"https:\/\/urbeamea.ro\/albaiulia\/author\/redactia-urbeamea\/"}]}},"_links":{"self":[{"href":"https:\/\/urbeamea.ro\/albaiulia\/wp-json\/wp\/v2\/posts\/3824","targetHints":{"allow":["GET"]}}],"collection":[{"href":"https:\/\/urbeamea.ro\/albaiulia\/wp-json\/wp\/v2\/posts"}],"about":[{"href":"https:\/\/urbeamea.ro\/albaiulia\/wp-json\/wp\/v2\/types\/post"}],"author":[{"embeddable":true,"href":"https:\/\/urbeamea.ro\/albaiulia\/wp-json\/wp\/v2\/users\/16"}],"replies":[{"embeddable":true,"href":"https:\/\/urbeamea.ro\/albaiulia\/wp-json\/wp\/v2\/comments?post=3824"}],"version-history":[{"count":0,"href":"https:\/\/urbeamea.ro\/albaiulia\/wp-json\/wp\/v2\/posts\/3824\/revisions"}],"wp:featuredmedia":[{"embeddable":true,"href":"https:\/\/urbeamea.ro\/albaiulia\/wp-json\/wp\/v2\/media\/3825"}],"wp:attachment":[{"href":"https:\/\/urbeamea.ro\/albaiulia\/wp-json\/wp\/v2\/media?parent=3824"}],"wp:term":[{"taxonomy":"category","embeddable":true,"href":"https:\/\/urbeamea.ro\/albaiulia\/wp-json\/wp\/v2\/categories?post=3824"},{"taxonomy":"post_tag","embeddable":true,"href":"https:\/\/urbeamea.ro\/albaiulia\/wp-json\/wp\/v2\/tags?post=3824"}],"curies":[{"name":"wp","href":"https:\/\/api.w.org\/{rel}","templated":true}]}}