{"id":38253,"date":"2017-01-04T17:41:34","date_gmt":"2017-01-04T15:41:34","guid":{"rendered":"http:\/\/urbeamea.ro\/albaiulia\/?p=38253"},"modified":"2017-01-04T17:41:34","modified_gmt":"2017-01-04T15:41:34","slug":"intre-craciun-si-revelion-au-fost-inregistrare-peste-2-000-de-de-cazuri-de-infectii-acute-ale-cailor-respiratorii-superioare-si-pneumonii","status":"publish","type":"post","link":"https:\/\/urbeamea.ro\/albaiulia\/intre-craciun-si-revelion-au-fost-inregistrare-peste-2-000-de-de-cazuri-de-infectii-acute-ale-cailor-respiratorii-superioare-si-pneumonii\/","title":{"rendered":"\u00centre Cr\u0103ciun \u015fi Revelion au fost \u00eenregistrare peste 2.000 de de cazuri de infec\u021bii acute ale c\u0103ilor respiratorii superioare \u0219i pneumonii"},"content":{"rendered":"<p><strong><img loading=\"lazy\" decoding=\"async\" class=\"size-medium wp-image-17022 alignleft\" src=\"http:\/\/urbeamea.ro\/albaiulia\/wp-content\/uploads\/2016\/01\/pneumonii-300x188.jpg\" alt=\"\" width=\"300\" height=\"188\" \/>\u00cen s\u0103pt\u0103m\u00e2na 26 decembrie \u2013 1 ianuarie, la nivelul jude\u021bului Alba s-au \u00eenregistrat 1.882 de cazuri de infec\u021bii acute ale c\u0103ilor respiratorii superioare (IACRS) \u0219i 342 de pneumonii.<\/strong><\/p>\n<p>Dintre cele 1.882 de cazuri de IACRS \u00eenregistrate, 37 de persoane au necesitat internare, iar dintre cele 342 de cazuri de pneumonii, 58 de pacien\u021bi au necesitat internare.<\/p>\n<p>Cele mai multe cazuri de IACRS s-au \u00eenregistrat \u00een Alba Iulia (653), Sebe\u0219 (379) \u0219i Blaj (236). Pe grupe de v\u00e2rst\u0103, cele mai multe cazuri au fost \u00eenregistrate la persoane cu v\u00e2rste cuprinse \u00eentre 15 \u0219i 49 de ani (657), respectiv 5 \u0219i 14 ani (517 de cazuri).<\/p>\n<p>Din cele 342 de cazuri de pneumonii, cele mai multe au fost \u00eenregistrate \u00een Alba Iulia (111), Sebe\u0219 (93) \u0219i Aiud (53). Cele mai multe cazuri au fost \u00eenregistrate la pacien\u021bi cu v\u00e2rste cuprinse \u00eentre 15 \u0219i 49 de ani (138), respectiv 50 \u0219i 64 de ani (61 de cazuri). \u00cen ultima s\u0103pt\u0103m\u00e2n\u0103 s-a \u00eenregistrat un singur caz de grip\u0103.<\/p>\n<p>Totodat\u0103, \u00een perioada 19 \u2013 25 decembrie, la nivelul jude\u021bului Alba s-au \u00eenregistrat 2254 de cazuri de IACRS dintre care 55 s-au soldat cu intern\u0103ri. \u00cen aceea\u0219i perioad\u0103 s-au \u00eenregistrat 306 de cazuri de pneumonii, dintre care 85 de cazuri s-au soldat cu intern\u0103ri.<\/p>\n","protected":false},"excerpt":{"rendered":"<p>\u00cen s\u0103pt\u0103m\u00e2na 26 decembrie \u2013 1 ianuarie, la nivelul jude\u021bului Alba s-au \u00eenregistrat 1.882 de cazuri de infec\u021bii acute ale c\u0103ilor respiratorii superioare (IACRS) \u0219i 342 de pneumonii. Dintre cele 1.882 de cazuri de IACRS \u00eenregistrate, 37 de persoane au necesitat internare, iar dintre cele 342 de cazuri de pneumonii, 58 de pacien\u021bi au necesitat &hellip;<\/p>\n","protected":false},"author":17,"featured_media":17022,"comment_status":"open","ping_status":"open","sticky":false,"template":"","format":"standard","meta":{"inline_featured_image":false,"footnotes":""},"categories":[255],"tags":[31,170,9335,9334,2119,2116,1223,308,76],"class_list":["post-38253","post","type-post","status-publish","format-standard","has-post-thumbnail","hentry","category-sanatate","tag-alba-iulia","tag-blaj","tag-cai-respiratorii","tag-infectii-acute","tag-internari","tag-pneumonii","tag-sebes","tag-stiri","tag-urbea-mea"],"yoast_head":"<!-- This site is optimized with the Yoast SEO plugin v28.3 - https:\/\/yoast.com\/product\/yoast-seo-wordpress\/ -->\n<title>\u00centre Cr\u0103ciun \u015fi Revelion au fost \u00eenregistrare peste 2.000 de de cazuri de infec\u021bii acute ale c\u0103ilor respiratorii superioare \u0219i pneumonii - Revista Urbea Mea - Revista de Alba<\/title>\n<meta name=\"description\" content=\"\u00cen s\u0103pt\u0103m\u00e2na 26 decembrie \u2013 1 ianuarie, la nivelul jude\u021bului Alba s-au \u00eenregistrat 1.882 de cazuri de infec\u021bii acute ale c\u0103ilor respiratorii superioare\" \/>\n<meta name=\"robots\" content=\"index, follow, max-snippet:-1, max-image-preview:large, max-video-preview:-1\" \/>\n<link rel=\"canonical\" href=\"https:\/\/urbeamea.ro\/albaiulia\/intre-craciun-si-revelion-au-fost-inregistrare-peste-2-000-de-de-cazuri-de-infectii-acute-ale-cailor-respiratorii-superioare-si-pneumonii\/\" \/>\n<meta name=\"twitter:card\" content=\"summary_large_image\" \/>\n<meta name=\"twitter:title\" content=\"\u00centre Cr\u0103ciun \u015fi Revelion au fost \u00eenregistrare peste 2.000 de de cazuri de infec\u021bii acute ale c\u0103ilor respiratorii superioare \u0219i pneumonii - Revista Urbea Mea - Revista de Alba\" \/>\n<meta name=\"twitter:description\" content=\"\u00cen s\u0103pt\u0103m\u00e2na 26 decembrie \u2013 1 ianuarie, la nivelul jude\u021bului Alba s-au \u00eenregistrat 1.882 de cazuri de infec\u021bii acute ale c\u0103ilor respiratorii superioare\" \/>\n<meta name=\"twitter:image\" content=\"https:\/\/urbeamea.ro\/albaiulia\/wp-content\/uploads\/2016\/01\/pneumonii.jpg\" \/>\n<meta name=\"twitter:creator\" content=\"@urbeameaweb\" \/>\n<meta name=\"twitter:site\" content=\"@urbeameaweb\" \/>\n<script type=\"application\/ld+json\" class=\"yoast-schema-graph\">{\"@context\":\"https:\\\/\\\/schema.org\",\"@graph\":[{\"@type\":\"Article\",\"@id\":\"https:\\\/\\\/urbeamea.ro\\\/albaiulia\\\/intre-craciun-si-revelion-au-fost-inregistrare-peste-2-000-de-de-cazuri-de-infectii-acute-ale-cailor-respiratorii-superioare-si-pneumonii\\\/#article\",\"isPartOf\":{\"@id\":\"https:\\\/\\\/urbeamea.ro\\\/albaiulia\\\/intre-craciun-si-revelion-au-fost-inregistrare-peste-2-000-de-de-cazuri-de-infectii-acute-ale-cailor-respiratorii-superioare-si-pneumonii\\\/\"},\"author\":{\"name\":\"Cristina Ganga\",\"@id\":\"https:\\\/\\\/urbeamea.ro\\\/albaiulia\\\/#\\\/schema\\\/person\\\/9700d21fae21c4f038b0b56f4506264a\"},\"headline\":\"\u00centre Cr\u0103ciun \u015fi Revelion au fost \u00eenregistrare peste 2.000 de de cazuri de infec\u021bii acute ale c\u0103ilor respiratorii superioare \u0219i pneumonii\",\"datePublished\":\"2017-01-04T15:41:34+00:00\",\"mainEntityOfPage\":{\"@id\":\"https:\\\/\\\/urbeamea.ro\\\/albaiulia\\\/intre-craciun-si-revelion-au-fost-inregistrare-peste-2-000-de-de-cazuri-de-infectii-acute-ale-cailor-respiratorii-superioare-si-pneumonii\\\/\"},\"wordCount\":214,\"commentCount\":0,\"image\":{\"@id\":\"https:\\\/\\\/urbeamea.ro\\\/albaiulia\\\/intre-craciun-si-revelion-au-fost-inregistrare-peste-2-000-de-de-cazuri-de-infectii-acute-ale-cailor-respiratorii-superioare-si-pneumonii\\\/#primaryimage\"},\"thumbnailUrl\":\"https:\\\/\\\/urbeamea.ro\\\/albaiulia\\\/wp-content\\\/uploads\\\/2016\\\/01\\\/pneumonii.jpg\",\"keywords\":[\"Alba Iulia\",\"blaj\",\"cai respiratorii\",\"infectii acute\",\"internari\",\"pneumonii\",\"sebes\",\"stiri\",\"Urbea Mea\"],\"articleSection\":[\"S\u0103n\u0103tate\"],\"inLanguage\":\"ro-RO\",\"potentialAction\":[{\"@type\":\"CommentAction\",\"name\":\"Comment\",\"target\":[\"https:\\\/\\\/urbeamea.ro\\\/albaiulia\\\/intre-craciun-si-revelion-au-fost-inregistrare-peste-2-000-de-de-cazuri-de-infectii-acute-ale-cailor-respiratorii-superioare-si-pneumonii\\\/#respond\"]}]},{\"@type\":\"WebPage\",\"@id\":\"https:\\\/\\\/urbeamea.ro\\\/albaiulia\\\/intre-craciun-si-revelion-au-fost-inregistrare-peste-2-000-de-de-cazuri-de-infectii-acute-ale-cailor-respiratorii-superioare-si-pneumonii\\\/\",\"url\":\"https:\\\/\\\/urbeamea.ro\\\/albaiulia\\\/intre-craciun-si-revelion-au-fost-inregistrare-peste-2-000-de-de-cazuri-de-infectii-acute-ale-cailor-respiratorii-superioare-si-pneumonii\\\/\",\"name\":\"\u00centre Cr\u0103ciun \u015fi Revelion au fost \u00eenregistrare peste 2.000 de de cazuri de infec\u021bii acute ale c\u0103ilor respiratorii superioare \u0219i pneumonii - Revista Urbea Mea - Revista de Alba\",\"isPartOf\":{\"@id\":\"https:\\\/\\\/urbeamea.ro\\\/albaiulia\\\/#website\"},\"primaryImageOfPage\":{\"@id\":\"https:\\\/\\\/urbeamea.ro\\\/albaiulia\\\/intre-craciun-si-revelion-au-fost-inregistrare-peste-2-000-de-de-cazuri-de-infectii-acute-ale-cailor-respiratorii-superioare-si-pneumonii\\\/#primaryimage\"},\"image\":{\"@id\":\"https:\\\/\\\/urbeamea.ro\\\/albaiulia\\\/intre-craciun-si-revelion-au-fost-inregistrare-peste-2-000-de-de-cazuri-de-infectii-acute-ale-cailor-respiratorii-superioare-si-pneumonii\\\/#primaryimage\"},\"thumbnailUrl\":\"https:\\\/\\\/urbeamea.ro\\\/albaiulia\\\/wp-content\\\/uploads\\\/2016\\\/01\\\/pneumonii.jpg\",\"datePublished\":\"2017-01-04T15:41:34+00:00\",\"author\":{\"@id\":\"https:\\\/\\\/urbeamea.ro\\\/albaiulia\\\/#\\\/schema\\\/person\\\/9700d21fae21c4f038b0b56f4506264a\"},\"description\":\"\u00cen s\u0103pt\u0103m\u00e2na 26 decembrie \u2013 1 ianuarie, la nivelul jude\u021bului Alba s-au \u00eenregistrat 1.882 de cazuri de infec\u021bii acute ale c\u0103ilor respiratorii superioare\",\"breadcrumb\":{\"@id\":\"https:\\\/\\\/urbeamea.ro\\\/albaiulia\\\/intre-craciun-si-revelion-au-fost-inregistrare-peste-2-000-de-de-cazuri-de-infectii-acute-ale-cailor-respiratorii-superioare-si-pneumonii\\\/#breadcrumb\"},\"inLanguage\":\"ro-RO\",\"potentialAction\":[{\"@type\":\"ReadAction\",\"target\":[\"https:\\\/\\\/urbeamea.ro\\\/albaiulia\\\/intre-craciun-si-revelion-au-fost-inregistrare-peste-2-000-de-de-cazuri-de-infectii-acute-ale-cailor-respiratorii-superioare-si-pneumonii\\\/\"]}]},{\"@type\":\"ImageObject\",\"inLanguage\":\"ro-RO\",\"@id\":\"https:\\\/\\\/urbeamea.ro\\\/albaiulia\\\/intre-craciun-si-revelion-au-fost-inregistrare-peste-2-000-de-de-cazuri-de-infectii-acute-ale-cailor-respiratorii-superioare-si-pneumonii\\\/#primaryimage\",\"url\":\"https:\\\/\\\/urbeamea.ro\\\/albaiulia\\\/wp-content\\\/uploads\\\/2016\\\/01\\\/pneumonii.jpg\",\"contentUrl\":\"https:\\\/\\\/urbeamea.ro\\\/albaiulia\\\/wp-content\\\/uploads\\\/2016\\\/01\\\/pneumonii.jpg\",\"width\":800,\"height\":500},{\"@type\":\"BreadcrumbList\",\"@id\":\"https:\\\/\\\/urbeamea.ro\\\/albaiulia\\\/intre-craciun-si-revelion-au-fost-inregistrare-peste-2-000-de-de-cazuri-de-infectii-acute-ale-cailor-respiratorii-superioare-si-pneumonii\\\/#breadcrumb\",\"itemListElement\":[{\"@type\":\"ListItem\",\"position\":1,\"name\":\"Prima pagin\u0103\",\"item\":\"https:\\\/\\\/urbeamea.ro\\\/albaiulia\\\/\"},{\"@type\":\"ListItem\",\"position\":2,\"name\":\"\u00centre Cr\u0103ciun \u015fi Revelion au fost \u00eenregistrare peste 2.000 de de cazuri de infec\u021bii acute ale c\u0103ilor respiratorii superioare \u0219i pneumonii\"}]},{\"@type\":\"WebSite\",\"@id\":\"https:\\\/\\\/urbeamea.ro\\\/albaiulia\\\/#website\",\"url\":\"https:\\\/\\\/urbeamea.ro\\\/albaiulia\\\/\",\"name\":\"Revista Urbea Mea, Stiri urbane\",\"description\":\"Evenimente \u0219i \u0219tiri din Alba Iulia, Sebe\u0219, Aiud, Blaj\",\"potentialAction\":[{\"@type\":\"SearchAction\",\"target\":{\"@type\":\"EntryPoint\",\"urlTemplate\":\"https:\\\/\\\/urbeamea.ro\\\/albaiulia\\\/?s={search_term_string}\"},\"query-input\":{\"@type\":\"PropertyValueSpecification\",\"valueRequired\":true,\"valueName\":\"search_term_string\"}}],\"inLanguage\":\"ro-RO\"},{\"@type\":\"Person\",\"@id\":\"https:\\\/\\\/urbeamea.ro\\\/albaiulia\\\/#\\\/schema\\\/person\\\/9700d21fae21c4f038b0b56f4506264a\",\"name\":\"Cristina Ganga\",\"image\":{\"@type\":\"ImageObject\",\"inLanguage\":\"ro-RO\",\"@id\":\"https:\\\/\\\/secure.gravatar.com\\\/avatar\\\/5a67661041f057b4a8ccaf26f5a8e86e2689372006d01faf3dd9eeb10b654bb4?s=96&d=mm&r=g\",\"url\":\"https:\\\/\\\/secure.gravatar.com\\\/avatar\\\/5a67661041f057b4a8ccaf26f5a8e86e2689372006d01faf3dd9eeb10b654bb4?s=96&d=mm&r=g\",\"contentUrl\":\"https:\\\/\\\/secure.gravatar.com\\\/avatar\\\/5a67661041f057b4a8ccaf26f5a8e86e2689372006d01faf3dd9eeb10b654bb4?s=96&d=mm&r=g\",\"caption\":\"Cristina Ganga\"},\"description\":\"Jurnalist\",\"sameAs\":[\"https:\\\/\\\/www.facebook.com\\\/cristina.nicola.587\"],\"url\":\"https:\\\/\\\/urbeamea.ro\\\/albaiulia\\\/author\\\/cristina-nicola\\\/\"}]}<\/script>\n<!-- \/ Yoast SEO plugin. -->","yoast_head_json":{"title":"\u00centre Cr\u0103ciun \u015fi Revelion au fost \u00eenregistrare peste 2.000 de de cazuri de infec\u021bii acute ale c\u0103ilor respiratorii superioare \u0219i pneumonii - Revista Urbea Mea - Revista de Alba","description":"\u00cen s\u0103pt\u0103m\u00e2na 26 decembrie \u2013 1 ianuarie, la nivelul jude\u021bului Alba s-au \u00eenregistrat 1.882 de cazuri de infec\u021bii acute ale c\u0103ilor respiratorii superioare","robots":{"index":"index","follow":"follow","max-snippet":"max-snippet:-1","max-image-preview":"max-image-preview:large","max-video-preview":"max-video-preview:-1"},"canonical":"https:\/\/urbeamea.ro\/albaiulia\/intre-craciun-si-revelion-au-fost-inregistrare-peste-2-000-de-de-cazuri-de-infectii-acute-ale-cailor-respiratorii-superioare-si-pneumonii\/","twitter_card":"summary_large_image","twitter_title":"\u00centre Cr\u0103ciun \u015fi Revelion au fost \u00eenregistrare peste 2.000 de de cazuri de infec\u021bii acute ale c\u0103ilor respiratorii superioare \u0219i pneumonii - Revista Urbea Mea - Revista de Alba","twitter_description":"\u00cen s\u0103pt\u0103m\u00e2na 26 decembrie \u2013 1 ianuarie, la nivelul jude\u021bului Alba s-au \u00eenregistrat 1.882 de cazuri de infec\u021bii acute ale c\u0103ilor respiratorii superioare","twitter_image":"https:\/\/urbeamea.ro\/albaiulia\/wp-content\/uploads\/2016\/01\/pneumonii.jpg","twitter_creator":"@urbeameaweb","twitter_site":"@urbeameaweb","schema":{"@context":"https:\/\/schema.org","@graph":[{"@type":"Article","@id":"https:\/\/urbeamea.ro\/albaiulia\/intre-craciun-si-revelion-au-fost-inregistrare-peste-2-000-de-de-cazuri-de-infectii-acute-ale-cailor-respiratorii-superioare-si-pneumonii\/#article","isPartOf":{"@id":"https:\/\/urbeamea.ro\/albaiulia\/intre-craciun-si-revelion-au-fost-inregistrare-peste-2-000-de-de-cazuri-de-infectii-acute-ale-cailor-respiratorii-superioare-si-pneumonii\/"},"author":{"name":"Cristina Ganga","@id":"https:\/\/urbeamea.ro\/albaiulia\/#\/schema\/person\/9700d21fae21c4f038b0b56f4506264a"},"headline":"\u00centre Cr\u0103ciun \u015fi Revelion au fost \u00eenregistrare peste 2.000 de de cazuri de infec\u021bii acute ale c\u0103ilor respiratorii superioare \u0219i pneumonii","datePublished":"2017-01-04T15:41:34+00:00","mainEntityOfPage":{"@id":"https:\/\/urbeamea.ro\/albaiulia\/intre-craciun-si-revelion-au-fost-inregistrare-peste-2-000-de-de-cazuri-de-infectii-acute-ale-cailor-respiratorii-superioare-si-pneumonii\/"},"wordCount":214,"commentCount":0,"image":{"@id":"https:\/\/urbeamea.ro\/albaiulia\/intre-craciun-si-revelion-au-fost-inregistrare-peste-2-000-de-de-cazuri-de-infectii-acute-ale-cailor-respiratorii-superioare-si-pneumonii\/#primaryimage"},"thumbnailUrl":"https:\/\/urbeamea.ro\/albaiulia\/wp-content\/uploads\/2016\/01\/pneumonii.jpg","keywords":["Alba Iulia","blaj","cai respiratorii","infectii acute","internari","pneumonii","sebes","stiri","Urbea Mea"],"articleSection":["S\u0103n\u0103tate"],"inLanguage":"ro-RO","potentialAction":[{"@type":"CommentAction","name":"Comment","target":["https:\/\/urbeamea.ro\/albaiulia\/intre-craciun-si-revelion-au-fost-inregistrare-peste-2-000-de-de-cazuri-de-infectii-acute-ale-cailor-respiratorii-superioare-si-pneumonii\/#respond"]}]},{"@type":"WebPage","@id":"https:\/\/urbeamea.ro\/albaiulia\/intre-craciun-si-revelion-au-fost-inregistrare-peste-2-000-de-de-cazuri-de-infectii-acute-ale-cailor-respiratorii-superioare-si-pneumonii\/","url":"https:\/\/urbeamea.ro\/albaiulia\/intre-craciun-si-revelion-au-fost-inregistrare-peste-2-000-de-de-cazuri-de-infectii-acute-ale-cailor-respiratorii-superioare-si-pneumonii\/","name":"\u00centre Cr\u0103ciun \u015fi Revelion au fost \u00eenregistrare peste 2.000 de de cazuri de infec\u021bii acute ale c\u0103ilor respiratorii superioare \u0219i pneumonii - Revista Urbea Mea - Revista de Alba","isPartOf":{"@id":"https:\/\/urbeamea.ro\/albaiulia\/#website"},"primaryImageOfPage":{"@id":"https:\/\/urbeamea.ro\/albaiulia\/intre-craciun-si-revelion-au-fost-inregistrare-peste-2-000-de-de-cazuri-de-infectii-acute-ale-cailor-respiratorii-superioare-si-pneumonii\/#primaryimage"},"image":{"@id":"https:\/\/urbeamea.ro\/albaiulia\/intre-craciun-si-revelion-au-fost-inregistrare-peste-2-000-de-de-cazuri-de-infectii-acute-ale-cailor-respiratorii-superioare-si-pneumonii\/#primaryimage"},"thumbnailUrl":"https:\/\/urbeamea.ro\/albaiulia\/wp-content\/uploads\/2016\/01\/pneumonii.jpg","datePublished":"2017-01-04T15:41:34+00:00","author":{"@id":"https:\/\/urbeamea.ro\/albaiulia\/#\/schema\/person\/9700d21fae21c4f038b0b56f4506264a"},"description":"\u00cen s\u0103pt\u0103m\u00e2na 26 decembrie \u2013 1 ianuarie, la nivelul jude\u021bului Alba s-au \u00eenregistrat 1.882 de cazuri de infec\u021bii acute ale c\u0103ilor respiratorii superioare","breadcrumb":{"@id":"https:\/\/urbeamea.ro\/albaiulia\/intre-craciun-si-revelion-au-fost-inregistrare-peste-2-000-de-de-cazuri-de-infectii-acute-ale-cailor-respiratorii-superioare-si-pneumonii\/#breadcrumb"},"inLanguage":"ro-RO","potentialAction":[{"@type":"ReadAction","target":["https:\/\/urbeamea.ro\/albaiulia\/intre-craciun-si-revelion-au-fost-inregistrare-peste-2-000-de-de-cazuri-de-infectii-acute-ale-cailor-respiratorii-superioare-si-pneumonii\/"]}]},{"@type":"ImageObject","inLanguage":"ro-RO","@id":"https:\/\/urbeamea.ro\/albaiulia\/intre-craciun-si-revelion-au-fost-inregistrare-peste-2-000-de-de-cazuri-de-infectii-acute-ale-cailor-respiratorii-superioare-si-pneumonii\/#primaryimage","url":"https:\/\/urbeamea.ro\/albaiulia\/wp-content\/uploads\/2016\/01\/pneumonii.jpg","contentUrl":"https:\/\/urbeamea.ro\/albaiulia\/wp-content\/uploads\/2016\/01\/pneumonii.jpg","width":800,"height":500},{"@type":"BreadcrumbList","@id":"https:\/\/urbeamea.ro\/albaiulia\/intre-craciun-si-revelion-au-fost-inregistrare-peste-2-000-de-de-cazuri-de-infectii-acute-ale-cailor-respiratorii-superioare-si-pneumonii\/#breadcrumb","itemListElement":[{"@type":"ListItem","position":1,"name":"Prima pagin\u0103","item":"https:\/\/urbeamea.ro\/albaiulia\/"},{"@type":"ListItem","position":2,"name":"\u00centre Cr\u0103ciun \u015fi Revelion au fost \u00eenregistrare peste 2.000 de de cazuri de infec\u021bii acute ale c\u0103ilor respiratorii superioare \u0219i pneumonii"}]},{"@type":"WebSite","@id":"https:\/\/urbeamea.ro\/albaiulia\/#website","url":"https:\/\/urbeamea.ro\/albaiulia\/","name":"Revista Urbea Mea, Stiri urbane","description":"Evenimente \u0219i \u0219tiri din Alba Iulia, Sebe\u0219, Aiud, Blaj","potentialAction":[{"@type":"SearchAction","target":{"@type":"EntryPoint","urlTemplate":"https:\/\/urbeamea.ro\/albaiulia\/?s={search_term_string}"},"query-input":{"@type":"PropertyValueSpecification","valueRequired":true,"valueName":"search_term_string"}}],"inLanguage":"ro-RO"},{"@type":"Person","@id":"https:\/\/urbeamea.ro\/albaiulia\/#\/schema\/person\/9700d21fae21c4f038b0b56f4506264a","name":"Cristina Ganga","image":{"@type":"ImageObject","inLanguage":"ro-RO","@id":"https:\/\/secure.gravatar.com\/avatar\/5a67661041f057b4a8ccaf26f5a8e86e2689372006d01faf3dd9eeb10b654bb4?s=96&d=mm&r=g","url":"https:\/\/secure.gravatar.com\/avatar\/5a67661041f057b4a8ccaf26f5a8e86e2689372006d01faf3dd9eeb10b654bb4?s=96&d=mm&r=g","contentUrl":"https:\/\/secure.gravatar.com\/avatar\/5a67661041f057b4a8ccaf26f5a8e86e2689372006d01faf3dd9eeb10b654bb4?s=96&d=mm&r=g","caption":"Cristina Ganga"},"description":"Jurnalist","sameAs":["https:\/\/www.facebook.com\/cristina.nicola.587"],"url":"https:\/\/urbeamea.ro\/albaiulia\/author\/cristina-nicola\/"}]}},"_links":{"self":[{"href":"https:\/\/urbeamea.ro\/albaiulia\/wp-json\/wp\/v2\/posts\/38253","targetHints":{"allow":["GET"]}}],"collection":[{"href":"https:\/\/urbeamea.ro\/albaiulia\/wp-json\/wp\/v2\/posts"}],"about":[{"href":"https:\/\/urbeamea.ro\/albaiulia\/wp-json\/wp\/v2\/types\/post"}],"author":[{"embeddable":true,"href":"https:\/\/urbeamea.ro\/albaiulia\/wp-json\/wp\/v2\/users\/17"}],"replies":[{"embeddable":true,"href":"https:\/\/urbeamea.ro\/albaiulia\/wp-json\/wp\/v2\/comments?post=38253"}],"version-history":[{"count":0,"href":"https:\/\/urbeamea.ro\/albaiulia\/wp-json\/wp\/v2\/posts\/38253\/revisions"}],"wp:featuredmedia":[{"embeddable":true,"href":"https:\/\/urbeamea.ro\/albaiulia\/wp-json\/wp\/v2\/media\/17022"}],"wp:attachment":[{"href":"https:\/\/urbeamea.ro\/albaiulia\/wp-json\/wp\/v2\/media?parent=38253"}],"wp:term":[{"taxonomy":"category","embeddable":true,"href":"https:\/\/urbeamea.ro\/albaiulia\/wp-json\/wp\/v2\/categories?post=38253"},{"taxonomy":"post_tag","embeddable":true,"href":"https:\/\/urbeamea.ro\/albaiulia\/wp-json\/wp\/v2\/tags?post=38253"}],"curies":[{"name":"wp","href":"https:\/\/api.w.org\/{rel}","templated":true}]}}