{"id":38381,"date":"2017-01-09T11:15:13","date_gmt":"2017-01-09T09:15:13","guid":{"rendered":"http:\/\/urbeamea.ro\/albaiulia\/?p=38381"},"modified":"2017-01-09T11:15:13","modified_gmt":"2017-01-09T09:15:13","slug":"cod-portocaliu-de-ger-in-alba-si-alte-judete-astazi-si-maine","status":"publish","type":"post","link":"https:\/\/urbeamea.ro\/albaiulia\/cod-portocaliu-de-ger-in-alba-si-alte-judete-astazi-si-maine\/","title":{"rendered":"Cod portocaliu de ger \u00een Alba \u015fi alte jude\u0163e, ast\u0103zi \u015fi m\u00e2ine"},"content":{"rendered":"<p><strong><img loading=\"lazy\" decoding=\"async\" class=\"size-medium wp-image-38382 alignleft\" src=\"http:\/\/urbeamea.ro\/albaiulia\/wp-content\/uploads\/2017\/01\/cod-portocaliu-300x210.jpg\" alt=\"\" width=\"300\" height=\"210\" \/>Administra\u0163ia Na\u0163ional\u0103 de Meteorologie a emis avertizare Cod Portocaliu de ger persistent, \u00een intervalul 9-10 ianuarie, \u00een majoritatea jude\u0163elor din \u0163ar\u0103. \u00cen cinci jude\u0163e din vest, este aten\u0163ionare Cod Galben.<\/strong><\/p>\n<p><strong>Cod Portocaliu<\/strong><\/p>\n<p>Ast\u0103zi, 9 ianuarie \u015fi m\u00e2ine, 10 ianuarie, \u00een Oltenia, Muntenia, Dobrogea, Moldova, Transilvania \u015fi \u00een Maramure\u015f, gerul se va intensifica, astfel \u00eenc\u00e2t minimele vor fi cuprinse, \u00een general, \u00eentre -29 \u015fi -15 grade, iar maximele \u00eentre -15 \u015fi -10 grade.<\/p>\n<p><strong>Cod Galben<\/strong><\/p>\n<p>\u00cen Cri\u015fana \u015fi \u00een Banat vremea va fi geroas\u0103 \u00eendeosebi \u00een cursul nop\u0163ilor \u015fi al dimine\u0163ilor, c\u00e2nd valorile termice se vor situa frecvent sub -15 grade.<\/p>\n<p>\u00cen perioada urm\u0103toare, Administra\u0163ia Na\u0163ional\u0103 de Meteorologie va emite noi mesaje privind evolu\u0163ia \u015fi intensitatea fenomenelor meteorologice periculoase.<\/p>\n<p><em>sursa: meteoromania.ro<\/em><\/p>\n","protected":false},"excerpt":{"rendered":"<p>Administra\u0163ia Na\u0163ional\u0103 de Meteorologie a emis avertizare Cod Portocaliu de ger persistent, \u00een intervalul 9-10 ianuarie, \u00een majoritatea jude\u0163elor din \u0163ar\u0103. \u00cen cinci jude\u0163e din vest, este aten\u0163ionare Cod Galben. Cod Portocaliu Ast\u0103zi, 9 ianuarie \u015fi m\u00e2ine, 10 ianuarie, \u00een Oltenia, Muntenia, Dobrogea, Moldova, Transilvania \u015fi \u00een Maramure\u015f, gerul se va intensifica, astfel \u00eenc\u00e2t minimele &hellip;<\/p>\n","protected":false},"author":17,"featured_media":38382,"comment_status":"open","ping_status":"open","sticky":false,"template":"","format":"standard","meta":{"inline_featured_image":false,"footnotes":""},"categories":[1],"tags":[1809,307,368,1929,2077,1392,308,76,9386],"class_list":["post-38381","post","type-post","status-publish","format-standard","has-post-thumbnail","hentry","category-stiri-urbane","tag-administratia-nationala-de-meteorologie","tag-alba","tag-cod-galben","tag-cod-portocaliu","tag-ger","tag-judete","tag-stiri","tag-urbea-mea","tag-valori-termice"],"yoast_head":"<!-- This site is optimized with the Yoast SEO plugin v27.4 - https:\/\/yoast.com\/product\/yoast-seo-wordpress\/ -->\n<title>Cod portocaliu de ger \u00een Alba \u015fi alte jude\u0163e, ast\u0103zi \u015fi m\u00e2ine - Revista Urbea Mea - Revista de Alba<\/title>\n<meta name=\"description\" content=\"Administra\u0163ia Na\u0163ional\u0103 de Meteorologie a emis avertizare Cod Portocaliu de ger persistent, \u00een intervalul 9-10 ianuarie, \u00een majoritatea jude\u0163elor din\" \/>\n<meta name=\"robots\" content=\"index, follow, max-snippet:-1, max-image-preview:large, max-video-preview:-1\" \/>\n<link rel=\"canonical\" href=\"https:\/\/urbeamea.ro\/albaiulia\/cod-portocaliu-de-ger-in-alba-si-alte-judete-astazi-si-maine\/\" \/>\n<meta name=\"twitter:card\" content=\"summary_large_image\" \/>\n<meta name=\"twitter:title\" content=\"Cod portocaliu de ger \u00een Alba \u015fi alte jude\u0163e, ast\u0103zi \u015fi m\u00e2ine - Revista Urbea Mea - Revista de Alba\" \/>\n<meta name=\"twitter:description\" content=\"Administra\u0163ia Na\u0163ional\u0103 de Meteorologie a emis avertizare Cod Portocaliu de ger persistent, \u00een intervalul 9-10 ianuarie, \u00een majoritatea jude\u0163elor din\" \/>\n<meta name=\"twitter:image\" content=\"https:\/\/urbeamea.ro\/albaiulia\/wp-content\/uploads\/2017\/01\/cod-portocaliu.jpg\" \/>\n<meta name=\"twitter:creator\" content=\"@urbeameaweb\" \/>\n<meta name=\"twitter:site\" content=\"@urbeameaweb\" \/>\n<script type=\"application\/ld+json\" class=\"yoast-schema-graph\">{\"@context\":\"https:\\\/\\\/schema.org\",\"@graph\":[{\"@type\":\"Article\",\"@id\":\"https:\\\/\\\/urbeamea.ro\\\/albaiulia\\\/cod-portocaliu-de-ger-in-alba-si-alte-judete-astazi-si-maine\\\/#article\",\"isPartOf\":{\"@id\":\"https:\\\/\\\/urbeamea.ro\\\/albaiulia\\\/cod-portocaliu-de-ger-in-alba-si-alte-judete-astazi-si-maine\\\/\"},\"author\":{\"name\":\"Cristina Ganga\",\"@id\":\"https:\\\/\\\/urbeamea.ro\\\/albaiulia\\\/#\\\/schema\\\/person\\\/9700d21fae21c4f038b0b56f4506264a\"},\"headline\":\"Cod portocaliu de ger \u00een Alba \u015fi alte jude\u0163e, ast\u0103zi \u015fi m\u00e2ine\",\"datePublished\":\"2017-01-09T09:15:13+00:00\",\"mainEntityOfPage\":{\"@id\":\"https:\\\/\\\/urbeamea.ro\\\/albaiulia\\\/cod-portocaliu-de-ger-in-alba-si-alte-judete-astazi-si-maine\\\/\"},\"wordCount\":150,\"commentCount\":0,\"image\":{\"@id\":\"https:\\\/\\\/urbeamea.ro\\\/albaiulia\\\/cod-portocaliu-de-ger-in-alba-si-alte-judete-astazi-si-maine\\\/#primaryimage\"},\"thumbnailUrl\":\"https:\\\/\\\/urbeamea.ro\\\/albaiulia\\\/wp-content\\\/uploads\\\/2017\\\/01\\\/cod-portocaliu.jpg\",\"keywords\":[\"administratia nationala de meteorologie\",\"alba\",\"cod galben\",\"cod portocaliu\",\"ger\",\"judete\",\"stiri\",\"Urbea Mea\",\"valori termice\"],\"articleSection\":[\"\u015etiri Urbane\"],\"inLanguage\":\"ro-RO\",\"potentialAction\":[{\"@type\":\"CommentAction\",\"name\":\"Comment\",\"target\":[\"https:\\\/\\\/urbeamea.ro\\\/albaiulia\\\/cod-portocaliu-de-ger-in-alba-si-alte-judete-astazi-si-maine\\\/#respond\"]}]},{\"@type\":\"WebPage\",\"@id\":\"https:\\\/\\\/urbeamea.ro\\\/albaiulia\\\/cod-portocaliu-de-ger-in-alba-si-alte-judete-astazi-si-maine\\\/\",\"url\":\"https:\\\/\\\/urbeamea.ro\\\/albaiulia\\\/cod-portocaliu-de-ger-in-alba-si-alte-judete-astazi-si-maine\\\/\",\"name\":\"Cod portocaliu de ger \u00een Alba \u015fi alte jude\u0163e, ast\u0103zi \u015fi m\u00e2ine - Revista Urbea Mea - Revista de Alba\",\"isPartOf\":{\"@id\":\"https:\\\/\\\/urbeamea.ro\\\/albaiulia\\\/#website\"},\"primaryImageOfPage\":{\"@id\":\"https:\\\/\\\/urbeamea.ro\\\/albaiulia\\\/cod-portocaliu-de-ger-in-alba-si-alte-judete-astazi-si-maine\\\/#primaryimage\"},\"image\":{\"@id\":\"https:\\\/\\\/urbeamea.ro\\\/albaiulia\\\/cod-portocaliu-de-ger-in-alba-si-alte-judete-astazi-si-maine\\\/#primaryimage\"},\"thumbnailUrl\":\"https:\\\/\\\/urbeamea.ro\\\/albaiulia\\\/wp-content\\\/uploads\\\/2017\\\/01\\\/cod-portocaliu.jpg\",\"datePublished\":\"2017-01-09T09:15:13+00:00\",\"author\":{\"@id\":\"https:\\\/\\\/urbeamea.ro\\\/albaiulia\\\/#\\\/schema\\\/person\\\/9700d21fae21c4f038b0b56f4506264a\"},\"description\":\"Administra\u0163ia Na\u0163ional\u0103 de Meteorologie a emis avertizare Cod Portocaliu de ger persistent, \u00een intervalul 9-10 ianuarie, \u00een majoritatea jude\u0163elor din\",\"breadcrumb\":{\"@id\":\"https:\\\/\\\/urbeamea.ro\\\/albaiulia\\\/cod-portocaliu-de-ger-in-alba-si-alte-judete-astazi-si-maine\\\/#breadcrumb\"},\"inLanguage\":\"ro-RO\",\"potentialAction\":[{\"@type\":\"ReadAction\",\"target\":[\"https:\\\/\\\/urbeamea.ro\\\/albaiulia\\\/cod-portocaliu-de-ger-in-alba-si-alte-judete-astazi-si-maine\\\/\"]}]},{\"@type\":\"ImageObject\",\"inLanguage\":\"ro-RO\",\"@id\":\"https:\\\/\\\/urbeamea.ro\\\/albaiulia\\\/cod-portocaliu-de-ger-in-alba-si-alte-judete-astazi-si-maine\\\/#primaryimage\",\"url\":\"https:\\\/\\\/urbeamea.ro\\\/albaiulia\\\/wp-content\\\/uploads\\\/2017\\\/01\\\/cod-portocaliu.jpg\",\"contentUrl\":\"https:\\\/\\\/urbeamea.ro\\\/albaiulia\\\/wp-content\\\/uploads\\\/2017\\\/01\\\/cod-portocaliu.jpg\",\"width\":800,\"height\":560},{\"@type\":\"BreadcrumbList\",\"@id\":\"https:\\\/\\\/urbeamea.ro\\\/albaiulia\\\/cod-portocaliu-de-ger-in-alba-si-alte-judete-astazi-si-maine\\\/#breadcrumb\",\"itemListElement\":[{\"@type\":\"ListItem\",\"position\":1,\"name\":\"Prima pagin\u0103\",\"item\":\"https:\\\/\\\/urbeamea.ro\\\/albaiulia\\\/\"},{\"@type\":\"ListItem\",\"position\":2,\"name\":\"Cod portocaliu de ger \u00een Alba \u015fi alte jude\u0163e, ast\u0103zi \u015fi m\u00e2ine\"}]},{\"@type\":\"WebSite\",\"@id\":\"https:\\\/\\\/urbeamea.ro\\\/albaiulia\\\/#website\",\"url\":\"https:\\\/\\\/urbeamea.ro\\\/albaiulia\\\/\",\"name\":\"Revista Urbea Mea, Stiri urbane\",\"description\":\"Evenimente \u0219i \u0219tiri din Alba Iulia, Sebe\u0219, Aiud, Blaj\",\"potentialAction\":[{\"@type\":\"SearchAction\",\"target\":{\"@type\":\"EntryPoint\",\"urlTemplate\":\"https:\\\/\\\/urbeamea.ro\\\/albaiulia\\\/?s={search_term_string}\"},\"query-input\":{\"@type\":\"PropertyValueSpecification\",\"valueRequired\":true,\"valueName\":\"search_term_string\"}}],\"inLanguage\":\"ro-RO\"},{\"@type\":\"Person\",\"@id\":\"https:\\\/\\\/urbeamea.ro\\\/albaiulia\\\/#\\\/schema\\\/person\\\/9700d21fae21c4f038b0b56f4506264a\",\"name\":\"Cristina Ganga\",\"image\":{\"@type\":\"ImageObject\",\"inLanguage\":\"ro-RO\",\"@id\":\"https:\\\/\\\/secure.gravatar.com\\\/avatar\\\/5a67661041f057b4a8ccaf26f5a8e86e2689372006d01faf3dd9eeb10b654bb4?s=96&d=mm&r=g\",\"url\":\"https:\\\/\\\/secure.gravatar.com\\\/avatar\\\/5a67661041f057b4a8ccaf26f5a8e86e2689372006d01faf3dd9eeb10b654bb4?s=96&d=mm&r=g\",\"contentUrl\":\"https:\\\/\\\/secure.gravatar.com\\\/avatar\\\/5a67661041f057b4a8ccaf26f5a8e86e2689372006d01faf3dd9eeb10b654bb4?s=96&d=mm&r=g\",\"caption\":\"Cristina Ganga\"},\"description\":\"Jurnalist\",\"sameAs\":[\"https:\\\/\\\/www.facebook.com\\\/cristina.nicola.587\"],\"url\":\"https:\\\/\\\/urbeamea.ro\\\/albaiulia\\\/author\\\/cristina-nicola\\\/\"}]}<\/script>\n<!-- \/ Yoast SEO plugin. -->","yoast_head_json":{"title":"Cod portocaliu de ger \u00een Alba \u015fi alte jude\u0163e, ast\u0103zi \u015fi m\u00e2ine - Revista Urbea Mea - Revista de Alba","description":"Administra\u0163ia Na\u0163ional\u0103 de Meteorologie a emis avertizare Cod Portocaliu de ger persistent, \u00een intervalul 9-10 ianuarie, \u00een majoritatea jude\u0163elor din","robots":{"index":"index","follow":"follow","max-snippet":"max-snippet:-1","max-image-preview":"max-image-preview:large","max-video-preview":"max-video-preview:-1"},"canonical":"https:\/\/urbeamea.ro\/albaiulia\/cod-portocaliu-de-ger-in-alba-si-alte-judete-astazi-si-maine\/","twitter_card":"summary_large_image","twitter_title":"Cod portocaliu de ger \u00een Alba \u015fi alte jude\u0163e, ast\u0103zi \u015fi m\u00e2ine - Revista Urbea Mea - Revista de Alba","twitter_description":"Administra\u0163ia Na\u0163ional\u0103 de Meteorologie a emis avertizare Cod Portocaliu de ger persistent, \u00een intervalul 9-10 ianuarie, \u00een majoritatea jude\u0163elor din","twitter_image":"https:\/\/urbeamea.ro\/albaiulia\/wp-content\/uploads\/2017\/01\/cod-portocaliu.jpg","twitter_creator":"@urbeameaweb","twitter_site":"@urbeameaweb","schema":{"@context":"https:\/\/schema.org","@graph":[{"@type":"Article","@id":"https:\/\/urbeamea.ro\/albaiulia\/cod-portocaliu-de-ger-in-alba-si-alte-judete-astazi-si-maine\/#article","isPartOf":{"@id":"https:\/\/urbeamea.ro\/albaiulia\/cod-portocaliu-de-ger-in-alba-si-alte-judete-astazi-si-maine\/"},"author":{"name":"Cristina Ganga","@id":"https:\/\/urbeamea.ro\/albaiulia\/#\/schema\/person\/9700d21fae21c4f038b0b56f4506264a"},"headline":"Cod portocaliu de ger \u00een Alba \u015fi alte jude\u0163e, ast\u0103zi \u015fi m\u00e2ine","datePublished":"2017-01-09T09:15:13+00:00","mainEntityOfPage":{"@id":"https:\/\/urbeamea.ro\/albaiulia\/cod-portocaliu-de-ger-in-alba-si-alte-judete-astazi-si-maine\/"},"wordCount":150,"commentCount":0,"image":{"@id":"https:\/\/urbeamea.ro\/albaiulia\/cod-portocaliu-de-ger-in-alba-si-alte-judete-astazi-si-maine\/#primaryimage"},"thumbnailUrl":"https:\/\/urbeamea.ro\/albaiulia\/wp-content\/uploads\/2017\/01\/cod-portocaliu.jpg","keywords":["administratia nationala de meteorologie","alba","cod galben","cod portocaliu","ger","judete","stiri","Urbea Mea","valori termice"],"articleSection":["\u015etiri Urbane"],"inLanguage":"ro-RO","potentialAction":[{"@type":"CommentAction","name":"Comment","target":["https:\/\/urbeamea.ro\/albaiulia\/cod-portocaliu-de-ger-in-alba-si-alte-judete-astazi-si-maine\/#respond"]}]},{"@type":"WebPage","@id":"https:\/\/urbeamea.ro\/albaiulia\/cod-portocaliu-de-ger-in-alba-si-alte-judete-astazi-si-maine\/","url":"https:\/\/urbeamea.ro\/albaiulia\/cod-portocaliu-de-ger-in-alba-si-alte-judete-astazi-si-maine\/","name":"Cod portocaliu de ger \u00een Alba \u015fi alte jude\u0163e, ast\u0103zi \u015fi m\u00e2ine - Revista Urbea Mea - Revista de Alba","isPartOf":{"@id":"https:\/\/urbeamea.ro\/albaiulia\/#website"},"primaryImageOfPage":{"@id":"https:\/\/urbeamea.ro\/albaiulia\/cod-portocaliu-de-ger-in-alba-si-alte-judete-astazi-si-maine\/#primaryimage"},"image":{"@id":"https:\/\/urbeamea.ro\/albaiulia\/cod-portocaliu-de-ger-in-alba-si-alte-judete-astazi-si-maine\/#primaryimage"},"thumbnailUrl":"https:\/\/urbeamea.ro\/albaiulia\/wp-content\/uploads\/2017\/01\/cod-portocaliu.jpg","datePublished":"2017-01-09T09:15:13+00:00","author":{"@id":"https:\/\/urbeamea.ro\/albaiulia\/#\/schema\/person\/9700d21fae21c4f038b0b56f4506264a"},"description":"Administra\u0163ia Na\u0163ional\u0103 de Meteorologie a emis avertizare Cod Portocaliu de ger persistent, \u00een intervalul 9-10 ianuarie, \u00een majoritatea jude\u0163elor din","breadcrumb":{"@id":"https:\/\/urbeamea.ro\/albaiulia\/cod-portocaliu-de-ger-in-alba-si-alte-judete-astazi-si-maine\/#breadcrumb"},"inLanguage":"ro-RO","potentialAction":[{"@type":"ReadAction","target":["https:\/\/urbeamea.ro\/albaiulia\/cod-portocaliu-de-ger-in-alba-si-alte-judete-astazi-si-maine\/"]}]},{"@type":"ImageObject","inLanguage":"ro-RO","@id":"https:\/\/urbeamea.ro\/albaiulia\/cod-portocaliu-de-ger-in-alba-si-alte-judete-astazi-si-maine\/#primaryimage","url":"https:\/\/urbeamea.ro\/albaiulia\/wp-content\/uploads\/2017\/01\/cod-portocaliu.jpg","contentUrl":"https:\/\/urbeamea.ro\/albaiulia\/wp-content\/uploads\/2017\/01\/cod-portocaliu.jpg","width":800,"height":560},{"@type":"BreadcrumbList","@id":"https:\/\/urbeamea.ro\/albaiulia\/cod-portocaliu-de-ger-in-alba-si-alte-judete-astazi-si-maine\/#breadcrumb","itemListElement":[{"@type":"ListItem","position":1,"name":"Prima pagin\u0103","item":"https:\/\/urbeamea.ro\/albaiulia\/"},{"@type":"ListItem","position":2,"name":"Cod portocaliu de ger \u00een Alba \u015fi alte jude\u0163e, ast\u0103zi \u015fi m\u00e2ine"}]},{"@type":"WebSite","@id":"https:\/\/urbeamea.ro\/albaiulia\/#website","url":"https:\/\/urbeamea.ro\/albaiulia\/","name":"Revista Urbea Mea, Stiri urbane","description":"Evenimente \u0219i \u0219tiri din Alba Iulia, Sebe\u0219, Aiud, Blaj","potentialAction":[{"@type":"SearchAction","target":{"@type":"EntryPoint","urlTemplate":"https:\/\/urbeamea.ro\/albaiulia\/?s={search_term_string}"},"query-input":{"@type":"PropertyValueSpecification","valueRequired":true,"valueName":"search_term_string"}}],"inLanguage":"ro-RO"},{"@type":"Person","@id":"https:\/\/urbeamea.ro\/albaiulia\/#\/schema\/person\/9700d21fae21c4f038b0b56f4506264a","name":"Cristina Ganga","image":{"@type":"ImageObject","inLanguage":"ro-RO","@id":"https:\/\/secure.gravatar.com\/avatar\/5a67661041f057b4a8ccaf26f5a8e86e2689372006d01faf3dd9eeb10b654bb4?s=96&d=mm&r=g","url":"https:\/\/secure.gravatar.com\/avatar\/5a67661041f057b4a8ccaf26f5a8e86e2689372006d01faf3dd9eeb10b654bb4?s=96&d=mm&r=g","contentUrl":"https:\/\/secure.gravatar.com\/avatar\/5a67661041f057b4a8ccaf26f5a8e86e2689372006d01faf3dd9eeb10b654bb4?s=96&d=mm&r=g","caption":"Cristina Ganga"},"description":"Jurnalist","sameAs":["https:\/\/www.facebook.com\/cristina.nicola.587"],"url":"https:\/\/urbeamea.ro\/albaiulia\/author\/cristina-nicola\/"}]}},"_links":{"self":[{"href":"https:\/\/urbeamea.ro\/albaiulia\/wp-json\/wp\/v2\/posts\/38381","targetHints":{"allow":["GET"]}}],"collection":[{"href":"https:\/\/urbeamea.ro\/albaiulia\/wp-json\/wp\/v2\/posts"}],"about":[{"href":"https:\/\/urbeamea.ro\/albaiulia\/wp-json\/wp\/v2\/types\/post"}],"author":[{"embeddable":true,"href":"https:\/\/urbeamea.ro\/albaiulia\/wp-json\/wp\/v2\/users\/17"}],"replies":[{"embeddable":true,"href":"https:\/\/urbeamea.ro\/albaiulia\/wp-json\/wp\/v2\/comments?post=38381"}],"version-history":[{"count":0,"href":"https:\/\/urbeamea.ro\/albaiulia\/wp-json\/wp\/v2\/posts\/38381\/revisions"}],"wp:featuredmedia":[{"embeddable":true,"href":"https:\/\/urbeamea.ro\/albaiulia\/wp-json\/wp\/v2\/media\/38382"}],"wp:attachment":[{"href":"https:\/\/urbeamea.ro\/albaiulia\/wp-json\/wp\/v2\/media?parent=38381"}],"wp:term":[{"taxonomy":"category","embeddable":true,"href":"https:\/\/urbeamea.ro\/albaiulia\/wp-json\/wp\/v2\/categories?post=38381"},{"taxonomy":"post_tag","embeddable":true,"href":"https:\/\/urbeamea.ro\/albaiulia\/wp-json\/wp\/v2\/tags?post=38381"}],"curies":[{"name":"wp","href":"https:\/\/api.w.org\/{rel}","templated":true}]}}