{"id":38403,"date":"2017-01-09T14:29:22","date_gmt":"2017-01-09T12:29:22","guid":{"rendered":"http:\/\/urbeamea.ro\/albaiulia\/?p=38403"},"modified":"2017-01-09T14:29:22","modified_gmt":"2017-01-09T12:29:22","slug":"foto-festivitatea-de-deschidere-a-noului-an-de-instructie-la-batalionul-136-geniu-apulum","status":"publish","type":"post","link":"https:\/\/urbeamea.ro\/albaiulia\/foto-festivitatea-de-deschidere-a-noului-an-de-instructie-la-batalionul-136-geniu-apulum\/","title":{"rendered":"FOTO: Festivitatea de deschidere a noului an de instruc\u0163ie la Batalionul 136 Geniu \u201eApulum\u201d"},"content":{"rendered":"<p><strong><img loading=\"lazy\" decoding=\"async\" class=\"size-medium wp-image-38404 alignleft\" src=\"http:\/\/urbeamea.ro\/albaiulia\/wp-content\/uploads\/2017\/01\/militari-iarna-3-300x200.jpg\" alt=\"\" width=\"300\" height=\"200\" \/>Luni diminea\u0163a, militarii de la Batalionul 136 Geniu \u201dApulum\u201d au luat parte la festivitatea de deschidere a anului de instruc\u0163ie 2017. Cu aceast\u0103 ocazie eu fost prezentate rezultatelor pe anul trecut \u015fi confirmarea obiectivelor din urm\u0103toarea perioad\u0103.<\/strong><\/p>\n<p>\u00cenceperea unei noi perioade de instruire marcheaz\u0103 un prilej de autoevaluare \u0219i de eviden\u021biere a\u00a0 rezultatelor ob\u0163inute \u00een cadrul procesului de instruc\u0163ie din anul anterior dar \u015fi transmiterea obiectivelor, misiunilor \u015fi priorit\u0103\u0163ilor de instruire pentru anul \u00een curs, transmit reprezentan\u0163ii unit\u0103\u0163ii militare.<\/p>\n<p><em><strong><img loading=\"lazy\" decoding=\"async\" class=\"size-medium wp-image-38405 alignleft\" src=\"http:\/\/urbeamea.ro\/albaiulia\/wp-content\/uploads\/2017\/01\/militari-iarna-2-300x200.jpg\" alt=\"\" width=\"300\" height=\"200\" \/>A fost prezentat bilan\u0163ul principalelor activit\u0103\u0163i din anul 2016, la care au participat geni\u0219tii albaiulieni:<\/strong><\/em><\/p>\n<ul>\n<li>exerci\u0163iul rom\u00e2no-american \u201eResolute Castle 16\u201d, din perioada mai-septembrie, care a avut drept scop \u00eembun\u0103t\u0103\u0163irea infrastructurii pentru instruc\u0163ie a Poligonului Cincu \u015fi cre\u015fterea interoperabilit\u0103\u0163ii dintre structurile de geniu ale Armatei SUA \u015fi structurile de geniu din For\u0163ele Terestre;<\/li>\n<li>exerci\u0163iul multina\u0163ional \u201eIEL MILU 16\u201d din lunile aprilie \u0219i noiembrie organizate \u00een Zagreb \u0219i municipiul Br\u0103ila, unde ofi\u021beri \u0219i subofi\u021beri din cadrul unit\u0103\u021bii s-au instruit \u00een comun cu militari din Croa\u021bia, Bulgaria \u0219i Georgia pentru organizarea, planificarea \u0219i executarea misiunilor destinate sprijinului de geniu pentru infrastructura de logistic\u0103;<\/li>\n<li>exerci\u021biul de mobilizare \u201dMOBEX AB-16\u201d din luna octombrie;<\/li>\n<li>desf\u0103\u0219urarea instruc\u021biei prin practicare pentru dragarea lacurilor, reabilitarea drumului \u015fi a pode\u0163elor din Complexul de poligoane \u201dPerii D\u0103ii\u201d din jude\u021bul Sibiu.<\/li>\n<\/ul>\n<p><img loading=\"lazy\" decoding=\"async\" class=\"size-medium wp-image-38406 alignleft\" src=\"http:\/\/urbeamea.ro\/albaiulia\/wp-content\/uploads\/2017\/01\/militari-iarna-1-300x200.jpg\" alt=\"\" width=\"300\" height=\"200\" \/>Obiectivul fundamental pentru anul de instruc\u021bie 2017 \u00eel constituie dezvoltarea capacit\u0103\u0163ii de planificare \u015fi conducere \u00een cadrul comandamentului, a opera\u0163iilor la nivel tactic, concomitent cu dezvoltarea capabilit\u0103\u0163ilor subunit\u0103\u0163ilor \u00een scopul \u00eendeplinirii misiunilor de sprijin genistic, asigur\u0103rii reac\u0163iei imediate pe teritoriul na\u0163ional \u015fi preg\u0103tirii de mobilizare, conform organiz\u0103rii \u015fi dot\u0103rii actuale.<\/p>\n<p>Festivitatea s-a derulat sub coordonarea lt. col. Antonel Vl\u0103sceanu.<\/p>\n","protected":false},"excerpt":{"rendered":"<p>Luni diminea\u0163a, militarii de la Batalionul 136 Geniu \u201dApulum\u201d au luat parte la festivitatea de deschidere a anului de instruc\u0163ie 2017. Cu aceast\u0103 ocazie eu fost prezentate rezultatelor pe anul trecut \u015fi confirmarea obiectivelor din urm\u0103toarea perioad\u0103. \u00cenceperea unei noi perioade de instruire marcheaz\u0103 un prilej de autoevaluare \u0219i de eviden\u021biere a\u00a0 rezultatelor ob\u0163inute \u00een &hellip;<\/p>\n","protected":false},"author":17,"featured_media":38404,"comment_status":"open","ping_status":"open","sticky":false,"template":"","format":"standard","meta":{"inline_featured_image":false,"footnotes":""},"categories":[2034],"tags":[31,4931,7368,318,916,9389,374,308,76],"class_list":["post-38403","post","type-post","status-publish","format-standard","has-post-thumbnail","hentry","category-social","tag-alba-iulia","tag-batalionul-136-geniu-apulum","tag-deschidere","tag-festivitate","tag-militari","tag-obiective","tag-rezultate","tag-stiri","tag-urbea-mea"],"yoast_head":"<!-- This site is optimized with the Yoast SEO plugin v28.3 - https:\/\/yoast.com\/product\/yoast-seo-wordpress\/ -->\n<title>FOTO: Festivitatea de deschidere a noului an de instruc\u0163ie la Batalionul 136 Geniu \u201eApulum\u201d - Revista Urbea Mea - Revista de Alba<\/title>\n<meta name=\"description\" content=\"Luni diminea\u0163a, militarii de la Batalionul 136 Geniu \u201dApulum\u201d au luat parte la festivitatea de deschidere a anului de instruc\u0163ie 2017. Cu aceast\u0103 ocazie\" \/>\n<meta name=\"robots\" content=\"index, follow, max-snippet:-1, max-image-preview:large, max-video-preview:-1\" \/>\n<link rel=\"canonical\" href=\"https:\/\/urbeamea.ro\/albaiulia\/foto-festivitatea-de-deschidere-a-noului-an-de-instructie-la-batalionul-136-geniu-apulum\/\" \/>\n<meta name=\"twitter:card\" content=\"summary_large_image\" \/>\n<meta name=\"twitter:title\" content=\"FOTO: Festivitatea de deschidere a noului an de instruc\u0163ie la Batalionul 136 Geniu \u201eApulum\u201d - Revista Urbea Mea - Revista de Alba\" \/>\n<meta name=\"twitter:description\" content=\"Luni diminea\u0163a, militarii de la Batalionul 136 Geniu \u201dApulum\u201d au luat parte la festivitatea de deschidere a anului de instruc\u0163ie 2017. Cu aceast\u0103 ocazie\" \/>\n<meta name=\"twitter:image\" content=\"https:\/\/urbeamea.ro\/albaiulia\/wp-content\/uploads\/2017\/01\/militari-iarna-3.jpg\" \/>\n<meta name=\"twitter:creator\" content=\"@urbeameaweb\" \/>\n<meta name=\"twitter:site\" content=\"@urbeameaweb\" \/>\n<script type=\"application\/ld+json\" class=\"yoast-schema-graph\">{\"@context\":\"https:\\\/\\\/schema.org\",\"@graph\":[{\"@type\":\"Article\",\"@id\":\"https:\\\/\\\/urbeamea.ro\\\/albaiulia\\\/foto-festivitatea-de-deschidere-a-noului-an-de-instructie-la-batalionul-136-geniu-apulum\\\/#article\",\"isPartOf\":{\"@id\":\"https:\\\/\\\/urbeamea.ro\\\/albaiulia\\\/foto-festivitatea-de-deschidere-a-noului-an-de-instructie-la-batalionul-136-geniu-apulum\\\/\"},\"author\":{\"name\":\"Cristina Ganga\",\"@id\":\"https:\\\/\\\/urbeamea.ro\\\/albaiulia\\\/#\\\/schema\\\/person\\\/9700d21fae21c4f038b0b56f4506264a\"},\"headline\":\"FOTO: Festivitatea de deschidere a noului an de instruc\u0163ie la Batalionul 136 Geniu \u201eApulum\u201d\",\"datePublished\":\"2017-01-09T12:29:22+00:00\",\"mainEntityOfPage\":{\"@id\":\"https:\\\/\\\/urbeamea.ro\\\/albaiulia\\\/foto-festivitatea-de-deschidere-a-noului-an-de-instructie-la-batalionul-136-geniu-apulum\\\/\"},\"wordCount\":320,\"commentCount\":0,\"image\":{\"@id\":\"https:\\\/\\\/urbeamea.ro\\\/albaiulia\\\/foto-festivitatea-de-deschidere-a-noului-an-de-instructie-la-batalionul-136-geniu-apulum\\\/#primaryimage\"},\"thumbnailUrl\":\"https:\\\/\\\/urbeamea.ro\\\/albaiulia\\\/wp-content\\\/uploads\\\/2017\\\/01\\\/militari-iarna-3.jpg\",\"keywords\":[\"Alba Iulia\",\"batalionul 136 Geniu \u201eApulum\u201d\",\"deschidere\",\"festivitate\",\"militari\",\"obiective\",\"rezultate\",\"stiri\",\"Urbea Mea\"],\"articleSection\":[\"Social\"],\"inLanguage\":\"ro-RO\",\"potentialAction\":[{\"@type\":\"CommentAction\",\"name\":\"Comment\",\"target\":[\"https:\\\/\\\/urbeamea.ro\\\/albaiulia\\\/foto-festivitatea-de-deschidere-a-noului-an-de-instructie-la-batalionul-136-geniu-apulum\\\/#respond\"]}]},{\"@type\":\"WebPage\",\"@id\":\"https:\\\/\\\/urbeamea.ro\\\/albaiulia\\\/foto-festivitatea-de-deschidere-a-noului-an-de-instructie-la-batalionul-136-geniu-apulum\\\/\",\"url\":\"https:\\\/\\\/urbeamea.ro\\\/albaiulia\\\/foto-festivitatea-de-deschidere-a-noului-an-de-instructie-la-batalionul-136-geniu-apulum\\\/\",\"name\":\"FOTO: Festivitatea de deschidere a noului an de instruc\u0163ie la Batalionul 136 Geniu \u201eApulum\u201d - Revista Urbea Mea - Revista de Alba\",\"isPartOf\":{\"@id\":\"https:\\\/\\\/urbeamea.ro\\\/albaiulia\\\/#website\"},\"primaryImageOfPage\":{\"@id\":\"https:\\\/\\\/urbeamea.ro\\\/albaiulia\\\/foto-festivitatea-de-deschidere-a-noului-an-de-instructie-la-batalionul-136-geniu-apulum\\\/#primaryimage\"},\"image\":{\"@id\":\"https:\\\/\\\/urbeamea.ro\\\/albaiulia\\\/foto-festivitatea-de-deschidere-a-noului-an-de-instructie-la-batalionul-136-geniu-apulum\\\/#primaryimage\"},\"thumbnailUrl\":\"https:\\\/\\\/urbeamea.ro\\\/albaiulia\\\/wp-content\\\/uploads\\\/2017\\\/01\\\/militari-iarna-3.jpg\",\"datePublished\":\"2017-01-09T12:29:22+00:00\",\"author\":{\"@id\":\"https:\\\/\\\/urbeamea.ro\\\/albaiulia\\\/#\\\/schema\\\/person\\\/9700d21fae21c4f038b0b56f4506264a\"},\"description\":\"Luni diminea\u0163a, militarii de la Batalionul 136 Geniu \u201dApulum\u201d au luat parte la festivitatea de deschidere a anului de instruc\u0163ie 2017. Cu aceast\u0103 ocazie\",\"breadcrumb\":{\"@id\":\"https:\\\/\\\/urbeamea.ro\\\/albaiulia\\\/foto-festivitatea-de-deschidere-a-noului-an-de-instructie-la-batalionul-136-geniu-apulum\\\/#breadcrumb\"},\"inLanguage\":\"ro-RO\",\"potentialAction\":[{\"@type\":\"ReadAction\",\"target\":[\"https:\\\/\\\/urbeamea.ro\\\/albaiulia\\\/foto-festivitatea-de-deschidere-a-noului-an-de-instructie-la-batalionul-136-geniu-apulum\\\/\"]}]},{\"@type\":\"ImageObject\",\"inLanguage\":\"ro-RO\",\"@id\":\"https:\\\/\\\/urbeamea.ro\\\/albaiulia\\\/foto-festivitatea-de-deschidere-a-noului-an-de-instructie-la-batalionul-136-geniu-apulum\\\/#primaryimage\",\"url\":\"https:\\\/\\\/urbeamea.ro\\\/albaiulia\\\/wp-content\\\/uploads\\\/2017\\\/01\\\/militari-iarna-3.jpg\",\"contentUrl\":\"https:\\\/\\\/urbeamea.ro\\\/albaiulia\\\/wp-content\\\/uploads\\\/2017\\\/01\\\/militari-iarna-3.jpg\",\"width\":800,\"height\":534},{\"@type\":\"BreadcrumbList\",\"@id\":\"https:\\\/\\\/urbeamea.ro\\\/albaiulia\\\/foto-festivitatea-de-deschidere-a-noului-an-de-instructie-la-batalionul-136-geniu-apulum\\\/#breadcrumb\",\"itemListElement\":[{\"@type\":\"ListItem\",\"position\":1,\"name\":\"Prima pagin\u0103\",\"item\":\"https:\\\/\\\/urbeamea.ro\\\/albaiulia\\\/\"},{\"@type\":\"ListItem\",\"position\":2,\"name\":\"FOTO: Festivitatea de deschidere a noului an de instruc\u0163ie la Batalionul 136 Geniu \u201eApulum\u201d\"}]},{\"@type\":\"WebSite\",\"@id\":\"https:\\\/\\\/urbeamea.ro\\\/albaiulia\\\/#website\",\"url\":\"https:\\\/\\\/urbeamea.ro\\\/albaiulia\\\/\",\"name\":\"Revista Urbea Mea, Stiri urbane\",\"description\":\"Evenimente \u0219i \u0219tiri din Alba Iulia, Sebe\u0219, Aiud, Blaj\",\"potentialAction\":[{\"@type\":\"SearchAction\",\"target\":{\"@type\":\"EntryPoint\",\"urlTemplate\":\"https:\\\/\\\/urbeamea.ro\\\/albaiulia\\\/?s={search_term_string}\"},\"query-input\":{\"@type\":\"PropertyValueSpecification\",\"valueRequired\":true,\"valueName\":\"search_term_string\"}}],\"inLanguage\":\"ro-RO\"},{\"@type\":\"Person\",\"@id\":\"https:\\\/\\\/urbeamea.ro\\\/albaiulia\\\/#\\\/schema\\\/person\\\/9700d21fae21c4f038b0b56f4506264a\",\"name\":\"Cristina Ganga\",\"image\":{\"@type\":\"ImageObject\",\"inLanguage\":\"ro-RO\",\"@id\":\"https:\\\/\\\/secure.gravatar.com\\\/avatar\\\/5a67661041f057b4a8ccaf26f5a8e86e2689372006d01faf3dd9eeb10b654bb4?s=96&d=mm&r=g\",\"url\":\"https:\\\/\\\/secure.gravatar.com\\\/avatar\\\/5a67661041f057b4a8ccaf26f5a8e86e2689372006d01faf3dd9eeb10b654bb4?s=96&d=mm&r=g\",\"contentUrl\":\"https:\\\/\\\/secure.gravatar.com\\\/avatar\\\/5a67661041f057b4a8ccaf26f5a8e86e2689372006d01faf3dd9eeb10b654bb4?s=96&d=mm&r=g\",\"caption\":\"Cristina Ganga\"},\"description\":\"Jurnalist\",\"sameAs\":[\"https:\\\/\\\/www.facebook.com\\\/cristina.nicola.587\"],\"url\":\"https:\\\/\\\/urbeamea.ro\\\/albaiulia\\\/author\\\/cristina-nicola\\\/\"}]}<\/script>\n<!-- \/ Yoast SEO plugin. -->","yoast_head_json":{"title":"FOTO: Festivitatea de deschidere a noului an de instruc\u0163ie la Batalionul 136 Geniu \u201eApulum\u201d - Revista Urbea Mea - Revista de Alba","description":"Luni diminea\u0163a, militarii de la Batalionul 136 Geniu \u201dApulum\u201d au luat parte la festivitatea de deschidere a anului de instruc\u0163ie 2017. Cu aceast\u0103 ocazie","robots":{"index":"index","follow":"follow","max-snippet":"max-snippet:-1","max-image-preview":"max-image-preview:large","max-video-preview":"max-video-preview:-1"},"canonical":"https:\/\/urbeamea.ro\/albaiulia\/foto-festivitatea-de-deschidere-a-noului-an-de-instructie-la-batalionul-136-geniu-apulum\/","twitter_card":"summary_large_image","twitter_title":"FOTO: Festivitatea de deschidere a noului an de instruc\u0163ie la Batalionul 136 Geniu \u201eApulum\u201d - Revista Urbea Mea - Revista de Alba","twitter_description":"Luni diminea\u0163a, militarii de la Batalionul 136 Geniu \u201dApulum\u201d au luat parte la festivitatea de deschidere a anului de instruc\u0163ie 2017. Cu aceast\u0103 ocazie","twitter_image":"https:\/\/urbeamea.ro\/albaiulia\/wp-content\/uploads\/2017\/01\/militari-iarna-3.jpg","twitter_creator":"@urbeameaweb","twitter_site":"@urbeameaweb","schema":{"@context":"https:\/\/schema.org","@graph":[{"@type":"Article","@id":"https:\/\/urbeamea.ro\/albaiulia\/foto-festivitatea-de-deschidere-a-noului-an-de-instructie-la-batalionul-136-geniu-apulum\/#article","isPartOf":{"@id":"https:\/\/urbeamea.ro\/albaiulia\/foto-festivitatea-de-deschidere-a-noului-an-de-instructie-la-batalionul-136-geniu-apulum\/"},"author":{"name":"Cristina Ganga","@id":"https:\/\/urbeamea.ro\/albaiulia\/#\/schema\/person\/9700d21fae21c4f038b0b56f4506264a"},"headline":"FOTO: Festivitatea de deschidere a noului an de instruc\u0163ie la Batalionul 136 Geniu \u201eApulum\u201d","datePublished":"2017-01-09T12:29:22+00:00","mainEntityOfPage":{"@id":"https:\/\/urbeamea.ro\/albaiulia\/foto-festivitatea-de-deschidere-a-noului-an-de-instructie-la-batalionul-136-geniu-apulum\/"},"wordCount":320,"commentCount":0,"image":{"@id":"https:\/\/urbeamea.ro\/albaiulia\/foto-festivitatea-de-deschidere-a-noului-an-de-instructie-la-batalionul-136-geniu-apulum\/#primaryimage"},"thumbnailUrl":"https:\/\/urbeamea.ro\/albaiulia\/wp-content\/uploads\/2017\/01\/militari-iarna-3.jpg","keywords":["Alba Iulia","batalionul 136 Geniu \u201eApulum\u201d","deschidere","festivitate","militari","obiective","rezultate","stiri","Urbea Mea"],"articleSection":["Social"],"inLanguage":"ro-RO","potentialAction":[{"@type":"CommentAction","name":"Comment","target":["https:\/\/urbeamea.ro\/albaiulia\/foto-festivitatea-de-deschidere-a-noului-an-de-instructie-la-batalionul-136-geniu-apulum\/#respond"]}]},{"@type":"WebPage","@id":"https:\/\/urbeamea.ro\/albaiulia\/foto-festivitatea-de-deschidere-a-noului-an-de-instructie-la-batalionul-136-geniu-apulum\/","url":"https:\/\/urbeamea.ro\/albaiulia\/foto-festivitatea-de-deschidere-a-noului-an-de-instructie-la-batalionul-136-geniu-apulum\/","name":"FOTO: Festivitatea de deschidere a noului an de instruc\u0163ie la Batalionul 136 Geniu \u201eApulum\u201d - Revista Urbea Mea - Revista de Alba","isPartOf":{"@id":"https:\/\/urbeamea.ro\/albaiulia\/#website"},"primaryImageOfPage":{"@id":"https:\/\/urbeamea.ro\/albaiulia\/foto-festivitatea-de-deschidere-a-noului-an-de-instructie-la-batalionul-136-geniu-apulum\/#primaryimage"},"image":{"@id":"https:\/\/urbeamea.ro\/albaiulia\/foto-festivitatea-de-deschidere-a-noului-an-de-instructie-la-batalionul-136-geniu-apulum\/#primaryimage"},"thumbnailUrl":"https:\/\/urbeamea.ro\/albaiulia\/wp-content\/uploads\/2017\/01\/militari-iarna-3.jpg","datePublished":"2017-01-09T12:29:22+00:00","author":{"@id":"https:\/\/urbeamea.ro\/albaiulia\/#\/schema\/person\/9700d21fae21c4f038b0b56f4506264a"},"description":"Luni diminea\u0163a, militarii de la Batalionul 136 Geniu \u201dApulum\u201d au luat parte la festivitatea de deschidere a anului de instruc\u0163ie 2017. Cu aceast\u0103 ocazie","breadcrumb":{"@id":"https:\/\/urbeamea.ro\/albaiulia\/foto-festivitatea-de-deschidere-a-noului-an-de-instructie-la-batalionul-136-geniu-apulum\/#breadcrumb"},"inLanguage":"ro-RO","potentialAction":[{"@type":"ReadAction","target":["https:\/\/urbeamea.ro\/albaiulia\/foto-festivitatea-de-deschidere-a-noului-an-de-instructie-la-batalionul-136-geniu-apulum\/"]}]},{"@type":"ImageObject","inLanguage":"ro-RO","@id":"https:\/\/urbeamea.ro\/albaiulia\/foto-festivitatea-de-deschidere-a-noului-an-de-instructie-la-batalionul-136-geniu-apulum\/#primaryimage","url":"https:\/\/urbeamea.ro\/albaiulia\/wp-content\/uploads\/2017\/01\/militari-iarna-3.jpg","contentUrl":"https:\/\/urbeamea.ro\/albaiulia\/wp-content\/uploads\/2017\/01\/militari-iarna-3.jpg","width":800,"height":534},{"@type":"BreadcrumbList","@id":"https:\/\/urbeamea.ro\/albaiulia\/foto-festivitatea-de-deschidere-a-noului-an-de-instructie-la-batalionul-136-geniu-apulum\/#breadcrumb","itemListElement":[{"@type":"ListItem","position":1,"name":"Prima pagin\u0103","item":"https:\/\/urbeamea.ro\/albaiulia\/"},{"@type":"ListItem","position":2,"name":"FOTO: Festivitatea de deschidere a noului an de instruc\u0163ie la Batalionul 136 Geniu \u201eApulum\u201d"}]},{"@type":"WebSite","@id":"https:\/\/urbeamea.ro\/albaiulia\/#website","url":"https:\/\/urbeamea.ro\/albaiulia\/","name":"Revista Urbea Mea, Stiri urbane","description":"Evenimente \u0219i \u0219tiri din Alba Iulia, Sebe\u0219, Aiud, Blaj","potentialAction":[{"@type":"SearchAction","target":{"@type":"EntryPoint","urlTemplate":"https:\/\/urbeamea.ro\/albaiulia\/?s={search_term_string}"},"query-input":{"@type":"PropertyValueSpecification","valueRequired":true,"valueName":"search_term_string"}}],"inLanguage":"ro-RO"},{"@type":"Person","@id":"https:\/\/urbeamea.ro\/albaiulia\/#\/schema\/person\/9700d21fae21c4f038b0b56f4506264a","name":"Cristina Ganga","image":{"@type":"ImageObject","inLanguage":"ro-RO","@id":"https:\/\/secure.gravatar.com\/avatar\/5a67661041f057b4a8ccaf26f5a8e86e2689372006d01faf3dd9eeb10b654bb4?s=96&d=mm&r=g","url":"https:\/\/secure.gravatar.com\/avatar\/5a67661041f057b4a8ccaf26f5a8e86e2689372006d01faf3dd9eeb10b654bb4?s=96&d=mm&r=g","contentUrl":"https:\/\/secure.gravatar.com\/avatar\/5a67661041f057b4a8ccaf26f5a8e86e2689372006d01faf3dd9eeb10b654bb4?s=96&d=mm&r=g","caption":"Cristina Ganga"},"description":"Jurnalist","sameAs":["https:\/\/www.facebook.com\/cristina.nicola.587"],"url":"https:\/\/urbeamea.ro\/albaiulia\/author\/cristina-nicola\/"}]}},"_links":{"self":[{"href":"https:\/\/urbeamea.ro\/albaiulia\/wp-json\/wp\/v2\/posts\/38403","targetHints":{"allow":["GET"]}}],"collection":[{"href":"https:\/\/urbeamea.ro\/albaiulia\/wp-json\/wp\/v2\/posts"}],"about":[{"href":"https:\/\/urbeamea.ro\/albaiulia\/wp-json\/wp\/v2\/types\/post"}],"author":[{"embeddable":true,"href":"https:\/\/urbeamea.ro\/albaiulia\/wp-json\/wp\/v2\/users\/17"}],"replies":[{"embeddable":true,"href":"https:\/\/urbeamea.ro\/albaiulia\/wp-json\/wp\/v2\/comments?post=38403"}],"version-history":[{"count":0,"href":"https:\/\/urbeamea.ro\/albaiulia\/wp-json\/wp\/v2\/posts\/38403\/revisions"}],"wp:featuredmedia":[{"embeddable":true,"href":"https:\/\/urbeamea.ro\/albaiulia\/wp-json\/wp\/v2\/media\/38404"}],"wp:attachment":[{"href":"https:\/\/urbeamea.ro\/albaiulia\/wp-json\/wp\/v2\/media?parent=38403"}],"wp:term":[{"taxonomy":"category","embeddable":true,"href":"https:\/\/urbeamea.ro\/albaiulia\/wp-json\/wp\/v2\/categories?post=38403"},{"taxonomy":"post_tag","embeddable":true,"href":"https:\/\/urbeamea.ro\/albaiulia\/wp-json\/wp\/v2\/tags?post=38403"}],"curies":[{"name":"wp","href":"https:\/\/api.w.org\/{rel}","templated":true}]}}