{"id":38470,"date":"2017-01-10T11:13:29","date_gmt":"2017-01-10T09:13:29","guid":{"rendered":"http:\/\/urbeamea.ro\/albaiulia\/?p=38470"},"modified":"2017-01-10T11:13:29","modified_gmt":"2017-01-10T09:13:29","slug":"tanar-din-teius-cercetat-penal-dupa-ce-a-condus-o-masina-neinatriculata-si-a-lovit-un-autoturism-parcat","status":"publish","type":"post","link":"https:\/\/urbeamea.ro\/albaiulia\/tanar-din-teius-cercetat-penal-dupa-ce-a-condus-o-masina-neinatriculata-si-a-lovit-un-autoturism-parcat\/","title":{"rendered":"T\u00e2n\u0103r din Teiu\u015f, cercetat penal dup\u0103 ce a condus o ma\u015fin\u0103 ne\u00eenatriculat\u0103 \u015fi a lovit un autoturism parcat"},"content":{"rendered":"<p><strong><img loading=\"lazy\" decoding=\"async\" class=\"size-medium wp-image-38240 alignleft\" src=\"http:\/\/urbeamea.ro\/albaiulia\/wp-content\/uploads\/2017\/01\/politiarutieramasinadepolitie413-1453117222-300x173.jpg\" alt=\"\" width=\"300\" height=\"173\" \/>Un t\u00e2n\u0103r \u00een v\u00e2rst\u0103 de 22 de ani din Teiu\u0219 este cercetat penal dup\u0103 ce, aflat la volanul unui autoturism ne\u00eenmatriculat, a intrat \u00een coliziune cu o ma\u0219in\u0103 care sta\u021biona.<\/strong><\/p>\n<p><span lang=\"ro-RO\">Potrivit IPJ Alba, la data de 9 ianuarie, \u00een jurul orei 19.00, poli\u0163i\u015ftii din Teiu\u015f au fost sesiza\u0163i cu privire la producerea unui eveniment rutier soldat cu pagube materiale, pe strada Clujului din ora\u015f.<\/span><\/p>\n<p><span lang=\"ro-RO\">\u00cen urma verific\u0103rilor, poli\u0163i\u015ftii au constat c\u0103 H.I. de 22 de ani, din Teiu\u015f, \u00een timp ce conducea autoturismul, a efectuat manevra de mers \u00eenapoi, nu s-a asigurat corespunz\u0103tor \u0219i a intrat in coliziune cu un autoturism care sta\u0163iona.<\/span><\/p>\n<p><span lang=\"ro-RO\">De asemenea, \u00een urma verific\u0103rilor, poli\u0163i\u015ftii au mai constat si faptul c\u0103 autoturismul condus de t\u00e2n\u0103r avea num\u0103rul de \u00eenmatriculare radiat. <\/span><\/p>\n<p>Fa\u0163\u0103 de conduc\u0103torul auto, cercet\u0103rile sunt continuate sub aspectul comiterii infrac\u021biunii de conducerea, pe drumurile publice, a unui autovehicul ne\u00eenmatriculat.<\/p>\n","protected":false},"excerpt":{"rendered":"<p>Un t\u00e2n\u0103r \u00een v\u00e2rst\u0103 de 22 de ani din Teiu\u0219 este cercetat penal dup\u0103 ce, aflat la volanul unui autoturism ne\u00eenmatriculat, a intrat \u00een coliziune cu o ma\u0219in\u0103 care sta\u021biona. Potrivit IPJ Alba, la data de 9 ianuarie, \u00een jurul orei 19.00, poli\u0163i\u015ftii din Teiu\u015f au fost sesiza\u0163i cu privire la producerea unui eveniment rutier &hellip;<\/p>\n","protected":false},"author":17,"featured_media":38240,"comment_status":"open","ping_status":"open","sticky":false,"template":"","format":"standard","meta":{"inline_featured_image":false,"footnotes":""},"categories":[2034],"tags":[3938,2977,458,308,2533,2419,76],"class_list":["post-38470","post","type-post","status-publish","format-standard","has-post-thumbnail","hentry","category-social","tag-autoturism-neinmatriculat","tag-coliziune","tag-politisti","tag-stiri","tag-tanar","tag-teius","tag-urbea-mea"],"yoast_head":"<!-- This site is optimized with the Yoast SEO plugin v27.4 - https:\/\/yoast.com\/product\/yoast-seo-wordpress\/ -->\n<title>T\u00e2n\u0103r din Teiu\u015f, cercetat penal dup\u0103 ce a condus o ma\u015fin\u0103 ne\u00eenatriculat\u0103 \u015fi a lovit un autoturism parcat - Revista Urbea Mea - Revista de Alba<\/title>\n<meta name=\"description\" content=\"Un t\u00e2n\u0103r \u00een v\u00e2rst\u0103 de 22 de ani din Teiu\u0219 este cercetat penal dup\u0103 ce, aflat la volanul unui autoturism ne\u00eenmatriculat, a intrat \u00een coliziune cu o ma\u0219in\u0103\" \/>\n<meta name=\"robots\" content=\"index, follow, max-snippet:-1, max-image-preview:large, max-video-preview:-1\" \/>\n<link rel=\"canonical\" href=\"https:\/\/urbeamea.ro\/albaiulia\/tanar-din-teius-cercetat-penal-dupa-ce-a-condus-o-masina-neinatriculata-si-a-lovit-un-autoturism-parcat\/\" \/>\n<meta name=\"twitter:card\" content=\"summary_large_image\" \/>\n<meta name=\"twitter:title\" content=\"T\u00e2n\u0103r din Teiu\u015f, cercetat penal dup\u0103 ce a condus o ma\u015fin\u0103 ne\u00eenatriculat\u0103 \u015fi a lovit un autoturism parcat - Revista Urbea Mea - Revista de Alba\" \/>\n<meta name=\"twitter:description\" content=\"Un t\u00e2n\u0103r \u00een v\u00e2rst\u0103 de 22 de ani din Teiu\u0219 este cercetat penal dup\u0103 ce, aflat la volanul unui autoturism ne\u00eenmatriculat, a intrat \u00een coliziune cu o ma\u0219in\u0103\" \/>\n<meta name=\"twitter:image\" content=\"https:\/\/urbeamea.ro\/albaiulia\/wp-content\/uploads\/2017\/01\/politiarutieramasinadepolitie413-1453117222.jpg\" \/>\n<meta name=\"twitter:creator\" content=\"@urbeameaweb\" \/>\n<meta name=\"twitter:site\" content=\"@urbeameaweb\" \/>\n<script type=\"application\/ld+json\" class=\"yoast-schema-graph\">{\"@context\":\"https:\\\/\\\/schema.org\",\"@graph\":[{\"@type\":\"Article\",\"@id\":\"https:\\\/\\\/urbeamea.ro\\\/albaiulia\\\/tanar-din-teius-cercetat-penal-dupa-ce-a-condus-o-masina-neinatriculata-si-a-lovit-un-autoturism-parcat\\\/#article\",\"isPartOf\":{\"@id\":\"https:\\\/\\\/urbeamea.ro\\\/albaiulia\\\/tanar-din-teius-cercetat-penal-dupa-ce-a-condus-o-masina-neinatriculata-si-a-lovit-un-autoturism-parcat\\\/\"},\"author\":{\"name\":\"Cristina Ganga\",\"@id\":\"https:\\\/\\\/urbeamea.ro\\\/albaiulia\\\/#\\\/schema\\\/person\\\/9700d21fae21c4f038b0b56f4506264a\"},\"headline\":\"T\u00e2n\u0103r din Teiu\u015f, cercetat penal dup\u0103 ce a condus o ma\u015fin\u0103 ne\u00eenatriculat\u0103 \u015fi a lovit un autoturism parcat\",\"datePublished\":\"2017-01-10T09:13:29+00:00\",\"mainEntityOfPage\":{\"@id\":\"https:\\\/\\\/urbeamea.ro\\\/albaiulia\\\/tanar-din-teius-cercetat-penal-dupa-ce-a-condus-o-masina-neinatriculata-si-a-lovit-un-autoturism-parcat\\\/\"},\"wordCount\":187,\"commentCount\":0,\"image\":{\"@id\":\"https:\\\/\\\/urbeamea.ro\\\/albaiulia\\\/tanar-din-teius-cercetat-penal-dupa-ce-a-condus-o-masina-neinatriculata-si-a-lovit-un-autoturism-parcat\\\/#primaryimage\"},\"thumbnailUrl\":\"https:\\\/\\\/urbeamea.ro\\\/albaiulia\\\/wp-content\\\/uploads\\\/2017\\\/01\\\/politiarutieramasinadepolitie413-1453117222.jpg\",\"keywords\":[\"autoturism neinmatriculat\",\"coliziune\",\"politisti\",\"stiri\",\"tanar\",\"teius\",\"Urbea Mea\"],\"articleSection\":[\"Social\"],\"inLanguage\":\"ro-RO\",\"potentialAction\":[{\"@type\":\"CommentAction\",\"name\":\"Comment\",\"target\":[\"https:\\\/\\\/urbeamea.ro\\\/albaiulia\\\/tanar-din-teius-cercetat-penal-dupa-ce-a-condus-o-masina-neinatriculata-si-a-lovit-un-autoturism-parcat\\\/#respond\"]}]},{\"@type\":\"WebPage\",\"@id\":\"https:\\\/\\\/urbeamea.ro\\\/albaiulia\\\/tanar-din-teius-cercetat-penal-dupa-ce-a-condus-o-masina-neinatriculata-si-a-lovit-un-autoturism-parcat\\\/\",\"url\":\"https:\\\/\\\/urbeamea.ro\\\/albaiulia\\\/tanar-din-teius-cercetat-penal-dupa-ce-a-condus-o-masina-neinatriculata-si-a-lovit-un-autoturism-parcat\\\/\",\"name\":\"T\u00e2n\u0103r din Teiu\u015f, cercetat penal dup\u0103 ce a condus o ma\u015fin\u0103 ne\u00eenatriculat\u0103 \u015fi a lovit un autoturism parcat - Revista Urbea Mea - Revista de Alba\",\"isPartOf\":{\"@id\":\"https:\\\/\\\/urbeamea.ro\\\/albaiulia\\\/#website\"},\"primaryImageOfPage\":{\"@id\":\"https:\\\/\\\/urbeamea.ro\\\/albaiulia\\\/tanar-din-teius-cercetat-penal-dupa-ce-a-condus-o-masina-neinatriculata-si-a-lovit-un-autoturism-parcat\\\/#primaryimage\"},\"image\":{\"@id\":\"https:\\\/\\\/urbeamea.ro\\\/albaiulia\\\/tanar-din-teius-cercetat-penal-dupa-ce-a-condus-o-masina-neinatriculata-si-a-lovit-un-autoturism-parcat\\\/#primaryimage\"},\"thumbnailUrl\":\"https:\\\/\\\/urbeamea.ro\\\/albaiulia\\\/wp-content\\\/uploads\\\/2017\\\/01\\\/politiarutieramasinadepolitie413-1453117222.jpg\",\"datePublished\":\"2017-01-10T09:13:29+00:00\",\"author\":{\"@id\":\"https:\\\/\\\/urbeamea.ro\\\/albaiulia\\\/#\\\/schema\\\/person\\\/9700d21fae21c4f038b0b56f4506264a\"},\"description\":\"Un t\u00e2n\u0103r \u00een v\u00e2rst\u0103 de 22 de ani din Teiu\u0219 este cercetat penal dup\u0103 ce, aflat la volanul unui autoturism ne\u00eenmatriculat, a intrat \u00een coliziune cu o ma\u0219in\u0103\",\"breadcrumb\":{\"@id\":\"https:\\\/\\\/urbeamea.ro\\\/albaiulia\\\/tanar-din-teius-cercetat-penal-dupa-ce-a-condus-o-masina-neinatriculata-si-a-lovit-un-autoturism-parcat\\\/#breadcrumb\"},\"inLanguage\":\"ro-RO\",\"potentialAction\":[{\"@type\":\"ReadAction\",\"target\":[\"https:\\\/\\\/urbeamea.ro\\\/albaiulia\\\/tanar-din-teius-cercetat-penal-dupa-ce-a-condus-o-masina-neinatriculata-si-a-lovit-un-autoturism-parcat\\\/\"]}]},{\"@type\":\"ImageObject\",\"inLanguage\":\"ro-RO\",\"@id\":\"https:\\\/\\\/urbeamea.ro\\\/albaiulia\\\/tanar-din-teius-cercetat-penal-dupa-ce-a-condus-o-masina-neinatriculata-si-a-lovit-un-autoturism-parcat\\\/#primaryimage\",\"url\":\"https:\\\/\\\/urbeamea.ro\\\/albaiulia\\\/wp-content\\\/uploads\\\/2017\\\/01\\\/politiarutieramasinadepolitie413-1453117222.jpg\",\"contentUrl\":\"https:\\\/\\\/urbeamea.ro\\\/albaiulia\\\/wp-content\\\/uploads\\\/2017\\\/01\\\/politiarutieramasinadepolitie413-1453117222.jpg\",\"width\":660,\"height\":380},{\"@type\":\"BreadcrumbList\",\"@id\":\"https:\\\/\\\/urbeamea.ro\\\/albaiulia\\\/tanar-din-teius-cercetat-penal-dupa-ce-a-condus-o-masina-neinatriculata-si-a-lovit-un-autoturism-parcat\\\/#breadcrumb\",\"itemListElement\":[{\"@type\":\"ListItem\",\"position\":1,\"name\":\"Prima pagin\u0103\",\"item\":\"https:\\\/\\\/urbeamea.ro\\\/albaiulia\\\/\"},{\"@type\":\"ListItem\",\"position\":2,\"name\":\"T\u00e2n\u0103r din Teiu\u015f, cercetat penal dup\u0103 ce a condus o ma\u015fin\u0103 ne\u00eenatriculat\u0103 \u015fi a lovit un autoturism parcat\"}]},{\"@type\":\"WebSite\",\"@id\":\"https:\\\/\\\/urbeamea.ro\\\/albaiulia\\\/#website\",\"url\":\"https:\\\/\\\/urbeamea.ro\\\/albaiulia\\\/\",\"name\":\"Revista Urbea Mea, Stiri urbane\",\"description\":\"Evenimente \u0219i \u0219tiri din Alba Iulia, Sebe\u0219, Aiud, Blaj\",\"potentialAction\":[{\"@type\":\"SearchAction\",\"target\":{\"@type\":\"EntryPoint\",\"urlTemplate\":\"https:\\\/\\\/urbeamea.ro\\\/albaiulia\\\/?s={search_term_string}\"},\"query-input\":{\"@type\":\"PropertyValueSpecification\",\"valueRequired\":true,\"valueName\":\"search_term_string\"}}],\"inLanguage\":\"ro-RO\"},{\"@type\":\"Person\",\"@id\":\"https:\\\/\\\/urbeamea.ro\\\/albaiulia\\\/#\\\/schema\\\/person\\\/9700d21fae21c4f038b0b56f4506264a\",\"name\":\"Cristina Ganga\",\"image\":{\"@type\":\"ImageObject\",\"inLanguage\":\"ro-RO\",\"@id\":\"https:\\\/\\\/secure.gravatar.com\\\/avatar\\\/5a67661041f057b4a8ccaf26f5a8e86e2689372006d01faf3dd9eeb10b654bb4?s=96&d=mm&r=g\",\"url\":\"https:\\\/\\\/secure.gravatar.com\\\/avatar\\\/5a67661041f057b4a8ccaf26f5a8e86e2689372006d01faf3dd9eeb10b654bb4?s=96&d=mm&r=g\",\"contentUrl\":\"https:\\\/\\\/secure.gravatar.com\\\/avatar\\\/5a67661041f057b4a8ccaf26f5a8e86e2689372006d01faf3dd9eeb10b654bb4?s=96&d=mm&r=g\",\"caption\":\"Cristina Ganga\"},\"description\":\"Jurnalist\",\"sameAs\":[\"https:\\\/\\\/www.facebook.com\\\/cristina.nicola.587\"],\"url\":\"https:\\\/\\\/urbeamea.ro\\\/albaiulia\\\/author\\\/cristina-nicola\\\/\"}]}<\/script>\n<!-- \/ Yoast SEO plugin. -->","yoast_head_json":{"title":"T\u00e2n\u0103r din Teiu\u015f, cercetat penal dup\u0103 ce a condus o ma\u015fin\u0103 ne\u00eenatriculat\u0103 \u015fi a lovit un autoturism parcat - Revista Urbea Mea - Revista de Alba","description":"Un t\u00e2n\u0103r \u00een v\u00e2rst\u0103 de 22 de ani din Teiu\u0219 este cercetat penal dup\u0103 ce, aflat la volanul unui autoturism ne\u00eenmatriculat, a intrat \u00een coliziune cu o ma\u0219in\u0103","robots":{"index":"index","follow":"follow","max-snippet":"max-snippet:-1","max-image-preview":"max-image-preview:large","max-video-preview":"max-video-preview:-1"},"canonical":"https:\/\/urbeamea.ro\/albaiulia\/tanar-din-teius-cercetat-penal-dupa-ce-a-condus-o-masina-neinatriculata-si-a-lovit-un-autoturism-parcat\/","twitter_card":"summary_large_image","twitter_title":"T\u00e2n\u0103r din Teiu\u015f, cercetat penal dup\u0103 ce a condus o ma\u015fin\u0103 ne\u00eenatriculat\u0103 \u015fi a lovit un autoturism parcat - Revista Urbea Mea - Revista de Alba","twitter_description":"Un t\u00e2n\u0103r \u00een v\u00e2rst\u0103 de 22 de ani din Teiu\u0219 este cercetat penal dup\u0103 ce, aflat la volanul unui autoturism ne\u00eenmatriculat, a intrat \u00een coliziune cu o ma\u0219in\u0103","twitter_image":"https:\/\/urbeamea.ro\/albaiulia\/wp-content\/uploads\/2017\/01\/politiarutieramasinadepolitie413-1453117222.jpg","twitter_creator":"@urbeameaweb","twitter_site":"@urbeameaweb","schema":{"@context":"https:\/\/schema.org","@graph":[{"@type":"Article","@id":"https:\/\/urbeamea.ro\/albaiulia\/tanar-din-teius-cercetat-penal-dupa-ce-a-condus-o-masina-neinatriculata-si-a-lovit-un-autoturism-parcat\/#article","isPartOf":{"@id":"https:\/\/urbeamea.ro\/albaiulia\/tanar-din-teius-cercetat-penal-dupa-ce-a-condus-o-masina-neinatriculata-si-a-lovit-un-autoturism-parcat\/"},"author":{"name":"Cristina Ganga","@id":"https:\/\/urbeamea.ro\/albaiulia\/#\/schema\/person\/9700d21fae21c4f038b0b56f4506264a"},"headline":"T\u00e2n\u0103r din Teiu\u015f, cercetat penal dup\u0103 ce a condus o ma\u015fin\u0103 ne\u00eenatriculat\u0103 \u015fi a lovit un autoturism parcat","datePublished":"2017-01-10T09:13:29+00:00","mainEntityOfPage":{"@id":"https:\/\/urbeamea.ro\/albaiulia\/tanar-din-teius-cercetat-penal-dupa-ce-a-condus-o-masina-neinatriculata-si-a-lovit-un-autoturism-parcat\/"},"wordCount":187,"commentCount":0,"image":{"@id":"https:\/\/urbeamea.ro\/albaiulia\/tanar-din-teius-cercetat-penal-dupa-ce-a-condus-o-masina-neinatriculata-si-a-lovit-un-autoturism-parcat\/#primaryimage"},"thumbnailUrl":"https:\/\/urbeamea.ro\/albaiulia\/wp-content\/uploads\/2017\/01\/politiarutieramasinadepolitie413-1453117222.jpg","keywords":["autoturism neinmatriculat","coliziune","politisti","stiri","tanar","teius","Urbea Mea"],"articleSection":["Social"],"inLanguage":"ro-RO","potentialAction":[{"@type":"CommentAction","name":"Comment","target":["https:\/\/urbeamea.ro\/albaiulia\/tanar-din-teius-cercetat-penal-dupa-ce-a-condus-o-masina-neinatriculata-si-a-lovit-un-autoturism-parcat\/#respond"]}]},{"@type":"WebPage","@id":"https:\/\/urbeamea.ro\/albaiulia\/tanar-din-teius-cercetat-penal-dupa-ce-a-condus-o-masina-neinatriculata-si-a-lovit-un-autoturism-parcat\/","url":"https:\/\/urbeamea.ro\/albaiulia\/tanar-din-teius-cercetat-penal-dupa-ce-a-condus-o-masina-neinatriculata-si-a-lovit-un-autoturism-parcat\/","name":"T\u00e2n\u0103r din Teiu\u015f, cercetat penal dup\u0103 ce a condus o ma\u015fin\u0103 ne\u00eenatriculat\u0103 \u015fi a lovit un autoturism parcat - Revista Urbea Mea - Revista de Alba","isPartOf":{"@id":"https:\/\/urbeamea.ro\/albaiulia\/#website"},"primaryImageOfPage":{"@id":"https:\/\/urbeamea.ro\/albaiulia\/tanar-din-teius-cercetat-penal-dupa-ce-a-condus-o-masina-neinatriculata-si-a-lovit-un-autoturism-parcat\/#primaryimage"},"image":{"@id":"https:\/\/urbeamea.ro\/albaiulia\/tanar-din-teius-cercetat-penal-dupa-ce-a-condus-o-masina-neinatriculata-si-a-lovit-un-autoturism-parcat\/#primaryimage"},"thumbnailUrl":"https:\/\/urbeamea.ro\/albaiulia\/wp-content\/uploads\/2017\/01\/politiarutieramasinadepolitie413-1453117222.jpg","datePublished":"2017-01-10T09:13:29+00:00","author":{"@id":"https:\/\/urbeamea.ro\/albaiulia\/#\/schema\/person\/9700d21fae21c4f038b0b56f4506264a"},"description":"Un t\u00e2n\u0103r \u00een v\u00e2rst\u0103 de 22 de ani din Teiu\u0219 este cercetat penal dup\u0103 ce, aflat la volanul unui autoturism ne\u00eenmatriculat, a intrat \u00een coliziune cu o ma\u0219in\u0103","breadcrumb":{"@id":"https:\/\/urbeamea.ro\/albaiulia\/tanar-din-teius-cercetat-penal-dupa-ce-a-condus-o-masina-neinatriculata-si-a-lovit-un-autoturism-parcat\/#breadcrumb"},"inLanguage":"ro-RO","potentialAction":[{"@type":"ReadAction","target":["https:\/\/urbeamea.ro\/albaiulia\/tanar-din-teius-cercetat-penal-dupa-ce-a-condus-o-masina-neinatriculata-si-a-lovit-un-autoturism-parcat\/"]}]},{"@type":"ImageObject","inLanguage":"ro-RO","@id":"https:\/\/urbeamea.ro\/albaiulia\/tanar-din-teius-cercetat-penal-dupa-ce-a-condus-o-masina-neinatriculata-si-a-lovit-un-autoturism-parcat\/#primaryimage","url":"https:\/\/urbeamea.ro\/albaiulia\/wp-content\/uploads\/2017\/01\/politiarutieramasinadepolitie413-1453117222.jpg","contentUrl":"https:\/\/urbeamea.ro\/albaiulia\/wp-content\/uploads\/2017\/01\/politiarutieramasinadepolitie413-1453117222.jpg","width":660,"height":380},{"@type":"BreadcrumbList","@id":"https:\/\/urbeamea.ro\/albaiulia\/tanar-din-teius-cercetat-penal-dupa-ce-a-condus-o-masina-neinatriculata-si-a-lovit-un-autoturism-parcat\/#breadcrumb","itemListElement":[{"@type":"ListItem","position":1,"name":"Prima pagin\u0103","item":"https:\/\/urbeamea.ro\/albaiulia\/"},{"@type":"ListItem","position":2,"name":"T\u00e2n\u0103r din Teiu\u015f, cercetat penal dup\u0103 ce a condus o ma\u015fin\u0103 ne\u00eenatriculat\u0103 \u015fi a lovit un autoturism parcat"}]},{"@type":"WebSite","@id":"https:\/\/urbeamea.ro\/albaiulia\/#website","url":"https:\/\/urbeamea.ro\/albaiulia\/","name":"Revista Urbea Mea, Stiri urbane","description":"Evenimente \u0219i \u0219tiri din Alba Iulia, Sebe\u0219, Aiud, Blaj","potentialAction":[{"@type":"SearchAction","target":{"@type":"EntryPoint","urlTemplate":"https:\/\/urbeamea.ro\/albaiulia\/?s={search_term_string}"},"query-input":{"@type":"PropertyValueSpecification","valueRequired":true,"valueName":"search_term_string"}}],"inLanguage":"ro-RO"},{"@type":"Person","@id":"https:\/\/urbeamea.ro\/albaiulia\/#\/schema\/person\/9700d21fae21c4f038b0b56f4506264a","name":"Cristina Ganga","image":{"@type":"ImageObject","inLanguage":"ro-RO","@id":"https:\/\/secure.gravatar.com\/avatar\/5a67661041f057b4a8ccaf26f5a8e86e2689372006d01faf3dd9eeb10b654bb4?s=96&d=mm&r=g","url":"https:\/\/secure.gravatar.com\/avatar\/5a67661041f057b4a8ccaf26f5a8e86e2689372006d01faf3dd9eeb10b654bb4?s=96&d=mm&r=g","contentUrl":"https:\/\/secure.gravatar.com\/avatar\/5a67661041f057b4a8ccaf26f5a8e86e2689372006d01faf3dd9eeb10b654bb4?s=96&d=mm&r=g","caption":"Cristina Ganga"},"description":"Jurnalist","sameAs":["https:\/\/www.facebook.com\/cristina.nicola.587"],"url":"https:\/\/urbeamea.ro\/albaiulia\/author\/cristina-nicola\/"}]}},"_links":{"self":[{"href":"https:\/\/urbeamea.ro\/albaiulia\/wp-json\/wp\/v2\/posts\/38470","targetHints":{"allow":["GET"]}}],"collection":[{"href":"https:\/\/urbeamea.ro\/albaiulia\/wp-json\/wp\/v2\/posts"}],"about":[{"href":"https:\/\/urbeamea.ro\/albaiulia\/wp-json\/wp\/v2\/types\/post"}],"author":[{"embeddable":true,"href":"https:\/\/urbeamea.ro\/albaiulia\/wp-json\/wp\/v2\/users\/17"}],"replies":[{"embeddable":true,"href":"https:\/\/urbeamea.ro\/albaiulia\/wp-json\/wp\/v2\/comments?post=38470"}],"version-history":[{"count":0,"href":"https:\/\/urbeamea.ro\/albaiulia\/wp-json\/wp\/v2\/posts\/38470\/revisions"}],"wp:featuredmedia":[{"embeddable":true,"href":"https:\/\/urbeamea.ro\/albaiulia\/wp-json\/wp\/v2\/media\/38240"}],"wp:attachment":[{"href":"https:\/\/urbeamea.ro\/albaiulia\/wp-json\/wp\/v2\/media?parent=38470"}],"wp:term":[{"taxonomy":"category","embeddable":true,"href":"https:\/\/urbeamea.ro\/albaiulia\/wp-json\/wp\/v2\/categories?post=38470"},{"taxonomy":"post_tag","embeddable":true,"href":"https:\/\/urbeamea.ro\/albaiulia\/wp-json\/wp\/v2\/tags?post=38470"}],"curies":[{"name":"wp","href":"https:\/\/api.w.org\/{rel}","templated":true}]}}