{"id":3849,"date":"2015-05-08T14:58:49","date_gmt":"2015-05-08T11:58:49","guid":{"rendered":"http:\/\/urbeamea.ro\/albaiulia\/?p=3849"},"modified":"2015-05-08T15:00:05","modified_gmt":"2015-05-08T12:00:05","slug":"50-de-tineri-au-participat-la-workshop-ul-tinerii-in-europa-de-azi-oportunitati-si-provocari","status":"publish","type":"post","link":"https:\/\/urbeamea.ro\/albaiulia\/50-de-tineri-au-participat-la-workshop-ul-tinerii-in-europa-de-azi-oportunitati-si-provocari\/","title":{"rendered":"50 de tineri au participat la workshop-ul \u201eTinerii \u00een Europa de azi: Oportunit\u0103\u0163i \u015fi Provoc\u0103ri\u201d."},"content":{"rendered":"<p><a href=\"http:\/\/urbeamea.ro\/albaiulia\/wp-content\/uploads\/2015\/05\/timg_5673.jpg\"><img loading=\"lazy\" decoding=\"async\" class=\"alignleft size-medium wp-image-3850\" src=\"http:\/\/urbeamea.ro\/albaiulia\/wp-content\/uploads\/2015\/05\/timg_5673-300x200.jpg\" alt=\"timg_5673\" width=\"300\" height=\"200\" srcset=\"https:\/\/urbeamea.ro\/albaiulia\/wp-content\/uploads\/2015\/05\/timg_5673-300x200.jpg 300w, https:\/\/urbeamea.ro\/albaiulia\/wp-content\/uploads\/2015\/05\/timg_5673-150x100.jpg 150w, https:\/\/urbeamea.ro\/albaiulia\/wp-content\/uploads\/2015\/05\/timg_5673-321x214.jpg 321w, https:\/\/urbeamea.ro\/albaiulia\/wp-content\/uploads\/2015\/05\/timg_5673-140x94.jpg 140w, https:\/\/urbeamea.ro\/albaiulia\/wp-content\/uploads\/2015\/05\/timg_5673.jpg 600w\" sizes=\"auto, (max-width: 300px) 100vw, 300px\" \/><\/a>Casa de Cultur\u0103 a Studen\u0163ilor Alba Iulia, cu sprijinul Ministerului Tineretului \u0219i Sportului, \u00een parteneriat cu UNIVERSITATEA \u201cI DECEMBRIE 1918\u201d ALBA IULIA, reprezentat\u0103 prin doamna Conf. Univ. Dr. Ionela Gavril\u0103 \u015fi CENTRUL DE PREVENIRE, EVALUARE \u015eI CONSILIERE ANTIDROG AL JUDE\u0162ULUI ALBA, reprezentat prin doamna Dr. Mihaela Sava, \u015fi Guri\u0163\u0103 Alina, specialist \u00een prevenire, au organizat joi, 7 mai 2015, \u00eencep\u00e2nd cu ora 14:30, WORKSHOP &#8211; ul \u201eTinerii \u00een Europa de azi: Oportunit\u0103\u0163i \u015fi Provoc\u0103ri\u201d.<\/p>\n<p>S-au discutat aspecte importante privind consumul de droguri \u00een r\u00e2ndul tinerilor \u015fi rezisten\u0163a acestora la aceast\u0103 provocare \u015fi despre existen\u0163a proiectelor de tineret care pot fi accesate prin ADR CENTRU, pe aceasta cale dorind s\u0103 mul\u0163umim doamnei Jorj Monica pentru sprijin.<\/p>\n<p><a href=\"http:\/\/urbeamea.ro\/albaiulia\/wp-content\/uploads\/2015\/05\/timg_5675.jpg\"><img loading=\"lazy\" decoding=\"async\" class=\" size-medium wp-image-3851 alignright\" src=\"http:\/\/urbeamea.ro\/albaiulia\/wp-content\/uploads\/2015\/05\/timg_5675-300x200.jpg\" alt=\"timg_5675\" width=\"300\" height=\"200\" srcset=\"https:\/\/urbeamea.ro\/albaiulia\/wp-content\/uploads\/2015\/05\/timg_5675-300x200.jpg 300w, https:\/\/urbeamea.ro\/albaiulia\/wp-content\/uploads\/2015\/05\/timg_5675-150x100.jpg 150w, https:\/\/urbeamea.ro\/albaiulia\/wp-content\/uploads\/2015\/05\/timg_5675-321x214.jpg 321w, https:\/\/urbeamea.ro\/albaiulia\/wp-content\/uploads\/2015\/05\/timg_5675-140x94.jpg 140w, https:\/\/urbeamea.ro\/albaiulia\/wp-content\/uploads\/2015\/05\/timg_5675.jpg 600w\" sizes=\"auto, (max-width: 300px) 100vw, 300px\" \/><\/a>Aproximativ 50 de tineri \u015fi studen\u0163i au asistat de asemenea \u015fi la un spectacol de divertisment a carui protagoni\u015fti au fost Bogdan Laz\u0103r, Ricky, Rare\u015f Marcu \u015fi Marius Popa, spectacolul fiind oferit de c\u0103tre Casa de Cultur\u0103 a Studen\u0163ilor.<\/p>\n<p>Evenimentul s\u2013a desf\u0103\u015furat \u00een Pub 13, cu prilejul Zilei Tineretului, \u00een cadrul S\u0103pt\u0103m\u00e2nii Na\u0163ionale a Tineretului av\u00e2nd ca partener \u015fi Direc\u0163ia Jude\u0163ean\u0103 pentru Sport \u015fi Tineret Alba.<\/p>\n","protected":false},"excerpt":{"rendered":"<p>Casa de Cultur\u0103 a Studen\u0163ilor Alba Iulia, cu sprijinul Ministerului Tineretului \u0219i Sportului, \u00een parteneriat cu UNIVERSITATEA \u201cI DECEMBRIE 1918\u201d ALBA IULIA, reprezentat\u0103 prin doamna Conf. Univ. Dr. Ionela Gavril\u0103 \u015fi CENTRUL DE PREVENIRE, EVALUARE \u015eI CONSILIERE ANTIDROG AL JUDE\u0162ULUI ALBA, reprezentat prin doamna Dr. Mihaela Sava, \u015fi Guri\u0163\u0103 Alina, specialist \u00een prevenire, au organizat &hellip;<\/p>\n","protected":false},"author":16,"featured_media":3851,"comment_status":"open","ping_status":"open","sticky":false,"template":"","format":"standard","meta":{"inline_featured_image":false,"footnotes":""},"categories":[1],"tags":[],"class_list":["post-3849","post","type-post","status-publish","format-standard","has-post-thumbnail","hentry","category-stiri-urbane"],"yoast_head":"<!-- This site is optimized with the Yoast SEO plugin v27.4 - https:\/\/yoast.com\/product\/yoast-seo-wordpress\/ -->\n<title>50 de tineri au participat la workshop-ul \u201eTinerii \u00een Europa de azi: Oportunit\u0103\u0163i \u015fi Provoc\u0103ri\u201d. - Revista Urbea Mea - Revista de Alba<\/title>\n<meta name=\"description\" content=\"Casa de Cultur\u0103 a Studen\u0163ilor Alba Iulia, cu sprijinul Ministerului Tineretului \u0219i Sportului, \u00een parteneriat cu UNIVERSITATEA \u201cI DECEMBRIE 1918\u201d ALBA\" \/>\n<meta name=\"robots\" content=\"index, follow, max-snippet:-1, max-image-preview:large, max-video-preview:-1\" \/>\n<link rel=\"canonical\" href=\"https:\/\/urbeamea.ro\/albaiulia\/50-de-tineri-au-participat-la-workshop-ul-tinerii-in-europa-de-azi-oportunitati-si-provocari\/\" \/>\n<meta name=\"twitter:card\" content=\"summary_large_image\" \/>\n<meta name=\"twitter:title\" content=\"50 de tineri au participat la workshop-ul \u201eTinerii \u00een Europa de azi: Oportunit\u0103\u0163i \u015fi Provoc\u0103ri\u201d. - Revista Urbea Mea - Revista de Alba\" \/>\n<meta name=\"twitter:description\" content=\"Casa de Cultur\u0103 a Studen\u0163ilor Alba Iulia, cu sprijinul Ministerului Tineretului \u0219i Sportului, \u00een parteneriat cu UNIVERSITATEA \u201cI DECEMBRIE 1918\u201d ALBA\" \/>\n<meta name=\"twitter:image\" content=\"https:\/\/urbeamea.ro\/albaiulia\/wp-content\/uploads\/2015\/05\/timg_5675.jpg\" \/>\n<meta name=\"twitter:creator\" content=\"@urbeameaweb\" \/>\n<meta name=\"twitter:site\" content=\"@urbeameaweb\" \/>\n<script type=\"application\/ld+json\" class=\"yoast-schema-graph\">{\"@context\":\"https:\\\/\\\/schema.org\",\"@graph\":[{\"@type\":\"Article\",\"@id\":\"https:\\\/\\\/urbeamea.ro\\\/albaiulia\\\/50-de-tineri-au-participat-la-workshop-ul-tinerii-in-europa-de-azi-oportunitati-si-provocari\\\/#article\",\"isPartOf\":{\"@id\":\"https:\\\/\\\/urbeamea.ro\\\/albaiulia\\\/50-de-tineri-au-participat-la-workshop-ul-tinerii-in-europa-de-azi-oportunitati-si-provocari\\\/\"},\"author\":{\"name\":\"Redac\u021bia UrbeaMea\",\"@id\":\"https:\\\/\\\/urbeamea.ro\\\/albaiulia\\\/#\\\/schema\\\/person\\\/272ae98052f8ee8980f59848df070247\"},\"headline\":\"50 de tineri au participat la workshop-ul \u201eTinerii \u00een Europa de azi: Oportunit\u0103\u0163i \u015fi Provoc\u0103ri\u201d.\",\"datePublished\":\"2015-05-08T11:58:49+00:00\",\"dateModified\":\"2015-05-08T12:00:05+00:00\",\"mainEntityOfPage\":{\"@id\":\"https:\\\/\\\/urbeamea.ro\\\/albaiulia\\\/50-de-tineri-au-participat-la-workshop-ul-tinerii-in-europa-de-azi-oportunitati-si-provocari\\\/\"},\"wordCount\":214,\"commentCount\":0,\"image\":{\"@id\":\"https:\\\/\\\/urbeamea.ro\\\/albaiulia\\\/50-de-tineri-au-participat-la-workshop-ul-tinerii-in-europa-de-azi-oportunitati-si-provocari\\\/#primaryimage\"},\"thumbnailUrl\":\"https:\\\/\\\/urbeamea.ro\\\/albaiulia\\\/wp-content\\\/uploads\\\/2015\\\/05\\\/timg_5675.jpg\",\"articleSection\":[\"\u015etiri Urbane\"],\"inLanguage\":\"ro-RO\",\"potentialAction\":[{\"@type\":\"CommentAction\",\"name\":\"Comment\",\"target\":[\"https:\\\/\\\/urbeamea.ro\\\/albaiulia\\\/50-de-tineri-au-participat-la-workshop-ul-tinerii-in-europa-de-azi-oportunitati-si-provocari\\\/#respond\"]}]},{\"@type\":\"WebPage\",\"@id\":\"https:\\\/\\\/urbeamea.ro\\\/albaiulia\\\/50-de-tineri-au-participat-la-workshop-ul-tinerii-in-europa-de-azi-oportunitati-si-provocari\\\/\",\"url\":\"https:\\\/\\\/urbeamea.ro\\\/albaiulia\\\/50-de-tineri-au-participat-la-workshop-ul-tinerii-in-europa-de-azi-oportunitati-si-provocari\\\/\",\"name\":\"50 de tineri au participat la workshop-ul \u201eTinerii \u00een Europa de azi: Oportunit\u0103\u0163i \u015fi Provoc\u0103ri\u201d. - Revista Urbea Mea - Revista de Alba\",\"isPartOf\":{\"@id\":\"https:\\\/\\\/urbeamea.ro\\\/albaiulia\\\/#website\"},\"primaryImageOfPage\":{\"@id\":\"https:\\\/\\\/urbeamea.ro\\\/albaiulia\\\/50-de-tineri-au-participat-la-workshop-ul-tinerii-in-europa-de-azi-oportunitati-si-provocari\\\/#primaryimage\"},\"image\":{\"@id\":\"https:\\\/\\\/urbeamea.ro\\\/albaiulia\\\/50-de-tineri-au-participat-la-workshop-ul-tinerii-in-europa-de-azi-oportunitati-si-provocari\\\/#primaryimage\"},\"thumbnailUrl\":\"https:\\\/\\\/urbeamea.ro\\\/albaiulia\\\/wp-content\\\/uploads\\\/2015\\\/05\\\/timg_5675.jpg\",\"datePublished\":\"2015-05-08T11:58:49+00:00\",\"dateModified\":\"2015-05-08T12:00:05+00:00\",\"author\":{\"@id\":\"https:\\\/\\\/urbeamea.ro\\\/albaiulia\\\/#\\\/schema\\\/person\\\/272ae98052f8ee8980f59848df070247\"},\"description\":\"Casa de Cultur\u0103 a Studen\u0163ilor Alba Iulia, cu sprijinul Ministerului Tineretului \u0219i Sportului, \u00een parteneriat cu UNIVERSITATEA \u201cI DECEMBRIE 1918\u201d ALBA\",\"breadcrumb\":{\"@id\":\"https:\\\/\\\/urbeamea.ro\\\/albaiulia\\\/50-de-tineri-au-participat-la-workshop-ul-tinerii-in-europa-de-azi-oportunitati-si-provocari\\\/#breadcrumb\"},\"inLanguage\":\"ro-RO\",\"potentialAction\":[{\"@type\":\"ReadAction\",\"target\":[\"https:\\\/\\\/urbeamea.ro\\\/albaiulia\\\/50-de-tineri-au-participat-la-workshop-ul-tinerii-in-europa-de-azi-oportunitati-si-provocari\\\/\"]}]},{\"@type\":\"ImageObject\",\"inLanguage\":\"ro-RO\",\"@id\":\"https:\\\/\\\/urbeamea.ro\\\/albaiulia\\\/50-de-tineri-au-participat-la-workshop-ul-tinerii-in-europa-de-azi-oportunitati-si-provocari\\\/#primaryimage\",\"url\":\"https:\\\/\\\/urbeamea.ro\\\/albaiulia\\\/wp-content\\\/uploads\\\/2015\\\/05\\\/timg_5675.jpg\",\"contentUrl\":\"https:\\\/\\\/urbeamea.ro\\\/albaiulia\\\/wp-content\\\/uploads\\\/2015\\\/05\\\/timg_5675.jpg\",\"width\":600,\"height\":400},{\"@type\":\"BreadcrumbList\",\"@id\":\"https:\\\/\\\/urbeamea.ro\\\/albaiulia\\\/50-de-tineri-au-participat-la-workshop-ul-tinerii-in-europa-de-azi-oportunitati-si-provocari\\\/#breadcrumb\",\"itemListElement\":[{\"@type\":\"ListItem\",\"position\":1,\"name\":\"Prima pagin\u0103\",\"item\":\"https:\\\/\\\/urbeamea.ro\\\/albaiulia\\\/\"},{\"@type\":\"ListItem\",\"position\":2,\"name\":\"50 de tineri au participat la workshop-ul \u201eTinerii \u00een Europa de azi: Oportunit\u0103\u0163i \u015fi Provoc\u0103ri\u201d.\"}]},{\"@type\":\"WebSite\",\"@id\":\"https:\\\/\\\/urbeamea.ro\\\/albaiulia\\\/#website\",\"url\":\"https:\\\/\\\/urbeamea.ro\\\/albaiulia\\\/\",\"name\":\"Revista Urbea Mea, Stiri urbane\",\"description\":\"Evenimente \u0219i \u0219tiri din Alba Iulia, Sebe\u0219, Aiud, Blaj\",\"potentialAction\":[{\"@type\":\"SearchAction\",\"target\":{\"@type\":\"EntryPoint\",\"urlTemplate\":\"https:\\\/\\\/urbeamea.ro\\\/albaiulia\\\/?s={search_term_string}\"},\"query-input\":{\"@type\":\"PropertyValueSpecification\",\"valueRequired\":true,\"valueName\":\"search_term_string\"}}],\"inLanguage\":\"ro-RO\"},{\"@type\":\"Person\",\"@id\":\"https:\\\/\\\/urbeamea.ro\\\/albaiulia\\\/#\\\/schema\\\/person\\\/272ae98052f8ee8980f59848df070247\",\"name\":\"Redac\u021bia UrbeaMea\",\"image\":{\"@type\":\"ImageObject\",\"inLanguage\":\"ro-RO\",\"@id\":\"https:\\\/\\\/secure.gravatar.com\\\/avatar\\\/9ce5a9435071fa1037e8468053ead8e513dbbff59009d3069aadb85506d85a27?s=96&d=mm&r=g\",\"url\":\"https:\\\/\\\/secure.gravatar.com\\\/avatar\\\/9ce5a9435071fa1037e8468053ead8e513dbbff59009d3069aadb85506d85a27?s=96&d=mm&r=g\",\"contentUrl\":\"https:\\\/\\\/secure.gravatar.com\\\/avatar\\\/9ce5a9435071fa1037e8468053ead8e513dbbff59009d3069aadb85506d85a27?s=96&d=mm&r=g\",\"caption\":\"Redac\u021bia UrbeaMea\"},\"description\":\"contact@urbeamea.ro\",\"sameAs\":[\"https:\\\/\\\/www.urbeamea.ro\"],\"url\":\"https:\\\/\\\/urbeamea.ro\\\/albaiulia\\\/author\\\/redactia-urbeamea\\\/\"}]}<\/script>\n<!-- \/ Yoast SEO plugin. -->","yoast_head_json":{"title":"50 de tineri au participat la workshop-ul \u201eTinerii \u00een Europa de azi: Oportunit\u0103\u0163i \u015fi Provoc\u0103ri\u201d. - Revista Urbea Mea - Revista de Alba","description":"Casa de Cultur\u0103 a Studen\u0163ilor Alba Iulia, cu sprijinul Ministerului Tineretului \u0219i Sportului, \u00een parteneriat cu UNIVERSITATEA \u201cI DECEMBRIE 1918\u201d ALBA","robots":{"index":"index","follow":"follow","max-snippet":"max-snippet:-1","max-image-preview":"max-image-preview:large","max-video-preview":"max-video-preview:-1"},"canonical":"https:\/\/urbeamea.ro\/albaiulia\/50-de-tineri-au-participat-la-workshop-ul-tinerii-in-europa-de-azi-oportunitati-si-provocari\/","twitter_card":"summary_large_image","twitter_title":"50 de tineri au participat la workshop-ul \u201eTinerii \u00een Europa de azi: Oportunit\u0103\u0163i \u015fi Provoc\u0103ri\u201d. - Revista Urbea Mea - Revista de Alba","twitter_description":"Casa de Cultur\u0103 a Studen\u0163ilor Alba Iulia, cu sprijinul Ministerului Tineretului \u0219i Sportului, \u00een parteneriat cu UNIVERSITATEA \u201cI DECEMBRIE 1918\u201d ALBA","twitter_image":"https:\/\/urbeamea.ro\/albaiulia\/wp-content\/uploads\/2015\/05\/timg_5675.jpg","twitter_creator":"@urbeameaweb","twitter_site":"@urbeameaweb","schema":{"@context":"https:\/\/schema.org","@graph":[{"@type":"Article","@id":"https:\/\/urbeamea.ro\/albaiulia\/50-de-tineri-au-participat-la-workshop-ul-tinerii-in-europa-de-azi-oportunitati-si-provocari\/#article","isPartOf":{"@id":"https:\/\/urbeamea.ro\/albaiulia\/50-de-tineri-au-participat-la-workshop-ul-tinerii-in-europa-de-azi-oportunitati-si-provocari\/"},"author":{"name":"Redac\u021bia UrbeaMea","@id":"https:\/\/urbeamea.ro\/albaiulia\/#\/schema\/person\/272ae98052f8ee8980f59848df070247"},"headline":"50 de tineri au participat la workshop-ul \u201eTinerii \u00een Europa de azi: Oportunit\u0103\u0163i \u015fi Provoc\u0103ri\u201d.","datePublished":"2015-05-08T11:58:49+00:00","dateModified":"2015-05-08T12:00:05+00:00","mainEntityOfPage":{"@id":"https:\/\/urbeamea.ro\/albaiulia\/50-de-tineri-au-participat-la-workshop-ul-tinerii-in-europa-de-azi-oportunitati-si-provocari\/"},"wordCount":214,"commentCount":0,"image":{"@id":"https:\/\/urbeamea.ro\/albaiulia\/50-de-tineri-au-participat-la-workshop-ul-tinerii-in-europa-de-azi-oportunitati-si-provocari\/#primaryimage"},"thumbnailUrl":"https:\/\/urbeamea.ro\/albaiulia\/wp-content\/uploads\/2015\/05\/timg_5675.jpg","articleSection":["\u015etiri Urbane"],"inLanguage":"ro-RO","potentialAction":[{"@type":"CommentAction","name":"Comment","target":["https:\/\/urbeamea.ro\/albaiulia\/50-de-tineri-au-participat-la-workshop-ul-tinerii-in-europa-de-azi-oportunitati-si-provocari\/#respond"]}]},{"@type":"WebPage","@id":"https:\/\/urbeamea.ro\/albaiulia\/50-de-tineri-au-participat-la-workshop-ul-tinerii-in-europa-de-azi-oportunitati-si-provocari\/","url":"https:\/\/urbeamea.ro\/albaiulia\/50-de-tineri-au-participat-la-workshop-ul-tinerii-in-europa-de-azi-oportunitati-si-provocari\/","name":"50 de tineri au participat la workshop-ul \u201eTinerii \u00een Europa de azi: Oportunit\u0103\u0163i \u015fi Provoc\u0103ri\u201d. - Revista Urbea Mea - Revista de Alba","isPartOf":{"@id":"https:\/\/urbeamea.ro\/albaiulia\/#website"},"primaryImageOfPage":{"@id":"https:\/\/urbeamea.ro\/albaiulia\/50-de-tineri-au-participat-la-workshop-ul-tinerii-in-europa-de-azi-oportunitati-si-provocari\/#primaryimage"},"image":{"@id":"https:\/\/urbeamea.ro\/albaiulia\/50-de-tineri-au-participat-la-workshop-ul-tinerii-in-europa-de-azi-oportunitati-si-provocari\/#primaryimage"},"thumbnailUrl":"https:\/\/urbeamea.ro\/albaiulia\/wp-content\/uploads\/2015\/05\/timg_5675.jpg","datePublished":"2015-05-08T11:58:49+00:00","dateModified":"2015-05-08T12:00:05+00:00","author":{"@id":"https:\/\/urbeamea.ro\/albaiulia\/#\/schema\/person\/272ae98052f8ee8980f59848df070247"},"description":"Casa de Cultur\u0103 a Studen\u0163ilor Alba Iulia, cu sprijinul Ministerului Tineretului \u0219i Sportului, \u00een parteneriat cu UNIVERSITATEA \u201cI DECEMBRIE 1918\u201d ALBA","breadcrumb":{"@id":"https:\/\/urbeamea.ro\/albaiulia\/50-de-tineri-au-participat-la-workshop-ul-tinerii-in-europa-de-azi-oportunitati-si-provocari\/#breadcrumb"},"inLanguage":"ro-RO","potentialAction":[{"@type":"ReadAction","target":["https:\/\/urbeamea.ro\/albaiulia\/50-de-tineri-au-participat-la-workshop-ul-tinerii-in-europa-de-azi-oportunitati-si-provocari\/"]}]},{"@type":"ImageObject","inLanguage":"ro-RO","@id":"https:\/\/urbeamea.ro\/albaiulia\/50-de-tineri-au-participat-la-workshop-ul-tinerii-in-europa-de-azi-oportunitati-si-provocari\/#primaryimage","url":"https:\/\/urbeamea.ro\/albaiulia\/wp-content\/uploads\/2015\/05\/timg_5675.jpg","contentUrl":"https:\/\/urbeamea.ro\/albaiulia\/wp-content\/uploads\/2015\/05\/timg_5675.jpg","width":600,"height":400},{"@type":"BreadcrumbList","@id":"https:\/\/urbeamea.ro\/albaiulia\/50-de-tineri-au-participat-la-workshop-ul-tinerii-in-europa-de-azi-oportunitati-si-provocari\/#breadcrumb","itemListElement":[{"@type":"ListItem","position":1,"name":"Prima pagin\u0103","item":"https:\/\/urbeamea.ro\/albaiulia\/"},{"@type":"ListItem","position":2,"name":"50 de tineri au participat la workshop-ul \u201eTinerii \u00een Europa de azi: Oportunit\u0103\u0163i \u015fi Provoc\u0103ri\u201d."}]},{"@type":"WebSite","@id":"https:\/\/urbeamea.ro\/albaiulia\/#website","url":"https:\/\/urbeamea.ro\/albaiulia\/","name":"Revista Urbea Mea, Stiri urbane","description":"Evenimente \u0219i \u0219tiri din Alba Iulia, Sebe\u0219, Aiud, Blaj","potentialAction":[{"@type":"SearchAction","target":{"@type":"EntryPoint","urlTemplate":"https:\/\/urbeamea.ro\/albaiulia\/?s={search_term_string}"},"query-input":{"@type":"PropertyValueSpecification","valueRequired":true,"valueName":"search_term_string"}}],"inLanguage":"ro-RO"},{"@type":"Person","@id":"https:\/\/urbeamea.ro\/albaiulia\/#\/schema\/person\/272ae98052f8ee8980f59848df070247","name":"Redac\u021bia UrbeaMea","image":{"@type":"ImageObject","inLanguage":"ro-RO","@id":"https:\/\/secure.gravatar.com\/avatar\/9ce5a9435071fa1037e8468053ead8e513dbbff59009d3069aadb85506d85a27?s=96&d=mm&r=g","url":"https:\/\/secure.gravatar.com\/avatar\/9ce5a9435071fa1037e8468053ead8e513dbbff59009d3069aadb85506d85a27?s=96&d=mm&r=g","contentUrl":"https:\/\/secure.gravatar.com\/avatar\/9ce5a9435071fa1037e8468053ead8e513dbbff59009d3069aadb85506d85a27?s=96&d=mm&r=g","caption":"Redac\u021bia UrbeaMea"},"description":"contact@urbeamea.ro","sameAs":["https:\/\/www.urbeamea.ro"],"url":"https:\/\/urbeamea.ro\/albaiulia\/author\/redactia-urbeamea\/"}]}},"_links":{"self":[{"href":"https:\/\/urbeamea.ro\/albaiulia\/wp-json\/wp\/v2\/posts\/3849","targetHints":{"allow":["GET"]}}],"collection":[{"href":"https:\/\/urbeamea.ro\/albaiulia\/wp-json\/wp\/v2\/posts"}],"about":[{"href":"https:\/\/urbeamea.ro\/albaiulia\/wp-json\/wp\/v2\/types\/post"}],"author":[{"embeddable":true,"href":"https:\/\/urbeamea.ro\/albaiulia\/wp-json\/wp\/v2\/users\/16"}],"replies":[{"embeddable":true,"href":"https:\/\/urbeamea.ro\/albaiulia\/wp-json\/wp\/v2\/comments?post=3849"}],"version-history":[{"count":0,"href":"https:\/\/urbeamea.ro\/albaiulia\/wp-json\/wp\/v2\/posts\/3849\/revisions"}],"wp:featuredmedia":[{"embeddable":true,"href":"https:\/\/urbeamea.ro\/albaiulia\/wp-json\/wp\/v2\/media\/3851"}],"wp:attachment":[{"href":"https:\/\/urbeamea.ro\/albaiulia\/wp-json\/wp\/v2\/media?parent=3849"}],"wp:term":[{"taxonomy":"category","embeddable":true,"href":"https:\/\/urbeamea.ro\/albaiulia\/wp-json\/wp\/v2\/categories?post=3849"},{"taxonomy":"post_tag","embeddable":true,"href":"https:\/\/urbeamea.ro\/albaiulia\/wp-json\/wp\/v2\/tags?post=3849"}],"curies":[{"name":"wp","href":"https:\/\/api.w.org\/{rel}","templated":true}]}}