{"id":38490,"date":"2017-01-10T13:57:23","date_gmt":"2017-01-10T11:57:23","guid":{"rendered":"http:\/\/urbeamea.ro\/albaiulia\/?p=38490"},"modified":"2017-01-10T13:57:23","modified_gmt":"2017-01-10T11:57:23","slug":"saptamana-eminescu-marcata-la-scoala-gimnaziala-mihai-eminescu-din-alba-iulia-prin-cantece-poezii-si-expozitii","status":"publish","type":"post","link":"https:\/\/urbeamea.ro\/albaiulia\/saptamana-eminescu-marcata-la-scoala-gimnaziala-mihai-eminescu-din-alba-iulia-prin-cantece-poezii-si-expozitii\/","title":{"rendered":"\u201eS\u0103pt\u0103m\u00e2na Eminescu\u201d, marcat\u0103 la \u0218coala Gimnazial\u0103 \u201eMihai Eminescu\u201d din Alba Iulia prin c\u00e2ntece, poezii \u015fi expozi\u0163ii"},"content":{"rendered":"<figure id=\"attachment_38492\" aria-describedby=\"caption-attachment-38492\" style=\"width: 300px\" class=\"wp-caption alignleft\"><img loading=\"lazy\" decoding=\"async\" class=\"size-medium wp-image-38492\" src=\"http:\/\/urbeamea.ro\/albaiulia\/wp-content\/uploads\/2017\/01\/scoala-mihai-eminescu-300x175.jpg\" alt=\"\" width=\"300\" height=\"175\" \/><figcaption id=\"caption-attachment-38492\" class=\"wp-caption-text\">VIDEO ACHIM &#8211; FILMARI VIDEO SI FOTOGRAFII PROFESIONALE<\/figcaption><\/figure>\n<p><strong>S\u0103pt\u0103m\u00e2na 9-13 ianuarie a fost declarat\u0103 \u201eS\u0103pt\u0103m\u00e2na Eminescu\u201d la \u0218coala Gimnazial\u0103 \u201eMihai Eminescu\u201d din Alba Iulia. Programul manifest\u0103rilor include momente literar-muzicale, poezii, c\u00e2ntece \u0219i expozi\u021bii.<\/strong><\/p>\n<p><strong>Programul manifest\u0103rilor:<\/strong><\/p>\n<ul>\n<li>9-13 ianuarie: \u201cZiua \u0219colii Eminescu\u201d- (poezii, c\u00e2ntece), la \u00eenceperea cursurilor \u2013 s\u0103lile de clas\u0103<\/li>\n<li>9-13 ianuarie: Audi\u1e6dii muzicale cu piese pe versuri de Mihai Eminescu \u2013 holurile \u0219colii<\/li>\n<li>9-13 ianuarie: \u201dOmagiu Eminescu\u201d \u2013 expozi\u1e6die de lucr\u0103ri plastice inspirate din opera lui Mihai Eminescu \u2013 holurile \u0219colii<\/li>\n<li>13 ianuarie: \u201dPe urmele lui Eminescu\u201d \u2013 prezentarea unor date biografice \u2013 s\u0103lile de clas\u0103<\/li>\n<li>13 ianuarie, ora 11.00: \u201dDor de Eminescu\u201d \u2013 c\u00e2ntece, poezii, expozi\u021bii \u2013 clasele ciclului primar \u2013 Bustul lui Eminescu \u2013 holul \u0219colii<\/li>\n<li>13 ianuarie, ora 15.00: \u201cEminescu \u2013luceaf\u0103rul poeziei rom\u00e2ne\u0219ti\u201d \u2013 moment literar-muzical- ciclul gimnazial \u2013 sala de festivit\u0103\u1e6di<\/li>\n<li>15 ianuarie: Depunere de coroane la bustul lui Mihai Eminescu \u2013 Alba Iulia \u2013 Bustul lui Mihai Eminescu<\/li>\n<li>Vineri, 13 ianuarie, \u00eencep\u00e2nd cu ora 11.00, elevi din ciclul primar vor desf\u0103\u0219ura in holul \u0219colii, la bustul lui Eminescu, activitatea intitulat\u0103 \u201dDor de Eminescu\u201d- cu c\u00e2ntece, poezii, expozi\u021bii, iar de la ora 15.00, \u00een cabinetul de informatic\u0103 (sala festiv\u0103), elevi din ciclul gimnazial vor desf\u0103\u0219ura momentul literar-muzical intitulat \u201cEminescu \u2013luceaf\u0103rul poeziei rom\u00e2ne\u0219ti\u201d.<\/li>\n<\/ul>\n","protected":false},"excerpt":{"rendered":"<p>S\u0103pt\u0103m\u00e2na 9-13 ianuarie a fost declarat\u0103 \u201eS\u0103pt\u0103m\u00e2na Eminescu\u201d la \u0218coala Gimnazial\u0103 \u201eMihai Eminescu\u201d din Alba Iulia. Programul manifest\u0103rilor include momente literar-muzicale, poezii, c\u00e2ntece \u0219i expozi\u021bii. Programul manifest\u0103rilor: 9-13 ianuarie: \u201cZiua \u0219colii Eminescu\u201d- (poezii, c\u00e2ntece), la \u00eenceperea cursurilor \u2013 s\u0103lile de clas\u0103 9-13 ianuarie: Audi\u1e6dii muzicale cu piese pe versuri de Mihai Eminescu \u2013 holurile \u0219colii &hellip;<\/p>\n","protected":false},"author":17,"featured_media":38492,"comment_status":"open","ping_status":"open","sticky":false,"template":"","format":"standard","meta":{"inline_featured_image":false,"footnotes":""},"categories":[2039],"tags":[31,9240,1088,1248,9416,1989,9415,2589,308,76],"class_list":["post-38490","post","type-post","status-publish","format-standard","has-post-thumbnail","hentry","category-educatie","tag-alba-iulia","tag-cantece","tag-expozitii","tag-manifestari","tag-momente-literar-muzicale","tag-poezii","tag-saptamana-eminescu","tag-scoala-gimnaziala-mihai-eminescu","tag-stiri","tag-urbea-mea"],"yoast_head":"<!-- This site is optimized with the Yoast SEO plugin v28.3 - https:\/\/yoast.com\/product\/yoast-seo-wordpress\/ -->\n<title>\u201eS\u0103pt\u0103m\u00e2na Eminescu\u201d, marcat\u0103 la \u0218coala Gimnazial\u0103 \u201eMihai Eminescu\u201d din Alba Iulia prin c\u00e2ntece, poezii \u015fi expozi\u0163ii - Revista Urbea Mea - Revista de Alba<\/title>\n<meta name=\"description\" content=\"S\u0103pt\u0103m\u00e2na 9-13 ianuarie a fost declarat\u0103 \u201eS\u0103pt\u0103m\u00e2na Eminescu\u201d la \u0218coala Gimnazial\u0103 \u201eMihai Eminescu\u201d din Alba Iulia. Programul manifest\u0103rilor include\" \/>\n<meta name=\"robots\" content=\"index, follow, max-snippet:-1, max-image-preview:large, max-video-preview:-1\" \/>\n<link rel=\"canonical\" href=\"https:\/\/urbeamea.ro\/albaiulia\/saptamana-eminescu-marcata-la-scoala-gimnaziala-mihai-eminescu-din-alba-iulia-prin-cantece-poezii-si-expozitii\/\" \/>\n<meta name=\"twitter:card\" content=\"summary_large_image\" \/>\n<meta name=\"twitter:title\" content=\"\u201eS\u0103pt\u0103m\u00e2na Eminescu\u201d, marcat\u0103 la \u0218coala Gimnazial\u0103 \u201eMihai Eminescu\u201d din Alba Iulia prin c\u00e2ntece, poezii \u015fi expozi\u0163ii - Revista Urbea Mea - Revista de Alba\" \/>\n<meta name=\"twitter:description\" content=\"S\u0103pt\u0103m\u00e2na 9-13 ianuarie a fost declarat\u0103 \u201eS\u0103pt\u0103m\u00e2na Eminescu\u201d la \u0218coala Gimnazial\u0103 \u201eMihai Eminescu\u201d din Alba Iulia. Programul manifest\u0103rilor include\" \/>\n<meta name=\"twitter:image\" content=\"https:\/\/urbeamea.ro\/albaiulia\/wp-content\/uploads\/2017\/01\/scoala-mihai-eminescu.jpg\" \/>\n<meta name=\"twitter:creator\" content=\"@urbeameaweb\" \/>\n<meta name=\"twitter:site\" content=\"@urbeameaweb\" \/>\n<script type=\"application\/ld+json\" class=\"yoast-schema-graph\">{\"@context\":\"https:\\\/\\\/schema.org\",\"@graph\":[{\"@type\":\"Article\",\"@id\":\"https:\\\/\\\/urbeamea.ro\\\/albaiulia\\\/saptamana-eminescu-marcata-la-scoala-gimnaziala-mihai-eminescu-din-alba-iulia-prin-cantece-poezii-si-expozitii\\\/#article\",\"isPartOf\":{\"@id\":\"https:\\\/\\\/urbeamea.ro\\\/albaiulia\\\/saptamana-eminescu-marcata-la-scoala-gimnaziala-mihai-eminescu-din-alba-iulia-prin-cantece-poezii-si-expozitii\\\/\"},\"author\":{\"name\":\"Cristina Ganga\",\"@id\":\"https:\\\/\\\/urbeamea.ro\\\/albaiulia\\\/#\\\/schema\\\/person\\\/9700d21fae21c4f038b0b56f4506264a\"},\"headline\":\"\u201eS\u0103pt\u0103m\u00e2na Eminescu\u201d, marcat\u0103 la \u0218coala Gimnazial\u0103 \u201eMihai Eminescu\u201d din Alba Iulia prin c\u00e2ntece, poezii \u015fi expozi\u0163ii\",\"datePublished\":\"2017-01-10T11:57:23+00:00\",\"mainEntityOfPage\":{\"@id\":\"https:\\\/\\\/urbeamea.ro\\\/albaiulia\\\/saptamana-eminescu-marcata-la-scoala-gimnaziala-mihai-eminescu-din-alba-iulia-prin-cantece-poezii-si-expozitii\\\/\"},\"wordCount\":243,\"commentCount\":0,\"image\":{\"@id\":\"https:\\\/\\\/urbeamea.ro\\\/albaiulia\\\/saptamana-eminescu-marcata-la-scoala-gimnaziala-mihai-eminescu-din-alba-iulia-prin-cantece-poezii-si-expozitii\\\/#primaryimage\"},\"thumbnailUrl\":\"https:\\\/\\\/urbeamea.ro\\\/albaiulia\\\/wp-content\\\/uploads\\\/2017\\\/01\\\/scoala-mihai-eminescu.jpg\",\"keywords\":[\"Alba Iulia\",\"cantece\",\"expozitii\",\"manifestari\",\"momente literar-muzicale\",\"poezii\",\"saptamana eminescu\",\"\u0218coala Gimnazial\u0103 \u201eMihai Eminescu\u201d\",\"stiri\",\"Urbea Mea\"],\"articleSection\":[\"Educa\u021bie\"],\"inLanguage\":\"ro-RO\",\"potentialAction\":[{\"@type\":\"CommentAction\",\"name\":\"Comment\",\"target\":[\"https:\\\/\\\/urbeamea.ro\\\/albaiulia\\\/saptamana-eminescu-marcata-la-scoala-gimnaziala-mihai-eminescu-din-alba-iulia-prin-cantece-poezii-si-expozitii\\\/#respond\"]}]},{\"@type\":\"WebPage\",\"@id\":\"https:\\\/\\\/urbeamea.ro\\\/albaiulia\\\/saptamana-eminescu-marcata-la-scoala-gimnaziala-mihai-eminescu-din-alba-iulia-prin-cantece-poezii-si-expozitii\\\/\",\"url\":\"https:\\\/\\\/urbeamea.ro\\\/albaiulia\\\/saptamana-eminescu-marcata-la-scoala-gimnaziala-mihai-eminescu-din-alba-iulia-prin-cantece-poezii-si-expozitii\\\/\",\"name\":\"\u201eS\u0103pt\u0103m\u00e2na Eminescu\u201d, marcat\u0103 la \u0218coala Gimnazial\u0103 \u201eMihai Eminescu\u201d din Alba Iulia prin c\u00e2ntece, poezii \u015fi expozi\u0163ii - Revista Urbea Mea - Revista de Alba\",\"isPartOf\":{\"@id\":\"https:\\\/\\\/urbeamea.ro\\\/albaiulia\\\/#website\"},\"primaryImageOfPage\":{\"@id\":\"https:\\\/\\\/urbeamea.ro\\\/albaiulia\\\/saptamana-eminescu-marcata-la-scoala-gimnaziala-mihai-eminescu-din-alba-iulia-prin-cantece-poezii-si-expozitii\\\/#primaryimage\"},\"image\":{\"@id\":\"https:\\\/\\\/urbeamea.ro\\\/albaiulia\\\/saptamana-eminescu-marcata-la-scoala-gimnaziala-mihai-eminescu-din-alba-iulia-prin-cantece-poezii-si-expozitii\\\/#primaryimage\"},\"thumbnailUrl\":\"https:\\\/\\\/urbeamea.ro\\\/albaiulia\\\/wp-content\\\/uploads\\\/2017\\\/01\\\/scoala-mihai-eminescu.jpg\",\"datePublished\":\"2017-01-10T11:57:23+00:00\",\"author\":{\"@id\":\"https:\\\/\\\/urbeamea.ro\\\/albaiulia\\\/#\\\/schema\\\/person\\\/9700d21fae21c4f038b0b56f4506264a\"},\"description\":\"S\u0103pt\u0103m\u00e2na 9-13 ianuarie a fost declarat\u0103 \u201eS\u0103pt\u0103m\u00e2na Eminescu\u201d la \u0218coala Gimnazial\u0103 \u201eMihai Eminescu\u201d din Alba Iulia. Programul manifest\u0103rilor include\",\"breadcrumb\":{\"@id\":\"https:\\\/\\\/urbeamea.ro\\\/albaiulia\\\/saptamana-eminescu-marcata-la-scoala-gimnaziala-mihai-eminescu-din-alba-iulia-prin-cantece-poezii-si-expozitii\\\/#breadcrumb\"},\"inLanguage\":\"ro-RO\",\"potentialAction\":[{\"@type\":\"ReadAction\",\"target\":[\"https:\\\/\\\/urbeamea.ro\\\/albaiulia\\\/saptamana-eminescu-marcata-la-scoala-gimnaziala-mihai-eminescu-din-alba-iulia-prin-cantece-poezii-si-expozitii\\\/\"]}]},{\"@type\":\"ImageObject\",\"inLanguage\":\"ro-RO\",\"@id\":\"https:\\\/\\\/urbeamea.ro\\\/albaiulia\\\/saptamana-eminescu-marcata-la-scoala-gimnaziala-mihai-eminescu-din-alba-iulia-prin-cantece-poezii-si-expozitii\\\/#primaryimage\",\"url\":\"https:\\\/\\\/urbeamea.ro\\\/albaiulia\\\/wp-content\\\/uploads\\\/2017\\\/01\\\/scoala-mihai-eminescu.jpg\",\"contentUrl\":\"https:\\\/\\\/urbeamea.ro\\\/albaiulia\\\/wp-content\\\/uploads\\\/2017\\\/01\\\/scoala-mihai-eminescu.jpg\",\"width\":1000,\"height\":583,\"caption\":\"VIDEO ACHIM - FILMARI VIDEO SI FOTOGRAFII PROFESIONALE\"},{\"@type\":\"BreadcrumbList\",\"@id\":\"https:\\\/\\\/urbeamea.ro\\\/albaiulia\\\/saptamana-eminescu-marcata-la-scoala-gimnaziala-mihai-eminescu-din-alba-iulia-prin-cantece-poezii-si-expozitii\\\/#breadcrumb\",\"itemListElement\":[{\"@type\":\"ListItem\",\"position\":1,\"name\":\"Prima pagin\u0103\",\"item\":\"https:\\\/\\\/urbeamea.ro\\\/albaiulia\\\/\"},{\"@type\":\"ListItem\",\"position\":2,\"name\":\"\u201eS\u0103pt\u0103m\u00e2na Eminescu\u201d, marcat\u0103 la \u0218coala Gimnazial\u0103 \u201eMihai Eminescu\u201d din Alba Iulia prin c\u00e2ntece, poezii \u015fi expozi\u0163ii\"}]},{\"@type\":\"WebSite\",\"@id\":\"https:\\\/\\\/urbeamea.ro\\\/albaiulia\\\/#website\",\"url\":\"https:\\\/\\\/urbeamea.ro\\\/albaiulia\\\/\",\"name\":\"Revista Urbea Mea, Stiri urbane\",\"description\":\"Evenimente \u0219i \u0219tiri din Alba Iulia, Sebe\u0219, Aiud, Blaj\",\"potentialAction\":[{\"@type\":\"SearchAction\",\"target\":{\"@type\":\"EntryPoint\",\"urlTemplate\":\"https:\\\/\\\/urbeamea.ro\\\/albaiulia\\\/?s={search_term_string}\"},\"query-input\":{\"@type\":\"PropertyValueSpecification\",\"valueRequired\":true,\"valueName\":\"search_term_string\"}}],\"inLanguage\":\"ro-RO\"},{\"@type\":\"Person\",\"@id\":\"https:\\\/\\\/urbeamea.ro\\\/albaiulia\\\/#\\\/schema\\\/person\\\/9700d21fae21c4f038b0b56f4506264a\",\"name\":\"Cristina Ganga\",\"image\":{\"@type\":\"ImageObject\",\"inLanguage\":\"ro-RO\",\"@id\":\"https:\\\/\\\/secure.gravatar.com\\\/avatar\\\/5a67661041f057b4a8ccaf26f5a8e86e2689372006d01faf3dd9eeb10b654bb4?s=96&d=mm&r=g\",\"url\":\"https:\\\/\\\/secure.gravatar.com\\\/avatar\\\/5a67661041f057b4a8ccaf26f5a8e86e2689372006d01faf3dd9eeb10b654bb4?s=96&d=mm&r=g\",\"contentUrl\":\"https:\\\/\\\/secure.gravatar.com\\\/avatar\\\/5a67661041f057b4a8ccaf26f5a8e86e2689372006d01faf3dd9eeb10b654bb4?s=96&d=mm&r=g\",\"caption\":\"Cristina Ganga\"},\"description\":\"Jurnalist\",\"sameAs\":[\"https:\\\/\\\/www.facebook.com\\\/cristina.nicola.587\"],\"url\":\"https:\\\/\\\/urbeamea.ro\\\/albaiulia\\\/author\\\/cristina-nicola\\\/\"}]}<\/script>\n<!-- \/ Yoast SEO plugin. -->","yoast_head_json":{"title":"\u201eS\u0103pt\u0103m\u00e2na Eminescu\u201d, marcat\u0103 la \u0218coala Gimnazial\u0103 \u201eMihai Eminescu\u201d din Alba Iulia prin c\u00e2ntece, poezii \u015fi expozi\u0163ii - Revista Urbea Mea - Revista de Alba","description":"S\u0103pt\u0103m\u00e2na 9-13 ianuarie a fost declarat\u0103 \u201eS\u0103pt\u0103m\u00e2na Eminescu\u201d la \u0218coala Gimnazial\u0103 \u201eMihai Eminescu\u201d din Alba Iulia. Programul manifest\u0103rilor include","robots":{"index":"index","follow":"follow","max-snippet":"max-snippet:-1","max-image-preview":"max-image-preview:large","max-video-preview":"max-video-preview:-1"},"canonical":"https:\/\/urbeamea.ro\/albaiulia\/saptamana-eminescu-marcata-la-scoala-gimnaziala-mihai-eminescu-din-alba-iulia-prin-cantece-poezii-si-expozitii\/","twitter_card":"summary_large_image","twitter_title":"\u201eS\u0103pt\u0103m\u00e2na Eminescu\u201d, marcat\u0103 la \u0218coala Gimnazial\u0103 \u201eMihai Eminescu\u201d din Alba Iulia prin c\u00e2ntece, poezii \u015fi expozi\u0163ii - Revista Urbea Mea - Revista de Alba","twitter_description":"S\u0103pt\u0103m\u00e2na 9-13 ianuarie a fost declarat\u0103 \u201eS\u0103pt\u0103m\u00e2na Eminescu\u201d la \u0218coala Gimnazial\u0103 \u201eMihai Eminescu\u201d din Alba Iulia. Programul manifest\u0103rilor include","twitter_image":"https:\/\/urbeamea.ro\/albaiulia\/wp-content\/uploads\/2017\/01\/scoala-mihai-eminescu.jpg","twitter_creator":"@urbeameaweb","twitter_site":"@urbeameaweb","schema":{"@context":"https:\/\/schema.org","@graph":[{"@type":"Article","@id":"https:\/\/urbeamea.ro\/albaiulia\/saptamana-eminescu-marcata-la-scoala-gimnaziala-mihai-eminescu-din-alba-iulia-prin-cantece-poezii-si-expozitii\/#article","isPartOf":{"@id":"https:\/\/urbeamea.ro\/albaiulia\/saptamana-eminescu-marcata-la-scoala-gimnaziala-mihai-eminescu-din-alba-iulia-prin-cantece-poezii-si-expozitii\/"},"author":{"name":"Cristina Ganga","@id":"https:\/\/urbeamea.ro\/albaiulia\/#\/schema\/person\/9700d21fae21c4f038b0b56f4506264a"},"headline":"\u201eS\u0103pt\u0103m\u00e2na Eminescu\u201d, marcat\u0103 la \u0218coala Gimnazial\u0103 \u201eMihai Eminescu\u201d din Alba Iulia prin c\u00e2ntece, poezii \u015fi expozi\u0163ii","datePublished":"2017-01-10T11:57:23+00:00","mainEntityOfPage":{"@id":"https:\/\/urbeamea.ro\/albaiulia\/saptamana-eminescu-marcata-la-scoala-gimnaziala-mihai-eminescu-din-alba-iulia-prin-cantece-poezii-si-expozitii\/"},"wordCount":243,"commentCount":0,"image":{"@id":"https:\/\/urbeamea.ro\/albaiulia\/saptamana-eminescu-marcata-la-scoala-gimnaziala-mihai-eminescu-din-alba-iulia-prin-cantece-poezii-si-expozitii\/#primaryimage"},"thumbnailUrl":"https:\/\/urbeamea.ro\/albaiulia\/wp-content\/uploads\/2017\/01\/scoala-mihai-eminescu.jpg","keywords":["Alba Iulia","cantece","expozitii","manifestari","momente literar-muzicale","poezii","saptamana eminescu","\u0218coala Gimnazial\u0103 \u201eMihai Eminescu\u201d","stiri","Urbea Mea"],"articleSection":["Educa\u021bie"],"inLanguage":"ro-RO","potentialAction":[{"@type":"CommentAction","name":"Comment","target":["https:\/\/urbeamea.ro\/albaiulia\/saptamana-eminescu-marcata-la-scoala-gimnaziala-mihai-eminescu-din-alba-iulia-prin-cantece-poezii-si-expozitii\/#respond"]}]},{"@type":"WebPage","@id":"https:\/\/urbeamea.ro\/albaiulia\/saptamana-eminescu-marcata-la-scoala-gimnaziala-mihai-eminescu-din-alba-iulia-prin-cantece-poezii-si-expozitii\/","url":"https:\/\/urbeamea.ro\/albaiulia\/saptamana-eminescu-marcata-la-scoala-gimnaziala-mihai-eminescu-din-alba-iulia-prin-cantece-poezii-si-expozitii\/","name":"\u201eS\u0103pt\u0103m\u00e2na Eminescu\u201d, marcat\u0103 la \u0218coala Gimnazial\u0103 \u201eMihai Eminescu\u201d din Alba Iulia prin c\u00e2ntece, poezii \u015fi expozi\u0163ii - Revista Urbea Mea - Revista de Alba","isPartOf":{"@id":"https:\/\/urbeamea.ro\/albaiulia\/#website"},"primaryImageOfPage":{"@id":"https:\/\/urbeamea.ro\/albaiulia\/saptamana-eminescu-marcata-la-scoala-gimnaziala-mihai-eminescu-din-alba-iulia-prin-cantece-poezii-si-expozitii\/#primaryimage"},"image":{"@id":"https:\/\/urbeamea.ro\/albaiulia\/saptamana-eminescu-marcata-la-scoala-gimnaziala-mihai-eminescu-din-alba-iulia-prin-cantece-poezii-si-expozitii\/#primaryimage"},"thumbnailUrl":"https:\/\/urbeamea.ro\/albaiulia\/wp-content\/uploads\/2017\/01\/scoala-mihai-eminescu.jpg","datePublished":"2017-01-10T11:57:23+00:00","author":{"@id":"https:\/\/urbeamea.ro\/albaiulia\/#\/schema\/person\/9700d21fae21c4f038b0b56f4506264a"},"description":"S\u0103pt\u0103m\u00e2na 9-13 ianuarie a fost declarat\u0103 \u201eS\u0103pt\u0103m\u00e2na Eminescu\u201d la \u0218coala Gimnazial\u0103 \u201eMihai Eminescu\u201d din Alba Iulia. Programul manifest\u0103rilor include","breadcrumb":{"@id":"https:\/\/urbeamea.ro\/albaiulia\/saptamana-eminescu-marcata-la-scoala-gimnaziala-mihai-eminescu-din-alba-iulia-prin-cantece-poezii-si-expozitii\/#breadcrumb"},"inLanguage":"ro-RO","potentialAction":[{"@type":"ReadAction","target":["https:\/\/urbeamea.ro\/albaiulia\/saptamana-eminescu-marcata-la-scoala-gimnaziala-mihai-eminescu-din-alba-iulia-prin-cantece-poezii-si-expozitii\/"]}]},{"@type":"ImageObject","inLanguage":"ro-RO","@id":"https:\/\/urbeamea.ro\/albaiulia\/saptamana-eminescu-marcata-la-scoala-gimnaziala-mihai-eminescu-din-alba-iulia-prin-cantece-poezii-si-expozitii\/#primaryimage","url":"https:\/\/urbeamea.ro\/albaiulia\/wp-content\/uploads\/2017\/01\/scoala-mihai-eminescu.jpg","contentUrl":"https:\/\/urbeamea.ro\/albaiulia\/wp-content\/uploads\/2017\/01\/scoala-mihai-eminescu.jpg","width":1000,"height":583,"caption":"VIDEO ACHIM - FILMARI VIDEO SI FOTOGRAFII PROFESIONALE"},{"@type":"BreadcrumbList","@id":"https:\/\/urbeamea.ro\/albaiulia\/saptamana-eminescu-marcata-la-scoala-gimnaziala-mihai-eminescu-din-alba-iulia-prin-cantece-poezii-si-expozitii\/#breadcrumb","itemListElement":[{"@type":"ListItem","position":1,"name":"Prima pagin\u0103","item":"https:\/\/urbeamea.ro\/albaiulia\/"},{"@type":"ListItem","position":2,"name":"\u201eS\u0103pt\u0103m\u00e2na Eminescu\u201d, marcat\u0103 la \u0218coala Gimnazial\u0103 \u201eMihai Eminescu\u201d din Alba Iulia prin c\u00e2ntece, poezii \u015fi expozi\u0163ii"}]},{"@type":"WebSite","@id":"https:\/\/urbeamea.ro\/albaiulia\/#website","url":"https:\/\/urbeamea.ro\/albaiulia\/","name":"Revista Urbea Mea, Stiri urbane","description":"Evenimente \u0219i \u0219tiri din Alba Iulia, Sebe\u0219, Aiud, Blaj","potentialAction":[{"@type":"SearchAction","target":{"@type":"EntryPoint","urlTemplate":"https:\/\/urbeamea.ro\/albaiulia\/?s={search_term_string}"},"query-input":{"@type":"PropertyValueSpecification","valueRequired":true,"valueName":"search_term_string"}}],"inLanguage":"ro-RO"},{"@type":"Person","@id":"https:\/\/urbeamea.ro\/albaiulia\/#\/schema\/person\/9700d21fae21c4f038b0b56f4506264a","name":"Cristina Ganga","image":{"@type":"ImageObject","inLanguage":"ro-RO","@id":"https:\/\/secure.gravatar.com\/avatar\/5a67661041f057b4a8ccaf26f5a8e86e2689372006d01faf3dd9eeb10b654bb4?s=96&d=mm&r=g","url":"https:\/\/secure.gravatar.com\/avatar\/5a67661041f057b4a8ccaf26f5a8e86e2689372006d01faf3dd9eeb10b654bb4?s=96&d=mm&r=g","contentUrl":"https:\/\/secure.gravatar.com\/avatar\/5a67661041f057b4a8ccaf26f5a8e86e2689372006d01faf3dd9eeb10b654bb4?s=96&d=mm&r=g","caption":"Cristina Ganga"},"description":"Jurnalist","sameAs":["https:\/\/www.facebook.com\/cristina.nicola.587"],"url":"https:\/\/urbeamea.ro\/albaiulia\/author\/cristina-nicola\/"}]}},"_links":{"self":[{"href":"https:\/\/urbeamea.ro\/albaiulia\/wp-json\/wp\/v2\/posts\/38490","targetHints":{"allow":["GET"]}}],"collection":[{"href":"https:\/\/urbeamea.ro\/albaiulia\/wp-json\/wp\/v2\/posts"}],"about":[{"href":"https:\/\/urbeamea.ro\/albaiulia\/wp-json\/wp\/v2\/types\/post"}],"author":[{"embeddable":true,"href":"https:\/\/urbeamea.ro\/albaiulia\/wp-json\/wp\/v2\/users\/17"}],"replies":[{"embeddable":true,"href":"https:\/\/urbeamea.ro\/albaiulia\/wp-json\/wp\/v2\/comments?post=38490"}],"version-history":[{"count":0,"href":"https:\/\/urbeamea.ro\/albaiulia\/wp-json\/wp\/v2\/posts\/38490\/revisions"}],"wp:featuredmedia":[{"embeddable":true,"href":"https:\/\/urbeamea.ro\/albaiulia\/wp-json\/wp\/v2\/media\/38492"}],"wp:attachment":[{"href":"https:\/\/urbeamea.ro\/albaiulia\/wp-json\/wp\/v2\/media?parent=38490"}],"wp:term":[{"taxonomy":"category","embeddable":true,"href":"https:\/\/urbeamea.ro\/albaiulia\/wp-json\/wp\/v2\/categories?post=38490"},{"taxonomy":"post_tag","embeddable":true,"href":"https:\/\/urbeamea.ro\/albaiulia\/wp-json\/wp\/v2\/tags?post=38490"}],"curies":[{"name":"wp","href":"https:\/\/api.w.org\/{rel}","templated":true}]}}