{"id":38543,"date":"2017-01-11T14:13:02","date_gmt":"2017-01-11T12:13:02","guid":{"rendered":"http:\/\/urbeamea.ro\/albaiulia\/?p=38543"},"modified":"2017-01-11T14:13:02","modified_gmt":"2017-01-11T12:13:02","slug":"ziua-culturii-nationale-marcata-la-biblioteca-judeteana-alba-prin-expozitii-de-carte-toata-luna-ianuarie","status":"publish","type":"post","link":"https:\/\/urbeamea.ro\/albaiulia\/ziua-culturii-nationale-marcata-la-biblioteca-judeteana-alba-prin-expozitii-de-carte-toata-luna-ianuarie\/","title":{"rendered":"Ziua culturii na\u021bionale, marcat\u0103 la Biblioteca Jude\u0163ean\u0103 Alba prin expozi\u0163ii de carte toat\u0103 luna ianuarie"},"content":{"rendered":"<p align=\"JUSTIFY\"><strong><img loading=\"lazy\" decoding=\"async\" class=\"size-medium wp-image-38547 alignleft\" src=\"http:\/\/urbeamea.ro\/albaiulia\/wp-content\/uploads\/2017\/01\/DSCN4580-300x225.jpg\" alt=\"\" width=\"300\" height=\"225\" \/>Iubitorii de lectur\u0103 sunt a\u015ftepta\u0163i, cu ocazia Zilei Culturii Na\u021bionale, ziua \u00een care este serbat Mihai Eminescu, s\u0103-l descopere pe marele poet \u00een colec\u021biile Bibliotecii Jude\u021bene \u201eLucian Blaga\u201d Alba, pentru ca s\u0103rb\u0103toarea s\u0103 fie \u201dparticipare febril\u0103 la c\u0103ut\u0103rile \u0219i nelini\u0219tile lui, la tinereasca lui neodihn\u0103\u2026\u201d cum spunea Andrei Ple\u0219u.<\/strong><\/p>\n<p align=\"JUSTIFY\"><em>\u201eDac\u0103 vre\u021bi s\u0103-l descoperi\u021bi pe Eminescu \u2013 manuscrise, opere complete, scrisori, publicistic\u0103, critica operei eminesciene, opinii legate de omul \u0219i poetul Eminescu, \u00een colec\u021biile Bibliotecii Jude\u021bene \u201eLucian Blaga\u201d Alba, nu trebuie dec\u00e2t s\u0103 ne trece\u021bi pragul. Toate filialele \u0219i sec\u021biile bibliotecii jude\u021bene, \u00een luna ianuarie a lui 2017, v\u0103 a\u0219teapt\u0103 cu expozi\u021bii de carte.<\/em><\/p>\n<p align=\"JUSTIFY\"><em>Parafraz\u00e2ndu-l pe Petru Cre\u021bia, spunem \u0219i noi c\u0103, dac\u0103 vom izbuti s\u0103 facem, fie \u0219i \u00een cea mai mic\u0103 m\u0103sur\u0103, mai bine citite aceste c\u0103r\u021bi, ne vom fi atins \u021belul \u0219i ne vom fi f\u0103cut datoria\u201d<\/em>, a transmis Cristina Smadea, bibliotecar la Biblioteca Jude\u021bean\u0103 \u201eLucian Blaga\u201d Alba.<\/p>\n<div id='gallery-1' class='gallery galleryid-38543 gallery-columns-3 gallery-size-thumbnail'><figure class='gallery-item'>\n\t\t\t<div class='gallery-icon landscape'>\n\t\t\t\t<a href='https:\/\/urbeamea.ro\/albaiulia\/wp-content\/uploads\/2017\/01\/DSCN4574.jpg'><img decoding=\"async\" width=\"150\" height=\"113\" src=\"data:image\/png;base64,iVBORw0KGgoAAAANSUhEUgAAAYYAAADcAQMAAABOLJSDAAAAA1BMVEUAAACnej3aAAAAAXRSTlMAQObYZgAAACJJREFUaIHtwTEBAAAAwqD1T20ND6AAAAAAAAAAAAAA4N8AKvgAAUFIrrEAAAAASUVORK5CYII=\" class=\"attachment-thumbnail size-thumbnail lazy-img\" alt=\"\" srcset=\"https:\/\/urbeamea.ro\/albaiulia\/wp-content\/uploads\/2017\/01\/DSCN4574-150x113.jpg 150w, https:\/\/urbeamea.ro\/albaiulia\/wp-content\/uploads\/2017\/01\/DSCN4574-640x480.jpg 640w, https:\/\/urbeamea.ro\/albaiulia\/wp-content\/uploads\/2017\/01\/DSCN4574-768x576.jpg 768w, https:\/\/urbeamea.ro\/albaiulia\/wp-content\/uploads\/2017\/01\/DSCN4574.jpg 1280w\" sizes=\"auto, (max-width: 150px) 100vw, 150px\" data-src=\"https:\/\/urbeamea.ro\/albaiulia\/wp-content\/uploads\/2017\/01\/DSCN4574-150x113.jpg\" loading=\"lazy\" \/><\/a>\n\t\t\t<\/div><\/figure><figure class='gallery-item'>\n\t\t\t<div class='gallery-icon landscape'>\n\t\t\t\t<a href='https:\/\/urbeamea.ro\/albaiulia\/wp-content\/uploads\/2017\/01\/DSCN4577.jpg'><img decoding=\"async\" width=\"150\" height=\"113\" src=\"data:image\/png;base64,iVBORw0KGgoAAAANSUhEUgAAAYYAAADcAQMAAABOLJSDAAAAA1BMVEUAAACnej3aAAAAAXRSTlMAQObYZgAAACJJREFUaIHtwTEBAAAAwqD1T20ND6AAAAAAAAAAAAAA4N8AKvgAAUFIrrEAAAAASUVORK5CYII=\" class=\"attachment-thumbnail size-thumbnail lazy-img\" alt=\"\" srcset=\"https:\/\/urbeamea.ro\/albaiulia\/wp-content\/uploads\/2017\/01\/DSCN4577-150x113.jpg 150w, https:\/\/urbeamea.ro\/albaiulia\/wp-content\/uploads\/2017\/01\/DSCN4577-640x480.jpg 640w, https:\/\/urbeamea.ro\/albaiulia\/wp-content\/uploads\/2017\/01\/DSCN4577-768x576.jpg 768w, https:\/\/urbeamea.ro\/albaiulia\/wp-content\/uploads\/2017\/01\/DSCN4577.jpg 1280w\" sizes=\"auto, (max-width: 150px) 100vw, 150px\" data-src=\"https:\/\/urbeamea.ro\/albaiulia\/wp-content\/uploads\/2017\/01\/DSCN4577-150x113.jpg\" loading=\"lazy\" \/><\/a>\n\t\t\t<\/div><\/figure><figure class='gallery-item'>\n\t\t\t<div class='gallery-icon landscape'>\n\t\t\t\t<a href='https:\/\/urbeamea.ro\/albaiulia\/wp-content\/uploads\/2017\/01\/DSCN4578.jpg'><img decoding=\"async\" width=\"150\" height=\"113\" src=\"data:image\/png;base64,iVBORw0KGgoAAAANSUhEUgAAAYYAAADcAQMAAABOLJSDAAAAA1BMVEUAAACnej3aAAAAAXRSTlMAQObYZgAAACJJREFUaIHtwTEBAAAAwqD1T20ND6AAAAAAAAAAAAAA4N8AKvgAAUFIrrEAAAAASUVORK5CYII=\" class=\"attachment-thumbnail size-thumbnail lazy-img\" alt=\"\" srcset=\"https:\/\/urbeamea.ro\/albaiulia\/wp-content\/uploads\/2017\/01\/DSCN4578-150x113.jpg 150w, https:\/\/urbeamea.ro\/albaiulia\/wp-content\/uploads\/2017\/01\/DSCN4578-640x480.jpg 640w, https:\/\/urbeamea.ro\/albaiulia\/wp-content\/uploads\/2017\/01\/DSCN4578-768x576.jpg 768w, https:\/\/urbeamea.ro\/albaiulia\/wp-content\/uploads\/2017\/01\/DSCN4578.jpg 1280w\" sizes=\"auto, (max-width: 150px) 100vw, 150px\" data-src=\"https:\/\/urbeamea.ro\/albaiulia\/wp-content\/uploads\/2017\/01\/DSCN4578-150x113.jpg\" loading=\"lazy\" \/><\/a>\n\t\t\t<\/div><\/figure><figure class='gallery-item'>\n\t\t\t<div class='gallery-icon landscape'>\n\t\t\t\t<a href='https:\/\/urbeamea.ro\/albaiulia\/wp-content\/uploads\/2017\/01\/DSCN4580.jpg'><img decoding=\"async\" width=\"150\" height=\"113\" src=\"data:image\/png;base64,iVBORw0KGgoAAAANSUhEUgAAAYYAAADcAQMAAABOLJSDAAAAA1BMVEUAAACnej3aAAAAAXRSTlMAQObYZgAAACJJREFUaIHtwTEBAAAAwqD1T20ND6AAAAAAAAAAAAAA4N8AKvgAAUFIrrEAAAAASUVORK5CYII=\" class=\"attachment-thumbnail size-thumbnail lazy-img\" alt=\"\" srcset=\"https:\/\/urbeamea.ro\/albaiulia\/wp-content\/uploads\/2017\/01\/DSCN4580-150x113.jpg 150w, https:\/\/urbeamea.ro\/albaiulia\/wp-content\/uploads\/2017\/01\/DSCN4580-640x480.jpg 640w, https:\/\/urbeamea.ro\/albaiulia\/wp-content\/uploads\/2017\/01\/DSCN4580-768x576.jpg 768w, https:\/\/urbeamea.ro\/albaiulia\/wp-content\/uploads\/2017\/01\/DSCN4580.jpg 1280w\" sizes=\"auto, (max-width: 150px) 100vw, 150px\" data-src=\"https:\/\/urbeamea.ro\/albaiulia\/wp-content\/uploads\/2017\/01\/DSCN4580-150x113.jpg\" loading=\"lazy\" \/><\/a>\n\t\t\t<\/div><\/figure>\n\t\t<\/div>\n\n","protected":false},"excerpt":{"rendered":"<p>Iubitorii de lectur\u0103 sunt a\u015ftepta\u0163i, cu ocazia Zilei Culturii Na\u021bionale, ziua \u00een care este serbat Mihai Eminescu, s\u0103-l descopere pe marele poet \u00een colec\u021biile Bibliotecii Jude\u021bene \u201eLucian Blaga\u201d Alba, pentru ca s\u0103rb\u0103toarea s\u0103 fie \u201dparticipare febril\u0103 la c\u0103ut\u0103rile \u0219i nelini\u0219tile lui, la tinereasca lui neodihn\u0103\u2026\u201d cum spunea Andrei Ple\u0219u. \u201eDac\u0103 vre\u021bi s\u0103-l descoperi\u021bi pe Eminescu &hellip;<\/p>\n","protected":false},"author":17,"featured_media":38547,"comment_status":"open","ping_status":"open","sticky":false,"template":"","format":"standard","meta":{"inline_featured_image":false,"footnotes":""},"categories":[2038],"tags":[31,484,3928,886,1964,308,76,9434],"class_list":["post-38543","post","type-post","status-publish","format-standard","has-post-thumbnail","hentry","category-cultura","tag-alba-iulia","tag-biblioteca-judeteana-lucian-blaga","tag-expozitii-de-carte","tag-lectura","tag-mihai-eminescu","tag-stiri","tag-urbea-mea","tag-zilele-culturii-nationale"],"yoast_head":"<!-- This site is optimized with the Yoast SEO plugin v27.4 - https:\/\/yoast.com\/product\/yoast-seo-wordpress\/ -->\n<title>Ziua culturii na\u021bionale, marcat\u0103 la Biblioteca Jude\u0163ean\u0103 Alba prin expozi\u0163ii de carte toat\u0103 luna ianuarie - Revista Urbea Mea - Revista de Alba<\/title>\n<meta name=\"description\" content=\"Iubitorii de lectur\u0103 sunt a\u015ftepta\u0163i, cu ocazia Zilei Culturii Na\u021bionale, ziua \u00een care este serbat Mihai Eminescu, s\u0103-l descopere pe marele poet \u00een\" \/>\n<meta name=\"robots\" content=\"index, follow, max-snippet:-1, max-image-preview:large, max-video-preview:-1\" \/>\n<link rel=\"canonical\" href=\"https:\/\/urbeamea.ro\/albaiulia\/ziua-culturii-nationale-marcata-la-biblioteca-judeteana-alba-prin-expozitii-de-carte-toata-luna-ianuarie\/\" \/>\n<meta name=\"twitter:card\" content=\"summary_large_image\" \/>\n<meta name=\"twitter:title\" content=\"Ziua culturii na\u021bionale, marcat\u0103 la Biblioteca Jude\u0163ean\u0103 Alba prin expozi\u0163ii de carte toat\u0103 luna ianuarie - Revista Urbea Mea - Revista de Alba\" \/>\n<meta name=\"twitter:description\" content=\"Iubitorii de lectur\u0103 sunt a\u015ftepta\u0163i, cu ocazia Zilei Culturii Na\u021bionale, ziua \u00een care este serbat Mihai Eminescu, s\u0103-l descopere pe marele poet \u00een\" \/>\n<meta name=\"twitter:image\" content=\"https:\/\/urbeamea.ro\/albaiulia\/wp-content\/uploads\/2017\/01\/DSCN4580.jpg\" \/>\n<meta name=\"twitter:creator\" content=\"@urbeameaweb\" \/>\n<meta name=\"twitter:site\" content=\"@urbeameaweb\" \/>\n<script type=\"application\/ld+json\" class=\"yoast-schema-graph\">{\"@context\":\"https:\\\/\\\/schema.org\",\"@graph\":[{\"@type\":\"Article\",\"@id\":\"https:\\\/\\\/urbeamea.ro\\\/albaiulia\\\/ziua-culturii-nationale-marcata-la-biblioteca-judeteana-alba-prin-expozitii-de-carte-toata-luna-ianuarie\\\/#article\",\"isPartOf\":{\"@id\":\"https:\\\/\\\/urbeamea.ro\\\/albaiulia\\\/ziua-culturii-nationale-marcata-la-biblioteca-judeteana-alba-prin-expozitii-de-carte-toata-luna-ianuarie\\\/\"},\"author\":{\"name\":\"Cristina Ganga\",\"@id\":\"https:\\\/\\\/urbeamea.ro\\\/albaiulia\\\/#\\\/schema\\\/person\\\/9700d21fae21c4f038b0b56f4506264a\"},\"headline\":\"Ziua culturii na\u021bionale, marcat\u0103 la Biblioteca Jude\u0163ean\u0103 Alba prin expozi\u0163ii de carte toat\u0103 luna ianuarie\",\"datePublished\":\"2017-01-11T12:13:02+00:00\",\"mainEntityOfPage\":{\"@id\":\"https:\\\/\\\/urbeamea.ro\\\/albaiulia\\\/ziua-culturii-nationale-marcata-la-biblioteca-judeteana-alba-prin-expozitii-de-carte-toata-luna-ianuarie\\\/\"},\"wordCount\":200,\"commentCount\":0,\"image\":{\"@id\":\"https:\\\/\\\/urbeamea.ro\\\/albaiulia\\\/ziua-culturii-nationale-marcata-la-biblioteca-judeteana-alba-prin-expozitii-de-carte-toata-luna-ianuarie\\\/#primaryimage\"},\"thumbnailUrl\":\"https:\\\/\\\/urbeamea.ro\\\/albaiulia\\\/wp-content\\\/uploads\\\/2017\\\/01\\\/DSCN4580.jpg\",\"keywords\":[\"Alba Iulia\",\"biblioteca judeteana lucian blaga\",\"expozitii de carte\",\"lectura\",\"mihai eminescu\",\"stiri\",\"Urbea Mea\",\"zilele culturii nationale\"],\"articleSection\":[\"Cultur\u0103\"],\"inLanguage\":\"ro-RO\",\"potentialAction\":[{\"@type\":\"CommentAction\",\"name\":\"Comment\",\"target\":[\"https:\\\/\\\/urbeamea.ro\\\/albaiulia\\\/ziua-culturii-nationale-marcata-la-biblioteca-judeteana-alba-prin-expozitii-de-carte-toata-luna-ianuarie\\\/#respond\"]}]},{\"@type\":\"WebPage\",\"@id\":\"https:\\\/\\\/urbeamea.ro\\\/albaiulia\\\/ziua-culturii-nationale-marcata-la-biblioteca-judeteana-alba-prin-expozitii-de-carte-toata-luna-ianuarie\\\/\",\"url\":\"https:\\\/\\\/urbeamea.ro\\\/albaiulia\\\/ziua-culturii-nationale-marcata-la-biblioteca-judeteana-alba-prin-expozitii-de-carte-toata-luna-ianuarie\\\/\",\"name\":\"Ziua culturii na\u021bionale, marcat\u0103 la Biblioteca Jude\u0163ean\u0103 Alba prin expozi\u0163ii de carte toat\u0103 luna ianuarie - Revista Urbea Mea - Revista de Alba\",\"isPartOf\":{\"@id\":\"https:\\\/\\\/urbeamea.ro\\\/albaiulia\\\/#website\"},\"primaryImageOfPage\":{\"@id\":\"https:\\\/\\\/urbeamea.ro\\\/albaiulia\\\/ziua-culturii-nationale-marcata-la-biblioteca-judeteana-alba-prin-expozitii-de-carte-toata-luna-ianuarie\\\/#primaryimage\"},\"image\":{\"@id\":\"https:\\\/\\\/urbeamea.ro\\\/albaiulia\\\/ziua-culturii-nationale-marcata-la-biblioteca-judeteana-alba-prin-expozitii-de-carte-toata-luna-ianuarie\\\/#primaryimage\"},\"thumbnailUrl\":\"https:\\\/\\\/urbeamea.ro\\\/albaiulia\\\/wp-content\\\/uploads\\\/2017\\\/01\\\/DSCN4580.jpg\",\"datePublished\":\"2017-01-11T12:13:02+00:00\",\"author\":{\"@id\":\"https:\\\/\\\/urbeamea.ro\\\/albaiulia\\\/#\\\/schema\\\/person\\\/9700d21fae21c4f038b0b56f4506264a\"},\"description\":\"Iubitorii de lectur\u0103 sunt a\u015ftepta\u0163i, cu ocazia Zilei Culturii Na\u021bionale, ziua \u00een care este serbat Mihai Eminescu, s\u0103-l descopere pe marele poet \u00een\",\"breadcrumb\":{\"@id\":\"https:\\\/\\\/urbeamea.ro\\\/albaiulia\\\/ziua-culturii-nationale-marcata-la-biblioteca-judeteana-alba-prin-expozitii-de-carte-toata-luna-ianuarie\\\/#breadcrumb\"},\"inLanguage\":\"ro-RO\",\"potentialAction\":[{\"@type\":\"ReadAction\",\"target\":[\"https:\\\/\\\/urbeamea.ro\\\/albaiulia\\\/ziua-culturii-nationale-marcata-la-biblioteca-judeteana-alba-prin-expozitii-de-carte-toata-luna-ianuarie\\\/\"]}]},{\"@type\":\"ImageObject\",\"inLanguage\":\"ro-RO\",\"@id\":\"https:\\\/\\\/urbeamea.ro\\\/albaiulia\\\/ziua-culturii-nationale-marcata-la-biblioteca-judeteana-alba-prin-expozitii-de-carte-toata-luna-ianuarie\\\/#primaryimage\",\"url\":\"https:\\\/\\\/urbeamea.ro\\\/albaiulia\\\/wp-content\\\/uploads\\\/2017\\\/01\\\/DSCN4580.jpg\",\"contentUrl\":\"https:\\\/\\\/urbeamea.ro\\\/albaiulia\\\/wp-content\\\/uploads\\\/2017\\\/01\\\/DSCN4580.jpg\",\"width\":1280,\"height\":960},{\"@type\":\"BreadcrumbList\",\"@id\":\"https:\\\/\\\/urbeamea.ro\\\/albaiulia\\\/ziua-culturii-nationale-marcata-la-biblioteca-judeteana-alba-prin-expozitii-de-carte-toata-luna-ianuarie\\\/#breadcrumb\",\"itemListElement\":[{\"@type\":\"ListItem\",\"position\":1,\"name\":\"Prima pagin\u0103\",\"item\":\"https:\\\/\\\/urbeamea.ro\\\/albaiulia\\\/\"},{\"@type\":\"ListItem\",\"position\":2,\"name\":\"Ziua culturii na\u021bionale, marcat\u0103 la Biblioteca Jude\u0163ean\u0103 Alba prin expozi\u0163ii de carte toat\u0103 luna ianuarie\"}]},{\"@type\":\"WebSite\",\"@id\":\"https:\\\/\\\/urbeamea.ro\\\/albaiulia\\\/#website\",\"url\":\"https:\\\/\\\/urbeamea.ro\\\/albaiulia\\\/\",\"name\":\"Revista Urbea Mea, Stiri urbane\",\"description\":\"Evenimente \u0219i \u0219tiri din Alba Iulia, Sebe\u0219, Aiud, Blaj\",\"potentialAction\":[{\"@type\":\"SearchAction\",\"target\":{\"@type\":\"EntryPoint\",\"urlTemplate\":\"https:\\\/\\\/urbeamea.ro\\\/albaiulia\\\/?s={search_term_string}\"},\"query-input\":{\"@type\":\"PropertyValueSpecification\",\"valueRequired\":true,\"valueName\":\"search_term_string\"}}],\"inLanguage\":\"ro-RO\"},{\"@type\":\"Person\",\"@id\":\"https:\\\/\\\/urbeamea.ro\\\/albaiulia\\\/#\\\/schema\\\/person\\\/9700d21fae21c4f038b0b56f4506264a\",\"name\":\"Cristina Ganga\",\"image\":{\"@type\":\"ImageObject\",\"inLanguage\":\"ro-RO\",\"@id\":\"https:\\\/\\\/secure.gravatar.com\\\/avatar\\\/5a67661041f057b4a8ccaf26f5a8e86e2689372006d01faf3dd9eeb10b654bb4?s=96&d=mm&r=g\",\"url\":\"https:\\\/\\\/secure.gravatar.com\\\/avatar\\\/5a67661041f057b4a8ccaf26f5a8e86e2689372006d01faf3dd9eeb10b654bb4?s=96&d=mm&r=g\",\"contentUrl\":\"https:\\\/\\\/secure.gravatar.com\\\/avatar\\\/5a67661041f057b4a8ccaf26f5a8e86e2689372006d01faf3dd9eeb10b654bb4?s=96&d=mm&r=g\",\"caption\":\"Cristina Ganga\"},\"description\":\"Jurnalist\",\"sameAs\":[\"https:\\\/\\\/www.facebook.com\\\/cristina.nicola.587\"],\"url\":\"https:\\\/\\\/urbeamea.ro\\\/albaiulia\\\/author\\\/cristina-nicola\\\/\"}]}<\/script>\n<!-- \/ Yoast SEO plugin. -->","yoast_head_json":{"title":"Ziua culturii na\u021bionale, marcat\u0103 la Biblioteca Jude\u0163ean\u0103 Alba prin expozi\u0163ii de carte toat\u0103 luna ianuarie - Revista Urbea Mea - Revista de Alba","description":"Iubitorii de lectur\u0103 sunt a\u015ftepta\u0163i, cu ocazia Zilei Culturii Na\u021bionale, ziua \u00een care este serbat Mihai Eminescu, s\u0103-l descopere pe marele poet \u00een","robots":{"index":"index","follow":"follow","max-snippet":"max-snippet:-1","max-image-preview":"max-image-preview:large","max-video-preview":"max-video-preview:-1"},"canonical":"https:\/\/urbeamea.ro\/albaiulia\/ziua-culturii-nationale-marcata-la-biblioteca-judeteana-alba-prin-expozitii-de-carte-toata-luna-ianuarie\/","twitter_card":"summary_large_image","twitter_title":"Ziua culturii na\u021bionale, marcat\u0103 la Biblioteca Jude\u0163ean\u0103 Alba prin expozi\u0163ii de carte toat\u0103 luna ianuarie - Revista Urbea Mea - Revista de Alba","twitter_description":"Iubitorii de lectur\u0103 sunt a\u015ftepta\u0163i, cu ocazia Zilei Culturii Na\u021bionale, ziua \u00een care este serbat Mihai Eminescu, s\u0103-l descopere pe marele poet \u00een","twitter_image":"https:\/\/urbeamea.ro\/albaiulia\/wp-content\/uploads\/2017\/01\/DSCN4580.jpg","twitter_creator":"@urbeameaweb","twitter_site":"@urbeameaweb","schema":{"@context":"https:\/\/schema.org","@graph":[{"@type":"Article","@id":"https:\/\/urbeamea.ro\/albaiulia\/ziua-culturii-nationale-marcata-la-biblioteca-judeteana-alba-prin-expozitii-de-carte-toata-luna-ianuarie\/#article","isPartOf":{"@id":"https:\/\/urbeamea.ro\/albaiulia\/ziua-culturii-nationale-marcata-la-biblioteca-judeteana-alba-prin-expozitii-de-carte-toata-luna-ianuarie\/"},"author":{"name":"Cristina Ganga","@id":"https:\/\/urbeamea.ro\/albaiulia\/#\/schema\/person\/9700d21fae21c4f038b0b56f4506264a"},"headline":"Ziua culturii na\u021bionale, marcat\u0103 la Biblioteca Jude\u0163ean\u0103 Alba prin expozi\u0163ii de carte toat\u0103 luna ianuarie","datePublished":"2017-01-11T12:13:02+00:00","mainEntityOfPage":{"@id":"https:\/\/urbeamea.ro\/albaiulia\/ziua-culturii-nationale-marcata-la-biblioteca-judeteana-alba-prin-expozitii-de-carte-toata-luna-ianuarie\/"},"wordCount":200,"commentCount":0,"image":{"@id":"https:\/\/urbeamea.ro\/albaiulia\/ziua-culturii-nationale-marcata-la-biblioteca-judeteana-alba-prin-expozitii-de-carte-toata-luna-ianuarie\/#primaryimage"},"thumbnailUrl":"https:\/\/urbeamea.ro\/albaiulia\/wp-content\/uploads\/2017\/01\/DSCN4580.jpg","keywords":["Alba Iulia","biblioteca judeteana lucian blaga","expozitii de carte","lectura","mihai eminescu","stiri","Urbea Mea","zilele culturii nationale"],"articleSection":["Cultur\u0103"],"inLanguage":"ro-RO","potentialAction":[{"@type":"CommentAction","name":"Comment","target":["https:\/\/urbeamea.ro\/albaiulia\/ziua-culturii-nationale-marcata-la-biblioteca-judeteana-alba-prin-expozitii-de-carte-toata-luna-ianuarie\/#respond"]}]},{"@type":"WebPage","@id":"https:\/\/urbeamea.ro\/albaiulia\/ziua-culturii-nationale-marcata-la-biblioteca-judeteana-alba-prin-expozitii-de-carte-toata-luna-ianuarie\/","url":"https:\/\/urbeamea.ro\/albaiulia\/ziua-culturii-nationale-marcata-la-biblioteca-judeteana-alba-prin-expozitii-de-carte-toata-luna-ianuarie\/","name":"Ziua culturii na\u021bionale, marcat\u0103 la Biblioteca Jude\u0163ean\u0103 Alba prin expozi\u0163ii de carte toat\u0103 luna ianuarie - Revista Urbea Mea - Revista de Alba","isPartOf":{"@id":"https:\/\/urbeamea.ro\/albaiulia\/#website"},"primaryImageOfPage":{"@id":"https:\/\/urbeamea.ro\/albaiulia\/ziua-culturii-nationale-marcata-la-biblioteca-judeteana-alba-prin-expozitii-de-carte-toata-luna-ianuarie\/#primaryimage"},"image":{"@id":"https:\/\/urbeamea.ro\/albaiulia\/ziua-culturii-nationale-marcata-la-biblioteca-judeteana-alba-prin-expozitii-de-carte-toata-luna-ianuarie\/#primaryimage"},"thumbnailUrl":"https:\/\/urbeamea.ro\/albaiulia\/wp-content\/uploads\/2017\/01\/DSCN4580.jpg","datePublished":"2017-01-11T12:13:02+00:00","author":{"@id":"https:\/\/urbeamea.ro\/albaiulia\/#\/schema\/person\/9700d21fae21c4f038b0b56f4506264a"},"description":"Iubitorii de lectur\u0103 sunt a\u015ftepta\u0163i, cu ocazia Zilei Culturii Na\u021bionale, ziua \u00een care este serbat Mihai Eminescu, s\u0103-l descopere pe marele poet \u00een","breadcrumb":{"@id":"https:\/\/urbeamea.ro\/albaiulia\/ziua-culturii-nationale-marcata-la-biblioteca-judeteana-alba-prin-expozitii-de-carte-toata-luna-ianuarie\/#breadcrumb"},"inLanguage":"ro-RO","potentialAction":[{"@type":"ReadAction","target":["https:\/\/urbeamea.ro\/albaiulia\/ziua-culturii-nationale-marcata-la-biblioteca-judeteana-alba-prin-expozitii-de-carte-toata-luna-ianuarie\/"]}]},{"@type":"ImageObject","inLanguage":"ro-RO","@id":"https:\/\/urbeamea.ro\/albaiulia\/ziua-culturii-nationale-marcata-la-biblioteca-judeteana-alba-prin-expozitii-de-carte-toata-luna-ianuarie\/#primaryimage","url":"https:\/\/urbeamea.ro\/albaiulia\/wp-content\/uploads\/2017\/01\/DSCN4580.jpg","contentUrl":"https:\/\/urbeamea.ro\/albaiulia\/wp-content\/uploads\/2017\/01\/DSCN4580.jpg","width":1280,"height":960},{"@type":"BreadcrumbList","@id":"https:\/\/urbeamea.ro\/albaiulia\/ziua-culturii-nationale-marcata-la-biblioteca-judeteana-alba-prin-expozitii-de-carte-toata-luna-ianuarie\/#breadcrumb","itemListElement":[{"@type":"ListItem","position":1,"name":"Prima pagin\u0103","item":"https:\/\/urbeamea.ro\/albaiulia\/"},{"@type":"ListItem","position":2,"name":"Ziua culturii na\u021bionale, marcat\u0103 la Biblioteca Jude\u0163ean\u0103 Alba prin expozi\u0163ii de carte toat\u0103 luna ianuarie"}]},{"@type":"WebSite","@id":"https:\/\/urbeamea.ro\/albaiulia\/#website","url":"https:\/\/urbeamea.ro\/albaiulia\/","name":"Revista Urbea Mea, Stiri urbane","description":"Evenimente \u0219i \u0219tiri din Alba Iulia, Sebe\u0219, Aiud, Blaj","potentialAction":[{"@type":"SearchAction","target":{"@type":"EntryPoint","urlTemplate":"https:\/\/urbeamea.ro\/albaiulia\/?s={search_term_string}"},"query-input":{"@type":"PropertyValueSpecification","valueRequired":true,"valueName":"search_term_string"}}],"inLanguage":"ro-RO"},{"@type":"Person","@id":"https:\/\/urbeamea.ro\/albaiulia\/#\/schema\/person\/9700d21fae21c4f038b0b56f4506264a","name":"Cristina Ganga","image":{"@type":"ImageObject","inLanguage":"ro-RO","@id":"https:\/\/secure.gravatar.com\/avatar\/5a67661041f057b4a8ccaf26f5a8e86e2689372006d01faf3dd9eeb10b654bb4?s=96&d=mm&r=g","url":"https:\/\/secure.gravatar.com\/avatar\/5a67661041f057b4a8ccaf26f5a8e86e2689372006d01faf3dd9eeb10b654bb4?s=96&d=mm&r=g","contentUrl":"https:\/\/secure.gravatar.com\/avatar\/5a67661041f057b4a8ccaf26f5a8e86e2689372006d01faf3dd9eeb10b654bb4?s=96&d=mm&r=g","caption":"Cristina Ganga"},"description":"Jurnalist","sameAs":["https:\/\/www.facebook.com\/cristina.nicola.587"],"url":"https:\/\/urbeamea.ro\/albaiulia\/author\/cristina-nicola\/"}]}},"_links":{"self":[{"href":"https:\/\/urbeamea.ro\/albaiulia\/wp-json\/wp\/v2\/posts\/38543","targetHints":{"allow":["GET"]}}],"collection":[{"href":"https:\/\/urbeamea.ro\/albaiulia\/wp-json\/wp\/v2\/posts"}],"about":[{"href":"https:\/\/urbeamea.ro\/albaiulia\/wp-json\/wp\/v2\/types\/post"}],"author":[{"embeddable":true,"href":"https:\/\/urbeamea.ro\/albaiulia\/wp-json\/wp\/v2\/users\/17"}],"replies":[{"embeddable":true,"href":"https:\/\/urbeamea.ro\/albaiulia\/wp-json\/wp\/v2\/comments?post=38543"}],"version-history":[{"count":0,"href":"https:\/\/urbeamea.ro\/albaiulia\/wp-json\/wp\/v2\/posts\/38543\/revisions"}],"wp:featuredmedia":[{"embeddable":true,"href":"https:\/\/urbeamea.ro\/albaiulia\/wp-json\/wp\/v2\/media\/38547"}],"wp:attachment":[{"href":"https:\/\/urbeamea.ro\/albaiulia\/wp-json\/wp\/v2\/media?parent=38543"}],"wp:term":[{"taxonomy":"category","embeddable":true,"href":"https:\/\/urbeamea.ro\/albaiulia\/wp-json\/wp\/v2\/categories?post=38543"},{"taxonomy":"post_tag","embeddable":true,"href":"https:\/\/urbeamea.ro\/albaiulia\/wp-json\/wp\/v2\/tags?post=38543"}],"curies":[{"name":"wp","href":"https:\/\/api.w.org\/{rel}","templated":true}]}}