{"id":38710,"date":"2017-01-16T15:32:18","date_gmt":"2017-01-16T13:32:18","guid":{"rendered":"http:\/\/urbeamea.ro\/albaiulia\/?p=38710"},"modified":"2017-01-16T15:32:18","modified_gmt":"2017-01-16T13:32:18","slug":"trei-soferi-din-alba-sunt-cercetati-dupa-ce-au-fost-prinsi-bauti-la-volan","status":"publish","type":"post","link":"https:\/\/urbeamea.ro\/albaiulia\/trei-soferi-din-alba-sunt-cercetati-dupa-ce-au-fost-prinsi-bauti-la-volan\/","title":{"rendered":"Trei \u0219oferi din Alba sunt cerceta\u021bi dup\u0103 ce au fost prin\u0219i b\u0103u\u021bi la volan"},"content":{"rendered":"<p><strong><img loading=\"lazy\" decoding=\"async\" class=\"alignleft size-medium wp-image-30034\" src=\"http:\/\/urbeamea.ro\/albaiulia\/wp-content\/uploads\/2016\/08\/etilotest-300x146.jpg\" alt=\"\" width=\"300\" height=\"146\" \/>Sf\u00e2r\u0219itul de s\u0103pt\u0103m\u00e2n\u0103 a fost unul nefast pentru trei \u0219oferi din Alba, care au ignorat legea \u0219i s-au urcat la volan dup\u0103 ce au consumat b\u0103uturi alcoolice. Ace\u0219tia au fost prin\u0219i de poli\u021bi\u0219ti \u00een trafic, iar acum sunt cerceta\u021bi.<\/strong><\/p>\n<p>La data de 14.01.2017, \u00een jurul orelor 19:55, poli\u0163i\u015ftii rutieri din Aiud l-au depistat pe \u00a0M.C., de 53 de ani, din municipiul Turda, \u00een timp ce conducea un autoturism, pe C-lea Mo\u0163ilor din municipiul Aiud, fiind sub influen\u0163a b\u0103uturilor alcoolice.<\/p>\n<p>\u00cen urma test\u0103rii conduc\u0103torului auto cu aparatul etilotest, a rezultat valoarea de \u00a00,47 mg\/litru alcool pur \u00een aerul expirat, motiv pentru care a fost condus la spitalul din Aiud unde i-au fost recoltate mostre de s\u00e2nge, \u00een vederea stabilirii alcoolemiei.<\/p>\n<p>Fa\u0163\u0103 de M.C., cercet\u0103rile sunt continuate sub aspectul comiterii infrac\u021biunii de conducere sub influen\u0163a alcoolului.<\/p>\n<p>La data de 15.01.2017, \u00een jurul orelor 01:25, poli\u0163i\u015ftii rutieri din Blaj l-au depistat pe S.C.G., de 37 de ani, din Blaj, \u00een timp ce conducea un autoturism, pe raza municipiului, fiind sub influen\u0163a b\u0103uturilor alcoolice.<\/p>\n<p>\u00cen urma test\u0103rii conduc\u0103torului auto cu aparatul etilotest, a rezultat valoarea de 0,60 mg\/l alcool pur \u00een aerul expirat, motiv pentru care a fost condus la spitalul din Blaj unde i-au fost recoltate mostre de s\u00e2nge, \u00een vederea stabilirii alcoolemiei.<\/p>\n<p>Fa\u0163\u0103 de S.C.G., cercet\u0103rile sunt continuate sub aspectul comiterii infrac\u021biunii de conducere sub influen\u0163a alcoolului.<\/p>\n<p>La data de 16.01.2017, \u00een jurul orelor 02:00, poli\u0163i\u015ftii rutieri din cadrul Poli\u0163iei Municipiului Alba Iulia l-au depistat pe A.C., de 37 de ani, din municipiul Sebe\u015f, \u00een timp ce conducea un autoturism, pe strada Petru Dobra din Alba Iulia, fiind sub influen\u0163a b\u0103uturilor alcoolice.<\/p>\n<p>\u00cen urma test\u0103rii conduc\u0103torului auto cu aparatul etilotest, a rezultat valoarea de \u00a00,80 mg\/l alcool pur \u00een aerul expirat, motiv pentru care a fost condus la spitalul din Alba Iulia unde i-au fost recoltate mostre de s\u00e2nge, \u00een vederea stabilirii alcoolemiei.<\/p>\n<p>Fa\u0163\u0103 de A.C., cercet\u0103rile sunt continuate sub aspectul comiterii infrac\u021biunii de conducere sub influen\u0163a alcoolului.<\/p>\n","protected":false},"excerpt":{"rendered":"<p>Sf\u00e2r\u0219itul de s\u0103pt\u0103m\u00e2n\u0103 a fost unul nefast pentru trei \u0219oferi din Alba, care au ignorat legea \u0219i s-au urcat la volan dup\u0103 ce au consumat b\u0103uturi alcoolice. Ace\u0219tia au fost prin\u0219i de poli\u021bi\u0219ti \u00een trafic, iar acum sunt cerceta\u021bi. La data de 14.01.2017, \u00een jurul orelor 19:55, poli\u0163i\u015ftii rutieri din Aiud l-au depistat pe \u00a0M.C., &hellip;<\/p>\n","protected":false},"author":20,"featured_media":30034,"comment_status":"open","ping_status":"open","sticky":false,"template":"","format":"standard","meta":{"inline_featured_image":false,"footnotes":""},"categories":[2034],"tags":[385,307,31,1364,2987,170,2760,2417,4939,458,1115,76],"class_list":["post-38710","post","type-post","status-publish","format-standard","has-post-thumbnail","hentry","category-social","tag-aiud","tag-alba","tag-alba-iulia","tag-alcool","tag-alcoolemie","tag-blaj","tag-cercetati","tag-infractiuni","tag-mostre-de-sange","tag-politisti","tag-soferi","tag-urbea-mea"],"yoast_head":"<!-- This site is optimized with the Yoast SEO plugin v28.3 - https:\/\/yoast.com\/product\/yoast-seo-wordpress\/ -->\n<title>Trei \u0219oferi din Alba sunt cerceta\u021bi dup\u0103 ce au fost prin\u0219i b\u0103u\u021bi la volan - Revista Urbea Mea - Revista de Alba<\/title>\n<meta name=\"description\" content=\"Sf\u00e2r\u0219itul de s\u0103pt\u0103m\u00e2n\u0103 a fost unul nefast pentru trei \u0219oferi din Alba, care au ignorat legea \u0219i s-au urcat la volan dup\u0103 ce au consumat b\u0103uturi alcoolice.\" \/>\n<meta name=\"robots\" content=\"index, follow, max-snippet:-1, max-image-preview:large, max-video-preview:-1\" \/>\n<link rel=\"canonical\" href=\"https:\/\/urbeamea.ro\/albaiulia\/trei-soferi-din-alba-sunt-cercetati-dupa-ce-au-fost-prinsi-bauti-la-volan\/\" \/>\n<meta name=\"twitter:card\" content=\"summary_large_image\" \/>\n<meta name=\"twitter:title\" content=\"Trei \u0219oferi din Alba sunt cerceta\u021bi dup\u0103 ce au fost prin\u0219i b\u0103u\u021bi la volan - Revista Urbea Mea - Revista de Alba\" \/>\n<meta name=\"twitter:description\" content=\"Sf\u00e2r\u0219itul de s\u0103pt\u0103m\u00e2n\u0103 a fost unul nefast pentru trei \u0219oferi din Alba, care au ignorat legea \u0219i s-au urcat la volan dup\u0103 ce au consumat b\u0103uturi alcoolice.\" \/>\n<meta name=\"twitter:image\" content=\"https:\/\/urbeamea.ro\/albaiulia\/wp-content\/uploads\/2016\/08\/etilotest.jpg\" \/>\n<meta name=\"twitter:creator\" content=\"@urbeameaweb\" \/>\n<meta name=\"twitter:site\" content=\"@urbeameaweb\" \/>\n<script type=\"application\/ld+json\" class=\"yoast-schema-graph\">{\"@context\":\"https:\\\/\\\/schema.org\",\"@graph\":[{\"@type\":\"Article\",\"@id\":\"https:\\\/\\\/urbeamea.ro\\\/albaiulia\\\/trei-soferi-din-alba-sunt-cercetati-dupa-ce-au-fost-prinsi-bauti-la-volan\\\/#article\",\"isPartOf\":{\"@id\":\"https:\\\/\\\/urbeamea.ro\\\/albaiulia\\\/trei-soferi-din-alba-sunt-cercetati-dupa-ce-au-fost-prinsi-bauti-la-volan\\\/\"},\"author\":{\"name\":\"Adriana Avram\",\"@id\":\"https:\\\/\\\/urbeamea.ro\\\/albaiulia\\\/#\\\/schema\\\/person\\\/cfaa27fc3da4a9a2cf2fee3650afc5d0\"},\"headline\":\"Trei \u0219oferi din Alba sunt cerceta\u021bi dup\u0103 ce au fost prin\u0219i b\u0103u\u021bi la volan\",\"datePublished\":\"2017-01-16T13:32:18+00:00\",\"mainEntityOfPage\":{\"@id\":\"https:\\\/\\\/urbeamea.ro\\\/albaiulia\\\/trei-soferi-din-alba-sunt-cercetati-dupa-ce-au-fost-prinsi-bauti-la-volan\\\/\"},\"wordCount\":386,\"commentCount\":0,\"image\":{\"@id\":\"https:\\\/\\\/urbeamea.ro\\\/albaiulia\\\/trei-soferi-din-alba-sunt-cercetati-dupa-ce-au-fost-prinsi-bauti-la-volan\\\/#primaryimage\"},\"thumbnailUrl\":\"https:\\\/\\\/urbeamea.ro\\\/albaiulia\\\/wp-content\\\/uploads\\\/2016\\\/08\\\/etilotest.jpg\",\"keywords\":[\"aiud\",\"alba\",\"Alba Iulia\",\"alcool\",\"alcoolemie\",\"blaj\",\"cercetati\",\"infractiuni\",\"mostre de sange\",\"politisti\",\"soferi\",\"Urbea Mea\"],\"articleSection\":[\"Social\"],\"inLanguage\":\"ro-RO\",\"potentialAction\":[{\"@type\":\"CommentAction\",\"name\":\"Comment\",\"target\":[\"https:\\\/\\\/urbeamea.ro\\\/albaiulia\\\/trei-soferi-din-alba-sunt-cercetati-dupa-ce-au-fost-prinsi-bauti-la-volan\\\/#respond\"]}]},{\"@type\":\"WebPage\",\"@id\":\"https:\\\/\\\/urbeamea.ro\\\/albaiulia\\\/trei-soferi-din-alba-sunt-cercetati-dupa-ce-au-fost-prinsi-bauti-la-volan\\\/\",\"url\":\"https:\\\/\\\/urbeamea.ro\\\/albaiulia\\\/trei-soferi-din-alba-sunt-cercetati-dupa-ce-au-fost-prinsi-bauti-la-volan\\\/\",\"name\":\"Trei \u0219oferi din Alba sunt cerceta\u021bi dup\u0103 ce au fost prin\u0219i b\u0103u\u021bi la volan - Revista Urbea Mea - Revista de Alba\",\"isPartOf\":{\"@id\":\"https:\\\/\\\/urbeamea.ro\\\/albaiulia\\\/#website\"},\"primaryImageOfPage\":{\"@id\":\"https:\\\/\\\/urbeamea.ro\\\/albaiulia\\\/trei-soferi-din-alba-sunt-cercetati-dupa-ce-au-fost-prinsi-bauti-la-volan\\\/#primaryimage\"},\"image\":{\"@id\":\"https:\\\/\\\/urbeamea.ro\\\/albaiulia\\\/trei-soferi-din-alba-sunt-cercetati-dupa-ce-au-fost-prinsi-bauti-la-volan\\\/#primaryimage\"},\"thumbnailUrl\":\"https:\\\/\\\/urbeamea.ro\\\/albaiulia\\\/wp-content\\\/uploads\\\/2016\\\/08\\\/etilotest.jpg\",\"datePublished\":\"2017-01-16T13:32:18+00:00\",\"author\":{\"@id\":\"https:\\\/\\\/urbeamea.ro\\\/albaiulia\\\/#\\\/schema\\\/person\\\/cfaa27fc3da4a9a2cf2fee3650afc5d0\"},\"description\":\"Sf\u00e2r\u0219itul de s\u0103pt\u0103m\u00e2n\u0103 a fost unul nefast pentru trei \u0219oferi din Alba, care au ignorat legea \u0219i s-au urcat la volan dup\u0103 ce au consumat b\u0103uturi alcoolice.\",\"breadcrumb\":{\"@id\":\"https:\\\/\\\/urbeamea.ro\\\/albaiulia\\\/trei-soferi-din-alba-sunt-cercetati-dupa-ce-au-fost-prinsi-bauti-la-volan\\\/#breadcrumb\"},\"inLanguage\":\"ro-RO\",\"potentialAction\":[{\"@type\":\"ReadAction\",\"target\":[\"https:\\\/\\\/urbeamea.ro\\\/albaiulia\\\/trei-soferi-din-alba-sunt-cercetati-dupa-ce-au-fost-prinsi-bauti-la-volan\\\/\"]}]},{\"@type\":\"ImageObject\",\"inLanguage\":\"ro-RO\",\"@id\":\"https:\\\/\\\/urbeamea.ro\\\/albaiulia\\\/trei-soferi-din-alba-sunt-cercetati-dupa-ce-au-fost-prinsi-bauti-la-volan\\\/#primaryimage\",\"url\":\"https:\\\/\\\/urbeamea.ro\\\/albaiulia\\\/wp-content\\\/uploads\\\/2016\\\/08\\\/etilotest.jpg\",\"contentUrl\":\"https:\\\/\\\/urbeamea.ro\\\/albaiulia\\\/wp-content\\\/uploads\\\/2016\\\/08\\\/etilotest.jpg\",\"width\":740,\"height\":360},{\"@type\":\"BreadcrumbList\",\"@id\":\"https:\\\/\\\/urbeamea.ro\\\/albaiulia\\\/trei-soferi-din-alba-sunt-cercetati-dupa-ce-au-fost-prinsi-bauti-la-volan\\\/#breadcrumb\",\"itemListElement\":[{\"@type\":\"ListItem\",\"position\":1,\"name\":\"Prima pagin\u0103\",\"item\":\"https:\\\/\\\/urbeamea.ro\\\/albaiulia\\\/\"},{\"@type\":\"ListItem\",\"position\":2,\"name\":\"Trei \u0219oferi din Alba sunt cerceta\u021bi dup\u0103 ce au fost prin\u0219i b\u0103u\u021bi la volan\"}]},{\"@type\":\"WebSite\",\"@id\":\"https:\\\/\\\/urbeamea.ro\\\/albaiulia\\\/#website\",\"url\":\"https:\\\/\\\/urbeamea.ro\\\/albaiulia\\\/\",\"name\":\"Revista Urbea Mea, Stiri urbane\",\"description\":\"Evenimente \u0219i \u0219tiri din Alba Iulia, Sebe\u0219, Aiud, Blaj\",\"potentialAction\":[{\"@type\":\"SearchAction\",\"target\":{\"@type\":\"EntryPoint\",\"urlTemplate\":\"https:\\\/\\\/urbeamea.ro\\\/albaiulia\\\/?s={search_term_string}\"},\"query-input\":{\"@type\":\"PropertyValueSpecification\",\"valueRequired\":true,\"valueName\":\"search_term_string\"}}],\"inLanguage\":\"ro-RO\"},{\"@type\":\"Person\",\"@id\":\"https:\\\/\\\/urbeamea.ro\\\/albaiulia\\\/#\\\/schema\\\/person\\\/cfaa27fc3da4a9a2cf2fee3650afc5d0\",\"name\":\"Adriana Avram\",\"image\":{\"@type\":\"ImageObject\",\"inLanguage\":\"ro-RO\",\"@id\":\"https:\\\/\\\/secure.gravatar.com\\\/avatar\\\/3cc61eb1584088e0099c1763903a6421c5ce6cdf45fc2d424046dc621efc21f9?s=96&d=mm&r=g\",\"url\":\"https:\\\/\\\/secure.gravatar.com\\\/avatar\\\/3cc61eb1584088e0099c1763903a6421c5ce6cdf45fc2d424046dc621efc21f9?s=96&d=mm&r=g\",\"contentUrl\":\"https:\\\/\\\/secure.gravatar.com\\\/avatar\\\/3cc61eb1584088e0099c1763903a6421c5ce6cdf45fc2d424046dc621efc21f9?s=96&d=mm&r=g\",\"caption\":\"Adriana Avram\"},\"description\":\"Jurnalist\",\"sameAs\":[\"https:\\\/\\\/www.facebook.com\\\/avram.adriana.7?fref=ts\"],\"url\":\"https:\\\/\\\/urbeamea.ro\\\/albaiulia\\\/author\\\/adriana-avram\\\/\"}]}<\/script>\n<!-- \/ Yoast SEO plugin. -->","yoast_head_json":{"title":"Trei \u0219oferi din Alba sunt cerceta\u021bi dup\u0103 ce au fost prin\u0219i b\u0103u\u021bi la volan - Revista Urbea Mea - Revista de Alba","description":"Sf\u00e2r\u0219itul de s\u0103pt\u0103m\u00e2n\u0103 a fost unul nefast pentru trei \u0219oferi din Alba, care au ignorat legea \u0219i s-au urcat la volan dup\u0103 ce au consumat b\u0103uturi alcoolice.","robots":{"index":"index","follow":"follow","max-snippet":"max-snippet:-1","max-image-preview":"max-image-preview:large","max-video-preview":"max-video-preview:-1"},"canonical":"https:\/\/urbeamea.ro\/albaiulia\/trei-soferi-din-alba-sunt-cercetati-dupa-ce-au-fost-prinsi-bauti-la-volan\/","twitter_card":"summary_large_image","twitter_title":"Trei \u0219oferi din Alba sunt cerceta\u021bi dup\u0103 ce au fost prin\u0219i b\u0103u\u021bi la volan - Revista Urbea Mea - Revista de Alba","twitter_description":"Sf\u00e2r\u0219itul de s\u0103pt\u0103m\u00e2n\u0103 a fost unul nefast pentru trei \u0219oferi din Alba, care au ignorat legea \u0219i s-au urcat la volan dup\u0103 ce au consumat b\u0103uturi alcoolice.","twitter_image":"https:\/\/urbeamea.ro\/albaiulia\/wp-content\/uploads\/2016\/08\/etilotest.jpg","twitter_creator":"@urbeameaweb","twitter_site":"@urbeameaweb","schema":{"@context":"https:\/\/schema.org","@graph":[{"@type":"Article","@id":"https:\/\/urbeamea.ro\/albaiulia\/trei-soferi-din-alba-sunt-cercetati-dupa-ce-au-fost-prinsi-bauti-la-volan\/#article","isPartOf":{"@id":"https:\/\/urbeamea.ro\/albaiulia\/trei-soferi-din-alba-sunt-cercetati-dupa-ce-au-fost-prinsi-bauti-la-volan\/"},"author":{"name":"Adriana Avram","@id":"https:\/\/urbeamea.ro\/albaiulia\/#\/schema\/person\/cfaa27fc3da4a9a2cf2fee3650afc5d0"},"headline":"Trei \u0219oferi din Alba sunt cerceta\u021bi dup\u0103 ce au fost prin\u0219i b\u0103u\u021bi la volan","datePublished":"2017-01-16T13:32:18+00:00","mainEntityOfPage":{"@id":"https:\/\/urbeamea.ro\/albaiulia\/trei-soferi-din-alba-sunt-cercetati-dupa-ce-au-fost-prinsi-bauti-la-volan\/"},"wordCount":386,"commentCount":0,"image":{"@id":"https:\/\/urbeamea.ro\/albaiulia\/trei-soferi-din-alba-sunt-cercetati-dupa-ce-au-fost-prinsi-bauti-la-volan\/#primaryimage"},"thumbnailUrl":"https:\/\/urbeamea.ro\/albaiulia\/wp-content\/uploads\/2016\/08\/etilotest.jpg","keywords":["aiud","alba","Alba Iulia","alcool","alcoolemie","blaj","cercetati","infractiuni","mostre de sange","politisti","soferi","Urbea Mea"],"articleSection":["Social"],"inLanguage":"ro-RO","potentialAction":[{"@type":"CommentAction","name":"Comment","target":["https:\/\/urbeamea.ro\/albaiulia\/trei-soferi-din-alba-sunt-cercetati-dupa-ce-au-fost-prinsi-bauti-la-volan\/#respond"]}]},{"@type":"WebPage","@id":"https:\/\/urbeamea.ro\/albaiulia\/trei-soferi-din-alba-sunt-cercetati-dupa-ce-au-fost-prinsi-bauti-la-volan\/","url":"https:\/\/urbeamea.ro\/albaiulia\/trei-soferi-din-alba-sunt-cercetati-dupa-ce-au-fost-prinsi-bauti-la-volan\/","name":"Trei \u0219oferi din Alba sunt cerceta\u021bi dup\u0103 ce au fost prin\u0219i b\u0103u\u021bi la volan - Revista Urbea Mea - Revista de Alba","isPartOf":{"@id":"https:\/\/urbeamea.ro\/albaiulia\/#website"},"primaryImageOfPage":{"@id":"https:\/\/urbeamea.ro\/albaiulia\/trei-soferi-din-alba-sunt-cercetati-dupa-ce-au-fost-prinsi-bauti-la-volan\/#primaryimage"},"image":{"@id":"https:\/\/urbeamea.ro\/albaiulia\/trei-soferi-din-alba-sunt-cercetati-dupa-ce-au-fost-prinsi-bauti-la-volan\/#primaryimage"},"thumbnailUrl":"https:\/\/urbeamea.ro\/albaiulia\/wp-content\/uploads\/2016\/08\/etilotest.jpg","datePublished":"2017-01-16T13:32:18+00:00","author":{"@id":"https:\/\/urbeamea.ro\/albaiulia\/#\/schema\/person\/cfaa27fc3da4a9a2cf2fee3650afc5d0"},"description":"Sf\u00e2r\u0219itul de s\u0103pt\u0103m\u00e2n\u0103 a fost unul nefast pentru trei \u0219oferi din Alba, care au ignorat legea \u0219i s-au urcat la volan dup\u0103 ce au consumat b\u0103uturi alcoolice.","breadcrumb":{"@id":"https:\/\/urbeamea.ro\/albaiulia\/trei-soferi-din-alba-sunt-cercetati-dupa-ce-au-fost-prinsi-bauti-la-volan\/#breadcrumb"},"inLanguage":"ro-RO","potentialAction":[{"@type":"ReadAction","target":["https:\/\/urbeamea.ro\/albaiulia\/trei-soferi-din-alba-sunt-cercetati-dupa-ce-au-fost-prinsi-bauti-la-volan\/"]}]},{"@type":"ImageObject","inLanguage":"ro-RO","@id":"https:\/\/urbeamea.ro\/albaiulia\/trei-soferi-din-alba-sunt-cercetati-dupa-ce-au-fost-prinsi-bauti-la-volan\/#primaryimage","url":"https:\/\/urbeamea.ro\/albaiulia\/wp-content\/uploads\/2016\/08\/etilotest.jpg","contentUrl":"https:\/\/urbeamea.ro\/albaiulia\/wp-content\/uploads\/2016\/08\/etilotest.jpg","width":740,"height":360},{"@type":"BreadcrumbList","@id":"https:\/\/urbeamea.ro\/albaiulia\/trei-soferi-din-alba-sunt-cercetati-dupa-ce-au-fost-prinsi-bauti-la-volan\/#breadcrumb","itemListElement":[{"@type":"ListItem","position":1,"name":"Prima pagin\u0103","item":"https:\/\/urbeamea.ro\/albaiulia\/"},{"@type":"ListItem","position":2,"name":"Trei \u0219oferi din Alba sunt cerceta\u021bi dup\u0103 ce au fost prin\u0219i b\u0103u\u021bi la volan"}]},{"@type":"WebSite","@id":"https:\/\/urbeamea.ro\/albaiulia\/#website","url":"https:\/\/urbeamea.ro\/albaiulia\/","name":"Revista Urbea Mea, Stiri urbane","description":"Evenimente \u0219i \u0219tiri din Alba Iulia, Sebe\u0219, Aiud, Blaj","potentialAction":[{"@type":"SearchAction","target":{"@type":"EntryPoint","urlTemplate":"https:\/\/urbeamea.ro\/albaiulia\/?s={search_term_string}"},"query-input":{"@type":"PropertyValueSpecification","valueRequired":true,"valueName":"search_term_string"}}],"inLanguage":"ro-RO"},{"@type":"Person","@id":"https:\/\/urbeamea.ro\/albaiulia\/#\/schema\/person\/cfaa27fc3da4a9a2cf2fee3650afc5d0","name":"Adriana Avram","image":{"@type":"ImageObject","inLanguage":"ro-RO","@id":"https:\/\/secure.gravatar.com\/avatar\/3cc61eb1584088e0099c1763903a6421c5ce6cdf45fc2d424046dc621efc21f9?s=96&d=mm&r=g","url":"https:\/\/secure.gravatar.com\/avatar\/3cc61eb1584088e0099c1763903a6421c5ce6cdf45fc2d424046dc621efc21f9?s=96&d=mm&r=g","contentUrl":"https:\/\/secure.gravatar.com\/avatar\/3cc61eb1584088e0099c1763903a6421c5ce6cdf45fc2d424046dc621efc21f9?s=96&d=mm&r=g","caption":"Adriana Avram"},"description":"Jurnalist","sameAs":["https:\/\/www.facebook.com\/avram.adriana.7?fref=ts"],"url":"https:\/\/urbeamea.ro\/albaiulia\/author\/adriana-avram\/"}]}},"_links":{"self":[{"href":"https:\/\/urbeamea.ro\/albaiulia\/wp-json\/wp\/v2\/posts\/38710","targetHints":{"allow":["GET"]}}],"collection":[{"href":"https:\/\/urbeamea.ro\/albaiulia\/wp-json\/wp\/v2\/posts"}],"about":[{"href":"https:\/\/urbeamea.ro\/albaiulia\/wp-json\/wp\/v2\/types\/post"}],"author":[{"embeddable":true,"href":"https:\/\/urbeamea.ro\/albaiulia\/wp-json\/wp\/v2\/users\/20"}],"replies":[{"embeddable":true,"href":"https:\/\/urbeamea.ro\/albaiulia\/wp-json\/wp\/v2\/comments?post=38710"}],"version-history":[{"count":0,"href":"https:\/\/urbeamea.ro\/albaiulia\/wp-json\/wp\/v2\/posts\/38710\/revisions"}],"wp:featuredmedia":[{"embeddable":true,"href":"https:\/\/urbeamea.ro\/albaiulia\/wp-json\/wp\/v2\/media\/30034"}],"wp:attachment":[{"href":"https:\/\/urbeamea.ro\/albaiulia\/wp-json\/wp\/v2\/media?parent=38710"}],"wp:term":[{"taxonomy":"category","embeddable":true,"href":"https:\/\/urbeamea.ro\/albaiulia\/wp-json\/wp\/v2\/categories?post=38710"},{"taxonomy":"post_tag","embeddable":true,"href":"https:\/\/urbeamea.ro\/albaiulia\/wp-json\/wp\/v2\/tags?post=38710"}],"curies":[{"name":"wp","href":"https:\/\/api.w.org\/{rel}","templated":true}]}}