{"id":38725,"date":"2017-01-16T17:22:01","date_gmt":"2017-01-16T15:22:01","guid":{"rendered":"http:\/\/urbeamea.ro\/albaiulia\/?p=38725"},"modified":"2017-01-16T17:22:01","modified_gmt":"2017-01-16T15:22:01","slug":"joi-slujba-de-binecuvantare-a-salii-petre-tutea-din-penitenciarul-aiud","status":"publish","type":"post","link":"https:\/\/urbeamea.ro\/albaiulia\/joi-slujba-de-binecuvantare-a-salii-petre-tutea-din-penitenciarul-aiud\/","title":{"rendered":"JOI: Slujb\u0103 de binecuv\u00e2ntare a S\u0103lii \u201ePetre \u0162u\u0163ea\u201d din Penitenciarul Aiud"},"content":{"rendered":"<p><strong><img loading=\"lazy\" decoding=\"async\" class=\"size-medium wp-image-23075 alignleft\" src=\"http:\/\/urbeamea.ro\/albaiulia\/wp-content\/uploads\/2016\/04\/penitenciar-300x188.jpg\" alt=\"\" width=\"300\" height=\"188\" \/>Joi, 19 ianuarie, se va oficia slujba de binecuv\u00e2ntare a S\u0103lii \u201ePetre \u0162u\u0163ea\u201d din Penitenciarul Aiud. Sala este destinat\u0103 desf\u0103\u015fur\u0103rii activit\u0103\u0163ilor de educa\u0163ie \u015fi asisten\u0163\u0103 psihosocial\u0103 cu de\u0163inu\u0163ii, numele fiind ales \u00een memoria eseistului, filosofului \u015fi economistului Petre \u0162u\u0163ea care a executat 13 ani de deten\u0163ie politic\u0103, dintre care mai mult de 5 ani \u00een Penitenciarul Aiud. <\/strong><\/p>\n<p>Slujba va fi oficiat\u0103 de \u00cenaltpreasfin\u0163itul dr. Lauren\u0163iu Streza \u2013 \u00a0Arhiepiscopul Sibiului \u015fi Mitropolitul Ardealului, al\u0103turi de \u00cenaltpreasfin\u0163itul Irineu \u2013 Arhiepiscop al Alba Iuliei \u015fi Preasfin\u0163itul Ilarion \u2013 Episcop vicar al Sibiului. Cuv\u00e2ntul de deschidere va fi rostit de preotul capelan al Penitenciarului Aiud, Liviu-Iulian Tarc\u0103u.<\/p>\n<p>P\u0103rintele Iosif Zoica \u2013 consilier cultural al Arhiepiscopiei Alba Iuliei va sus\u0163ine prelegerea \u201eUn destin de rom\u00e2n \u2013 Petre \u0162u\u0163ea\u201d, iar un grup de de\u0163inu\u0163i afla\u0163i \u00een custodia penitenciarului va prezenta un program artistic.<\/p>\n<p>Evenimentul face parte din proiectul \u201eMemorie \u015fi m\u0103rturisire \u00een penitenciare\u201d al Administra\u0163iei Na\u0163ionale a Penitenciarelor, dar se \u00eencadreaz\u0103 \u015fi printre activit\u0103\u0163ile tematice ale Bisericii Ortodoxe Rom\u00e2ne care a declarat anul 2017 \u201eAn comemorativ al ap\u0103r\u0103torilor ortodoxiei \u00een timpul comunismului\u201d.<\/p>\n","protected":false},"excerpt":{"rendered":"<p>Joi, 19 ianuarie, se va oficia slujba de binecuv\u00e2ntare a S\u0103lii \u201ePetre \u0162u\u0163ea\u201d din Penitenciarul Aiud. Sala este destinat\u0103 desf\u0103\u015fur\u0103rii activit\u0103\u0163ilor de educa\u0163ie \u015fi asisten\u0163\u0103 psihosocial\u0103 cu de\u0163inu\u0163ii, numele fiind ales \u00een memoria eseistului, filosofului \u015fi economistului Petre \u0162u\u0163ea care a executat 13 ani de deten\u0163ie politic\u0103, dintre care mai mult de 5 ani \u00een &hellip;<\/p>\n","protected":false},"author":17,"featured_media":23075,"comment_status":"open","ping_status":"open","sticky":false,"template":"","format":"standard","meta":{"inline_featured_image":false,"footnotes":""},"categories":[2034],"tags":[847,385,307,9522,1003,3095,9521,9520,308,76],"class_list":["post-38725","post","type-post","status-publish","format-standard","has-post-thumbnail","hentry","category-social","tag-activitati","tag-aiud","tag-alba","tag-asistenta-psihosociala","tag-educatie","tag-penitenciar","tag-sala-petre-tutea","tag-slujba-de-binecuvantare","tag-stiri","tag-urbea-mea"],"yoast_head":"<!-- This site is optimized with the Yoast SEO plugin v27.4 - https:\/\/yoast.com\/product\/yoast-seo-wordpress\/ -->\n<title>JOI: Slujb\u0103 de binecuv\u00e2ntare a S\u0103lii \u201ePetre \u0162u\u0163ea\u201d din Penitenciarul Aiud - Revista Urbea Mea - Revista de Alba<\/title>\n<meta name=\"description\" content=\"Joi, 19 ianuarie, se va oficia slujba de binecuv\u00e2ntare a S\u0103lii \u201ePetre \u0162u\u0163ea\u201d din Penitenciarul Aiud. Sala este destinat\u0103 desf\u0103\u015fur\u0103rii activit\u0103\u0163ilor de\" \/>\n<meta name=\"robots\" content=\"index, follow, max-snippet:-1, max-image-preview:large, max-video-preview:-1\" \/>\n<link rel=\"canonical\" href=\"https:\/\/urbeamea.ro\/albaiulia\/joi-slujba-de-binecuvantare-a-salii-petre-tutea-din-penitenciarul-aiud\/\" \/>\n<meta name=\"twitter:card\" content=\"summary_large_image\" \/>\n<meta name=\"twitter:title\" content=\"JOI: Slujb\u0103 de binecuv\u00e2ntare a S\u0103lii \u201ePetre \u0162u\u0163ea\u201d din Penitenciarul Aiud - Revista Urbea Mea - Revista de Alba\" \/>\n<meta name=\"twitter:description\" content=\"Joi, 19 ianuarie, se va oficia slujba de binecuv\u00e2ntare a S\u0103lii \u201ePetre \u0162u\u0163ea\u201d din Penitenciarul Aiud. Sala este destinat\u0103 desf\u0103\u015fur\u0103rii activit\u0103\u0163ilor de\" \/>\n<meta name=\"twitter:image\" content=\"https:\/\/urbeamea.ro\/albaiulia\/wp-content\/uploads\/2016\/04\/penitenciar.jpg\" \/>\n<meta name=\"twitter:creator\" content=\"@urbeameaweb\" \/>\n<meta name=\"twitter:site\" content=\"@urbeameaweb\" \/>\n<script type=\"application\/ld+json\" class=\"yoast-schema-graph\">{\"@context\":\"https:\\\/\\\/schema.org\",\"@graph\":[{\"@type\":\"Article\",\"@id\":\"https:\\\/\\\/urbeamea.ro\\\/albaiulia\\\/joi-slujba-de-binecuvantare-a-salii-petre-tutea-din-penitenciarul-aiud\\\/#article\",\"isPartOf\":{\"@id\":\"https:\\\/\\\/urbeamea.ro\\\/albaiulia\\\/joi-slujba-de-binecuvantare-a-salii-petre-tutea-din-penitenciarul-aiud\\\/\"},\"author\":{\"name\":\"Cristina Ganga\",\"@id\":\"https:\\\/\\\/urbeamea.ro\\\/albaiulia\\\/#\\\/schema\\\/person\\\/9700d21fae21c4f038b0b56f4506264a\"},\"headline\":\"JOI: Slujb\u0103 de binecuv\u00e2ntare a S\u0103lii \u201ePetre \u0162u\u0163ea\u201d din Penitenciarul Aiud\",\"datePublished\":\"2017-01-16T15:22:01+00:00\",\"mainEntityOfPage\":{\"@id\":\"https:\\\/\\\/urbeamea.ro\\\/albaiulia\\\/joi-slujba-de-binecuvantare-a-salii-petre-tutea-din-penitenciarul-aiud\\\/\"},\"wordCount\":213,\"commentCount\":0,\"image\":{\"@id\":\"https:\\\/\\\/urbeamea.ro\\\/albaiulia\\\/joi-slujba-de-binecuvantare-a-salii-petre-tutea-din-penitenciarul-aiud\\\/#primaryimage\"},\"thumbnailUrl\":\"https:\\\/\\\/urbeamea.ro\\\/albaiulia\\\/wp-content\\\/uploads\\\/2016\\\/04\\\/penitenciar.jpg\",\"keywords\":[\"activitati\",\"aiud\",\"alba\",\"asistenta psihosociala\",\"educatie\",\"penitenciar\",\"sala petre tutea\",\"slujba de binecuvantare\",\"stiri\",\"Urbea Mea\"],\"articleSection\":[\"Social\"],\"inLanguage\":\"ro-RO\",\"potentialAction\":[{\"@type\":\"CommentAction\",\"name\":\"Comment\",\"target\":[\"https:\\\/\\\/urbeamea.ro\\\/albaiulia\\\/joi-slujba-de-binecuvantare-a-salii-petre-tutea-din-penitenciarul-aiud\\\/#respond\"]}]},{\"@type\":\"WebPage\",\"@id\":\"https:\\\/\\\/urbeamea.ro\\\/albaiulia\\\/joi-slujba-de-binecuvantare-a-salii-petre-tutea-din-penitenciarul-aiud\\\/\",\"url\":\"https:\\\/\\\/urbeamea.ro\\\/albaiulia\\\/joi-slujba-de-binecuvantare-a-salii-petre-tutea-din-penitenciarul-aiud\\\/\",\"name\":\"JOI: Slujb\u0103 de binecuv\u00e2ntare a S\u0103lii \u201ePetre \u0162u\u0163ea\u201d din Penitenciarul Aiud - Revista Urbea Mea - Revista de Alba\",\"isPartOf\":{\"@id\":\"https:\\\/\\\/urbeamea.ro\\\/albaiulia\\\/#website\"},\"primaryImageOfPage\":{\"@id\":\"https:\\\/\\\/urbeamea.ro\\\/albaiulia\\\/joi-slujba-de-binecuvantare-a-salii-petre-tutea-din-penitenciarul-aiud\\\/#primaryimage\"},\"image\":{\"@id\":\"https:\\\/\\\/urbeamea.ro\\\/albaiulia\\\/joi-slujba-de-binecuvantare-a-salii-petre-tutea-din-penitenciarul-aiud\\\/#primaryimage\"},\"thumbnailUrl\":\"https:\\\/\\\/urbeamea.ro\\\/albaiulia\\\/wp-content\\\/uploads\\\/2016\\\/04\\\/penitenciar.jpg\",\"datePublished\":\"2017-01-16T15:22:01+00:00\",\"author\":{\"@id\":\"https:\\\/\\\/urbeamea.ro\\\/albaiulia\\\/#\\\/schema\\\/person\\\/9700d21fae21c4f038b0b56f4506264a\"},\"description\":\"Joi, 19 ianuarie, se va oficia slujba de binecuv\u00e2ntare a S\u0103lii \u201ePetre \u0162u\u0163ea\u201d din Penitenciarul Aiud. Sala este destinat\u0103 desf\u0103\u015fur\u0103rii activit\u0103\u0163ilor de\",\"breadcrumb\":{\"@id\":\"https:\\\/\\\/urbeamea.ro\\\/albaiulia\\\/joi-slujba-de-binecuvantare-a-salii-petre-tutea-din-penitenciarul-aiud\\\/#breadcrumb\"},\"inLanguage\":\"ro-RO\",\"potentialAction\":[{\"@type\":\"ReadAction\",\"target\":[\"https:\\\/\\\/urbeamea.ro\\\/albaiulia\\\/joi-slujba-de-binecuvantare-a-salii-petre-tutea-din-penitenciarul-aiud\\\/\"]}]},{\"@type\":\"ImageObject\",\"inLanguage\":\"ro-RO\",\"@id\":\"https:\\\/\\\/urbeamea.ro\\\/albaiulia\\\/joi-slujba-de-binecuvantare-a-salii-petre-tutea-din-penitenciarul-aiud\\\/#primaryimage\",\"url\":\"https:\\\/\\\/urbeamea.ro\\\/albaiulia\\\/wp-content\\\/uploads\\\/2016\\\/04\\\/penitenciar.jpg\",\"contentUrl\":\"https:\\\/\\\/urbeamea.ro\\\/albaiulia\\\/wp-content\\\/uploads\\\/2016\\\/04\\\/penitenciar.jpg\",\"width\":646,\"height\":404},{\"@type\":\"BreadcrumbList\",\"@id\":\"https:\\\/\\\/urbeamea.ro\\\/albaiulia\\\/joi-slujba-de-binecuvantare-a-salii-petre-tutea-din-penitenciarul-aiud\\\/#breadcrumb\",\"itemListElement\":[{\"@type\":\"ListItem\",\"position\":1,\"name\":\"Prima pagin\u0103\",\"item\":\"https:\\\/\\\/urbeamea.ro\\\/albaiulia\\\/\"},{\"@type\":\"ListItem\",\"position\":2,\"name\":\"JOI: Slujb\u0103 de binecuv\u00e2ntare a S\u0103lii \u201ePetre \u0162u\u0163ea\u201d din Penitenciarul Aiud\"}]},{\"@type\":\"WebSite\",\"@id\":\"https:\\\/\\\/urbeamea.ro\\\/albaiulia\\\/#website\",\"url\":\"https:\\\/\\\/urbeamea.ro\\\/albaiulia\\\/\",\"name\":\"Revista Urbea Mea, Stiri urbane\",\"description\":\"Evenimente \u0219i \u0219tiri din Alba Iulia, Sebe\u0219, Aiud, Blaj\",\"potentialAction\":[{\"@type\":\"SearchAction\",\"target\":{\"@type\":\"EntryPoint\",\"urlTemplate\":\"https:\\\/\\\/urbeamea.ro\\\/albaiulia\\\/?s={search_term_string}\"},\"query-input\":{\"@type\":\"PropertyValueSpecification\",\"valueRequired\":true,\"valueName\":\"search_term_string\"}}],\"inLanguage\":\"ro-RO\"},{\"@type\":\"Person\",\"@id\":\"https:\\\/\\\/urbeamea.ro\\\/albaiulia\\\/#\\\/schema\\\/person\\\/9700d21fae21c4f038b0b56f4506264a\",\"name\":\"Cristina Ganga\",\"image\":{\"@type\":\"ImageObject\",\"inLanguage\":\"ro-RO\",\"@id\":\"https:\\\/\\\/secure.gravatar.com\\\/avatar\\\/5a67661041f057b4a8ccaf26f5a8e86e2689372006d01faf3dd9eeb10b654bb4?s=96&d=mm&r=g\",\"url\":\"https:\\\/\\\/secure.gravatar.com\\\/avatar\\\/5a67661041f057b4a8ccaf26f5a8e86e2689372006d01faf3dd9eeb10b654bb4?s=96&d=mm&r=g\",\"contentUrl\":\"https:\\\/\\\/secure.gravatar.com\\\/avatar\\\/5a67661041f057b4a8ccaf26f5a8e86e2689372006d01faf3dd9eeb10b654bb4?s=96&d=mm&r=g\",\"caption\":\"Cristina Ganga\"},\"description\":\"Jurnalist\",\"sameAs\":[\"https:\\\/\\\/www.facebook.com\\\/cristina.nicola.587\"],\"url\":\"https:\\\/\\\/urbeamea.ro\\\/albaiulia\\\/author\\\/cristina-nicola\\\/\"}]}<\/script>\n<!-- \/ Yoast SEO plugin. -->","yoast_head_json":{"title":"JOI: Slujb\u0103 de binecuv\u00e2ntare a S\u0103lii \u201ePetre \u0162u\u0163ea\u201d din Penitenciarul Aiud - Revista Urbea Mea - Revista de Alba","description":"Joi, 19 ianuarie, se va oficia slujba de binecuv\u00e2ntare a S\u0103lii \u201ePetre \u0162u\u0163ea\u201d din Penitenciarul Aiud. Sala este destinat\u0103 desf\u0103\u015fur\u0103rii activit\u0103\u0163ilor de","robots":{"index":"index","follow":"follow","max-snippet":"max-snippet:-1","max-image-preview":"max-image-preview:large","max-video-preview":"max-video-preview:-1"},"canonical":"https:\/\/urbeamea.ro\/albaiulia\/joi-slujba-de-binecuvantare-a-salii-petre-tutea-din-penitenciarul-aiud\/","twitter_card":"summary_large_image","twitter_title":"JOI: Slujb\u0103 de binecuv\u00e2ntare a S\u0103lii \u201ePetre \u0162u\u0163ea\u201d din Penitenciarul Aiud - Revista Urbea Mea - Revista de Alba","twitter_description":"Joi, 19 ianuarie, se va oficia slujba de binecuv\u00e2ntare a S\u0103lii \u201ePetre \u0162u\u0163ea\u201d din Penitenciarul Aiud. Sala este destinat\u0103 desf\u0103\u015fur\u0103rii activit\u0103\u0163ilor de","twitter_image":"https:\/\/urbeamea.ro\/albaiulia\/wp-content\/uploads\/2016\/04\/penitenciar.jpg","twitter_creator":"@urbeameaweb","twitter_site":"@urbeameaweb","schema":{"@context":"https:\/\/schema.org","@graph":[{"@type":"Article","@id":"https:\/\/urbeamea.ro\/albaiulia\/joi-slujba-de-binecuvantare-a-salii-petre-tutea-din-penitenciarul-aiud\/#article","isPartOf":{"@id":"https:\/\/urbeamea.ro\/albaiulia\/joi-slujba-de-binecuvantare-a-salii-petre-tutea-din-penitenciarul-aiud\/"},"author":{"name":"Cristina Ganga","@id":"https:\/\/urbeamea.ro\/albaiulia\/#\/schema\/person\/9700d21fae21c4f038b0b56f4506264a"},"headline":"JOI: Slujb\u0103 de binecuv\u00e2ntare a S\u0103lii \u201ePetre \u0162u\u0163ea\u201d din Penitenciarul Aiud","datePublished":"2017-01-16T15:22:01+00:00","mainEntityOfPage":{"@id":"https:\/\/urbeamea.ro\/albaiulia\/joi-slujba-de-binecuvantare-a-salii-petre-tutea-din-penitenciarul-aiud\/"},"wordCount":213,"commentCount":0,"image":{"@id":"https:\/\/urbeamea.ro\/albaiulia\/joi-slujba-de-binecuvantare-a-salii-petre-tutea-din-penitenciarul-aiud\/#primaryimage"},"thumbnailUrl":"https:\/\/urbeamea.ro\/albaiulia\/wp-content\/uploads\/2016\/04\/penitenciar.jpg","keywords":["activitati","aiud","alba","asistenta psihosociala","educatie","penitenciar","sala petre tutea","slujba de binecuvantare","stiri","Urbea Mea"],"articleSection":["Social"],"inLanguage":"ro-RO","potentialAction":[{"@type":"CommentAction","name":"Comment","target":["https:\/\/urbeamea.ro\/albaiulia\/joi-slujba-de-binecuvantare-a-salii-petre-tutea-din-penitenciarul-aiud\/#respond"]}]},{"@type":"WebPage","@id":"https:\/\/urbeamea.ro\/albaiulia\/joi-slujba-de-binecuvantare-a-salii-petre-tutea-din-penitenciarul-aiud\/","url":"https:\/\/urbeamea.ro\/albaiulia\/joi-slujba-de-binecuvantare-a-salii-petre-tutea-din-penitenciarul-aiud\/","name":"JOI: Slujb\u0103 de binecuv\u00e2ntare a S\u0103lii \u201ePetre \u0162u\u0163ea\u201d din Penitenciarul Aiud - Revista Urbea Mea - Revista de Alba","isPartOf":{"@id":"https:\/\/urbeamea.ro\/albaiulia\/#website"},"primaryImageOfPage":{"@id":"https:\/\/urbeamea.ro\/albaiulia\/joi-slujba-de-binecuvantare-a-salii-petre-tutea-din-penitenciarul-aiud\/#primaryimage"},"image":{"@id":"https:\/\/urbeamea.ro\/albaiulia\/joi-slujba-de-binecuvantare-a-salii-petre-tutea-din-penitenciarul-aiud\/#primaryimage"},"thumbnailUrl":"https:\/\/urbeamea.ro\/albaiulia\/wp-content\/uploads\/2016\/04\/penitenciar.jpg","datePublished":"2017-01-16T15:22:01+00:00","author":{"@id":"https:\/\/urbeamea.ro\/albaiulia\/#\/schema\/person\/9700d21fae21c4f038b0b56f4506264a"},"description":"Joi, 19 ianuarie, se va oficia slujba de binecuv\u00e2ntare a S\u0103lii \u201ePetre \u0162u\u0163ea\u201d din Penitenciarul Aiud. Sala este destinat\u0103 desf\u0103\u015fur\u0103rii activit\u0103\u0163ilor de","breadcrumb":{"@id":"https:\/\/urbeamea.ro\/albaiulia\/joi-slujba-de-binecuvantare-a-salii-petre-tutea-din-penitenciarul-aiud\/#breadcrumb"},"inLanguage":"ro-RO","potentialAction":[{"@type":"ReadAction","target":["https:\/\/urbeamea.ro\/albaiulia\/joi-slujba-de-binecuvantare-a-salii-petre-tutea-din-penitenciarul-aiud\/"]}]},{"@type":"ImageObject","inLanguage":"ro-RO","@id":"https:\/\/urbeamea.ro\/albaiulia\/joi-slujba-de-binecuvantare-a-salii-petre-tutea-din-penitenciarul-aiud\/#primaryimage","url":"https:\/\/urbeamea.ro\/albaiulia\/wp-content\/uploads\/2016\/04\/penitenciar.jpg","contentUrl":"https:\/\/urbeamea.ro\/albaiulia\/wp-content\/uploads\/2016\/04\/penitenciar.jpg","width":646,"height":404},{"@type":"BreadcrumbList","@id":"https:\/\/urbeamea.ro\/albaiulia\/joi-slujba-de-binecuvantare-a-salii-petre-tutea-din-penitenciarul-aiud\/#breadcrumb","itemListElement":[{"@type":"ListItem","position":1,"name":"Prima pagin\u0103","item":"https:\/\/urbeamea.ro\/albaiulia\/"},{"@type":"ListItem","position":2,"name":"JOI: Slujb\u0103 de binecuv\u00e2ntare a S\u0103lii \u201ePetre \u0162u\u0163ea\u201d din Penitenciarul Aiud"}]},{"@type":"WebSite","@id":"https:\/\/urbeamea.ro\/albaiulia\/#website","url":"https:\/\/urbeamea.ro\/albaiulia\/","name":"Revista Urbea Mea, Stiri urbane","description":"Evenimente \u0219i \u0219tiri din Alba Iulia, Sebe\u0219, Aiud, Blaj","potentialAction":[{"@type":"SearchAction","target":{"@type":"EntryPoint","urlTemplate":"https:\/\/urbeamea.ro\/albaiulia\/?s={search_term_string}"},"query-input":{"@type":"PropertyValueSpecification","valueRequired":true,"valueName":"search_term_string"}}],"inLanguage":"ro-RO"},{"@type":"Person","@id":"https:\/\/urbeamea.ro\/albaiulia\/#\/schema\/person\/9700d21fae21c4f038b0b56f4506264a","name":"Cristina Ganga","image":{"@type":"ImageObject","inLanguage":"ro-RO","@id":"https:\/\/secure.gravatar.com\/avatar\/5a67661041f057b4a8ccaf26f5a8e86e2689372006d01faf3dd9eeb10b654bb4?s=96&d=mm&r=g","url":"https:\/\/secure.gravatar.com\/avatar\/5a67661041f057b4a8ccaf26f5a8e86e2689372006d01faf3dd9eeb10b654bb4?s=96&d=mm&r=g","contentUrl":"https:\/\/secure.gravatar.com\/avatar\/5a67661041f057b4a8ccaf26f5a8e86e2689372006d01faf3dd9eeb10b654bb4?s=96&d=mm&r=g","caption":"Cristina Ganga"},"description":"Jurnalist","sameAs":["https:\/\/www.facebook.com\/cristina.nicola.587"],"url":"https:\/\/urbeamea.ro\/albaiulia\/author\/cristina-nicola\/"}]}},"_links":{"self":[{"href":"https:\/\/urbeamea.ro\/albaiulia\/wp-json\/wp\/v2\/posts\/38725","targetHints":{"allow":["GET"]}}],"collection":[{"href":"https:\/\/urbeamea.ro\/albaiulia\/wp-json\/wp\/v2\/posts"}],"about":[{"href":"https:\/\/urbeamea.ro\/albaiulia\/wp-json\/wp\/v2\/types\/post"}],"author":[{"embeddable":true,"href":"https:\/\/urbeamea.ro\/albaiulia\/wp-json\/wp\/v2\/users\/17"}],"replies":[{"embeddable":true,"href":"https:\/\/urbeamea.ro\/albaiulia\/wp-json\/wp\/v2\/comments?post=38725"}],"version-history":[{"count":0,"href":"https:\/\/urbeamea.ro\/albaiulia\/wp-json\/wp\/v2\/posts\/38725\/revisions"}],"wp:featuredmedia":[{"embeddable":true,"href":"https:\/\/urbeamea.ro\/albaiulia\/wp-json\/wp\/v2\/media\/23075"}],"wp:attachment":[{"href":"https:\/\/urbeamea.ro\/albaiulia\/wp-json\/wp\/v2\/media?parent=38725"}],"wp:term":[{"taxonomy":"category","embeddable":true,"href":"https:\/\/urbeamea.ro\/albaiulia\/wp-json\/wp\/v2\/categories?post=38725"},{"taxonomy":"post_tag","embeddable":true,"href":"https:\/\/urbeamea.ro\/albaiulia\/wp-json\/wp\/v2\/tags?post=38725"}],"curies":[{"name":"wp","href":"https:\/\/api.w.org\/{rel}","templated":true}]}}