{"id":38727,"date":"2017-01-16T17:28:18","date_gmt":"2017-01-16T15:28:18","guid":{"rendered":"http:\/\/urbeamea.ro\/albaiulia\/?p=38727"},"modified":"2017-01-18T10:03:45","modified_gmt":"2017-01-18T08:03:45","slug":"incendiu-la-o-casa-din-cartierul-micesti-doua-persoane-au-suferit-arsuri","status":"publish","type":"post","link":"https:\/\/urbeamea.ro\/albaiulia\/incendiu-la-o-casa-din-cartierul-micesti-doua-persoane-au-suferit-arsuri\/","title":{"rendered":"Incendiu la o cas\u0103 din cartierul Mice\u015fti: Dou\u0103 persoane au suferit arsuri"},"content":{"rendered":"<p><strong><img loading=\"lazy\" decoding=\"async\" class=\"size-medium wp-image-6437 alignleft\" src=\"http:\/\/urbeamea.ro\/albaiulia\/wp-content\/uploads\/2015\/07\/masina-interventie-pompieri2-300x176.jpg\" alt=\"\" width=\"300\" height=\"176\" \/>Pompierii din Alba Iulia au fost chema\u0163i s\u0103 intervin\u0103, luni dup\u0103-amiaza, pentru stingerea unui incendiu \u00een cartierul Mice\u015fti din Alba Iulia. <\/strong><\/p>\n<p>Din primele informa\u0163ii, o cas\u0103 de pe strada Sc\u0103ri\u015foara a fost cuprins\u0103 de fl\u0103c\u0103ri \u015fi sunt dou\u0103 persoane r\u0103nite.<\/p>\n<p>Potrivit ISU Alba, cele dou\u0103 persoane r\u0103nite sunt un b\u0103rbat \u015fi o femeie de aproximativ 40 de ani. Acestea au suferit arsuri \u015fi urmeaz\u0103 s\u0103 fie transportate la spital.<\/p>\n<p>Cei doi so\u0163i, de 42, respectiv 41 de ani, ar fi \u00eencercat s\u0103 fac\u0103 foc cu lemne \u00een teracot\u0103, f\u0103r\u0103 s\u0103 \u00ee\u015fi dea seama de acumularea de gaze din imobil, astfel c\u0103 s-a produs deflagra\u0163ia.<\/p>\n<p>Ambii au fost transporta\u0163i con\u015ftien\u0163i la spitalul din Alba Iulia, luni dup\u0103-amiaza, \u00eens\u0103 cu arsuri pe aproximativ 60 la sut\u0103 din suprafa\u0163a corpului. B\u0103rbatul a \u00eencetat din via\u0163\u0103 la unitatea medical\u0103, din cauza leziunilor grave, iar so\u0163ia sa a fost transportat\u0103, mar\u0163i diminea\u0163a, la Bucure\u015fti, pentru \u00eengrijiri de specialitate.<\/p>\n","protected":false},"excerpt":{"rendered":"<p>Pompierii din Alba Iulia au fost chema\u0163i s\u0103 intervin\u0103, luni dup\u0103-amiaza, pentru stingerea unui incendiu \u00een cartierul Mice\u015fti din Alba Iulia. Din primele informa\u0163ii, o cas\u0103 de pe strada Sc\u0103ri\u015foara a fost cuprins\u0103 de fl\u0103c\u0103ri \u015fi sunt dou\u0103 persoane r\u0103nite. Potrivit ISU Alba, cele dou\u0103 persoane r\u0103nite sunt un b\u0103rbat \u015fi o femeie de aproximativ &hellip;<\/p>\n","protected":false},"author":17,"featured_media":6437,"comment_status":"open","ping_status":"open","sticky":false,"template":"","format":"standard","meta":{"inline_featured_image":false,"footnotes":""},"categories":[1],"tags":[31,3311,2837,3009,2732,919,312,2198,308,76,2841],"class_list":["post-38727","post","type-post","status-publish","format-standard","has-post-thumbnail","hentry","category-stiri-urbane","tag-alba-iulia","tag-arsuri","tag-casa","tag-flacari","tag-incendiu","tag-micesti","tag-pompieri","tag-spital","tag-stiri","tag-urbea-mea","tag-victime"],"yoast_head":"<!-- This site is optimized with the Yoast SEO plugin v27.4 - https:\/\/yoast.com\/product\/yoast-seo-wordpress\/ -->\n<title>Incendiu la o cas\u0103 din cartierul Mice\u015fti: Dou\u0103 persoane au suferit arsuri - Revista Urbea Mea - Revista de Alba<\/title>\n<meta name=\"description\" content=\"Pompierii din Alba Iulia au fost chema\u0163i s\u0103 intervin\u0103, luni dup\u0103-amiaza, pentru stingerea unui incendiu \u00een cartierul Mice\u015fti din Alba Iulia. Din primele\" \/>\n<meta name=\"robots\" content=\"index, follow, max-snippet:-1, max-image-preview:large, max-video-preview:-1\" \/>\n<link rel=\"canonical\" href=\"https:\/\/urbeamea.ro\/albaiulia\/incendiu-la-o-casa-din-cartierul-micesti-doua-persoane-au-suferit-arsuri\/\" \/>\n<meta name=\"twitter:card\" content=\"summary_large_image\" \/>\n<meta name=\"twitter:title\" content=\"Incendiu la o cas\u0103 din cartierul Mice\u015fti: Dou\u0103 persoane au suferit arsuri - Revista Urbea Mea - Revista de Alba\" \/>\n<meta name=\"twitter:description\" content=\"Pompierii din Alba Iulia au fost chema\u0163i s\u0103 intervin\u0103, luni dup\u0103-amiaza, pentru stingerea unui incendiu \u00een cartierul Mice\u015fti din Alba Iulia. Din primele\" \/>\n<meta name=\"twitter:image\" content=\"https:\/\/urbeamea.ro\/albaiulia\/wp-content\/uploads\/2015\/07\/masina-interventie-pompieri2.jpg\" \/>\n<meta name=\"twitter:creator\" content=\"@urbeameaweb\" \/>\n<meta name=\"twitter:site\" content=\"@urbeameaweb\" \/>\n<script type=\"application\/ld+json\" class=\"yoast-schema-graph\">{\"@context\":\"https:\\\/\\\/schema.org\",\"@graph\":[{\"@type\":\"Article\",\"@id\":\"https:\\\/\\\/urbeamea.ro\\\/albaiulia\\\/incendiu-la-o-casa-din-cartierul-micesti-doua-persoane-au-suferit-arsuri\\\/#article\",\"isPartOf\":{\"@id\":\"https:\\\/\\\/urbeamea.ro\\\/albaiulia\\\/incendiu-la-o-casa-din-cartierul-micesti-doua-persoane-au-suferit-arsuri\\\/\"},\"author\":{\"name\":\"Cristina Ganga\",\"@id\":\"https:\\\/\\\/urbeamea.ro\\\/albaiulia\\\/#\\\/schema\\\/person\\\/9700d21fae21c4f038b0b56f4506264a\"},\"headline\":\"Incendiu la o cas\u0103 din cartierul Mice\u015fti: Dou\u0103 persoane au suferit arsuri\",\"datePublished\":\"2017-01-16T15:28:18+00:00\",\"dateModified\":\"2017-01-18T08:03:45+00:00\",\"mainEntityOfPage\":{\"@id\":\"https:\\\/\\\/urbeamea.ro\\\/albaiulia\\\/incendiu-la-o-casa-din-cartierul-micesti-doua-persoane-au-suferit-arsuri\\\/\"},\"wordCount\":186,\"commentCount\":0,\"image\":{\"@id\":\"https:\\\/\\\/urbeamea.ro\\\/albaiulia\\\/incendiu-la-o-casa-din-cartierul-micesti-doua-persoane-au-suferit-arsuri\\\/#primaryimage\"},\"thumbnailUrl\":\"https:\\\/\\\/urbeamea.ro\\\/albaiulia\\\/wp-content\\\/uploads\\\/2015\\\/07\\\/masina-interventie-pompieri2.jpg\",\"keywords\":[\"Alba Iulia\",\"arsuri\",\"casa\",\"flacari\",\"incendiu\",\"micesti\",\"pompieri\",\"spital\",\"stiri\",\"Urbea Mea\",\"victime\"],\"articleSection\":[\"\u015etiri Urbane\"],\"inLanguage\":\"ro-RO\",\"potentialAction\":[{\"@type\":\"CommentAction\",\"name\":\"Comment\",\"target\":[\"https:\\\/\\\/urbeamea.ro\\\/albaiulia\\\/incendiu-la-o-casa-din-cartierul-micesti-doua-persoane-au-suferit-arsuri\\\/#respond\"]}]},{\"@type\":\"WebPage\",\"@id\":\"https:\\\/\\\/urbeamea.ro\\\/albaiulia\\\/incendiu-la-o-casa-din-cartierul-micesti-doua-persoane-au-suferit-arsuri\\\/\",\"url\":\"https:\\\/\\\/urbeamea.ro\\\/albaiulia\\\/incendiu-la-o-casa-din-cartierul-micesti-doua-persoane-au-suferit-arsuri\\\/\",\"name\":\"Incendiu la o cas\u0103 din cartierul Mice\u015fti: Dou\u0103 persoane au suferit arsuri - Revista Urbea Mea - Revista de Alba\",\"isPartOf\":{\"@id\":\"https:\\\/\\\/urbeamea.ro\\\/albaiulia\\\/#website\"},\"primaryImageOfPage\":{\"@id\":\"https:\\\/\\\/urbeamea.ro\\\/albaiulia\\\/incendiu-la-o-casa-din-cartierul-micesti-doua-persoane-au-suferit-arsuri\\\/#primaryimage\"},\"image\":{\"@id\":\"https:\\\/\\\/urbeamea.ro\\\/albaiulia\\\/incendiu-la-o-casa-din-cartierul-micesti-doua-persoane-au-suferit-arsuri\\\/#primaryimage\"},\"thumbnailUrl\":\"https:\\\/\\\/urbeamea.ro\\\/albaiulia\\\/wp-content\\\/uploads\\\/2015\\\/07\\\/masina-interventie-pompieri2.jpg\",\"datePublished\":\"2017-01-16T15:28:18+00:00\",\"dateModified\":\"2017-01-18T08:03:45+00:00\",\"author\":{\"@id\":\"https:\\\/\\\/urbeamea.ro\\\/albaiulia\\\/#\\\/schema\\\/person\\\/9700d21fae21c4f038b0b56f4506264a\"},\"description\":\"Pompierii din Alba Iulia au fost chema\u0163i s\u0103 intervin\u0103, luni dup\u0103-amiaza, pentru stingerea unui incendiu \u00een cartierul Mice\u015fti din Alba Iulia. Din primele\",\"breadcrumb\":{\"@id\":\"https:\\\/\\\/urbeamea.ro\\\/albaiulia\\\/incendiu-la-o-casa-din-cartierul-micesti-doua-persoane-au-suferit-arsuri\\\/#breadcrumb\"},\"inLanguage\":\"ro-RO\",\"potentialAction\":[{\"@type\":\"ReadAction\",\"target\":[\"https:\\\/\\\/urbeamea.ro\\\/albaiulia\\\/incendiu-la-o-casa-din-cartierul-micesti-doua-persoane-au-suferit-arsuri\\\/\"]}]},{\"@type\":\"ImageObject\",\"inLanguage\":\"ro-RO\",\"@id\":\"https:\\\/\\\/urbeamea.ro\\\/albaiulia\\\/incendiu-la-o-casa-din-cartierul-micesti-doua-persoane-au-suferit-arsuri\\\/#primaryimage\",\"url\":\"https:\\\/\\\/urbeamea.ro\\\/albaiulia\\\/wp-content\\\/uploads\\\/2015\\\/07\\\/masina-interventie-pompieri2.jpg\",\"contentUrl\":\"https:\\\/\\\/urbeamea.ro\\\/albaiulia\\\/wp-content\\\/uploads\\\/2015\\\/07\\\/masina-interventie-pompieri2.jpg\",\"width\":717,\"height\":420},{\"@type\":\"BreadcrumbList\",\"@id\":\"https:\\\/\\\/urbeamea.ro\\\/albaiulia\\\/incendiu-la-o-casa-din-cartierul-micesti-doua-persoane-au-suferit-arsuri\\\/#breadcrumb\",\"itemListElement\":[{\"@type\":\"ListItem\",\"position\":1,\"name\":\"Prima pagin\u0103\",\"item\":\"https:\\\/\\\/urbeamea.ro\\\/albaiulia\\\/\"},{\"@type\":\"ListItem\",\"position\":2,\"name\":\"Incendiu la o cas\u0103 din cartierul Mice\u015fti: Dou\u0103 persoane au suferit arsuri\"}]},{\"@type\":\"WebSite\",\"@id\":\"https:\\\/\\\/urbeamea.ro\\\/albaiulia\\\/#website\",\"url\":\"https:\\\/\\\/urbeamea.ro\\\/albaiulia\\\/\",\"name\":\"Revista Urbea Mea, Stiri urbane\",\"description\":\"Evenimente \u0219i \u0219tiri din Alba Iulia, Sebe\u0219, Aiud, Blaj\",\"potentialAction\":[{\"@type\":\"SearchAction\",\"target\":{\"@type\":\"EntryPoint\",\"urlTemplate\":\"https:\\\/\\\/urbeamea.ro\\\/albaiulia\\\/?s={search_term_string}\"},\"query-input\":{\"@type\":\"PropertyValueSpecification\",\"valueRequired\":true,\"valueName\":\"search_term_string\"}}],\"inLanguage\":\"ro-RO\"},{\"@type\":\"Person\",\"@id\":\"https:\\\/\\\/urbeamea.ro\\\/albaiulia\\\/#\\\/schema\\\/person\\\/9700d21fae21c4f038b0b56f4506264a\",\"name\":\"Cristina Ganga\",\"image\":{\"@type\":\"ImageObject\",\"inLanguage\":\"ro-RO\",\"@id\":\"https:\\\/\\\/secure.gravatar.com\\\/avatar\\\/5a67661041f057b4a8ccaf26f5a8e86e2689372006d01faf3dd9eeb10b654bb4?s=96&d=mm&r=g\",\"url\":\"https:\\\/\\\/secure.gravatar.com\\\/avatar\\\/5a67661041f057b4a8ccaf26f5a8e86e2689372006d01faf3dd9eeb10b654bb4?s=96&d=mm&r=g\",\"contentUrl\":\"https:\\\/\\\/secure.gravatar.com\\\/avatar\\\/5a67661041f057b4a8ccaf26f5a8e86e2689372006d01faf3dd9eeb10b654bb4?s=96&d=mm&r=g\",\"caption\":\"Cristina Ganga\"},\"description\":\"Jurnalist\",\"sameAs\":[\"https:\\\/\\\/www.facebook.com\\\/cristina.nicola.587\"],\"url\":\"https:\\\/\\\/urbeamea.ro\\\/albaiulia\\\/author\\\/cristina-nicola\\\/\"}]}<\/script>\n<!-- \/ Yoast SEO plugin. -->","yoast_head_json":{"title":"Incendiu la o cas\u0103 din cartierul Mice\u015fti: Dou\u0103 persoane au suferit arsuri - Revista Urbea Mea - Revista de Alba","description":"Pompierii din Alba Iulia au fost chema\u0163i s\u0103 intervin\u0103, luni dup\u0103-amiaza, pentru stingerea unui incendiu \u00een cartierul Mice\u015fti din Alba Iulia. Din primele","robots":{"index":"index","follow":"follow","max-snippet":"max-snippet:-1","max-image-preview":"max-image-preview:large","max-video-preview":"max-video-preview:-1"},"canonical":"https:\/\/urbeamea.ro\/albaiulia\/incendiu-la-o-casa-din-cartierul-micesti-doua-persoane-au-suferit-arsuri\/","twitter_card":"summary_large_image","twitter_title":"Incendiu la o cas\u0103 din cartierul Mice\u015fti: Dou\u0103 persoane au suferit arsuri - Revista Urbea Mea - Revista de Alba","twitter_description":"Pompierii din Alba Iulia au fost chema\u0163i s\u0103 intervin\u0103, luni dup\u0103-amiaza, pentru stingerea unui incendiu \u00een cartierul Mice\u015fti din Alba Iulia. Din primele","twitter_image":"https:\/\/urbeamea.ro\/albaiulia\/wp-content\/uploads\/2015\/07\/masina-interventie-pompieri2.jpg","twitter_creator":"@urbeameaweb","twitter_site":"@urbeameaweb","schema":{"@context":"https:\/\/schema.org","@graph":[{"@type":"Article","@id":"https:\/\/urbeamea.ro\/albaiulia\/incendiu-la-o-casa-din-cartierul-micesti-doua-persoane-au-suferit-arsuri\/#article","isPartOf":{"@id":"https:\/\/urbeamea.ro\/albaiulia\/incendiu-la-o-casa-din-cartierul-micesti-doua-persoane-au-suferit-arsuri\/"},"author":{"name":"Cristina Ganga","@id":"https:\/\/urbeamea.ro\/albaiulia\/#\/schema\/person\/9700d21fae21c4f038b0b56f4506264a"},"headline":"Incendiu la o cas\u0103 din cartierul Mice\u015fti: Dou\u0103 persoane au suferit arsuri","datePublished":"2017-01-16T15:28:18+00:00","dateModified":"2017-01-18T08:03:45+00:00","mainEntityOfPage":{"@id":"https:\/\/urbeamea.ro\/albaiulia\/incendiu-la-o-casa-din-cartierul-micesti-doua-persoane-au-suferit-arsuri\/"},"wordCount":186,"commentCount":0,"image":{"@id":"https:\/\/urbeamea.ro\/albaiulia\/incendiu-la-o-casa-din-cartierul-micesti-doua-persoane-au-suferit-arsuri\/#primaryimage"},"thumbnailUrl":"https:\/\/urbeamea.ro\/albaiulia\/wp-content\/uploads\/2015\/07\/masina-interventie-pompieri2.jpg","keywords":["Alba Iulia","arsuri","casa","flacari","incendiu","micesti","pompieri","spital","stiri","Urbea Mea","victime"],"articleSection":["\u015etiri Urbane"],"inLanguage":"ro-RO","potentialAction":[{"@type":"CommentAction","name":"Comment","target":["https:\/\/urbeamea.ro\/albaiulia\/incendiu-la-o-casa-din-cartierul-micesti-doua-persoane-au-suferit-arsuri\/#respond"]}]},{"@type":"WebPage","@id":"https:\/\/urbeamea.ro\/albaiulia\/incendiu-la-o-casa-din-cartierul-micesti-doua-persoane-au-suferit-arsuri\/","url":"https:\/\/urbeamea.ro\/albaiulia\/incendiu-la-o-casa-din-cartierul-micesti-doua-persoane-au-suferit-arsuri\/","name":"Incendiu la o cas\u0103 din cartierul Mice\u015fti: Dou\u0103 persoane au suferit arsuri - Revista Urbea Mea - Revista de Alba","isPartOf":{"@id":"https:\/\/urbeamea.ro\/albaiulia\/#website"},"primaryImageOfPage":{"@id":"https:\/\/urbeamea.ro\/albaiulia\/incendiu-la-o-casa-din-cartierul-micesti-doua-persoane-au-suferit-arsuri\/#primaryimage"},"image":{"@id":"https:\/\/urbeamea.ro\/albaiulia\/incendiu-la-o-casa-din-cartierul-micesti-doua-persoane-au-suferit-arsuri\/#primaryimage"},"thumbnailUrl":"https:\/\/urbeamea.ro\/albaiulia\/wp-content\/uploads\/2015\/07\/masina-interventie-pompieri2.jpg","datePublished":"2017-01-16T15:28:18+00:00","dateModified":"2017-01-18T08:03:45+00:00","author":{"@id":"https:\/\/urbeamea.ro\/albaiulia\/#\/schema\/person\/9700d21fae21c4f038b0b56f4506264a"},"description":"Pompierii din Alba Iulia au fost chema\u0163i s\u0103 intervin\u0103, luni dup\u0103-amiaza, pentru stingerea unui incendiu \u00een cartierul Mice\u015fti din Alba Iulia. Din primele","breadcrumb":{"@id":"https:\/\/urbeamea.ro\/albaiulia\/incendiu-la-o-casa-din-cartierul-micesti-doua-persoane-au-suferit-arsuri\/#breadcrumb"},"inLanguage":"ro-RO","potentialAction":[{"@type":"ReadAction","target":["https:\/\/urbeamea.ro\/albaiulia\/incendiu-la-o-casa-din-cartierul-micesti-doua-persoane-au-suferit-arsuri\/"]}]},{"@type":"ImageObject","inLanguage":"ro-RO","@id":"https:\/\/urbeamea.ro\/albaiulia\/incendiu-la-o-casa-din-cartierul-micesti-doua-persoane-au-suferit-arsuri\/#primaryimage","url":"https:\/\/urbeamea.ro\/albaiulia\/wp-content\/uploads\/2015\/07\/masina-interventie-pompieri2.jpg","contentUrl":"https:\/\/urbeamea.ro\/albaiulia\/wp-content\/uploads\/2015\/07\/masina-interventie-pompieri2.jpg","width":717,"height":420},{"@type":"BreadcrumbList","@id":"https:\/\/urbeamea.ro\/albaiulia\/incendiu-la-o-casa-din-cartierul-micesti-doua-persoane-au-suferit-arsuri\/#breadcrumb","itemListElement":[{"@type":"ListItem","position":1,"name":"Prima pagin\u0103","item":"https:\/\/urbeamea.ro\/albaiulia\/"},{"@type":"ListItem","position":2,"name":"Incendiu la o cas\u0103 din cartierul Mice\u015fti: Dou\u0103 persoane au suferit arsuri"}]},{"@type":"WebSite","@id":"https:\/\/urbeamea.ro\/albaiulia\/#website","url":"https:\/\/urbeamea.ro\/albaiulia\/","name":"Revista Urbea Mea, Stiri urbane","description":"Evenimente \u0219i \u0219tiri din Alba Iulia, Sebe\u0219, Aiud, Blaj","potentialAction":[{"@type":"SearchAction","target":{"@type":"EntryPoint","urlTemplate":"https:\/\/urbeamea.ro\/albaiulia\/?s={search_term_string}"},"query-input":{"@type":"PropertyValueSpecification","valueRequired":true,"valueName":"search_term_string"}}],"inLanguage":"ro-RO"},{"@type":"Person","@id":"https:\/\/urbeamea.ro\/albaiulia\/#\/schema\/person\/9700d21fae21c4f038b0b56f4506264a","name":"Cristina Ganga","image":{"@type":"ImageObject","inLanguage":"ro-RO","@id":"https:\/\/secure.gravatar.com\/avatar\/5a67661041f057b4a8ccaf26f5a8e86e2689372006d01faf3dd9eeb10b654bb4?s=96&d=mm&r=g","url":"https:\/\/secure.gravatar.com\/avatar\/5a67661041f057b4a8ccaf26f5a8e86e2689372006d01faf3dd9eeb10b654bb4?s=96&d=mm&r=g","contentUrl":"https:\/\/secure.gravatar.com\/avatar\/5a67661041f057b4a8ccaf26f5a8e86e2689372006d01faf3dd9eeb10b654bb4?s=96&d=mm&r=g","caption":"Cristina Ganga"},"description":"Jurnalist","sameAs":["https:\/\/www.facebook.com\/cristina.nicola.587"],"url":"https:\/\/urbeamea.ro\/albaiulia\/author\/cristina-nicola\/"}]}},"_links":{"self":[{"href":"https:\/\/urbeamea.ro\/albaiulia\/wp-json\/wp\/v2\/posts\/38727","targetHints":{"allow":["GET"]}}],"collection":[{"href":"https:\/\/urbeamea.ro\/albaiulia\/wp-json\/wp\/v2\/posts"}],"about":[{"href":"https:\/\/urbeamea.ro\/albaiulia\/wp-json\/wp\/v2\/types\/post"}],"author":[{"embeddable":true,"href":"https:\/\/urbeamea.ro\/albaiulia\/wp-json\/wp\/v2\/users\/17"}],"replies":[{"embeddable":true,"href":"https:\/\/urbeamea.ro\/albaiulia\/wp-json\/wp\/v2\/comments?post=38727"}],"version-history":[{"count":0,"href":"https:\/\/urbeamea.ro\/albaiulia\/wp-json\/wp\/v2\/posts\/38727\/revisions"}],"wp:featuredmedia":[{"embeddable":true,"href":"https:\/\/urbeamea.ro\/albaiulia\/wp-json\/wp\/v2\/media\/6437"}],"wp:attachment":[{"href":"https:\/\/urbeamea.ro\/albaiulia\/wp-json\/wp\/v2\/media?parent=38727"}],"wp:term":[{"taxonomy":"category","embeddable":true,"href":"https:\/\/urbeamea.ro\/albaiulia\/wp-json\/wp\/v2\/categories?post=38727"},{"taxonomy":"post_tag","embeddable":true,"href":"https:\/\/urbeamea.ro\/albaiulia\/wp-json\/wp\/v2\/tags?post=38727"}],"curies":[{"name":"wp","href":"https:\/\/api.w.org\/{rel}","templated":true}]}}