{"id":38991,"date":"2017-01-23T10:35:30","date_gmt":"2017-01-23T08:35:30","guid":{"rendered":"http:\/\/urbeamea.ro\/albaiulia\/?p=38991"},"modified":"2017-01-23T10:35:30","modified_gmt":"2017-01-23T08:35:30","slug":"cod-galben-de-ceata-in-judetul-alba-si-vizibilitate-scazuta-pe-dn1-intre-teius-si-aiud","status":"publish","type":"post","link":"https:\/\/urbeamea.ro\/albaiulia\/cod-galben-de-ceata-in-judetul-alba-si-vizibilitate-scazuta-pe-dn1-intre-teius-si-aiud\/","title":{"rendered":"Cod Galben de cea\u0163\u0103 \u00een jude\u0163ul Alba \u015fi vizibilitate sc\u0103zut\u0103 pe DN1, \u00eentre Teiu\u0219 \u0219i Aiud"},"content":{"rendered":"<p><strong>Administra\u0163ia Na\u0163ional\u0103 de Meteorologie a emis o aten\u0163ionare Cod Galben de cea\u0163\u0103 pentru jude\u0163ul Alba, valabil luni, 23 ianuarie, p\u00e2n\u0103 la ora 11.00.\u00a0<\/strong><\/p>\n<p><strong> Potrivit ANM, se va semnala cea\u021b\u0103 \u00een zonele joase ce determin\u0103 sc\u0103derea vizibilit\u0103\u021bii local sub 200 de metri, izolat sub 50 de metri.<\/strong><\/p>\n<p>Zonele din jude\u021bul Alba vizate de aten\u021bionare sunt: Aiud, Alba Iulia, Ocna Mure\u0219, Teiu\u0219, Berghin, Ciugud, Cric\u0103u, Daia Rom\u00e2n\u0103, Galda de Jos, Ighiu, Livezile, Lopadea Nou\u0103, Mete\u0219, Mihal\u021b, Mir\u0103sl\u0103u, R\u0103de\u0219ti, S\u00e2ntimbru, Strem\u021b, Unirea.<\/p>\n<p>De asemenea mai sunt vizate zone din jude\u021bele Bra\u0219ov, Sibiu, Harghita, Covasna, Mure\u0219, Cluj, Bihor, Timi\u0219, Arad.<\/p>\n<p><em>sursa: meteoromania.ro,<br \/>\n<\/em><\/p>\n","protected":false},"excerpt":{"rendered":"<p>Administra\u0163ia Na\u0163ional\u0103 de Meteorologie a emis o aten\u0163ionare Cod Galben de cea\u0163\u0103 pentru jude\u0163ul Alba, valabil luni, 23 ianuarie, p\u00e2n\u0103 la ora 11.00.\u00a0 Potrivit ANM, se va semnala cea\u021b\u0103 \u00een zonele joase ce determin\u0103 sc\u0103derea vizibilit\u0103\u021bii local sub 200 de metri, izolat sub 50 de metri. Zonele din jude\u021bul Alba vizate de aten\u021bionare sunt: Aiud, &hellip;<\/p>\n","protected":false},"author":17,"featured_media":12585,"comment_status":"open","ping_status":"open","sticky":false,"template":"","format":"standard","meta":{"inline_featured_image":false,"footnotes":""},"categories":[1],"tags":[1809,307,1390,368,308,76,1393],"class_list":["post-38991","post","type-post","status-publish","format-standard","has-post-thumbnail","hentry","category-stiri-urbane","tag-administratia-nationala-de-meteorologie","tag-alba","tag-ceata","tag-cod-galben","tag-stiri","tag-urbea-mea","tag-vizibilitate-scazuta"],"yoast_head":"<!-- This site is optimized with the Yoast SEO plugin v27.4 - https:\/\/yoast.com\/product\/yoast-seo-wordpress\/ -->\n<title>Cod Galben de cea\u0163\u0103 \u00een jude\u0163ul Alba \u015fi vizibilitate sc\u0103zut\u0103 pe DN1, \u00eentre Teiu\u0219 \u0219i Aiud - Revista Urbea Mea - Revista de Alba<\/title>\n<meta name=\"description\" content=\"Administra\u0163ia Na\u0163ional\u0103 de Meteorologie a emis o aten\u0163ionare Cod Galben de cea\u0163\u0103 pentru jude\u0163ul Alba, valabil luni, 23 ianuarie, p\u00e2n\u0103 la ora 11.00.\u00a0\" \/>\n<meta name=\"robots\" content=\"index, follow, max-snippet:-1, max-image-preview:large, max-video-preview:-1\" \/>\n<link rel=\"canonical\" href=\"https:\/\/urbeamea.ro\/albaiulia\/cod-galben-de-ceata-in-judetul-alba-si-vizibilitate-scazuta-pe-dn1-intre-teius-si-aiud\/\" \/>\n<meta name=\"twitter:card\" content=\"summary_large_image\" \/>\n<meta name=\"twitter:title\" content=\"Cod Galben de cea\u0163\u0103 \u00een jude\u0163ul Alba \u015fi vizibilitate sc\u0103zut\u0103 pe DN1, \u00eentre Teiu\u0219 \u0219i Aiud - Revista Urbea Mea - Revista de Alba\" \/>\n<meta name=\"twitter:description\" content=\"Administra\u0163ia Na\u0163ional\u0103 de Meteorologie a emis o aten\u0163ionare Cod Galben de cea\u0163\u0103 pentru jude\u0163ul Alba, valabil luni, 23 ianuarie, p\u00e2n\u0103 la ora 11.00.\u00a0\" \/>\n<meta name=\"twitter:image\" content=\"https:\/\/urbeamea.ro\/albaiulia\/wp-content\/uploads\/2015\/11\/ceata.jpg\" \/>\n<meta name=\"twitter:creator\" content=\"@urbeameaweb\" \/>\n<meta name=\"twitter:site\" content=\"@urbeameaweb\" \/>\n<script type=\"application\/ld+json\" class=\"yoast-schema-graph\">{\"@context\":\"https:\\\/\\\/schema.org\",\"@graph\":[{\"@type\":\"Article\",\"@id\":\"https:\\\/\\\/urbeamea.ro\\\/albaiulia\\\/cod-galben-de-ceata-in-judetul-alba-si-vizibilitate-scazuta-pe-dn1-intre-teius-si-aiud\\\/#article\",\"isPartOf\":{\"@id\":\"https:\\\/\\\/urbeamea.ro\\\/albaiulia\\\/cod-galben-de-ceata-in-judetul-alba-si-vizibilitate-scazuta-pe-dn1-intre-teius-si-aiud\\\/\"},\"author\":{\"name\":\"Cristina Ganga\",\"@id\":\"https:\\\/\\\/urbeamea.ro\\\/albaiulia\\\/#\\\/schema\\\/person\\\/9700d21fae21c4f038b0b56f4506264a\"},\"headline\":\"Cod Galben de cea\u0163\u0103 \u00een jude\u0163ul Alba \u015fi vizibilitate sc\u0103zut\u0103 pe DN1, \u00eentre Teiu\u0219 \u0219i Aiud\",\"datePublished\":\"2017-01-23T08:35:30+00:00\",\"mainEntityOfPage\":{\"@id\":\"https:\\\/\\\/urbeamea.ro\\\/albaiulia\\\/cod-galben-de-ceata-in-judetul-alba-si-vizibilitate-scazuta-pe-dn1-intre-teius-si-aiud\\\/\"},\"wordCount\":131,\"commentCount\":0,\"image\":{\"@id\":\"https:\\\/\\\/urbeamea.ro\\\/albaiulia\\\/cod-galben-de-ceata-in-judetul-alba-si-vizibilitate-scazuta-pe-dn1-intre-teius-si-aiud\\\/#primaryimage\"},\"thumbnailUrl\":\"https:\\\/\\\/urbeamea.ro\\\/albaiulia\\\/wp-content\\\/uploads\\\/2015\\\/11\\\/ceata.jpg\",\"keywords\":[\"administratia nationala de meteorologie\",\"alba\",\"ceata\",\"cod galben\",\"stiri\",\"Urbea Mea\",\"vizibilitate scazuta\"],\"articleSection\":[\"\u015etiri Urbane\"],\"inLanguage\":\"ro-RO\",\"potentialAction\":[{\"@type\":\"CommentAction\",\"name\":\"Comment\",\"target\":[\"https:\\\/\\\/urbeamea.ro\\\/albaiulia\\\/cod-galben-de-ceata-in-judetul-alba-si-vizibilitate-scazuta-pe-dn1-intre-teius-si-aiud\\\/#respond\"]}]},{\"@type\":\"WebPage\",\"@id\":\"https:\\\/\\\/urbeamea.ro\\\/albaiulia\\\/cod-galben-de-ceata-in-judetul-alba-si-vizibilitate-scazuta-pe-dn1-intre-teius-si-aiud\\\/\",\"url\":\"https:\\\/\\\/urbeamea.ro\\\/albaiulia\\\/cod-galben-de-ceata-in-judetul-alba-si-vizibilitate-scazuta-pe-dn1-intre-teius-si-aiud\\\/\",\"name\":\"Cod Galben de cea\u0163\u0103 \u00een jude\u0163ul Alba \u015fi vizibilitate sc\u0103zut\u0103 pe DN1, \u00eentre Teiu\u0219 \u0219i Aiud - Revista Urbea Mea - Revista de Alba\",\"isPartOf\":{\"@id\":\"https:\\\/\\\/urbeamea.ro\\\/albaiulia\\\/#website\"},\"primaryImageOfPage\":{\"@id\":\"https:\\\/\\\/urbeamea.ro\\\/albaiulia\\\/cod-galben-de-ceata-in-judetul-alba-si-vizibilitate-scazuta-pe-dn1-intre-teius-si-aiud\\\/#primaryimage\"},\"image\":{\"@id\":\"https:\\\/\\\/urbeamea.ro\\\/albaiulia\\\/cod-galben-de-ceata-in-judetul-alba-si-vizibilitate-scazuta-pe-dn1-intre-teius-si-aiud\\\/#primaryimage\"},\"thumbnailUrl\":\"https:\\\/\\\/urbeamea.ro\\\/albaiulia\\\/wp-content\\\/uploads\\\/2015\\\/11\\\/ceata.jpg\",\"datePublished\":\"2017-01-23T08:35:30+00:00\",\"author\":{\"@id\":\"https:\\\/\\\/urbeamea.ro\\\/albaiulia\\\/#\\\/schema\\\/person\\\/9700d21fae21c4f038b0b56f4506264a\"},\"description\":\"Administra\u0163ia Na\u0163ional\u0103 de Meteorologie a emis o aten\u0163ionare Cod Galben de cea\u0163\u0103 pentru jude\u0163ul Alba, valabil luni, 23 ianuarie, p\u00e2n\u0103 la ora 11.00.\u00a0\",\"breadcrumb\":{\"@id\":\"https:\\\/\\\/urbeamea.ro\\\/albaiulia\\\/cod-galben-de-ceata-in-judetul-alba-si-vizibilitate-scazuta-pe-dn1-intre-teius-si-aiud\\\/#breadcrumb\"},\"inLanguage\":\"ro-RO\",\"potentialAction\":[{\"@type\":\"ReadAction\",\"target\":[\"https:\\\/\\\/urbeamea.ro\\\/albaiulia\\\/cod-galben-de-ceata-in-judetul-alba-si-vizibilitate-scazuta-pe-dn1-intre-teius-si-aiud\\\/\"]}]},{\"@type\":\"ImageObject\",\"inLanguage\":\"ro-RO\",\"@id\":\"https:\\\/\\\/urbeamea.ro\\\/albaiulia\\\/cod-galben-de-ceata-in-judetul-alba-si-vizibilitate-scazuta-pe-dn1-intre-teius-si-aiud\\\/#primaryimage\",\"url\":\"https:\\\/\\\/urbeamea.ro\\\/albaiulia\\\/wp-content\\\/uploads\\\/2015\\\/11\\\/ceata.jpg\",\"contentUrl\":\"https:\\\/\\\/urbeamea.ro\\\/albaiulia\\\/wp-content\\\/uploads\\\/2015\\\/11\\\/ceata.jpg\",\"width\":1000,\"height\":598},{\"@type\":\"BreadcrumbList\",\"@id\":\"https:\\\/\\\/urbeamea.ro\\\/albaiulia\\\/cod-galben-de-ceata-in-judetul-alba-si-vizibilitate-scazuta-pe-dn1-intre-teius-si-aiud\\\/#breadcrumb\",\"itemListElement\":[{\"@type\":\"ListItem\",\"position\":1,\"name\":\"Prima pagin\u0103\",\"item\":\"https:\\\/\\\/urbeamea.ro\\\/albaiulia\\\/\"},{\"@type\":\"ListItem\",\"position\":2,\"name\":\"Cod Galben de cea\u0163\u0103 \u00een jude\u0163ul Alba \u015fi vizibilitate sc\u0103zut\u0103 pe DN1, \u00eentre Teiu\u0219 \u0219i Aiud\"}]},{\"@type\":\"WebSite\",\"@id\":\"https:\\\/\\\/urbeamea.ro\\\/albaiulia\\\/#website\",\"url\":\"https:\\\/\\\/urbeamea.ro\\\/albaiulia\\\/\",\"name\":\"Revista Urbea Mea, Stiri urbane\",\"description\":\"Evenimente \u0219i \u0219tiri din Alba Iulia, Sebe\u0219, Aiud, Blaj\",\"potentialAction\":[{\"@type\":\"SearchAction\",\"target\":{\"@type\":\"EntryPoint\",\"urlTemplate\":\"https:\\\/\\\/urbeamea.ro\\\/albaiulia\\\/?s={search_term_string}\"},\"query-input\":{\"@type\":\"PropertyValueSpecification\",\"valueRequired\":true,\"valueName\":\"search_term_string\"}}],\"inLanguage\":\"ro-RO\"},{\"@type\":\"Person\",\"@id\":\"https:\\\/\\\/urbeamea.ro\\\/albaiulia\\\/#\\\/schema\\\/person\\\/9700d21fae21c4f038b0b56f4506264a\",\"name\":\"Cristina Ganga\",\"image\":{\"@type\":\"ImageObject\",\"inLanguage\":\"ro-RO\",\"@id\":\"https:\\\/\\\/secure.gravatar.com\\\/avatar\\\/5a67661041f057b4a8ccaf26f5a8e86e2689372006d01faf3dd9eeb10b654bb4?s=96&d=mm&r=g\",\"url\":\"https:\\\/\\\/secure.gravatar.com\\\/avatar\\\/5a67661041f057b4a8ccaf26f5a8e86e2689372006d01faf3dd9eeb10b654bb4?s=96&d=mm&r=g\",\"contentUrl\":\"https:\\\/\\\/secure.gravatar.com\\\/avatar\\\/5a67661041f057b4a8ccaf26f5a8e86e2689372006d01faf3dd9eeb10b654bb4?s=96&d=mm&r=g\",\"caption\":\"Cristina Ganga\"},\"description\":\"Jurnalist\",\"sameAs\":[\"https:\\\/\\\/www.facebook.com\\\/cristina.nicola.587\"],\"url\":\"https:\\\/\\\/urbeamea.ro\\\/albaiulia\\\/author\\\/cristina-nicola\\\/\"}]}<\/script>\n<!-- \/ Yoast SEO plugin. -->","yoast_head_json":{"title":"Cod Galben de cea\u0163\u0103 \u00een jude\u0163ul Alba \u015fi vizibilitate sc\u0103zut\u0103 pe DN1, \u00eentre Teiu\u0219 \u0219i Aiud - Revista Urbea Mea - Revista de Alba","description":"Administra\u0163ia Na\u0163ional\u0103 de Meteorologie a emis o aten\u0163ionare Cod Galben de cea\u0163\u0103 pentru jude\u0163ul Alba, valabil luni, 23 ianuarie, p\u00e2n\u0103 la ora 11.00.\u00a0","robots":{"index":"index","follow":"follow","max-snippet":"max-snippet:-1","max-image-preview":"max-image-preview:large","max-video-preview":"max-video-preview:-1"},"canonical":"https:\/\/urbeamea.ro\/albaiulia\/cod-galben-de-ceata-in-judetul-alba-si-vizibilitate-scazuta-pe-dn1-intre-teius-si-aiud\/","twitter_card":"summary_large_image","twitter_title":"Cod Galben de cea\u0163\u0103 \u00een jude\u0163ul Alba \u015fi vizibilitate sc\u0103zut\u0103 pe DN1, \u00eentre Teiu\u0219 \u0219i Aiud - Revista Urbea Mea - Revista de Alba","twitter_description":"Administra\u0163ia Na\u0163ional\u0103 de Meteorologie a emis o aten\u0163ionare Cod Galben de cea\u0163\u0103 pentru jude\u0163ul Alba, valabil luni, 23 ianuarie, p\u00e2n\u0103 la ora 11.00.\u00a0","twitter_image":"https:\/\/urbeamea.ro\/albaiulia\/wp-content\/uploads\/2015\/11\/ceata.jpg","twitter_creator":"@urbeameaweb","twitter_site":"@urbeameaweb","schema":{"@context":"https:\/\/schema.org","@graph":[{"@type":"Article","@id":"https:\/\/urbeamea.ro\/albaiulia\/cod-galben-de-ceata-in-judetul-alba-si-vizibilitate-scazuta-pe-dn1-intre-teius-si-aiud\/#article","isPartOf":{"@id":"https:\/\/urbeamea.ro\/albaiulia\/cod-galben-de-ceata-in-judetul-alba-si-vizibilitate-scazuta-pe-dn1-intre-teius-si-aiud\/"},"author":{"name":"Cristina Ganga","@id":"https:\/\/urbeamea.ro\/albaiulia\/#\/schema\/person\/9700d21fae21c4f038b0b56f4506264a"},"headline":"Cod Galben de cea\u0163\u0103 \u00een jude\u0163ul Alba \u015fi vizibilitate sc\u0103zut\u0103 pe DN1, \u00eentre Teiu\u0219 \u0219i Aiud","datePublished":"2017-01-23T08:35:30+00:00","mainEntityOfPage":{"@id":"https:\/\/urbeamea.ro\/albaiulia\/cod-galben-de-ceata-in-judetul-alba-si-vizibilitate-scazuta-pe-dn1-intre-teius-si-aiud\/"},"wordCount":131,"commentCount":0,"image":{"@id":"https:\/\/urbeamea.ro\/albaiulia\/cod-galben-de-ceata-in-judetul-alba-si-vizibilitate-scazuta-pe-dn1-intre-teius-si-aiud\/#primaryimage"},"thumbnailUrl":"https:\/\/urbeamea.ro\/albaiulia\/wp-content\/uploads\/2015\/11\/ceata.jpg","keywords":["administratia nationala de meteorologie","alba","ceata","cod galben","stiri","Urbea Mea","vizibilitate scazuta"],"articleSection":["\u015etiri Urbane"],"inLanguage":"ro-RO","potentialAction":[{"@type":"CommentAction","name":"Comment","target":["https:\/\/urbeamea.ro\/albaiulia\/cod-galben-de-ceata-in-judetul-alba-si-vizibilitate-scazuta-pe-dn1-intre-teius-si-aiud\/#respond"]}]},{"@type":"WebPage","@id":"https:\/\/urbeamea.ro\/albaiulia\/cod-galben-de-ceata-in-judetul-alba-si-vizibilitate-scazuta-pe-dn1-intre-teius-si-aiud\/","url":"https:\/\/urbeamea.ro\/albaiulia\/cod-galben-de-ceata-in-judetul-alba-si-vizibilitate-scazuta-pe-dn1-intre-teius-si-aiud\/","name":"Cod Galben de cea\u0163\u0103 \u00een jude\u0163ul Alba \u015fi vizibilitate sc\u0103zut\u0103 pe DN1, \u00eentre Teiu\u0219 \u0219i Aiud - Revista Urbea Mea - Revista de Alba","isPartOf":{"@id":"https:\/\/urbeamea.ro\/albaiulia\/#website"},"primaryImageOfPage":{"@id":"https:\/\/urbeamea.ro\/albaiulia\/cod-galben-de-ceata-in-judetul-alba-si-vizibilitate-scazuta-pe-dn1-intre-teius-si-aiud\/#primaryimage"},"image":{"@id":"https:\/\/urbeamea.ro\/albaiulia\/cod-galben-de-ceata-in-judetul-alba-si-vizibilitate-scazuta-pe-dn1-intre-teius-si-aiud\/#primaryimage"},"thumbnailUrl":"https:\/\/urbeamea.ro\/albaiulia\/wp-content\/uploads\/2015\/11\/ceata.jpg","datePublished":"2017-01-23T08:35:30+00:00","author":{"@id":"https:\/\/urbeamea.ro\/albaiulia\/#\/schema\/person\/9700d21fae21c4f038b0b56f4506264a"},"description":"Administra\u0163ia Na\u0163ional\u0103 de Meteorologie a emis o aten\u0163ionare Cod Galben de cea\u0163\u0103 pentru jude\u0163ul Alba, valabil luni, 23 ianuarie, p\u00e2n\u0103 la ora 11.00.\u00a0","breadcrumb":{"@id":"https:\/\/urbeamea.ro\/albaiulia\/cod-galben-de-ceata-in-judetul-alba-si-vizibilitate-scazuta-pe-dn1-intre-teius-si-aiud\/#breadcrumb"},"inLanguage":"ro-RO","potentialAction":[{"@type":"ReadAction","target":["https:\/\/urbeamea.ro\/albaiulia\/cod-galben-de-ceata-in-judetul-alba-si-vizibilitate-scazuta-pe-dn1-intre-teius-si-aiud\/"]}]},{"@type":"ImageObject","inLanguage":"ro-RO","@id":"https:\/\/urbeamea.ro\/albaiulia\/cod-galben-de-ceata-in-judetul-alba-si-vizibilitate-scazuta-pe-dn1-intre-teius-si-aiud\/#primaryimage","url":"https:\/\/urbeamea.ro\/albaiulia\/wp-content\/uploads\/2015\/11\/ceata.jpg","contentUrl":"https:\/\/urbeamea.ro\/albaiulia\/wp-content\/uploads\/2015\/11\/ceata.jpg","width":1000,"height":598},{"@type":"BreadcrumbList","@id":"https:\/\/urbeamea.ro\/albaiulia\/cod-galben-de-ceata-in-judetul-alba-si-vizibilitate-scazuta-pe-dn1-intre-teius-si-aiud\/#breadcrumb","itemListElement":[{"@type":"ListItem","position":1,"name":"Prima pagin\u0103","item":"https:\/\/urbeamea.ro\/albaiulia\/"},{"@type":"ListItem","position":2,"name":"Cod Galben de cea\u0163\u0103 \u00een jude\u0163ul Alba \u015fi vizibilitate sc\u0103zut\u0103 pe DN1, \u00eentre Teiu\u0219 \u0219i Aiud"}]},{"@type":"WebSite","@id":"https:\/\/urbeamea.ro\/albaiulia\/#website","url":"https:\/\/urbeamea.ro\/albaiulia\/","name":"Revista Urbea Mea, Stiri urbane","description":"Evenimente \u0219i \u0219tiri din Alba Iulia, Sebe\u0219, Aiud, Blaj","potentialAction":[{"@type":"SearchAction","target":{"@type":"EntryPoint","urlTemplate":"https:\/\/urbeamea.ro\/albaiulia\/?s={search_term_string}"},"query-input":{"@type":"PropertyValueSpecification","valueRequired":true,"valueName":"search_term_string"}}],"inLanguage":"ro-RO"},{"@type":"Person","@id":"https:\/\/urbeamea.ro\/albaiulia\/#\/schema\/person\/9700d21fae21c4f038b0b56f4506264a","name":"Cristina Ganga","image":{"@type":"ImageObject","inLanguage":"ro-RO","@id":"https:\/\/secure.gravatar.com\/avatar\/5a67661041f057b4a8ccaf26f5a8e86e2689372006d01faf3dd9eeb10b654bb4?s=96&d=mm&r=g","url":"https:\/\/secure.gravatar.com\/avatar\/5a67661041f057b4a8ccaf26f5a8e86e2689372006d01faf3dd9eeb10b654bb4?s=96&d=mm&r=g","contentUrl":"https:\/\/secure.gravatar.com\/avatar\/5a67661041f057b4a8ccaf26f5a8e86e2689372006d01faf3dd9eeb10b654bb4?s=96&d=mm&r=g","caption":"Cristina Ganga"},"description":"Jurnalist","sameAs":["https:\/\/www.facebook.com\/cristina.nicola.587"],"url":"https:\/\/urbeamea.ro\/albaiulia\/author\/cristina-nicola\/"}]}},"_links":{"self":[{"href":"https:\/\/urbeamea.ro\/albaiulia\/wp-json\/wp\/v2\/posts\/38991","targetHints":{"allow":["GET"]}}],"collection":[{"href":"https:\/\/urbeamea.ro\/albaiulia\/wp-json\/wp\/v2\/posts"}],"about":[{"href":"https:\/\/urbeamea.ro\/albaiulia\/wp-json\/wp\/v2\/types\/post"}],"author":[{"embeddable":true,"href":"https:\/\/urbeamea.ro\/albaiulia\/wp-json\/wp\/v2\/users\/17"}],"replies":[{"embeddable":true,"href":"https:\/\/urbeamea.ro\/albaiulia\/wp-json\/wp\/v2\/comments?post=38991"}],"version-history":[{"count":0,"href":"https:\/\/urbeamea.ro\/albaiulia\/wp-json\/wp\/v2\/posts\/38991\/revisions"}],"wp:featuredmedia":[{"embeddable":true,"href":"https:\/\/urbeamea.ro\/albaiulia\/wp-json\/wp\/v2\/media\/12585"}],"wp:attachment":[{"href":"https:\/\/urbeamea.ro\/albaiulia\/wp-json\/wp\/v2\/media?parent=38991"}],"wp:term":[{"taxonomy":"category","embeddable":true,"href":"https:\/\/urbeamea.ro\/albaiulia\/wp-json\/wp\/v2\/categories?post=38991"},{"taxonomy":"post_tag","embeddable":true,"href":"https:\/\/urbeamea.ro\/albaiulia\/wp-json\/wp\/v2\/tags?post=38991"}],"curies":[{"name":"wp","href":"https:\/\/api.w.org\/{rel}","templated":true}]}}