{"id":39118,"date":"2017-01-26T10:35:49","date_gmt":"2017-01-26T08:35:49","guid":{"rendered":"http:\/\/urbeamea.ro\/albaiulia\/?p=39118"},"modified":"2017-01-26T11:46:28","modified_gmt":"2017-01-26T09:46:28","slug":"27-29-ianuarie-expozitoe-columbofila-in-sala-de-festivitati-a-colegiului-national-lucian-blaga-din-sebes","status":"publish","type":"post","link":"https:\/\/urbeamea.ro\/albaiulia\/27-29-ianuarie-expozitoe-columbofila-in-sala-de-festivitati-a-colegiului-national-lucian-blaga-din-sebes\/","title":{"rendered":"27-29 ianuarie: Expozi\u0163ie columbofil\u0103, \u00een sala de festivit\u0103\u0163i a Colegiului Na\u0163ional &#8222;Lucian Blaga&#8221;, din Sebe\u015f"},"content":{"rendered":"<p><strong>Prim\u0103ria Municipiului Sebe\u015f, \u00een parteneriat cu Centrul Cultural \u201eLucian Blaga\u201d \u015fi Asocia\u0163ia cresc\u0103torilor de porumbei voiajori, de ornament, p\u0103s\u0103ri \u015fi animale de companie \u201eM\u00fchlbach 2008\u201d organizeaz\u0103, \u00een perioada 27 \u2013 29 ianuarie 2017, o nou\u0103 edi\u0163ie a \u201eExpozi\u0163iei Columbofile\u201d.<\/strong><\/p>\n<p>Deschiderea acestei expozi\u0163ii va avea loc vineri, 27 ianuarie, la ora 12.00, loca\u0163ia fiind sala de festivit\u0103\u0163i a Colegiului Na\u0163ional \u201cLucian Blaga\u201d Sebe\u015f.<\/p>\n<p>Evenimentul, la care \u0219i-au anun\u0163at participarea peste 70 de cresc\u0103tori, se va \u00eencheia duminic\u0103, 29 ianuarie, la ora 13.00.<\/p>\n<div class=\"insert-post-ads\"><\/div>\n<p><strong>Programul expozi\u0163iei<\/strong>:<\/p>\n<p>Vineri: ora 12.00 \u2013 ora 18.00<\/p>\n<p>S\u00e2mb\u0103t\u0103: ora 8.00 \u2013 ora 18.00<\/p>\n<p>Duminic\u0103: ora 8.00 \u2013 ora 13.00<\/p>\n<p>Intrarea este liber\u0103.<\/p>\n","protected":false},"excerpt":{"rendered":"<p>Prim\u0103ria Municipiului Sebe\u015f, \u00een parteneriat cu Centrul Cultural \u201eLucian Blaga\u201d \u015fi Asocia\u0163ia cresc\u0103torilor de porumbei voiajori, de ornament, p\u0103s\u0103ri \u015fi animale de companie \u201eM\u00fchlbach 2008\u201d organizeaz\u0103, \u00een perioada 27 \u2013 29 ianuarie 2017, o nou\u0103 edi\u0163ie a \u201eExpozi\u0163iei Columbofile\u201d. Deschiderea acestei expozi\u0163ii va avea loc vineri, 27 ianuarie, la ora 12.00, loca\u0163ia fiind sala de &hellip;<\/p>\n","protected":false},"author":17,"featured_media":39119,"comment_status":"open","ping_status":"open","sticky":false,"template":"","format":"standard","meta":{"inline_featured_image":false,"footnotes":""},"categories":[4],"tags":[307,9663,9662,9661,1223,308,76],"class_list":["post-39118","post","type-post","status-publish","format-standard","has-post-thumbnail","hentry","category-eveniment","tag-alba","tag-colegiul-national-lucian-blaga","tag-expozitie-columbofila","tag-sala-de-festivitati","tag-sebes","tag-stiri","tag-urbea-mea"],"yoast_head":"<!-- This site is optimized with the Yoast SEO plugin v28.3 - https:\/\/yoast.com\/product\/yoast-seo-wordpress\/ -->\n<title>27-29 ianuarie: Expozi\u0163ie columbofil\u0103, \u00een sala de festivit\u0103\u0163i a Colegiului Na\u0163ional &quot;Lucian Blaga&quot;, din Sebe\u015f - Revista Urbea Mea - Revista de Alba<\/title>\n<meta name=\"description\" content=\"Prim\u0103ria Municipiului Sebe\u015f, \u00een parteneriat cu Centrul Cultural \u201eLucian Blaga\u201d \u015fi Asocia\u0163ia cresc\u0103torilor de porumbei voiajori, de ornament, p\u0103s\u0103ri \u015fi\" \/>\n<meta name=\"robots\" content=\"index, follow, max-snippet:-1, max-image-preview:large, max-video-preview:-1\" \/>\n<link rel=\"canonical\" href=\"https:\/\/urbeamea.ro\/albaiulia\/27-29-ianuarie-expozitoe-columbofila-in-sala-de-festivitati-a-colegiului-national-lucian-blaga-din-sebes\/\" \/>\n<meta name=\"twitter:card\" content=\"summary_large_image\" \/>\n<meta name=\"twitter:title\" content=\"27-29 ianuarie: Expozi\u0163ie columbofil\u0103, \u00een sala de festivit\u0103\u0163i a Colegiului Na\u0163ional &quot;Lucian Blaga&quot;, din Sebe\u015f - Revista Urbea Mea - Revista de Alba\" \/>\n<meta name=\"twitter:description\" content=\"Prim\u0103ria Municipiului Sebe\u015f, \u00een parteneriat cu Centrul Cultural \u201eLucian Blaga\u201d \u015fi Asocia\u0163ia cresc\u0103torilor de porumbei voiajori, de ornament, p\u0103s\u0103ri \u015fi\" \/>\n<meta name=\"twitter:image\" content=\"https:\/\/urbeamea.ro\/albaiulia\/wp-content\/uploads\/2017\/01\/Afis-expo-COLUMBOFILA-ian-2017.jpg\" \/>\n<meta name=\"twitter:creator\" content=\"@urbeameaweb\" \/>\n<meta name=\"twitter:site\" content=\"@urbeameaweb\" \/>\n<script type=\"application\/ld+json\" class=\"yoast-schema-graph\">{\"@context\":\"https:\\\/\\\/schema.org\",\"@graph\":[{\"@type\":\"Article\",\"@id\":\"https:\\\/\\\/urbeamea.ro\\\/albaiulia\\\/27-29-ianuarie-expozitoe-columbofila-in-sala-de-festivitati-a-colegiului-national-lucian-blaga-din-sebes\\\/#article\",\"isPartOf\":{\"@id\":\"https:\\\/\\\/urbeamea.ro\\\/albaiulia\\\/27-29-ianuarie-expozitoe-columbofila-in-sala-de-festivitati-a-colegiului-national-lucian-blaga-din-sebes\\\/\"},\"author\":{\"name\":\"Cristina Ganga\",\"@id\":\"https:\\\/\\\/urbeamea.ro\\\/albaiulia\\\/#\\\/schema\\\/person\\\/9700d21fae21c4f038b0b56f4506264a\"},\"headline\":\"27-29 ianuarie: Expozi\u0163ie columbofil\u0103, \u00een sala de festivit\u0103\u0163i a Colegiului Na\u0163ional &#8222;Lucian Blaga&#8221;, din Sebe\u015f\",\"datePublished\":\"2017-01-26T08:35:49+00:00\",\"dateModified\":\"2017-01-26T09:46:28+00:00\",\"mainEntityOfPage\":{\"@id\":\"https:\\\/\\\/urbeamea.ro\\\/albaiulia\\\/27-29-ianuarie-expozitoe-columbofila-in-sala-de-festivitati-a-colegiului-national-lucian-blaga-din-sebes\\\/\"},\"wordCount\":120,\"commentCount\":0,\"image\":{\"@id\":\"https:\\\/\\\/urbeamea.ro\\\/albaiulia\\\/27-29-ianuarie-expozitoe-columbofila-in-sala-de-festivitati-a-colegiului-national-lucian-blaga-din-sebes\\\/#primaryimage\"},\"thumbnailUrl\":\"https:\\\/\\\/urbeamea.ro\\\/albaiulia\\\/wp-content\\\/uploads\\\/2017\\\/01\\\/Afis-expo-COLUMBOFILA-ian-2017.jpg\",\"keywords\":[\"alba\",\"colegiul national lucian blaga\",\"expozitie columbofila\",\"sala de festivitati\",\"sebes\",\"stiri\",\"Urbea Mea\"],\"articleSection\":[\"Evenimente\"],\"inLanguage\":\"ro-RO\",\"potentialAction\":[{\"@type\":\"CommentAction\",\"name\":\"Comment\",\"target\":[\"https:\\\/\\\/urbeamea.ro\\\/albaiulia\\\/27-29-ianuarie-expozitoe-columbofila-in-sala-de-festivitati-a-colegiului-national-lucian-blaga-din-sebes\\\/#respond\"]}]},{\"@type\":\"WebPage\",\"@id\":\"https:\\\/\\\/urbeamea.ro\\\/albaiulia\\\/27-29-ianuarie-expozitoe-columbofila-in-sala-de-festivitati-a-colegiului-national-lucian-blaga-din-sebes\\\/\",\"url\":\"https:\\\/\\\/urbeamea.ro\\\/albaiulia\\\/27-29-ianuarie-expozitoe-columbofila-in-sala-de-festivitati-a-colegiului-national-lucian-blaga-din-sebes\\\/\",\"name\":\"27-29 ianuarie: Expozi\u0163ie columbofil\u0103, \u00een sala de festivit\u0103\u0163i a Colegiului Na\u0163ional \\\"Lucian Blaga\\\", din Sebe\u015f - Revista Urbea Mea - Revista de Alba\",\"isPartOf\":{\"@id\":\"https:\\\/\\\/urbeamea.ro\\\/albaiulia\\\/#website\"},\"primaryImageOfPage\":{\"@id\":\"https:\\\/\\\/urbeamea.ro\\\/albaiulia\\\/27-29-ianuarie-expozitoe-columbofila-in-sala-de-festivitati-a-colegiului-national-lucian-blaga-din-sebes\\\/#primaryimage\"},\"image\":{\"@id\":\"https:\\\/\\\/urbeamea.ro\\\/albaiulia\\\/27-29-ianuarie-expozitoe-columbofila-in-sala-de-festivitati-a-colegiului-national-lucian-blaga-din-sebes\\\/#primaryimage\"},\"thumbnailUrl\":\"https:\\\/\\\/urbeamea.ro\\\/albaiulia\\\/wp-content\\\/uploads\\\/2017\\\/01\\\/Afis-expo-COLUMBOFILA-ian-2017.jpg\",\"datePublished\":\"2017-01-26T08:35:49+00:00\",\"dateModified\":\"2017-01-26T09:46:28+00:00\",\"author\":{\"@id\":\"https:\\\/\\\/urbeamea.ro\\\/albaiulia\\\/#\\\/schema\\\/person\\\/9700d21fae21c4f038b0b56f4506264a\"},\"description\":\"Prim\u0103ria Municipiului Sebe\u015f, \u00een parteneriat cu Centrul Cultural \u201eLucian Blaga\u201d \u015fi Asocia\u0163ia cresc\u0103torilor de porumbei voiajori, de ornament, p\u0103s\u0103ri \u015fi\",\"breadcrumb\":{\"@id\":\"https:\\\/\\\/urbeamea.ro\\\/albaiulia\\\/27-29-ianuarie-expozitoe-columbofila-in-sala-de-festivitati-a-colegiului-national-lucian-blaga-din-sebes\\\/#breadcrumb\"},\"inLanguage\":\"ro-RO\",\"potentialAction\":[{\"@type\":\"ReadAction\",\"target\":[\"https:\\\/\\\/urbeamea.ro\\\/albaiulia\\\/27-29-ianuarie-expozitoe-columbofila-in-sala-de-festivitati-a-colegiului-national-lucian-blaga-din-sebes\\\/\"]}]},{\"@type\":\"ImageObject\",\"inLanguage\":\"ro-RO\",\"@id\":\"https:\\\/\\\/urbeamea.ro\\\/albaiulia\\\/27-29-ianuarie-expozitoe-columbofila-in-sala-de-festivitati-a-colegiului-national-lucian-blaga-din-sebes\\\/#primaryimage\",\"url\":\"https:\\\/\\\/urbeamea.ro\\\/albaiulia\\\/wp-content\\\/uploads\\\/2017\\\/01\\\/Afis-expo-COLUMBOFILA-ian-2017.jpg\",\"contentUrl\":\"https:\\\/\\\/urbeamea.ro\\\/albaiulia\\\/wp-content\\\/uploads\\\/2017\\\/01\\\/Afis-expo-COLUMBOFILA-ian-2017.jpg\",\"width\":905,\"height\":1280},{\"@type\":\"BreadcrumbList\",\"@id\":\"https:\\\/\\\/urbeamea.ro\\\/albaiulia\\\/27-29-ianuarie-expozitoe-columbofila-in-sala-de-festivitati-a-colegiului-national-lucian-blaga-din-sebes\\\/#breadcrumb\",\"itemListElement\":[{\"@type\":\"ListItem\",\"position\":1,\"name\":\"Prima pagin\u0103\",\"item\":\"https:\\\/\\\/urbeamea.ro\\\/albaiulia\\\/\"},{\"@type\":\"ListItem\",\"position\":2,\"name\":\"27-29 ianuarie: Expozi\u0163ie columbofil\u0103, \u00een sala de festivit\u0103\u0163i a Colegiului Na\u0163ional &#8222;Lucian Blaga&#8221;, din Sebe\u015f\"}]},{\"@type\":\"WebSite\",\"@id\":\"https:\\\/\\\/urbeamea.ro\\\/albaiulia\\\/#website\",\"url\":\"https:\\\/\\\/urbeamea.ro\\\/albaiulia\\\/\",\"name\":\"Revista Urbea Mea, Stiri urbane\",\"description\":\"Evenimente \u0219i \u0219tiri din Alba Iulia, Sebe\u0219, Aiud, Blaj\",\"potentialAction\":[{\"@type\":\"SearchAction\",\"target\":{\"@type\":\"EntryPoint\",\"urlTemplate\":\"https:\\\/\\\/urbeamea.ro\\\/albaiulia\\\/?s={search_term_string}\"},\"query-input\":{\"@type\":\"PropertyValueSpecification\",\"valueRequired\":true,\"valueName\":\"search_term_string\"}}],\"inLanguage\":\"ro-RO\"},{\"@type\":\"Person\",\"@id\":\"https:\\\/\\\/urbeamea.ro\\\/albaiulia\\\/#\\\/schema\\\/person\\\/9700d21fae21c4f038b0b56f4506264a\",\"name\":\"Cristina Ganga\",\"image\":{\"@type\":\"ImageObject\",\"inLanguage\":\"ro-RO\",\"@id\":\"https:\\\/\\\/secure.gravatar.com\\\/avatar\\\/5a67661041f057b4a8ccaf26f5a8e86e2689372006d01faf3dd9eeb10b654bb4?s=96&d=mm&r=g\",\"url\":\"https:\\\/\\\/secure.gravatar.com\\\/avatar\\\/5a67661041f057b4a8ccaf26f5a8e86e2689372006d01faf3dd9eeb10b654bb4?s=96&d=mm&r=g\",\"contentUrl\":\"https:\\\/\\\/secure.gravatar.com\\\/avatar\\\/5a67661041f057b4a8ccaf26f5a8e86e2689372006d01faf3dd9eeb10b654bb4?s=96&d=mm&r=g\",\"caption\":\"Cristina Ganga\"},\"description\":\"Jurnalist\",\"sameAs\":[\"https:\\\/\\\/www.facebook.com\\\/cristina.nicola.587\"],\"url\":\"https:\\\/\\\/urbeamea.ro\\\/albaiulia\\\/author\\\/cristina-nicola\\\/\"}]}<\/script>\n<!-- \/ Yoast SEO plugin. -->","yoast_head_json":{"title":"27-29 ianuarie: Expozi\u0163ie columbofil\u0103, \u00een sala de festivit\u0103\u0163i a Colegiului Na\u0163ional \"Lucian Blaga\", din Sebe\u015f - Revista Urbea Mea - Revista de Alba","description":"Prim\u0103ria Municipiului Sebe\u015f, \u00een parteneriat cu Centrul Cultural \u201eLucian Blaga\u201d \u015fi Asocia\u0163ia cresc\u0103torilor de porumbei voiajori, de ornament, p\u0103s\u0103ri \u015fi","robots":{"index":"index","follow":"follow","max-snippet":"max-snippet:-1","max-image-preview":"max-image-preview:large","max-video-preview":"max-video-preview:-1"},"canonical":"https:\/\/urbeamea.ro\/albaiulia\/27-29-ianuarie-expozitoe-columbofila-in-sala-de-festivitati-a-colegiului-national-lucian-blaga-din-sebes\/","twitter_card":"summary_large_image","twitter_title":"27-29 ianuarie: Expozi\u0163ie columbofil\u0103, \u00een sala de festivit\u0103\u0163i a Colegiului Na\u0163ional \"Lucian Blaga\", din Sebe\u015f - Revista Urbea Mea - Revista de Alba","twitter_description":"Prim\u0103ria Municipiului Sebe\u015f, \u00een parteneriat cu Centrul Cultural \u201eLucian Blaga\u201d \u015fi Asocia\u0163ia cresc\u0103torilor de porumbei voiajori, de ornament, p\u0103s\u0103ri \u015fi","twitter_image":"https:\/\/urbeamea.ro\/albaiulia\/wp-content\/uploads\/2017\/01\/Afis-expo-COLUMBOFILA-ian-2017.jpg","twitter_creator":"@urbeameaweb","twitter_site":"@urbeameaweb","schema":{"@context":"https:\/\/schema.org","@graph":[{"@type":"Article","@id":"https:\/\/urbeamea.ro\/albaiulia\/27-29-ianuarie-expozitoe-columbofila-in-sala-de-festivitati-a-colegiului-national-lucian-blaga-din-sebes\/#article","isPartOf":{"@id":"https:\/\/urbeamea.ro\/albaiulia\/27-29-ianuarie-expozitoe-columbofila-in-sala-de-festivitati-a-colegiului-national-lucian-blaga-din-sebes\/"},"author":{"name":"Cristina Ganga","@id":"https:\/\/urbeamea.ro\/albaiulia\/#\/schema\/person\/9700d21fae21c4f038b0b56f4506264a"},"headline":"27-29 ianuarie: Expozi\u0163ie columbofil\u0103, \u00een sala de festivit\u0103\u0163i a Colegiului Na\u0163ional &#8222;Lucian Blaga&#8221;, din Sebe\u015f","datePublished":"2017-01-26T08:35:49+00:00","dateModified":"2017-01-26T09:46:28+00:00","mainEntityOfPage":{"@id":"https:\/\/urbeamea.ro\/albaiulia\/27-29-ianuarie-expozitoe-columbofila-in-sala-de-festivitati-a-colegiului-national-lucian-blaga-din-sebes\/"},"wordCount":120,"commentCount":0,"image":{"@id":"https:\/\/urbeamea.ro\/albaiulia\/27-29-ianuarie-expozitoe-columbofila-in-sala-de-festivitati-a-colegiului-national-lucian-blaga-din-sebes\/#primaryimage"},"thumbnailUrl":"https:\/\/urbeamea.ro\/albaiulia\/wp-content\/uploads\/2017\/01\/Afis-expo-COLUMBOFILA-ian-2017.jpg","keywords":["alba","colegiul national lucian blaga","expozitie columbofila","sala de festivitati","sebes","stiri","Urbea Mea"],"articleSection":["Evenimente"],"inLanguage":"ro-RO","potentialAction":[{"@type":"CommentAction","name":"Comment","target":["https:\/\/urbeamea.ro\/albaiulia\/27-29-ianuarie-expozitoe-columbofila-in-sala-de-festivitati-a-colegiului-national-lucian-blaga-din-sebes\/#respond"]}]},{"@type":"WebPage","@id":"https:\/\/urbeamea.ro\/albaiulia\/27-29-ianuarie-expozitoe-columbofila-in-sala-de-festivitati-a-colegiului-national-lucian-blaga-din-sebes\/","url":"https:\/\/urbeamea.ro\/albaiulia\/27-29-ianuarie-expozitoe-columbofila-in-sala-de-festivitati-a-colegiului-national-lucian-blaga-din-sebes\/","name":"27-29 ianuarie: Expozi\u0163ie columbofil\u0103, \u00een sala de festivit\u0103\u0163i a Colegiului Na\u0163ional \"Lucian Blaga\", din Sebe\u015f - Revista Urbea Mea - Revista de Alba","isPartOf":{"@id":"https:\/\/urbeamea.ro\/albaiulia\/#website"},"primaryImageOfPage":{"@id":"https:\/\/urbeamea.ro\/albaiulia\/27-29-ianuarie-expozitoe-columbofila-in-sala-de-festivitati-a-colegiului-national-lucian-blaga-din-sebes\/#primaryimage"},"image":{"@id":"https:\/\/urbeamea.ro\/albaiulia\/27-29-ianuarie-expozitoe-columbofila-in-sala-de-festivitati-a-colegiului-national-lucian-blaga-din-sebes\/#primaryimage"},"thumbnailUrl":"https:\/\/urbeamea.ro\/albaiulia\/wp-content\/uploads\/2017\/01\/Afis-expo-COLUMBOFILA-ian-2017.jpg","datePublished":"2017-01-26T08:35:49+00:00","dateModified":"2017-01-26T09:46:28+00:00","author":{"@id":"https:\/\/urbeamea.ro\/albaiulia\/#\/schema\/person\/9700d21fae21c4f038b0b56f4506264a"},"description":"Prim\u0103ria Municipiului Sebe\u015f, \u00een parteneriat cu Centrul Cultural \u201eLucian Blaga\u201d \u015fi Asocia\u0163ia cresc\u0103torilor de porumbei voiajori, de ornament, p\u0103s\u0103ri \u015fi","breadcrumb":{"@id":"https:\/\/urbeamea.ro\/albaiulia\/27-29-ianuarie-expozitoe-columbofila-in-sala-de-festivitati-a-colegiului-national-lucian-blaga-din-sebes\/#breadcrumb"},"inLanguage":"ro-RO","potentialAction":[{"@type":"ReadAction","target":["https:\/\/urbeamea.ro\/albaiulia\/27-29-ianuarie-expozitoe-columbofila-in-sala-de-festivitati-a-colegiului-national-lucian-blaga-din-sebes\/"]}]},{"@type":"ImageObject","inLanguage":"ro-RO","@id":"https:\/\/urbeamea.ro\/albaiulia\/27-29-ianuarie-expozitoe-columbofila-in-sala-de-festivitati-a-colegiului-national-lucian-blaga-din-sebes\/#primaryimage","url":"https:\/\/urbeamea.ro\/albaiulia\/wp-content\/uploads\/2017\/01\/Afis-expo-COLUMBOFILA-ian-2017.jpg","contentUrl":"https:\/\/urbeamea.ro\/albaiulia\/wp-content\/uploads\/2017\/01\/Afis-expo-COLUMBOFILA-ian-2017.jpg","width":905,"height":1280},{"@type":"BreadcrumbList","@id":"https:\/\/urbeamea.ro\/albaiulia\/27-29-ianuarie-expozitoe-columbofila-in-sala-de-festivitati-a-colegiului-national-lucian-blaga-din-sebes\/#breadcrumb","itemListElement":[{"@type":"ListItem","position":1,"name":"Prima pagin\u0103","item":"https:\/\/urbeamea.ro\/albaiulia\/"},{"@type":"ListItem","position":2,"name":"27-29 ianuarie: Expozi\u0163ie columbofil\u0103, \u00een sala de festivit\u0103\u0163i a Colegiului Na\u0163ional &#8222;Lucian Blaga&#8221;, din Sebe\u015f"}]},{"@type":"WebSite","@id":"https:\/\/urbeamea.ro\/albaiulia\/#website","url":"https:\/\/urbeamea.ro\/albaiulia\/","name":"Revista Urbea Mea, Stiri urbane","description":"Evenimente \u0219i \u0219tiri din Alba Iulia, Sebe\u0219, Aiud, Blaj","potentialAction":[{"@type":"SearchAction","target":{"@type":"EntryPoint","urlTemplate":"https:\/\/urbeamea.ro\/albaiulia\/?s={search_term_string}"},"query-input":{"@type":"PropertyValueSpecification","valueRequired":true,"valueName":"search_term_string"}}],"inLanguage":"ro-RO"},{"@type":"Person","@id":"https:\/\/urbeamea.ro\/albaiulia\/#\/schema\/person\/9700d21fae21c4f038b0b56f4506264a","name":"Cristina Ganga","image":{"@type":"ImageObject","inLanguage":"ro-RO","@id":"https:\/\/secure.gravatar.com\/avatar\/5a67661041f057b4a8ccaf26f5a8e86e2689372006d01faf3dd9eeb10b654bb4?s=96&d=mm&r=g","url":"https:\/\/secure.gravatar.com\/avatar\/5a67661041f057b4a8ccaf26f5a8e86e2689372006d01faf3dd9eeb10b654bb4?s=96&d=mm&r=g","contentUrl":"https:\/\/secure.gravatar.com\/avatar\/5a67661041f057b4a8ccaf26f5a8e86e2689372006d01faf3dd9eeb10b654bb4?s=96&d=mm&r=g","caption":"Cristina Ganga"},"description":"Jurnalist","sameAs":["https:\/\/www.facebook.com\/cristina.nicola.587"],"url":"https:\/\/urbeamea.ro\/albaiulia\/author\/cristina-nicola\/"}]}},"_links":{"self":[{"href":"https:\/\/urbeamea.ro\/albaiulia\/wp-json\/wp\/v2\/posts\/39118","targetHints":{"allow":["GET"]}}],"collection":[{"href":"https:\/\/urbeamea.ro\/albaiulia\/wp-json\/wp\/v2\/posts"}],"about":[{"href":"https:\/\/urbeamea.ro\/albaiulia\/wp-json\/wp\/v2\/types\/post"}],"author":[{"embeddable":true,"href":"https:\/\/urbeamea.ro\/albaiulia\/wp-json\/wp\/v2\/users\/17"}],"replies":[{"embeddable":true,"href":"https:\/\/urbeamea.ro\/albaiulia\/wp-json\/wp\/v2\/comments?post=39118"}],"version-history":[{"count":0,"href":"https:\/\/urbeamea.ro\/albaiulia\/wp-json\/wp\/v2\/posts\/39118\/revisions"}],"wp:featuredmedia":[{"embeddable":true,"href":"https:\/\/urbeamea.ro\/albaiulia\/wp-json\/wp\/v2\/media\/39119"}],"wp:attachment":[{"href":"https:\/\/urbeamea.ro\/albaiulia\/wp-json\/wp\/v2\/media?parent=39118"}],"wp:term":[{"taxonomy":"category","embeddable":true,"href":"https:\/\/urbeamea.ro\/albaiulia\/wp-json\/wp\/v2\/categories?post=39118"},{"taxonomy":"post_tag","embeddable":true,"href":"https:\/\/urbeamea.ro\/albaiulia\/wp-json\/wp\/v2\/tags?post=39118"}],"curies":[{"name":"wp","href":"https:\/\/api.w.org\/{rel}","templated":true}]}}