{"id":39160,"date":"2017-01-26T19:13:32","date_gmt":"2017-01-26T17:13:32","guid":{"rendered":"http:\/\/urbeamea.ro\/albaiulia\/?p=39160"},"modified":"2017-01-26T19:13:32","modified_gmt":"2017-01-26T17:13:32","slug":"adr-centru-seminar-de-lansare-regionala-a-domeniului-de-finantarepentru-infrastructura-sociala-dedicata-varstnicilor","status":"publish","type":"post","link":"https:\/\/urbeamea.ro\/albaiulia\/adr-centru-seminar-de-lansare-regionala-a-domeniului-de-finantarepentru-infrastructura-sociala-dedicata-varstnicilor\/","title":{"rendered":"ADR Centru: Seminar de lansare regional\u0103 a domeniului de finan\u0163arepentru infrastructura social\u0103 dedicat\u0103 v\u00e2rstnicilor"},"content":{"rendered":"<p><strong>Agen\u0163ia pentru Dezvoltare Regional\u0103 Centru a lansat joi, 26 ianuarie 2017, la nivel regional, apelul de proiecte pentru finan\u021barea infrastructurii sociale destinate v\u00e2rstnicilor. Acest eveniment a avut rolul de a informa poten\u0163ialii beneficiari ai apelului de proiecte destinat grupului vulnerabil persoane v\u00e2rstnice, despre noile posibilit\u0103\u021bi de investi\u021bii \u00een domeniu. Fondurile disponibile pe acest apel de proiecte la nivel regional sunt de 3,7 milioane euro.<\/strong><\/p>\n<p>Apelul de proiecte din cadrul Priorit\u0103\u021bii de Investi\u021bii 8.1, Obiectivul Specific 8.3 \u201e<em>Cre\u015fterea gradului de acoperire cu servicii sociale-persoane v\u00e2rstnice<\/em>\u201d, a fost lansat \u00een data de 27.12.2016, depunerea de proiecte fiind posibil\u0103 timp de 6 luni, \u00eencep\u00e2nd din \u00a028.02.2017, ora 12:00, p\u00e2n\u0103 \u00een 29.08.2017, ora 12,00. Cererile de finan\u021bare se vor depune exclusiv prin aplica\u021bia electronic\u0103 MySMIS, disponibil\u0103 la adresa web <a href=\"http:\/\/www.fonduri-ue.ro\/mysmis\">http:\/\/www.fonduri-ue.ro\/mysmis<\/a>. Prin aceste proiecte se pot finan\u021ba centrele sociale f\u0103r\u0103 component\u0103 reziden\u0163ial\u0103 destinate persoanelor v\u00e2rstnice (respectiv acele persoane care au peste 65 ani), dar \u0219i centrele de zi, unit\u0103\u0163ile de \u00eengrijire la domiciliu \u0219i cantinele sociale. \u00cen acest sens, se finan\u021beaz\u0103 at\u00e2t reabilitarea\/ modernizarea\/ extinderea\/ dotarea infrastructurii centrelor sociale f\u0103r\u0103 component\u0103 reziden\u0163ial\u0103 existente c\u00e2t \u0219i a cl\u0103dirilor \u00een care se \u00eenfiin\u0163eaz\u0103 noi centre sociale f\u0103r\u0103 component\u0103 reziden\u0163ial\u0103.<\/p>\n<p>Peste 70 de persoane au participat la aceast\u0103 reuniune de lucru organizat\u0103 de ADR Centru, pentru informarea poten\u0163ialii beneficiari ai acestei Priorit\u0103\u021bi de Investi\u021bii de la nivelul Regiunii Centru, \u00een vederea acces\u0103rii cu succes a fondurilor disponibile. \u00cen cadrul \u00eent\u00e2lnirii, s-au discutat condi\u021biile specifice de eligibilitate \u0219i a aspecte privind depunerea proiectelor. Seminarul de informare a inclus \u0219i o prezentare general\u0103 a Programului Opera\u021bional Regional 2014-2020, precum \u0219i o prezentare a aplica\u021biei MySMIS. Rata de cofinan\u021bare pentru un proiect este de minim 2% din totalul valorii eligibile a proiectului.<\/p>\n<p><em>\u201dAcest domeniu este foarte important pentru acea component\u0103 a societ\u0103\u021bii care se ocup\u0103 de problemele persoanelor de v\u00e2rsta a III-a. \u00cen perioada precedent\u0103 de finan\u021bare, 2007-2013, domeniul social, care a grupat investi\u021biile \u00een infrastructura pentru v\u00e2rstnici, dar \u0219i \u00een structurile destinate persoanelor cu dizabilit\u0103\u021bi sau pentru copiii \u0219i tinerii defavoriza\u021bi au fost foarte importante pentru comunit\u0103\u021bile locale. Am sus\u021binut la nivel regional investi\u021bii totale de aproape 16 milioane euro, prin 24 de proiecte, care au dus la modernizarea \u0219i dezvoltarea a 34 de centre sociale, care ofer\u0103 acum servicii pentru aproape 5000 de persoane \u00een \u00eentreaga regiune. Aceste premise, precum \u0219i aten\u021bia de care s-a bucurat seminarul de azi, ne \u00eendrept\u0103\u021besc s\u0103 credem c\u0103 \u0219i \u00een aceast\u0103 perioad\u0103 de finan\u021bare se vor atrage integral resursele europene pe care le gestion\u0103m, \u00een folosul cet\u0103\u021benilor Regiunii\u201d<\/em>, a declarat domnul Simion Cre\u021bu, director general ADR Centru.<\/p>\n<p><strong><em>Informa\u021bii utile pentru poten\u021bialii solicitan\u021bi de fonduri pe Prioritatea de Investi\u021bii 8.1\/8.3<\/em><\/strong><\/p>\n<p>Bugetul acestui apel de proiecte este alocat din POR 2014-2020, Prioritatea de Investi\u021bii 8.1 \u201e<em>Investi\u0163iile \u00een infrastructurile sanitare \u015fi sociale care contribuie la dezvoltarea la nivel na\u0163ional, regional \u015fi local, reduc\u00e2nd inegalit\u0103\u0163ile \u00een ceea ce prive\u015fte starea de s\u0103n\u0103tate \u015fi promov\u00e2nd incluziunea social\u0103 prin \u00eembun\u0103t\u0103\u0163irea accesului la serviciile sociale, culturale \u0219i de recreare, precum \u0219i trecerea de la serviciile institu\u021bionale la serviciile prestate de colectivit\u0103\u021bile locale<\/em>\u201d, prin Obiectivul Specific 8.3 \u201e<em>Cre\u015fterea gradului de acoperire cu servicii sociale-persoane v\u00e2rstnice<\/em>\u201d.<\/p>\n<p>Acest apel de proiecte este unul competitiv, cu depunere la termen. Perioada de depunere a proiectelor poate fi redus\u0103 \u00een cazul \u00een care bugetul apelului este consumat mai devreme. Solicitan\u021bii de finan\u021bare pot fi: Unit\u0103\u0163i administrativ-teritoriale, dar \u0219i alte entit\u0103\u0163i de drept public; Entit\u0103\u021bi de drept privat, respectiv asocia\u0163ii \u015fi funda\u0163ii, unit\u0103\u0163i de cult\/ structuri ale cultelor apar\u0163in\u00e2nd cultelor religioase recunoscute \u00een Rom\u00e2nia; Parteneriate \u00eentre oricare dintre entit\u0103\u021bile men\u021bionate mai sus. Este important ca solicitantul de finan\u0163are, sau unul dintre parteneri, s\u0103 fie furnizor de servicii sociale acreditat \u00een condi\u0163iile legisla\u0163iei na\u0163ionale aplicabile \u00een vigoare \u015fi s\u0103 aib\u0103 o vechime de cel pu\u0163in un an de la \u00eenfiin\u0163are, la data depunerii cererii de finan\u0163are.<\/p>\n<p>Valorile minime \u0219i maxime ale proiectelor difer\u0103, \u00een func\u021bie de tipul investi\u021biei. Pentru unit\u0103\u021bi de \u00eengrijire la domiciliu,valoarea eligibil\u0103 trebuie s\u0103 fie cuprins\u0103 \u00eentre 50.000 euro \u0219i 150.000 euro cu TVA. Pentru centre de zi, valoarea eligibil\u0103 trebuie s\u0103 fie cuprins\u0103 \u00eentre 100 000 euro \u0219i 500 000 euro cu TVA. Pentru cantine sociale, valoarea eligibil\u0103 trebuie s\u0103 fie cuprins\u0103 \u00eentre 100 000 euro \u0219i 500 000 euro cu TVA. Pentru centre de zi \u0219i unit\u0103\u021bi de \u00eengrijire la domiciliu \u00een acela\u0219i proiect, valoarea eligibil\u0103 trebuie s\u0103 fie cuprins\u0103 \u00eentre 100 000 euro \u0219i 700 000 euro cu TVA. Pentru cantin\u0103 social\u0103 \u0219i unitate de \u00eengrijire la domiciliu \u00een acela\u0219i proiect, valoarea eligibil\u0103 trebuie s\u0103 fie cuprins\u0103 \u00eentre 100 000 euro \u0219i 700 000 euro cu TVA.\u00a0 Pentru centru de zi \u0219i cantin\u0103 social\u0103 \u00een acela\u0219i proiect, valoarea eligibil\u0103 trebuie s\u0103 fie cuprins\u0103 \u00eentre 100 000 euro \u0219i 900 000 euro cu TVA.\u00a0 Pentru centru de zi, cantin\u0103 social\u0103 \u0219i unitate de \u00eengrijire la domiciliu \u00een acela\u0219i proiect, valoarea eligibil\u0103 va fi cuprins\u0103 \u00eentre 100 000 euro \u0219i 950 000 euro cu TVA.<\/p>\n<p>Apelul POR 8\/8.1\/8.3\/A\/1 este complementar apelului \u201dBunicii Comunit\u0103\u021bii &#8211; Servicii sociale \u0219i socio-medicale pentru v\u00e2rstnici\u201d, lansat spre consultare \u00een 9 decembrie 2016, \u00een cadrul Programului Opera\u021bional Capital Uman 2014-2020, la Axa Prioritar\u0103 4\/ Prioritatea de investi\u021bii 9.II\/ Obiectiv specific 4.4. Solicitantul de finan\u0163are prin POR 2014-2020 poate prezenta \u00een cererea de finan\u021bare, sec\u021biunea Justificare, precum \u0219i printr-o fi\u0219\u0103 de proiect, inten\u021bia de a depune un proiect pe Programul Opera\u021bional Capital Uman, \u00een vederea asigur\u0103rii resursei umane ce va acorda serviciile sociale \u00een infrastructura care r\u0103spunde obiectului proiectului.<\/p>\n<div id='gallery-1' class='gallery galleryid-39160 gallery-columns-3 gallery-size-thumbnail'><figure class='gallery-item'>\n\t\t\t<div class='gallery-icon landscape'>\n\t\t\t\t<a href='https:\/\/urbeamea.ro\/albaiulia\/wp-content\/uploads\/2017\/01\/8-1_V_1.jpg'><img decoding=\"async\" width=\"150\" height=\"118\" src=\"data:image\/png;base64,iVBORw0KGgoAAAANSUhEUgAAAYYAAADcAQMAAABOLJSDAAAAA1BMVEUAAACnej3aAAAAAXRSTlMAQObYZgAAACJJREFUaIHtwTEBAAAAwqD1T20ND6AAAAAAAAAAAAAA4N8AKvgAAUFIrrEAAAAASUVORK5CYII=\" class=\"attachment-thumbnail size-thumbnail lazy-img\" alt=\"\" srcset=\"https:\/\/urbeamea.ro\/albaiulia\/wp-content\/uploads\/2017\/01\/8-1_V_1-150x118.jpg 150w, https:\/\/urbeamea.ro\/albaiulia\/wp-content\/uploads\/2017\/01\/8-1_V_1-640x505.jpg 640w, https:\/\/urbeamea.ro\/albaiulia\/wp-content\/uploads\/2017\/01\/8-1_V_1-100x80.jpg 100w, https:\/\/urbeamea.ro\/albaiulia\/wp-content\/uploads\/2017\/01\/8-1_V_1.jpg 675w\" sizes=\"auto, (max-width: 150px) 100vw, 150px\" data-src=\"https:\/\/urbeamea.ro\/albaiulia\/wp-content\/uploads\/2017\/01\/8-1_V_1-150x118.jpg\" loading=\"lazy\" \/><\/a>\n\t\t\t<\/div><\/figure><figure class='gallery-item'>\n\t\t\t<div class='gallery-icon landscape'>\n\t\t\t\t<a href='https:\/\/urbeamea.ro\/albaiulia\/wp-content\/uploads\/2017\/01\/8-1_V_2.jpg'><img decoding=\"async\" width=\"150\" height=\"104\" src=\"data:image\/png;base64,iVBORw0KGgoAAAANSUhEUgAAAYYAAADcAQMAAABOLJSDAAAAA1BMVEUAAACnej3aAAAAAXRSTlMAQObYZgAAACJJREFUaIHtwTEBAAAAwqD1T20ND6AAAAAAAAAAAAAA4N8AKvgAAUFIrrEAAAAASUVORK5CYII=\" class=\"attachment-thumbnail size-thumbnail lazy-img\" alt=\"\" srcset=\"https:\/\/urbeamea.ro\/albaiulia\/wp-content\/uploads\/2017\/01\/8-1_V_2-150x104.jpg 150w, https:\/\/urbeamea.ro\/albaiulia\/wp-content\/uploads\/2017\/01\/8-1_V_2-640x444.jpg 640w, https:\/\/urbeamea.ro\/albaiulia\/wp-content\/uploads\/2017\/01\/8-1_V_2.jpg 656w, https:\/\/urbeamea.ro\/albaiulia\/wp-content\/uploads\/2017\/01\/8-1_V_2-560x390.jpg 560w\" sizes=\"auto, (max-width: 150px) 100vw, 150px\" data-src=\"https:\/\/urbeamea.ro\/albaiulia\/wp-content\/uploads\/2017\/01\/8-1_V_2-150x104.jpg\" loading=\"lazy\" \/><\/a>\n\t\t\t<\/div><\/figure><figure class='gallery-item'>\n\t\t\t<div class='gallery-icon landscape'>\n\t\t\t\t<a href='https:\/\/urbeamea.ro\/albaiulia\/wp-content\/uploads\/2017\/01\/8-1_V_3.jpg'><img decoding=\"async\" width=\"150\" height=\"96\" src=\"data:image\/png;base64,iVBORw0KGgoAAAANSUhEUgAAAYYAAADcAQMAAABOLJSDAAAAA1BMVEUAAACnej3aAAAAAXRSTlMAQObYZgAAACJJREFUaIHtwTEBAAAAwqD1T20ND6AAAAAAAAAAAAAA4N8AKvgAAUFIrrEAAAAASUVORK5CYII=\" class=\"attachment-thumbnail size-thumbnail lazy-img\" alt=\"\" srcset=\"https:\/\/urbeamea.ro\/albaiulia\/wp-content\/uploads\/2017\/01\/8-1_V_3-150x96.jpg 150w, https:\/\/urbeamea.ro\/albaiulia\/wp-content\/uploads\/2017\/01\/8-1_V_3-640x411.jpg 640w, https:\/\/urbeamea.ro\/albaiulia\/wp-content\/uploads\/2017\/01\/8-1_V_3.jpg 670w\" sizes=\"auto, (max-width: 150px) 100vw, 150px\" data-src=\"https:\/\/urbeamea.ro\/albaiulia\/wp-content\/uploads\/2017\/01\/8-1_V_3-150x96.jpg\" loading=\"lazy\" \/><\/a>\n\t\t\t<\/div><\/figure><figure class='gallery-item'>\n\t\t\t<div class='gallery-icon landscape'>\n\t\t\t\t<a href='https:\/\/urbeamea.ro\/albaiulia\/wp-content\/uploads\/2017\/01\/Foto-1-4.jpg'><img decoding=\"async\" width=\"150\" height=\"80\" src=\"data:image\/png;base64,iVBORw0KGgoAAAANSUhEUgAAAYYAAADcAQMAAABOLJSDAAAAA1BMVEUAAACnej3aAAAAAXRSTlMAQObYZgAAACJJREFUaIHtwTEBAAAAwqD1T20ND6AAAAAAAAAAAAAA4N8AKvgAAUFIrrEAAAAASUVORK5CYII=\" class=\"attachment-thumbnail size-thumbnail lazy-img\" alt=\"\" srcset=\"https:\/\/urbeamea.ro\/albaiulia\/wp-content\/uploads\/2017\/01\/Foto-1-4-150x80.jpg 150w, https:\/\/urbeamea.ro\/albaiulia\/wp-content\/uploads\/2017\/01\/Foto-1-4-640x342.jpg 640w, https:\/\/urbeamea.ro\/albaiulia\/wp-content\/uploads\/2017\/01\/Foto-1-4-768x410.jpg 768w, https:\/\/urbeamea.ro\/albaiulia\/wp-content\/uploads\/2017\/01\/Foto-1-4.jpg 1170w\" sizes=\"auto, (max-width: 150px) 100vw, 150px\" data-src=\"https:\/\/urbeamea.ro\/albaiulia\/wp-content\/uploads\/2017\/01\/Foto-1-4-150x80.jpg\" loading=\"lazy\" \/><\/a>\n\t\t\t<\/div><\/figure><figure class='gallery-item'>\n\t\t\t<div class='gallery-icon landscape'>\n\t\t\t\t<a href='https:\/\/urbeamea.ro\/albaiulia\/wp-content\/uploads\/2017\/01\/Foto-2-3.jpg'><img decoding=\"async\" width=\"150\" height=\"64\" src=\"data:image\/png;base64,iVBORw0KGgoAAAANSUhEUgAAAYYAAADcAQMAAABOLJSDAAAAA1BMVEUAAACnej3aAAAAAXRSTlMAQObYZgAAACJJREFUaIHtwTEBAAAAwqD1T20ND6AAAAAAAAAAAAAA4N8AKvgAAUFIrrEAAAAASUVORK5CYII=\" class=\"attachment-thumbnail size-thumbnail lazy-img\" alt=\"\" srcset=\"https:\/\/urbeamea.ro\/albaiulia\/wp-content\/uploads\/2017\/01\/Foto-2-3-150x64.jpg 150w, https:\/\/urbeamea.ro\/albaiulia\/wp-content\/uploads\/2017\/01\/Foto-2-3-640x271.jpg 640w, https:\/\/urbeamea.ro\/albaiulia\/wp-content\/uploads\/2017\/01\/Foto-2-3-768x325.jpg 768w, https:\/\/urbeamea.ro\/albaiulia\/wp-content\/uploads\/2017\/01\/Foto-2-3.jpg 1280w, https:\/\/urbeamea.ro\/albaiulia\/wp-content\/uploads\/2017\/01\/Foto-2-3-350x150.jpg 350w\" sizes=\"auto, (max-width: 150px) 100vw, 150px\" data-src=\"https:\/\/urbeamea.ro\/albaiulia\/wp-content\/uploads\/2017\/01\/Foto-2-3-150x64.jpg\" loading=\"lazy\" \/><\/a>\n\t\t\t<\/div><\/figure><figure class='gallery-item'>\n\t\t\t<div class='gallery-icon landscape'>\n\t\t\t\t<a href='https:\/\/urbeamea.ro\/albaiulia\/wp-content\/uploads\/2017\/01\/Foto-3-3.jpg'><img decoding=\"async\" width=\"150\" height=\"77\" src=\"data:image\/png;base64,iVBORw0KGgoAAAANSUhEUgAAAYYAAADcAQMAAABOLJSDAAAAA1BMVEUAAACnej3aAAAAAXRSTlMAQObYZgAAACJJREFUaIHtwTEBAAAAwqD1T20ND6AAAAAAAAAAAAAA4N8AKvgAAUFIrrEAAAAASUVORK5CYII=\" class=\"attachment-thumbnail size-thumbnail lazy-img\" alt=\"\" srcset=\"https:\/\/urbeamea.ro\/albaiulia\/wp-content\/uploads\/2017\/01\/Foto-3-3-150x77.jpg 150w, https:\/\/urbeamea.ro\/albaiulia\/wp-content\/uploads\/2017\/01\/Foto-3-3-640x328.jpg 640w, https:\/\/urbeamea.ro\/albaiulia\/wp-content\/uploads\/2017\/01\/Foto-3-3-768x393.jpg 768w, https:\/\/urbeamea.ro\/albaiulia\/wp-content\/uploads\/2017\/01\/Foto-3-3.jpg 1280w\" sizes=\"auto, (max-width: 150px) 100vw, 150px\" data-src=\"https:\/\/urbeamea.ro\/albaiulia\/wp-content\/uploads\/2017\/01\/Foto-3-3-150x77.jpg\" loading=\"lazy\" \/><\/a>\n\t\t\t<\/div><\/figure><figure class='gallery-item'>\n\t\t\t<div class='gallery-icon landscape'>\n\t\t\t\t<a href='https:\/\/urbeamea.ro\/albaiulia\/wp-content\/uploads\/2017\/01\/Foto-4-2.jpg'><img decoding=\"async\" width=\"150\" height=\"52\" src=\"data:image\/png;base64,iVBORw0KGgoAAAANSUhEUgAAAYYAAADcAQMAAABOLJSDAAAAA1BMVEUAAACnej3aAAAAAXRSTlMAQObYZgAAACJJREFUaIHtwTEBAAAAwqD1T20ND6AAAAAAAAAAAAAA4N8AKvgAAUFIrrEAAAAASUVORK5CYII=\" class=\"attachment-thumbnail size-thumbnail lazy-img\" alt=\"\" srcset=\"https:\/\/urbeamea.ro\/albaiulia\/wp-content\/uploads\/2017\/01\/Foto-4-2-150x52.jpg 150w, https:\/\/urbeamea.ro\/albaiulia\/wp-content\/uploads\/2017\/01\/Foto-4-2-640x222.jpg 640w, https:\/\/urbeamea.ro\/albaiulia\/wp-content\/uploads\/2017\/01\/Foto-4-2-768x266.jpg 768w, https:\/\/urbeamea.ro\/albaiulia\/wp-content\/uploads\/2017\/01\/Foto-4-2.jpg 1280w\" sizes=\"auto, (max-width: 150px) 100vw, 150px\" data-src=\"https:\/\/urbeamea.ro\/albaiulia\/wp-content\/uploads\/2017\/01\/Foto-4-2-150x52.jpg\" loading=\"lazy\" \/><\/a>\n\t\t\t<\/div><\/figure>\n\t\t<\/div>\n\n","protected":false},"excerpt":{"rendered":"<p>Agen\u0163ia pentru Dezvoltare Regional\u0103 Centru a lansat joi, 26 ianuarie 2017, la nivel regional, apelul de proiecte pentru finan\u021barea infrastructurii sociale destinate v\u00e2rstnicilor. Acest eveniment a avut rolul de a informa poten\u0163ialii beneficiari ai apelului de proiecte destinat grupului vulnerabil persoane v\u00e2rstnice, despre noile posibilit\u0103\u021bi de investi\u021bii \u00een domeniu. Fondurile disponibile pe acest apel de &hellip;<\/p>\n","protected":false},"author":17,"featured_media":39167,"comment_status":"open","ping_status":"open","sticky":false,"template":"","format":"standard","meta":{"inline_featured_image":false,"footnotes":""},"categories":[2034],"tags":[343,307,862,9685,4486,989,5743,308,76,7711],"class_list":["post-39160","post","type-post","status-publish","format-standard","has-post-thumbnail","hentry","category-social","tag-adr-centru","tag-alba","tag-beneficiari","tag-finantarea-infrastructurii-sociale","tag-fonduri-disponibile","tag-regiunea-centru","tag-seminar-de-informare","tag-stiri","tag-urbea-mea","tag-varstnici"],"yoast_head":"<!-- This site is optimized with the Yoast SEO plugin v28.3 - https:\/\/yoast.com\/product\/yoast-seo-wordpress\/ -->\n<title>ADR Centru: Seminar de lansare regional\u0103 a domeniului de finan\u0163arepentru infrastructura social\u0103 dedicat\u0103 v\u00e2rstnicilor - Revista Urbea Mea - Revista de Alba<\/title>\n<meta name=\"description\" content=\"Agen\u0163ia pentru Dezvoltare Regional\u0103 Centru a lansat joi, 26 ianuarie 2017, la nivel regional, apelul de proiecte pentru finan\u021barea infrastructurii sociale\" \/>\n<meta name=\"robots\" content=\"index, follow, max-snippet:-1, max-image-preview:large, max-video-preview:-1\" \/>\n<link rel=\"canonical\" href=\"https:\/\/urbeamea.ro\/albaiulia\/adr-centru-seminar-de-lansare-regionala-a-domeniului-de-finantarepentru-infrastructura-sociala-dedicata-varstnicilor\/\" \/>\n<meta name=\"twitter:card\" content=\"summary_large_image\" \/>\n<meta name=\"twitter:title\" content=\"ADR Centru: Seminar de lansare regional\u0103 a domeniului de finan\u0163arepentru infrastructura social\u0103 dedicat\u0103 v\u00e2rstnicilor - Revista Urbea Mea - Revista de Alba\" \/>\n<meta name=\"twitter:description\" content=\"Agen\u0163ia pentru Dezvoltare Regional\u0103 Centru a lansat joi, 26 ianuarie 2017, la nivel regional, apelul de proiecte pentru finan\u021barea infrastructurii sociale\" \/>\n<meta name=\"twitter:image\" content=\"https:\/\/urbeamea.ro\/albaiulia\/wp-content\/uploads\/2017\/01\/Foto-4-2.jpg\" \/>\n<meta name=\"twitter:creator\" content=\"@urbeameaweb\" \/>\n<meta name=\"twitter:site\" content=\"@urbeameaweb\" \/>\n<script type=\"application\/ld+json\" class=\"yoast-schema-graph\">{\"@context\":\"https:\\\/\\\/schema.org\",\"@graph\":[{\"@type\":\"Article\",\"@id\":\"https:\\\/\\\/urbeamea.ro\\\/albaiulia\\\/adr-centru-seminar-de-lansare-regionala-a-domeniului-de-finantarepentru-infrastructura-sociala-dedicata-varstnicilor\\\/#article\",\"isPartOf\":{\"@id\":\"https:\\\/\\\/urbeamea.ro\\\/albaiulia\\\/adr-centru-seminar-de-lansare-regionala-a-domeniului-de-finantarepentru-infrastructura-sociala-dedicata-varstnicilor\\\/\"},\"author\":{\"name\":\"Cristina Ganga\",\"@id\":\"https:\\\/\\\/urbeamea.ro\\\/albaiulia\\\/#\\\/schema\\\/person\\\/9700d21fae21c4f038b0b56f4506264a\"},\"headline\":\"ADR Centru: Seminar de lansare regional\u0103 a domeniului de finan\u0163arepentru infrastructura social\u0103 dedicat\u0103 v\u00e2rstnicilor\",\"datePublished\":\"2017-01-26T17:13:32+00:00\",\"mainEntityOfPage\":{\"@id\":\"https:\\\/\\\/urbeamea.ro\\\/albaiulia\\\/adr-centru-seminar-de-lansare-regionala-a-domeniului-de-finantarepentru-infrastructura-sociala-dedicata-varstnicilor\\\/\"},\"wordCount\":984,\"commentCount\":0,\"image\":{\"@id\":\"https:\\\/\\\/urbeamea.ro\\\/albaiulia\\\/adr-centru-seminar-de-lansare-regionala-a-domeniului-de-finantarepentru-infrastructura-sociala-dedicata-varstnicilor\\\/#primaryimage\"},\"thumbnailUrl\":\"https:\\\/\\\/urbeamea.ro\\\/albaiulia\\\/wp-content\\\/uploads\\\/2017\\\/01\\\/Foto-4-2.jpg\",\"keywords\":[\"ADR Centru\",\"alba\",\"beneficiari\",\"finantarea infrastructurii sociale\",\"fonduri disponibile\",\"regiunea centru\",\"seminar de informare\",\"stiri\",\"Urbea Mea\",\"varstnici\"],\"articleSection\":[\"Social\"],\"inLanguage\":\"ro-RO\",\"potentialAction\":[{\"@type\":\"CommentAction\",\"name\":\"Comment\",\"target\":[\"https:\\\/\\\/urbeamea.ro\\\/albaiulia\\\/adr-centru-seminar-de-lansare-regionala-a-domeniului-de-finantarepentru-infrastructura-sociala-dedicata-varstnicilor\\\/#respond\"]}]},{\"@type\":\"WebPage\",\"@id\":\"https:\\\/\\\/urbeamea.ro\\\/albaiulia\\\/adr-centru-seminar-de-lansare-regionala-a-domeniului-de-finantarepentru-infrastructura-sociala-dedicata-varstnicilor\\\/\",\"url\":\"https:\\\/\\\/urbeamea.ro\\\/albaiulia\\\/adr-centru-seminar-de-lansare-regionala-a-domeniului-de-finantarepentru-infrastructura-sociala-dedicata-varstnicilor\\\/\",\"name\":\"ADR Centru: Seminar de lansare regional\u0103 a domeniului de finan\u0163arepentru infrastructura social\u0103 dedicat\u0103 v\u00e2rstnicilor - Revista Urbea Mea - Revista de Alba\",\"isPartOf\":{\"@id\":\"https:\\\/\\\/urbeamea.ro\\\/albaiulia\\\/#website\"},\"primaryImageOfPage\":{\"@id\":\"https:\\\/\\\/urbeamea.ro\\\/albaiulia\\\/adr-centru-seminar-de-lansare-regionala-a-domeniului-de-finantarepentru-infrastructura-sociala-dedicata-varstnicilor\\\/#primaryimage\"},\"image\":{\"@id\":\"https:\\\/\\\/urbeamea.ro\\\/albaiulia\\\/adr-centru-seminar-de-lansare-regionala-a-domeniului-de-finantarepentru-infrastructura-sociala-dedicata-varstnicilor\\\/#primaryimage\"},\"thumbnailUrl\":\"https:\\\/\\\/urbeamea.ro\\\/albaiulia\\\/wp-content\\\/uploads\\\/2017\\\/01\\\/Foto-4-2.jpg\",\"datePublished\":\"2017-01-26T17:13:32+00:00\",\"author\":{\"@id\":\"https:\\\/\\\/urbeamea.ro\\\/albaiulia\\\/#\\\/schema\\\/person\\\/9700d21fae21c4f038b0b56f4506264a\"},\"description\":\"Agen\u0163ia pentru Dezvoltare Regional\u0103 Centru a lansat joi, 26 ianuarie 2017, la nivel regional, apelul de proiecte pentru finan\u021barea infrastructurii sociale\",\"breadcrumb\":{\"@id\":\"https:\\\/\\\/urbeamea.ro\\\/albaiulia\\\/adr-centru-seminar-de-lansare-regionala-a-domeniului-de-finantarepentru-infrastructura-sociala-dedicata-varstnicilor\\\/#breadcrumb\"},\"inLanguage\":\"ro-RO\",\"potentialAction\":[{\"@type\":\"ReadAction\",\"target\":[\"https:\\\/\\\/urbeamea.ro\\\/albaiulia\\\/adr-centru-seminar-de-lansare-regionala-a-domeniului-de-finantarepentru-infrastructura-sociala-dedicata-varstnicilor\\\/\"]}]},{\"@type\":\"ImageObject\",\"inLanguage\":\"ro-RO\",\"@id\":\"https:\\\/\\\/urbeamea.ro\\\/albaiulia\\\/adr-centru-seminar-de-lansare-regionala-a-domeniului-de-finantarepentru-infrastructura-sociala-dedicata-varstnicilor\\\/#primaryimage\",\"url\":\"https:\\\/\\\/urbeamea.ro\\\/albaiulia\\\/wp-content\\\/uploads\\\/2017\\\/01\\\/Foto-4-2.jpg\",\"contentUrl\":\"https:\\\/\\\/urbeamea.ro\\\/albaiulia\\\/wp-content\\\/uploads\\\/2017\\\/01\\\/Foto-4-2.jpg\",\"width\":1280,\"height\":443},{\"@type\":\"BreadcrumbList\",\"@id\":\"https:\\\/\\\/urbeamea.ro\\\/albaiulia\\\/adr-centru-seminar-de-lansare-regionala-a-domeniului-de-finantarepentru-infrastructura-sociala-dedicata-varstnicilor\\\/#breadcrumb\",\"itemListElement\":[{\"@type\":\"ListItem\",\"position\":1,\"name\":\"Prima pagin\u0103\",\"item\":\"https:\\\/\\\/urbeamea.ro\\\/albaiulia\\\/\"},{\"@type\":\"ListItem\",\"position\":2,\"name\":\"ADR Centru: Seminar de lansare regional\u0103 a domeniului de finan\u0163arepentru infrastructura social\u0103 dedicat\u0103 v\u00e2rstnicilor\"}]},{\"@type\":\"WebSite\",\"@id\":\"https:\\\/\\\/urbeamea.ro\\\/albaiulia\\\/#website\",\"url\":\"https:\\\/\\\/urbeamea.ro\\\/albaiulia\\\/\",\"name\":\"Revista Urbea Mea, Stiri urbane\",\"description\":\"Evenimente \u0219i \u0219tiri din Alba Iulia, Sebe\u0219, Aiud, Blaj\",\"potentialAction\":[{\"@type\":\"SearchAction\",\"target\":{\"@type\":\"EntryPoint\",\"urlTemplate\":\"https:\\\/\\\/urbeamea.ro\\\/albaiulia\\\/?s={search_term_string}\"},\"query-input\":{\"@type\":\"PropertyValueSpecification\",\"valueRequired\":true,\"valueName\":\"search_term_string\"}}],\"inLanguage\":\"ro-RO\"},{\"@type\":\"Person\",\"@id\":\"https:\\\/\\\/urbeamea.ro\\\/albaiulia\\\/#\\\/schema\\\/person\\\/9700d21fae21c4f038b0b56f4506264a\",\"name\":\"Cristina Ganga\",\"image\":{\"@type\":\"ImageObject\",\"inLanguage\":\"ro-RO\",\"@id\":\"https:\\\/\\\/secure.gravatar.com\\\/avatar\\\/5a67661041f057b4a8ccaf26f5a8e86e2689372006d01faf3dd9eeb10b654bb4?s=96&d=mm&r=g\",\"url\":\"https:\\\/\\\/secure.gravatar.com\\\/avatar\\\/5a67661041f057b4a8ccaf26f5a8e86e2689372006d01faf3dd9eeb10b654bb4?s=96&d=mm&r=g\",\"contentUrl\":\"https:\\\/\\\/secure.gravatar.com\\\/avatar\\\/5a67661041f057b4a8ccaf26f5a8e86e2689372006d01faf3dd9eeb10b654bb4?s=96&d=mm&r=g\",\"caption\":\"Cristina Ganga\"},\"description\":\"Jurnalist\",\"sameAs\":[\"https:\\\/\\\/www.facebook.com\\\/cristina.nicola.587\"],\"url\":\"https:\\\/\\\/urbeamea.ro\\\/albaiulia\\\/author\\\/cristina-nicola\\\/\"}]}<\/script>\n<!-- \/ Yoast SEO plugin. -->","yoast_head_json":{"title":"ADR Centru: Seminar de lansare regional\u0103 a domeniului de finan\u0163arepentru infrastructura social\u0103 dedicat\u0103 v\u00e2rstnicilor - Revista Urbea Mea - Revista de Alba","description":"Agen\u0163ia pentru Dezvoltare Regional\u0103 Centru a lansat joi, 26 ianuarie 2017, la nivel regional, apelul de proiecte pentru finan\u021barea infrastructurii sociale","robots":{"index":"index","follow":"follow","max-snippet":"max-snippet:-1","max-image-preview":"max-image-preview:large","max-video-preview":"max-video-preview:-1"},"canonical":"https:\/\/urbeamea.ro\/albaiulia\/adr-centru-seminar-de-lansare-regionala-a-domeniului-de-finantarepentru-infrastructura-sociala-dedicata-varstnicilor\/","twitter_card":"summary_large_image","twitter_title":"ADR Centru: Seminar de lansare regional\u0103 a domeniului de finan\u0163arepentru infrastructura social\u0103 dedicat\u0103 v\u00e2rstnicilor - Revista Urbea Mea - Revista de Alba","twitter_description":"Agen\u0163ia pentru Dezvoltare Regional\u0103 Centru a lansat joi, 26 ianuarie 2017, la nivel regional, apelul de proiecte pentru finan\u021barea infrastructurii sociale","twitter_image":"https:\/\/urbeamea.ro\/albaiulia\/wp-content\/uploads\/2017\/01\/Foto-4-2.jpg","twitter_creator":"@urbeameaweb","twitter_site":"@urbeameaweb","schema":{"@context":"https:\/\/schema.org","@graph":[{"@type":"Article","@id":"https:\/\/urbeamea.ro\/albaiulia\/adr-centru-seminar-de-lansare-regionala-a-domeniului-de-finantarepentru-infrastructura-sociala-dedicata-varstnicilor\/#article","isPartOf":{"@id":"https:\/\/urbeamea.ro\/albaiulia\/adr-centru-seminar-de-lansare-regionala-a-domeniului-de-finantarepentru-infrastructura-sociala-dedicata-varstnicilor\/"},"author":{"name":"Cristina Ganga","@id":"https:\/\/urbeamea.ro\/albaiulia\/#\/schema\/person\/9700d21fae21c4f038b0b56f4506264a"},"headline":"ADR Centru: Seminar de lansare regional\u0103 a domeniului de finan\u0163arepentru infrastructura social\u0103 dedicat\u0103 v\u00e2rstnicilor","datePublished":"2017-01-26T17:13:32+00:00","mainEntityOfPage":{"@id":"https:\/\/urbeamea.ro\/albaiulia\/adr-centru-seminar-de-lansare-regionala-a-domeniului-de-finantarepentru-infrastructura-sociala-dedicata-varstnicilor\/"},"wordCount":984,"commentCount":0,"image":{"@id":"https:\/\/urbeamea.ro\/albaiulia\/adr-centru-seminar-de-lansare-regionala-a-domeniului-de-finantarepentru-infrastructura-sociala-dedicata-varstnicilor\/#primaryimage"},"thumbnailUrl":"https:\/\/urbeamea.ro\/albaiulia\/wp-content\/uploads\/2017\/01\/Foto-4-2.jpg","keywords":["ADR Centru","alba","beneficiari","finantarea infrastructurii sociale","fonduri disponibile","regiunea centru","seminar de informare","stiri","Urbea Mea","varstnici"],"articleSection":["Social"],"inLanguage":"ro-RO","potentialAction":[{"@type":"CommentAction","name":"Comment","target":["https:\/\/urbeamea.ro\/albaiulia\/adr-centru-seminar-de-lansare-regionala-a-domeniului-de-finantarepentru-infrastructura-sociala-dedicata-varstnicilor\/#respond"]}]},{"@type":"WebPage","@id":"https:\/\/urbeamea.ro\/albaiulia\/adr-centru-seminar-de-lansare-regionala-a-domeniului-de-finantarepentru-infrastructura-sociala-dedicata-varstnicilor\/","url":"https:\/\/urbeamea.ro\/albaiulia\/adr-centru-seminar-de-lansare-regionala-a-domeniului-de-finantarepentru-infrastructura-sociala-dedicata-varstnicilor\/","name":"ADR Centru: Seminar de lansare regional\u0103 a domeniului de finan\u0163arepentru infrastructura social\u0103 dedicat\u0103 v\u00e2rstnicilor - Revista Urbea Mea - Revista de Alba","isPartOf":{"@id":"https:\/\/urbeamea.ro\/albaiulia\/#website"},"primaryImageOfPage":{"@id":"https:\/\/urbeamea.ro\/albaiulia\/adr-centru-seminar-de-lansare-regionala-a-domeniului-de-finantarepentru-infrastructura-sociala-dedicata-varstnicilor\/#primaryimage"},"image":{"@id":"https:\/\/urbeamea.ro\/albaiulia\/adr-centru-seminar-de-lansare-regionala-a-domeniului-de-finantarepentru-infrastructura-sociala-dedicata-varstnicilor\/#primaryimage"},"thumbnailUrl":"https:\/\/urbeamea.ro\/albaiulia\/wp-content\/uploads\/2017\/01\/Foto-4-2.jpg","datePublished":"2017-01-26T17:13:32+00:00","author":{"@id":"https:\/\/urbeamea.ro\/albaiulia\/#\/schema\/person\/9700d21fae21c4f038b0b56f4506264a"},"description":"Agen\u0163ia pentru Dezvoltare Regional\u0103 Centru a lansat joi, 26 ianuarie 2017, la nivel regional, apelul de proiecte pentru finan\u021barea infrastructurii sociale","breadcrumb":{"@id":"https:\/\/urbeamea.ro\/albaiulia\/adr-centru-seminar-de-lansare-regionala-a-domeniului-de-finantarepentru-infrastructura-sociala-dedicata-varstnicilor\/#breadcrumb"},"inLanguage":"ro-RO","potentialAction":[{"@type":"ReadAction","target":["https:\/\/urbeamea.ro\/albaiulia\/adr-centru-seminar-de-lansare-regionala-a-domeniului-de-finantarepentru-infrastructura-sociala-dedicata-varstnicilor\/"]}]},{"@type":"ImageObject","inLanguage":"ro-RO","@id":"https:\/\/urbeamea.ro\/albaiulia\/adr-centru-seminar-de-lansare-regionala-a-domeniului-de-finantarepentru-infrastructura-sociala-dedicata-varstnicilor\/#primaryimage","url":"https:\/\/urbeamea.ro\/albaiulia\/wp-content\/uploads\/2017\/01\/Foto-4-2.jpg","contentUrl":"https:\/\/urbeamea.ro\/albaiulia\/wp-content\/uploads\/2017\/01\/Foto-4-2.jpg","width":1280,"height":443},{"@type":"BreadcrumbList","@id":"https:\/\/urbeamea.ro\/albaiulia\/adr-centru-seminar-de-lansare-regionala-a-domeniului-de-finantarepentru-infrastructura-sociala-dedicata-varstnicilor\/#breadcrumb","itemListElement":[{"@type":"ListItem","position":1,"name":"Prima pagin\u0103","item":"https:\/\/urbeamea.ro\/albaiulia\/"},{"@type":"ListItem","position":2,"name":"ADR Centru: Seminar de lansare regional\u0103 a domeniului de finan\u0163arepentru infrastructura social\u0103 dedicat\u0103 v\u00e2rstnicilor"}]},{"@type":"WebSite","@id":"https:\/\/urbeamea.ro\/albaiulia\/#website","url":"https:\/\/urbeamea.ro\/albaiulia\/","name":"Revista Urbea Mea, Stiri urbane","description":"Evenimente \u0219i \u0219tiri din Alba Iulia, Sebe\u0219, Aiud, Blaj","potentialAction":[{"@type":"SearchAction","target":{"@type":"EntryPoint","urlTemplate":"https:\/\/urbeamea.ro\/albaiulia\/?s={search_term_string}"},"query-input":{"@type":"PropertyValueSpecification","valueRequired":true,"valueName":"search_term_string"}}],"inLanguage":"ro-RO"},{"@type":"Person","@id":"https:\/\/urbeamea.ro\/albaiulia\/#\/schema\/person\/9700d21fae21c4f038b0b56f4506264a","name":"Cristina Ganga","image":{"@type":"ImageObject","inLanguage":"ro-RO","@id":"https:\/\/secure.gravatar.com\/avatar\/5a67661041f057b4a8ccaf26f5a8e86e2689372006d01faf3dd9eeb10b654bb4?s=96&d=mm&r=g","url":"https:\/\/secure.gravatar.com\/avatar\/5a67661041f057b4a8ccaf26f5a8e86e2689372006d01faf3dd9eeb10b654bb4?s=96&d=mm&r=g","contentUrl":"https:\/\/secure.gravatar.com\/avatar\/5a67661041f057b4a8ccaf26f5a8e86e2689372006d01faf3dd9eeb10b654bb4?s=96&d=mm&r=g","caption":"Cristina Ganga"},"description":"Jurnalist","sameAs":["https:\/\/www.facebook.com\/cristina.nicola.587"],"url":"https:\/\/urbeamea.ro\/albaiulia\/author\/cristina-nicola\/"}]}},"_links":{"self":[{"href":"https:\/\/urbeamea.ro\/albaiulia\/wp-json\/wp\/v2\/posts\/39160","targetHints":{"allow":["GET"]}}],"collection":[{"href":"https:\/\/urbeamea.ro\/albaiulia\/wp-json\/wp\/v2\/posts"}],"about":[{"href":"https:\/\/urbeamea.ro\/albaiulia\/wp-json\/wp\/v2\/types\/post"}],"author":[{"embeddable":true,"href":"https:\/\/urbeamea.ro\/albaiulia\/wp-json\/wp\/v2\/users\/17"}],"replies":[{"embeddable":true,"href":"https:\/\/urbeamea.ro\/albaiulia\/wp-json\/wp\/v2\/comments?post=39160"}],"version-history":[{"count":0,"href":"https:\/\/urbeamea.ro\/albaiulia\/wp-json\/wp\/v2\/posts\/39160\/revisions"}],"wp:featuredmedia":[{"embeddable":true,"href":"https:\/\/urbeamea.ro\/albaiulia\/wp-json\/wp\/v2\/media\/39167"}],"wp:attachment":[{"href":"https:\/\/urbeamea.ro\/albaiulia\/wp-json\/wp\/v2\/media?parent=39160"}],"wp:term":[{"taxonomy":"category","embeddable":true,"href":"https:\/\/urbeamea.ro\/albaiulia\/wp-json\/wp\/v2\/categories?post=39160"},{"taxonomy":"post_tag","embeddable":true,"href":"https:\/\/urbeamea.ro\/albaiulia\/wp-json\/wp\/v2\/tags?post=39160"}],"curies":[{"name":"wp","href":"https:\/\/api.w.org\/{rel}","templated":true}]}}