{"id":39178,"date":"2017-01-27T12:29:15","date_gmt":"2017-01-27T10:29:15","guid":{"rendered":"http:\/\/urbeamea.ro\/albaiulia\/?p=39178"},"modified":"2017-01-27T12:29:15","modified_gmt":"2017-01-27T10:29:15","slug":"starea-partiilor-in-judetul-alba-distractie-si-zapada-multa-la-sureanu-si-arieseni-pentru-cei-care-vor-sa-evadeze-la-munte","status":"publish","type":"post","link":"https:\/\/urbeamea.ro\/albaiulia\/starea-partiilor-in-judetul-alba-distractie-si-zapada-multa-la-sureanu-si-arieseni-pentru-cei-care-vor-sa-evadeze-la-munte\/","title":{"rendered":"Starea p\u00e2rtiilor \u00een jude\u0163ul Alba: Distrac\u0163ie \u015fi z\u0103pad\u0103 mult\u0103 la \u015eureanu \u015fi Arie\u015feni, pentru cei care vor s\u0103 evadeze la munte"},"content":{"rendered":"<p><strong>Dac\u0103 unii se g\u00e2ndeau c\u0103 iarna se apropie de sf\u00e2r\u015fit, mai au pu\u0163in de a\u015fteptat, spre bucuria celor care vor s\u0103 profite de zilele de iarn\u0103 \u0219i z\u0103pad\u0103 pe p\u00e2rtii. \u015ei \u00een acest weekend, sta\u021biunile montane din jude\u021bul Alba sunt exact a\u0219a cum trebuie, cu p\u00e2rtii pline de z\u0103pad\u0103 \u0219i temperaturi numai bune pentru cei ce iubesc sporturile de iarn\u0103 \u015fi nu numai.<br \/>\n<\/strong><\/p>\n<p>P\u00c2RTII \u0218I CABLURI: sunt deschise 6 p\u00e2rtii (A_1; A_2; A_3; C_1; C_3; C_4), iar stratul de z\u0103pad\u0103 b\u0103t\u0103torit\u0103 m\u0103soar\u0103 aproximativ 50 cm. \u00centruc\u00e2t nu a mai nins de c\u00e2teva zile, z\u0103pada nu mai este at\u00e2t de proasp\u0103t\u0103 precum era s\u0103pt\u0103m\u00e2na trecut\u0103. Exist\u0103, pe anumite v\u00e2rfuri de pant\u0103, ghea\u021b\u0103 \u0219i piatr\u0103, din cauza stilului defectuos de cobor\u00e2re al majorit\u0103\u021bii schiorilor \u0219i boarderilor (care coboar\u0103 exclusiv \u00een derapaj). Nici \u00een zonele de off-piste nu este, momentan, cea mai bun\u0103 z\u0103pad\u0103 (mai mult crust\u0103). Cu toate acestea, \u00een ansamblu, p\u00e2rtiile se prezint\u0103 excelent, cel pu\u021bin \u00een prima parte a zilei. Vor func\u021biona teleschiul \u201eCurm\u0103tura\u201d \u0219i telescaunul.<\/p>\n<p>METEO: conform prognozelor meteo, la \u0218ureanu nu va mai ninge \u00eentre 27 ianuarie \u0219i 02 februarie. Vremea va fi \u00een continuare foarte frumoas\u0103 pentru toat\u0103 perioada, cu cer senin, soare din plin \u0219i temperaturi extrem de joase, a\u0219adar recomand\u0103m haine groase \u0219i ochelarii de soare cu \u00eenalt\u0103 protec\u021bie UV. Temperaturile se vor \u00eencadra \u00eentre -20 \u0219i -6 grade Celsius; \u0219anse de viscol sunt slabe. De asemenea, nici vizibilitatea pe p\u00e2rtii nu va fi afectat\u0103.<\/p>\n<p>SERVICII: \u0219coal\u0103 de schi &amp; snowboard pe p\u00e2rtii (0762 501 913); centru de \u00eenchirieri schiuri \u0219i pl\u0103ci \u00een tab\u0103ra sportiv\u0103 din Luncile Prigoanei (0762 501 913); trei apr\u00e8s-ski\u00ac-uri pe Domeniul Schiabil \u0218ureanu; unit\u0103\u021bi de cazare \u00een Poarta Raiului, \u00een Luncile Prigoanei \u0219i pe malul lacului Oa\u0219a.<\/p>\n<p>SFATURI DE BUZUNAR:<\/p>\n<p>\u2013 nu v\u0103 \u00eencrede\u021bi excesiv \u00een propria ma\u0219in\u0103; mai important dec\u00e2t motorul este \u0219oferul.<br \/>\n\u2013 face\u021bi acas\u0103 o prob\u0103 de montare a lan\u021burilor.<br \/>\n\u2013 evita\u021bi vitezele mari pe p\u00e2rtii, dac\u0103 nu \u0219ti\u021bi s\u0103 schia\u021bi \u00een siguran\u021b\u0103.<\/p>\n<p><em>* date s\u0103pt\u0103m\u00e2nale oferite de Florian-Rare\u0219 Tileag\u0103 (monitor schi \u00een cadrul \u0219colii \u201ePa\u0219i Liberi\u201d din Mun\u021bii \u0218ureanu, www.PasiLiberi.ro).<\/em><\/p>\n<p><strong>ARIE\u0218ENI<\/strong><\/p>\n<p>Sezonul de schi continu\u0103 cu succes \u0219i la Arien\u0219eni unde ambele p\u00e2rtii au z\u0103pad\u0103 din bel\u0219ug \u0219i \u00ee\u0219i a\u0219teapt\u0103 turi\u0219tii s\u0103 se bucure de ele.<\/p>\n<p>Prognoza meteo pentru acest weekend ne anun\u021b\u0103 c\u0103 \u00een continuare va ninge, at\u00e2t vineri c\u00e2t \u0219i s\u00e2mb\u0103t\u0103. Temperaturile vor fi \u00eentre\u00a0-16 grade Celsius, maxime de -4 grade Celsius; nori jo\u015fi \u015fi cea\u0163\u0103, vineri, -17, -1, s\u00e2mb\u0103t\u0103, iar duminic\u0103 va fi ceva mai rece -11 \u0219i 1 grad Celsius.<\/p>\n<p>Drumul p\u00e2n\u0103 la Arie\u015feni este destul de bun \u0219i poate fi parcurs de orice tip de ma\u0219in\u0103.<\/p>\n<p>Acces: Alba Iulia \u2013 Abrud \u2013 C\u00e2mpeni (DN 74 A) \u2013 Albac \u2013 Arie\u0219eni (DN 75). Distan\u021b\u0103 fa\u021b\u0103 de Alba Iulia: 120 km, care pot fi parcur\u0219i \u00een aproximativ 2 h 30 min.<\/p>\n<p>&nbsp;<\/p>\n<p>Arie\u015feni (V\u00e2rtop)<\/p>\n<p>P\u00e2rtii existente: 2 (V\u00e2rtop 1 \u0219i V\u00e2rtop 2)<\/p>\n<p>P\u00e2rtii func\u021bionale: 2 (V\u00e2rtop 1 \u0219i V\u00e2rtop 2)<\/p>\n<p>Lungime total\u0103: 2 km<\/p>\n<p>Instala\u021bii de transport pe cablu: 2 (2 teleschiuri)<\/p>\n<p>Altitudine maxim\u0103: 1.400 m<\/p>\n<p>Tunuri de z\u0103pad\u0103: da<\/p>\n<p>Webcam<\/p>\n<p>Nocturn\u0103: da<\/p>\n<p>P\u00e2rtii pentru s\u0103nii: da<\/p>\n<p>Semnal mobil: toate re\u021belele<\/p>\n<p>Servicii: asisten\u0163\u0103 Salvamont la baza p\u00e2rtiilor; \u0219coal\u0103 de schi &amp; snowboard la baza p\u00e2rtiilor; centre de \u00eenchirieri schiuri &amp; snowboards la baza p\u00e2rtiilor; restaurante \u0219i unit\u0103\u021bi de cazare la baza p\u00e2rtiilor \u0219i \u00een sta\u021biune.<\/p>\n<div id='gallery-1' class='gallery galleryid-39178 gallery-columns-3 gallery-size-thumbnail'><figure class='gallery-item'>\n\t\t\t<div class='gallery-icon landscape'>\n\t\t\t\t<a href='https:\/\/urbeamea.ro\/albaiulia\/wp-content\/uploads\/2017\/01\/DSC_8280.jpg'><img decoding=\"async\" width=\"150\" height=\"99\" src=\"data:image\/png;base64,iVBORw0KGgoAAAANSUhEUgAAAYYAAADcAQMAAABOLJSDAAAAA1BMVEUAAACnej3aAAAAAXRSTlMAQObYZgAAACJJREFUaIHtwTEBAAAAwqD1T20ND6AAAAAAAAAAAAAA4N8AKvgAAUFIrrEAAAAASUVORK5CYII=\" class=\"attachment-thumbnail size-thumbnail lazy-img\" alt=\"\" srcset=\"https:\/\/urbeamea.ro\/albaiulia\/wp-content\/uploads\/2017\/01\/DSC_8280-150x99.jpg 150w, https:\/\/urbeamea.ro\/albaiulia\/wp-content\/uploads\/2017\/01\/DSC_8280.jpg 640w\" sizes=\"auto, (max-width: 150px) 100vw, 150px\" data-src=\"https:\/\/urbeamea.ro\/albaiulia\/wp-content\/uploads\/2017\/01\/DSC_8280-150x99.jpg\" loading=\"lazy\" \/><\/a>\n\t\t\t<\/div><\/figure><figure class='gallery-item'>\n\t\t\t<div class='gallery-icon landscape'>\n\t\t\t\t<a href='https:\/\/urbeamea.ro\/albaiulia\/wp-content\/uploads\/2017\/01\/DSC_8287.jpg'><img decoding=\"async\" width=\"150\" height=\"99\" src=\"data:image\/png;base64,iVBORw0KGgoAAAANSUhEUgAAAYYAAADcAQMAAABOLJSDAAAAA1BMVEUAAACnej3aAAAAAXRSTlMAQObYZgAAACJJREFUaIHtwTEBAAAAwqD1T20ND6AAAAAAAAAAAAAA4N8AKvgAAUFIrrEAAAAASUVORK5CYII=\" class=\"attachment-thumbnail size-thumbnail lazy-img\" alt=\"\" srcset=\"https:\/\/urbeamea.ro\/albaiulia\/wp-content\/uploads\/2017\/01\/DSC_8287-150x99.jpg 150w, https:\/\/urbeamea.ro\/albaiulia\/wp-content\/uploads\/2017\/01\/DSC_8287.jpg 640w\" sizes=\"auto, (max-width: 150px) 100vw, 150px\" data-src=\"https:\/\/urbeamea.ro\/albaiulia\/wp-content\/uploads\/2017\/01\/DSC_8287-150x99.jpg\" loading=\"lazy\" \/><\/a>\n\t\t\t<\/div><\/figure><figure class='gallery-item'>\n\t\t\t<div class='gallery-icon landscape'>\n\t\t\t\t<a href='https:\/\/urbeamea.ro\/albaiulia\/wp-content\/uploads\/2017\/01\/DSC_8366.jpg'><img decoding=\"async\" width=\"150\" height=\"99\" src=\"data:image\/png;base64,iVBORw0KGgoAAAANSUhEUgAAAYYAAADcAQMAAABOLJSDAAAAA1BMVEUAAACnej3aAAAAAXRSTlMAQObYZgAAACJJREFUaIHtwTEBAAAAwqD1T20ND6AAAAAAAAAAAAAA4N8AKvgAAUFIrrEAAAAASUVORK5CYII=\" class=\"attachment-thumbnail size-thumbnail lazy-img\" alt=\"\" srcset=\"https:\/\/urbeamea.ro\/albaiulia\/wp-content\/uploads\/2017\/01\/DSC_8366-150x99.jpg 150w, https:\/\/urbeamea.ro\/albaiulia\/wp-content\/uploads\/2017\/01\/DSC_8366.jpg 640w\" sizes=\"auto, (max-width: 150px) 100vw, 150px\" data-src=\"https:\/\/urbeamea.ro\/albaiulia\/wp-content\/uploads\/2017\/01\/DSC_8366-150x99.jpg\" loading=\"lazy\" \/><\/a>\n\t\t\t<\/div><\/figure>\n\t\t<\/div>\n\n","protected":false},"excerpt":{"rendered":"<p>Dac\u0103 unii se g\u00e2ndeau c\u0103 iarna se apropie de sf\u00e2r\u015fit, mai au pu\u0163in de a\u015fteptat, spre bucuria celor care vor s\u0103 profite de zilele de iarn\u0103 \u0219i z\u0103pad\u0103 pe p\u00e2rtii. \u015ei \u00een acest weekend, sta\u021biunile montane din jude\u021bul Alba sunt exact a\u0219a cum trebuie, cu p\u00e2rtii pline de z\u0103pad\u0103 \u0219i temperaturi numai bune pentru cei &hellip;<\/p>\n","protected":false},"author":17,"featured_media":39181,"comment_status":"open","ping_status":"open","sticky":false,"template":"","format":"standard","meta":{"inline_featured_image":false,"footnotes":""},"categories":[61],"tags":[307,2124,2313,1757,308,2010,76,1201],"class_list":["post-39178","post","type-post","status-publish","format-standard","has-post-thumbnail","hentry","category-turism","tag-alba","tag-arieseni","tag-partii","tag-sporturi-de-iarna","tag-stiri","tag-sureanu","tag-urbea-mea","tag-zapada"],"yoast_head":"<!-- This site is optimized with the Yoast SEO plugin v28.3 - https:\/\/yoast.com\/product\/yoast-seo-wordpress\/ -->\n<title>Starea p\u00e2rtiilor \u00een jude\u0163ul Alba: Distrac\u0163ie \u015fi z\u0103pad\u0103 mult\u0103 la \u015eureanu \u015fi Arie\u015feni, pentru cei care vor s\u0103 evadeze la munte - Revista Urbea Mea - Revista de Alba<\/title>\n<meta name=\"description\" content=\"Dac\u0103 unii se g\u00e2ndeau c\u0103 iarna se apropie de sf\u00e2r\u015fit, mai au pu\u0163in de a\u015fteptat, spre bucuria celor care vor s\u0103 profite de zilele de iarn\u0103 \u0219i z\u0103pad\u0103 pe\" \/>\n<meta name=\"robots\" content=\"index, follow, max-snippet:-1, max-image-preview:large, max-video-preview:-1\" \/>\n<link rel=\"canonical\" href=\"https:\/\/urbeamea.ro\/albaiulia\/starea-partiilor-in-judetul-alba-distractie-si-zapada-multa-la-sureanu-si-arieseni-pentru-cei-care-vor-sa-evadeze-la-munte\/\" \/>\n<meta name=\"twitter:card\" content=\"summary_large_image\" \/>\n<meta name=\"twitter:title\" content=\"Starea p\u00e2rtiilor \u00een jude\u0163ul Alba: Distrac\u0163ie \u015fi z\u0103pad\u0103 mult\u0103 la \u015eureanu \u015fi Arie\u015feni, pentru cei care vor s\u0103 evadeze la munte - Revista Urbea Mea - Revista de Alba\" \/>\n<meta name=\"twitter:description\" content=\"Dac\u0103 unii se g\u00e2ndeau c\u0103 iarna se apropie de sf\u00e2r\u015fit, mai au pu\u0163in de a\u015fteptat, spre bucuria celor care vor s\u0103 profite de zilele de iarn\u0103 \u0219i z\u0103pad\u0103 pe\" \/>\n<meta name=\"twitter:image\" content=\"https:\/\/urbeamea.ro\/albaiulia\/wp-content\/uploads\/2017\/01\/DSC_8366.jpg\" \/>\n<meta name=\"twitter:creator\" content=\"@urbeameaweb\" \/>\n<meta name=\"twitter:site\" content=\"@urbeameaweb\" \/>\n<script type=\"application\/ld+json\" class=\"yoast-schema-graph\">{\"@context\":\"https:\\\/\\\/schema.org\",\"@graph\":[{\"@type\":\"Article\",\"@id\":\"https:\\\/\\\/urbeamea.ro\\\/albaiulia\\\/starea-partiilor-in-judetul-alba-distractie-si-zapada-multa-la-sureanu-si-arieseni-pentru-cei-care-vor-sa-evadeze-la-munte\\\/#article\",\"isPartOf\":{\"@id\":\"https:\\\/\\\/urbeamea.ro\\\/albaiulia\\\/starea-partiilor-in-judetul-alba-distractie-si-zapada-multa-la-sureanu-si-arieseni-pentru-cei-care-vor-sa-evadeze-la-munte\\\/\"},\"author\":{\"name\":\"Cristina Ganga\",\"@id\":\"https:\\\/\\\/urbeamea.ro\\\/albaiulia\\\/#\\\/schema\\\/person\\\/9700d21fae21c4f038b0b56f4506264a\"},\"headline\":\"Starea p\u00e2rtiilor \u00een jude\u0163ul Alba: Distrac\u0163ie \u015fi z\u0103pad\u0103 mult\u0103 la \u015eureanu \u015fi Arie\u015feni, pentru cei care vor s\u0103 evadeze la munte\",\"datePublished\":\"2017-01-27T10:29:15+00:00\",\"mainEntityOfPage\":{\"@id\":\"https:\\\/\\\/urbeamea.ro\\\/albaiulia\\\/starea-partiilor-in-judetul-alba-distractie-si-zapada-multa-la-sureanu-si-arieseni-pentru-cei-care-vor-sa-evadeze-la-munte\\\/\"},\"wordCount\":649,\"commentCount\":0,\"image\":{\"@id\":\"https:\\\/\\\/urbeamea.ro\\\/albaiulia\\\/starea-partiilor-in-judetul-alba-distractie-si-zapada-multa-la-sureanu-si-arieseni-pentru-cei-care-vor-sa-evadeze-la-munte\\\/#primaryimage\"},\"thumbnailUrl\":\"https:\\\/\\\/urbeamea.ro\\\/albaiulia\\\/wp-content\\\/uploads\\\/2017\\\/01\\\/DSC_8366.jpg\",\"keywords\":[\"alba\",\"arieseni\",\"partii\",\"sporturi de iarna\",\"stiri\",\"sureanu\",\"Urbea Mea\",\"zapada\"],\"articleSection\":[\"Turism \u0219i Ghidaj turistic\"],\"inLanguage\":\"ro-RO\",\"potentialAction\":[{\"@type\":\"CommentAction\",\"name\":\"Comment\",\"target\":[\"https:\\\/\\\/urbeamea.ro\\\/albaiulia\\\/starea-partiilor-in-judetul-alba-distractie-si-zapada-multa-la-sureanu-si-arieseni-pentru-cei-care-vor-sa-evadeze-la-munte\\\/#respond\"]}]},{\"@type\":\"WebPage\",\"@id\":\"https:\\\/\\\/urbeamea.ro\\\/albaiulia\\\/starea-partiilor-in-judetul-alba-distractie-si-zapada-multa-la-sureanu-si-arieseni-pentru-cei-care-vor-sa-evadeze-la-munte\\\/\",\"url\":\"https:\\\/\\\/urbeamea.ro\\\/albaiulia\\\/starea-partiilor-in-judetul-alba-distractie-si-zapada-multa-la-sureanu-si-arieseni-pentru-cei-care-vor-sa-evadeze-la-munte\\\/\",\"name\":\"Starea p\u00e2rtiilor \u00een jude\u0163ul Alba: Distrac\u0163ie \u015fi z\u0103pad\u0103 mult\u0103 la \u015eureanu \u015fi Arie\u015feni, pentru cei care vor s\u0103 evadeze la munte - Revista Urbea Mea - Revista de Alba\",\"isPartOf\":{\"@id\":\"https:\\\/\\\/urbeamea.ro\\\/albaiulia\\\/#website\"},\"primaryImageOfPage\":{\"@id\":\"https:\\\/\\\/urbeamea.ro\\\/albaiulia\\\/starea-partiilor-in-judetul-alba-distractie-si-zapada-multa-la-sureanu-si-arieseni-pentru-cei-care-vor-sa-evadeze-la-munte\\\/#primaryimage\"},\"image\":{\"@id\":\"https:\\\/\\\/urbeamea.ro\\\/albaiulia\\\/starea-partiilor-in-judetul-alba-distractie-si-zapada-multa-la-sureanu-si-arieseni-pentru-cei-care-vor-sa-evadeze-la-munte\\\/#primaryimage\"},\"thumbnailUrl\":\"https:\\\/\\\/urbeamea.ro\\\/albaiulia\\\/wp-content\\\/uploads\\\/2017\\\/01\\\/DSC_8366.jpg\",\"datePublished\":\"2017-01-27T10:29:15+00:00\",\"author\":{\"@id\":\"https:\\\/\\\/urbeamea.ro\\\/albaiulia\\\/#\\\/schema\\\/person\\\/9700d21fae21c4f038b0b56f4506264a\"},\"description\":\"Dac\u0103 unii se g\u00e2ndeau c\u0103 iarna se apropie de sf\u00e2r\u015fit, mai au pu\u0163in de a\u015fteptat, spre bucuria celor care vor s\u0103 profite de zilele de iarn\u0103 \u0219i z\u0103pad\u0103 pe\",\"breadcrumb\":{\"@id\":\"https:\\\/\\\/urbeamea.ro\\\/albaiulia\\\/starea-partiilor-in-judetul-alba-distractie-si-zapada-multa-la-sureanu-si-arieseni-pentru-cei-care-vor-sa-evadeze-la-munte\\\/#breadcrumb\"},\"inLanguage\":\"ro-RO\",\"potentialAction\":[{\"@type\":\"ReadAction\",\"target\":[\"https:\\\/\\\/urbeamea.ro\\\/albaiulia\\\/starea-partiilor-in-judetul-alba-distractie-si-zapada-multa-la-sureanu-si-arieseni-pentru-cei-care-vor-sa-evadeze-la-munte\\\/\"]}]},{\"@type\":\"ImageObject\",\"inLanguage\":\"ro-RO\",\"@id\":\"https:\\\/\\\/urbeamea.ro\\\/albaiulia\\\/starea-partiilor-in-judetul-alba-distractie-si-zapada-multa-la-sureanu-si-arieseni-pentru-cei-care-vor-sa-evadeze-la-munte\\\/#primaryimage\",\"url\":\"https:\\\/\\\/urbeamea.ro\\\/albaiulia\\\/wp-content\\\/uploads\\\/2017\\\/01\\\/DSC_8366.jpg\",\"contentUrl\":\"https:\\\/\\\/urbeamea.ro\\\/albaiulia\\\/wp-content\\\/uploads\\\/2017\\\/01\\\/DSC_8366.jpg\",\"width\":640,\"height\":424},{\"@type\":\"BreadcrumbList\",\"@id\":\"https:\\\/\\\/urbeamea.ro\\\/albaiulia\\\/starea-partiilor-in-judetul-alba-distractie-si-zapada-multa-la-sureanu-si-arieseni-pentru-cei-care-vor-sa-evadeze-la-munte\\\/#breadcrumb\",\"itemListElement\":[{\"@type\":\"ListItem\",\"position\":1,\"name\":\"Prima pagin\u0103\",\"item\":\"https:\\\/\\\/urbeamea.ro\\\/albaiulia\\\/\"},{\"@type\":\"ListItem\",\"position\":2,\"name\":\"Starea p\u00e2rtiilor \u00een jude\u0163ul Alba: Distrac\u0163ie \u015fi z\u0103pad\u0103 mult\u0103 la \u015eureanu \u015fi Arie\u015feni, pentru cei care vor s\u0103 evadeze la munte\"}]},{\"@type\":\"WebSite\",\"@id\":\"https:\\\/\\\/urbeamea.ro\\\/albaiulia\\\/#website\",\"url\":\"https:\\\/\\\/urbeamea.ro\\\/albaiulia\\\/\",\"name\":\"Revista Urbea Mea, Stiri urbane\",\"description\":\"Evenimente \u0219i \u0219tiri din Alba Iulia, Sebe\u0219, Aiud, Blaj\",\"potentialAction\":[{\"@type\":\"SearchAction\",\"target\":{\"@type\":\"EntryPoint\",\"urlTemplate\":\"https:\\\/\\\/urbeamea.ro\\\/albaiulia\\\/?s={search_term_string}\"},\"query-input\":{\"@type\":\"PropertyValueSpecification\",\"valueRequired\":true,\"valueName\":\"search_term_string\"}}],\"inLanguage\":\"ro-RO\"},{\"@type\":\"Person\",\"@id\":\"https:\\\/\\\/urbeamea.ro\\\/albaiulia\\\/#\\\/schema\\\/person\\\/9700d21fae21c4f038b0b56f4506264a\",\"name\":\"Cristina Ganga\",\"image\":{\"@type\":\"ImageObject\",\"inLanguage\":\"ro-RO\",\"@id\":\"https:\\\/\\\/secure.gravatar.com\\\/avatar\\\/5a67661041f057b4a8ccaf26f5a8e86e2689372006d01faf3dd9eeb10b654bb4?s=96&d=mm&r=g\",\"url\":\"https:\\\/\\\/secure.gravatar.com\\\/avatar\\\/5a67661041f057b4a8ccaf26f5a8e86e2689372006d01faf3dd9eeb10b654bb4?s=96&d=mm&r=g\",\"contentUrl\":\"https:\\\/\\\/secure.gravatar.com\\\/avatar\\\/5a67661041f057b4a8ccaf26f5a8e86e2689372006d01faf3dd9eeb10b654bb4?s=96&d=mm&r=g\",\"caption\":\"Cristina Ganga\"},\"description\":\"Jurnalist\",\"sameAs\":[\"https:\\\/\\\/www.facebook.com\\\/cristina.nicola.587\"],\"url\":\"https:\\\/\\\/urbeamea.ro\\\/albaiulia\\\/author\\\/cristina-nicola\\\/\"}]}<\/script>\n<!-- \/ Yoast SEO plugin. -->","yoast_head_json":{"title":"Starea p\u00e2rtiilor \u00een jude\u0163ul Alba: Distrac\u0163ie \u015fi z\u0103pad\u0103 mult\u0103 la \u015eureanu \u015fi Arie\u015feni, pentru cei care vor s\u0103 evadeze la munte - Revista Urbea Mea - Revista de Alba","description":"Dac\u0103 unii se g\u00e2ndeau c\u0103 iarna se apropie de sf\u00e2r\u015fit, mai au pu\u0163in de a\u015fteptat, spre bucuria celor care vor s\u0103 profite de zilele de iarn\u0103 \u0219i z\u0103pad\u0103 pe","robots":{"index":"index","follow":"follow","max-snippet":"max-snippet:-1","max-image-preview":"max-image-preview:large","max-video-preview":"max-video-preview:-1"},"canonical":"https:\/\/urbeamea.ro\/albaiulia\/starea-partiilor-in-judetul-alba-distractie-si-zapada-multa-la-sureanu-si-arieseni-pentru-cei-care-vor-sa-evadeze-la-munte\/","twitter_card":"summary_large_image","twitter_title":"Starea p\u00e2rtiilor \u00een jude\u0163ul Alba: Distrac\u0163ie \u015fi z\u0103pad\u0103 mult\u0103 la \u015eureanu \u015fi Arie\u015feni, pentru cei care vor s\u0103 evadeze la munte - Revista Urbea Mea - Revista de Alba","twitter_description":"Dac\u0103 unii se g\u00e2ndeau c\u0103 iarna se apropie de sf\u00e2r\u015fit, mai au pu\u0163in de a\u015fteptat, spre bucuria celor care vor s\u0103 profite de zilele de iarn\u0103 \u0219i z\u0103pad\u0103 pe","twitter_image":"https:\/\/urbeamea.ro\/albaiulia\/wp-content\/uploads\/2017\/01\/DSC_8366.jpg","twitter_creator":"@urbeameaweb","twitter_site":"@urbeameaweb","schema":{"@context":"https:\/\/schema.org","@graph":[{"@type":"Article","@id":"https:\/\/urbeamea.ro\/albaiulia\/starea-partiilor-in-judetul-alba-distractie-si-zapada-multa-la-sureanu-si-arieseni-pentru-cei-care-vor-sa-evadeze-la-munte\/#article","isPartOf":{"@id":"https:\/\/urbeamea.ro\/albaiulia\/starea-partiilor-in-judetul-alba-distractie-si-zapada-multa-la-sureanu-si-arieseni-pentru-cei-care-vor-sa-evadeze-la-munte\/"},"author":{"name":"Cristina Ganga","@id":"https:\/\/urbeamea.ro\/albaiulia\/#\/schema\/person\/9700d21fae21c4f038b0b56f4506264a"},"headline":"Starea p\u00e2rtiilor \u00een jude\u0163ul Alba: Distrac\u0163ie \u015fi z\u0103pad\u0103 mult\u0103 la \u015eureanu \u015fi Arie\u015feni, pentru cei care vor s\u0103 evadeze la munte","datePublished":"2017-01-27T10:29:15+00:00","mainEntityOfPage":{"@id":"https:\/\/urbeamea.ro\/albaiulia\/starea-partiilor-in-judetul-alba-distractie-si-zapada-multa-la-sureanu-si-arieseni-pentru-cei-care-vor-sa-evadeze-la-munte\/"},"wordCount":649,"commentCount":0,"image":{"@id":"https:\/\/urbeamea.ro\/albaiulia\/starea-partiilor-in-judetul-alba-distractie-si-zapada-multa-la-sureanu-si-arieseni-pentru-cei-care-vor-sa-evadeze-la-munte\/#primaryimage"},"thumbnailUrl":"https:\/\/urbeamea.ro\/albaiulia\/wp-content\/uploads\/2017\/01\/DSC_8366.jpg","keywords":["alba","arieseni","partii","sporturi de iarna","stiri","sureanu","Urbea Mea","zapada"],"articleSection":["Turism \u0219i Ghidaj turistic"],"inLanguage":"ro-RO","potentialAction":[{"@type":"CommentAction","name":"Comment","target":["https:\/\/urbeamea.ro\/albaiulia\/starea-partiilor-in-judetul-alba-distractie-si-zapada-multa-la-sureanu-si-arieseni-pentru-cei-care-vor-sa-evadeze-la-munte\/#respond"]}]},{"@type":"WebPage","@id":"https:\/\/urbeamea.ro\/albaiulia\/starea-partiilor-in-judetul-alba-distractie-si-zapada-multa-la-sureanu-si-arieseni-pentru-cei-care-vor-sa-evadeze-la-munte\/","url":"https:\/\/urbeamea.ro\/albaiulia\/starea-partiilor-in-judetul-alba-distractie-si-zapada-multa-la-sureanu-si-arieseni-pentru-cei-care-vor-sa-evadeze-la-munte\/","name":"Starea p\u00e2rtiilor \u00een jude\u0163ul Alba: Distrac\u0163ie \u015fi z\u0103pad\u0103 mult\u0103 la \u015eureanu \u015fi Arie\u015feni, pentru cei care vor s\u0103 evadeze la munte - Revista Urbea Mea - Revista de Alba","isPartOf":{"@id":"https:\/\/urbeamea.ro\/albaiulia\/#website"},"primaryImageOfPage":{"@id":"https:\/\/urbeamea.ro\/albaiulia\/starea-partiilor-in-judetul-alba-distractie-si-zapada-multa-la-sureanu-si-arieseni-pentru-cei-care-vor-sa-evadeze-la-munte\/#primaryimage"},"image":{"@id":"https:\/\/urbeamea.ro\/albaiulia\/starea-partiilor-in-judetul-alba-distractie-si-zapada-multa-la-sureanu-si-arieseni-pentru-cei-care-vor-sa-evadeze-la-munte\/#primaryimage"},"thumbnailUrl":"https:\/\/urbeamea.ro\/albaiulia\/wp-content\/uploads\/2017\/01\/DSC_8366.jpg","datePublished":"2017-01-27T10:29:15+00:00","author":{"@id":"https:\/\/urbeamea.ro\/albaiulia\/#\/schema\/person\/9700d21fae21c4f038b0b56f4506264a"},"description":"Dac\u0103 unii se g\u00e2ndeau c\u0103 iarna se apropie de sf\u00e2r\u015fit, mai au pu\u0163in de a\u015fteptat, spre bucuria celor care vor s\u0103 profite de zilele de iarn\u0103 \u0219i z\u0103pad\u0103 pe","breadcrumb":{"@id":"https:\/\/urbeamea.ro\/albaiulia\/starea-partiilor-in-judetul-alba-distractie-si-zapada-multa-la-sureanu-si-arieseni-pentru-cei-care-vor-sa-evadeze-la-munte\/#breadcrumb"},"inLanguage":"ro-RO","potentialAction":[{"@type":"ReadAction","target":["https:\/\/urbeamea.ro\/albaiulia\/starea-partiilor-in-judetul-alba-distractie-si-zapada-multa-la-sureanu-si-arieseni-pentru-cei-care-vor-sa-evadeze-la-munte\/"]}]},{"@type":"ImageObject","inLanguage":"ro-RO","@id":"https:\/\/urbeamea.ro\/albaiulia\/starea-partiilor-in-judetul-alba-distractie-si-zapada-multa-la-sureanu-si-arieseni-pentru-cei-care-vor-sa-evadeze-la-munte\/#primaryimage","url":"https:\/\/urbeamea.ro\/albaiulia\/wp-content\/uploads\/2017\/01\/DSC_8366.jpg","contentUrl":"https:\/\/urbeamea.ro\/albaiulia\/wp-content\/uploads\/2017\/01\/DSC_8366.jpg","width":640,"height":424},{"@type":"BreadcrumbList","@id":"https:\/\/urbeamea.ro\/albaiulia\/starea-partiilor-in-judetul-alba-distractie-si-zapada-multa-la-sureanu-si-arieseni-pentru-cei-care-vor-sa-evadeze-la-munte\/#breadcrumb","itemListElement":[{"@type":"ListItem","position":1,"name":"Prima pagin\u0103","item":"https:\/\/urbeamea.ro\/albaiulia\/"},{"@type":"ListItem","position":2,"name":"Starea p\u00e2rtiilor \u00een jude\u0163ul Alba: Distrac\u0163ie \u015fi z\u0103pad\u0103 mult\u0103 la \u015eureanu \u015fi Arie\u015feni, pentru cei care vor s\u0103 evadeze la munte"}]},{"@type":"WebSite","@id":"https:\/\/urbeamea.ro\/albaiulia\/#website","url":"https:\/\/urbeamea.ro\/albaiulia\/","name":"Revista Urbea Mea, Stiri urbane","description":"Evenimente \u0219i \u0219tiri din Alba Iulia, Sebe\u0219, Aiud, Blaj","potentialAction":[{"@type":"SearchAction","target":{"@type":"EntryPoint","urlTemplate":"https:\/\/urbeamea.ro\/albaiulia\/?s={search_term_string}"},"query-input":{"@type":"PropertyValueSpecification","valueRequired":true,"valueName":"search_term_string"}}],"inLanguage":"ro-RO"},{"@type":"Person","@id":"https:\/\/urbeamea.ro\/albaiulia\/#\/schema\/person\/9700d21fae21c4f038b0b56f4506264a","name":"Cristina Ganga","image":{"@type":"ImageObject","inLanguage":"ro-RO","@id":"https:\/\/secure.gravatar.com\/avatar\/5a67661041f057b4a8ccaf26f5a8e86e2689372006d01faf3dd9eeb10b654bb4?s=96&d=mm&r=g","url":"https:\/\/secure.gravatar.com\/avatar\/5a67661041f057b4a8ccaf26f5a8e86e2689372006d01faf3dd9eeb10b654bb4?s=96&d=mm&r=g","contentUrl":"https:\/\/secure.gravatar.com\/avatar\/5a67661041f057b4a8ccaf26f5a8e86e2689372006d01faf3dd9eeb10b654bb4?s=96&d=mm&r=g","caption":"Cristina Ganga"},"description":"Jurnalist","sameAs":["https:\/\/www.facebook.com\/cristina.nicola.587"],"url":"https:\/\/urbeamea.ro\/albaiulia\/author\/cristina-nicola\/"}]}},"_links":{"self":[{"href":"https:\/\/urbeamea.ro\/albaiulia\/wp-json\/wp\/v2\/posts\/39178","targetHints":{"allow":["GET"]}}],"collection":[{"href":"https:\/\/urbeamea.ro\/albaiulia\/wp-json\/wp\/v2\/posts"}],"about":[{"href":"https:\/\/urbeamea.ro\/albaiulia\/wp-json\/wp\/v2\/types\/post"}],"author":[{"embeddable":true,"href":"https:\/\/urbeamea.ro\/albaiulia\/wp-json\/wp\/v2\/users\/17"}],"replies":[{"embeddable":true,"href":"https:\/\/urbeamea.ro\/albaiulia\/wp-json\/wp\/v2\/comments?post=39178"}],"version-history":[{"count":0,"href":"https:\/\/urbeamea.ro\/albaiulia\/wp-json\/wp\/v2\/posts\/39178\/revisions"}],"wp:featuredmedia":[{"embeddable":true,"href":"https:\/\/urbeamea.ro\/albaiulia\/wp-json\/wp\/v2\/media\/39181"}],"wp:attachment":[{"href":"https:\/\/urbeamea.ro\/albaiulia\/wp-json\/wp\/v2\/media?parent=39178"}],"wp:term":[{"taxonomy":"category","embeddable":true,"href":"https:\/\/urbeamea.ro\/albaiulia\/wp-json\/wp\/v2\/categories?post=39178"},{"taxonomy":"post_tag","embeddable":true,"href":"https:\/\/urbeamea.ro\/albaiulia\/wp-json\/wp\/v2\/tags?post=39178"}],"curies":[{"name":"wp","href":"https:\/\/api.w.org\/{rel}","templated":true}]}}