{"id":39244,"date":"2017-01-29T13:15:35","date_gmt":"2017-01-29T11:15:35","guid":{"rendered":"http:\/\/urbeamea.ro\/albaiulia\/?p=39244"},"modified":"2017-01-29T12:19:49","modified_gmt":"2017-01-29T10:19:49","slug":"concediul-partenal-pentru-cresterea-copilului-s-ar-putea-dubla","status":"publish","type":"post","link":"https:\/\/urbeamea.ro\/albaiulia\/concediul-partenal-pentru-cresterea-copilului-s-ar-putea-dubla\/","title":{"rendered":"Concediul partenal pentru cre\u0219terea copilului s-ar putea dubla"},"content":{"rendered":"<p><strong><span lang=\"ro-RO\"><img loading=\"lazy\" decoding=\"async\" class=\"alignleft  wp-image-39245\" src=\"http:\/\/urbeamea.ro\/albaiulia\/wp-content\/uploads\/2017\/01\/concediu-paternal-640x384.jpg\" alt=\"\" width=\"292\" height=\"175\" srcset=\"https:\/\/urbeamea.ro\/albaiulia\/wp-content\/uploads\/2017\/01\/concediu-paternal-640x384.jpg 640w, https:\/\/urbeamea.ro\/albaiulia\/wp-content\/uploads\/2017\/01\/concediu-paternal-150x90.jpg 150w, https:\/\/urbeamea.ro\/albaiulia\/wp-content\/uploads\/2017\/01\/concediu-paternal-768x461.jpg 768w, https:\/\/urbeamea.ro\/albaiulia\/wp-content\/uploads\/2017\/01\/concediu-paternal-265x160.jpg 265w, https:\/\/urbeamea.ro\/albaiulia\/wp-content\/uploads\/2017\/01\/concediu-paternal-370x223.jpg 370w, https:\/\/urbeamea.ro\/albaiulia\/wp-content\/uploads\/2017\/01\/concediu-paternal-584x350.jpg 584w, https:\/\/urbeamea.ro\/albaiulia\/wp-content\/uploads\/2017\/01\/concediu-paternal-237x143.jpg 237w, https:\/\/urbeamea.ro\/albaiulia\/wp-content\/uploads\/2017\/01\/concediu-paternal-353x213.jpg 353w, https:\/\/urbeamea.ro\/albaiulia\/wp-content\/uploads\/2017\/01\/concediu-paternal-383x231.jpg 383w, https:\/\/urbeamea.ro\/albaiulia\/wp-content\/uploads\/2017\/01\/concediu-paternal.jpg 825w\" sizes=\"auto, (max-width: 292px) 100vw, 292px\" \/>Noul Parlament trebuie s\u0103 decid\u0103 dac\u0103 dubleaz\u0103 perioada concediului paternal, dup\u0103 mai mult de un an de zile \u00een care proiectul a\u0219teapt\u0103 s\u0103 fie dezb\u0103tut. Guvernul a acceptat aceast\u0103 propunere, iar dac\u0103 va fi adoptat, m\u0103sura va genera un efort financiar suplimentar pentru angajator.<\/span><\/strong><\/p>\n<p><span lang=\"ro-RO\">La finalul anului 2015, senatorii au adoptat propunerilor mai multor colegi liberali de dublare a duratei concediului paternal acordat prin lege la na\u0219terea unui copil. Astfel, ta\u021bii ar putea avea 10 zile libere, \u00een loc de 5.<\/span><\/p>\n<p><span lang=\"ro-RO\">Potrivit profit.ro, <\/span>proiectul stabile\u0219te ca perioada de opt s\u0103pt\u0103m\u00e2ni de la na\u0219terea copilului \u00een care tat\u0103l poate solicita acordarea concediului paternal s\u0103 fie extins\u0103 la dou\u0103 luni.<\/p>\n<p>\u0218i deputa\u021bii din Comisia de munc\u0103 au fost de acord cu propunerea, \u00een februarie 2015, \u00eens\u0103 \u00een ciuda raportului favorabil a fost retrimis la comisie, pentru rezolvarea unor am\u0103nunte de tehnic\u0103 lgislativ\u0103. Potrivit sursei citate, dup\u0103 o lun\u0103 a ajuns din nou \u00een plen, dar a fost retrimis la comisie de aceast\u0103 dat\u0103 f\u0103r\u0103 nicio explica\u021bie.<\/p>\n<p>\u00cen sesiunea de toamn\u0103, aceea\u0219i comisie a dat un raport negativ. Argumentul comisiei pentru respingere a fost c\u0103 \u201emodificarea perioadei de concediu paternal genereaz\u0103 un efort financiar suplimentar pentru angajator, c\u0103ruia \u00eei revine sarcina pl\u0103\u021bii concediului paternal\u201d.<\/p>\n<p>Legea prevede c\u0103 indemniza\u021bia pentru concediul paternal este pl\u0103tit\u0103 din fondul de salarii al unit\u0103\u021bii angajatoare \u0219i este egal\u0103 cu salariul corespunz\u0103tor perioadei respective.<\/p>\n<p>Tocmai acesta a fost \u00eens\u0103 motiva\u021bia Guvernului pentru a sus\u021bine proiectul de lege, care a transmis Parlamentului c\u0103 este de acord cu extinderea perioadei concediului paternal.<\/p>\n<p>Proiectul a\u0219teapt\u0103 \u00eens\u0103 \u0219i acum o decizie final\u0103 a parlamentarilor.<\/p>\n<p>&nbsp;<\/p>\n<p><em>Sursa: Digi24<\/em><\/p>\n","protected":false},"excerpt":{"rendered":"<p>Noul Parlament trebuie s\u0103 decid\u0103 dac\u0103 dubleaz\u0103 perioada concediului paternal, dup\u0103 mai mult de un an de zile \u00een care proiectul a\u0219teapt\u0103 s\u0103 fie dezb\u0103tut. Guvernul a acceptat aceast\u0103 propunere, iar dac\u0103 va fi adoptat, m\u0103sura va genera un efort financiar suplimentar pentru angajator. La finalul anului 2015, senatorii au adoptat propunerilor mai multor colegi &hellip;<\/p>\n","protected":false},"author":20,"featured_media":39245,"comment_status":"open","ping_status":"open","sticky":false,"template":"","format":"standard","meta":{"inline_featured_image":false,"footnotes":""},"categories":[2034],"tags":[9708,6072,7922,9709,8370,1781,4005,2329,76],"class_list":["post-39244","post","type-post","status-publish","format-standard","has-post-thumbnail","hentry","category-social","tag-concediu-partenal","tag-cresterea-copilului","tag-decizie","tag-dublare","tag-financiar","tag-guvern","tag-modificare","tag-parlament","tag-urbea-mea"],"yoast_head":"<!-- This site is optimized with the Yoast SEO plugin v28.3 - https:\/\/yoast.com\/product\/yoast-seo-wordpress\/ -->\n<title>Concediul partenal pentru cre\u0219terea copilului s-ar putea dubla - Revista Urbea Mea - Revista de Alba<\/title>\n<meta name=\"description\" content=\"Noul Parlament trebuie s\u0103 decid\u0103 dac\u0103 dubleaz\u0103 perioada concediului paternal, dup\u0103 mai mult de un an de zile \u00een care proiectul a\u0219teapt\u0103 s\u0103 fie dezb\u0103tut.\" \/>\n<meta name=\"robots\" content=\"index, follow, max-snippet:-1, max-image-preview:large, max-video-preview:-1\" \/>\n<link rel=\"canonical\" href=\"https:\/\/urbeamea.ro\/albaiulia\/concediul-partenal-pentru-cresterea-copilului-s-ar-putea-dubla\/\" \/>\n<meta name=\"twitter:card\" content=\"summary_large_image\" \/>\n<meta name=\"twitter:title\" content=\"Concediul partenal pentru cre\u0219terea copilului s-ar putea dubla - Revista Urbea Mea - Revista de Alba\" \/>\n<meta name=\"twitter:description\" content=\"Noul Parlament trebuie s\u0103 decid\u0103 dac\u0103 dubleaz\u0103 perioada concediului paternal, dup\u0103 mai mult de un an de zile \u00een care proiectul a\u0219teapt\u0103 s\u0103 fie dezb\u0103tut.\" \/>\n<meta name=\"twitter:image\" content=\"https:\/\/urbeamea.ro\/albaiulia\/wp-content\/uploads\/2017\/01\/concediu-paternal.jpg\" \/>\n<meta name=\"twitter:creator\" content=\"@urbeameaweb\" \/>\n<meta name=\"twitter:site\" content=\"@urbeameaweb\" \/>\n<script type=\"application\/ld+json\" class=\"yoast-schema-graph\">{\"@context\":\"https:\\\/\\\/schema.org\",\"@graph\":[{\"@type\":\"Article\",\"@id\":\"https:\\\/\\\/urbeamea.ro\\\/albaiulia\\\/concediul-partenal-pentru-cresterea-copilului-s-ar-putea-dubla\\\/#article\",\"isPartOf\":{\"@id\":\"https:\\\/\\\/urbeamea.ro\\\/albaiulia\\\/concediul-partenal-pentru-cresterea-copilului-s-ar-putea-dubla\\\/\"},\"author\":{\"name\":\"Adriana Avram\",\"@id\":\"https:\\\/\\\/urbeamea.ro\\\/albaiulia\\\/#\\\/schema\\\/person\\\/cfaa27fc3da4a9a2cf2fee3650afc5d0\"},\"headline\":\"Concediul partenal pentru cre\u0219terea copilului s-ar putea dubla\",\"datePublished\":\"2017-01-29T11:15:35+00:00\",\"mainEntityOfPage\":{\"@id\":\"https:\\\/\\\/urbeamea.ro\\\/albaiulia\\\/concediul-partenal-pentru-cresterea-copilului-s-ar-putea-dubla\\\/\"},\"wordCount\":295,\"commentCount\":0,\"image\":{\"@id\":\"https:\\\/\\\/urbeamea.ro\\\/albaiulia\\\/concediul-partenal-pentru-cresterea-copilului-s-ar-putea-dubla\\\/#primaryimage\"},\"thumbnailUrl\":\"https:\\\/\\\/urbeamea.ro\\\/albaiulia\\\/wp-content\\\/uploads\\\/2017\\\/01\\\/concediu-paternal.jpg\",\"keywords\":[\"concediu partenal\",\"cresterea copilului\",\"decizie\",\"dublare\",\"financiar\",\"guvern\",\"modificare\",\"parlament\",\"Urbea Mea\"],\"articleSection\":[\"Social\"],\"inLanguage\":\"ro-RO\",\"potentialAction\":[{\"@type\":\"CommentAction\",\"name\":\"Comment\",\"target\":[\"https:\\\/\\\/urbeamea.ro\\\/albaiulia\\\/concediul-partenal-pentru-cresterea-copilului-s-ar-putea-dubla\\\/#respond\"]}]},{\"@type\":\"WebPage\",\"@id\":\"https:\\\/\\\/urbeamea.ro\\\/albaiulia\\\/concediul-partenal-pentru-cresterea-copilului-s-ar-putea-dubla\\\/\",\"url\":\"https:\\\/\\\/urbeamea.ro\\\/albaiulia\\\/concediul-partenal-pentru-cresterea-copilului-s-ar-putea-dubla\\\/\",\"name\":\"Concediul partenal pentru cre\u0219terea copilului s-ar putea dubla - Revista Urbea Mea - Revista de Alba\",\"isPartOf\":{\"@id\":\"https:\\\/\\\/urbeamea.ro\\\/albaiulia\\\/#website\"},\"primaryImageOfPage\":{\"@id\":\"https:\\\/\\\/urbeamea.ro\\\/albaiulia\\\/concediul-partenal-pentru-cresterea-copilului-s-ar-putea-dubla\\\/#primaryimage\"},\"image\":{\"@id\":\"https:\\\/\\\/urbeamea.ro\\\/albaiulia\\\/concediul-partenal-pentru-cresterea-copilului-s-ar-putea-dubla\\\/#primaryimage\"},\"thumbnailUrl\":\"https:\\\/\\\/urbeamea.ro\\\/albaiulia\\\/wp-content\\\/uploads\\\/2017\\\/01\\\/concediu-paternal.jpg\",\"datePublished\":\"2017-01-29T11:15:35+00:00\",\"author\":{\"@id\":\"https:\\\/\\\/urbeamea.ro\\\/albaiulia\\\/#\\\/schema\\\/person\\\/cfaa27fc3da4a9a2cf2fee3650afc5d0\"},\"description\":\"Noul Parlament trebuie s\u0103 decid\u0103 dac\u0103 dubleaz\u0103 perioada concediului paternal, dup\u0103 mai mult de un an de zile \u00een care proiectul a\u0219teapt\u0103 s\u0103 fie dezb\u0103tut.\",\"breadcrumb\":{\"@id\":\"https:\\\/\\\/urbeamea.ro\\\/albaiulia\\\/concediul-partenal-pentru-cresterea-copilului-s-ar-putea-dubla\\\/#breadcrumb\"},\"inLanguage\":\"ro-RO\",\"potentialAction\":[{\"@type\":\"ReadAction\",\"target\":[\"https:\\\/\\\/urbeamea.ro\\\/albaiulia\\\/concediul-partenal-pentru-cresterea-copilului-s-ar-putea-dubla\\\/\"]}]},{\"@type\":\"ImageObject\",\"inLanguage\":\"ro-RO\",\"@id\":\"https:\\\/\\\/urbeamea.ro\\\/albaiulia\\\/concediul-partenal-pentru-cresterea-copilului-s-ar-putea-dubla\\\/#primaryimage\",\"url\":\"https:\\\/\\\/urbeamea.ro\\\/albaiulia\\\/wp-content\\\/uploads\\\/2017\\\/01\\\/concediu-paternal.jpg\",\"contentUrl\":\"https:\\\/\\\/urbeamea.ro\\\/albaiulia\\\/wp-content\\\/uploads\\\/2017\\\/01\\\/concediu-paternal.jpg\",\"width\":825,\"height\":495},{\"@type\":\"BreadcrumbList\",\"@id\":\"https:\\\/\\\/urbeamea.ro\\\/albaiulia\\\/concediul-partenal-pentru-cresterea-copilului-s-ar-putea-dubla\\\/#breadcrumb\",\"itemListElement\":[{\"@type\":\"ListItem\",\"position\":1,\"name\":\"Prima pagin\u0103\",\"item\":\"https:\\\/\\\/urbeamea.ro\\\/albaiulia\\\/\"},{\"@type\":\"ListItem\",\"position\":2,\"name\":\"Concediul partenal pentru cre\u0219terea copilului s-ar putea dubla\"}]},{\"@type\":\"WebSite\",\"@id\":\"https:\\\/\\\/urbeamea.ro\\\/albaiulia\\\/#website\",\"url\":\"https:\\\/\\\/urbeamea.ro\\\/albaiulia\\\/\",\"name\":\"Revista Urbea Mea, Stiri urbane\",\"description\":\"Evenimente \u0219i \u0219tiri din Alba Iulia, Sebe\u0219, Aiud, Blaj\",\"potentialAction\":[{\"@type\":\"SearchAction\",\"target\":{\"@type\":\"EntryPoint\",\"urlTemplate\":\"https:\\\/\\\/urbeamea.ro\\\/albaiulia\\\/?s={search_term_string}\"},\"query-input\":{\"@type\":\"PropertyValueSpecification\",\"valueRequired\":true,\"valueName\":\"search_term_string\"}}],\"inLanguage\":\"ro-RO\"},{\"@type\":\"Person\",\"@id\":\"https:\\\/\\\/urbeamea.ro\\\/albaiulia\\\/#\\\/schema\\\/person\\\/cfaa27fc3da4a9a2cf2fee3650afc5d0\",\"name\":\"Adriana Avram\",\"image\":{\"@type\":\"ImageObject\",\"inLanguage\":\"ro-RO\",\"@id\":\"https:\\\/\\\/secure.gravatar.com\\\/avatar\\\/3cc61eb1584088e0099c1763903a6421c5ce6cdf45fc2d424046dc621efc21f9?s=96&d=mm&r=g\",\"url\":\"https:\\\/\\\/secure.gravatar.com\\\/avatar\\\/3cc61eb1584088e0099c1763903a6421c5ce6cdf45fc2d424046dc621efc21f9?s=96&d=mm&r=g\",\"contentUrl\":\"https:\\\/\\\/secure.gravatar.com\\\/avatar\\\/3cc61eb1584088e0099c1763903a6421c5ce6cdf45fc2d424046dc621efc21f9?s=96&d=mm&r=g\",\"caption\":\"Adriana Avram\"},\"description\":\"Jurnalist\",\"sameAs\":[\"https:\\\/\\\/www.facebook.com\\\/avram.adriana.7?fref=ts\"],\"url\":\"https:\\\/\\\/urbeamea.ro\\\/albaiulia\\\/author\\\/adriana-avram\\\/\"}]}<\/script>\n<!-- \/ Yoast SEO plugin. -->","yoast_head_json":{"title":"Concediul partenal pentru cre\u0219terea copilului s-ar putea dubla - Revista Urbea Mea - Revista de Alba","description":"Noul Parlament trebuie s\u0103 decid\u0103 dac\u0103 dubleaz\u0103 perioada concediului paternal, dup\u0103 mai mult de un an de zile \u00een care proiectul a\u0219teapt\u0103 s\u0103 fie dezb\u0103tut.","robots":{"index":"index","follow":"follow","max-snippet":"max-snippet:-1","max-image-preview":"max-image-preview:large","max-video-preview":"max-video-preview:-1"},"canonical":"https:\/\/urbeamea.ro\/albaiulia\/concediul-partenal-pentru-cresterea-copilului-s-ar-putea-dubla\/","twitter_card":"summary_large_image","twitter_title":"Concediul partenal pentru cre\u0219terea copilului s-ar putea dubla - Revista Urbea Mea - Revista de Alba","twitter_description":"Noul Parlament trebuie s\u0103 decid\u0103 dac\u0103 dubleaz\u0103 perioada concediului paternal, dup\u0103 mai mult de un an de zile \u00een care proiectul a\u0219teapt\u0103 s\u0103 fie dezb\u0103tut.","twitter_image":"https:\/\/urbeamea.ro\/albaiulia\/wp-content\/uploads\/2017\/01\/concediu-paternal.jpg","twitter_creator":"@urbeameaweb","twitter_site":"@urbeameaweb","schema":{"@context":"https:\/\/schema.org","@graph":[{"@type":"Article","@id":"https:\/\/urbeamea.ro\/albaiulia\/concediul-partenal-pentru-cresterea-copilului-s-ar-putea-dubla\/#article","isPartOf":{"@id":"https:\/\/urbeamea.ro\/albaiulia\/concediul-partenal-pentru-cresterea-copilului-s-ar-putea-dubla\/"},"author":{"name":"Adriana Avram","@id":"https:\/\/urbeamea.ro\/albaiulia\/#\/schema\/person\/cfaa27fc3da4a9a2cf2fee3650afc5d0"},"headline":"Concediul partenal pentru cre\u0219terea copilului s-ar putea dubla","datePublished":"2017-01-29T11:15:35+00:00","mainEntityOfPage":{"@id":"https:\/\/urbeamea.ro\/albaiulia\/concediul-partenal-pentru-cresterea-copilului-s-ar-putea-dubla\/"},"wordCount":295,"commentCount":0,"image":{"@id":"https:\/\/urbeamea.ro\/albaiulia\/concediul-partenal-pentru-cresterea-copilului-s-ar-putea-dubla\/#primaryimage"},"thumbnailUrl":"https:\/\/urbeamea.ro\/albaiulia\/wp-content\/uploads\/2017\/01\/concediu-paternal.jpg","keywords":["concediu partenal","cresterea copilului","decizie","dublare","financiar","guvern","modificare","parlament","Urbea Mea"],"articleSection":["Social"],"inLanguage":"ro-RO","potentialAction":[{"@type":"CommentAction","name":"Comment","target":["https:\/\/urbeamea.ro\/albaiulia\/concediul-partenal-pentru-cresterea-copilului-s-ar-putea-dubla\/#respond"]}]},{"@type":"WebPage","@id":"https:\/\/urbeamea.ro\/albaiulia\/concediul-partenal-pentru-cresterea-copilului-s-ar-putea-dubla\/","url":"https:\/\/urbeamea.ro\/albaiulia\/concediul-partenal-pentru-cresterea-copilului-s-ar-putea-dubla\/","name":"Concediul partenal pentru cre\u0219terea copilului s-ar putea dubla - Revista Urbea Mea - Revista de Alba","isPartOf":{"@id":"https:\/\/urbeamea.ro\/albaiulia\/#website"},"primaryImageOfPage":{"@id":"https:\/\/urbeamea.ro\/albaiulia\/concediul-partenal-pentru-cresterea-copilului-s-ar-putea-dubla\/#primaryimage"},"image":{"@id":"https:\/\/urbeamea.ro\/albaiulia\/concediul-partenal-pentru-cresterea-copilului-s-ar-putea-dubla\/#primaryimage"},"thumbnailUrl":"https:\/\/urbeamea.ro\/albaiulia\/wp-content\/uploads\/2017\/01\/concediu-paternal.jpg","datePublished":"2017-01-29T11:15:35+00:00","author":{"@id":"https:\/\/urbeamea.ro\/albaiulia\/#\/schema\/person\/cfaa27fc3da4a9a2cf2fee3650afc5d0"},"description":"Noul Parlament trebuie s\u0103 decid\u0103 dac\u0103 dubleaz\u0103 perioada concediului paternal, dup\u0103 mai mult de un an de zile \u00een care proiectul a\u0219teapt\u0103 s\u0103 fie dezb\u0103tut.","breadcrumb":{"@id":"https:\/\/urbeamea.ro\/albaiulia\/concediul-partenal-pentru-cresterea-copilului-s-ar-putea-dubla\/#breadcrumb"},"inLanguage":"ro-RO","potentialAction":[{"@type":"ReadAction","target":["https:\/\/urbeamea.ro\/albaiulia\/concediul-partenal-pentru-cresterea-copilului-s-ar-putea-dubla\/"]}]},{"@type":"ImageObject","inLanguage":"ro-RO","@id":"https:\/\/urbeamea.ro\/albaiulia\/concediul-partenal-pentru-cresterea-copilului-s-ar-putea-dubla\/#primaryimage","url":"https:\/\/urbeamea.ro\/albaiulia\/wp-content\/uploads\/2017\/01\/concediu-paternal.jpg","contentUrl":"https:\/\/urbeamea.ro\/albaiulia\/wp-content\/uploads\/2017\/01\/concediu-paternal.jpg","width":825,"height":495},{"@type":"BreadcrumbList","@id":"https:\/\/urbeamea.ro\/albaiulia\/concediul-partenal-pentru-cresterea-copilului-s-ar-putea-dubla\/#breadcrumb","itemListElement":[{"@type":"ListItem","position":1,"name":"Prima pagin\u0103","item":"https:\/\/urbeamea.ro\/albaiulia\/"},{"@type":"ListItem","position":2,"name":"Concediul partenal pentru cre\u0219terea copilului s-ar putea dubla"}]},{"@type":"WebSite","@id":"https:\/\/urbeamea.ro\/albaiulia\/#website","url":"https:\/\/urbeamea.ro\/albaiulia\/","name":"Revista Urbea Mea, Stiri urbane","description":"Evenimente \u0219i \u0219tiri din Alba Iulia, Sebe\u0219, Aiud, Blaj","potentialAction":[{"@type":"SearchAction","target":{"@type":"EntryPoint","urlTemplate":"https:\/\/urbeamea.ro\/albaiulia\/?s={search_term_string}"},"query-input":{"@type":"PropertyValueSpecification","valueRequired":true,"valueName":"search_term_string"}}],"inLanguage":"ro-RO"},{"@type":"Person","@id":"https:\/\/urbeamea.ro\/albaiulia\/#\/schema\/person\/cfaa27fc3da4a9a2cf2fee3650afc5d0","name":"Adriana Avram","image":{"@type":"ImageObject","inLanguage":"ro-RO","@id":"https:\/\/secure.gravatar.com\/avatar\/3cc61eb1584088e0099c1763903a6421c5ce6cdf45fc2d424046dc621efc21f9?s=96&d=mm&r=g","url":"https:\/\/secure.gravatar.com\/avatar\/3cc61eb1584088e0099c1763903a6421c5ce6cdf45fc2d424046dc621efc21f9?s=96&d=mm&r=g","contentUrl":"https:\/\/secure.gravatar.com\/avatar\/3cc61eb1584088e0099c1763903a6421c5ce6cdf45fc2d424046dc621efc21f9?s=96&d=mm&r=g","caption":"Adriana Avram"},"description":"Jurnalist","sameAs":["https:\/\/www.facebook.com\/avram.adriana.7?fref=ts"],"url":"https:\/\/urbeamea.ro\/albaiulia\/author\/adriana-avram\/"}]}},"_links":{"self":[{"href":"https:\/\/urbeamea.ro\/albaiulia\/wp-json\/wp\/v2\/posts\/39244","targetHints":{"allow":["GET"]}}],"collection":[{"href":"https:\/\/urbeamea.ro\/albaiulia\/wp-json\/wp\/v2\/posts"}],"about":[{"href":"https:\/\/urbeamea.ro\/albaiulia\/wp-json\/wp\/v2\/types\/post"}],"author":[{"embeddable":true,"href":"https:\/\/urbeamea.ro\/albaiulia\/wp-json\/wp\/v2\/users\/20"}],"replies":[{"embeddable":true,"href":"https:\/\/urbeamea.ro\/albaiulia\/wp-json\/wp\/v2\/comments?post=39244"}],"version-history":[{"count":0,"href":"https:\/\/urbeamea.ro\/albaiulia\/wp-json\/wp\/v2\/posts\/39244\/revisions"}],"wp:featuredmedia":[{"embeddable":true,"href":"https:\/\/urbeamea.ro\/albaiulia\/wp-json\/wp\/v2\/media\/39245"}],"wp:attachment":[{"href":"https:\/\/urbeamea.ro\/albaiulia\/wp-json\/wp\/v2\/media?parent=39244"}],"wp:term":[{"taxonomy":"category","embeddable":true,"href":"https:\/\/urbeamea.ro\/albaiulia\/wp-json\/wp\/v2\/categories?post=39244"},{"taxonomy":"post_tag","embeddable":true,"href":"https:\/\/urbeamea.ro\/albaiulia\/wp-json\/wp\/v2\/tags?post=39244"}],"curies":[{"name":"wp","href":"https:\/\/api.w.org\/{rel}","templated":true}]}}