{"id":39253,"date":"2017-01-30T09:22:23","date_gmt":"2017-01-30T07:22:23","guid":{"rendered":"http:\/\/urbeamea.ro\/albaiulia\/?p=39253"},"modified":"2017-01-30T09:26:05","modified_gmt":"2017-01-30T07:26:05","slug":"gabriel-nemes-un-tanar-din-alba-iulia-se-zbate-intre-viata-si-moarte-la-un-spital-din-cluj-napoca-are-nevoie-de-donare-de-sange","status":"publish","type":"post","link":"https:\/\/urbeamea.ro\/albaiulia\/gabriel-nemes-un-tanar-din-alba-iulia-se-zbate-intre-viata-si-moarte-la-un-spital-din-cluj-napoca-are-nevoie-de-donare-de-sange\/","title":{"rendered":"Gabriel Neme\u015f, un t\u00e2n\u0103r din Alba Iulia se zbate \u00eentre via\u0163\u0103 \u015fi moarte la un spital din Cluj Napoca. Are nevoie de donare de s\u00e2nge"},"content":{"rendered":"<p><strong>Un t\u00e2n\u0103r \u00een v\u00e2rst\u0103 de 22 de ani din \u015eona, jude\u0163ul Alba se zbate \u00eentre via\u0163\u0103 \u015fi moarte la un spital din Cluj-Napoca dup\u0103 ce a fost grav r\u0103nit grav \u00een urma unui accident rutier. Prietenii acestuia au demarat o campanie pe Facebook pentru donare de s\u00e2nge.<\/strong><\/p>\n<p>T\u00e2n\u0103rul a fost transportat la spitalul din Blaj, s\u00e2mb\u0103t\u0103, \u00een jurul orei 15.00, cu r\u0103ni produse \u00een urma unui grav accident rutier. Ulterior, acesta a fost transferat la Spitalul Jude\u0163ean de Urgen\u0163e din Alba Iulia, pentru \u00eengrijiri medicale de specialitate, unde a fost operat \u00een cursul nop\u0163ii. Acum Gabi se afl\u0103 la un spital din Cluj-Napoca, iar cei care doresc s\u0103 \u00eel ajute pot dona s\u00e2nge pentru transfuzii.<\/p>\n<p><em>\u201dV\u0103 rog pe cei care pute\u0163i \u015fi ave\u0163i dorin\u0163\u0103 de a ajut\u0103 un om la nevoie\u2026. avem nevoie de s\u00e2nge\u2026. Este nevoie de s\u00e2nge pentru a ajut\u0103 o via\u0163\u0103 s\u0103 mearg\u0103 mai departe. Cei care doresc s\u0103 ajute pot s\u0103 o fac\u0103 \u00een numele lui Neme\u015f Gabriel, are mare nevoie!!! Sper s\u0103 \u00een\u0163eleag\u0103 toat\u0103 lumea disperarea\u201d,<\/em> se arat\u0103 \u00een anun\u0163ul de pe Facebook.<\/p>\n<p>Accidentul a avut loc pe raza localit\u0103\u0163ii S\u00eencel. T\u00e2n\u0103rul \u00eemplicat \u00een accident se nume\u015fte Neme\u015f Gabriel, din \u015eona \u015fi este unul dintre arbitri de perspectiv\u0103 ai jude\u0163ului Alba. Acesta conducea un autoturism marca Volkswagen Golf, \u00eenmatriculat \u00een Alba, pe direc\u0163ia Jidvei \u2013 Blaj.<\/p>\n<p>Din primele informa\u0163ii, se pare c\u0103 t\u00e2n\u0103rul a pierdut controlul asupra autoturismului, \u00eentr-o curb\u0103 la st\u00e2nga, din cauza vitezei neadaptate la condi\u0163iile de drum, a ie\u015fit de pe carosabil, lovind cap\u0103tul de pod de unde ma\u015fina a fost proiectat\u0103 \u00een zidul unei locuin\u0163e de pe marginea drumului.<\/p>\n<p>&nbsp;<\/p>\n<div><\/div>\n","protected":false},"excerpt":{"rendered":"<p>Un t\u00e2n\u0103r \u00een v\u00e2rst\u0103 de 22 de ani din \u015eona, jude\u0163ul Alba se zbate \u00eentre via\u0163\u0103 \u015fi moarte la un spital din Cluj-Napoca dup\u0103 ce a fost grav r\u0103nit grav \u00een urma unui accident rutier. Prietenii acestuia au demarat o campanie pe Facebook pentru donare de s\u00e2nge. T\u00e2n\u0103rul a fost transportat la spitalul din Blaj, &hellip;<\/p>\n","protected":false},"author":17,"featured_media":39255,"comment_status":"open","ping_status":"open","sticky":false,"template":"","format":"standard","meta":{"inline_featured_image":false,"footnotes":""},"categories":[1],"tags":[8226,440,5396,9716,5818,2198,308,9717,76],"class_list":["post-39253","post","type-post","status-publish","format-standard","has-post-thumbnail","hentry","category-stiri-urbane","tag-accident-grav","tag-campanie","tag-donare-de-sange","tag-gabriel-nemes","tag-sancel","tag-spital","tag-stiri","tag-transfuzie","tag-urbea-mea"],"yoast_head":"<!-- This site is optimized with the Yoast SEO plugin v27.4 - https:\/\/yoast.com\/product\/yoast-seo-wordpress\/ -->\n<title>Gabriel Neme\u015f, un t\u00e2n\u0103r din Alba Iulia se zbate \u00eentre via\u0163\u0103 \u015fi moarte la un spital din Cluj Napoca. Are nevoie de donare de s\u00e2nge - Revista Urbea Mea - Revista de Alba<\/title>\n<meta name=\"description\" content=\"Un t\u00e2n\u0103r \u00een v\u00e2rst\u0103 de 22 de ani din \u015eona, jude\u0163ul Alba se zbate \u00eentre via\u0163\u0103 \u015fi moarte la un spital din Cluj-Napoca dup\u0103 ce a fost grav r\u0103nit grav \u00een urma\" \/>\n<meta name=\"robots\" content=\"index, follow, max-snippet:-1, max-image-preview:large, max-video-preview:-1\" \/>\n<link rel=\"canonical\" href=\"https:\/\/urbeamea.ro\/albaiulia\/gabriel-nemes-un-tanar-din-alba-iulia-se-zbate-intre-viata-si-moarte-la-un-spital-din-cluj-napoca-are-nevoie-de-donare-de-sange\/\" \/>\n<meta name=\"twitter:card\" content=\"summary_large_image\" \/>\n<meta name=\"twitter:title\" content=\"Gabriel Neme\u015f, un t\u00e2n\u0103r din Alba Iulia se zbate \u00eentre via\u0163\u0103 \u015fi moarte la un spital din Cluj Napoca. Are nevoie de donare de s\u00e2nge - Revista Urbea Mea - Revista de Alba\" \/>\n<meta name=\"twitter:description\" content=\"Un t\u00e2n\u0103r \u00een v\u00e2rst\u0103 de 22 de ani din \u015eona, jude\u0163ul Alba se zbate \u00eentre via\u0163\u0103 \u015fi moarte la un spital din Cluj-Napoca dup\u0103 ce a fost grav r\u0103nit grav \u00een urma\" \/>\n<meta name=\"twitter:image\" content=\"https:\/\/urbeamea.ro\/albaiulia\/wp-content\/uploads\/2017\/01\/nemes-gabriel.jpg\" \/>\n<meta name=\"twitter:creator\" content=\"@urbeameaweb\" \/>\n<meta name=\"twitter:site\" content=\"@urbeameaweb\" \/>\n<script type=\"application\/ld+json\" class=\"yoast-schema-graph\">{\"@context\":\"https:\\\/\\\/schema.org\",\"@graph\":[{\"@type\":\"Article\",\"@id\":\"https:\\\/\\\/urbeamea.ro\\\/albaiulia\\\/gabriel-nemes-un-tanar-din-alba-iulia-se-zbate-intre-viata-si-moarte-la-un-spital-din-cluj-napoca-are-nevoie-de-donare-de-sange\\\/#article\",\"isPartOf\":{\"@id\":\"https:\\\/\\\/urbeamea.ro\\\/albaiulia\\\/gabriel-nemes-un-tanar-din-alba-iulia-se-zbate-intre-viata-si-moarte-la-un-spital-din-cluj-napoca-are-nevoie-de-donare-de-sange\\\/\"},\"author\":{\"name\":\"Cristina Ganga\",\"@id\":\"https:\\\/\\\/urbeamea.ro\\\/albaiulia\\\/#\\\/schema\\\/person\\\/9700d21fae21c4f038b0b56f4506264a\"},\"headline\":\"Gabriel Neme\u015f, un t\u00e2n\u0103r din Alba Iulia se zbate \u00eentre via\u0163\u0103 \u015fi moarte la un spital din Cluj Napoca. Are nevoie de donare de s\u00e2nge\",\"datePublished\":\"2017-01-30T07:22:23+00:00\",\"dateModified\":\"2017-01-30T07:26:05+00:00\",\"mainEntityOfPage\":{\"@id\":\"https:\\\/\\\/urbeamea.ro\\\/albaiulia\\\/gabriel-nemes-un-tanar-din-alba-iulia-se-zbate-intre-viata-si-moarte-la-un-spital-din-cluj-napoca-are-nevoie-de-donare-de-sange\\\/\"},\"wordCount\":331,\"commentCount\":0,\"image\":{\"@id\":\"https:\\\/\\\/urbeamea.ro\\\/albaiulia\\\/gabriel-nemes-un-tanar-din-alba-iulia-se-zbate-intre-viata-si-moarte-la-un-spital-din-cluj-napoca-are-nevoie-de-donare-de-sange\\\/#primaryimage\"},\"thumbnailUrl\":\"https:\\\/\\\/urbeamea.ro\\\/albaiulia\\\/wp-content\\\/uploads\\\/2017\\\/01\\\/nemes-gabriel.jpg\",\"keywords\":[\"accident grav\",\"campanie\",\"donare de sange\",\"gabriel nemes\",\"S\u00e2ncel\",\"spital\",\"stiri\",\"transfuzie\",\"Urbea Mea\"],\"articleSection\":[\"\u015etiri Urbane\"],\"inLanguage\":\"ro-RO\",\"potentialAction\":[{\"@type\":\"CommentAction\",\"name\":\"Comment\",\"target\":[\"https:\\\/\\\/urbeamea.ro\\\/albaiulia\\\/gabriel-nemes-un-tanar-din-alba-iulia-se-zbate-intre-viata-si-moarte-la-un-spital-din-cluj-napoca-are-nevoie-de-donare-de-sange\\\/#respond\"]}]},{\"@type\":\"WebPage\",\"@id\":\"https:\\\/\\\/urbeamea.ro\\\/albaiulia\\\/gabriel-nemes-un-tanar-din-alba-iulia-se-zbate-intre-viata-si-moarte-la-un-spital-din-cluj-napoca-are-nevoie-de-donare-de-sange\\\/\",\"url\":\"https:\\\/\\\/urbeamea.ro\\\/albaiulia\\\/gabriel-nemes-un-tanar-din-alba-iulia-se-zbate-intre-viata-si-moarte-la-un-spital-din-cluj-napoca-are-nevoie-de-donare-de-sange\\\/\",\"name\":\"Gabriel Neme\u015f, un t\u00e2n\u0103r din Alba Iulia se zbate \u00eentre via\u0163\u0103 \u015fi moarte la un spital din Cluj Napoca. Are nevoie de donare de s\u00e2nge - Revista Urbea Mea - Revista de Alba\",\"isPartOf\":{\"@id\":\"https:\\\/\\\/urbeamea.ro\\\/albaiulia\\\/#website\"},\"primaryImageOfPage\":{\"@id\":\"https:\\\/\\\/urbeamea.ro\\\/albaiulia\\\/gabriel-nemes-un-tanar-din-alba-iulia-se-zbate-intre-viata-si-moarte-la-un-spital-din-cluj-napoca-are-nevoie-de-donare-de-sange\\\/#primaryimage\"},\"image\":{\"@id\":\"https:\\\/\\\/urbeamea.ro\\\/albaiulia\\\/gabriel-nemes-un-tanar-din-alba-iulia-se-zbate-intre-viata-si-moarte-la-un-spital-din-cluj-napoca-are-nevoie-de-donare-de-sange\\\/#primaryimage\"},\"thumbnailUrl\":\"https:\\\/\\\/urbeamea.ro\\\/albaiulia\\\/wp-content\\\/uploads\\\/2017\\\/01\\\/nemes-gabriel.jpg\",\"datePublished\":\"2017-01-30T07:22:23+00:00\",\"dateModified\":\"2017-01-30T07:26:05+00:00\",\"author\":{\"@id\":\"https:\\\/\\\/urbeamea.ro\\\/albaiulia\\\/#\\\/schema\\\/person\\\/9700d21fae21c4f038b0b56f4506264a\"},\"description\":\"Un t\u00e2n\u0103r \u00een v\u00e2rst\u0103 de 22 de ani din \u015eona, jude\u0163ul Alba se zbate \u00eentre via\u0163\u0103 \u015fi moarte la un spital din Cluj-Napoca dup\u0103 ce a fost grav r\u0103nit grav \u00een urma\",\"breadcrumb\":{\"@id\":\"https:\\\/\\\/urbeamea.ro\\\/albaiulia\\\/gabriel-nemes-un-tanar-din-alba-iulia-se-zbate-intre-viata-si-moarte-la-un-spital-din-cluj-napoca-are-nevoie-de-donare-de-sange\\\/#breadcrumb\"},\"inLanguage\":\"ro-RO\",\"potentialAction\":[{\"@type\":\"ReadAction\",\"target\":[\"https:\\\/\\\/urbeamea.ro\\\/albaiulia\\\/gabriel-nemes-un-tanar-din-alba-iulia-se-zbate-intre-viata-si-moarte-la-un-spital-din-cluj-napoca-are-nevoie-de-donare-de-sange\\\/\"]}]},{\"@type\":\"ImageObject\",\"inLanguage\":\"ro-RO\",\"@id\":\"https:\\\/\\\/urbeamea.ro\\\/albaiulia\\\/gabriel-nemes-un-tanar-din-alba-iulia-se-zbate-intre-viata-si-moarte-la-un-spital-din-cluj-napoca-are-nevoie-de-donare-de-sange\\\/#primaryimage\",\"url\":\"https:\\\/\\\/urbeamea.ro\\\/albaiulia\\\/wp-content\\\/uploads\\\/2017\\\/01\\\/nemes-gabriel.jpg\",\"contentUrl\":\"https:\\\/\\\/urbeamea.ro\\\/albaiulia\\\/wp-content\\\/uploads\\\/2017\\\/01\\\/nemes-gabriel.jpg\",\"width\":480,\"height\":480},{\"@type\":\"BreadcrumbList\",\"@id\":\"https:\\\/\\\/urbeamea.ro\\\/albaiulia\\\/gabriel-nemes-un-tanar-din-alba-iulia-se-zbate-intre-viata-si-moarte-la-un-spital-din-cluj-napoca-are-nevoie-de-donare-de-sange\\\/#breadcrumb\",\"itemListElement\":[{\"@type\":\"ListItem\",\"position\":1,\"name\":\"Prima pagin\u0103\",\"item\":\"https:\\\/\\\/urbeamea.ro\\\/albaiulia\\\/\"},{\"@type\":\"ListItem\",\"position\":2,\"name\":\"Gabriel Neme\u015f, un t\u00e2n\u0103r din Alba Iulia se zbate \u00eentre via\u0163\u0103 \u015fi moarte la un spital din Cluj Napoca. Are nevoie de donare de s\u00e2nge\"}]},{\"@type\":\"WebSite\",\"@id\":\"https:\\\/\\\/urbeamea.ro\\\/albaiulia\\\/#website\",\"url\":\"https:\\\/\\\/urbeamea.ro\\\/albaiulia\\\/\",\"name\":\"Revista Urbea Mea, Stiri urbane\",\"description\":\"Evenimente \u0219i \u0219tiri din Alba Iulia, Sebe\u0219, Aiud, Blaj\",\"potentialAction\":[{\"@type\":\"SearchAction\",\"target\":{\"@type\":\"EntryPoint\",\"urlTemplate\":\"https:\\\/\\\/urbeamea.ro\\\/albaiulia\\\/?s={search_term_string}\"},\"query-input\":{\"@type\":\"PropertyValueSpecification\",\"valueRequired\":true,\"valueName\":\"search_term_string\"}}],\"inLanguage\":\"ro-RO\"},{\"@type\":\"Person\",\"@id\":\"https:\\\/\\\/urbeamea.ro\\\/albaiulia\\\/#\\\/schema\\\/person\\\/9700d21fae21c4f038b0b56f4506264a\",\"name\":\"Cristina Ganga\",\"image\":{\"@type\":\"ImageObject\",\"inLanguage\":\"ro-RO\",\"@id\":\"https:\\\/\\\/secure.gravatar.com\\\/avatar\\\/5a67661041f057b4a8ccaf26f5a8e86e2689372006d01faf3dd9eeb10b654bb4?s=96&d=mm&r=g\",\"url\":\"https:\\\/\\\/secure.gravatar.com\\\/avatar\\\/5a67661041f057b4a8ccaf26f5a8e86e2689372006d01faf3dd9eeb10b654bb4?s=96&d=mm&r=g\",\"contentUrl\":\"https:\\\/\\\/secure.gravatar.com\\\/avatar\\\/5a67661041f057b4a8ccaf26f5a8e86e2689372006d01faf3dd9eeb10b654bb4?s=96&d=mm&r=g\",\"caption\":\"Cristina Ganga\"},\"description\":\"Jurnalist\",\"sameAs\":[\"https:\\\/\\\/www.facebook.com\\\/cristina.nicola.587\"],\"url\":\"https:\\\/\\\/urbeamea.ro\\\/albaiulia\\\/author\\\/cristina-nicola\\\/\"}]}<\/script>\n<!-- \/ Yoast SEO plugin. -->","yoast_head_json":{"title":"Gabriel Neme\u015f, un t\u00e2n\u0103r din Alba Iulia se zbate \u00eentre via\u0163\u0103 \u015fi moarte la un spital din Cluj Napoca. Are nevoie de donare de s\u00e2nge - Revista Urbea Mea - Revista de Alba","description":"Un t\u00e2n\u0103r \u00een v\u00e2rst\u0103 de 22 de ani din \u015eona, jude\u0163ul Alba se zbate \u00eentre via\u0163\u0103 \u015fi moarte la un spital din Cluj-Napoca dup\u0103 ce a fost grav r\u0103nit grav \u00een urma","robots":{"index":"index","follow":"follow","max-snippet":"max-snippet:-1","max-image-preview":"max-image-preview:large","max-video-preview":"max-video-preview:-1"},"canonical":"https:\/\/urbeamea.ro\/albaiulia\/gabriel-nemes-un-tanar-din-alba-iulia-se-zbate-intre-viata-si-moarte-la-un-spital-din-cluj-napoca-are-nevoie-de-donare-de-sange\/","twitter_card":"summary_large_image","twitter_title":"Gabriel Neme\u015f, un t\u00e2n\u0103r din Alba Iulia se zbate \u00eentre via\u0163\u0103 \u015fi moarte la un spital din Cluj Napoca. Are nevoie de donare de s\u00e2nge - Revista Urbea Mea - Revista de Alba","twitter_description":"Un t\u00e2n\u0103r \u00een v\u00e2rst\u0103 de 22 de ani din \u015eona, jude\u0163ul Alba se zbate \u00eentre via\u0163\u0103 \u015fi moarte la un spital din Cluj-Napoca dup\u0103 ce a fost grav r\u0103nit grav \u00een urma","twitter_image":"https:\/\/urbeamea.ro\/albaiulia\/wp-content\/uploads\/2017\/01\/nemes-gabriel.jpg","twitter_creator":"@urbeameaweb","twitter_site":"@urbeameaweb","schema":{"@context":"https:\/\/schema.org","@graph":[{"@type":"Article","@id":"https:\/\/urbeamea.ro\/albaiulia\/gabriel-nemes-un-tanar-din-alba-iulia-se-zbate-intre-viata-si-moarte-la-un-spital-din-cluj-napoca-are-nevoie-de-donare-de-sange\/#article","isPartOf":{"@id":"https:\/\/urbeamea.ro\/albaiulia\/gabriel-nemes-un-tanar-din-alba-iulia-se-zbate-intre-viata-si-moarte-la-un-spital-din-cluj-napoca-are-nevoie-de-donare-de-sange\/"},"author":{"name":"Cristina Ganga","@id":"https:\/\/urbeamea.ro\/albaiulia\/#\/schema\/person\/9700d21fae21c4f038b0b56f4506264a"},"headline":"Gabriel Neme\u015f, un t\u00e2n\u0103r din Alba Iulia se zbate \u00eentre via\u0163\u0103 \u015fi moarte la un spital din Cluj Napoca. Are nevoie de donare de s\u00e2nge","datePublished":"2017-01-30T07:22:23+00:00","dateModified":"2017-01-30T07:26:05+00:00","mainEntityOfPage":{"@id":"https:\/\/urbeamea.ro\/albaiulia\/gabriel-nemes-un-tanar-din-alba-iulia-se-zbate-intre-viata-si-moarte-la-un-spital-din-cluj-napoca-are-nevoie-de-donare-de-sange\/"},"wordCount":331,"commentCount":0,"image":{"@id":"https:\/\/urbeamea.ro\/albaiulia\/gabriel-nemes-un-tanar-din-alba-iulia-se-zbate-intre-viata-si-moarte-la-un-spital-din-cluj-napoca-are-nevoie-de-donare-de-sange\/#primaryimage"},"thumbnailUrl":"https:\/\/urbeamea.ro\/albaiulia\/wp-content\/uploads\/2017\/01\/nemes-gabriel.jpg","keywords":["accident grav","campanie","donare de sange","gabriel nemes","S\u00e2ncel","spital","stiri","transfuzie","Urbea Mea"],"articleSection":["\u015etiri Urbane"],"inLanguage":"ro-RO","potentialAction":[{"@type":"CommentAction","name":"Comment","target":["https:\/\/urbeamea.ro\/albaiulia\/gabriel-nemes-un-tanar-din-alba-iulia-se-zbate-intre-viata-si-moarte-la-un-spital-din-cluj-napoca-are-nevoie-de-donare-de-sange\/#respond"]}]},{"@type":"WebPage","@id":"https:\/\/urbeamea.ro\/albaiulia\/gabriel-nemes-un-tanar-din-alba-iulia-se-zbate-intre-viata-si-moarte-la-un-spital-din-cluj-napoca-are-nevoie-de-donare-de-sange\/","url":"https:\/\/urbeamea.ro\/albaiulia\/gabriel-nemes-un-tanar-din-alba-iulia-se-zbate-intre-viata-si-moarte-la-un-spital-din-cluj-napoca-are-nevoie-de-donare-de-sange\/","name":"Gabriel Neme\u015f, un t\u00e2n\u0103r din Alba Iulia se zbate \u00eentre via\u0163\u0103 \u015fi moarte la un spital din Cluj Napoca. Are nevoie de donare de s\u00e2nge - Revista Urbea Mea - Revista de Alba","isPartOf":{"@id":"https:\/\/urbeamea.ro\/albaiulia\/#website"},"primaryImageOfPage":{"@id":"https:\/\/urbeamea.ro\/albaiulia\/gabriel-nemes-un-tanar-din-alba-iulia-se-zbate-intre-viata-si-moarte-la-un-spital-din-cluj-napoca-are-nevoie-de-donare-de-sange\/#primaryimage"},"image":{"@id":"https:\/\/urbeamea.ro\/albaiulia\/gabriel-nemes-un-tanar-din-alba-iulia-se-zbate-intre-viata-si-moarte-la-un-spital-din-cluj-napoca-are-nevoie-de-donare-de-sange\/#primaryimage"},"thumbnailUrl":"https:\/\/urbeamea.ro\/albaiulia\/wp-content\/uploads\/2017\/01\/nemes-gabriel.jpg","datePublished":"2017-01-30T07:22:23+00:00","dateModified":"2017-01-30T07:26:05+00:00","author":{"@id":"https:\/\/urbeamea.ro\/albaiulia\/#\/schema\/person\/9700d21fae21c4f038b0b56f4506264a"},"description":"Un t\u00e2n\u0103r \u00een v\u00e2rst\u0103 de 22 de ani din \u015eona, jude\u0163ul Alba se zbate \u00eentre via\u0163\u0103 \u015fi moarte la un spital din Cluj-Napoca dup\u0103 ce a fost grav r\u0103nit grav \u00een urma","breadcrumb":{"@id":"https:\/\/urbeamea.ro\/albaiulia\/gabriel-nemes-un-tanar-din-alba-iulia-se-zbate-intre-viata-si-moarte-la-un-spital-din-cluj-napoca-are-nevoie-de-donare-de-sange\/#breadcrumb"},"inLanguage":"ro-RO","potentialAction":[{"@type":"ReadAction","target":["https:\/\/urbeamea.ro\/albaiulia\/gabriel-nemes-un-tanar-din-alba-iulia-se-zbate-intre-viata-si-moarte-la-un-spital-din-cluj-napoca-are-nevoie-de-donare-de-sange\/"]}]},{"@type":"ImageObject","inLanguage":"ro-RO","@id":"https:\/\/urbeamea.ro\/albaiulia\/gabriel-nemes-un-tanar-din-alba-iulia-se-zbate-intre-viata-si-moarte-la-un-spital-din-cluj-napoca-are-nevoie-de-donare-de-sange\/#primaryimage","url":"https:\/\/urbeamea.ro\/albaiulia\/wp-content\/uploads\/2017\/01\/nemes-gabriel.jpg","contentUrl":"https:\/\/urbeamea.ro\/albaiulia\/wp-content\/uploads\/2017\/01\/nemes-gabriel.jpg","width":480,"height":480},{"@type":"BreadcrumbList","@id":"https:\/\/urbeamea.ro\/albaiulia\/gabriel-nemes-un-tanar-din-alba-iulia-se-zbate-intre-viata-si-moarte-la-un-spital-din-cluj-napoca-are-nevoie-de-donare-de-sange\/#breadcrumb","itemListElement":[{"@type":"ListItem","position":1,"name":"Prima pagin\u0103","item":"https:\/\/urbeamea.ro\/albaiulia\/"},{"@type":"ListItem","position":2,"name":"Gabriel Neme\u015f, un t\u00e2n\u0103r din Alba Iulia se zbate \u00eentre via\u0163\u0103 \u015fi moarte la un spital din Cluj Napoca. Are nevoie de donare de s\u00e2nge"}]},{"@type":"WebSite","@id":"https:\/\/urbeamea.ro\/albaiulia\/#website","url":"https:\/\/urbeamea.ro\/albaiulia\/","name":"Revista Urbea Mea, Stiri urbane","description":"Evenimente \u0219i \u0219tiri din Alba Iulia, Sebe\u0219, Aiud, Blaj","potentialAction":[{"@type":"SearchAction","target":{"@type":"EntryPoint","urlTemplate":"https:\/\/urbeamea.ro\/albaiulia\/?s={search_term_string}"},"query-input":{"@type":"PropertyValueSpecification","valueRequired":true,"valueName":"search_term_string"}}],"inLanguage":"ro-RO"},{"@type":"Person","@id":"https:\/\/urbeamea.ro\/albaiulia\/#\/schema\/person\/9700d21fae21c4f038b0b56f4506264a","name":"Cristina Ganga","image":{"@type":"ImageObject","inLanguage":"ro-RO","@id":"https:\/\/secure.gravatar.com\/avatar\/5a67661041f057b4a8ccaf26f5a8e86e2689372006d01faf3dd9eeb10b654bb4?s=96&d=mm&r=g","url":"https:\/\/secure.gravatar.com\/avatar\/5a67661041f057b4a8ccaf26f5a8e86e2689372006d01faf3dd9eeb10b654bb4?s=96&d=mm&r=g","contentUrl":"https:\/\/secure.gravatar.com\/avatar\/5a67661041f057b4a8ccaf26f5a8e86e2689372006d01faf3dd9eeb10b654bb4?s=96&d=mm&r=g","caption":"Cristina Ganga"},"description":"Jurnalist","sameAs":["https:\/\/www.facebook.com\/cristina.nicola.587"],"url":"https:\/\/urbeamea.ro\/albaiulia\/author\/cristina-nicola\/"}]}},"_links":{"self":[{"href":"https:\/\/urbeamea.ro\/albaiulia\/wp-json\/wp\/v2\/posts\/39253","targetHints":{"allow":["GET"]}}],"collection":[{"href":"https:\/\/urbeamea.ro\/albaiulia\/wp-json\/wp\/v2\/posts"}],"about":[{"href":"https:\/\/urbeamea.ro\/albaiulia\/wp-json\/wp\/v2\/types\/post"}],"author":[{"embeddable":true,"href":"https:\/\/urbeamea.ro\/albaiulia\/wp-json\/wp\/v2\/users\/17"}],"replies":[{"embeddable":true,"href":"https:\/\/urbeamea.ro\/albaiulia\/wp-json\/wp\/v2\/comments?post=39253"}],"version-history":[{"count":0,"href":"https:\/\/urbeamea.ro\/albaiulia\/wp-json\/wp\/v2\/posts\/39253\/revisions"}],"wp:featuredmedia":[{"embeddable":true,"href":"https:\/\/urbeamea.ro\/albaiulia\/wp-json\/wp\/v2\/media\/39255"}],"wp:attachment":[{"href":"https:\/\/urbeamea.ro\/albaiulia\/wp-json\/wp\/v2\/media?parent=39253"}],"wp:term":[{"taxonomy":"category","embeddable":true,"href":"https:\/\/urbeamea.ro\/albaiulia\/wp-json\/wp\/v2\/categories?post=39253"},{"taxonomy":"post_tag","embeddable":true,"href":"https:\/\/urbeamea.ro\/albaiulia\/wp-json\/wp\/v2\/tags?post=39253"}],"curies":[{"name":"wp","href":"https:\/\/api.w.org\/{rel}","templated":true}]}}