{"id":39281,"date":"2017-01-30T14:49:03","date_gmt":"2017-01-30T12:49:03","guid":{"rendered":"http:\/\/urbeamea.ro\/albaiulia\/?p=39281"},"modified":"2017-01-30T14:49:03","modified_gmt":"2017-01-30T12:49:03","slug":"accident-rutier-grav-la-sancel-un-tanar-a-ajuns-la-spital-dupa-ce-a-intrat-cu-masina-intr-un-cap-de-pod","status":"publish","type":"post","link":"https:\/\/urbeamea.ro\/albaiulia\/accident-rutier-grav-la-sancel-un-tanar-a-ajuns-la-spital-dupa-ce-a-intrat-cu-masina-intr-un-cap-de-pod\/","title":{"rendered":"Accident rutier grav la S\u00e2ncel: Un t\u00e2n\u0103r a ajuns la spital dup\u0103 ce a intrat cu ma\u015fina \u00eentr-un cap de pod"},"content":{"rendered":"<p><strong>Un accident rutier s-a petrecut s\u00e2mb\u0103t\u0103, 28 ianuarie, \u00een jurul orei 15.00, pe raza localit\u0103\u021bii S\u00e2ncel. Un t\u00e2n\u0103r \u00een v\u00e2rst\u0103 de 22 de ani a ajuns la spital dup\u0103 ce a pierdut controlul asupra autoturismului \u0219i a intrat \u00eentr-un cap de pod \u0219i apoi \u00een zidul unei case.<\/strong><\/p>\n<p>Potrivit IPJ Alba, l<span lang=\"ro-RO\">a data de 28.01.2017, \u00een jurul orelor 14.05, Poli\u0163ia municipiului Blaj a fost sesizat\u0103 cu privire la faptul c\u0103 pe strada Mihail Eminescu din comuna S\u00eencel a avut loc un accident rutier. <\/span><\/p>\n<p><span lang=\"ro-RO\">Din primele cercet\u0103ri efectuat de poli\u0163i\u015fti a rezultat c\u0103 N.G., de 22 de ani, din comuna \u0218ona, \u00een timp ce conducea un autoturism \u00een direc\u0163ia Jidvei \u2013 Blaj, nu a adaptat viteza la condi\u0163iile de drum \u015fi \u00eentr-o curb\u0103 a pierdut controlul asupra autoturismului, intr\u00e2nd \u00een coliziune cu un cap\u0103t de pod \u015fi ulterior cu zidul unei case. <\/span><\/p>\n<p>\u00cen urma accidentului, conduc\u0103torul auto a suferit leziuni corporale grave.<\/p>\n<p>Cercet\u0103rile sunt continuate.<\/p>\n","protected":false},"excerpt":{"rendered":"<p>Un accident rutier s-a petrecut s\u00e2mb\u0103t\u0103, 28 ianuarie, \u00een jurul orei 15.00, pe raza localit\u0103\u021bii S\u00e2ncel. Un t\u00e2n\u0103r \u00een v\u00e2rst\u0103 de 22 de ani a ajuns la spital dup\u0103 ce a pierdut controlul asupra autoturismului \u0219i a intrat \u00eentr-un cap de pod \u0219i apoi \u00een zidul unei case. Potrivit IPJ Alba, la data de 28.01.2017, &hellip;<\/p>\n","protected":false},"author":17,"featured_media":39254,"comment_status":"open","ping_status":"open","sticky":false,"template":"","format":"standard","meta":{"inline_featured_image":false,"footnotes":""},"categories":[2034],"tags":[8226,307,2929,9734,1473,2198,308,2533,76],"class_list":["post-39281","post","type-post","status-publish","format-standard","has-post-thumbnail","hentry","category-social","tag-accident-grav","tag-alba","tag-cap-de-pod","tag-leziuni-corporale-grave","tag-masina","tag-spital","tag-stiri","tag-tanar","tag-urbea-mea"],"yoast_head":"<!-- This site is optimized with the Yoast SEO plugin v27.4 - https:\/\/yoast.com\/product\/yoast-seo-wordpress\/ -->\n<title>Accident rutier grav la S\u00e2ncel: Un t\u00e2n\u0103r a ajuns la spital dup\u0103 ce a intrat cu ma\u015fina \u00eentr-un cap de pod - Revista Urbea Mea - Revista de Alba<\/title>\n<meta name=\"description\" content=\"Un accident rutier s-a petrecut s\u00e2mb\u0103t\u0103, 28 ianuarie, \u00een jurul orei 15.00, pe raza localit\u0103\u021bii S\u00e2ncel. Un t\u00e2n\u0103r \u00een v\u00e2rst\u0103 de 22 de ani a ajuns la spital\" \/>\n<meta name=\"robots\" content=\"index, follow, max-snippet:-1, max-image-preview:large, max-video-preview:-1\" \/>\n<link rel=\"canonical\" href=\"https:\/\/urbeamea.ro\/albaiulia\/accident-rutier-grav-la-sancel-un-tanar-a-ajuns-la-spital-dupa-ce-a-intrat-cu-masina-intr-un-cap-de-pod\/\" \/>\n<meta name=\"twitter:card\" content=\"summary_large_image\" \/>\n<meta name=\"twitter:title\" content=\"Accident rutier grav la S\u00e2ncel: Un t\u00e2n\u0103r a ajuns la spital dup\u0103 ce a intrat cu ma\u015fina \u00eentr-un cap de pod - Revista Urbea Mea - Revista de Alba\" \/>\n<meta name=\"twitter:description\" content=\"Un accident rutier s-a petrecut s\u00e2mb\u0103t\u0103, 28 ianuarie, \u00een jurul orei 15.00, pe raza localit\u0103\u021bii S\u00e2ncel. Un t\u00e2n\u0103r \u00een v\u00e2rst\u0103 de 22 de ani a ajuns la spital\" \/>\n<meta name=\"twitter:image\" content=\"https:\/\/urbeamea.ro\/albaiulia\/wp-content\/uploads\/2017\/01\/accident.jpg\" \/>\n<meta name=\"twitter:creator\" content=\"@urbeameaweb\" \/>\n<meta name=\"twitter:site\" content=\"@urbeameaweb\" \/>\n<script type=\"application\/ld+json\" class=\"yoast-schema-graph\">{\"@context\":\"https:\\\/\\\/schema.org\",\"@graph\":[{\"@type\":\"Article\",\"@id\":\"https:\\\/\\\/urbeamea.ro\\\/albaiulia\\\/accident-rutier-grav-la-sancel-un-tanar-a-ajuns-la-spital-dupa-ce-a-intrat-cu-masina-intr-un-cap-de-pod\\\/#article\",\"isPartOf\":{\"@id\":\"https:\\\/\\\/urbeamea.ro\\\/albaiulia\\\/accident-rutier-grav-la-sancel-un-tanar-a-ajuns-la-spital-dupa-ce-a-intrat-cu-masina-intr-un-cap-de-pod\\\/\"},\"author\":{\"name\":\"Cristina Ganga\",\"@id\":\"https:\\\/\\\/urbeamea.ro\\\/albaiulia\\\/#\\\/schema\\\/person\\\/9700d21fae21c4f038b0b56f4506264a\"},\"headline\":\"Accident rutier grav la S\u00e2ncel: Un t\u00e2n\u0103r a ajuns la spital dup\u0103 ce a intrat cu ma\u015fina \u00eentr-un cap de pod\",\"datePublished\":\"2017-01-30T12:49:03+00:00\",\"mainEntityOfPage\":{\"@id\":\"https:\\\/\\\/urbeamea.ro\\\/albaiulia\\\/accident-rutier-grav-la-sancel-un-tanar-a-ajuns-la-spital-dupa-ce-a-intrat-cu-masina-intr-un-cap-de-pod\\\/\"},\"wordCount\":191,\"commentCount\":0,\"image\":{\"@id\":\"https:\\\/\\\/urbeamea.ro\\\/albaiulia\\\/accident-rutier-grav-la-sancel-un-tanar-a-ajuns-la-spital-dupa-ce-a-intrat-cu-masina-intr-un-cap-de-pod\\\/#primaryimage\"},\"thumbnailUrl\":\"https:\\\/\\\/urbeamea.ro\\\/albaiulia\\\/wp-content\\\/uploads\\\/2017\\\/01\\\/accident.jpg\",\"keywords\":[\"accident grav\",\"alba\",\"cap de pod\",\"leziuni corporale grave\",\"masina\",\"spital\",\"stiri\",\"tanar\",\"Urbea Mea\"],\"articleSection\":[\"Social\"],\"inLanguage\":\"ro-RO\",\"potentialAction\":[{\"@type\":\"CommentAction\",\"name\":\"Comment\",\"target\":[\"https:\\\/\\\/urbeamea.ro\\\/albaiulia\\\/accident-rutier-grav-la-sancel-un-tanar-a-ajuns-la-spital-dupa-ce-a-intrat-cu-masina-intr-un-cap-de-pod\\\/#respond\"]}]},{\"@type\":\"WebPage\",\"@id\":\"https:\\\/\\\/urbeamea.ro\\\/albaiulia\\\/accident-rutier-grav-la-sancel-un-tanar-a-ajuns-la-spital-dupa-ce-a-intrat-cu-masina-intr-un-cap-de-pod\\\/\",\"url\":\"https:\\\/\\\/urbeamea.ro\\\/albaiulia\\\/accident-rutier-grav-la-sancel-un-tanar-a-ajuns-la-spital-dupa-ce-a-intrat-cu-masina-intr-un-cap-de-pod\\\/\",\"name\":\"Accident rutier grav la S\u00e2ncel: Un t\u00e2n\u0103r a ajuns la spital dup\u0103 ce a intrat cu ma\u015fina \u00eentr-un cap de pod - Revista Urbea Mea - Revista de Alba\",\"isPartOf\":{\"@id\":\"https:\\\/\\\/urbeamea.ro\\\/albaiulia\\\/#website\"},\"primaryImageOfPage\":{\"@id\":\"https:\\\/\\\/urbeamea.ro\\\/albaiulia\\\/accident-rutier-grav-la-sancel-un-tanar-a-ajuns-la-spital-dupa-ce-a-intrat-cu-masina-intr-un-cap-de-pod\\\/#primaryimage\"},\"image\":{\"@id\":\"https:\\\/\\\/urbeamea.ro\\\/albaiulia\\\/accident-rutier-grav-la-sancel-un-tanar-a-ajuns-la-spital-dupa-ce-a-intrat-cu-masina-intr-un-cap-de-pod\\\/#primaryimage\"},\"thumbnailUrl\":\"https:\\\/\\\/urbeamea.ro\\\/albaiulia\\\/wp-content\\\/uploads\\\/2017\\\/01\\\/accident.jpg\",\"datePublished\":\"2017-01-30T12:49:03+00:00\",\"author\":{\"@id\":\"https:\\\/\\\/urbeamea.ro\\\/albaiulia\\\/#\\\/schema\\\/person\\\/9700d21fae21c4f038b0b56f4506264a\"},\"description\":\"Un accident rutier s-a petrecut s\u00e2mb\u0103t\u0103, 28 ianuarie, \u00een jurul orei 15.00, pe raza localit\u0103\u021bii S\u00e2ncel. Un t\u00e2n\u0103r \u00een v\u00e2rst\u0103 de 22 de ani a ajuns la spital\",\"breadcrumb\":{\"@id\":\"https:\\\/\\\/urbeamea.ro\\\/albaiulia\\\/accident-rutier-grav-la-sancel-un-tanar-a-ajuns-la-spital-dupa-ce-a-intrat-cu-masina-intr-un-cap-de-pod\\\/#breadcrumb\"},\"inLanguage\":\"ro-RO\",\"potentialAction\":[{\"@type\":\"ReadAction\",\"target\":[\"https:\\\/\\\/urbeamea.ro\\\/albaiulia\\\/accident-rutier-grav-la-sancel-un-tanar-a-ajuns-la-spital-dupa-ce-a-intrat-cu-masina-intr-un-cap-de-pod\\\/\"]}]},{\"@type\":\"ImageObject\",\"inLanguage\":\"ro-RO\",\"@id\":\"https:\\\/\\\/urbeamea.ro\\\/albaiulia\\\/accident-rutier-grav-la-sancel-un-tanar-a-ajuns-la-spital-dupa-ce-a-intrat-cu-masina-intr-un-cap-de-pod\\\/#primaryimage\",\"url\":\"https:\\\/\\\/urbeamea.ro\\\/albaiulia\\\/wp-content\\\/uploads\\\/2017\\\/01\\\/accident.jpg\",\"contentUrl\":\"https:\\\/\\\/urbeamea.ro\\\/albaiulia\\\/wp-content\\\/uploads\\\/2017\\\/01\\\/accident.jpg\",\"width\":646,\"height\":404},{\"@type\":\"BreadcrumbList\",\"@id\":\"https:\\\/\\\/urbeamea.ro\\\/albaiulia\\\/accident-rutier-grav-la-sancel-un-tanar-a-ajuns-la-spital-dupa-ce-a-intrat-cu-masina-intr-un-cap-de-pod\\\/#breadcrumb\",\"itemListElement\":[{\"@type\":\"ListItem\",\"position\":1,\"name\":\"Prima pagin\u0103\",\"item\":\"https:\\\/\\\/urbeamea.ro\\\/albaiulia\\\/\"},{\"@type\":\"ListItem\",\"position\":2,\"name\":\"Accident rutier grav la S\u00e2ncel: Un t\u00e2n\u0103r a ajuns la spital dup\u0103 ce a intrat cu ma\u015fina \u00eentr-un cap de pod\"}]},{\"@type\":\"WebSite\",\"@id\":\"https:\\\/\\\/urbeamea.ro\\\/albaiulia\\\/#website\",\"url\":\"https:\\\/\\\/urbeamea.ro\\\/albaiulia\\\/\",\"name\":\"Revista Urbea Mea, Stiri urbane\",\"description\":\"Evenimente \u0219i \u0219tiri din Alba Iulia, Sebe\u0219, Aiud, Blaj\",\"potentialAction\":[{\"@type\":\"SearchAction\",\"target\":{\"@type\":\"EntryPoint\",\"urlTemplate\":\"https:\\\/\\\/urbeamea.ro\\\/albaiulia\\\/?s={search_term_string}\"},\"query-input\":{\"@type\":\"PropertyValueSpecification\",\"valueRequired\":true,\"valueName\":\"search_term_string\"}}],\"inLanguage\":\"ro-RO\"},{\"@type\":\"Person\",\"@id\":\"https:\\\/\\\/urbeamea.ro\\\/albaiulia\\\/#\\\/schema\\\/person\\\/9700d21fae21c4f038b0b56f4506264a\",\"name\":\"Cristina Ganga\",\"image\":{\"@type\":\"ImageObject\",\"inLanguage\":\"ro-RO\",\"@id\":\"https:\\\/\\\/secure.gravatar.com\\\/avatar\\\/5a67661041f057b4a8ccaf26f5a8e86e2689372006d01faf3dd9eeb10b654bb4?s=96&d=mm&r=g\",\"url\":\"https:\\\/\\\/secure.gravatar.com\\\/avatar\\\/5a67661041f057b4a8ccaf26f5a8e86e2689372006d01faf3dd9eeb10b654bb4?s=96&d=mm&r=g\",\"contentUrl\":\"https:\\\/\\\/secure.gravatar.com\\\/avatar\\\/5a67661041f057b4a8ccaf26f5a8e86e2689372006d01faf3dd9eeb10b654bb4?s=96&d=mm&r=g\",\"caption\":\"Cristina Ganga\"},\"description\":\"Jurnalist\",\"sameAs\":[\"https:\\\/\\\/www.facebook.com\\\/cristina.nicola.587\"],\"url\":\"https:\\\/\\\/urbeamea.ro\\\/albaiulia\\\/author\\\/cristina-nicola\\\/\"}]}<\/script>\n<!-- \/ Yoast SEO plugin. -->","yoast_head_json":{"title":"Accident rutier grav la S\u00e2ncel: Un t\u00e2n\u0103r a ajuns la spital dup\u0103 ce a intrat cu ma\u015fina \u00eentr-un cap de pod - Revista Urbea Mea - Revista de Alba","description":"Un accident rutier s-a petrecut s\u00e2mb\u0103t\u0103, 28 ianuarie, \u00een jurul orei 15.00, pe raza localit\u0103\u021bii S\u00e2ncel. Un t\u00e2n\u0103r \u00een v\u00e2rst\u0103 de 22 de ani a ajuns la spital","robots":{"index":"index","follow":"follow","max-snippet":"max-snippet:-1","max-image-preview":"max-image-preview:large","max-video-preview":"max-video-preview:-1"},"canonical":"https:\/\/urbeamea.ro\/albaiulia\/accident-rutier-grav-la-sancel-un-tanar-a-ajuns-la-spital-dupa-ce-a-intrat-cu-masina-intr-un-cap-de-pod\/","twitter_card":"summary_large_image","twitter_title":"Accident rutier grav la S\u00e2ncel: Un t\u00e2n\u0103r a ajuns la spital dup\u0103 ce a intrat cu ma\u015fina \u00eentr-un cap de pod - Revista Urbea Mea - Revista de Alba","twitter_description":"Un accident rutier s-a petrecut s\u00e2mb\u0103t\u0103, 28 ianuarie, \u00een jurul orei 15.00, pe raza localit\u0103\u021bii S\u00e2ncel. Un t\u00e2n\u0103r \u00een v\u00e2rst\u0103 de 22 de ani a ajuns la spital","twitter_image":"https:\/\/urbeamea.ro\/albaiulia\/wp-content\/uploads\/2017\/01\/accident.jpg","twitter_creator":"@urbeameaweb","twitter_site":"@urbeameaweb","schema":{"@context":"https:\/\/schema.org","@graph":[{"@type":"Article","@id":"https:\/\/urbeamea.ro\/albaiulia\/accident-rutier-grav-la-sancel-un-tanar-a-ajuns-la-spital-dupa-ce-a-intrat-cu-masina-intr-un-cap-de-pod\/#article","isPartOf":{"@id":"https:\/\/urbeamea.ro\/albaiulia\/accident-rutier-grav-la-sancel-un-tanar-a-ajuns-la-spital-dupa-ce-a-intrat-cu-masina-intr-un-cap-de-pod\/"},"author":{"name":"Cristina Ganga","@id":"https:\/\/urbeamea.ro\/albaiulia\/#\/schema\/person\/9700d21fae21c4f038b0b56f4506264a"},"headline":"Accident rutier grav la S\u00e2ncel: Un t\u00e2n\u0103r a ajuns la spital dup\u0103 ce a intrat cu ma\u015fina \u00eentr-un cap de pod","datePublished":"2017-01-30T12:49:03+00:00","mainEntityOfPage":{"@id":"https:\/\/urbeamea.ro\/albaiulia\/accident-rutier-grav-la-sancel-un-tanar-a-ajuns-la-spital-dupa-ce-a-intrat-cu-masina-intr-un-cap-de-pod\/"},"wordCount":191,"commentCount":0,"image":{"@id":"https:\/\/urbeamea.ro\/albaiulia\/accident-rutier-grav-la-sancel-un-tanar-a-ajuns-la-spital-dupa-ce-a-intrat-cu-masina-intr-un-cap-de-pod\/#primaryimage"},"thumbnailUrl":"https:\/\/urbeamea.ro\/albaiulia\/wp-content\/uploads\/2017\/01\/accident.jpg","keywords":["accident grav","alba","cap de pod","leziuni corporale grave","masina","spital","stiri","tanar","Urbea Mea"],"articleSection":["Social"],"inLanguage":"ro-RO","potentialAction":[{"@type":"CommentAction","name":"Comment","target":["https:\/\/urbeamea.ro\/albaiulia\/accident-rutier-grav-la-sancel-un-tanar-a-ajuns-la-spital-dupa-ce-a-intrat-cu-masina-intr-un-cap-de-pod\/#respond"]}]},{"@type":"WebPage","@id":"https:\/\/urbeamea.ro\/albaiulia\/accident-rutier-grav-la-sancel-un-tanar-a-ajuns-la-spital-dupa-ce-a-intrat-cu-masina-intr-un-cap-de-pod\/","url":"https:\/\/urbeamea.ro\/albaiulia\/accident-rutier-grav-la-sancel-un-tanar-a-ajuns-la-spital-dupa-ce-a-intrat-cu-masina-intr-un-cap-de-pod\/","name":"Accident rutier grav la S\u00e2ncel: Un t\u00e2n\u0103r a ajuns la spital dup\u0103 ce a intrat cu ma\u015fina \u00eentr-un cap de pod - Revista Urbea Mea - Revista de Alba","isPartOf":{"@id":"https:\/\/urbeamea.ro\/albaiulia\/#website"},"primaryImageOfPage":{"@id":"https:\/\/urbeamea.ro\/albaiulia\/accident-rutier-grav-la-sancel-un-tanar-a-ajuns-la-spital-dupa-ce-a-intrat-cu-masina-intr-un-cap-de-pod\/#primaryimage"},"image":{"@id":"https:\/\/urbeamea.ro\/albaiulia\/accident-rutier-grav-la-sancel-un-tanar-a-ajuns-la-spital-dupa-ce-a-intrat-cu-masina-intr-un-cap-de-pod\/#primaryimage"},"thumbnailUrl":"https:\/\/urbeamea.ro\/albaiulia\/wp-content\/uploads\/2017\/01\/accident.jpg","datePublished":"2017-01-30T12:49:03+00:00","author":{"@id":"https:\/\/urbeamea.ro\/albaiulia\/#\/schema\/person\/9700d21fae21c4f038b0b56f4506264a"},"description":"Un accident rutier s-a petrecut s\u00e2mb\u0103t\u0103, 28 ianuarie, \u00een jurul orei 15.00, pe raza localit\u0103\u021bii S\u00e2ncel. Un t\u00e2n\u0103r \u00een v\u00e2rst\u0103 de 22 de ani a ajuns la spital","breadcrumb":{"@id":"https:\/\/urbeamea.ro\/albaiulia\/accident-rutier-grav-la-sancel-un-tanar-a-ajuns-la-spital-dupa-ce-a-intrat-cu-masina-intr-un-cap-de-pod\/#breadcrumb"},"inLanguage":"ro-RO","potentialAction":[{"@type":"ReadAction","target":["https:\/\/urbeamea.ro\/albaiulia\/accident-rutier-grav-la-sancel-un-tanar-a-ajuns-la-spital-dupa-ce-a-intrat-cu-masina-intr-un-cap-de-pod\/"]}]},{"@type":"ImageObject","inLanguage":"ro-RO","@id":"https:\/\/urbeamea.ro\/albaiulia\/accident-rutier-grav-la-sancel-un-tanar-a-ajuns-la-spital-dupa-ce-a-intrat-cu-masina-intr-un-cap-de-pod\/#primaryimage","url":"https:\/\/urbeamea.ro\/albaiulia\/wp-content\/uploads\/2017\/01\/accident.jpg","contentUrl":"https:\/\/urbeamea.ro\/albaiulia\/wp-content\/uploads\/2017\/01\/accident.jpg","width":646,"height":404},{"@type":"BreadcrumbList","@id":"https:\/\/urbeamea.ro\/albaiulia\/accident-rutier-grav-la-sancel-un-tanar-a-ajuns-la-spital-dupa-ce-a-intrat-cu-masina-intr-un-cap-de-pod\/#breadcrumb","itemListElement":[{"@type":"ListItem","position":1,"name":"Prima pagin\u0103","item":"https:\/\/urbeamea.ro\/albaiulia\/"},{"@type":"ListItem","position":2,"name":"Accident rutier grav la S\u00e2ncel: Un t\u00e2n\u0103r a ajuns la spital dup\u0103 ce a intrat cu ma\u015fina \u00eentr-un cap de pod"}]},{"@type":"WebSite","@id":"https:\/\/urbeamea.ro\/albaiulia\/#website","url":"https:\/\/urbeamea.ro\/albaiulia\/","name":"Revista Urbea Mea, Stiri urbane","description":"Evenimente \u0219i \u0219tiri din Alba Iulia, Sebe\u0219, Aiud, Blaj","potentialAction":[{"@type":"SearchAction","target":{"@type":"EntryPoint","urlTemplate":"https:\/\/urbeamea.ro\/albaiulia\/?s={search_term_string}"},"query-input":{"@type":"PropertyValueSpecification","valueRequired":true,"valueName":"search_term_string"}}],"inLanguage":"ro-RO"},{"@type":"Person","@id":"https:\/\/urbeamea.ro\/albaiulia\/#\/schema\/person\/9700d21fae21c4f038b0b56f4506264a","name":"Cristina Ganga","image":{"@type":"ImageObject","inLanguage":"ro-RO","@id":"https:\/\/secure.gravatar.com\/avatar\/5a67661041f057b4a8ccaf26f5a8e86e2689372006d01faf3dd9eeb10b654bb4?s=96&d=mm&r=g","url":"https:\/\/secure.gravatar.com\/avatar\/5a67661041f057b4a8ccaf26f5a8e86e2689372006d01faf3dd9eeb10b654bb4?s=96&d=mm&r=g","contentUrl":"https:\/\/secure.gravatar.com\/avatar\/5a67661041f057b4a8ccaf26f5a8e86e2689372006d01faf3dd9eeb10b654bb4?s=96&d=mm&r=g","caption":"Cristina Ganga"},"description":"Jurnalist","sameAs":["https:\/\/www.facebook.com\/cristina.nicola.587"],"url":"https:\/\/urbeamea.ro\/albaiulia\/author\/cristina-nicola\/"}]}},"_links":{"self":[{"href":"https:\/\/urbeamea.ro\/albaiulia\/wp-json\/wp\/v2\/posts\/39281","targetHints":{"allow":["GET"]}}],"collection":[{"href":"https:\/\/urbeamea.ro\/albaiulia\/wp-json\/wp\/v2\/posts"}],"about":[{"href":"https:\/\/urbeamea.ro\/albaiulia\/wp-json\/wp\/v2\/types\/post"}],"author":[{"embeddable":true,"href":"https:\/\/urbeamea.ro\/albaiulia\/wp-json\/wp\/v2\/users\/17"}],"replies":[{"embeddable":true,"href":"https:\/\/urbeamea.ro\/albaiulia\/wp-json\/wp\/v2\/comments?post=39281"}],"version-history":[{"count":0,"href":"https:\/\/urbeamea.ro\/albaiulia\/wp-json\/wp\/v2\/posts\/39281\/revisions"}],"wp:featuredmedia":[{"embeddable":true,"href":"https:\/\/urbeamea.ro\/albaiulia\/wp-json\/wp\/v2\/media\/39254"}],"wp:attachment":[{"href":"https:\/\/urbeamea.ro\/albaiulia\/wp-json\/wp\/v2\/media?parent=39281"}],"wp:term":[{"taxonomy":"category","embeddable":true,"href":"https:\/\/urbeamea.ro\/albaiulia\/wp-json\/wp\/v2\/categories?post=39281"},{"taxonomy":"post_tag","embeddable":true,"href":"https:\/\/urbeamea.ro\/albaiulia\/wp-json\/wp\/v2\/tags?post=39281"}],"curies":[{"name":"wp","href":"https:\/\/api.w.org\/{rel}","templated":true}]}}