{"id":39378,"date":"2017-02-01T14:45:08","date_gmt":"2017-02-01T12:45:08","guid":{"rendered":"http:\/\/urbeamea.ro\/albaiulia\/?p=39378"},"modified":"2017-02-01T14:45:52","modified_gmt":"2017-02-01T12:45:52","slug":"gradul-de-absorbtie-a-fondurilor-europene-coordonate-de-adr-centru-a-depasit-82-pe-por-iar-pe-poscce-a-fost-de-circa-93","status":"publish","type":"post","link":"https:\/\/urbeamea.ro\/albaiulia\/gradul-de-absorbtie-a-fondurilor-europene-coordonate-de-adr-centru-a-depasit-82-pe-por-iar-pe-poscce-a-fost-de-circa-93\/","title":{"rendered":"Gradul de absorb\u021bie a fondurilor europene coordonate de ADR Centru a dep\u0103\u0219it 82% pe POR, iar pe POSCCE a fost de circa 93%"},"content":{"rendered":"<p align=\"JUSTIFY\"><strong>\u00cen Regiunea Centru, p<span lang=\"ro-RO\">rin toate programele opera\u021bionale de finan\u021bare european\u0103 nerambursabil\u0103, derulate la nivel regional \u00een perioada 2007-2013, au fost implementate peste 12.000 proiecte, a c\u0103ror valoare total\u0103 este de peste 6 miliarde euro, din care au fost atrase fonduri nerambursabile de peste 3,7 miliarde euro, transmite ADR Centru. <\/span><\/strong><\/p>\n<p align=\"JUSTIFY\">\u00ce<span lang=\"ro-RO\">ntre anii 2007-2015, ADR Centru a coordonat implementarea Programului Opera\u021bional Regional \u0219i a unor componente din cadrul Programul Opera\u021bional Sectorial pentru Cre\u0219terea Competitivit\u0103\u021bii Economice.<\/span><\/p>\n<p align=\"JUSTIFY\"><span lang=\"ro-RO\">Ca urmare a activit\u0103\u021bii Agen\u021biei, \u00een toate jude\u021bele Regiunii Centru se pot vedea acum proiectele de dezvoltare local\u0103 \u0219i regional\u0103 realizate cu finan\u021bare european\u0103, de care beneficiaz\u0103 to\u021bi locuitorii regiunii, dar \u0219i turi\u015ftii care o viziteaz\u0103, se v\u0103d acum rezultatele concrete ale proiectelor de \u00eembun\u0103t\u0103\u021bire a drumurilor, a infrastructurii \u0219colare, de s\u0103n\u0103tate sau turistic\u0103, precum \u0219i ale proiectelor de dezvoltare a ora\u0219elor \u0219i a mediului de afaceri, implementate prin ADR Centru. Aceste proiecte dep\u0103\u0219esc ca num\u0103r cifra de 1300 \u0219i au o valoare total\u0103 de peste 1,1 miliarde euro, fiind finan\u021bate \u00een principal pe POR 2007-2013, dar \u0219i pe POS CCE. Unul dintre aspectele foarte importante se refer\u0103 la gradul de absorb\u021bie al fondurilor europene. \u00cen Regiunea Centru, pe Programul Opera\u021bional Regional, 2007-2013, acest grad de absorb\u021bie a dep\u0103\u0219it 82%, iar pe programul de competitivitate, POSCCE, absorb\u021bia fondurilor alocate a dep\u0103\u0219it 93%.<\/span><\/p>\n<p align=\"JUSTIFY\"><span lang=\"ro-RO\">La data de 31 decembrie 2016 situa\u021bia \u00een cadrul Programului Opera\u021bional Regional REGIO 2007-2013 la nivelul Regiunii Centru (ce include \u0219i proiectele de Asisten\u021b\u0103 tehnic\u0103), a fost urm\u0103toarea:<\/span><\/p>\n<ul>\n<li><span lang=\"ro-RO\"> 1200 proiecte depuse;<\/span><\/li>\n<li><span lang=\"ro-RO\"> 491 proiecte contractate;<\/span><\/li>\n<li><span lang=\"ro-RO\"> 76 proiecte \u00een lista de rezerv\u0103;<\/span><\/li>\n<li><span lang=\"ro-RO\"> 5 proiecte \u00een implementare, declarate nefunc\u021bionale, cu termen de finalizare 31 decembrie 2018;<\/span><\/li>\n<li><span lang=\"ro-RO\"> 62 proiecte reziliate;<\/span><\/li>\n<li><span lang=\"ro-RO\"> 432 proiecte finalizate;<\/span><\/li>\n<li><span lang=\"ro-RO\"> 394,75 milioane euro cheltui\u021bi;<\/span><\/li>\n<li><span lang=\"ro-RO\"> 82,03% grad de absorb\u021bie a fondurilor alocate (1 euro = 4,4505 lei).<\/span><\/li>\n<\/ul>\n<p align=\"JUSTIFY\"><span lang=\"ro-RO\">Detalii despre situa\u021bia exact\u0103 a absorb\u021biei \u0219i proiectelor contractate se reg\u0103sesc pe pagina web www.regio-adrcentru.ro.<\/span><\/p>\n<p align=\"JUSTIFY\"><em>\u201e<span lang=\"ro-RO\">Au trecut zece ani de la aderarea Rom\u00e2niei la Uniunea European\u0103 \u0219i am parcurs \u00eempreun\u0103 prima perioad\u0103 de programare financiar\u0103 a fondurilor europene post-aderare. \u00cen ace\u0219ti ani fiecare cet\u0103\u021bean al Regiunii Centru a putut vedea, auzi sau citi despre Regio \u0219i fondurile investite \u00een fiecare jude\u021b, adic\u0103 Alba, Bra\u0219ov, Covasna, Harghita, Mures \u0219i Sibiu. Pe parcursul acestor ani, comunicarea dintre ADR Centru \u0219i partenerii no\u0219tri, beneficiarii proiectelor europene, a fost reciproc\u0103 \u0219i fiecare parte a \u00eencercat s\u0103 r\u0103spund\u0103 c\u00e2t mai bine solicit\u0103rilor uneori prea birocratice \u0219i cu to\u021bii ne-am adaptat mesajul nevoilor cet\u0103\u021benilor. Subliniez aceste aspecte deoarece aceast\u0103 experien\u021b\u0103 ne-a sus\u021binut mereu \u00een a fi pe primele locuri la nivel na\u021bional, \u00een domeniul dezvolt\u0103rii regionale. \u00cen acela\u0219i timp, deja avem peste 370 proiecte depuse pe noul Program Opera\u021bional Regional \u0219i vom finan\u021ba mai multe domenii, iar rezultatele ob\u021binute p\u00e2n\u0103 acum ne mobilizeaz\u0103 s\u0103 atragem c\u00e2t mai multe fonduri pentru dezvoltare la nivel regional\u201d<\/span><\/em><span lang=\"ro-RO\">, a declarat Simion Cre\u021bu, director general ADR Centru. <\/span><\/p>\n<div id='gallery-1' class='gallery galleryid-39378 gallery-columns-3 gallery-size-thumbnail'><figure class='gallery-item'>\n\t\t\t<div class='gallery-icon landscape'>\n\t\t\t\t<a href='https:\/\/urbeamea.ro\/albaiulia\/wp-content\/uploads\/2017\/02\/Axa-1-N-2.jpg'><img decoding=\"async\" width=\"150\" height=\"113\" src=\"data:image\/png;base64,iVBORw0KGgoAAAANSUhEUgAAAYYAAADcAQMAAABOLJSDAAAAA1BMVEUAAACnej3aAAAAAXRSTlMAQObYZgAAACJJREFUaIHtwTEBAAAAwqD1T20ND6AAAAAAAAAAAAAA4N8AKvgAAUFIrrEAAAAASUVORK5CYII=\" class=\"attachment-thumbnail size-thumbnail lazy-img\" alt=\"\" srcset=\"https:\/\/urbeamea.ro\/albaiulia\/wp-content\/uploads\/2017\/02\/Axa-1-N-2-150x113.jpg 150w, https:\/\/urbeamea.ro\/albaiulia\/wp-content\/uploads\/2017\/02\/Axa-1-N-2-640x480.jpg 640w, https:\/\/urbeamea.ro\/albaiulia\/wp-content\/uploads\/2017\/02\/Axa-1-N-2.jpg 700w\" sizes=\"auto, (max-width: 150px) 100vw, 150px\" data-src=\"https:\/\/urbeamea.ro\/albaiulia\/wp-content\/uploads\/2017\/02\/Axa-1-N-2-150x113.jpg\" loading=\"lazy\" \/><\/a>\n\t\t\t<\/div><\/figure><figure class='gallery-item'>\n\t\t\t<div class='gallery-icon landscape'>\n\t\t\t\t<a href='https:\/\/urbeamea.ro\/albaiulia\/wp-content\/uploads\/2017\/02\/Axa-2-N.jpg'><img decoding=\"async\" width=\"150\" height=\"92\" src=\"data:image\/png;base64,iVBORw0KGgoAAAANSUhEUgAAAYYAAADcAQMAAABOLJSDAAAAA1BMVEUAAACnej3aAAAAAXRSTlMAQObYZgAAACJJREFUaIHtwTEBAAAAwqD1T20ND6AAAAAAAAAAAAAA4N8AKvgAAUFIrrEAAAAASUVORK5CYII=\" class=\"attachment-thumbnail size-thumbnail lazy-img\" alt=\"\" srcset=\"https:\/\/urbeamea.ro\/albaiulia\/wp-content\/uploads\/2017\/02\/Axa-2-N-150x92.jpg 150w, https:\/\/urbeamea.ro\/albaiulia\/wp-content\/uploads\/2017\/02\/Axa-2-N-640x393.jpg 640w, https:\/\/urbeamea.ro\/albaiulia\/wp-content\/uploads\/2017\/02\/Axa-2-N-768x471.jpg 768w, https:\/\/urbeamea.ro\/albaiulia\/wp-content\/uploads\/2017\/02\/Axa-2-N.jpg 1280w, https:\/\/urbeamea.ro\/albaiulia\/wp-content\/uploads\/2017\/02\/Axa-2-N-770x470.jpg 770w, https:\/\/urbeamea.ro\/albaiulia\/wp-content\/uploads\/2017\/02\/Axa-2-N-265x160.jpg 265w\" sizes=\"auto, (max-width: 150px) 100vw, 150px\" data-src=\"https:\/\/urbeamea.ro\/albaiulia\/wp-content\/uploads\/2017\/02\/Axa-2-N-150x92.jpg\" loading=\"lazy\" \/><\/a>\n\t\t\t<\/div><\/figure><figure class='gallery-item'>\n\t\t\t<div class='gallery-icon landscape'>\n\t\t\t\t<a href='https:\/\/urbeamea.ro\/albaiulia\/wp-content\/uploads\/2017\/02\/Axa-4-N.jpg'><img decoding=\"async\" width=\"150\" height=\"113\" src=\"data:image\/png;base64,iVBORw0KGgoAAAANSUhEUgAAAYYAAADcAQMAAABOLJSDAAAAA1BMVEUAAACnej3aAAAAAXRSTlMAQObYZgAAACJJREFUaIHtwTEBAAAAwqD1T20ND6AAAAAAAAAAAAAA4N8AKvgAAUFIrrEAAAAASUVORK5CYII=\" class=\"attachment-thumbnail size-thumbnail lazy-img\" alt=\"\" srcset=\"https:\/\/urbeamea.ro\/albaiulia\/wp-content\/uploads\/2017\/02\/Axa-4-N-150x113.jpg 150w, https:\/\/urbeamea.ro\/albaiulia\/wp-content\/uploads\/2017\/02\/Axa-4-N-640x480.jpg 640w, https:\/\/urbeamea.ro\/albaiulia\/wp-content\/uploads\/2017\/02\/Axa-4-N-768x576.jpg 768w, https:\/\/urbeamea.ro\/albaiulia\/wp-content\/uploads\/2017\/02\/Axa-4-N.jpg 1280w\" sizes=\"auto, (max-width: 150px) 100vw, 150px\" data-src=\"https:\/\/urbeamea.ro\/albaiulia\/wp-content\/uploads\/2017\/02\/Axa-4-N-150x113.jpg\" loading=\"lazy\" \/><\/a>\n\t\t\t<\/div><\/figure><figure class='gallery-item'>\n\t\t\t<div class='gallery-icon landscape'>\n\t\t\t\t<a href='https:\/\/urbeamea.ro\/albaiulia\/wp-content\/uploads\/2017\/02\/Axa-5-N-2-2.jpg'><img decoding=\"async\" width=\"150\" height=\"113\" src=\"data:image\/png;base64,iVBORw0KGgoAAAANSUhEUgAAAYYAAADcAQMAAABOLJSDAAAAA1BMVEUAAACnej3aAAAAAXRSTlMAQObYZgAAACJJREFUaIHtwTEBAAAAwqD1T20ND6AAAAAAAAAAAAAA4N8AKvgAAUFIrrEAAAAASUVORK5CYII=\" class=\"attachment-thumbnail size-thumbnail lazy-img\" alt=\"\" srcset=\"https:\/\/urbeamea.ro\/albaiulia\/wp-content\/uploads\/2017\/02\/Axa-5-N-2-2-150x113.jpg 150w, https:\/\/urbeamea.ro\/albaiulia\/wp-content\/uploads\/2017\/02\/Axa-5-N-2-2-640x480.jpg 640w, https:\/\/urbeamea.ro\/albaiulia\/wp-content\/uploads\/2017\/02\/Axa-5-N-2-2-768x576.jpg 768w, https:\/\/urbeamea.ro\/albaiulia\/wp-content\/uploads\/2017\/02\/Axa-5-N-2-2.jpg 1280w\" sizes=\"auto, (max-width: 150px) 100vw, 150px\" data-src=\"https:\/\/urbeamea.ro\/albaiulia\/wp-content\/uploads\/2017\/02\/Axa-5-N-2-2-150x113.jpg\" loading=\"lazy\" \/><\/a>\n\t\t\t<\/div><\/figure>\n\t\t<\/div>\n\n","protected":false},"excerpt":{"rendered":"<p>\u00cen Regiunea Centru, prin toate programele opera\u021bionale de finan\u021bare european\u0103 nerambursabil\u0103, derulate la nivel regional \u00een perioada 2007-2013, au fost implementate peste 12.000 proiecte, a c\u0103ror valoare total\u0103 este de peste 6 miliarde euro, din care au fost atrase fonduri nerambursabile de peste 3,7 miliarde euro, transmite ADR Centru. \u00centre anii 2007-2015, ADR Centru a &hellip;<\/p>\n","protected":false},"author":17,"featured_media":17060,"comment_status":"open","ping_status":"open","sticky":false,"template":"","format":"standard","meta":{"inline_featured_image":false,"footnotes":""},"categories":[6663],"tags":[343,9764,1227,625,989,308,76],"class_list":["post-39378","post","type-post","status-publish","format-standard","has-post-thumbnail","hentry","category-economic","tag-adr-centru","tag-finantare-europeana-nerambursabila","tag-fonduri-nerambursabile","tag-proiecte","tag-regiunea-centru","tag-stiri","tag-urbea-mea"],"yoast_head":"<!-- This site is optimized with the Yoast SEO plugin v27.4 - https:\/\/yoast.com\/product\/yoast-seo-wordpress\/ -->\n<title>Gradul de absorb\u021bie a fondurilor europene coordonate de ADR Centru a dep\u0103\u0219it 82% pe POR, iar pe POSCCE a fost de circa 93% - Revista Urbea Mea - Revista de Alba<\/title>\n<meta name=\"description\" content=\"\u00cen Regiunea Centru, prin toate programele opera\u021bionale de finan\u021bare european\u0103 nerambursabil\u0103, derulate la nivel regional \u00een perioada 2007-2013, au fost\" \/>\n<meta name=\"robots\" content=\"index, follow, max-snippet:-1, max-image-preview:large, max-video-preview:-1\" \/>\n<link rel=\"canonical\" href=\"https:\/\/urbeamea.ro\/albaiulia\/gradul-de-absorbtie-a-fondurilor-europene-coordonate-de-adr-centru-a-depasit-82-pe-por-iar-pe-poscce-a-fost-de-circa-93\/\" \/>\n<meta name=\"twitter:card\" content=\"summary_large_image\" \/>\n<meta name=\"twitter:title\" content=\"Gradul de absorb\u021bie a fondurilor europene coordonate de ADR Centru a dep\u0103\u0219it 82% pe POR, iar pe POSCCE a fost de circa 93% - Revista Urbea Mea - Revista de Alba\" \/>\n<meta name=\"twitter:description\" content=\"\u00cen Regiunea Centru, prin toate programele opera\u021bionale de finan\u021bare european\u0103 nerambursabil\u0103, derulate la nivel regional \u00een perioada 2007-2013, au fost\" \/>\n<meta name=\"twitter:image\" content=\"https:\/\/urbeamea.ro\/albaiulia\/wp-content\/uploads\/2016\/01\/ADR-Centru.jpg\" \/>\n<meta name=\"twitter:creator\" content=\"@urbeameaweb\" \/>\n<meta name=\"twitter:site\" content=\"@urbeameaweb\" \/>\n<script type=\"application\/ld+json\" class=\"yoast-schema-graph\">{\"@context\":\"https:\\\/\\\/schema.org\",\"@graph\":[{\"@type\":\"Article\",\"@id\":\"https:\\\/\\\/urbeamea.ro\\\/albaiulia\\\/gradul-de-absorbtie-a-fondurilor-europene-coordonate-de-adr-centru-a-depasit-82-pe-por-iar-pe-poscce-a-fost-de-circa-93\\\/#article\",\"isPartOf\":{\"@id\":\"https:\\\/\\\/urbeamea.ro\\\/albaiulia\\\/gradul-de-absorbtie-a-fondurilor-europene-coordonate-de-adr-centru-a-depasit-82-pe-por-iar-pe-poscce-a-fost-de-circa-93\\\/\"},\"author\":{\"name\":\"Cristina Ganga\",\"@id\":\"https:\\\/\\\/urbeamea.ro\\\/albaiulia\\\/#\\\/schema\\\/person\\\/9700d21fae21c4f038b0b56f4506264a\"},\"headline\":\"Gradul de absorb\u021bie a fondurilor europene coordonate de ADR Centru a dep\u0103\u0219it 82% pe POR, iar pe POSCCE a fost de circa 93%\",\"datePublished\":\"2017-02-01T12:45:08+00:00\",\"dateModified\":\"2017-02-01T12:45:52+00:00\",\"mainEntityOfPage\":{\"@id\":\"https:\\\/\\\/urbeamea.ro\\\/albaiulia\\\/gradul-de-absorbtie-a-fondurilor-europene-coordonate-de-adr-centru-a-depasit-82-pe-por-iar-pe-poscce-a-fost-de-circa-93\\\/\"},\"wordCount\":529,\"commentCount\":0,\"image\":{\"@id\":\"https:\\\/\\\/urbeamea.ro\\\/albaiulia\\\/gradul-de-absorbtie-a-fondurilor-europene-coordonate-de-adr-centru-a-depasit-82-pe-por-iar-pe-poscce-a-fost-de-circa-93\\\/#primaryimage\"},\"thumbnailUrl\":\"https:\\\/\\\/urbeamea.ro\\\/albaiulia\\\/wp-content\\\/uploads\\\/2016\\\/01\\\/ADR-Centru.jpg\",\"keywords\":[\"ADR Centru\",\"finantare europeana nerambursabila\",\"fonduri nerambursabile\",\"proiecte\",\"regiunea centru\",\"stiri\",\"Urbea Mea\"],\"articleSection\":[\"Economic\"],\"inLanguage\":\"ro-RO\",\"potentialAction\":[{\"@type\":\"CommentAction\",\"name\":\"Comment\",\"target\":[\"https:\\\/\\\/urbeamea.ro\\\/albaiulia\\\/gradul-de-absorbtie-a-fondurilor-europene-coordonate-de-adr-centru-a-depasit-82-pe-por-iar-pe-poscce-a-fost-de-circa-93\\\/#respond\"]}]},{\"@type\":\"WebPage\",\"@id\":\"https:\\\/\\\/urbeamea.ro\\\/albaiulia\\\/gradul-de-absorbtie-a-fondurilor-europene-coordonate-de-adr-centru-a-depasit-82-pe-por-iar-pe-poscce-a-fost-de-circa-93\\\/\",\"url\":\"https:\\\/\\\/urbeamea.ro\\\/albaiulia\\\/gradul-de-absorbtie-a-fondurilor-europene-coordonate-de-adr-centru-a-depasit-82-pe-por-iar-pe-poscce-a-fost-de-circa-93\\\/\",\"name\":\"Gradul de absorb\u021bie a fondurilor europene coordonate de ADR Centru a dep\u0103\u0219it 82% pe POR, iar pe POSCCE a fost de circa 93% - Revista Urbea Mea - Revista de Alba\",\"isPartOf\":{\"@id\":\"https:\\\/\\\/urbeamea.ro\\\/albaiulia\\\/#website\"},\"primaryImageOfPage\":{\"@id\":\"https:\\\/\\\/urbeamea.ro\\\/albaiulia\\\/gradul-de-absorbtie-a-fondurilor-europene-coordonate-de-adr-centru-a-depasit-82-pe-por-iar-pe-poscce-a-fost-de-circa-93\\\/#primaryimage\"},\"image\":{\"@id\":\"https:\\\/\\\/urbeamea.ro\\\/albaiulia\\\/gradul-de-absorbtie-a-fondurilor-europene-coordonate-de-adr-centru-a-depasit-82-pe-por-iar-pe-poscce-a-fost-de-circa-93\\\/#primaryimage\"},\"thumbnailUrl\":\"https:\\\/\\\/urbeamea.ro\\\/albaiulia\\\/wp-content\\\/uploads\\\/2016\\\/01\\\/ADR-Centru.jpg\",\"datePublished\":\"2017-02-01T12:45:08+00:00\",\"dateModified\":\"2017-02-01T12:45:52+00:00\",\"author\":{\"@id\":\"https:\\\/\\\/urbeamea.ro\\\/albaiulia\\\/#\\\/schema\\\/person\\\/9700d21fae21c4f038b0b56f4506264a\"},\"description\":\"\u00cen Regiunea Centru, prin toate programele opera\u021bionale de finan\u021bare european\u0103 nerambursabil\u0103, derulate la nivel regional \u00een perioada 2007-2013, au fost\",\"breadcrumb\":{\"@id\":\"https:\\\/\\\/urbeamea.ro\\\/albaiulia\\\/gradul-de-absorbtie-a-fondurilor-europene-coordonate-de-adr-centru-a-depasit-82-pe-por-iar-pe-poscce-a-fost-de-circa-93\\\/#breadcrumb\"},\"inLanguage\":\"ro-RO\",\"potentialAction\":[{\"@type\":\"ReadAction\",\"target\":[\"https:\\\/\\\/urbeamea.ro\\\/albaiulia\\\/gradul-de-absorbtie-a-fondurilor-europene-coordonate-de-adr-centru-a-depasit-82-pe-por-iar-pe-poscce-a-fost-de-circa-93\\\/\"]}]},{\"@type\":\"ImageObject\",\"inLanguage\":\"ro-RO\",\"@id\":\"https:\\\/\\\/urbeamea.ro\\\/albaiulia\\\/gradul-de-absorbtie-a-fondurilor-europene-coordonate-de-adr-centru-a-depasit-82-pe-por-iar-pe-poscce-a-fost-de-circa-93\\\/#primaryimage\",\"url\":\"https:\\\/\\\/urbeamea.ro\\\/albaiulia\\\/wp-content\\\/uploads\\\/2016\\\/01\\\/ADR-Centru.jpg\",\"contentUrl\":\"https:\\\/\\\/urbeamea.ro\\\/albaiulia\\\/wp-content\\\/uploads\\\/2016\\\/01\\\/ADR-Centru.jpg\",\"width\":1273,\"height\":802,\"caption\":\"DCIM100MEDIA\"},{\"@type\":\"BreadcrumbList\",\"@id\":\"https:\\\/\\\/urbeamea.ro\\\/albaiulia\\\/gradul-de-absorbtie-a-fondurilor-europene-coordonate-de-adr-centru-a-depasit-82-pe-por-iar-pe-poscce-a-fost-de-circa-93\\\/#breadcrumb\",\"itemListElement\":[{\"@type\":\"ListItem\",\"position\":1,\"name\":\"Prima pagin\u0103\",\"item\":\"https:\\\/\\\/urbeamea.ro\\\/albaiulia\\\/\"},{\"@type\":\"ListItem\",\"position\":2,\"name\":\"Gradul de absorb\u021bie a fondurilor europene coordonate de ADR Centru a dep\u0103\u0219it 82% pe POR, iar pe POSCCE a fost de circa 93%\"}]},{\"@type\":\"WebSite\",\"@id\":\"https:\\\/\\\/urbeamea.ro\\\/albaiulia\\\/#website\",\"url\":\"https:\\\/\\\/urbeamea.ro\\\/albaiulia\\\/\",\"name\":\"Revista Urbea Mea, Stiri urbane\",\"description\":\"Evenimente \u0219i \u0219tiri din Alba Iulia, Sebe\u0219, Aiud, Blaj\",\"potentialAction\":[{\"@type\":\"SearchAction\",\"target\":{\"@type\":\"EntryPoint\",\"urlTemplate\":\"https:\\\/\\\/urbeamea.ro\\\/albaiulia\\\/?s={search_term_string}\"},\"query-input\":{\"@type\":\"PropertyValueSpecification\",\"valueRequired\":true,\"valueName\":\"search_term_string\"}}],\"inLanguage\":\"ro-RO\"},{\"@type\":\"Person\",\"@id\":\"https:\\\/\\\/urbeamea.ro\\\/albaiulia\\\/#\\\/schema\\\/person\\\/9700d21fae21c4f038b0b56f4506264a\",\"name\":\"Cristina Ganga\",\"image\":{\"@type\":\"ImageObject\",\"inLanguage\":\"ro-RO\",\"@id\":\"https:\\\/\\\/secure.gravatar.com\\\/avatar\\\/5a67661041f057b4a8ccaf26f5a8e86e2689372006d01faf3dd9eeb10b654bb4?s=96&d=mm&r=g\",\"url\":\"https:\\\/\\\/secure.gravatar.com\\\/avatar\\\/5a67661041f057b4a8ccaf26f5a8e86e2689372006d01faf3dd9eeb10b654bb4?s=96&d=mm&r=g\",\"contentUrl\":\"https:\\\/\\\/secure.gravatar.com\\\/avatar\\\/5a67661041f057b4a8ccaf26f5a8e86e2689372006d01faf3dd9eeb10b654bb4?s=96&d=mm&r=g\",\"caption\":\"Cristina Ganga\"},\"description\":\"Jurnalist\",\"sameAs\":[\"https:\\\/\\\/www.facebook.com\\\/cristina.nicola.587\"],\"url\":\"https:\\\/\\\/urbeamea.ro\\\/albaiulia\\\/author\\\/cristina-nicola\\\/\"}]}<\/script>\n<!-- \/ Yoast SEO plugin. -->","yoast_head_json":{"title":"Gradul de absorb\u021bie a fondurilor europene coordonate de ADR Centru a dep\u0103\u0219it 82% pe POR, iar pe POSCCE a fost de circa 93% - Revista Urbea Mea - Revista de Alba","description":"\u00cen Regiunea Centru, prin toate programele opera\u021bionale de finan\u021bare european\u0103 nerambursabil\u0103, derulate la nivel regional \u00een perioada 2007-2013, au fost","robots":{"index":"index","follow":"follow","max-snippet":"max-snippet:-1","max-image-preview":"max-image-preview:large","max-video-preview":"max-video-preview:-1"},"canonical":"https:\/\/urbeamea.ro\/albaiulia\/gradul-de-absorbtie-a-fondurilor-europene-coordonate-de-adr-centru-a-depasit-82-pe-por-iar-pe-poscce-a-fost-de-circa-93\/","twitter_card":"summary_large_image","twitter_title":"Gradul de absorb\u021bie a fondurilor europene coordonate de ADR Centru a dep\u0103\u0219it 82% pe POR, iar pe POSCCE a fost de circa 93% - Revista Urbea Mea - Revista de Alba","twitter_description":"\u00cen Regiunea Centru, prin toate programele opera\u021bionale de finan\u021bare european\u0103 nerambursabil\u0103, derulate la nivel regional \u00een perioada 2007-2013, au fost","twitter_image":"https:\/\/urbeamea.ro\/albaiulia\/wp-content\/uploads\/2016\/01\/ADR-Centru.jpg","twitter_creator":"@urbeameaweb","twitter_site":"@urbeameaweb","schema":{"@context":"https:\/\/schema.org","@graph":[{"@type":"Article","@id":"https:\/\/urbeamea.ro\/albaiulia\/gradul-de-absorbtie-a-fondurilor-europene-coordonate-de-adr-centru-a-depasit-82-pe-por-iar-pe-poscce-a-fost-de-circa-93\/#article","isPartOf":{"@id":"https:\/\/urbeamea.ro\/albaiulia\/gradul-de-absorbtie-a-fondurilor-europene-coordonate-de-adr-centru-a-depasit-82-pe-por-iar-pe-poscce-a-fost-de-circa-93\/"},"author":{"name":"Cristina Ganga","@id":"https:\/\/urbeamea.ro\/albaiulia\/#\/schema\/person\/9700d21fae21c4f038b0b56f4506264a"},"headline":"Gradul de absorb\u021bie a fondurilor europene coordonate de ADR Centru a dep\u0103\u0219it 82% pe POR, iar pe POSCCE a fost de circa 93%","datePublished":"2017-02-01T12:45:08+00:00","dateModified":"2017-02-01T12:45:52+00:00","mainEntityOfPage":{"@id":"https:\/\/urbeamea.ro\/albaiulia\/gradul-de-absorbtie-a-fondurilor-europene-coordonate-de-adr-centru-a-depasit-82-pe-por-iar-pe-poscce-a-fost-de-circa-93\/"},"wordCount":529,"commentCount":0,"image":{"@id":"https:\/\/urbeamea.ro\/albaiulia\/gradul-de-absorbtie-a-fondurilor-europene-coordonate-de-adr-centru-a-depasit-82-pe-por-iar-pe-poscce-a-fost-de-circa-93\/#primaryimage"},"thumbnailUrl":"https:\/\/urbeamea.ro\/albaiulia\/wp-content\/uploads\/2016\/01\/ADR-Centru.jpg","keywords":["ADR Centru","finantare europeana nerambursabila","fonduri nerambursabile","proiecte","regiunea centru","stiri","Urbea Mea"],"articleSection":["Economic"],"inLanguage":"ro-RO","potentialAction":[{"@type":"CommentAction","name":"Comment","target":["https:\/\/urbeamea.ro\/albaiulia\/gradul-de-absorbtie-a-fondurilor-europene-coordonate-de-adr-centru-a-depasit-82-pe-por-iar-pe-poscce-a-fost-de-circa-93\/#respond"]}]},{"@type":"WebPage","@id":"https:\/\/urbeamea.ro\/albaiulia\/gradul-de-absorbtie-a-fondurilor-europene-coordonate-de-adr-centru-a-depasit-82-pe-por-iar-pe-poscce-a-fost-de-circa-93\/","url":"https:\/\/urbeamea.ro\/albaiulia\/gradul-de-absorbtie-a-fondurilor-europene-coordonate-de-adr-centru-a-depasit-82-pe-por-iar-pe-poscce-a-fost-de-circa-93\/","name":"Gradul de absorb\u021bie a fondurilor europene coordonate de ADR Centru a dep\u0103\u0219it 82% pe POR, iar pe POSCCE a fost de circa 93% - Revista Urbea Mea - Revista de Alba","isPartOf":{"@id":"https:\/\/urbeamea.ro\/albaiulia\/#website"},"primaryImageOfPage":{"@id":"https:\/\/urbeamea.ro\/albaiulia\/gradul-de-absorbtie-a-fondurilor-europene-coordonate-de-adr-centru-a-depasit-82-pe-por-iar-pe-poscce-a-fost-de-circa-93\/#primaryimage"},"image":{"@id":"https:\/\/urbeamea.ro\/albaiulia\/gradul-de-absorbtie-a-fondurilor-europene-coordonate-de-adr-centru-a-depasit-82-pe-por-iar-pe-poscce-a-fost-de-circa-93\/#primaryimage"},"thumbnailUrl":"https:\/\/urbeamea.ro\/albaiulia\/wp-content\/uploads\/2016\/01\/ADR-Centru.jpg","datePublished":"2017-02-01T12:45:08+00:00","dateModified":"2017-02-01T12:45:52+00:00","author":{"@id":"https:\/\/urbeamea.ro\/albaiulia\/#\/schema\/person\/9700d21fae21c4f038b0b56f4506264a"},"description":"\u00cen Regiunea Centru, prin toate programele opera\u021bionale de finan\u021bare european\u0103 nerambursabil\u0103, derulate la nivel regional \u00een perioada 2007-2013, au fost","breadcrumb":{"@id":"https:\/\/urbeamea.ro\/albaiulia\/gradul-de-absorbtie-a-fondurilor-europene-coordonate-de-adr-centru-a-depasit-82-pe-por-iar-pe-poscce-a-fost-de-circa-93\/#breadcrumb"},"inLanguage":"ro-RO","potentialAction":[{"@type":"ReadAction","target":["https:\/\/urbeamea.ro\/albaiulia\/gradul-de-absorbtie-a-fondurilor-europene-coordonate-de-adr-centru-a-depasit-82-pe-por-iar-pe-poscce-a-fost-de-circa-93\/"]}]},{"@type":"ImageObject","inLanguage":"ro-RO","@id":"https:\/\/urbeamea.ro\/albaiulia\/gradul-de-absorbtie-a-fondurilor-europene-coordonate-de-adr-centru-a-depasit-82-pe-por-iar-pe-poscce-a-fost-de-circa-93\/#primaryimage","url":"https:\/\/urbeamea.ro\/albaiulia\/wp-content\/uploads\/2016\/01\/ADR-Centru.jpg","contentUrl":"https:\/\/urbeamea.ro\/albaiulia\/wp-content\/uploads\/2016\/01\/ADR-Centru.jpg","width":1273,"height":802,"caption":"DCIM100MEDIA"},{"@type":"BreadcrumbList","@id":"https:\/\/urbeamea.ro\/albaiulia\/gradul-de-absorbtie-a-fondurilor-europene-coordonate-de-adr-centru-a-depasit-82-pe-por-iar-pe-poscce-a-fost-de-circa-93\/#breadcrumb","itemListElement":[{"@type":"ListItem","position":1,"name":"Prima pagin\u0103","item":"https:\/\/urbeamea.ro\/albaiulia\/"},{"@type":"ListItem","position":2,"name":"Gradul de absorb\u021bie a fondurilor europene coordonate de ADR Centru a dep\u0103\u0219it 82% pe POR, iar pe POSCCE a fost de circa 93%"}]},{"@type":"WebSite","@id":"https:\/\/urbeamea.ro\/albaiulia\/#website","url":"https:\/\/urbeamea.ro\/albaiulia\/","name":"Revista Urbea Mea, Stiri urbane","description":"Evenimente \u0219i \u0219tiri din Alba Iulia, Sebe\u0219, Aiud, Blaj","potentialAction":[{"@type":"SearchAction","target":{"@type":"EntryPoint","urlTemplate":"https:\/\/urbeamea.ro\/albaiulia\/?s={search_term_string}"},"query-input":{"@type":"PropertyValueSpecification","valueRequired":true,"valueName":"search_term_string"}}],"inLanguage":"ro-RO"},{"@type":"Person","@id":"https:\/\/urbeamea.ro\/albaiulia\/#\/schema\/person\/9700d21fae21c4f038b0b56f4506264a","name":"Cristina Ganga","image":{"@type":"ImageObject","inLanguage":"ro-RO","@id":"https:\/\/secure.gravatar.com\/avatar\/5a67661041f057b4a8ccaf26f5a8e86e2689372006d01faf3dd9eeb10b654bb4?s=96&d=mm&r=g","url":"https:\/\/secure.gravatar.com\/avatar\/5a67661041f057b4a8ccaf26f5a8e86e2689372006d01faf3dd9eeb10b654bb4?s=96&d=mm&r=g","contentUrl":"https:\/\/secure.gravatar.com\/avatar\/5a67661041f057b4a8ccaf26f5a8e86e2689372006d01faf3dd9eeb10b654bb4?s=96&d=mm&r=g","caption":"Cristina Ganga"},"description":"Jurnalist","sameAs":["https:\/\/www.facebook.com\/cristina.nicola.587"],"url":"https:\/\/urbeamea.ro\/albaiulia\/author\/cristina-nicola\/"}]}},"_links":{"self":[{"href":"https:\/\/urbeamea.ro\/albaiulia\/wp-json\/wp\/v2\/posts\/39378","targetHints":{"allow":["GET"]}}],"collection":[{"href":"https:\/\/urbeamea.ro\/albaiulia\/wp-json\/wp\/v2\/posts"}],"about":[{"href":"https:\/\/urbeamea.ro\/albaiulia\/wp-json\/wp\/v2\/types\/post"}],"author":[{"embeddable":true,"href":"https:\/\/urbeamea.ro\/albaiulia\/wp-json\/wp\/v2\/users\/17"}],"replies":[{"embeddable":true,"href":"https:\/\/urbeamea.ro\/albaiulia\/wp-json\/wp\/v2\/comments?post=39378"}],"version-history":[{"count":0,"href":"https:\/\/urbeamea.ro\/albaiulia\/wp-json\/wp\/v2\/posts\/39378\/revisions"}],"wp:featuredmedia":[{"embeddable":true,"href":"https:\/\/urbeamea.ro\/albaiulia\/wp-json\/wp\/v2\/media\/17060"}],"wp:attachment":[{"href":"https:\/\/urbeamea.ro\/albaiulia\/wp-json\/wp\/v2\/media?parent=39378"}],"wp:term":[{"taxonomy":"category","embeddable":true,"href":"https:\/\/urbeamea.ro\/albaiulia\/wp-json\/wp\/v2\/categories?post=39378"},{"taxonomy":"post_tag","embeddable":true,"href":"https:\/\/urbeamea.ro\/albaiulia\/wp-json\/wp\/v2\/tags?post=39378"}],"curies":[{"name":"wp","href":"https:\/\/api.w.org\/{rel}","templated":true}]}}