{"id":39384,"date":"2017-02-01T15:06:39","date_gmt":"2017-02-01T13:06:39","guid":{"rendered":"http:\/\/urbeamea.ro\/albaiulia\/?p=39384"},"modified":"2017-02-01T15:06:39","modified_gmt":"2017-02-01T13:06:39","slug":"oug-pentru-modificarea-codurilor-penale-ii-aduce-in-strada-si-pe-albaiulieni-protest-miercuri-in-fata-prefecturii-de-la-ora-18-00","status":"publish","type":"post","link":"https:\/\/urbeamea.ro\/albaiulia\/oug-pentru-modificarea-codurilor-penale-ii-aduce-in-strada-si-pe-albaiulieni-protest-miercuri-in-fata-prefecturii-de-la-ora-18-00\/","title":{"rendered":"OUG pentru modificarea codurilor penale \u00eei aduce \u00een strad\u0103 \u015fi pe albaiulieni. Protest miercuri, \u00een fa\u0163a Prefecturii, de la ora 18.00"},"content":{"rendered":"<div class=\"td-post-content\">\n<p><strong>Decizia Guvernului din noapte de\u00a0a adopta\u00a0legea privind gra\u0163ierea \u015fi modificarea Legii 254\/2013 privind executarea pedepselor a terorizat \u00eengtreaga Rom\u00e2nie, motiv pentru care zeci de mii de oameni au ie\u015fit \u00een strad\u0103. \u015ei \u00een acdeast\u0103 sear\u0103, proteste se anun\u0163\u0103 \u00een \u00eentreaga \u0163ar\u0103.<\/strong><\/p>\n<p>Astfel c\u0103, \u015fi albaiulienii sunt chema\u021bi s\u0103 se al\u0103ture protestelor din \u021bar\u0103 fa\u021b\u0103 de ordonan\u021bele de urgen\u021b\u0103 publicat\u0103 deja \u00een Monitorul Oficial. Peste 200 de oameni \u0219i-au declarat deja inten\u021bia de a participa la manifesta\u021bie pe un eveniment numit \u201eJos Guvernul\u201d, ac\u021biune care va avea loc la ora 18.00 \u00een fa\u021ba Prefecturii.<\/p>\n<p>Noaptea trecut\u0103 aproximativ 20 de persoane au ie\u0219it \u00een str\u0103d\u0103 la Alba Iulia \u0219i au cerut demisia Guvernului \u0219i alegeri anticipate. Cei prezen\u021bi au avut la ei pancarde \u0219i un\u00a0 steag tricolor de mari dimensiuni.<\/p>\n<p>Sursa foto: Facebook<\/p>\n<\/div>\n","protected":false},"excerpt":{"rendered":"<p>Decizia Guvernului din noapte de\u00a0a adopta\u00a0legea privind gra\u0163ierea \u015fi modificarea Legii 254\/2013 privind executarea pedepselor a terorizat \u00eengtreaga Rom\u00e2nie, motiv pentru care zeci de mii de oameni au ie\u015fit \u00een strad\u0103. \u015ei \u00een acdeast\u0103 sear\u0103, proteste se anun\u0163\u0103 \u00een \u00eentreaga \u0163ar\u0103. Astfel c\u0103, \u015fi albaiulienii sunt chema\u021bi s\u0103 se al\u0103ture protestelor din \u021bar\u0103 fa\u021b\u0103 de &hellip;<\/p>\n","protected":false},"author":17,"featured_media":39385,"comment_status":"open","ping_status":"open","sticky":false,"template":"","format":"standard","meta":{"inline_featured_image":false,"footnotes":""},"categories":[1],"tags":[31,9765,4347,7502,4077,6661,3870,308,1199,9766,76],"class_list":["post-39384","post","type-post","status-publish","format-standard","has-post-thumbnail","hentry","category-stiri-urbane","tag-alba-iulia","tag-jos-guvernul","tag-manifestare","tag-ordonanta-de-urgenta","tag-pancarde","tag-prefectura","tag-protest","tag-stiri","tag-strada","tag-tricolor","tag-urbea-mea"],"yoast_head":"<!-- This site is optimized with the Yoast SEO plugin v27.4 - https:\/\/yoast.com\/product\/yoast-seo-wordpress\/ -->\n<title>OUG pentru modificarea codurilor penale \u00eei aduce \u00een strad\u0103 \u015fi pe albaiulieni. Protest miercuri, \u00een fa\u0163a Prefecturii, de la ora 18.00 - Revista Urbea Mea - Revista de Alba<\/title>\n<meta name=\"description\" content=\"Decizia Guvernului din noapte de\u00a0a adopta\u00a0legea privind gra\u0163ierea \u015fi modificarea Legii 254\/2013 privind executarea pedepselor a terorizat \u00eengtreaga\" \/>\n<meta name=\"robots\" content=\"index, follow, max-snippet:-1, max-image-preview:large, max-video-preview:-1\" \/>\n<link rel=\"canonical\" href=\"https:\/\/urbeamea.ro\/albaiulia\/oug-pentru-modificarea-codurilor-penale-ii-aduce-in-strada-si-pe-albaiulieni-protest-miercuri-in-fata-prefecturii-de-la-ora-18-00\/\" \/>\n<meta name=\"twitter:card\" content=\"summary_large_image\" \/>\n<meta name=\"twitter:title\" content=\"OUG pentru modificarea codurilor penale \u00eei aduce \u00een strad\u0103 \u015fi pe albaiulieni. Protest miercuri, \u00een fa\u0163a Prefecturii, de la ora 18.00 - Revista Urbea Mea - Revista de Alba\" \/>\n<meta name=\"twitter:description\" content=\"Decizia Guvernului din noapte de\u00a0a adopta\u00a0legea privind gra\u0163ierea \u015fi modificarea Legii 254\/2013 privind executarea pedepselor a terorizat \u00eengtreaga\" \/>\n<meta name=\"twitter:image\" content=\"https:\/\/urbeamea.ro\/albaiulia\/wp-content\/uploads\/2017\/02\/protest.jpg\" \/>\n<meta name=\"twitter:creator\" content=\"@urbeameaweb\" \/>\n<meta name=\"twitter:site\" content=\"@urbeameaweb\" \/>\n<script type=\"application\/ld+json\" class=\"yoast-schema-graph\">{\"@context\":\"https:\\\/\\\/schema.org\",\"@graph\":[{\"@type\":\"Article\",\"@id\":\"https:\\\/\\\/urbeamea.ro\\\/albaiulia\\\/oug-pentru-modificarea-codurilor-penale-ii-aduce-in-strada-si-pe-albaiulieni-protest-miercuri-in-fata-prefecturii-de-la-ora-18-00\\\/#article\",\"isPartOf\":{\"@id\":\"https:\\\/\\\/urbeamea.ro\\\/albaiulia\\\/oug-pentru-modificarea-codurilor-penale-ii-aduce-in-strada-si-pe-albaiulieni-protest-miercuri-in-fata-prefecturii-de-la-ora-18-00\\\/\"},\"author\":{\"name\":\"Cristina Ganga\",\"@id\":\"https:\\\/\\\/urbeamea.ro\\\/albaiulia\\\/#\\\/schema\\\/person\\\/9700d21fae21c4f038b0b56f4506264a\"},\"headline\":\"OUG pentru modificarea codurilor penale \u00eei aduce \u00een strad\u0103 \u015fi pe albaiulieni. Protest miercuri, \u00een fa\u0163a Prefecturii, de la ora 18.00\",\"datePublished\":\"2017-02-01T13:06:39+00:00\",\"mainEntityOfPage\":{\"@id\":\"https:\\\/\\\/urbeamea.ro\\\/albaiulia\\\/oug-pentru-modificarea-codurilor-penale-ii-aduce-in-strada-si-pe-albaiulieni-protest-miercuri-in-fata-prefecturii-de-la-ora-18-00\\\/\"},\"wordCount\":163,\"commentCount\":0,\"image\":{\"@id\":\"https:\\\/\\\/urbeamea.ro\\\/albaiulia\\\/oug-pentru-modificarea-codurilor-penale-ii-aduce-in-strada-si-pe-albaiulieni-protest-miercuri-in-fata-prefecturii-de-la-ora-18-00\\\/#primaryimage\"},\"thumbnailUrl\":\"https:\\\/\\\/urbeamea.ro\\\/albaiulia\\\/wp-content\\\/uploads\\\/2017\\\/02\\\/protest.jpg\",\"keywords\":[\"Alba Iulia\",\"jos guvernul\",\"manifestare\",\"ordonanta de urgenta\",\"pancarde\",\"prefectura\",\"protest\",\"stiri\",\"strada\",\"tricolor\",\"Urbea Mea\"],\"articleSection\":[\"\u015etiri Urbane\"],\"inLanguage\":\"ro-RO\",\"potentialAction\":[{\"@type\":\"CommentAction\",\"name\":\"Comment\",\"target\":[\"https:\\\/\\\/urbeamea.ro\\\/albaiulia\\\/oug-pentru-modificarea-codurilor-penale-ii-aduce-in-strada-si-pe-albaiulieni-protest-miercuri-in-fata-prefecturii-de-la-ora-18-00\\\/#respond\"]}]},{\"@type\":\"WebPage\",\"@id\":\"https:\\\/\\\/urbeamea.ro\\\/albaiulia\\\/oug-pentru-modificarea-codurilor-penale-ii-aduce-in-strada-si-pe-albaiulieni-protest-miercuri-in-fata-prefecturii-de-la-ora-18-00\\\/\",\"url\":\"https:\\\/\\\/urbeamea.ro\\\/albaiulia\\\/oug-pentru-modificarea-codurilor-penale-ii-aduce-in-strada-si-pe-albaiulieni-protest-miercuri-in-fata-prefecturii-de-la-ora-18-00\\\/\",\"name\":\"OUG pentru modificarea codurilor penale \u00eei aduce \u00een strad\u0103 \u015fi pe albaiulieni. Protest miercuri, \u00een fa\u0163a Prefecturii, de la ora 18.00 - Revista Urbea Mea - Revista de Alba\",\"isPartOf\":{\"@id\":\"https:\\\/\\\/urbeamea.ro\\\/albaiulia\\\/#website\"},\"primaryImageOfPage\":{\"@id\":\"https:\\\/\\\/urbeamea.ro\\\/albaiulia\\\/oug-pentru-modificarea-codurilor-penale-ii-aduce-in-strada-si-pe-albaiulieni-protest-miercuri-in-fata-prefecturii-de-la-ora-18-00\\\/#primaryimage\"},\"image\":{\"@id\":\"https:\\\/\\\/urbeamea.ro\\\/albaiulia\\\/oug-pentru-modificarea-codurilor-penale-ii-aduce-in-strada-si-pe-albaiulieni-protest-miercuri-in-fata-prefecturii-de-la-ora-18-00\\\/#primaryimage\"},\"thumbnailUrl\":\"https:\\\/\\\/urbeamea.ro\\\/albaiulia\\\/wp-content\\\/uploads\\\/2017\\\/02\\\/protest.jpg\",\"datePublished\":\"2017-02-01T13:06:39+00:00\",\"author\":{\"@id\":\"https:\\\/\\\/urbeamea.ro\\\/albaiulia\\\/#\\\/schema\\\/person\\\/9700d21fae21c4f038b0b56f4506264a\"},\"description\":\"Decizia Guvernului din noapte de\u00a0a adopta\u00a0legea privind gra\u0163ierea \u015fi modificarea Legii 254\\\/2013 privind executarea pedepselor a terorizat \u00eengtreaga\",\"breadcrumb\":{\"@id\":\"https:\\\/\\\/urbeamea.ro\\\/albaiulia\\\/oug-pentru-modificarea-codurilor-penale-ii-aduce-in-strada-si-pe-albaiulieni-protest-miercuri-in-fata-prefecturii-de-la-ora-18-00\\\/#breadcrumb\"},\"inLanguage\":\"ro-RO\",\"potentialAction\":[{\"@type\":\"ReadAction\",\"target\":[\"https:\\\/\\\/urbeamea.ro\\\/albaiulia\\\/oug-pentru-modificarea-codurilor-penale-ii-aduce-in-strada-si-pe-albaiulieni-protest-miercuri-in-fata-prefecturii-de-la-ora-18-00\\\/\"]}]},{\"@type\":\"ImageObject\",\"inLanguage\":\"ro-RO\",\"@id\":\"https:\\\/\\\/urbeamea.ro\\\/albaiulia\\\/oug-pentru-modificarea-codurilor-penale-ii-aduce-in-strada-si-pe-albaiulieni-protest-miercuri-in-fata-prefecturii-de-la-ora-18-00\\\/#primaryimage\",\"url\":\"https:\\\/\\\/urbeamea.ro\\\/albaiulia\\\/wp-content\\\/uploads\\\/2017\\\/02\\\/protest.jpg\",\"contentUrl\":\"https:\\\/\\\/urbeamea.ro\\\/albaiulia\\\/wp-content\\\/uploads\\\/2017\\\/02\\\/protest.jpg\",\"width\":960,\"height\":540},{\"@type\":\"BreadcrumbList\",\"@id\":\"https:\\\/\\\/urbeamea.ro\\\/albaiulia\\\/oug-pentru-modificarea-codurilor-penale-ii-aduce-in-strada-si-pe-albaiulieni-protest-miercuri-in-fata-prefecturii-de-la-ora-18-00\\\/#breadcrumb\",\"itemListElement\":[{\"@type\":\"ListItem\",\"position\":1,\"name\":\"Prima pagin\u0103\",\"item\":\"https:\\\/\\\/urbeamea.ro\\\/albaiulia\\\/\"},{\"@type\":\"ListItem\",\"position\":2,\"name\":\"OUG pentru modificarea codurilor penale \u00eei aduce \u00een strad\u0103 \u015fi pe albaiulieni. Protest miercuri, \u00een fa\u0163a Prefecturii, de la ora 18.00\"}]},{\"@type\":\"WebSite\",\"@id\":\"https:\\\/\\\/urbeamea.ro\\\/albaiulia\\\/#website\",\"url\":\"https:\\\/\\\/urbeamea.ro\\\/albaiulia\\\/\",\"name\":\"Revista Urbea Mea, Stiri urbane\",\"description\":\"Evenimente \u0219i \u0219tiri din Alba Iulia, Sebe\u0219, Aiud, Blaj\",\"potentialAction\":[{\"@type\":\"SearchAction\",\"target\":{\"@type\":\"EntryPoint\",\"urlTemplate\":\"https:\\\/\\\/urbeamea.ro\\\/albaiulia\\\/?s={search_term_string}\"},\"query-input\":{\"@type\":\"PropertyValueSpecification\",\"valueRequired\":true,\"valueName\":\"search_term_string\"}}],\"inLanguage\":\"ro-RO\"},{\"@type\":\"Person\",\"@id\":\"https:\\\/\\\/urbeamea.ro\\\/albaiulia\\\/#\\\/schema\\\/person\\\/9700d21fae21c4f038b0b56f4506264a\",\"name\":\"Cristina Ganga\",\"image\":{\"@type\":\"ImageObject\",\"inLanguage\":\"ro-RO\",\"@id\":\"https:\\\/\\\/secure.gravatar.com\\\/avatar\\\/5a67661041f057b4a8ccaf26f5a8e86e2689372006d01faf3dd9eeb10b654bb4?s=96&d=mm&r=g\",\"url\":\"https:\\\/\\\/secure.gravatar.com\\\/avatar\\\/5a67661041f057b4a8ccaf26f5a8e86e2689372006d01faf3dd9eeb10b654bb4?s=96&d=mm&r=g\",\"contentUrl\":\"https:\\\/\\\/secure.gravatar.com\\\/avatar\\\/5a67661041f057b4a8ccaf26f5a8e86e2689372006d01faf3dd9eeb10b654bb4?s=96&d=mm&r=g\",\"caption\":\"Cristina Ganga\"},\"description\":\"Jurnalist\",\"sameAs\":[\"https:\\\/\\\/www.facebook.com\\\/cristina.nicola.587\"],\"url\":\"https:\\\/\\\/urbeamea.ro\\\/albaiulia\\\/author\\\/cristina-nicola\\\/\"}]}<\/script>\n<!-- \/ Yoast SEO plugin. -->","yoast_head_json":{"title":"OUG pentru modificarea codurilor penale \u00eei aduce \u00een strad\u0103 \u015fi pe albaiulieni. Protest miercuri, \u00een fa\u0163a Prefecturii, de la ora 18.00 - Revista Urbea Mea - Revista de Alba","description":"Decizia Guvernului din noapte de\u00a0a adopta\u00a0legea privind gra\u0163ierea \u015fi modificarea Legii 254\/2013 privind executarea pedepselor a terorizat \u00eengtreaga","robots":{"index":"index","follow":"follow","max-snippet":"max-snippet:-1","max-image-preview":"max-image-preview:large","max-video-preview":"max-video-preview:-1"},"canonical":"https:\/\/urbeamea.ro\/albaiulia\/oug-pentru-modificarea-codurilor-penale-ii-aduce-in-strada-si-pe-albaiulieni-protest-miercuri-in-fata-prefecturii-de-la-ora-18-00\/","twitter_card":"summary_large_image","twitter_title":"OUG pentru modificarea codurilor penale \u00eei aduce \u00een strad\u0103 \u015fi pe albaiulieni. Protest miercuri, \u00een fa\u0163a Prefecturii, de la ora 18.00 - Revista Urbea Mea - Revista de Alba","twitter_description":"Decizia Guvernului din noapte de\u00a0a adopta\u00a0legea privind gra\u0163ierea \u015fi modificarea Legii 254\/2013 privind executarea pedepselor a terorizat \u00eengtreaga","twitter_image":"https:\/\/urbeamea.ro\/albaiulia\/wp-content\/uploads\/2017\/02\/protest.jpg","twitter_creator":"@urbeameaweb","twitter_site":"@urbeameaweb","schema":{"@context":"https:\/\/schema.org","@graph":[{"@type":"Article","@id":"https:\/\/urbeamea.ro\/albaiulia\/oug-pentru-modificarea-codurilor-penale-ii-aduce-in-strada-si-pe-albaiulieni-protest-miercuri-in-fata-prefecturii-de-la-ora-18-00\/#article","isPartOf":{"@id":"https:\/\/urbeamea.ro\/albaiulia\/oug-pentru-modificarea-codurilor-penale-ii-aduce-in-strada-si-pe-albaiulieni-protest-miercuri-in-fata-prefecturii-de-la-ora-18-00\/"},"author":{"name":"Cristina Ganga","@id":"https:\/\/urbeamea.ro\/albaiulia\/#\/schema\/person\/9700d21fae21c4f038b0b56f4506264a"},"headline":"OUG pentru modificarea codurilor penale \u00eei aduce \u00een strad\u0103 \u015fi pe albaiulieni. Protest miercuri, \u00een fa\u0163a Prefecturii, de la ora 18.00","datePublished":"2017-02-01T13:06:39+00:00","mainEntityOfPage":{"@id":"https:\/\/urbeamea.ro\/albaiulia\/oug-pentru-modificarea-codurilor-penale-ii-aduce-in-strada-si-pe-albaiulieni-protest-miercuri-in-fata-prefecturii-de-la-ora-18-00\/"},"wordCount":163,"commentCount":0,"image":{"@id":"https:\/\/urbeamea.ro\/albaiulia\/oug-pentru-modificarea-codurilor-penale-ii-aduce-in-strada-si-pe-albaiulieni-protest-miercuri-in-fata-prefecturii-de-la-ora-18-00\/#primaryimage"},"thumbnailUrl":"https:\/\/urbeamea.ro\/albaiulia\/wp-content\/uploads\/2017\/02\/protest.jpg","keywords":["Alba Iulia","jos guvernul","manifestare","ordonanta de urgenta","pancarde","prefectura","protest","stiri","strada","tricolor","Urbea Mea"],"articleSection":["\u015etiri Urbane"],"inLanguage":"ro-RO","potentialAction":[{"@type":"CommentAction","name":"Comment","target":["https:\/\/urbeamea.ro\/albaiulia\/oug-pentru-modificarea-codurilor-penale-ii-aduce-in-strada-si-pe-albaiulieni-protest-miercuri-in-fata-prefecturii-de-la-ora-18-00\/#respond"]}]},{"@type":"WebPage","@id":"https:\/\/urbeamea.ro\/albaiulia\/oug-pentru-modificarea-codurilor-penale-ii-aduce-in-strada-si-pe-albaiulieni-protest-miercuri-in-fata-prefecturii-de-la-ora-18-00\/","url":"https:\/\/urbeamea.ro\/albaiulia\/oug-pentru-modificarea-codurilor-penale-ii-aduce-in-strada-si-pe-albaiulieni-protest-miercuri-in-fata-prefecturii-de-la-ora-18-00\/","name":"OUG pentru modificarea codurilor penale \u00eei aduce \u00een strad\u0103 \u015fi pe albaiulieni. Protest miercuri, \u00een fa\u0163a Prefecturii, de la ora 18.00 - Revista Urbea Mea - Revista de Alba","isPartOf":{"@id":"https:\/\/urbeamea.ro\/albaiulia\/#website"},"primaryImageOfPage":{"@id":"https:\/\/urbeamea.ro\/albaiulia\/oug-pentru-modificarea-codurilor-penale-ii-aduce-in-strada-si-pe-albaiulieni-protest-miercuri-in-fata-prefecturii-de-la-ora-18-00\/#primaryimage"},"image":{"@id":"https:\/\/urbeamea.ro\/albaiulia\/oug-pentru-modificarea-codurilor-penale-ii-aduce-in-strada-si-pe-albaiulieni-protest-miercuri-in-fata-prefecturii-de-la-ora-18-00\/#primaryimage"},"thumbnailUrl":"https:\/\/urbeamea.ro\/albaiulia\/wp-content\/uploads\/2017\/02\/protest.jpg","datePublished":"2017-02-01T13:06:39+00:00","author":{"@id":"https:\/\/urbeamea.ro\/albaiulia\/#\/schema\/person\/9700d21fae21c4f038b0b56f4506264a"},"description":"Decizia Guvernului din noapte de\u00a0a adopta\u00a0legea privind gra\u0163ierea \u015fi modificarea Legii 254\/2013 privind executarea pedepselor a terorizat \u00eengtreaga","breadcrumb":{"@id":"https:\/\/urbeamea.ro\/albaiulia\/oug-pentru-modificarea-codurilor-penale-ii-aduce-in-strada-si-pe-albaiulieni-protest-miercuri-in-fata-prefecturii-de-la-ora-18-00\/#breadcrumb"},"inLanguage":"ro-RO","potentialAction":[{"@type":"ReadAction","target":["https:\/\/urbeamea.ro\/albaiulia\/oug-pentru-modificarea-codurilor-penale-ii-aduce-in-strada-si-pe-albaiulieni-protest-miercuri-in-fata-prefecturii-de-la-ora-18-00\/"]}]},{"@type":"ImageObject","inLanguage":"ro-RO","@id":"https:\/\/urbeamea.ro\/albaiulia\/oug-pentru-modificarea-codurilor-penale-ii-aduce-in-strada-si-pe-albaiulieni-protest-miercuri-in-fata-prefecturii-de-la-ora-18-00\/#primaryimage","url":"https:\/\/urbeamea.ro\/albaiulia\/wp-content\/uploads\/2017\/02\/protest.jpg","contentUrl":"https:\/\/urbeamea.ro\/albaiulia\/wp-content\/uploads\/2017\/02\/protest.jpg","width":960,"height":540},{"@type":"BreadcrumbList","@id":"https:\/\/urbeamea.ro\/albaiulia\/oug-pentru-modificarea-codurilor-penale-ii-aduce-in-strada-si-pe-albaiulieni-protest-miercuri-in-fata-prefecturii-de-la-ora-18-00\/#breadcrumb","itemListElement":[{"@type":"ListItem","position":1,"name":"Prima pagin\u0103","item":"https:\/\/urbeamea.ro\/albaiulia\/"},{"@type":"ListItem","position":2,"name":"OUG pentru modificarea codurilor penale \u00eei aduce \u00een strad\u0103 \u015fi pe albaiulieni. Protest miercuri, \u00een fa\u0163a Prefecturii, de la ora 18.00"}]},{"@type":"WebSite","@id":"https:\/\/urbeamea.ro\/albaiulia\/#website","url":"https:\/\/urbeamea.ro\/albaiulia\/","name":"Revista Urbea Mea, Stiri urbane","description":"Evenimente \u0219i \u0219tiri din Alba Iulia, Sebe\u0219, Aiud, Blaj","potentialAction":[{"@type":"SearchAction","target":{"@type":"EntryPoint","urlTemplate":"https:\/\/urbeamea.ro\/albaiulia\/?s={search_term_string}"},"query-input":{"@type":"PropertyValueSpecification","valueRequired":true,"valueName":"search_term_string"}}],"inLanguage":"ro-RO"},{"@type":"Person","@id":"https:\/\/urbeamea.ro\/albaiulia\/#\/schema\/person\/9700d21fae21c4f038b0b56f4506264a","name":"Cristina Ganga","image":{"@type":"ImageObject","inLanguage":"ro-RO","@id":"https:\/\/secure.gravatar.com\/avatar\/5a67661041f057b4a8ccaf26f5a8e86e2689372006d01faf3dd9eeb10b654bb4?s=96&d=mm&r=g","url":"https:\/\/secure.gravatar.com\/avatar\/5a67661041f057b4a8ccaf26f5a8e86e2689372006d01faf3dd9eeb10b654bb4?s=96&d=mm&r=g","contentUrl":"https:\/\/secure.gravatar.com\/avatar\/5a67661041f057b4a8ccaf26f5a8e86e2689372006d01faf3dd9eeb10b654bb4?s=96&d=mm&r=g","caption":"Cristina Ganga"},"description":"Jurnalist","sameAs":["https:\/\/www.facebook.com\/cristina.nicola.587"],"url":"https:\/\/urbeamea.ro\/albaiulia\/author\/cristina-nicola\/"}]}},"_links":{"self":[{"href":"https:\/\/urbeamea.ro\/albaiulia\/wp-json\/wp\/v2\/posts\/39384","targetHints":{"allow":["GET"]}}],"collection":[{"href":"https:\/\/urbeamea.ro\/albaiulia\/wp-json\/wp\/v2\/posts"}],"about":[{"href":"https:\/\/urbeamea.ro\/albaiulia\/wp-json\/wp\/v2\/types\/post"}],"author":[{"embeddable":true,"href":"https:\/\/urbeamea.ro\/albaiulia\/wp-json\/wp\/v2\/users\/17"}],"replies":[{"embeddable":true,"href":"https:\/\/urbeamea.ro\/albaiulia\/wp-json\/wp\/v2\/comments?post=39384"}],"version-history":[{"count":0,"href":"https:\/\/urbeamea.ro\/albaiulia\/wp-json\/wp\/v2\/posts\/39384\/revisions"}],"wp:featuredmedia":[{"embeddable":true,"href":"https:\/\/urbeamea.ro\/albaiulia\/wp-json\/wp\/v2\/media\/39385"}],"wp:attachment":[{"href":"https:\/\/urbeamea.ro\/albaiulia\/wp-json\/wp\/v2\/media?parent=39384"}],"wp:term":[{"taxonomy":"category","embeddable":true,"href":"https:\/\/urbeamea.ro\/albaiulia\/wp-json\/wp\/v2\/categories?post=39384"},{"taxonomy":"post_tag","embeddable":true,"href":"https:\/\/urbeamea.ro\/albaiulia\/wp-json\/wp\/v2\/tags?post=39384"}],"curies":[{"name":"wp","href":"https:\/\/api.w.org\/{rel}","templated":true}]}}