{"id":39391,"date":"2017-02-01T16:49:24","date_gmt":"2017-02-01T14:49:24","guid":{"rendered":"http:\/\/urbeamea.ro\/albaiulia\/?p=39391"},"modified":"2017-02-01T16:49:24","modified_gmt":"2017-02-01T14:49:24","slug":"inspectia-tehnica-periodica-va-fi-efectuata-dupa-reguli-noi","status":"publish","type":"post","link":"https:\/\/urbeamea.ro\/albaiulia\/inspectia-tehnica-periodica-va-fi-efectuata-dupa-reguli-noi\/","title":{"rendered":"Inspec\u021bia Tehnic\u0103 Periodic\u0103 va fi efectuat\u0103 dup\u0103 reguli noi"},"content":{"rendered":"<p><strong><img loading=\"lazy\" decoding=\"async\" class=\"alignleft  wp-image-28008\" src=\"http:\/\/urbeamea.ro\/albaiulia\/wp-content\/uploads\/2016\/07\/foto-masini-480x640.jpg\" alt=\"\" width=\"182\" height=\"243\" srcset=\"https:\/\/urbeamea.ro\/albaiulia\/wp-content\/uploads\/2016\/07\/foto-masini-480x640.jpg 480w, https:\/\/urbeamea.ro\/albaiulia\/wp-content\/uploads\/2016\/07\/foto-masini-113x150.jpg 113w, https:\/\/urbeamea.ro\/albaiulia\/wp-content\/uploads\/2016\/07\/foto-masini.jpg 720w\" sizes=\"auto, (max-width: 182px) 100vw, 182px\" \/>Apar noi reguli privind inspec\u0163ia tehnic\u0103 periodic\u0103 a ma\u015finilor. Va fi introdus\u0103 no\u0163iunea de defec\u0163iuni minore care nu vor mai c\u00e2nt\u0103ri at\u00e2t de mult iar inspec\u0163ia poate fi trecut\u0103 chiar \u015fi cu ele.<\/strong><\/p>\n<p>\u00cen aceast\u0103 categorie ar fi probleme care nu \u0163in de siguran\u0163a vehiculului sau normele de poluare.<\/p>\n<p>De genul unui bec ars, pe care inspectorul te pune s\u0103-l schimbi pe loc ca s\u0103 fac\u0103 poz\u0103 ma\u015finii cu luminile aprinse.<\/p>\n<p>\u00cen cazul defec\u0163iunilor majore este necesar\u0103 o nou\u0103 inspec\u021bie a vehiculului \u00een maximum 30 de zile. Noile reguli vor fi introduse \u00een mai, dar vor fi valabile peste un an, din mai 2018.<\/p>\n<p><strong><span lang=\"ro-RO\">Noile prevederi, conform textului Proiectul de Lege pentru modificarea \u015fi completarea Ordonan\u0163ei Guvernului nr. 81\/2000 privind certificarea \u00eencadr\u0103rii vehiculelor \u00eenmatriculate sau \u00eenregistrate \u00een normele tehnice privind siguran\u0163a circula\u0163iei rutiere, protec\u0163ia mediului \u015fi \u00een categoria de folosin\u0163\u0103 conform destina\u0163iei, prin inspec\u0163ia tehnic\u0103 periodic\u0103:<\/span><\/strong><\/p>\n<p><span lang=\"ro-RO\">P\u00e2n\u0103 la data de 20 mai 2018 Ministerul Transporturilor comunic\u0103 Comisiei Europene o descriere a certificatului de inspec\u0163ie tehnic\u0103 periodic\u0103, a anexei la certificatul de \u00eenmatriculare\/\u00eenregistrare \u015fi a ecusonului de inspec\u0163ie tehnic\u0103 periodic\u0103.<\/span><\/p>\n<p><strong>\u00cen cazul \u00een care la inspec\u0163ia tehnic\u0103 periodic\u0103 se constat\u0103 doar deficien\u0163e minore, se consider\u0103 c\u0103 inspec\u0163ia a fost trecut\u0103,<\/strong> iar vehiculul nu mai este supus din nou inspec\u0163iei.<\/p>\n<p><strong>\u00cen cazul \u00een care la inspec\u0163ia tehnic\u0103 periodic\u0103 se constat\u0103 deficien\u0163e majore, se consider\u0103 c\u0103 inspec\u0163ia nu a fost trecut\u0103<\/strong>. Este necesar\u0103 o nou\u0103 inspec\u0163ie a vehiculului \u00een maximum 30 de zile de la inspec\u0163ia ini\u0163ial\u0103.<\/p>\n<p><strong>\u00cen cazul \u00een care la inspec\u0163ia tehnic\u0103 periodic\u0103 se constat\u0103 deficien\u0163e periculoase, se consider\u0103 c\u0103 inspec\u0163ia nu a fost trecut\u0103<\/strong>. Este necesar\u0103 o nou\u0103 inspec\u0163ie a vehiculului \u00een maximum 30 de zile de la inspec\u0163ia ini\u0163ial\u0103.<\/p>\n<p><span lang=\"ro-RO\">Persoana care prezint\u0103 vehiculul la inspec\u0163ia tehnic\u0103 periodic\u0103 este informat\u0103 cu privire la orice deficien\u0163e care au fost identificate la vehicul \u015fi care necesit\u0103 remediere.<\/span><\/p>\n<p>Sta\u0163iile de inspec\u0163ie tehnic\u0103 periodic\u0103 comunic\u0103 electronic R.A.R. informa\u0163iile necesare pentru generarea certificatelor de inspec\u0163ie tehnic\u0103 periodic\u0103, iar R.A.R. transmite electronic sta\u0163iilor de inspec\u0163ie tehnic\u0103 periodic\u0103 certificatele de inspec\u0163ie tehnic\u0103 periodic\u0103 \u00een vederea emiterii acestora.<\/p>\n<p>Dup\u0103 primirea informa\u0163iilor din certificatele de inspec\u0163ie tehnic\u0103 periodic\u0103, R.A.R. le transmite \u00een format electronic autorit\u0103\u0163ii na\u0163ionale de \u00eenmatriculare.<\/p>\n<p><strong>Clasificarea deficien\u0163elor, conform textului de lege:<\/strong><\/p>\n<p><strong>deficien\u0163e minore<\/strong> \u2013 deficien\u0163ele care nu au un efect semnificativ asupra siguran\u0163ei vehiculului sau impact asupra mediului, precum \u015fi alte neconformit\u0103\u0163i minore;<\/p>\n<p><strong>deficien\u0163e majore<\/strong> \u2013 deficien\u0163ele susceptibile s\u0103 compromit\u0103 siguran\u0163a vehiculului, s\u0103 aib\u0103 impact asupra mediului sau s\u0103-i pun\u0103 \u00een pericol pe ceilal\u0163i participan\u0163i la trafic, precum \u015fi alte neconformit\u0103\u0163i mai importante;<\/p>\n<p><strong>deficien\u0163e periculoase<\/strong> \u2013 deficien\u0163ele care constituie un risc direct \u015fi imediat la adresa siguran\u0163ei rutiere sau care au impact asupra mediului.<\/p>\n<p><strong>Ce \u00eenseamn\u0103 deficien\u0163e minore:<\/strong><\/p>\n<p>Dispozi\u021biile detaliate cu privire la efectuarea ITP-ului sunt incluse \u00een Ordinul Ministerului Transporturilor, Construc\u021biilor \u0219i Turismului nr. 2.133\/2005.<\/p>\n<p>Printre altele, deficien\u021be minore sunt pl\u0103cile cu num\u0103rul de \u00eenmatriculare deteriorate, pedala de fr\u00e2nare cu \u00eembr\u0103c\u0103mintea uzat\u0103, lipsa capacului de la rezervorul lichidului de fr\u00e2n\u0103, geamurile fisurate, oglinzile deteriorate sau sistemul de dezaburire deteriorat, explic\u0103 avocatnet.ro. De asemenea, mai sunt \u00eencadrate ca deficien\u021be minore sursa defect\u0103 de lumin\u0103, suportul ro\u021bii de rezerv\u0103 aflat \u00eentr-o stare necorespunz\u0103toare, scurgerile de ulei de transmisie \u0219i dispozitivele antifurt defecte. Potrivit ordinului citat, defectele minore nu implic\u0103 o reexaminare a ma\u0219inii, \u00eens\u0103 este necesar ca acestea s\u0103 fie remediate \u00eentr-un timp c\u00e2t mai scurt.<\/p>\n<p>&nbsp;<\/p>\n<p><em>Sursa: Digi24<\/em><\/p>\n","protected":false},"excerpt":{"rendered":"<p>Apar noi reguli privind inspec\u0163ia tehnic\u0103 periodic\u0103 a ma\u015finilor. Va fi introdus\u0103 no\u0163iunea de defec\u0163iuni minore care nu vor mai c\u00e2nt\u0103ri at\u00e2t de mult iar inspec\u0163ia poate fi trecut\u0103 chiar \u015fi cu ele. \u00cen aceast\u0103 categorie ar fi probleme care nu \u0163in de siguran\u0163a vehiculului sau normele de poluare. De genul unui bec ars, pe &hellip;<\/p>\n","protected":false},"author":20,"featured_media":28008,"comment_status":"open","ping_status":"open","sticky":false,"template":"","format":"standard","meta":{"inline_featured_image":false,"footnotes":""},"categories":[2034],"tags":[9770,9769,9771,7207,1202,76,4524],"class_list":["post-39391","post","type-post","status-publish","format-standard","has-post-thumbnail","hentry","category-social","tag-defectiuni-minore","tag-itp","tag-norme-de-poluare","tag-proiect-de-lege","tag-reguli","tag-urbea-mea","tag-vehicul"],"yoast_head":"<!-- This site is optimized with the Yoast SEO plugin v27.4 - https:\/\/yoast.com\/product\/yoast-seo-wordpress\/ -->\n<title>Inspec\u021bia Tehnic\u0103 Periodic\u0103 va fi efectuat\u0103 dup\u0103 reguli noi - Revista Urbea Mea - Revista de Alba<\/title>\n<meta name=\"description\" content=\"Apar noi reguli privind inspec\u0163ia tehnic\u0103 periodic\u0103 a ma\u015finilor. Va fi introdus\u0103 no\u0163iunea de defec\u0163iuni minore care nu vor mai c\u00e2nt\u0103ri at\u00e2t de mult iar\" \/>\n<meta name=\"robots\" content=\"index, follow, max-snippet:-1, max-image-preview:large, max-video-preview:-1\" \/>\n<link rel=\"canonical\" href=\"https:\/\/urbeamea.ro\/albaiulia\/inspectia-tehnica-periodica-va-fi-efectuata-dupa-reguli-noi\/\" \/>\n<meta name=\"twitter:card\" content=\"summary_large_image\" \/>\n<meta name=\"twitter:title\" content=\"Inspec\u021bia Tehnic\u0103 Periodic\u0103 va fi efectuat\u0103 dup\u0103 reguli noi - Revista Urbea Mea - Revista de Alba\" \/>\n<meta name=\"twitter:description\" content=\"Apar noi reguli privind inspec\u0163ia tehnic\u0103 periodic\u0103 a ma\u015finilor. Va fi introdus\u0103 no\u0163iunea de defec\u0163iuni minore care nu vor mai c\u00e2nt\u0103ri at\u00e2t de mult iar\" \/>\n<meta name=\"twitter:image\" content=\"https:\/\/urbeamea.ro\/albaiulia\/wp-content\/uploads\/2016\/07\/foto-masini.jpg\" \/>\n<meta name=\"twitter:creator\" content=\"@urbeameaweb\" \/>\n<meta name=\"twitter:site\" content=\"@urbeameaweb\" \/>\n<script type=\"application\/ld+json\" class=\"yoast-schema-graph\">{\"@context\":\"https:\\\/\\\/schema.org\",\"@graph\":[{\"@type\":\"Article\",\"@id\":\"https:\\\/\\\/urbeamea.ro\\\/albaiulia\\\/inspectia-tehnica-periodica-va-fi-efectuata-dupa-reguli-noi\\\/#article\",\"isPartOf\":{\"@id\":\"https:\\\/\\\/urbeamea.ro\\\/albaiulia\\\/inspectia-tehnica-periodica-va-fi-efectuata-dupa-reguli-noi\\\/\"},\"author\":{\"name\":\"Adriana Avram\",\"@id\":\"https:\\\/\\\/urbeamea.ro\\\/albaiulia\\\/#\\\/schema\\\/person\\\/cfaa27fc3da4a9a2cf2fee3650afc5d0\"},\"headline\":\"Inspec\u021bia Tehnic\u0103 Periodic\u0103 va fi efectuat\u0103 dup\u0103 reguli noi\",\"datePublished\":\"2017-02-01T14:49:24+00:00\",\"mainEntityOfPage\":{\"@id\":\"https:\\\/\\\/urbeamea.ro\\\/albaiulia\\\/inspectia-tehnica-periodica-va-fi-efectuata-dupa-reguli-noi\\\/\"},\"wordCount\":641,\"commentCount\":0,\"image\":{\"@id\":\"https:\\\/\\\/urbeamea.ro\\\/albaiulia\\\/inspectia-tehnica-periodica-va-fi-efectuata-dupa-reguli-noi\\\/#primaryimage\"},\"thumbnailUrl\":\"https:\\\/\\\/urbeamea.ro\\\/albaiulia\\\/wp-content\\\/uploads\\\/2016\\\/07\\\/foto-masini.jpg\",\"keywords\":[\"defectiuni minore\",\"ITP\",\"norme de poluare\",\"proiect de lege\",\"reguli\",\"Urbea Mea\",\"vehicul\"],\"articleSection\":[\"Social\"],\"inLanguage\":\"ro-RO\",\"potentialAction\":[{\"@type\":\"CommentAction\",\"name\":\"Comment\",\"target\":[\"https:\\\/\\\/urbeamea.ro\\\/albaiulia\\\/inspectia-tehnica-periodica-va-fi-efectuata-dupa-reguli-noi\\\/#respond\"]}]},{\"@type\":\"WebPage\",\"@id\":\"https:\\\/\\\/urbeamea.ro\\\/albaiulia\\\/inspectia-tehnica-periodica-va-fi-efectuata-dupa-reguli-noi\\\/\",\"url\":\"https:\\\/\\\/urbeamea.ro\\\/albaiulia\\\/inspectia-tehnica-periodica-va-fi-efectuata-dupa-reguli-noi\\\/\",\"name\":\"Inspec\u021bia Tehnic\u0103 Periodic\u0103 va fi efectuat\u0103 dup\u0103 reguli noi - Revista Urbea Mea - Revista de Alba\",\"isPartOf\":{\"@id\":\"https:\\\/\\\/urbeamea.ro\\\/albaiulia\\\/#website\"},\"primaryImageOfPage\":{\"@id\":\"https:\\\/\\\/urbeamea.ro\\\/albaiulia\\\/inspectia-tehnica-periodica-va-fi-efectuata-dupa-reguli-noi\\\/#primaryimage\"},\"image\":{\"@id\":\"https:\\\/\\\/urbeamea.ro\\\/albaiulia\\\/inspectia-tehnica-periodica-va-fi-efectuata-dupa-reguli-noi\\\/#primaryimage\"},\"thumbnailUrl\":\"https:\\\/\\\/urbeamea.ro\\\/albaiulia\\\/wp-content\\\/uploads\\\/2016\\\/07\\\/foto-masini.jpg\",\"datePublished\":\"2017-02-01T14:49:24+00:00\",\"author\":{\"@id\":\"https:\\\/\\\/urbeamea.ro\\\/albaiulia\\\/#\\\/schema\\\/person\\\/cfaa27fc3da4a9a2cf2fee3650afc5d0\"},\"description\":\"Apar noi reguli privind inspec\u0163ia tehnic\u0103 periodic\u0103 a ma\u015finilor. Va fi introdus\u0103 no\u0163iunea de defec\u0163iuni minore care nu vor mai c\u00e2nt\u0103ri at\u00e2t de mult iar\",\"breadcrumb\":{\"@id\":\"https:\\\/\\\/urbeamea.ro\\\/albaiulia\\\/inspectia-tehnica-periodica-va-fi-efectuata-dupa-reguli-noi\\\/#breadcrumb\"},\"inLanguage\":\"ro-RO\",\"potentialAction\":[{\"@type\":\"ReadAction\",\"target\":[\"https:\\\/\\\/urbeamea.ro\\\/albaiulia\\\/inspectia-tehnica-periodica-va-fi-efectuata-dupa-reguli-noi\\\/\"]}]},{\"@type\":\"ImageObject\",\"inLanguage\":\"ro-RO\",\"@id\":\"https:\\\/\\\/urbeamea.ro\\\/albaiulia\\\/inspectia-tehnica-periodica-va-fi-efectuata-dupa-reguli-noi\\\/#primaryimage\",\"url\":\"https:\\\/\\\/urbeamea.ro\\\/albaiulia\\\/wp-content\\\/uploads\\\/2016\\\/07\\\/foto-masini.jpg\",\"contentUrl\":\"https:\\\/\\\/urbeamea.ro\\\/albaiulia\\\/wp-content\\\/uploads\\\/2016\\\/07\\\/foto-masini.jpg\",\"width\":720,\"height\":960},{\"@type\":\"BreadcrumbList\",\"@id\":\"https:\\\/\\\/urbeamea.ro\\\/albaiulia\\\/inspectia-tehnica-periodica-va-fi-efectuata-dupa-reguli-noi\\\/#breadcrumb\",\"itemListElement\":[{\"@type\":\"ListItem\",\"position\":1,\"name\":\"Prima pagin\u0103\",\"item\":\"https:\\\/\\\/urbeamea.ro\\\/albaiulia\\\/\"},{\"@type\":\"ListItem\",\"position\":2,\"name\":\"Inspec\u021bia Tehnic\u0103 Periodic\u0103 va fi efectuat\u0103 dup\u0103 reguli noi\"}]},{\"@type\":\"WebSite\",\"@id\":\"https:\\\/\\\/urbeamea.ro\\\/albaiulia\\\/#website\",\"url\":\"https:\\\/\\\/urbeamea.ro\\\/albaiulia\\\/\",\"name\":\"Revista Urbea Mea, Stiri urbane\",\"description\":\"Evenimente \u0219i \u0219tiri din Alba Iulia, Sebe\u0219, Aiud, Blaj\",\"potentialAction\":[{\"@type\":\"SearchAction\",\"target\":{\"@type\":\"EntryPoint\",\"urlTemplate\":\"https:\\\/\\\/urbeamea.ro\\\/albaiulia\\\/?s={search_term_string}\"},\"query-input\":{\"@type\":\"PropertyValueSpecification\",\"valueRequired\":true,\"valueName\":\"search_term_string\"}}],\"inLanguage\":\"ro-RO\"},{\"@type\":\"Person\",\"@id\":\"https:\\\/\\\/urbeamea.ro\\\/albaiulia\\\/#\\\/schema\\\/person\\\/cfaa27fc3da4a9a2cf2fee3650afc5d0\",\"name\":\"Adriana Avram\",\"image\":{\"@type\":\"ImageObject\",\"inLanguage\":\"ro-RO\",\"@id\":\"https:\\\/\\\/secure.gravatar.com\\\/avatar\\\/3cc61eb1584088e0099c1763903a6421c5ce6cdf45fc2d424046dc621efc21f9?s=96&d=mm&r=g\",\"url\":\"https:\\\/\\\/secure.gravatar.com\\\/avatar\\\/3cc61eb1584088e0099c1763903a6421c5ce6cdf45fc2d424046dc621efc21f9?s=96&d=mm&r=g\",\"contentUrl\":\"https:\\\/\\\/secure.gravatar.com\\\/avatar\\\/3cc61eb1584088e0099c1763903a6421c5ce6cdf45fc2d424046dc621efc21f9?s=96&d=mm&r=g\",\"caption\":\"Adriana Avram\"},\"description\":\"Jurnalist\",\"sameAs\":[\"https:\\\/\\\/www.facebook.com\\\/avram.adriana.7?fref=ts\"],\"url\":\"https:\\\/\\\/urbeamea.ro\\\/albaiulia\\\/author\\\/adriana-avram\\\/\"}]}<\/script>\n<!-- \/ Yoast SEO plugin. -->","yoast_head_json":{"title":"Inspec\u021bia Tehnic\u0103 Periodic\u0103 va fi efectuat\u0103 dup\u0103 reguli noi - Revista Urbea Mea - Revista de Alba","description":"Apar noi reguli privind inspec\u0163ia tehnic\u0103 periodic\u0103 a ma\u015finilor. Va fi introdus\u0103 no\u0163iunea de defec\u0163iuni minore care nu vor mai c\u00e2nt\u0103ri at\u00e2t de mult iar","robots":{"index":"index","follow":"follow","max-snippet":"max-snippet:-1","max-image-preview":"max-image-preview:large","max-video-preview":"max-video-preview:-1"},"canonical":"https:\/\/urbeamea.ro\/albaiulia\/inspectia-tehnica-periodica-va-fi-efectuata-dupa-reguli-noi\/","twitter_card":"summary_large_image","twitter_title":"Inspec\u021bia Tehnic\u0103 Periodic\u0103 va fi efectuat\u0103 dup\u0103 reguli noi - Revista Urbea Mea - Revista de Alba","twitter_description":"Apar noi reguli privind inspec\u0163ia tehnic\u0103 periodic\u0103 a ma\u015finilor. Va fi introdus\u0103 no\u0163iunea de defec\u0163iuni minore care nu vor mai c\u00e2nt\u0103ri at\u00e2t de mult iar","twitter_image":"https:\/\/urbeamea.ro\/albaiulia\/wp-content\/uploads\/2016\/07\/foto-masini.jpg","twitter_creator":"@urbeameaweb","twitter_site":"@urbeameaweb","schema":{"@context":"https:\/\/schema.org","@graph":[{"@type":"Article","@id":"https:\/\/urbeamea.ro\/albaiulia\/inspectia-tehnica-periodica-va-fi-efectuata-dupa-reguli-noi\/#article","isPartOf":{"@id":"https:\/\/urbeamea.ro\/albaiulia\/inspectia-tehnica-periodica-va-fi-efectuata-dupa-reguli-noi\/"},"author":{"name":"Adriana Avram","@id":"https:\/\/urbeamea.ro\/albaiulia\/#\/schema\/person\/cfaa27fc3da4a9a2cf2fee3650afc5d0"},"headline":"Inspec\u021bia Tehnic\u0103 Periodic\u0103 va fi efectuat\u0103 dup\u0103 reguli noi","datePublished":"2017-02-01T14:49:24+00:00","mainEntityOfPage":{"@id":"https:\/\/urbeamea.ro\/albaiulia\/inspectia-tehnica-periodica-va-fi-efectuata-dupa-reguli-noi\/"},"wordCount":641,"commentCount":0,"image":{"@id":"https:\/\/urbeamea.ro\/albaiulia\/inspectia-tehnica-periodica-va-fi-efectuata-dupa-reguli-noi\/#primaryimage"},"thumbnailUrl":"https:\/\/urbeamea.ro\/albaiulia\/wp-content\/uploads\/2016\/07\/foto-masini.jpg","keywords":["defectiuni minore","ITP","norme de poluare","proiect de lege","reguli","Urbea Mea","vehicul"],"articleSection":["Social"],"inLanguage":"ro-RO","potentialAction":[{"@type":"CommentAction","name":"Comment","target":["https:\/\/urbeamea.ro\/albaiulia\/inspectia-tehnica-periodica-va-fi-efectuata-dupa-reguli-noi\/#respond"]}]},{"@type":"WebPage","@id":"https:\/\/urbeamea.ro\/albaiulia\/inspectia-tehnica-periodica-va-fi-efectuata-dupa-reguli-noi\/","url":"https:\/\/urbeamea.ro\/albaiulia\/inspectia-tehnica-periodica-va-fi-efectuata-dupa-reguli-noi\/","name":"Inspec\u021bia Tehnic\u0103 Periodic\u0103 va fi efectuat\u0103 dup\u0103 reguli noi - Revista Urbea Mea - Revista de Alba","isPartOf":{"@id":"https:\/\/urbeamea.ro\/albaiulia\/#website"},"primaryImageOfPage":{"@id":"https:\/\/urbeamea.ro\/albaiulia\/inspectia-tehnica-periodica-va-fi-efectuata-dupa-reguli-noi\/#primaryimage"},"image":{"@id":"https:\/\/urbeamea.ro\/albaiulia\/inspectia-tehnica-periodica-va-fi-efectuata-dupa-reguli-noi\/#primaryimage"},"thumbnailUrl":"https:\/\/urbeamea.ro\/albaiulia\/wp-content\/uploads\/2016\/07\/foto-masini.jpg","datePublished":"2017-02-01T14:49:24+00:00","author":{"@id":"https:\/\/urbeamea.ro\/albaiulia\/#\/schema\/person\/cfaa27fc3da4a9a2cf2fee3650afc5d0"},"description":"Apar noi reguli privind inspec\u0163ia tehnic\u0103 periodic\u0103 a ma\u015finilor. Va fi introdus\u0103 no\u0163iunea de defec\u0163iuni minore care nu vor mai c\u00e2nt\u0103ri at\u00e2t de mult iar","breadcrumb":{"@id":"https:\/\/urbeamea.ro\/albaiulia\/inspectia-tehnica-periodica-va-fi-efectuata-dupa-reguli-noi\/#breadcrumb"},"inLanguage":"ro-RO","potentialAction":[{"@type":"ReadAction","target":["https:\/\/urbeamea.ro\/albaiulia\/inspectia-tehnica-periodica-va-fi-efectuata-dupa-reguli-noi\/"]}]},{"@type":"ImageObject","inLanguage":"ro-RO","@id":"https:\/\/urbeamea.ro\/albaiulia\/inspectia-tehnica-periodica-va-fi-efectuata-dupa-reguli-noi\/#primaryimage","url":"https:\/\/urbeamea.ro\/albaiulia\/wp-content\/uploads\/2016\/07\/foto-masini.jpg","contentUrl":"https:\/\/urbeamea.ro\/albaiulia\/wp-content\/uploads\/2016\/07\/foto-masini.jpg","width":720,"height":960},{"@type":"BreadcrumbList","@id":"https:\/\/urbeamea.ro\/albaiulia\/inspectia-tehnica-periodica-va-fi-efectuata-dupa-reguli-noi\/#breadcrumb","itemListElement":[{"@type":"ListItem","position":1,"name":"Prima pagin\u0103","item":"https:\/\/urbeamea.ro\/albaiulia\/"},{"@type":"ListItem","position":2,"name":"Inspec\u021bia Tehnic\u0103 Periodic\u0103 va fi efectuat\u0103 dup\u0103 reguli noi"}]},{"@type":"WebSite","@id":"https:\/\/urbeamea.ro\/albaiulia\/#website","url":"https:\/\/urbeamea.ro\/albaiulia\/","name":"Revista Urbea Mea, Stiri urbane","description":"Evenimente \u0219i \u0219tiri din Alba Iulia, Sebe\u0219, Aiud, Blaj","potentialAction":[{"@type":"SearchAction","target":{"@type":"EntryPoint","urlTemplate":"https:\/\/urbeamea.ro\/albaiulia\/?s={search_term_string}"},"query-input":{"@type":"PropertyValueSpecification","valueRequired":true,"valueName":"search_term_string"}}],"inLanguage":"ro-RO"},{"@type":"Person","@id":"https:\/\/urbeamea.ro\/albaiulia\/#\/schema\/person\/cfaa27fc3da4a9a2cf2fee3650afc5d0","name":"Adriana Avram","image":{"@type":"ImageObject","inLanguage":"ro-RO","@id":"https:\/\/secure.gravatar.com\/avatar\/3cc61eb1584088e0099c1763903a6421c5ce6cdf45fc2d424046dc621efc21f9?s=96&d=mm&r=g","url":"https:\/\/secure.gravatar.com\/avatar\/3cc61eb1584088e0099c1763903a6421c5ce6cdf45fc2d424046dc621efc21f9?s=96&d=mm&r=g","contentUrl":"https:\/\/secure.gravatar.com\/avatar\/3cc61eb1584088e0099c1763903a6421c5ce6cdf45fc2d424046dc621efc21f9?s=96&d=mm&r=g","caption":"Adriana Avram"},"description":"Jurnalist","sameAs":["https:\/\/www.facebook.com\/avram.adriana.7?fref=ts"],"url":"https:\/\/urbeamea.ro\/albaiulia\/author\/adriana-avram\/"}]}},"_links":{"self":[{"href":"https:\/\/urbeamea.ro\/albaiulia\/wp-json\/wp\/v2\/posts\/39391","targetHints":{"allow":["GET"]}}],"collection":[{"href":"https:\/\/urbeamea.ro\/albaiulia\/wp-json\/wp\/v2\/posts"}],"about":[{"href":"https:\/\/urbeamea.ro\/albaiulia\/wp-json\/wp\/v2\/types\/post"}],"author":[{"embeddable":true,"href":"https:\/\/urbeamea.ro\/albaiulia\/wp-json\/wp\/v2\/users\/20"}],"replies":[{"embeddable":true,"href":"https:\/\/urbeamea.ro\/albaiulia\/wp-json\/wp\/v2\/comments?post=39391"}],"version-history":[{"count":0,"href":"https:\/\/urbeamea.ro\/albaiulia\/wp-json\/wp\/v2\/posts\/39391\/revisions"}],"wp:featuredmedia":[{"embeddable":true,"href":"https:\/\/urbeamea.ro\/albaiulia\/wp-json\/wp\/v2\/media\/28008"}],"wp:attachment":[{"href":"https:\/\/urbeamea.ro\/albaiulia\/wp-json\/wp\/v2\/media?parent=39391"}],"wp:term":[{"taxonomy":"category","embeddable":true,"href":"https:\/\/urbeamea.ro\/albaiulia\/wp-json\/wp\/v2\/categories?post=39391"},{"taxonomy":"post_tag","embeddable":true,"href":"https:\/\/urbeamea.ro\/albaiulia\/wp-json\/wp\/v2\/tags?post=39391"}],"curies":[{"name":"wp","href":"https:\/\/api.w.org\/{rel}","templated":true}]}}