{"id":39437,"date":"2017-02-02T16:00:30","date_gmt":"2017-02-02T14:00:30","guid":{"rendered":"http:\/\/urbeamea.ro\/albaiulia\/?p=39437"},"modified":"2017-02-02T16:01:40","modified_gmt":"2017-02-02T14:01:40","slug":"foto-peste-40-de-milioane-de-euro-sunt-alocati-regiunii-centru-pentru-finantarea-investitiilor-de-imbunatatire-a-eficientei-energetice-a-cladirilor-publice","status":"publish","type":"post","link":"https:\/\/urbeamea.ro\/albaiulia\/foto-peste-40-de-milioane-de-euro-sunt-alocati-regiunii-centru-pentru-finantarea-investitiilor-de-imbunatatire-a-eficientei-energetice-a-cladirilor-publice\/","title":{"rendered":"FOTO: Peste 40 de milioane de euro sunt aloca\u0163i Regiunii Centru pentru finan\u0163area investi\u0163iilor de \u00eembun\u0103t\u0103\u0163ire a eficien\u0163ei energetice a cl\u0103dirilor publice"},"content":{"rendered":"<p><strong>Peste 120 de persoane au participat deja la evenimentele de lansare a Priorit\u0103\u021bii de Investi\u021bii 3.1 &#8211; Opera\u021biunea B \u201eCl\u0103diri publice\u201d, organizate la Alba Iulia \u0219i T\u00e2rgu Mure\u0219 de c\u0103tre Agen\u0163ia pentru Dezvoltare Regional\u0103 Centru, \u00een calitatea sa de Organism Intermediar pentru POR 2014-2020. Un eveniment similar va avea loc \u00een 7 februarie, la sediul Consiliului Jude\u021bean Bra\u0219ov.<\/strong><\/p>\n<p>Prioritatea de investi\u021bii 3.1.B, pentru \u00eembun\u0103t\u0103\u021birea eficien\u021bei energetice a cl\u0103dirilor publice a fost lansat\u0103 la nivel na\u021bional \u00een data de 27.12.2016, iar depunerea de proiecte va fi posibil\u0103 \u00eencep\u00e2nd cu data de 28.02.2017, ora 10:00, exclusiv prin intermediul aplica\u021biei electronice MySMIS. Alocarea prezentului apel de proiecte pentru Regiunea Centru este de 40,13 milioane euro, iar pentru un proiect valoarea finan\u021b\u0103rii nerambursabile acordate poate fi minimum 100.000 euro \u0219i maxim de 25 milioane de euro, echivalent \u00een lei la cursul de schimb InforEuro al lunii Decembrie-2016, de 4,5172 lei\/euro.<\/p>\n<p>Solicitan\u021bi eligibili \u00een cadrul acestui apel de proiecte pot fi autorit\u0103\u021bile publice centrale, autorit\u0103\u021bile \u0219i institu\u021biile publice locale \u0219i parteneriatele \u00eentre acestea. Concret, prin prezentul apel de proiecte este sprijinit\u0103 realizarea de investi\u021bii pentru cre\u015fterea eficien\u0163ei energetice a cl\u0103dirilor publice din mediul urban \u0219i rural, \u0219i care sunt cl\u0103diri de interes \u015fi utilitate public\u0103. Ca activit\u0103\u021bi eligibile \u00een proiecte sunt finan\u021bate investi\u021biile pentru cre\u015fterea eficien\u0163ei energetice a cl\u0103dirilor publice din mediul urban \u0219i rural, care sunt cl\u0103diri de interes \u015fi utilitate public\u0103. \u00cen cadrul acestui apel de proiecte, activit\u0103\u0163ile propuse nu trebuie s\u0103 intre sub inciden\u0163a ajutorului de stat. Ratele de co-finan\u0163are a proiectelor sunt distincte \u00een func\u021bie de tipul de solicitant. Astfel, pentru autorit\u0103\u021bi \u0219i institu\u021bii publice locale, cofinan\u021barea proiectelor este de minim de 2% din totalul cheltuielilor eligibile ale proiectelor, iar pentru solicitan\u021bii autorit\u0103\u021bi publice centrale, aceast\u0103 component\u0103 de cofinan\u021bare este de minim 15% din valoarea cheltuielilor eligibile ale proiectului.<\/p>\n<p><em>\u201dDup\u0103 lansarea domeniului destinat \u00eembun\u0103t\u0103\u021birii eficien\u021bei energetice a cl\u0103dirilor reziden\u021biale, trecem acum la preg\u0103tirea poten\u021bialilor beneficiari de fonduri care sunt preocupa\u021bi de eficien\u021ba energetic\u0103 a cl\u0103dirilor publice. Vorbim de spitale, \u0219coli, sedii de institu\u021bii publice, unde autorit\u0103\u021bile publice se preocup\u0103 de reducerea consumurilor energetice \u0219i de cheltuirea eficient\u0103 a resurselor. La nivel macro-regional \u0219i na\u021bional se urm\u0103resc sc\u0103derea consumului anual de energie final\u0103 \u00een cl\u0103dirile publice, sau trecerea acestuia pe surse regenerabile, pe sc\u0103derea consumului anual specific de energie primar\u0103, inclusiv de electricitate, at\u00e2t pentru \u00eenc\u0103lzire \u0219i r\u0103cire, c\u00e2t \u0219i pentru prepararea apei calde. Sper\u0103m ca, peste c\u00e2\u021biva ani, s\u0103 putem vorbi de o regiune \u00een care eficien\u021ba energetic\u0103 se observ\u0103 \u00een c\u00e2t mai multe \u00een cl\u0103diri publice care au beneficiat de o astfel de finan\u021bare prin POR 2014-2020\u201d<\/em>, a declarat domnul Simion Cre\u021bu, director general ADR Centru.<\/p>\n<p>ADR Centru furnizeaz\u0103 informa\u021biile necesare poten\u0163ialilor beneficiari ai acestor Priorit\u0103\u021bii de Investi\u021bii de la nivelul Regiunii Centru, \u00een vederea acces\u0103rii cu succes a fondurilor disponibile prin aceste apeluri de proiecte. \u00cen cadrul seminariilor de la Alba Iulia, T\u00e2rgu Mure\u0219 \u0219i Bra\u0219ov s-au prezentat \u0219i se prezint\u0103 condi\u021biile specifice de eligibilitate cuprinse \u00een Ghidul specific \u0219i aspectele privind depunerea proiectelor, dar \u0219i cerin\u021bele privind identitatea vizual\u0103 a proiectelor depuse. Fiecare seminar de informare va cuprinde o prezentare general\u0103 a Programului Opera\u021bional Regional 2014-2020 \u0219i o prezentare general\u0103 a aplica\u021biei MySMIS. \u021ain\u00e2nd cont de structura grupului \u021bint\u0103 a participan\u021bilor, la aceste \u00eent\u00e2lniri de lucru vor fi sus\u021binute \u0219i prezent\u0103ri referitoare la modelele europene de valorificare a resurselor regenerabile pentru producerea de energie; inclusiv evolu\u021bia politicilor din domeniul bioenergiei \u0219i elaborarea Planurilor de Ac\u021biune pentru Energie Durabil\u0103.<\/p>\n<p><strong>Prioritatea de Investi\u021bii 3.1 \u201eSprijinirea eficien\u021bei energetice, a gestion\u0103rii inteligente a energiei \u0219i a utiliz\u0103rii energiei din surse regenerabile \u00een infrastructurile publice, inclusiv \u00een cl\u0103dirile publice, \u0219i \u00een sectorul locuin\u021belor\u201d &#8211; Opera\u021biunea B \u201eCl\u0103diri publice\u201d, face parte din Programul Opera\u021bional Regional 2014-2020, prin care Regiunii Centru \u00eei sunt alocate 90,48 milioane euro, pentru tranzi\u021bia c\u0103tre o economie cu emisii sc\u0103zute de carbon.<\/strong><\/p>\n<div id='gallery-1' class='gallery galleryid-39437 gallery-columns-3 gallery-size-thumbnail'><figure class='gallery-item'>\n\t\t\t<div class='gallery-icon landscape'>\n\t\t\t\t<a href='https:\/\/urbeamea.ro\/albaiulia\/wp-content\/uploads\/2017\/02\/3-1-B_1.jpg'><img decoding=\"async\" width=\"150\" height=\"107\" src=\"data:image\/png;base64,iVBORw0KGgoAAAANSUhEUgAAAYYAAADcAQMAAABOLJSDAAAAA1BMVEUAAACnej3aAAAAAXRSTlMAQObYZgAAACJJREFUaIHtwTEBAAAAwqD1T20ND6AAAAAAAAAAAAAA4N8AKvgAAUFIrrEAAAAASUVORK5CYII=\" class=\"attachment-thumbnail size-thumbnail lazy-img\" alt=\"\" srcset=\"https:\/\/urbeamea.ro\/albaiulia\/wp-content\/uploads\/2017\/02\/3-1-B_1-150x107.jpg 150w, https:\/\/urbeamea.ro\/albaiulia\/wp-content\/uploads\/2017\/02\/3-1-B_1-640x456.jpg 640w, https:\/\/urbeamea.ro\/albaiulia\/wp-content\/uploads\/2017\/02\/3-1-B_1-768x547.jpg 768w, https:\/\/urbeamea.ro\/albaiulia\/wp-content\/uploads\/2017\/02\/3-1-B_1.jpg 778w\" sizes=\"auto, (max-width: 150px) 100vw, 150px\" data-src=\"https:\/\/urbeamea.ro\/albaiulia\/wp-content\/uploads\/2017\/02\/3-1-B_1-150x107.jpg\" loading=\"lazy\" \/><\/a>\n\t\t\t<\/div><\/figure><figure class='gallery-item'>\n\t\t\t<div class='gallery-icon landscape'>\n\t\t\t\t<a href='https:\/\/urbeamea.ro\/albaiulia\/wp-content\/uploads\/2017\/02\/3-1-B_3.jpg'><img decoding=\"async\" width=\"150\" height=\"124\" src=\"data:image\/png;base64,iVBORw0KGgoAAAANSUhEUgAAAYYAAADcAQMAAABOLJSDAAAAA1BMVEUAAACnej3aAAAAAXRSTlMAQObYZgAAACJJREFUaIHtwTEBAAAAwqD1T20ND6AAAAAAAAAAAAAA4N8AKvgAAUFIrrEAAAAASUVORK5CYII=\" class=\"attachment-thumbnail size-thumbnail lazy-img\" alt=\"\" srcset=\"https:\/\/urbeamea.ro\/albaiulia\/wp-content\/uploads\/2017\/02\/3-1-B_3-150x124.jpg 150w, https:\/\/urbeamea.ro\/albaiulia\/wp-content\/uploads\/2017\/02\/3-1-B_3-640x528.jpg 640w, https:\/\/urbeamea.ro\/albaiulia\/wp-content\/uploads\/2017\/02\/3-1-B_3.jpg 722w\" sizes=\"auto, (max-width: 150px) 100vw, 150px\" data-src=\"https:\/\/urbeamea.ro\/albaiulia\/wp-content\/uploads\/2017\/02\/3-1-B_3-150x124.jpg\" loading=\"lazy\" \/><\/a>\n\t\t\t<\/div><\/figure><figure class='gallery-item'>\n\t\t\t<div class='gallery-icon landscape'>\n\t\t\t\t<a href='https:\/\/urbeamea.ro\/albaiulia\/wp-content\/uploads\/2017\/02\/Foto-2.jpg'><img decoding=\"async\" width=\"150\" height=\"100\" src=\"data:image\/png;base64,iVBORw0KGgoAAAANSUhEUgAAAYYAAADcAQMAAABOLJSDAAAAA1BMVEUAAACnej3aAAAAAXRSTlMAQObYZgAAACJJREFUaIHtwTEBAAAAwqD1T20ND6AAAAAAAAAAAAAA4N8AKvgAAUFIrrEAAAAASUVORK5CYII=\" class=\"attachment-thumbnail size-thumbnail lazy-img\" alt=\"\" srcset=\"https:\/\/urbeamea.ro\/albaiulia\/wp-content\/uploads\/2017\/02\/Foto-2-150x100.jpg 150w, https:\/\/urbeamea.ro\/albaiulia\/wp-content\/uploads\/2017\/02\/Foto-2-640x427.jpg 640w, https:\/\/urbeamea.ro\/albaiulia\/wp-content\/uploads\/2017\/02\/Foto-2-768x512.jpg 768w, https:\/\/urbeamea.ro\/albaiulia\/wp-content\/uploads\/2017\/02\/Foto-2.jpg 1006w\" sizes=\"auto, (max-width: 150px) 100vw, 150px\" data-src=\"https:\/\/urbeamea.ro\/albaiulia\/wp-content\/uploads\/2017\/02\/Foto-2-150x100.jpg\" loading=\"lazy\" \/><\/a>\n\t\t\t<\/div><\/figure><figure class='gallery-item'>\n\t\t\t<div class='gallery-icon landscape'>\n\t\t\t\t<a href='https:\/\/urbeamea.ro\/albaiulia\/wp-content\/uploads\/2017\/02\/Foto-4.jpg'><img decoding=\"async\" width=\"150\" height=\"113\" src=\"data:image\/png;base64,iVBORw0KGgoAAAANSUhEUgAAAYYAAADcAQMAAABOLJSDAAAAA1BMVEUAAACnej3aAAAAAXRSTlMAQObYZgAAACJJREFUaIHtwTEBAAAAwqD1T20ND6AAAAAAAAAAAAAA4N8AKvgAAUFIrrEAAAAASUVORK5CYII=\" class=\"attachment-thumbnail size-thumbnail lazy-img\" alt=\"\" srcset=\"https:\/\/urbeamea.ro\/albaiulia\/wp-content\/uploads\/2017\/02\/Foto-4-150x113.jpg 150w, https:\/\/urbeamea.ro\/albaiulia\/wp-content\/uploads\/2017\/02\/Foto-4-640x480.jpg 640w, https:\/\/urbeamea.ro\/albaiulia\/wp-content\/uploads\/2017\/02\/Foto-4-768x576.jpg 768w, https:\/\/urbeamea.ro\/albaiulia\/wp-content\/uploads\/2017\/02\/Foto-4.jpg 1142w\" sizes=\"auto, (max-width: 150px) 100vw, 150px\" data-src=\"https:\/\/urbeamea.ro\/albaiulia\/wp-content\/uploads\/2017\/02\/Foto-4-150x113.jpg\" loading=\"lazy\" \/><\/a>\n\t\t\t<\/div><\/figure><figure class='gallery-item'>\n\t\t\t<div class='gallery-icon landscape'>\n\t\t\t\t<a href='https:\/\/urbeamea.ro\/albaiulia\/wp-content\/uploads\/2017\/02\/Foto-7.jpg'><img decoding=\"async\" width=\"150\" height=\"83\" src=\"data:image\/png;base64,iVBORw0KGgoAAAANSUhEUgAAAYYAAADcAQMAAABOLJSDAAAAA1BMVEUAAACnej3aAAAAAXRSTlMAQObYZgAAACJJREFUaIHtwTEBAAAAwqD1T20ND6AAAAAAAAAAAAAA4N8AKvgAAUFIrrEAAAAASUVORK5CYII=\" class=\"attachment-thumbnail size-thumbnail lazy-img\" alt=\"\" srcset=\"https:\/\/urbeamea.ro\/albaiulia\/wp-content\/uploads\/2017\/02\/Foto-7-150x83.jpg 150w, https:\/\/urbeamea.ro\/albaiulia\/wp-content\/uploads\/2017\/02\/Foto-7-640x354.jpg 640w, https:\/\/urbeamea.ro\/albaiulia\/wp-content\/uploads\/2017\/02\/Foto-7-768x425.jpg 768w, https:\/\/urbeamea.ro\/albaiulia\/wp-content\/uploads\/2017\/02\/Foto-7-819x452.jpg 819w, https:\/\/urbeamea.ro\/albaiulia\/wp-content\/uploads\/2017\/02\/Foto-7.jpg 1114w\" sizes=\"auto, (max-width: 150px) 100vw, 150px\" data-src=\"https:\/\/urbeamea.ro\/albaiulia\/wp-content\/uploads\/2017\/02\/Foto-7-150x83.jpg\" loading=\"lazy\" \/><\/a>\n\t\t\t<\/div><\/figure><figure class='gallery-item'>\n\t\t\t<div class='gallery-icon landscape'>\n\t\t\t\t<a href='https:\/\/urbeamea.ro\/albaiulia\/wp-content\/uploads\/2017\/02\/Foto-9.jpg'><img decoding=\"async\" width=\"150\" height=\"80\" src=\"data:image\/png;base64,iVBORw0KGgoAAAANSUhEUgAAAYYAAADcAQMAAABOLJSDAAAAA1BMVEUAAACnej3aAAAAAXRSTlMAQObYZgAAACJJREFUaIHtwTEBAAAAwqD1T20ND6AAAAAAAAAAAAAA4N8AKvgAAUFIrrEAAAAASUVORK5CYII=\" class=\"attachment-thumbnail size-thumbnail lazy-img\" alt=\"\" srcset=\"https:\/\/urbeamea.ro\/albaiulia\/wp-content\/uploads\/2017\/02\/Foto-9-150x80.jpg 150w, https:\/\/urbeamea.ro\/albaiulia\/wp-content\/uploads\/2017\/02\/Foto-9-640x342.jpg 640w, https:\/\/urbeamea.ro\/albaiulia\/wp-content\/uploads\/2017\/02\/Foto-9-768x410.jpg 768w, https:\/\/urbeamea.ro\/albaiulia\/wp-content\/uploads\/2017\/02\/Foto-9.jpg 1192w\" sizes=\"auto, (max-width: 150px) 100vw, 150px\" data-src=\"https:\/\/urbeamea.ro\/albaiulia\/wp-content\/uploads\/2017\/02\/Foto-9-150x80.jpg\" loading=\"lazy\" \/><\/a>\n\t\t\t<\/div><\/figure><figure class='gallery-item'>\n\t\t\t<div class='gallery-icon landscape'>\n\t\t\t\t<a href='https:\/\/urbeamea.ro\/albaiulia\/wp-content\/uploads\/2017\/02\/Foto-11.jpg'><img decoding=\"async\" width=\"150\" height=\"79\" src=\"data:image\/png;base64,iVBORw0KGgoAAAANSUhEUgAAAYYAAADcAQMAAABOLJSDAAAAA1BMVEUAAACnej3aAAAAAXRSTlMAQObYZgAAACJJREFUaIHtwTEBAAAAwqD1T20ND6AAAAAAAAAAAAAA4N8AKvgAAUFIrrEAAAAASUVORK5CYII=\" class=\"attachment-thumbnail size-thumbnail lazy-img\" alt=\"\" srcset=\"https:\/\/urbeamea.ro\/albaiulia\/wp-content\/uploads\/2017\/02\/Foto-11-150x79.jpg 150w, https:\/\/urbeamea.ro\/albaiulia\/wp-content\/uploads\/2017\/02\/Foto-11-640x338.jpg 640w, https:\/\/urbeamea.ro\/albaiulia\/wp-content\/uploads\/2017\/02\/Foto-11-768x405.jpg 768w, https:\/\/urbeamea.ro\/albaiulia\/wp-content\/uploads\/2017\/02\/Foto-11.jpg 1280w\" sizes=\"auto, (max-width: 150px) 100vw, 150px\" data-src=\"https:\/\/urbeamea.ro\/albaiulia\/wp-content\/uploads\/2017\/02\/Foto-11-150x79.jpg\" loading=\"lazy\" \/><\/a>\n\t\t\t<\/div><\/figure><figure class='gallery-item'>\n\t\t\t<div class='gallery-icon landscape'>\n\t\t\t\t<a href='https:\/\/urbeamea.ro\/albaiulia\/wp-content\/uploads\/2017\/02\/Foto-12.jpg'><img decoding=\"async\" width=\"150\" height=\"85\" src=\"data:image\/png;base64,iVBORw0KGgoAAAANSUhEUgAAAYYAAADcAQMAAABOLJSDAAAAA1BMVEUAAACnej3aAAAAAXRSTlMAQObYZgAAACJJREFUaIHtwTEBAAAAwqD1T20ND6AAAAAAAAAAAAAA4N8AKvgAAUFIrrEAAAAASUVORK5CYII=\" class=\"attachment-thumbnail size-thumbnail lazy-img\" alt=\"\" srcset=\"https:\/\/urbeamea.ro\/albaiulia\/wp-content\/uploads\/2017\/02\/Foto-12-150x85.jpg 150w, https:\/\/urbeamea.ro\/albaiulia\/wp-content\/uploads\/2017\/02\/Foto-12-640x365.jpg 640w, https:\/\/urbeamea.ro\/albaiulia\/wp-content\/uploads\/2017\/02\/Foto-12-768x438.jpg 768w, https:\/\/urbeamea.ro\/albaiulia\/wp-content\/uploads\/2017\/02\/Foto-12.jpg 1260w\" sizes=\"auto, (max-width: 150px) 100vw, 150px\" data-src=\"https:\/\/urbeamea.ro\/albaiulia\/wp-content\/uploads\/2017\/02\/Foto-12-150x85.jpg\" loading=\"lazy\" \/><\/a>\n\t\t\t<\/div><\/figure><figure class='gallery-item'>\n\t\t\t<div class='gallery-icon landscape'>\n\t\t\t\t<a href='https:\/\/urbeamea.ro\/albaiulia\/wp-content\/uploads\/2017\/02\/Foto-13.jpg'><img decoding=\"async\" width=\"150\" height=\"81\" src=\"data:image\/png;base64,iVBORw0KGgoAAAANSUhEUgAAAYYAAADcAQMAAABOLJSDAAAAA1BMVEUAAACnej3aAAAAAXRSTlMAQObYZgAAACJJREFUaIHtwTEBAAAAwqD1T20ND6AAAAAAAAAAAAAA4N8AKvgAAUFIrrEAAAAASUVORK5CYII=\" class=\"attachment-thumbnail size-thumbnail lazy-img\" alt=\"\" srcset=\"https:\/\/urbeamea.ro\/albaiulia\/wp-content\/uploads\/2017\/02\/Foto-13-150x81.jpg 150w, https:\/\/urbeamea.ro\/albaiulia\/wp-content\/uploads\/2017\/02\/Foto-13-640x346.jpg 640w, https:\/\/urbeamea.ro\/albaiulia\/wp-content\/uploads\/2017\/02\/Foto-13-768x415.jpg 768w, https:\/\/urbeamea.ro\/albaiulia\/wp-content\/uploads\/2017\/02\/Foto-13.jpg 1167w\" sizes=\"auto, (max-width: 150px) 100vw, 150px\" data-src=\"https:\/\/urbeamea.ro\/albaiulia\/wp-content\/uploads\/2017\/02\/Foto-13-150x81.jpg\" loading=\"lazy\" \/><\/a>\n\t\t\t<\/div><\/figure>\n\t\t<\/div>\n\n","protected":false},"excerpt":{"rendered":"<p>Peste 120 de persoane au participat deja la evenimentele de lansare a Priorit\u0103\u021bii de Investi\u021bii 3.1 &#8211; Opera\u021biunea B \u201eCl\u0103diri publice\u201d, organizate la Alba Iulia \u0219i T\u00e2rgu Mure\u0219 de c\u0103tre Agen\u0163ia pentru Dezvoltare Regional\u0103 Centru, \u00een calitatea sa de Organism Intermediar pentru POR 2014-2020. Un eveniment similar va avea loc \u00een 7 februarie, la sediul &hellip;<\/p>\n","protected":false},"author":16,"featured_media":39448,"comment_status":"open","ping_status":"open","sticky":false,"template":"","format":"standard","meta":{"inline_featured_image":false,"footnotes":""},"categories":[6663],"tags":[343,31,9785,2211,8623,989,308,4222,76],"class_list":["post-39437","post","type-post","status-publish","format-standard","has-post-thumbnail","hentry","category-economic","tag-adr-centru","tag-alba-iulia","tag-cladiri-publice","tag-finantare","tag-imbunatatire","tag-regiunea-centru","tag-stiri","tag-targu-mures","tag-urbea-mea"],"yoast_head":"<!-- This site is optimized with the Yoast SEO plugin v27.4 - https:\/\/yoast.com\/product\/yoast-seo-wordpress\/ -->\n<title>FOTO: Peste 40 de milioane de euro sunt aloca\u0163i Regiunii Centru pentru finan\u0163area investi\u0163iilor de \u00eembun\u0103t\u0103\u0163ire a eficien\u0163ei energetice a cl\u0103dirilor publice - Revista Urbea Mea - Revista de Alba<\/title>\n<meta name=\"description\" content=\"Peste 120 de persoane au participat deja la evenimentele de lansare a Priorit\u0103\u021bii de Investi\u021bii 3.1 - Opera\u021biunea B \u201eCl\u0103diri publice\u201d, organizate la Alba\" \/>\n<meta name=\"robots\" content=\"index, follow, max-snippet:-1, max-image-preview:large, max-video-preview:-1\" \/>\n<link rel=\"canonical\" href=\"https:\/\/urbeamea.ro\/albaiulia\/foto-peste-40-de-milioane-de-euro-sunt-alocati-regiunii-centru-pentru-finantarea-investitiilor-de-imbunatatire-a-eficientei-energetice-a-cladirilor-publice\/\" \/>\n<meta name=\"twitter:card\" content=\"summary_large_image\" \/>\n<meta name=\"twitter:title\" content=\"FOTO: Peste 40 de milioane de euro sunt aloca\u0163i Regiunii Centru pentru finan\u0163area investi\u0163iilor de \u00eembun\u0103t\u0103\u0163ire a eficien\u0163ei energetice a cl\u0103dirilor publice - Revista Urbea Mea - Revista de Alba\" \/>\n<meta name=\"twitter:description\" content=\"Peste 120 de persoane au participat deja la evenimentele de lansare a Priorit\u0103\u021bii de Investi\u021bii 3.1 - Opera\u021biunea B \u201eCl\u0103diri publice\u201d, organizate la Alba\" \/>\n<meta name=\"twitter:image\" content=\"https:\/\/urbeamea.ro\/albaiulia\/wp-content\/uploads\/2017\/02\/Foto-13.jpg\" \/>\n<meta name=\"twitter:creator\" content=\"@urbeameaweb\" \/>\n<meta name=\"twitter:site\" content=\"@urbeameaweb\" \/>\n<script type=\"application\/ld+json\" class=\"yoast-schema-graph\">{\"@context\":\"https:\\\/\\\/schema.org\",\"@graph\":[{\"@type\":\"Article\",\"@id\":\"https:\\\/\\\/urbeamea.ro\\\/albaiulia\\\/foto-peste-40-de-milioane-de-euro-sunt-alocati-regiunii-centru-pentru-finantarea-investitiilor-de-imbunatatire-a-eficientei-energetice-a-cladirilor-publice\\\/#article\",\"isPartOf\":{\"@id\":\"https:\\\/\\\/urbeamea.ro\\\/albaiulia\\\/foto-peste-40-de-milioane-de-euro-sunt-alocati-regiunii-centru-pentru-finantarea-investitiilor-de-imbunatatire-a-eficientei-energetice-a-cladirilor-publice\\\/\"},\"author\":{\"name\":\"Redac\u021bia UrbeaMea\",\"@id\":\"https:\\\/\\\/urbeamea.ro\\\/albaiulia\\\/#\\\/schema\\\/person\\\/272ae98052f8ee8980f59848df070247\"},\"headline\":\"FOTO: Peste 40 de milioane de euro sunt aloca\u0163i Regiunii Centru pentru finan\u0163area investi\u0163iilor de \u00eembun\u0103t\u0103\u0163ire a eficien\u0163ei energetice a cl\u0103dirilor publice\",\"datePublished\":\"2017-02-02T14:00:30+00:00\",\"dateModified\":\"2017-02-02T14:01:40+00:00\",\"mainEntityOfPage\":{\"@id\":\"https:\\\/\\\/urbeamea.ro\\\/albaiulia\\\/foto-peste-40-de-milioane-de-euro-sunt-alocati-regiunii-centru-pentru-finantarea-investitiilor-de-imbunatatire-a-eficientei-energetice-a-cladirilor-publice\\\/\"},\"wordCount\":753,\"commentCount\":0,\"image\":{\"@id\":\"https:\\\/\\\/urbeamea.ro\\\/albaiulia\\\/foto-peste-40-de-milioane-de-euro-sunt-alocati-regiunii-centru-pentru-finantarea-investitiilor-de-imbunatatire-a-eficientei-energetice-a-cladirilor-publice\\\/#primaryimage\"},\"thumbnailUrl\":\"https:\\\/\\\/urbeamea.ro\\\/albaiulia\\\/wp-content\\\/uploads\\\/2017\\\/02\\\/Foto-13.jpg\",\"keywords\":[\"ADR Centru\",\"Alba Iulia\",\"cladiri publice\",\"finantare\",\"imbunatatire\",\"regiunea centru\",\"stiri\",\"targu mures\",\"Urbea Mea\"],\"articleSection\":[\"Economic\"],\"inLanguage\":\"ro-RO\",\"potentialAction\":[{\"@type\":\"CommentAction\",\"name\":\"Comment\",\"target\":[\"https:\\\/\\\/urbeamea.ro\\\/albaiulia\\\/foto-peste-40-de-milioane-de-euro-sunt-alocati-regiunii-centru-pentru-finantarea-investitiilor-de-imbunatatire-a-eficientei-energetice-a-cladirilor-publice\\\/#respond\"]}]},{\"@type\":\"WebPage\",\"@id\":\"https:\\\/\\\/urbeamea.ro\\\/albaiulia\\\/foto-peste-40-de-milioane-de-euro-sunt-alocati-regiunii-centru-pentru-finantarea-investitiilor-de-imbunatatire-a-eficientei-energetice-a-cladirilor-publice\\\/\",\"url\":\"https:\\\/\\\/urbeamea.ro\\\/albaiulia\\\/foto-peste-40-de-milioane-de-euro-sunt-alocati-regiunii-centru-pentru-finantarea-investitiilor-de-imbunatatire-a-eficientei-energetice-a-cladirilor-publice\\\/\",\"name\":\"FOTO: Peste 40 de milioane de euro sunt aloca\u0163i Regiunii Centru pentru finan\u0163area investi\u0163iilor de \u00eembun\u0103t\u0103\u0163ire a eficien\u0163ei energetice a cl\u0103dirilor publice - Revista Urbea Mea - Revista de Alba\",\"isPartOf\":{\"@id\":\"https:\\\/\\\/urbeamea.ro\\\/albaiulia\\\/#website\"},\"primaryImageOfPage\":{\"@id\":\"https:\\\/\\\/urbeamea.ro\\\/albaiulia\\\/foto-peste-40-de-milioane-de-euro-sunt-alocati-regiunii-centru-pentru-finantarea-investitiilor-de-imbunatatire-a-eficientei-energetice-a-cladirilor-publice\\\/#primaryimage\"},\"image\":{\"@id\":\"https:\\\/\\\/urbeamea.ro\\\/albaiulia\\\/foto-peste-40-de-milioane-de-euro-sunt-alocati-regiunii-centru-pentru-finantarea-investitiilor-de-imbunatatire-a-eficientei-energetice-a-cladirilor-publice\\\/#primaryimage\"},\"thumbnailUrl\":\"https:\\\/\\\/urbeamea.ro\\\/albaiulia\\\/wp-content\\\/uploads\\\/2017\\\/02\\\/Foto-13.jpg\",\"datePublished\":\"2017-02-02T14:00:30+00:00\",\"dateModified\":\"2017-02-02T14:01:40+00:00\",\"author\":{\"@id\":\"https:\\\/\\\/urbeamea.ro\\\/albaiulia\\\/#\\\/schema\\\/person\\\/272ae98052f8ee8980f59848df070247\"},\"description\":\"Peste 120 de persoane au participat deja la evenimentele de lansare a Priorit\u0103\u021bii de Investi\u021bii 3.1 - Opera\u021biunea B \u201eCl\u0103diri publice\u201d, organizate la Alba\",\"breadcrumb\":{\"@id\":\"https:\\\/\\\/urbeamea.ro\\\/albaiulia\\\/foto-peste-40-de-milioane-de-euro-sunt-alocati-regiunii-centru-pentru-finantarea-investitiilor-de-imbunatatire-a-eficientei-energetice-a-cladirilor-publice\\\/#breadcrumb\"},\"inLanguage\":\"ro-RO\",\"potentialAction\":[{\"@type\":\"ReadAction\",\"target\":[\"https:\\\/\\\/urbeamea.ro\\\/albaiulia\\\/foto-peste-40-de-milioane-de-euro-sunt-alocati-regiunii-centru-pentru-finantarea-investitiilor-de-imbunatatire-a-eficientei-energetice-a-cladirilor-publice\\\/\"]}]},{\"@type\":\"ImageObject\",\"inLanguage\":\"ro-RO\",\"@id\":\"https:\\\/\\\/urbeamea.ro\\\/albaiulia\\\/foto-peste-40-de-milioane-de-euro-sunt-alocati-regiunii-centru-pentru-finantarea-investitiilor-de-imbunatatire-a-eficientei-energetice-a-cladirilor-publice\\\/#primaryimage\",\"url\":\"https:\\\/\\\/urbeamea.ro\\\/albaiulia\\\/wp-content\\\/uploads\\\/2017\\\/02\\\/Foto-13.jpg\",\"contentUrl\":\"https:\\\/\\\/urbeamea.ro\\\/albaiulia\\\/wp-content\\\/uploads\\\/2017\\\/02\\\/Foto-13.jpg\",\"width\":1167,\"height\":630},{\"@type\":\"BreadcrumbList\",\"@id\":\"https:\\\/\\\/urbeamea.ro\\\/albaiulia\\\/foto-peste-40-de-milioane-de-euro-sunt-alocati-regiunii-centru-pentru-finantarea-investitiilor-de-imbunatatire-a-eficientei-energetice-a-cladirilor-publice\\\/#breadcrumb\",\"itemListElement\":[{\"@type\":\"ListItem\",\"position\":1,\"name\":\"Prima pagin\u0103\",\"item\":\"https:\\\/\\\/urbeamea.ro\\\/albaiulia\\\/\"},{\"@type\":\"ListItem\",\"position\":2,\"name\":\"FOTO: Peste 40 de milioane de euro sunt aloca\u0163i Regiunii Centru pentru finan\u0163area investi\u0163iilor de \u00eembun\u0103t\u0103\u0163ire a eficien\u0163ei energetice a cl\u0103dirilor publice\"}]},{\"@type\":\"WebSite\",\"@id\":\"https:\\\/\\\/urbeamea.ro\\\/albaiulia\\\/#website\",\"url\":\"https:\\\/\\\/urbeamea.ro\\\/albaiulia\\\/\",\"name\":\"Revista Urbea Mea, Stiri urbane\",\"description\":\"Evenimente \u0219i \u0219tiri din Alba Iulia, Sebe\u0219, Aiud, Blaj\",\"potentialAction\":[{\"@type\":\"SearchAction\",\"target\":{\"@type\":\"EntryPoint\",\"urlTemplate\":\"https:\\\/\\\/urbeamea.ro\\\/albaiulia\\\/?s={search_term_string}\"},\"query-input\":{\"@type\":\"PropertyValueSpecification\",\"valueRequired\":true,\"valueName\":\"search_term_string\"}}],\"inLanguage\":\"ro-RO\"},{\"@type\":\"Person\",\"@id\":\"https:\\\/\\\/urbeamea.ro\\\/albaiulia\\\/#\\\/schema\\\/person\\\/272ae98052f8ee8980f59848df070247\",\"name\":\"Redac\u021bia UrbeaMea\",\"image\":{\"@type\":\"ImageObject\",\"inLanguage\":\"ro-RO\",\"@id\":\"https:\\\/\\\/secure.gravatar.com\\\/avatar\\\/9ce5a9435071fa1037e8468053ead8e513dbbff59009d3069aadb85506d85a27?s=96&d=mm&r=g\",\"url\":\"https:\\\/\\\/secure.gravatar.com\\\/avatar\\\/9ce5a9435071fa1037e8468053ead8e513dbbff59009d3069aadb85506d85a27?s=96&d=mm&r=g\",\"contentUrl\":\"https:\\\/\\\/secure.gravatar.com\\\/avatar\\\/9ce5a9435071fa1037e8468053ead8e513dbbff59009d3069aadb85506d85a27?s=96&d=mm&r=g\",\"caption\":\"Redac\u021bia UrbeaMea\"},\"description\":\"contact@urbeamea.ro\",\"sameAs\":[\"https:\\\/\\\/www.urbeamea.ro\"],\"url\":\"https:\\\/\\\/urbeamea.ro\\\/albaiulia\\\/author\\\/redactia-urbeamea\\\/\"}]}<\/script>\n<!-- \/ Yoast SEO plugin. -->","yoast_head_json":{"title":"FOTO: Peste 40 de milioane de euro sunt aloca\u0163i Regiunii Centru pentru finan\u0163area investi\u0163iilor de \u00eembun\u0103t\u0103\u0163ire a eficien\u0163ei energetice a cl\u0103dirilor publice - Revista Urbea Mea - Revista de Alba","description":"Peste 120 de persoane au participat deja la evenimentele de lansare a Priorit\u0103\u021bii de Investi\u021bii 3.1 - Opera\u021biunea B \u201eCl\u0103diri publice\u201d, organizate la Alba","robots":{"index":"index","follow":"follow","max-snippet":"max-snippet:-1","max-image-preview":"max-image-preview:large","max-video-preview":"max-video-preview:-1"},"canonical":"https:\/\/urbeamea.ro\/albaiulia\/foto-peste-40-de-milioane-de-euro-sunt-alocati-regiunii-centru-pentru-finantarea-investitiilor-de-imbunatatire-a-eficientei-energetice-a-cladirilor-publice\/","twitter_card":"summary_large_image","twitter_title":"FOTO: Peste 40 de milioane de euro sunt aloca\u0163i Regiunii Centru pentru finan\u0163area investi\u0163iilor de \u00eembun\u0103t\u0103\u0163ire a eficien\u0163ei energetice a cl\u0103dirilor publice - Revista Urbea Mea - Revista de Alba","twitter_description":"Peste 120 de persoane au participat deja la evenimentele de lansare a Priorit\u0103\u021bii de Investi\u021bii 3.1 - Opera\u021biunea B \u201eCl\u0103diri publice\u201d, organizate la Alba","twitter_image":"https:\/\/urbeamea.ro\/albaiulia\/wp-content\/uploads\/2017\/02\/Foto-13.jpg","twitter_creator":"@urbeameaweb","twitter_site":"@urbeameaweb","schema":{"@context":"https:\/\/schema.org","@graph":[{"@type":"Article","@id":"https:\/\/urbeamea.ro\/albaiulia\/foto-peste-40-de-milioane-de-euro-sunt-alocati-regiunii-centru-pentru-finantarea-investitiilor-de-imbunatatire-a-eficientei-energetice-a-cladirilor-publice\/#article","isPartOf":{"@id":"https:\/\/urbeamea.ro\/albaiulia\/foto-peste-40-de-milioane-de-euro-sunt-alocati-regiunii-centru-pentru-finantarea-investitiilor-de-imbunatatire-a-eficientei-energetice-a-cladirilor-publice\/"},"author":{"name":"Redac\u021bia UrbeaMea","@id":"https:\/\/urbeamea.ro\/albaiulia\/#\/schema\/person\/272ae98052f8ee8980f59848df070247"},"headline":"FOTO: Peste 40 de milioane de euro sunt aloca\u0163i Regiunii Centru pentru finan\u0163area investi\u0163iilor de \u00eembun\u0103t\u0103\u0163ire a eficien\u0163ei energetice a cl\u0103dirilor publice","datePublished":"2017-02-02T14:00:30+00:00","dateModified":"2017-02-02T14:01:40+00:00","mainEntityOfPage":{"@id":"https:\/\/urbeamea.ro\/albaiulia\/foto-peste-40-de-milioane-de-euro-sunt-alocati-regiunii-centru-pentru-finantarea-investitiilor-de-imbunatatire-a-eficientei-energetice-a-cladirilor-publice\/"},"wordCount":753,"commentCount":0,"image":{"@id":"https:\/\/urbeamea.ro\/albaiulia\/foto-peste-40-de-milioane-de-euro-sunt-alocati-regiunii-centru-pentru-finantarea-investitiilor-de-imbunatatire-a-eficientei-energetice-a-cladirilor-publice\/#primaryimage"},"thumbnailUrl":"https:\/\/urbeamea.ro\/albaiulia\/wp-content\/uploads\/2017\/02\/Foto-13.jpg","keywords":["ADR Centru","Alba Iulia","cladiri publice","finantare","imbunatatire","regiunea centru","stiri","targu mures","Urbea Mea"],"articleSection":["Economic"],"inLanguage":"ro-RO","potentialAction":[{"@type":"CommentAction","name":"Comment","target":["https:\/\/urbeamea.ro\/albaiulia\/foto-peste-40-de-milioane-de-euro-sunt-alocati-regiunii-centru-pentru-finantarea-investitiilor-de-imbunatatire-a-eficientei-energetice-a-cladirilor-publice\/#respond"]}]},{"@type":"WebPage","@id":"https:\/\/urbeamea.ro\/albaiulia\/foto-peste-40-de-milioane-de-euro-sunt-alocati-regiunii-centru-pentru-finantarea-investitiilor-de-imbunatatire-a-eficientei-energetice-a-cladirilor-publice\/","url":"https:\/\/urbeamea.ro\/albaiulia\/foto-peste-40-de-milioane-de-euro-sunt-alocati-regiunii-centru-pentru-finantarea-investitiilor-de-imbunatatire-a-eficientei-energetice-a-cladirilor-publice\/","name":"FOTO: Peste 40 de milioane de euro sunt aloca\u0163i Regiunii Centru pentru finan\u0163area investi\u0163iilor de \u00eembun\u0103t\u0103\u0163ire a eficien\u0163ei energetice a cl\u0103dirilor publice - Revista Urbea Mea - Revista de Alba","isPartOf":{"@id":"https:\/\/urbeamea.ro\/albaiulia\/#website"},"primaryImageOfPage":{"@id":"https:\/\/urbeamea.ro\/albaiulia\/foto-peste-40-de-milioane-de-euro-sunt-alocati-regiunii-centru-pentru-finantarea-investitiilor-de-imbunatatire-a-eficientei-energetice-a-cladirilor-publice\/#primaryimage"},"image":{"@id":"https:\/\/urbeamea.ro\/albaiulia\/foto-peste-40-de-milioane-de-euro-sunt-alocati-regiunii-centru-pentru-finantarea-investitiilor-de-imbunatatire-a-eficientei-energetice-a-cladirilor-publice\/#primaryimage"},"thumbnailUrl":"https:\/\/urbeamea.ro\/albaiulia\/wp-content\/uploads\/2017\/02\/Foto-13.jpg","datePublished":"2017-02-02T14:00:30+00:00","dateModified":"2017-02-02T14:01:40+00:00","author":{"@id":"https:\/\/urbeamea.ro\/albaiulia\/#\/schema\/person\/272ae98052f8ee8980f59848df070247"},"description":"Peste 120 de persoane au participat deja la evenimentele de lansare a Priorit\u0103\u021bii de Investi\u021bii 3.1 - Opera\u021biunea B \u201eCl\u0103diri publice\u201d, organizate la Alba","breadcrumb":{"@id":"https:\/\/urbeamea.ro\/albaiulia\/foto-peste-40-de-milioane-de-euro-sunt-alocati-regiunii-centru-pentru-finantarea-investitiilor-de-imbunatatire-a-eficientei-energetice-a-cladirilor-publice\/#breadcrumb"},"inLanguage":"ro-RO","potentialAction":[{"@type":"ReadAction","target":["https:\/\/urbeamea.ro\/albaiulia\/foto-peste-40-de-milioane-de-euro-sunt-alocati-regiunii-centru-pentru-finantarea-investitiilor-de-imbunatatire-a-eficientei-energetice-a-cladirilor-publice\/"]}]},{"@type":"ImageObject","inLanguage":"ro-RO","@id":"https:\/\/urbeamea.ro\/albaiulia\/foto-peste-40-de-milioane-de-euro-sunt-alocati-regiunii-centru-pentru-finantarea-investitiilor-de-imbunatatire-a-eficientei-energetice-a-cladirilor-publice\/#primaryimage","url":"https:\/\/urbeamea.ro\/albaiulia\/wp-content\/uploads\/2017\/02\/Foto-13.jpg","contentUrl":"https:\/\/urbeamea.ro\/albaiulia\/wp-content\/uploads\/2017\/02\/Foto-13.jpg","width":1167,"height":630},{"@type":"BreadcrumbList","@id":"https:\/\/urbeamea.ro\/albaiulia\/foto-peste-40-de-milioane-de-euro-sunt-alocati-regiunii-centru-pentru-finantarea-investitiilor-de-imbunatatire-a-eficientei-energetice-a-cladirilor-publice\/#breadcrumb","itemListElement":[{"@type":"ListItem","position":1,"name":"Prima pagin\u0103","item":"https:\/\/urbeamea.ro\/albaiulia\/"},{"@type":"ListItem","position":2,"name":"FOTO: Peste 40 de milioane de euro sunt aloca\u0163i Regiunii Centru pentru finan\u0163area investi\u0163iilor de \u00eembun\u0103t\u0103\u0163ire a eficien\u0163ei energetice a cl\u0103dirilor publice"}]},{"@type":"WebSite","@id":"https:\/\/urbeamea.ro\/albaiulia\/#website","url":"https:\/\/urbeamea.ro\/albaiulia\/","name":"Revista Urbea Mea, Stiri urbane","description":"Evenimente \u0219i \u0219tiri din Alba Iulia, Sebe\u0219, Aiud, Blaj","potentialAction":[{"@type":"SearchAction","target":{"@type":"EntryPoint","urlTemplate":"https:\/\/urbeamea.ro\/albaiulia\/?s={search_term_string}"},"query-input":{"@type":"PropertyValueSpecification","valueRequired":true,"valueName":"search_term_string"}}],"inLanguage":"ro-RO"},{"@type":"Person","@id":"https:\/\/urbeamea.ro\/albaiulia\/#\/schema\/person\/272ae98052f8ee8980f59848df070247","name":"Redac\u021bia UrbeaMea","image":{"@type":"ImageObject","inLanguage":"ro-RO","@id":"https:\/\/secure.gravatar.com\/avatar\/9ce5a9435071fa1037e8468053ead8e513dbbff59009d3069aadb85506d85a27?s=96&d=mm&r=g","url":"https:\/\/secure.gravatar.com\/avatar\/9ce5a9435071fa1037e8468053ead8e513dbbff59009d3069aadb85506d85a27?s=96&d=mm&r=g","contentUrl":"https:\/\/secure.gravatar.com\/avatar\/9ce5a9435071fa1037e8468053ead8e513dbbff59009d3069aadb85506d85a27?s=96&d=mm&r=g","caption":"Redac\u021bia UrbeaMea"},"description":"contact@urbeamea.ro","sameAs":["https:\/\/www.urbeamea.ro"],"url":"https:\/\/urbeamea.ro\/albaiulia\/author\/redactia-urbeamea\/"}]}},"_links":{"self":[{"href":"https:\/\/urbeamea.ro\/albaiulia\/wp-json\/wp\/v2\/posts\/39437","targetHints":{"allow":["GET"]}}],"collection":[{"href":"https:\/\/urbeamea.ro\/albaiulia\/wp-json\/wp\/v2\/posts"}],"about":[{"href":"https:\/\/urbeamea.ro\/albaiulia\/wp-json\/wp\/v2\/types\/post"}],"author":[{"embeddable":true,"href":"https:\/\/urbeamea.ro\/albaiulia\/wp-json\/wp\/v2\/users\/16"}],"replies":[{"embeddable":true,"href":"https:\/\/urbeamea.ro\/albaiulia\/wp-json\/wp\/v2\/comments?post=39437"}],"version-history":[{"count":0,"href":"https:\/\/urbeamea.ro\/albaiulia\/wp-json\/wp\/v2\/posts\/39437\/revisions"}],"wp:featuredmedia":[{"embeddable":true,"href":"https:\/\/urbeamea.ro\/albaiulia\/wp-json\/wp\/v2\/media\/39448"}],"wp:attachment":[{"href":"https:\/\/urbeamea.ro\/albaiulia\/wp-json\/wp\/v2\/media?parent=39437"}],"wp:term":[{"taxonomy":"category","embeddable":true,"href":"https:\/\/urbeamea.ro\/albaiulia\/wp-json\/wp\/v2\/categories?post=39437"},{"taxonomy":"post_tag","embeddable":true,"href":"https:\/\/urbeamea.ro\/albaiulia\/wp-json\/wp\/v2\/tags?post=39437"}],"curies":[{"name":"wp","href":"https:\/\/api.w.org\/{rel}","templated":true}]}}