{"id":39451,"date":"2017-02-02T18:10:58","date_gmt":"2017-02-02T16:10:58","guid":{"rendered":"http:\/\/urbeamea.ro\/albaiulia\/?p=39451"},"modified":"2017-02-02T18:10:58","modified_gmt":"2017-02-02T16:10:58","slug":"vineri-elevii-si-prescolarii-intra-in-vacanta-care-este-calendarul-cursurilor-pana-in-vara","status":"publish","type":"post","link":"https:\/\/urbeamea.ro\/albaiulia\/vineri-elevii-si-prescolarii-intra-in-vacanta-care-este-calendarul-cursurilor-pana-in-vara\/","title":{"rendered":"VINERI: Elevii \u0219i pre\u0219colarii intr\u0103 \u00een vacan\u021b\u0103. care este calendarul cursurilor p\u00e2n\u0103 \u00een var\u0103"},"content":{"rendered":"<p><strong><img loading=\"lazy\" decoding=\"async\" class=\"alignleft  wp-image-2822\" src=\"http:\/\/urbeamea.ro\/albaiulia\/wp-content\/uploads\/2015\/04\/copii-elevi-carti-manuale-fericiti-640x398.jpg\" alt=\"\" width=\"257\" height=\"160\" srcset=\"https:\/\/urbeamea.ro\/albaiulia\/wp-content\/uploads\/2015\/04\/copii-elevi-carti-manuale-fericiti-640x398.jpg 640w, https:\/\/urbeamea.ro\/albaiulia\/wp-content\/uploads\/2015\/04\/copii-elevi-carti-manuale-fericiti-150x93.jpg 150w, https:\/\/urbeamea.ro\/albaiulia\/wp-content\/uploads\/2015\/04\/copii-elevi-carti-manuale-fericiti.jpg 1280w\" sizes=\"auto, (max-width: 257px) 100vw, 257px\" \/>Elevii \u0219i pre\u0219colarii vor intra de vineri, dup\u0103 terminarea cursurilor, \u00een vacan\u021b\u0103, urm\u00e2nd s\u0103 se \u00eentoarc\u0103 la ore luni, 13 februarie, conform calendarului aprobat de Ministerul Educa\u021biei Na\u021bionale.<\/strong><\/p>\n<p>Urm\u0103toarea vacan\u021b\u0103, cea de prim\u0103var\u0103, este programat\u0103 \u00eentre 19 \u0219i 30 aprilie. Practic, elevii vor fi liberi din 14 aprilie dup\u0103 finalizarea cursurilor, av\u00e2nd \u00een vedere c\u0103 17 aprilie, a doua zi de Pa\u0219ti, este nelucr\u0103toare, iar pe 18 aprilie, conform contractului colectiv de munc\u0103, dasc\u0103lii au liber.<\/p>\n<p>Vacan\u021ba de var\u0103 va fi \u00eentre 17 iunie \u0219i 10 septembrie.<\/p>\n<p>Pentru clasele terminale din \u00eenv\u0103\u021b\u0103m\u00e2ntul liceal, anul \u0219colar se \u00eencheie \u00een data de 26 mai, iar pentru clasa a VIII-a pe 9 iunie.<\/p>\n<p>Programul na\u021bional \u201e\u0218coala altfel\u201d are o durat\u0103 de cinci zile consecutive lucr\u0103toare \u00een timpul anului \u0219colar \u0219i poate fi derulat pe baza unei planific\u0103ri ce r\u0103m\u00e2ne la decizia unit\u0103\u021bilor de \u00eenv\u0103\u021b\u0103m\u00e2nt.<\/p>\n<p>Astfel, \u00een func\u021bie de ciclurile \u0219colarizate, au fost stabilite urm\u0103toarele intervale: 21 noiembrie &#8211; 2 decembrie 2016; 27 februarie &#8211; 31 martie 2017 \u0219i 15 mai &#8211; 9 iunie 2017 (\u00eenv\u0103\u021b\u0103m\u00e2ntul pre\u0219colar \u0219i primar), respectiv 17 octombrie &#8211; 2 decembrie 2016; 27 februarie &#8211; 31 martie 2017 \u0219i 15 mai &#8211; 9 iunie 2017 (\u00eenv\u0103\u021b\u0103m\u00e2ntul gimnazial, liceal, profesional \u0219i postliceal).<\/p>\n<p>Intervalul aferent programului \u201e\u0218coala altfel\u201d nu coincide cu perioada \u00een care se sus\u021bin tezele semestriale. Acestea vor avea loc, de regul\u0103, la finalul semestrelor, dup\u0103 parcurgerea programei \u0219colare cu cel pu\u021bin trei s\u0103pt\u0103m\u00e2ni \u00eenainte de finalul semestrului, precizeaz\u0103 Ministerul Educa\u021biei.<\/p>\n<p>De asemenea, \u00een zilele libere prev\u0103zute de lege nu se organizeaz\u0103 cursuri.<\/p>\n<p>&nbsp;<\/p>\n<p><em>Sursa: Agerpres<\/em><\/p>\n","protected":false},"excerpt":{"rendered":"<p>Elevii \u0219i pre\u0219colarii vor intra de vineri, dup\u0103 terminarea cursurilor, \u00een vacan\u021b\u0103, urm\u00e2nd s\u0103 se \u00eentoarc\u0103 la ore luni, 13 februarie, conform calendarului aprobat de Ministerul Educa\u021biei Na\u021bionale. Urm\u0103toarea vacan\u021b\u0103, cea de prim\u0103var\u0103, este programat\u0103 \u00eentre 19 \u0219i 30 aprilie. Practic, elevii vor fi liberi din 14 aprilie dup\u0103 finalizarea cursurilor, av\u00e2nd \u00een vedere c\u0103 &hellip;<\/p>\n","protected":false},"author":20,"featured_media":2822,"comment_status":"open","ping_status":"open","sticky":false,"template":"","format":"standard","meta":{"inline_featured_image":false,"footnotes":""},"categories":[2039],"tags":[9786,464,315,7226,443,76,1787],"class_list":["post-39451","post","type-post","status-publish","format-standard","has-post-thumbnail","hentry","category-educatie","tag-caledar","tag-cursuri","tag-elevi","tag-ministerul-educatiei","tag-prescolari","tag-urbea-mea","tag-vacanta"],"yoast_head":"<!-- This site is optimized with the Yoast SEO plugin v27.4 - https:\/\/yoast.com\/product\/yoast-seo-wordpress\/ -->\n<title>VINERI: Elevii \u0219i pre\u0219colarii intr\u0103 \u00een vacan\u021b\u0103. care este calendarul cursurilor p\u00e2n\u0103 \u00een var\u0103 - Revista Urbea Mea - Revista de Alba<\/title>\n<meta name=\"description\" content=\"Elevii \u0219i pre\u0219colarii vor intra de vineri, dup\u0103 terminarea cursurilor, \u00een vacan\u021b\u0103, urm\u00e2nd s\u0103 se \u00eentoarc\u0103 la ore luni, 13 februarie, conform calendarului\" \/>\n<meta name=\"robots\" content=\"index, follow, max-snippet:-1, max-image-preview:large, max-video-preview:-1\" \/>\n<link rel=\"canonical\" href=\"https:\/\/urbeamea.ro\/albaiulia\/vineri-elevii-si-prescolarii-intra-in-vacanta-care-este-calendarul-cursurilor-pana-in-vara\/\" \/>\n<meta name=\"twitter:card\" content=\"summary_large_image\" \/>\n<meta name=\"twitter:title\" content=\"VINERI: Elevii \u0219i pre\u0219colarii intr\u0103 \u00een vacan\u021b\u0103. care este calendarul cursurilor p\u00e2n\u0103 \u00een var\u0103 - Revista Urbea Mea - Revista de Alba\" \/>\n<meta name=\"twitter:description\" content=\"Elevii \u0219i pre\u0219colarii vor intra de vineri, dup\u0103 terminarea cursurilor, \u00een vacan\u021b\u0103, urm\u00e2nd s\u0103 se \u00eentoarc\u0103 la ore luni, 13 februarie, conform calendarului\" \/>\n<meta name=\"twitter:image\" content=\"https:\/\/urbeamea.ro\/albaiulia\/wp-content\/uploads\/2015\/04\/copii-elevi-carti-manuale-fericiti.jpg\" \/>\n<meta name=\"twitter:creator\" content=\"@urbeameaweb\" \/>\n<meta name=\"twitter:site\" content=\"@urbeameaweb\" \/>\n<script type=\"application\/ld+json\" class=\"yoast-schema-graph\">{\"@context\":\"https:\\\/\\\/schema.org\",\"@graph\":[{\"@type\":\"Article\",\"@id\":\"https:\\\/\\\/urbeamea.ro\\\/albaiulia\\\/vineri-elevii-si-prescolarii-intra-in-vacanta-care-este-calendarul-cursurilor-pana-in-vara\\\/#article\",\"isPartOf\":{\"@id\":\"https:\\\/\\\/urbeamea.ro\\\/albaiulia\\\/vineri-elevii-si-prescolarii-intra-in-vacanta-care-este-calendarul-cursurilor-pana-in-vara\\\/\"},\"author\":{\"name\":\"Adriana Avram\",\"@id\":\"https:\\\/\\\/urbeamea.ro\\\/albaiulia\\\/#\\\/schema\\\/person\\\/cfaa27fc3da4a9a2cf2fee3650afc5d0\"},\"headline\":\"VINERI: Elevii \u0219i pre\u0219colarii intr\u0103 \u00een vacan\u021b\u0103. care este calendarul cursurilor p\u00e2n\u0103 \u00een var\u0103\",\"datePublished\":\"2017-02-02T16:10:58+00:00\",\"mainEntityOfPage\":{\"@id\":\"https:\\\/\\\/urbeamea.ro\\\/albaiulia\\\/vineri-elevii-si-prescolarii-intra-in-vacanta-care-este-calendarul-cursurilor-pana-in-vara\\\/\"},\"wordCount\":279,\"commentCount\":0,\"image\":{\"@id\":\"https:\\\/\\\/urbeamea.ro\\\/albaiulia\\\/vineri-elevii-si-prescolarii-intra-in-vacanta-care-este-calendarul-cursurilor-pana-in-vara\\\/#primaryimage\"},\"thumbnailUrl\":\"https:\\\/\\\/urbeamea.ro\\\/albaiulia\\\/wp-content\\\/uploads\\\/2015\\\/04\\\/copii-elevi-carti-manuale-fericiti.jpg\",\"keywords\":[\"caledar\",\"cursuri\",\"elevi\",\"ministerul educatiei\",\"prescolari\",\"Urbea Mea\",\"vacanta\"],\"articleSection\":[\"Educa\u021bie\"],\"inLanguage\":\"ro-RO\",\"potentialAction\":[{\"@type\":\"CommentAction\",\"name\":\"Comment\",\"target\":[\"https:\\\/\\\/urbeamea.ro\\\/albaiulia\\\/vineri-elevii-si-prescolarii-intra-in-vacanta-care-este-calendarul-cursurilor-pana-in-vara\\\/#respond\"]}]},{\"@type\":\"WebPage\",\"@id\":\"https:\\\/\\\/urbeamea.ro\\\/albaiulia\\\/vineri-elevii-si-prescolarii-intra-in-vacanta-care-este-calendarul-cursurilor-pana-in-vara\\\/\",\"url\":\"https:\\\/\\\/urbeamea.ro\\\/albaiulia\\\/vineri-elevii-si-prescolarii-intra-in-vacanta-care-este-calendarul-cursurilor-pana-in-vara\\\/\",\"name\":\"VINERI: Elevii \u0219i pre\u0219colarii intr\u0103 \u00een vacan\u021b\u0103. care este calendarul cursurilor p\u00e2n\u0103 \u00een var\u0103 - Revista Urbea Mea - Revista de Alba\",\"isPartOf\":{\"@id\":\"https:\\\/\\\/urbeamea.ro\\\/albaiulia\\\/#website\"},\"primaryImageOfPage\":{\"@id\":\"https:\\\/\\\/urbeamea.ro\\\/albaiulia\\\/vineri-elevii-si-prescolarii-intra-in-vacanta-care-este-calendarul-cursurilor-pana-in-vara\\\/#primaryimage\"},\"image\":{\"@id\":\"https:\\\/\\\/urbeamea.ro\\\/albaiulia\\\/vineri-elevii-si-prescolarii-intra-in-vacanta-care-este-calendarul-cursurilor-pana-in-vara\\\/#primaryimage\"},\"thumbnailUrl\":\"https:\\\/\\\/urbeamea.ro\\\/albaiulia\\\/wp-content\\\/uploads\\\/2015\\\/04\\\/copii-elevi-carti-manuale-fericiti.jpg\",\"datePublished\":\"2017-02-02T16:10:58+00:00\",\"author\":{\"@id\":\"https:\\\/\\\/urbeamea.ro\\\/albaiulia\\\/#\\\/schema\\\/person\\\/cfaa27fc3da4a9a2cf2fee3650afc5d0\"},\"description\":\"Elevii \u0219i pre\u0219colarii vor intra de vineri, dup\u0103 terminarea cursurilor, \u00een vacan\u021b\u0103, urm\u00e2nd s\u0103 se \u00eentoarc\u0103 la ore luni, 13 februarie, conform calendarului\",\"breadcrumb\":{\"@id\":\"https:\\\/\\\/urbeamea.ro\\\/albaiulia\\\/vineri-elevii-si-prescolarii-intra-in-vacanta-care-este-calendarul-cursurilor-pana-in-vara\\\/#breadcrumb\"},\"inLanguage\":\"ro-RO\",\"potentialAction\":[{\"@type\":\"ReadAction\",\"target\":[\"https:\\\/\\\/urbeamea.ro\\\/albaiulia\\\/vineri-elevii-si-prescolarii-intra-in-vacanta-care-este-calendarul-cursurilor-pana-in-vara\\\/\"]}]},{\"@type\":\"ImageObject\",\"inLanguage\":\"ro-RO\",\"@id\":\"https:\\\/\\\/urbeamea.ro\\\/albaiulia\\\/vineri-elevii-si-prescolarii-intra-in-vacanta-care-este-calendarul-cursurilor-pana-in-vara\\\/#primaryimage\",\"url\":\"https:\\\/\\\/urbeamea.ro\\\/albaiulia\\\/wp-content\\\/uploads\\\/2015\\\/04\\\/copii-elevi-carti-manuale-fericiti.jpg\",\"contentUrl\":\"https:\\\/\\\/urbeamea.ro\\\/albaiulia\\\/wp-content\\\/uploads\\\/2015\\\/04\\\/copii-elevi-carti-manuale-fericiti.jpg\",\"width\":1280,\"height\":796},{\"@type\":\"BreadcrumbList\",\"@id\":\"https:\\\/\\\/urbeamea.ro\\\/albaiulia\\\/vineri-elevii-si-prescolarii-intra-in-vacanta-care-este-calendarul-cursurilor-pana-in-vara\\\/#breadcrumb\",\"itemListElement\":[{\"@type\":\"ListItem\",\"position\":1,\"name\":\"Prima pagin\u0103\",\"item\":\"https:\\\/\\\/urbeamea.ro\\\/albaiulia\\\/\"},{\"@type\":\"ListItem\",\"position\":2,\"name\":\"VINERI: Elevii \u0219i pre\u0219colarii intr\u0103 \u00een vacan\u021b\u0103. care este calendarul cursurilor p\u00e2n\u0103 \u00een var\u0103\"}]},{\"@type\":\"WebSite\",\"@id\":\"https:\\\/\\\/urbeamea.ro\\\/albaiulia\\\/#website\",\"url\":\"https:\\\/\\\/urbeamea.ro\\\/albaiulia\\\/\",\"name\":\"Revista Urbea Mea, Stiri urbane\",\"description\":\"Evenimente \u0219i \u0219tiri din Alba Iulia, Sebe\u0219, Aiud, Blaj\",\"potentialAction\":[{\"@type\":\"SearchAction\",\"target\":{\"@type\":\"EntryPoint\",\"urlTemplate\":\"https:\\\/\\\/urbeamea.ro\\\/albaiulia\\\/?s={search_term_string}\"},\"query-input\":{\"@type\":\"PropertyValueSpecification\",\"valueRequired\":true,\"valueName\":\"search_term_string\"}}],\"inLanguage\":\"ro-RO\"},{\"@type\":\"Person\",\"@id\":\"https:\\\/\\\/urbeamea.ro\\\/albaiulia\\\/#\\\/schema\\\/person\\\/cfaa27fc3da4a9a2cf2fee3650afc5d0\",\"name\":\"Adriana Avram\",\"image\":{\"@type\":\"ImageObject\",\"inLanguage\":\"ro-RO\",\"@id\":\"https:\\\/\\\/secure.gravatar.com\\\/avatar\\\/3cc61eb1584088e0099c1763903a6421c5ce6cdf45fc2d424046dc621efc21f9?s=96&d=mm&r=g\",\"url\":\"https:\\\/\\\/secure.gravatar.com\\\/avatar\\\/3cc61eb1584088e0099c1763903a6421c5ce6cdf45fc2d424046dc621efc21f9?s=96&d=mm&r=g\",\"contentUrl\":\"https:\\\/\\\/secure.gravatar.com\\\/avatar\\\/3cc61eb1584088e0099c1763903a6421c5ce6cdf45fc2d424046dc621efc21f9?s=96&d=mm&r=g\",\"caption\":\"Adriana Avram\"},\"description\":\"Jurnalist\",\"sameAs\":[\"https:\\\/\\\/www.facebook.com\\\/avram.adriana.7?fref=ts\"],\"url\":\"https:\\\/\\\/urbeamea.ro\\\/albaiulia\\\/author\\\/adriana-avram\\\/\"}]}<\/script>\n<!-- \/ Yoast SEO plugin. -->","yoast_head_json":{"title":"VINERI: Elevii \u0219i pre\u0219colarii intr\u0103 \u00een vacan\u021b\u0103. care este calendarul cursurilor p\u00e2n\u0103 \u00een var\u0103 - Revista Urbea Mea - Revista de Alba","description":"Elevii \u0219i pre\u0219colarii vor intra de vineri, dup\u0103 terminarea cursurilor, \u00een vacan\u021b\u0103, urm\u00e2nd s\u0103 se \u00eentoarc\u0103 la ore luni, 13 februarie, conform calendarului","robots":{"index":"index","follow":"follow","max-snippet":"max-snippet:-1","max-image-preview":"max-image-preview:large","max-video-preview":"max-video-preview:-1"},"canonical":"https:\/\/urbeamea.ro\/albaiulia\/vineri-elevii-si-prescolarii-intra-in-vacanta-care-este-calendarul-cursurilor-pana-in-vara\/","twitter_card":"summary_large_image","twitter_title":"VINERI: Elevii \u0219i pre\u0219colarii intr\u0103 \u00een vacan\u021b\u0103. care este calendarul cursurilor p\u00e2n\u0103 \u00een var\u0103 - Revista Urbea Mea - Revista de Alba","twitter_description":"Elevii \u0219i pre\u0219colarii vor intra de vineri, dup\u0103 terminarea cursurilor, \u00een vacan\u021b\u0103, urm\u00e2nd s\u0103 se \u00eentoarc\u0103 la ore luni, 13 februarie, conform calendarului","twitter_image":"https:\/\/urbeamea.ro\/albaiulia\/wp-content\/uploads\/2015\/04\/copii-elevi-carti-manuale-fericiti.jpg","twitter_creator":"@urbeameaweb","twitter_site":"@urbeameaweb","schema":{"@context":"https:\/\/schema.org","@graph":[{"@type":"Article","@id":"https:\/\/urbeamea.ro\/albaiulia\/vineri-elevii-si-prescolarii-intra-in-vacanta-care-este-calendarul-cursurilor-pana-in-vara\/#article","isPartOf":{"@id":"https:\/\/urbeamea.ro\/albaiulia\/vineri-elevii-si-prescolarii-intra-in-vacanta-care-este-calendarul-cursurilor-pana-in-vara\/"},"author":{"name":"Adriana Avram","@id":"https:\/\/urbeamea.ro\/albaiulia\/#\/schema\/person\/cfaa27fc3da4a9a2cf2fee3650afc5d0"},"headline":"VINERI: Elevii \u0219i pre\u0219colarii intr\u0103 \u00een vacan\u021b\u0103. care este calendarul cursurilor p\u00e2n\u0103 \u00een var\u0103","datePublished":"2017-02-02T16:10:58+00:00","mainEntityOfPage":{"@id":"https:\/\/urbeamea.ro\/albaiulia\/vineri-elevii-si-prescolarii-intra-in-vacanta-care-este-calendarul-cursurilor-pana-in-vara\/"},"wordCount":279,"commentCount":0,"image":{"@id":"https:\/\/urbeamea.ro\/albaiulia\/vineri-elevii-si-prescolarii-intra-in-vacanta-care-este-calendarul-cursurilor-pana-in-vara\/#primaryimage"},"thumbnailUrl":"https:\/\/urbeamea.ro\/albaiulia\/wp-content\/uploads\/2015\/04\/copii-elevi-carti-manuale-fericiti.jpg","keywords":["caledar","cursuri","elevi","ministerul educatiei","prescolari","Urbea Mea","vacanta"],"articleSection":["Educa\u021bie"],"inLanguage":"ro-RO","potentialAction":[{"@type":"CommentAction","name":"Comment","target":["https:\/\/urbeamea.ro\/albaiulia\/vineri-elevii-si-prescolarii-intra-in-vacanta-care-este-calendarul-cursurilor-pana-in-vara\/#respond"]}]},{"@type":"WebPage","@id":"https:\/\/urbeamea.ro\/albaiulia\/vineri-elevii-si-prescolarii-intra-in-vacanta-care-este-calendarul-cursurilor-pana-in-vara\/","url":"https:\/\/urbeamea.ro\/albaiulia\/vineri-elevii-si-prescolarii-intra-in-vacanta-care-este-calendarul-cursurilor-pana-in-vara\/","name":"VINERI: Elevii \u0219i pre\u0219colarii intr\u0103 \u00een vacan\u021b\u0103. care este calendarul cursurilor p\u00e2n\u0103 \u00een var\u0103 - Revista Urbea Mea - Revista de Alba","isPartOf":{"@id":"https:\/\/urbeamea.ro\/albaiulia\/#website"},"primaryImageOfPage":{"@id":"https:\/\/urbeamea.ro\/albaiulia\/vineri-elevii-si-prescolarii-intra-in-vacanta-care-este-calendarul-cursurilor-pana-in-vara\/#primaryimage"},"image":{"@id":"https:\/\/urbeamea.ro\/albaiulia\/vineri-elevii-si-prescolarii-intra-in-vacanta-care-este-calendarul-cursurilor-pana-in-vara\/#primaryimage"},"thumbnailUrl":"https:\/\/urbeamea.ro\/albaiulia\/wp-content\/uploads\/2015\/04\/copii-elevi-carti-manuale-fericiti.jpg","datePublished":"2017-02-02T16:10:58+00:00","author":{"@id":"https:\/\/urbeamea.ro\/albaiulia\/#\/schema\/person\/cfaa27fc3da4a9a2cf2fee3650afc5d0"},"description":"Elevii \u0219i pre\u0219colarii vor intra de vineri, dup\u0103 terminarea cursurilor, \u00een vacan\u021b\u0103, urm\u00e2nd s\u0103 se \u00eentoarc\u0103 la ore luni, 13 februarie, conform calendarului","breadcrumb":{"@id":"https:\/\/urbeamea.ro\/albaiulia\/vineri-elevii-si-prescolarii-intra-in-vacanta-care-este-calendarul-cursurilor-pana-in-vara\/#breadcrumb"},"inLanguage":"ro-RO","potentialAction":[{"@type":"ReadAction","target":["https:\/\/urbeamea.ro\/albaiulia\/vineri-elevii-si-prescolarii-intra-in-vacanta-care-este-calendarul-cursurilor-pana-in-vara\/"]}]},{"@type":"ImageObject","inLanguage":"ro-RO","@id":"https:\/\/urbeamea.ro\/albaiulia\/vineri-elevii-si-prescolarii-intra-in-vacanta-care-este-calendarul-cursurilor-pana-in-vara\/#primaryimage","url":"https:\/\/urbeamea.ro\/albaiulia\/wp-content\/uploads\/2015\/04\/copii-elevi-carti-manuale-fericiti.jpg","contentUrl":"https:\/\/urbeamea.ro\/albaiulia\/wp-content\/uploads\/2015\/04\/copii-elevi-carti-manuale-fericiti.jpg","width":1280,"height":796},{"@type":"BreadcrumbList","@id":"https:\/\/urbeamea.ro\/albaiulia\/vineri-elevii-si-prescolarii-intra-in-vacanta-care-este-calendarul-cursurilor-pana-in-vara\/#breadcrumb","itemListElement":[{"@type":"ListItem","position":1,"name":"Prima pagin\u0103","item":"https:\/\/urbeamea.ro\/albaiulia\/"},{"@type":"ListItem","position":2,"name":"VINERI: Elevii \u0219i pre\u0219colarii intr\u0103 \u00een vacan\u021b\u0103. care este calendarul cursurilor p\u00e2n\u0103 \u00een var\u0103"}]},{"@type":"WebSite","@id":"https:\/\/urbeamea.ro\/albaiulia\/#website","url":"https:\/\/urbeamea.ro\/albaiulia\/","name":"Revista Urbea Mea, Stiri urbane","description":"Evenimente \u0219i \u0219tiri din Alba Iulia, Sebe\u0219, Aiud, Blaj","potentialAction":[{"@type":"SearchAction","target":{"@type":"EntryPoint","urlTemplate":"https:\/\/urbeamea.ro\/albaiulia\/?s={search_term_string}"},"query-input":{"@type":"PropertyValueSpecification","valueRequired":true,"valueName":"search_term_string"}}],"inLanguage":"ro-RO"},{"@type":"Person","@id":"https:\/\/urbeamea.ro\/albaiulia\/#\/schema\/person\/cfaa27fc3da4a9a2cf2fee3650afc5d0","name":"Adriana Avram","image":{"@type":"ImageObject","inLanguage":"ro-RO","@id":"https:\/\/secure.gravatar.com\/avatar\/3cc61eb1584088e0099c1763903a6421c5ce6cdf45fc2d424046dc621efc21f9?s=96&d=mm&r=g","url":"https:\/\/secure.gravatar.com\/avatar\/3cc61eb1584088e0099c1763903a6421c5ce6cdf45fc2d424046dc621efc21f9?s=96&d=mm&r=g","contentUrl":"https:\/\/secure.gravatar.com\/avatar\/3cc61eb1584088e0099c1763903a6421c5ce6cdf45fc2d424046dc621efc21f9?s=96&d=mm&r=g","caption":"Adriana Avram"},"description":"Jurnalist","sameAs":["https:\/\/www.facebook.com\/avram.adriana.7?fref=ts"],"url":"https:\/\/urbeamea.ro\/albaiulia\/author\/adriana-avram\/"}]}},"_links":{"self":[{"href":"https:\/\/urbeamea.ro\/albaiulia\/wp-json\/wp\/v2\/posts\/39451","targetHints":{"allow":["GET"]}}],"collection":[{"href":"https:\/\/urbeamea.ro\/albaiulia\/wp-json\/wp\/v2\/posts"}],"about":[{"href":"https:\/\/urbeamea.ro\/albaiulia\/wp-json\/wp\/v2\/types\/post"}],"author":[{"embeddable":true,"href":"https:\/\/urbeamea.ro\/albaiulia\/wp-json\/wp\/v2\/users\/20"}],"replies":[{"embeddable":true,"href":"https:\/\/urbeamea.ro\/albaiulia\/wp-json\/wp\/v2\/comments?post=39451"}],"version-history":[{"count":0,"href":"https:\/\/urbeamea.ro\/albaiulia\/wp-json\/wp\/v2\/posts\/39451\/revisions"}],"wp:featuredmedia":[{"embeddable":true,"href":"https:\/\/urbeamea.ro\/albaiulia\/wp-json\/wp\/v2\/media\/2822"}],"wp:attachment":[{"href":"https:\/\/urbeamea.ro\/albaiulia\/wp-json\/wp\/v2\/media?parent=39451"}],"wp:term":[{"taxonomy":"category","embeddable":true,"href":"https:\/\/urbeamea.ro\/albaiulia\/wp-json\/wp\/v2\/categories?post=39451"},{"taxonomy":"post_tag","embeddable":true,"href":"https:\/\/urbeamea.ro\/albaiulia\/wp-json\/wp\/v2\/tags?post=39451"}],"curies":[{"name":"wp","href":"https:\/\/api.w.org\/{rel}","templated":true}]}}