{"id":39575,"date":"2017-02-06T11:16:33","date_gmt":"2017-02-06T09:16:33","guid":{"rendered":"http:\/\/urbeamea.ro\/albaiulia\/?p=39575"},"modified":"2017-02-06T14:46:56","modified_gmt":"2017-02-06T12:46:56","slug":"accident-mortal-intre-aiud-si-miraslau-un-barbat-si-a-pierdut-viata-si-trei-persoane-au-fost-ranite-in-urma-unei-coliziuni-intre-doua-masini","status":"publish","type":"post","link":"https:\/\/urbeamea.ro\/albaiulia\/accident-mortal-intre-aiud-si-miraslau-un-barbat-si-a-pierdut-viata-si-trei-persoane-au-fost-ranite-in-urma-unei-coliziuni-intre-doua-masini\/","title":{"rendered":"Accident mortal \u00eentre Aiud \u015fi Mirasl\u0103u: Un b\u0103rbat \u015fi-a pierdut via\u0163a \u015fi trei persoane au fost r\u0103nite \u00een urma unei coliziuni \u00eentre dou\u0103 ma\u015fini"},"content":{"rendered":"<p><strong>Un b\u0103rbat \u00een v\u00e2rst\u0103 de 51 de ani \u0219i-a pierdut via\u021ba \u0219i trei persoane au fost r\u0103nite \u00een urma unui accident produs \u00een noaptea de duminic\u0103 spre luni, \u00een jurul orei 2.00, pe DN1, la ie\u0219ire din Aiud spre Turda, zona Mirasl\u0103u.<br \/>\n<\/strong><\/p>\n<p>Un echipaj ISU \u2013 Deta\u015famentul Aiud a intervenit la fa\u0163a locului.<\/p>\n<p>Din primele informa\u0163ii, o autoutilitar\u0103 Volkswagen, \u00eenmatriculat\u0103 \u00een jude\u0163ul Cluj, a intrat pe contrasens, \u00eentr-o curb\u0103 \u015fi a lovit frontal un Mercedes ML, cu numere de D\u00e2mbovi\u0163a. B\u0103rbatul care \u015fi-a pierdut via\u0163a avea 51 de ani \u015fi se afla \u00een autoutilitar\u0103, la momentul accidentului.\u00a0Alte trei persoane au fost r\u0103nite.<\/p>\n<p>Potrivit ISU Alba, <em>\u201cDeta\u0219amentul de pompieri Aiud \u0219i SMURD Alba Iulia au intervenit la ora 1.54, pe DN 1, pe raza localit\u0103\u0163ii Mirasl\u0103u, la un accident rutier produs \u00eentre dou\u0103 autoturisme. \u00cen urma accidentului trei persoane (o femeie \u0219i doi b\u0103rba\u021bi) au fost r\u0103nite, iar un b\u0103rbat \u00een v\u00e2rst\u0103 de 51 de ani \u0219i-a pierdut via\u021ba. Pompierii militari au ac\u021bionat cu o autospecial\u0103 complex\u0103 de interven\u021bie \u0219i trei ambulan\u021be SMURD, pentru acordarea primului ajutor medical calificat \u0219i transportarea victimelor la spital, \u00een cooperare cu un echipaj de la SAJ Alba \u0219i pentru scoaterea persoanei decedate dintre fiarele ma\u0219inii.\u201d<\/em><\/p>\n<p><strong>UPDATE:<\/strong> B\u0103rbatul decedat este S.M.A. (51 de ani), cet\u0103\u0163ean spaniol. Era pasager \u00een autoutilitar\u0103. \u015eoferul acesteia, un b\u0103rbat \u00een v\u00e2rst\u0103 de 62 de ani, a fost r\u0103nit grav. \u00cen ma\u015fin\u0103 se mai afla o femeie \u00een v\u00e2rst\u0103 de 52 de ani, din Cugir, care a fost r\u0103nit\u0103 u\u015for. A treia persoan\u0103 r\u0103nit\u0103 \u00een accident este \u015foferul autouturismului Mercedes, un b\u0103rbat \u00een v\u00e2rst\u0103 de 51 de ani, din T\u00e2rgovi\u015fte.<\/p>\n<p><strong>UPDATE1: <\/strong>La data de 06 februarie, \u00een jurul orelor 01.54, poli\u0163i\u015ftii din rutieri din Aiud au intervenit pentru solu\u0163ionarea unui accident rutier produs pe raza localit\u0103\u0163ii\u00a0 Mir\u0103sl\u0103u.<\/p>\n<p>D.C.T. de 62 de ani din Cluj Napoca, jude\u021bul Cluj, \u00een timp ce a condus o autoutilitara, nu a adaptat viteza de deplasare pe un sector de drum in curba la st\u00e2nga, semnalizata corespunz\u0103tor, a p\u0103truns pe sensul opus de mers si a intrat in coliziune cu un autoturism condus de O.N.F. de 51 de ani din T\u00e2rgovi\u0219te, jude\u021bul D\u00e2mbovi\u0163a.<\/p>\n<p>\u00cen urma accidentului, un pasager din autoutilitar\u0103, S.M.A. de 51 de ani, cet\u0103\u0163ean spaniol, a decedat.<\/p>\n<p>Conduc\u0103torul autoutilitarei, D.C.T. a suferit leziuni grave, fiind transportat la Spitalul Jude\u021bean Alba iar conduc\u0103torul autoturismului, O.N.F. \u015fi M.A.C. pasagera in autoturism au suferit corporale u\u0219oare, r\u0103m\u00e2n\u00e2nd interna\u0163i, sub supraveghere, la Spitalul Jude\u021bean Alba.<\/p>\n<p>Fa\u0163\u0103 de D.C.T. sunt continuate cercet\u0103rile pentru s\u0103v\u00e2r\u0219irea infrac\u021biunilor de <em>ucidere din culpa <\/em>si <em>vatamane corporala din culpa<\/em>.<\/p>\n","protected":false},"excerpt":{"rendered":"<p>Un b\u0103rbat \u00een v\u00e2rst\u0103 de 51 de ani \u0219i-a pierdut via\u021ba \u0219i trei persoane au fost r\u0103nite \u00een urma unui accident produs \u00een noaptea de duminic\u0103 spre luni, \u00een jurul orei 2.00, pe DN1, la ie\u0219ire din Aiud spre Turda, zona Mirasl\u0103u. Un echipaj ISU \u2013 Deta\u015famentul Aiud a intervenit la fa\u0163a locului. Din primele &hellip;<\/p>\n","protected":false},"author":17,"featured_media":18034,"comment_status":"open","ping_status":"open","sticky":false,"template":"","format":"standard","meta":{"inline_featured_image":false,"footnotes":""},"categories":[1],"tags":[9819,307,2864,9820,9821,2560,955,2601,4036,308,76],"class_list":["post-39575","post","type-post","status-publish","format-standard","has-post-thumbnail","hentry","category-stiri-urbane","tag-accident-moratl","tag-alba","tag-contrasens","tag-curb","tag-frontal","tag-isu-alba","tag-masini","tag-miraslau","tag-ranite","tag-stiri","tag-urbea-mea"],"yoast_head":"<!-- This site is optimized with the Yoast SEO plugin v28.3 - https:\/\/yoast.com\/product\/yoast-seo-wordpress\/ -->\n<title>Accident mortal \u00eentre Aiud \u015fi Mirasl\u0103u: Un b\u0103rbat \u015fi-a pierdut via\u0163a \u015fi trei persoane au fost r\u0103nite \u00een urma unei coliziuni \u00eentre dou\u0103 ma\u015fini - Revista Urbea Mea - Revista de Alba<\/title>\n<meta name=\"description\" content=\"Un b\u0103rbat \u00een v\u00e2rst\u0103 de 51 de ani \u0219i-a pierdut via\u021ba \u0219i trei persoane au fost r\u0103nite \u00een urma unui accident produs \u00een noaptea de duminic\u0103 spre luni, \u00een\" \/>\n<meta name=\"robots\" content=\"index, follow, max-snippet:-1, max-image-preview:large, max-video-preview:-1\" \/>\n<link rel=\"canonical\" href=\"https:\/\/urbeamea.ro\/albaiulia\/accident-mortal-intre-aiud-si-miraslau-un-barbat-si-a-pierdut-viata-si-trei-persoane-au-fost-ranite-in-urma-unei-coliziuni-intre-doua-masini\/\" \/>\n<meta name=\"twitter:card\" content=\"summary_large_image\" \/>\n<meta name=\"twitter:title\" content=\"Accident mortal \u00eentre Aiud \u015fi Mirasl\u0103u: Un b\u0103rbat \u015fi-a pierdut via\u0163a \u015fi trei persoane au fost r\u0103nite \u00een urma unei coliziuni \u00eentre dou\u0103 ma\u015fini - Revista Urbea Mea - Revista de Alba\" \/>\n<meta name=\"twitter:description\" content=\"Un b\u0103rbat \u00een v\u00e2rst\u0103 de 51 de ani \u0219i-a pierdut via\u021ba \u0219i trei persoane au fost r\u0103nite \u00een urma unui accident produs \u00een noaptea de duminic\u0103 spre luni, \u00een\" \/>\n<meta name=\"twitter:image\" content=\"https:\/\/urbeamea.ro\/albaiulia\/wp-content\/uploads\/2016\/02\/politie.jpg\" \/>\n<meta name=\"twitter:creator\" content=\"@urbeameaweb\" \/>\n<meta name=\"twitter:site\" content=\"@urbeameaweb\" \/>\n<script type=\"application\/ld+json\" class=\"yoast-schema-graph\">{\"@context\":\"https:\\\/\\\/schema.org\",\"@graph\":[{\"@type\":\"Article\",\"@id\":\"https:\\\/\\\/urbeamea.ro\\\/albaiulia\\\/accident-mortal-intre-aiud-si-miraslau-un-barbat-si-a-pierdut-viata-si-trei-persoane-au-fost-ranite-in-urma-unei-coliziuni-intre-doua-masini\\\/#article\",\"isPartOf\":{\"@id\":\"https:\\\/\\\/urbeamea.ro\\\/albaiulia\\\/accident-mortal-intre-aiud-si-miraslau-un-barbat-si-a-pierdut-viata-si-trei-persoane-au-fost-ranite-in-urma-unei-coliziuni-intre-doua-masini\\\/\"},\"author\":{\"name\":\"Cristina Ganga\",\"@id\":\"https:\\\/\\\/urbeamea.ro\\\/albaiulia\\\/#\\\/schema\\\/person\\\/9700d21fae21c4f038b0b56f4506264a\"},\"headline\":\"Accident mortal \u00eentre Aiud \u015fi Mirasl\u0103u: Un b\u0103rbat \u015fi-a pierdut via\u0163a \u015fi trei persoane au fost r\u0103nite \u00een urma unei coliziuni \u00eentre dou\u0103 ma\u015fini\",\"datePublished\":\"2017-02-06T09:16:33+00:00\",\"dateModified\":\"2017-02-06T12:46:56+00:00\",\"mainEntityOfPage\":{\"@id\":\"https:\\\/\\\/urbeamea.ro\\\/albaiulia\\\/accident-mortal-intre-aiud-si-miraslau-un-barbat-si-a-pierdut-viata-si-trei-persoane-au-fost-ranite-in-urma-unei-coliziuni-intre-doua-masini\\\/\"},\"wordCount\":525,\"commentCount\":0,\"image\":{\"@id\":\"https:\\\/\\\/urbeamea.ro\\\/albaiulia\\\/accident-mortal-intre-aiud-si-miraslau-un-barbat-si-a-pierdut-viata-si-trei-persoane-au-fost-ranite-in-urma-unei-coliziuni-intre-doua-masini\\\/#primaryimage\"},\"thumbnailUrl\":\"https:\\\/\\\/urbeamea.ro\\\/albaiulia\\\/wp-content\\\/uploads\\\/2016\\\/02\\\/politie.jpg\",\"keywords\":[\"accident moratl\",\"alba\",\"contrasens\",\"curb\",\"frontal\",\"ISU Alba\",\"masini\",\"miraslau\",\"ranite\",\"stiri\",\"Urbea Mea\"],\"articleSection\":[\"\u015etiri Urbane\"],\"inLanguage\":\"ro-RO\",\"potentialAction\":[{\"@type\":\"CommentAction\",\"name\":\"Comment\",\"target\":[\"https:\\\/\\\/urbeamea.ro\\\/albaiulia\\\/accident-mortal-intre-aiud-si-miraslau-un-barbat-si-a-pierdut-viata-si-trei-persoane-au-fost-ranite-in-urma-unei-coliziuni-intre-doua-masini\\\/#respond\"]}]},{\"@type\":\"WebPage\",\"@id\":\"https:\\\/\\\/urbeamea.ro\\\/albaiulia\\\/accident-mortal-intre-aiud-si-miraslau-un-barbat-si-a-pierdut-viata-si-trei-persoane-au-fost-ranite-in-urma-unei-coliziuni-intre-doua-masini\\\/\",\"url\":\"https:\\\/\\\/urbeamea.ro\\\/albaiulia\\\/accident-mortal-intre-aiud-si-miraslau-un-barbat-si-a-pierdut-viata-si-trei-persoane-au-fost-ranite-in-urma-unei-coliziuni-intre-doua-masini\\\/\",\"name\":\"Accident mortal \u00eentre Aiud \u015fi Mirasl\u0103u: Un b\u0103rbat \u015fi-a pierdut via\u0163a \u015fi trei persoane au fost r\u0103nite \u00een urma unei coliziuni \u00eentre dou\u0103 ma\u015fini - Revista Urbea Mea - Revista de Alba\",\"isPartOf\":{\"@id\":\"https:\\\/\\\/urbeamea.ro\\\/albaiulia\\\/#website\"},\"primaryImageOfPage\":{\"@id\":\"https:\\\/\\\/urbeamea.ro\\\/albaiulia\\\/accident-mortal-intre-aiud-si-miraslau-un-barbat-si-a-pierdut-viata-si-trei-persoane-au-fost-ranite-in-urma-unei-coliziuni-intre-doua-masini\\\/#primaryimage\"},\"image\":{\"@id\":\"https:\\\/\\\/urbeamea.ro\\\/albaiulia\\\/accident-mortal-intre-aiud-si-miraslau-un-barbat-si-a-pierdut-viata-si-trei-persoane-au-fost-ranite-in-urma-unei-coliziuni-intre-doua-masini\\\/#primaryimage\"},\"thumbnailUrl\":\"https:\\\/\\\/urbeamea.ro\\\/albaiulia\\\/wp-content\\\/uploads\\\/2016\\\/02\\\/politie.jpg\",\"datePublished\":\"2017-02-06T09:16:33+00:00\",\"dateModified\":\"2017-02-06T12:46:56+00:00\",\"author\":{\"@id\":\"https:\\\/\\\/urbeamea.ro\\\/albaiulia\\\/#\\\/schema\\\/person\\\/9700d21fae21c4f038b0b56f4506264a\"},\"description\":\"Un b\u0103rbat \u00een v\u00e2rst\u0103 de 51 de ani \u0219i-a pierdut via\u021ba \u0219i trei persoane au fost r\u0103nite \u00een urma unui accident produs \u00een noaptea de duminic\u0103 spre luni, \u00een\",\"breadcrumb\":{\"@id\":\"https:\\\/\\\/urbeamea.ro\\\/albaiulia\\\/accident-mortal-intre-aiud-si-miraslau-un-barbat-si-a-pierdut-viata-si-trei-persoane-au-fost-ranite-in-urma-unei-coliziuni-intre-doua-masini\\\/#breadcrumb\"},\"inLanguage\":\"ro-RO\",\"potentialAction\":[{\"@type\":\"ReadAction\",\"target\":[\"https:\\\/\\\/urbeamea.ro\\\/albaiulia\\\/accident-mortal-intre-aiud-si-miraslau-un-barbat-si-a-pierdut-viata-si-trei-persoane-au-fost-ranite-in-urma-unei-coliziuni-intre-doua-masini\\\/\"]}]},{\"@type\":\"ImageObject\",\"inLanguage\":\"ro-RO\",\"@id\":\"https:\\\/\\\/urbeamea.ro\\\/albaiulia\\\/accident-mortal-intre-aiud-si-miraslau-un-barbat-si-a-pierdut-viata-si-trei-persoane-au-fost-ranite-in-urma-unei-coliziuni-intre-doua-masini\\\/#primaryimage\",\"url\":\"https:\\\/\\\/urbeamea.ro\\\/albaiulia\\\/wp-content\\\/uploads\\\/2016\\\/02\\\/politie.jpg\",\"contentUrl\":\"https:\\\/\\\/urbeamea.ro\\\/albaiulia\\\/wp-content\\\/uploads\\\/2016\\\/02\\\/politie.jpg\",\"width\":480,\"height\":300},{\"@type\":\"BreadcrumbList\",\"@id\":\"https:\\\/\\\/urbeamea.ro\\\/albaiulia\\\/accident-mortal-intre-aiud-si-miraslau-un-barbat-si-a-pierdut-viata-si-trei-persoane-au-fost-ranite-in-urma-unei-coliziuni-intre-doua-masini\\\/#breadcrumb\",\"itemListElement\":[{\"@type\":\"ListItem\",\"position\":1,\"name\":\"Prima pagin\u0103\",\"item\":\"https:\\\/\\\/urbeamea.ro\\\/albaiulia\\\/\"},{\"@type\":\"ListItem\",\"position\":2,\"name\":\"Accident mortal \u00eentre Aiud \u015fi Mirasl\u0103u: Un b\u0103rbat \u015fi-a pierdut via\u0163a \u015fi trei persoane au fost r\u0103nite \u00een urma unei coliziuni \u00eentre dou\u0103 ma\u015fini\"}]},{\"@type\":\"WebSite\",\"@id\":\"https:\\\/\\\/urbeamea.ro\\\/albaiulia\\\/#website\",\"url\":\"https:\\\/\\\/urbeamea.ro\\\/albaiulia\\\/\",\"name\":\"Revista Urbea Mea, Stiri urbane\",\"description\":\"Evenimente \u0219i \u0219tiri din Alba Iulia, Sebe\u0219, Aiud, Blaj\",\"potentialAction\":[{\"@type\":\"SearchAction\",\"target\":{\"@type\":\"EntryPoint\",\"urlTemplate\":\"https:\\\/\\\/urbeamea.ro\\\/albaiulia\\\/?s={search_term_string}\"},\"query-input\":{\"@type\":\"PropertyValueSpecification\",\"valueRequired\":true,\"valueName\":\"search_term_string\"}}],\"inLanguage\":\"ro-RO\"},{\"@type\":\"Person\",\"@id\":\"https:\\\/\\\/urbeamea.ro\\\/albaiulia\\\/#\\\/schema\\\/person\\\/9700d21fae21c4f038b0b56f4506264a\",\"name\":\"Cristina Ganga\",\"image\":{\"@type\":\"ImageObject\",\"inLanguage\":\"ro-RO\",\"@id\":\"https:\\\/\\\/secure.gravatar.com\\\/avatar\\\/5a67661041f057b4a8ccaf26f5a8e86e2689372006d01faf3dd9eeb10b654bb4?s=96&d=mm&r=g\",\"url\":\"https:\\\/\\\/secure.gravatar.com\\\/avatar\\\/5a67661041f057b4a8ccaf26f5a8e86e2689372006d01faf3dd9eeb10b654bb4?s=96&d=mm&r=g\",\"contentUrl\":\"https:\\\/\\\/secure.gravatar.com\\\/avatar\\\/5a67661041f057b4a8ccaf26f5a8e86e2689372006d01faf3dd9eeb10b654bb4?s=96&d=mm&r=g\",\"caption\":\"Cristina Ganga\"},\"description\":\"Jurnalist\",\"sameAs\":[\"https:\\\/\\\/www.facebook.com\\\/cristina.nicola.587\"],\"url\":\"https:\\\/\\\/urbeamea.ro\\\/albaiulia\\\/author\\\/cristina-nicola\\\/\"}]}<\/script>\n<!-- \/ Yoast SEO plugin. -->","yoast_head_json":{"title":"Accident mortal \u00eentre Aiud \u015fi Mirasl\u0103u: Un b\u0103rbat \u015fi-a pierdut via\u0163a \u015fi trei persoane au fost r\u0103nite \u00een urma unei coliziuni \u00eentre dou\u0103 ma\u015fini - Revista Urbea Mea - Revista de Alba","description":"Un b\u0103rbat \u00een v\u00e2rst\u0103 de 51 de ani \u0219i-a pierdut via\u021ba \u0219i trei persoane au fost r\u0103nite \u00een urma unui accident produs \u00een noaptea de duminic\u0103 spre luni, \u00een","robots":{"index":"index","follow":"follow","max-snippet":"max-snippet:-1","max-image-preview":"max-image-preview:large","max-video-preview":"max-video-preview:-1"},"canonical":"https:\/\/urbeamea.ro\/albaiulia\/accident-mortal-intre-aiud-si-miraslau-un-barbat-si-a-pierdut-viata-si-trei-persoane-au-fost-ranite-in-urma-unei-coliziuni-intre-doua-masini\/","twitter_card":"summary_large_image","twitter_title":"Accident mortal \u00eentre Aiud \u015fi Mirasl\u0103u: Un b\u0103rbat \u015fi-a pierdut via\u0163a \u015fi trei persoane au fost r\u0103nite \u00een urma unei coliziuni \u00eentre dou\u0103 ma\u015fini - Revista Urbea Mea - Revista de Alba","twitter_description":"Un b\u0103rbat \u00een v\u00e2rst\u0103 de 51 de ani \u0219i-a pierdut via\u021ba \u0219i trei persoane au fost r\u0103nite \u00een urma unui accident produs \u00een noaptea de duminic\u0103 spre luni, \u00een","twitter_image":"https:\/\/urbeamea.ro\/albaiulia\/wp-content\/uploads\/2016\/02\/politie.jpg","twitter_creator":"@urbeameaweb","twitter_site":"@urbeameaweb","schema":{"@context":"https:\/\/schema.org","@graph":[{"@type":"Article","@id":"https:\/\/urbeamea.ro\/albaiulia\/accident-mortal-intre-aiud-si-miraslau-un-barbat-si-a-pierdut-viata-si-trei-persoane-au-fost-ranite-in-urma-unei-coliziuni-intre-doua-masini\/#article","isPartOf":{"@id":"https:\/\/urbeamea.ro\/albaiulia\/accident-mortal-intre-aiud-si-miraslau-un-barbat-si-a-pierdut-viata-si-trei-persoane-au-fost-ranite-in-urma-unei-coliziuni-intre-doua-masini\/"},"author":{"name":"Cristina Ganga","@id":"https:\/\/urbeamea.ro\/albaiulia\/#\/schema\/person\/9700d21fae21c4f038b0b56f4506264a"},"headline":"Accident mortal \u00eentre Aiud \u015fi Mirasl\u0103u: Un b\u0103rbat \u015fi-a pierdut via\u0163a \u015fi trei persoane au fost r\u0103nite \u00een urma unei coliziuni \u00eentre dou\u0103 ma\u015fini","datePublished":"2017-02-06T09:16:33+00:00","dateModified":"2017-02-06T12:46:56+00:00","mainEntityOfPage":{"@id":"https:\/\/urbeamea.ro\/albaiulia\/accident-mortal-intre-aiud-si-miraslau-un-barbat-si-a-pierdut-viata-si-trei-persoane-au-fost-ranite-in-urma-unei-coliziuni-intre-doua-masini\/"},"wordCount":525,"commentCount":0,"image":{"@id":"https:\/\/urbeamea.ro\/albaiulia\/accident-mortal-intre-aiud-si-miraslau-un-barbat-si-a-pierdut-viata-si-trei-persoane-au-fost-ranite-in-urma-unei-coliziuni-intre-doua-masini\/#primaryimage"},"thumbnailUrl":"https:\/\/urbeamea.ro\/albaiulia\/wp-content\/uploads\/2016\/02\/politie.jpg","keywords":["accident moratl","alba","contrasens","curb","frontal","ISU Alba","masini","miraslau","ranite","stiri","Urbea Mea"],"articleSection":["\u015etiri Urbane"],"inLanguage":"ro-RO","potentialAction":[{"@type":"CommentAction","name":"Comment","target":["https:\/\/urbeamea.ro\/albaiulia\/accident-mortal-intre-aiud-si-miraslau-un-barbat-si-a-pierdut-viata-si-trei-persoane-au-fost-ranite-in-urma-unei-coliziuni-intre-doua-masini\/#respond"]}]},{"@type":"WebPage","@id":"https:\/\/urbeamea.ro\/albaiulia\/accident-mortal-intre-aiud-si-miraslau-un-barbat-si-a-pierdut-viata-si-trei-persoane-au-fost-ranite-in-urma-unei-coliziuni-intre-doua-masini\/","url":"https:\/\/urbeamea.ro\/albaiulia\/accident-mortal-intre-aiud-si-miraslau-un-barbat-si-a-pierdut-viata-si-trei-persoane-au-fost-ranite-in-urma-unei-coliziuni-intre-doua-masini\/","name":"Accident mortal \u00eentre Aiud \u015fi Mirasl\u0103u: Un b\u0103rbat \u015fi-a pierdut via\u0163a \u015fi trei persoane au fost r\u0103nite \u00een urma unei coliziuni \u00eentre dou\u0103 ma\u015fini - Revista Urbea Mea - Revista de Alba","isPartOf":{"@id":"https:\/\/urbeamea.ro\/albaiulia\/#website"},"primaryImageOfPage":{"@id":"https:\/\/urbeamea.ro\/albaiulia\/accident-mortal-intre-aiud-si-miraslau-un-barbat-si-a-pierdut-viata-si-trei-persoane-au-fost-ranite-in-urma-unei-coliziuni-intre-doua-masini\/#primaryimage"},"image":{"@id":"https:\/\/urbeamea.ro\/albaiulia\/accident-mortal-intre-aiud-si-miraslau-un-barbat-si-a-pierdut-viata-si-trei-persoane-au-fost-ranite-in-urma-unei-coliziuni-intre-doua-masini\/#primaryimage"},"thumbnailUrl":"https:\/\/urbeamea.ro\/albaiulia\/wp-content\/uploads\/2016\/02\/politie.jpg","datePublished":"2017-02-06T09:16:33+00:00","dateModified":"2017-02-06T12:46:56+00:00","author":{"@id":"https:\/\/urbeamea.ro\/albaiulia\/#\/schema\/person\/9700d21fae21c4f038b0b56f4506264a"},"description":"Un b\u0103rbat \u00een v\u00e2rst\u0103 de 51 de ani \u0219i-a pierdut via\u021ba \u0219i trei persoane au fost r\u0103nite \u00een urma unui accident produs \u00een noaptea de duminic\u0103 spre luni, \u00een","breadcrumb":{"@id":"https:\/\/urbeamea.ro\/albaiulia\/accident-mortal-intre-aiud-si-miraslau-un-barbat-si-a-pierdut-viata-si-trei-persoane-au-fost-ranite-in-urma-unei-coliziuni-intre-doua-masini\/#breadcrumb"},"inLanguage":"ro-RO","potentialAction":[{"@type":"ReadAction","target":["https:\/\/urbeamea.ro\/albaiulia\/accident-mortal-intre-aiud-si-miraslau-un-barbat-si-a-pierdut-viata-si-trei-persoane-au-fost-ranite-in-urma-unei-coliziuni-intre-doua-masini\/"]}]},{"@type":"ImageObject","inLanguage":"ro-RO","@id":"https:\/\/urbeamea.ro\/albaiulia\/accident-mortal-intre-aiud-si-miraslau-un-barbat-si-a-pierdut-viata-si-trei-persoane-au-fost-ranite-in-urma-unei-coliziuni-intre-doua-masini\/#primaryimage","url":"https:\/\/urbeamea.ro\/albaiulia\/wp-content\/uploads\/2016\/02\/politie.jpg","contentUrl":"https:\/\/urbeamea.ro\/albaiulia\/wp-content\/uploads\/2016\/02\/politie.jpg","width":480,"height":300},{"@type":"BreadcrumbList","@id":"https:\/\/urbeamea.ro\/albaiulia\/accident-mortal-intre-aiud-si-miraslau-un-barbat-si-a-pierdut-viata-si-trei-persoane-au-fost-ranite-in-urma-unei-coliziuni-intre-doua-masini\/#breadcrumb","itemListElement":[{"@type":"ListItem","position":1,"name":"Prima pagin\u0103","item":"https:\/\/urbeamea.ro\/albaiulia\/"},{"@type":"ListItem","position":2,"name":"Accident mortal \u00eentre Aiud \u015fi Mirasl\u0103u: Un b\u0103rbat \u015fi-a pierdut via\u0163a \u015fi trei persoane au fost r\u0103nite \u00een urma unei coliziuni \u00eentre dou\u0103 ma\u015fini"}]},{"@type":"WebSite","@id":"https:\/\/urbeamea.ro\/albaiulia\/#website","url":"https:\/\/urbeamea.ro\/albaiulia\/","name":"Revista Urbea Mea, Stiri urbane","description":"Evenimente \u0219i \u0219tiri din Alba Iulia, Sebe\u0219, Aiud, Blaj","potentialAction":[{"@type":"SearchAction","target":{"@type":"EntryPoint","urlTemplate":"https:\/\/urbeamea.ro\/albaiulia\/?s={search_term_string}"},"query-input":{"@type":"PropertyValueSpecification","valueRequired":true,"valueName":"search_term_string"}}],"inLanguage":"ro-RO"},{"@type":"Person","@id":"https:\/\/urbeamea.ro\/albaiulia\/#\/schema\/person\/9700d21fae21c4f038b0b56f4506264a","name":"Cristina Ganga","image":{"@type":"ImageObject","inLanguage":"ro-RO","@id":"https:\/\/secure.gravatar.com\/avatar\/5a67661041f057b4a8ccaf26f5a8e86e2689372006d01faf3dd9eeb10b654bb4?s=96&d=mm&r=g","url":"https:\/\/secure.gravatar.com\/avatar\/5a67661041f057b4a8ccaf26f5a8e86e2689372006d01faf3dd9eeb10b654bb4?s=96&d=mm&r=g","contentUrl":"https:\/\/secure.gravatar.com\/avatar\/5a67661041f057b4a8ccaf26f5a8e86e2689372006d01faf3dd9eeb10b654bb4?s=96&d=mm&r=g","caption":"Cristina Ganga"},"description":"Jurnalist","sameAs":["https:\/\/www.facebook.com\/cristina.nicola.587"],"url":"https:\/\/urbeamea.ro\/albaiulia\/author\/cristina-nicola\/"}]}},"_links":{"self":[{"href":"https:\/\/urbeamea.ro\/albaiulia\/wp-json\/wp\/v2\/posts\/39575","targetHints":{"allow":["GET"]}}],"collection":[{"href":"https:\/\/urbeamea.ro\/albaiulia\/wp-json\/wp\/v2\/posts"}],"about":[{"href":"https:\/\/urbeamea.ro\/albaiulia\/wp-json\/wp\/v2\/types\/post"}],"author":[{"embeddable":true,"href":"https:\/\/urbeamea.ro\/albaiulia\/wp-json\/wp\/v2\/users\/17"}],"replies":[{"embeddable":true,"href":"https:\/\/urbeamea.ro\/albaiulia\/wp-json\/wp\/v2\/comments?post=39575"}],"version-history":[{"count":0,"href":"https:\/\/urbeamea.ro\/albaiulia\/wp-json\/wp\/v2\/posts\/39575\/revisions"}],"wp:featuredmedia":[{"embeddable":true,"href":"https:\/\/urbeamea.ro\/albaiulia\/wp-json\/wp\/v2\/media\/18034"}],"wp:attachment":[{"href":"https:\/\/urbeamea.ro\/albaiulia\/wp-json\/wp\/v2\/media?parent=39575"}],"wp:term":[{"taxonomy":"category","embeddable":true,"href":"https:\/\/urbeamea.ro\/albaiulia\/wp-json\/wp\/v2\/categories?post=39575"},{"taxonomy":"post_tag","embeddable":true,"href":"https:\/\/urbeamea.ro\/albaiulia\/wp-json\/wp\/v2\/tags?post=39575"}],"curies":[{"name":"wp","href":"https:\/\/api.w.org\/{rel}","templated":true}]}}