{"id":39671,"date":"2017-02-08T11:24:17","date_gmt":"2017-02-08T09:24:17","guid":{"rendered":"http:\/\/urbeamea.ro\/albaiulia\/?p=39671"},"modified":"2017-02-08T11:24:17","modified_gmt":"2017-02-08T09:24:17","slug":"accident-rutuer-la-unirea-cu-alcool-la-bord-un-sofer-a-intrat-cu-masina-intr-un-gard","status":"publish","type":"post","link":"https:\/\/urbeamea.ro\/albaiulia\/accident-rutuer-la-unirea-cu-alcool-la-bord-un-sofer-a-intrat-cu-masina-intr-un-gard\/","title":{"rendered":"Accident rutuer la Unirea: Cu alcool &#8222;la bord&#8221;, un \u015fofer a intrat cu ma\u015fina \u00eentr-un gard"},"content":{"rendered":"<p><strong>Un b\u0103rbat \u00een v\u00e2rst\u0103 de 56 de ani din Ocna Mure\u015f s-a ales cu dosar penal dup\u0103 ce a produs un accident rutier, sub influen\u0163a alcoolului.<\/strong><\/p>\n<p>Potrivit IPJ Alba mar\u0163i, 7 februarie, \u00een jurul orei 16.15, poli\u0163i\u015ftii din Ocna Mure\u015f au intervenit pentru solu\u0163ionarea unui accident rutier, soldat cu pagube materiale, produs pe raza localit\u0103\u021bii Unirea,.<\/p>\n<p>Din primele cercet\u0103ri efectuate de poli\u0163i\u015fti a rezultat c\u0103 F.I., de 56 de ani, din Ocna Mure\u0219, \u00een timp ce conducea un autoturism, fiind sub influen\u0163a b\u0103uturilor alcoolice, nu a adaptat viteza la condi\u021biile de drum, a pierdut controlul volanului, a p\u0103r\u0103sit partea carosabila si a intrat in gardul unei propriet\u0103\u0163i provoc\u00e2nd avarierea autoturismului si distrugerea gardului.<\/p>\n<p>Conduc\u0103torul auto a fost testat cu aparatul etilotest care a indicat valoarea de 0,66 mg\/l alcool pur \u020bn aerul expirat, ulterior fiind condus la Spitalul Municipal Aiud pentru recoltarea de probe biologice de s\u00e2nge \u020bn vederea stabilirii alcoolemiei.<\/p>\n<p>\u00cen cauz\u0103 se efectueaz\u0103 cercet\u0103ri sub aspectul comiterii infrac\u0163iunii de conducere a unui vehicul sub influen\u0163a b\u0103uturilor alcoolice.<\/p>\n","protected":false},"excerpt":{"rendered":"<p>Un b\u0103rbat \u00een v\u00e2rst\u0103 de 56 de ani din Ocna Mure\u015f s-a ales cu dosar penal dup\u0103 ce a produs un accident rutier, sub influen\u0163a alcoolului. Potrivit IPJ Alba mar\u0163i, 7 februarie, \u00een jurul orei 16.15, poli\u0163i\u015ftii din Ocna Mure\u015f au intervenit pentru solu\u0163ionarea unui accident rutier, soldat cu pagube materiale, produs pe raza localit\u0103\u021bii &hellip;<\/p>\n","protected":false},"author":17,"featured_media":30034,"comment_status":"open","ping_status":"open","sticky":false,"template":"","format":"standard","meta":{"inline_featured_image":false,"footnotes":""},"categories":[2034],"tags":[83,307,1364,3759,6311,308,2686,76],"class_list":["post-39671","post","type-post","status-publish","format-standard","has-post-thumbnail","hentry","category-social","tag-accident","tag-alba","tag-alcool","tag-gard","tag-proprietate","tag-stiri","tag-unirea","tag-urbea-mea"],"yoast_head":"<!-- This site is optimized with the Yoast SEO plugin v28.3 - https:\/\/yoast.com\/product\/yoast-seo-wordpress\/ -->\n<title>Accident rutuer la Unirea: Cu alcool &quot;la bord&quot;, un \u015fofer a intrat cu ma\u015fina \u00eentr-un gard - Revista Urbea Mea - Revista de Alba<\/title>\n<meta name=\"description\" content=\"Un b\u0103rbat \u00een v\u00e2rst\u0103 de 56 de ani din Ocna Mure\u015f s-a ales cu dosar penal dup\u0103 ce a produs un accident rutier, sub influen\u0163a alcoolului. Potrivit IPJ Alba\" \/>\n<meta name=\"robots\" content=\"index, follow, max-snippet:-1, max-image-preview:large, max-video-preview:-1\" \/>\n<link rel=\"canonical\" href=\"https:\/\/urbeamea.ro\/albaiulia\/accident-rutuer-la-unirea-cu-alcool-la-bord-un-sofer-a-intrat-cu-masina-intr-un-gard\/\" \/>\n<meta name=\"twitter:card\" content=\"summary_large_image\" \/>\n<meta name=\"twitter:title\" content=\"Accident rutuer la Unirea: Cu alcool &quot;la bord&quot;, un \u015fofer a intrat cu ma\u015fina \u00eentr-un gard - Revista Urbea Mea - Revista de Alba\" \/>\n<meta name=\"twitter:description\" content=\"Un b\u0103rbat \u00een v\u00e2rst\u0103 de 56 de ani din Ocna Mure\u015f s-a ales cu dosar penal dup\u0103 ce a produs un accident rutier, sub influen\u0163a alcoolului. Potrivit IPJ Alba\" \/>\n<meta name=\"twitter:image\" content=\"https:\/\/urbeamea.ro\/albaiulia\/wp-content\/uploads\/2016\/08\/etilotest.jpg\" \/>\n<meta name=\"twitter:creator\" content=\"@urbeameaweb\" \/>\n<meta name=\"twitter:site\" content=\"@urbeameaweb\" \/>\n<script type=\"application\/ld+json\" class=\"yoast-schema-graph\">{\"@context\":\"https:\\\/\\\/schema.org\",\"@graph\":[{\"@type\":\"Article\",\"@id\":\"https:\\\/\\\/urbeamea.ro\\\/albaiulia\\\/accident-rutuer-la-unirea-cu-alcool-la-bord-un-sofer-a-intrat-cu-masina-intr-un-gard\\\/#article\",\"isPartOf\":{\"@id\":\"https:\\\/\\\/urbeamea.ro\\\/albaiulia\\\/accident-rutuer-la-unirea-cu-alcool-la-bord-un-sofer-a-intrat-cu-masina-intr-un-gard\\\/\"},\"author\":{\"name\":\"Cristina Ganga\",\"@id\":\"https:\\\/\\\/urbeamea.ro\\\/albaiulia\\\/#\\\/schema\\\/person\\\/9700d21fae21c4f038b0b56f4506264a\"},\"headline\":\"Accident rutuer la Unirea: Cu alcool &#8222;la bord&#8221;, un \u015fofer a intrat cu ma\u015fina \u00eentr-un gard\",\"datePublished\":\"2017-02-08T09:24:17+00:00\",\"mainEntityOfPage\":{\"@id\":\"https:\\\/\\\/urbeamea.ro\\\/albaiulia\\\/accident-rutuer-la-unirea-cu-alcool-la-bord-un-sofer-a-intrat-cu-masina-intr-un-gard\\\/\"},\"wordCount\":207,\"commentCount\":0,\"image\":{\"@id\":\"https:\\\/\\\/urbeamea.ro\\\/albaiulia\\\/accident-rutuer-la-unirea-cu-alcool-la-bord-un-sofer-a-intrat-cu-masina-intr-un-gard\\\/#primaryimage\"},\"thumbnailUrl\":\"https:\\\/\\\/urbeamea.ro\\\/albaiulia\\\/wp-content\\\/uploads\\\/2016\\\/08\\\/etilotest.jpg\",\"keywords\":[\"accident\",\"alba\",\"alcool\",\"gard\",\"proprietate\",\"stiri\",\"unirea\",\"Urbea Mea\"],\"articleSection\":[\"Social\"],\"inLanguage\":\"ro-RO\",\"potentialAction\":[{\"@type\":\"CommentAction\",\"name\":\"Comment\",\"target\":[\"https:\\\/\\\/urbeamea.ro\\\/albaiulia\\\/accident-rutuer-la-unirea-cu-alcool-la-bord-un-sofer-a-intrat-cu-masina-intr-un-gard\\\/#respond\"]}]},{\"@type\":\"WebPage\",\"@id\":\"https:\\\/\\\/urbeamea.ro\\\/albaiulia\\\/accident-rutuer-la-unirea-cu-alcool-la-bord-un-sofer-a-intrat-cu-masina-intr-un-gard\\\/\",\"url\":\"https:\\\/\\\/urbeamea.ro\\\/albaiulia\\\/accident-rutuer-la-unirea-cu-alcool-la-bord-un-sofer-a-intrat-cu-masina-intr-un-gard\\\/\",\"name\":\"Accident rutuer la Unirea: Cu alcool \\\"la bord\\\", un \u015fofer a intrat cu ma\u015fina \u00eentr-un gard - Revista Urbea Mea - Revista de Alba\",\"isPartOf\":{\"@id\":\"https:\\\/\\\/urbeamea.ro\\\/albaiulia\\\/#website\"},\"primaryImageOfPage\":{\"@id\":\"https:\\\/\\\/urbeamea.ro\\\/albaiulia\\\/accident-rutuer-la-unirea-cu-alcool-la-bord-un-sofer-a-intrat-cu-masina-intr-un-gard\\\/#primaryimage\"},\"image\":{\"@id\":\"https:\\\/\\\/urbeamea.ro\\\/albaiulia\\\/accident-rutuer-la-unirea-cu-alcool-la-bord-un-sofer-a-intrat-cu-masina-intr-un-gard\\\/#primaryimage\"},\"thumbnailUrl\":\"https:\\\/\\\/urbeamea.ro\\\/albaiulia\\\/wp-content\\\/uploads\\\/2016\\\/08\\\/etilotest.jpg\",\"datePublished\":\"2017-02-08T09:24:17+00:00\",\"author\":{\"@id\":\"https:\\\/\\\/urbeamea.ro\\\/albaiulia\\\/#\\\/schema\\\/person\\\/9700d21fae21c4f038b0b56f4506264a\"},\"description\":\"Un b\u0103rbat \u00een v\u00e2rst\u0103 de 56 de ani din Ocna Mure\u015f s-a ales cu dosar penal dup\u0103 ce a produs un accident rutier, sub influen\u0163a alcoolului. Potrivit IPJ Alba\",\"breadcrumb\":{\"@id\":\"https:\\\/\\\/urbeamea.ro\\\/albaiulia\\\/accident-rutuer-la-unirea-cu-alcool-la-bord-un-sofer-a-intrat-cu-masina-intr-un-gard\\\/#breadcrumb\"},\"inLanguage\":\"ro-RO\",\"potentialAction\":[{\"@type\":\"ReadAction\",\"target\":[\"https:\\\/\\\/urbeamea.ro\\\/albaiulia\\\/accident-rutuer-la-unirea-cu-alcool-la-bord-un-sofer-a-intrat-cu-masina-intr-un-gard\\\/\"]}]},{\"@type\":\"ImageObject\",\"inLanguage\":\"ro-RO\",\"@id\":\"https:\\\/\\\/urbeamea.ro\\\/albaiulia\\\/accident-rutuer-la-unirea-cu-alcool-la-bord-un-sofer-a-intrat-cu-masina-intr-un-gard\\\/#primaryimage\",\"url\":\"https:\\\/\\\/urbeamea.ro\\\/albaiulia\\\/wp-content\\\/uploads\\\/2016\\\/08\\\/etilotest.jpg\",\"contentUrl\":\"https:\\\/\\\/urbeamea.ro\\\/albaiulia\\\/wp-content\\\/uploads\\\/2016\\\/08\\\/etilotest.jpg\",\"width\":740,\"height\":360},{\"@type\":\"BreadcrumbList\",\"@id\":\"https:\\\/\\\/urbeamea.ro\\\/albaiulia\\\/accident-rutuer-la-unirea-cu-alcool-la-bord-un-sofer-a-intrat-cu-masina-intr-un-gard\\\/#breadcrumb\",\"itemListElement\":[{\"@type\":\"ListItem\",\"position\":1,\"name\":\"Prima pagin\u0103\",\"item\":\"https:\\\/\\\/urbeamea.ro\\\/albaiulia\\\/\"},{\"@type\":\"ListItem\",\"position\":2,\"name\":\"Accident rutuer la Unirea: Cu alcool &#8222;la bord&#8221;, un \u015fofer a intrat cu ma\u015fina \u00eentr-un gard\"}]},{\"@type\":\"WebSite\",\"@id\":\"https:\\\/\\\/urbeamea.ro\\\/albaiulia\\\/#website\",\"url\":\"https:\\\/\\\/urbeamea.ro\\\/albaiulia\\\/\",\"name\":\"Revista Urbea Mea, Stiri urbane\",\"description\":\"Evenimente \u0219i \u0219tiri din Alba Iulia, Sebe\u0219, Aiud, Blaj\",\"potentialAction\":[{\"@type\":\"SearchAction\",\"target\":{\"@type\":\"EntryPoint\",\"urlTemplate\":\"https:\\\/\\\/urbeamea.ro\\\/albaiulia\\\/?s={search_term_string}\"},\"query-input\":{\"@type\":\"PropertyValueSpecification\",\"valueRequired\":true,\"valueName\":\"search_term_string\"}}],\"inLanguage\":\"ro-RO\"},{\"@type\":\"Person\",\"@id\":\"https:\\\/\\\/urbeamea.ro\\\/albaiulia\\\/#\\\/schema\\\/person\\\/9700d21fae21c4f038b0b56f4506264a\",\"name\":\"Cristina Ganga\",\"image\":{\"@type\":\"ImageObject\",\"inLanguage\":\"ro-RO\",\"@id\":\"https:\\\/\\\/secure.gravatar.com\\\/avatar\\\/5a67661041f057b4a8ccaf26f5a8e86e2689372006d01faf3dd9eeb10b654bb4?s=96&d=mm&r=g\",\"url\":\"https:\\\/\\\/secure.gravatar.com\\\/avatar\\\/5a67661041f057b4a8ccaf26f5a8e86e2689372006d01faf3dd9eeb10b654bb4?s=96&d=mm&r=g\",\"contentUrl\":\"https:\\\/\\\/secure.gravatar.com\\\/avatar\\\/5a67661041f057b4a8ccaf26f5a8e86e2689372006d01faf3dd9eeb10b654bb4?s=96&d=mm&r=g\",\"caption\":\"Cristina Ganga\"},\"description\":\"Jurnalist\",\"sameAs\":[\"https:\\\/\\\/www.facebook.com\\\/cristina.nicola.587\"],\"url\":\"https:\\\/\\\/urbeamea.ro\\\/albaiulia\\\/author\\\/cristina-nicola\\\/\"}]}<\/script>\n<!-- \/ Yoast SEO plugin. -->","yoast_head_json":{"title":"Accident rutuer la Unirea: Cu alcool \"la bord\", un \u015fofer a intrat cu ma\u015fina \u00eentr-un gard - Revista Urbea Mea - Revista de Alba","description":"Un b\u0103rbat \u00een v\u00e2rst\u0103 de 56 de ani din Ocna Mure\u015f s-a ales cu dosar penal dup\u0103 ce a produs un accident rutier, sub influen\u0163a alcoolului. Potrivit IPJ Alba","robots":{"index":"index","follow":"follow","max-snippet":"max-snippet:-1","max-image-preview":"max-image-preview:large","max-video-preview":"max-video-preview:-1"},"canonical":"https:\/\/urbeamea.ro\/albaiulia\/accident-rutuer-la-unirea-cu-alcool-la-bord-un-sofer-a-intrat-cu-masina-intr-un-gard\/","twitter_card":"summary_large_image","twitter_title":"Accident rutuer la Unirea: Cu alcool \"la bord\", un \u015fofer a intrat cu ma\u015fina \u00eentr-un gard - Revista Urbea Mea - Revista de Alba","twitter_description":"Un b\u0103rbat \u00een v\u00e2rst\u0103 de 56 de ani din Ocna Mure\u015f s-a ales cu dosar penal dup\u0103 ce a produs un accident rutier, sub influen\u0163a alcoolului. Potrivit IPJ Alba","twitter_image":"https:\/\/urbeamea.ro\/albaiulia\/wp-content\/uploads\/2016\/08\/etilotest.jpg","twitter_creator":"@urbeameaweb","twitter_site":"@urbeameaweb","schema":{"@context":"https:\/\/schema.org","@graph":[{"@type":"Article","@id":"https:\/\/urbeamea.ro\/albaiulia\/accident-rutuer-la-unirea-cu-alcool-la-bord-un-sofer-a-intrat-cu-masina-intr-un-gard\/#article","isPartOf":{"@id":"https:\/\/urbeamea.ro\/albaiulia\/accident-rutuer-la-unirea-cu-alcool-la-bord-un-sofer-a-intrat-cu-masina-intr-un-gard\/"},"author":{"name":"Cristina Ganga","@id":"https:\/\/urbeamea.ro\/albaiulia\/#\/schema\/person\/9700d21fae21c4f038b0b56f4506264a"},"headline":"Accident rutuer la Unirea: Cu alcool &#8222;la bord&#8221;, un \u015fofer a intrat cu ma\u015fina \u00eentr-un gard","datePublished":"2017-02-08T09:24:17+00:00","mainEntityOfPage":{"@id":"https:\/\/urbeamea.ro\/albaiulia\/accident-rutuer-la-unirea-cu-alcool-la-bord-un-sofer-a-intrat-cu-masina-intr-un-gard\/"},"wordCount":207,"commentCount":0,"image":{"@id":"https:\/\/urbeamea.ro\/albaiulia\/accident-rutuer-la-unirea-cu-alcool-la-bord-un-sofer-a-intrat-cu-masina-intr-un-gard\/#primaryimage"},"thumbnailUrl":"https:\/\/urbeamea.ro\/albaiulia\/wp-content\/uploads\/2016\/08\/etilotest.jpg","keywords":["accident","alba","alcool","gard","proprietate","stiri","unirea","Urbea Mea"],"articleSection":["Social"],"inLanguage":"ro-RO","potentialAction":[{"@type":"CommentAction","name":"Comment","target":["https:\/\/urbeamea.ro\/albaiulia\/accident-rutuer-la-unirea-cu-alcool-la-bord-un-sofer-a-intrat-cu-masina-intr-un-gard\/#respond"]}]},{"@type":"WebPage","@id":"https:\/\/urbeamea.ro\/albaiulia\/accident-rutuer-la-unirea-cu-alcool-la-bord-un-sofer-a-intrat-cu-masina-intr-un-gard\/","url":"https:\/\/urbeamea.ro\/albaiulia\/accident-rutuer-la-unirea-cu-alcool-la-bord-un-sofer-a-intrat-cu-masina-intr-un-gard\/","name":"Accident rutuer la Unirea: Cu alcool \"la bord\", un \u015fofer a intrat cu ma\u015fina \u00eentr-un gard - Revista Urbea Mea - Revista de Alba","isPartOf":{"@id":"https:\/\/urbeamea.ro\/albaiulia\/#website"},"primaryImageOfPage":{"@id":"https:\/\/urbeamea.ro\/albaiulia\/accident-rutuer-la-unirea-cu-alcool-la-bord-un-sofer-a-intrat-cu-masina-intr-un-gard\/#primaryimage"},"image":{"@id":"https:\/\/urbeamea.ro\/albaiulia\/accident-rutuer-la-unirea-cu-alcool-la-bord-un-sofer-a-intrat-cu-masina-intr-un-gard\/#primaryimage"},"thumbnailUrl":"https:\/\/urbeamea.ro\/albaiulia\/wp-content\/uploads\/2016\/08\/etilotest.jpg","datePublished":"2017-02-08T09:24:17+00:00","author":{"@id":"https:\/\/urbeamea.ro\/albaiulia\/#\/schema\/person\/9700d21fae21c4f038b0b56f4506264a"},"description":"Un b\u0103rbat \u00een v\u00e2rst\u0103 de 56 de ani din Ocna Mure\u015f s-a ales cu dosar penal dup\u0103 ce a produs un accident rutier, sub influen\u0163a alcoolului. Potrivit IPJ Alba","breadcrumb":{"@id":"https:\/\/urbeamea.ro\/albaiulia\/accident-rutuer-la-unirea-cu-alcool-la-bord-un-sofer-a-intrat-cu-masina-intr-un-gard\/#breadcrumb"},"inLanguage":"ro-RO","potentialAction":[{"@type":"ReadAction","target":["https:\/\/urbeamea.ro\/albaiulia\/accident-rutuer-la-unirea-cu-alcool-la-bord-un-sofer-a-intrat-cu-masina-intr-un-gard\/"]}]},{"@type":"ImageObject","inLanguage":"ro-RO","@id":"https:\/\/urbeamea.ro\/albaiulia\/accident-rutuer-la-unirea-cu-alcool-la-bord-un-sofer-a-intrat-cu-masina-intr-un-gard\/#primaryimage","url":"https:\/\/urbeamea.ro\/albaiulia\/wp-content\/uploads\/2016\/08\/etilotest.jpg","contentUrl":"https:\/\/urbeamea.ro\/albaiulia\/wp-content\/uploads\/2016\/08\/etilotest.jpg","width":740,"height":360},{"@type":"BreadcrumbList","@id":"https:\/\/urbeamea.ro\/albaiulia\/accident-rutuer-la-unirea-cu-alcool-la-bord-un-sofer-a-intrat-cu-masina-intr-un-gard\/#breadcrumb","itemListElement":[{"@type":"ListItem","position":1,"name":"Prima pagin\u0103","item":"https:\/\/urbeamea.ro\/albaiulia\/"},{"@type":"ListItem","position":2,"name":"Accident rutuer la Unirea: Cu alcool &#8222;la bord&#8221;, un \u015fofer a intrat cu ma\u015fina \u00eentr-un gard"}]},{"@type":"WebSite","@id":"https:\/\/urbeamea.ro\/albaiulia\/#website","url":"https:\/\/urbeamea.ro\/albaiulia\/","name":"Revista Urbea Mea, Stiri urbane","description":"Evenimente \u0219i \u0219tiri din Alba Iulia, Sebe\u0219, Aiud, Blaj","potentialAction":[{"@type":"SearchAction","target":{"@type":"EntryPoint","urlTemplate":"https:\/\/urbeamea.ro\/albaiulia\/?s={search_term_string}"},"query-input":{"@type":"PropertyValueSpecification","valueRequired":true,"valueName":"search_term_string"}}],"inLanguage":"ro-RO"},{"@type":"Person","@id":"https:\/\/urbeamea.ro\/albaiulia\/#\/schema\/person\/9700d21fae21c4f038b0b56f4506264a","name":"Cristina Ganga","image":{"@type":"ImageObject","inLanguage":"ro-RO","@id":"https:\/\/secure.gravatar.com\/avatar\/5a67661041f057b4a8ccaf26f5a8e86e2689372006d01faf3dd9eeb10b654bb4?s=96&d=mm&r=g","url":"https:\/\/secure.gravatar.com\/avatar\/5a67661041f057b4a8ccaf26f5a8e86e2689372006d01faf3dd9eeb10b654bb4?s=96&d=mm&r=g","contentUrl":"https:\/\/secure.gravatar.com\/avatar\/5a67661041f057b4a8ccaf26f5a8e86e2689372006d01faf3dd9eeb10b654bb4?s=96&d=mm&r=g","caption":"Cristina Ganga"},"description":"Jurnalist","sameAs":["https:\/\/www.facebook.com\/cristina.nicola.587"],"url":"https:\/\/urbeamea.ro\/albaiulia\/author\/cristina-nicola\/"}]}},"_links":{"self":[{"href":"https:\/\/urbeamea.ro\/albaiulia\/wp-json\/wp\/v2\/posts\/39671","targetHints":{"allow":["GET"]}}],"collection":[{"href":"https:\/\/urbeamea.ro\/albaiulia\/wp-json\/wp\/v2\/posts"}],"about":[{"href":"https:\/\/urbeamea.ro\/albaiulia\/wp-json\/wp\/v2\/types\/post"}],"author":[{"embeddable":true,"href":"https:\/\/urbeamea.ro\/albaiulia\/wp-json\/wp\/v2\/users\/17"}],"replies":[{"embeddable":true,"href":"https:\/\/urbeamea.ro\/albaiulia\/wp-json\/wp\/v2\/comments?post=39671"}],"version-history":[{"count":0,"href":"https:\/\/urbeamea.ro\/albaiulia\/wp-json\/wp\/v2\/posts\/39671\/revisions"}],"wp:featuredmedia":[{"embeddable":true,"href":"https:\/\/urbeamea.ro\/albaiulia\/wp-json\/wp\/v2\/media\/30034"}],"wp:attachment":[{"href":"https:\/\/urbeamea.ro\/albaiulia\/wp-json\/wp\/v2\/media?parent=39671"}],"wp:term":[{"taxonomy":"category","embeddable":true,"href":"https:\/\/urbeamea.ro\/albaiulia\/wp-json\/wp\/v2\/categories?post=39671"},{"taxonomy":"post_tag","embeddable":true,"href":"https:\/\/urbeamea.ro\/albaiulia\/wp-json\/wp\/v2\/tags?post=39671"}],"curies":[{"name":"wp","href":"https:\/\/api.w.org\/{rel}","templated":true}]}}