{"id":39723,"date":"2017-02-09T11:29:09","date_gmt":"2017-02-09T09:29:09","guid":{"rendered":"http:\/\/urbeamea.ro\/albaiulia\/?p=39723"},"modified":"2017-02-09T11:29:09","modified_gmt":"2017-02-09T09:29:09","slug":"actiune-ipj-alba-si-rar-peste-130-de-soferi-au-fost-amendati-si-3-de-permise-de-conducere-retinute","status":"publish","type":"post","link":"https:\/\/urbeamea.ro\/albaiulia\/actiune-ipj-alba-si-rar-peste-130-de-soferi-au-fost-amendati-si-3-de-permise-de-conducere-retinute\/","title":{"rendered":"Ac\u0163iune IPJ Alba \u015fi RAR: Peste 130 de \u0219oferi au fost amenda\u0163i \u015fi 3 de permise de conducere, re\u021binute"},"content":{"rendered":"<p align=\"JUSTIFY\"><span lang=\"ro-RO\"><strong>Peste 130 de \u015foferi au fost sanc\u0163iona\u0163i, \u00een data de 8 februarie, pentru abateri \u015fi infrac\u0163iuni s\u0103v\u00e2r\u015fite la regimul rutier.\u00a0 De asemenea, oamenii legii au re\u0163inute 3 permise de conducere \u015fi 4 certificate de \u00eenmatriculare. Valoarea total\u0103 a amenzilor a fost de 28.910 lei.<\/strong> <\/span><\/p>\n<p align=\"JUSTIFY\"><span lang=\"ro-RO\">\u00cen 8 februarie, poli\u0163i\u015ftii Serviciului Rutier \u2013 Biroul Drumuri Na\u021bionale \u0219i Europene, Birourilor Rutiere Alba Iulia \u0219i Sebe\u0219, Compartimentelor Rutiere Blaj, Aiud, Teiu\u0219, Ocna Mure\u0219 \u015fi Abrud, precum si poli\u0163i\u015fti din cadrul Sec\u021biei de Politie Rural\u0103 Aiud \u015fi Postului de Poli\u0163ie Ciuruleasa, \u00een colaborare cu poli\u0163i\u015fti din cadrul Serviciului Transporturi Alba \u015fi cu sprijinul speciali\u015ftilor R.A.R Alba, au ac\u0163ionat, pe raza jude\u0163ului Alba, <\/span><span lang=\"ro-RO\">pentru prevenirea accidentelor rutiere.<\/span><\/p>\n<p align=\"JUSTIFY\"><span lang=\"ro-RO\">\u00cen cadrul acestor ac\u0163iuni au fost aplicate 133 de sanc\u0163iuni, din care, 3 pentru nerespectarea regulilor de trecere la nivel cu calea ferat\u0103, 40 pentru vitez\u0103, 17 la O.U.G. 195\/2002 (14 pentru defec\u0163iuni tehnice, 2 ITP expirat, 1 alte abateri), 71 alte sanc\u021biuni la regimul rutier, 2 sanc\u021biuni la alte acte normative, valoarea total\u0103 a sanc\u0163iunilor aplicate fiind de 28.910 lei.<\/span><\/p>\n<p align=\"JUSTIFY\"><span lang=\"ro-RO\">De asemenea, au fost re\u0163inute 3 permise de conducere \u015fi 4 certificate de \u00eenmatriculare. <\/span><\/p>\n","protected":false},"excerpt":{"rendered":"<p>Peste 130 de \u015foferi au fost sanc\u0163iona\u0163i, \u00een data de 8 februarie, pentru abateri \u015fi infrac\u0163iuni s\u0103v\u00e2r\u015fite la regimul rutier.\u00a0 De asemenea, oamenii legii au re\u0163inute 3 permise de conducere \u015fi 4 certificate de \u00eenmatriculare. Valoarea total\u0103 a amenzilor a fost de 28.910 lei. \u00cen 8 februarie, poli\u0163i\u015ftii Serviciului Rutier \u2013 Biroul Drumuri Na\u021bionale \u0219i &hellip;<\/p>\n","protected":false},"author":17,"featured_media":32255,"comment_status":"open","ping_status":"open","sticky":false,"template":"","format":"standard","meta":{"inline_featured_image":false,"footnotes":""},"categories":[2034],"tags":[307,3933,2417,2540,458,8447,1115,308,76],"class_list":["post-39723","post","type-post","status-publish","format-standard","has-post-thumbnail","hentry","category-social","tag-alba","tag-certificat-de-inmatriculare","tag-infractiuni","tag-permise-de-conducere","tag-politisti","tag-regim-rutier","tag-soferi","tag-stiri","tag-urbea-mea"],"yoast_head":"<!-- This site is optimized with the Yoast SEO plugin v28.3 - https:\/\/yoast.com\/product\/yoast-seo-wordpress\/ -->\n<title>Ac\u0163iune IPJ Alba \u015fi RAR: Peste 130 de \u0219oferi au fost amenda\u0163i \u015fi 3 de permise de conducere, re\u021binute - Revista Urbea Mea - Revista de Alba<\/title>\n<meta name=\"description\" content=\"Peste 130 de \u015foferi au fost sanc\u0163iona\u0163i, \u00een data de 8 februarie, pentru abateri \u015fi infrac\u0163iuni s\u0103v\u00e2r\u015fite la regimul rutier.\u00a0 De asemenea, oamenii legii au\" \/>\n<meta name=\"robots\" content=\"index, follow, max-snippet:-1, max-image-preview:large, max-video-preview:-1\" \/>\n<link rel=\"canonical\" href=\"https:\/\/urbeamea.ro\/albaiulia\/actiune-ipj-alba-si-rar-peste-130-de-soferi-au-fost-amendati-si-3-de-permise-de-conducere-retinute\/\" \/>\n<meta name=\"twitter:card\" content=\"summary_large_image\" \/>\n<meta name=\"twitter:title\" content=\"Ac\u0163iune IPJ Alba \u015fi RAR: Peste 130 de \u0219oferi au fost amenda\u0163i \u015fi 3 de permise de conducere, re\u021binute - Revista Urbea Mea - Revista de Alba\" \/>\n<meta name=\"twitter:description\" content=\"Peste 130 de \u015foferi au fost sanc\u0163iona\u0163i, \u00een data de 8 februarie, pentru abateri \u015fi infrac\u0163iuni s\u0103v\u00e2r\u015fite la regimul rutier.\u00a0 De asemenea, oamenii legii au\" \/>\n<meta name=\"twitter:image\" content=\"https:\/\/urbeamea.ro\/albaiulia\/wp-content\/uploads\/2016\/09\/radare-politieeee.jpg\" \/>\n<meta name=\"twitter:creator\" content=\"@urbeameaweb\" \/>\n<meta name=\"twitter:site\" content=\"@urbeameaweb\" \/>\n<script type=\"application\/ld+json\" class=\"yoast-schema-graph\">{\"@context\":\"https:\\\/\\\/schema.org\",\"@graph\":[{\"@type\":\"Article\",\"@id\":\"https:\\\/\\\/urbeamea.ro\\\/albaiulia\\\/actiune-ipj-alba-si-rar-peste-130-de-soferi-au-fost-amendati-si-3-de-permise-de-conducere-retinute\\\/#article\",\"isPartOf\":{\"@id\":\"https:\\\/\\\/urbeamea.ro\\\/albaiulia\\\/actiune-ipj-alba-si-rar-peste-130-de-soferi-au-fost-amendati-si-3-de-permise-de-conducere-retinute\\\/\"},\"author\":{\"name\":\"Cristina Ganga\",\"@id\":\"https:\\\/\\\/urbeamea.ro\\\/albaiulia\\\/#\\\/schema\\\/person\\\/9700d21fae21c4f038b0b56f4506264a\"},\"headline\":\"Ac\u0163iune IPJ Alba \u015fi RAR: Peste 130 de \u0219oferi au fost amenda\u0163i \u015fi 3 de permise de conducere, re\u021binute\",\"datePublished\":\"2017-02-09T09:29:09+00:00\",\"mainEntityOfPage\":{\"@id\":\"https:\\\/\\\/urbeamea.ro\\\/albaiulia\\\/actiune-ipj-alba-si-rar-peste-130-de-soferi-au-fost-amendati-si-3-de-permise-de-conducere-retinute\\\/\"},\"wordCount\":216,\"commentCount\":0,\"image\":{\"@id\":\"https:\\\/\\\/urbeamea.ro\\\/albaiulia\\\/actiune-ipj-alba-si-rar-peste-130-de-soferi-au-fost-amendati-si-3-de-permise-de-conducere-retinute\\\/#primaryimage\"},\"thumbnailUrl\":\"https:\\\/\\\/urbeamea.ro\\\/albaiulia\\\/wp-content\\\/uploads\\\/2016\\\/09\\\/radare-politieeee.jpg\",\"keywords\":[\"alba\",\"certificat de inmatriculare\",\"infractiuni\",\"permise de conducere\",\"politisti\",\"regim rutier\",\"soferi\",\"stiri\",\"Urbea Mea\"],\"articleSection\":[\"Social\"],\"inLanguage\":\"ro-RO\",\"potentialAction\":[{\"@type\":\"CommentAction\",\"name\":\"Comment\",\"target\":[\"https:\\\/\\\/urbeamea.ro\\\/albaiulia\\\/actiune-ipj-alba-si-rar-peste-130-de-soferi-au-fost-amendati-si-3-de-permise-de-conducere-retinute\\\/#respond\"]}]},{\"@type\":\"WebPage\",\"@id\":\"https:\\\/\\\/urbeamea.ro\\\/albaiulia\\\/actiune-ipj-alba-si-rar-peste-130-de-soferi-au-fost-amendati-si-3-de-permise-de-conducere-retinute\\\/\",\"url\":\"https:\\\/\\\/urbeamea.ro\\\/albaiulia\\\/actiune-ipj-alba-si-rar-peste-130-de-soferi-au-fost-amendati-si-3-de-permise-de-conducere-retinute\\\/\",\"name\":\"Ac\u0163iune IPJ Alba \u015fi RAR: Peste 130 de \u0219oferi au fost amenda\u0163i \u015fi 3 de permise de conducere, re\u021binute - Revista Urbea Mea - Revista de Alba\",\"isPartOf\":{\"@id\":\"https:\\\/\\\/urbeamea.ro\\\/albaiulia\\\/#website\"},\"primaryImageOfPage\":{\"@id\":\"https:\\\/\\\/urbeamea.ro\\\/albaiulia\\\/actiune-ipj-alba-si-rar-peste-130-de-soferi-au-fost-amendati-si-3-de-permise-de-conducere-retinute\\\/#primaryimage\"},\"image\":{\"@id\":\"https:\\\/\\\/urbeamea.ro\\\/albaiulia\\\/actiune-ipj-alba-si-rar-peste-130-de-soferi-au-fost-amendati-si-3-de-permise-de-conducere-retinute\\\/#primaryimage\"},\"thumbnailUrl\":\"https:\\\/\\\/urbeamea.ro\\\/albaiulia\\\/wp-content\\\/uploads\\\/2016\\\/09\\\/radare-politieeee.jpg\",\"datePublished\":\"2017-02-09T09:29:09+00:00\",\"author\":{\"@id\":\"https:\\\/\\\/urbeamea.ro\\\/albaiulia\\\/#\\\/schema\\\/person\\\/9700d21fae21c4f038b0b56f4506264a\"},\"description\":\"Peste 130 de \u015foferi au fost sanc\u0163iona\u0163i, \u00een data de 8 februarie, pentru abateri \u015fi infrac\u0163iuni s\u0103v\u00e2r\u015fite la regimul rutier.\u00a0 De asemenea, oamenii legii au\",\"breadcrumb\":{\"@id\":\"https:\\\/\\\/urbeamea.ro\\\/albaiulia\\\/actiune-ipj-alba-si-rar-peste-130-de-soferi-au-fost-amendati-si-3-de-permise-de-conducere-retinute\\\/#breadcrumb\"},\"inLanguage\":\"ro-RO\",\"potentialAction\":[{\"@type\":\"ReadAction\",\"target\":[\"https:\\\/\\\/urbeamea.ro\\\/albaiulia\\\/actiune-ipj-alba-si-rar-peste-130-de-soferi-au-fost-amendati-si-3-de-permise-de-conducere-retinute\\\/\"]}]},{\"@type\":\"ImageObject\",\"inLanguage\":\"ro-RO\",\"@id\":\"https:\\\/\\\/urbeamea.ro\\\/albaiulia\\\/actiune-ipj-alba-si-rar-peste-130-de-soferi-au-fost-amendati-si-3-de-permise-de-conducere-retinute\\\/#primaryimage\",\"url\":\"https:\\\/\\\/urbeamea.ro\\\/albaiulia\\\/wp-content\\\/uploads\\\/2016\\\/09\\\/radare-politieeee.jpg\",\"contentUrl\":\"https:\\\/\\\/urbeamea.ro\\\/albaiulia\\\/wp-content\\\/uploads\\\/2016\\\/09\\\/radare-politieeee.jpg\",\"width\":940,\"height\":542},{\"@type\":\"BreadcrumbList\",\"@id\":\"https:\\\/\\\/urbeamea.ro\\\/albaiulia\\\/actiune-ipj-alba-si-rar-peste-130-de-soferi-au-fost-amendati-si-3-de-permise-de-conducere-retinute\\\/#breadcrumb\",\"itemListElement\":[{\"@type\":\"ListItem\",\"position\":1,\"name\":\"Prima pagin\u0103\",\"item\":\"https:\\\/\\\/urbeamea.ro\\\/albaiulia\\\/\"},{\"@type\":\"ListItem\",\"position\":2,\"name\":\"Ac\u0163iune IPJ Alba \u015fi RAR: Peste 130 de \u0219oferi au fost amenda\u0163i \u015fi 3 de permise de conducere, re\u021binute\"}]},{\"@type\":\"WebSite\",\"@id\":\"https:\\\/\\\/urbeamea.ro\\\/albaiulia\\\/#website\",\"url\":\"https:\\\/\\\/urbeamea.ro\\\/albaiulia\\\/\",\"name\":\"Revista Urbea Mea, Stiri urbane\",\"description\":\"Evenimente \u0219i \u0219tiri din Alba Iulia, Sebe\u0219, Aiud, Blaj\",\"potentialAction\":[{\"@type\":\"SearchAction\",\"target\":{\"@type\":\"EntryPoint\",\"urlTemplate\":\"https:\\\/\\\/urbeamea.ro\\\/albaiulia\\\/?s={search_term_string}\"},\"query-input\":{\"@type\":\"PropertyValueSpecification\",\"valueRequired\":true,\"valueName\":\"search_term_string\"}}],\"inLanguage\":\"ro-RO\"},{\"@type\":\"Person\",\"@id\":\"https:\\\/\\\/urbeamea.ro\\\/albaiulia\\\/#\\\/schema\\\/person\\\/9700d21fae21c4f038b0b56f4506264a\",\"name\":\"Cristina Ganga\",\"image\":{\"@type\":\"ImageObject\",\"inLanguage\":\"ro-RO\",\"@id\":\"https:\\\/\\\/secure.gravatar.com\\\/avatar\\\/5a67661041f057b4a8ccaf26f5a8e86e2689372006d01faf3dd9eeb10b654bb4?s=96&d=mm&r=g\",\"url\":\"https:\\\/\\\/secure.gravatar.com\\\/avatar\\\/5a67661041f057b4a8ccaf26f5a8e86e2689372006d01faf3dd9eeb10b654bb4?s=96&d=mm&r=g\",\"contentUrl\":\"https:\\\/\\\/secure.gravatar.com\\\/avatar\\\/5a67661041f057b4a8ccaf26f5a8e86e2689372006d01faf3dd9eeb10b654bb4?s=96&d=mm&r=g\",\"caption\":\"Cristina Ganga\"},\"description\":\"Jurnalist\",\"sameAs\":[\"https:\\\/\\\/www.facebook.com\\\/cristina.nicola.587\"],\"url\":\"https:\\\/\\\/urbeamea.ro\\\/albaiulia\\\/author\\\/cristina-nicola\\\/\"}]}<\/script>\n<!-- \/ Yoast SEO plugin. -->","yoast_head_json":{"title":"Ac\u0163iune IPJ Alba \u015fi RAR: Peste 130 de \u0219oferi au fost amenda\u0163i \u015fi 3 de permise de conducere, re\u021binute - Revista Urbea Mea - Revista de Alba","description":"Peste 130 de \u015foferi au fost sanc\u0163iona\u0163i, \u00een data de 8 februarie, pentru abateri \u015fi infrac\u0163iuni s\u0103v\u00e2r\u015fite la regimul rutier.\u00a0 De asemenea, oamenii legii au","robots":{"index":"index","follow":"follow","max-snippet":"max-snippet:-1","max-image-preview":"max-image-preview:large","max-video-preview":"max-video-preview:-1"},"canonical":"https:\/\/urbeamea.ro\/albaiulia\/actiune-ipj-alba-si-rar-peste-130-de-soferi-au-fost-amendati-si-3-de-permise-de-conducere-retinute\/","twitter_card":"summary_large_image","twitter_title":"Ac\u0163iune IPJ Alba \u015fi RAR: Peste 130 de \u0219oferi au fost amenda\u0163i \u015fi 3 de permise de conducere, re\u021binute - Revista Urbea Mea - Revista de Alba","twitter_description":"Peste 130 de \u015foferi au fost sanc\u0163iona\u0163i, \u00een data de 8 februarie, pentru abateri \u015fi infrac\u0163iuni s\u0103v\u00e2r\u015fite la regimul rutier.\u00a0 De asemenea, oamenii legii au","twitter_image":"https:\/\/urbeamea.ro\/albaiulia\/wp-content\/uploads\/2016\/09\/radare-politieeee.jpg","twitter_creator":"@urbeameaweb","twitter_site":"@urbeameaweb","schema":{"@context":"https:\/\/schema.org","@graph":[{"@type":"Article","@id":"https:\/\/urbeamea.ro\/albaiulia\/actiune-ipj-alba-si-rar-peste-130-de-soferi-au-fost-amendati-si-3-de-permise-de-conducere-retinute\/#article","isPartOf":{"@id":"https:\/\/urbeamea.ro\/albaiulia\/actiune-ipj-alba-si-rar-peste-130-de-soferi-au-fost-amendati-si-3-de-permise-de-conducere-retinute\/"},"author":{"name":"Cristina Ganga","@id":"https:\/\/urbeamea.ro\/albaiulia\/#\/schema\/person\/9700d21fae21c4f038b0b56f4506264a"},"headline":"Ac\u0163iune IPJ Alba \u015fi RAR: Peste 130 de \u0219oferi au fost amenda\u0163i \u015fi 3 de permise de conducere, re\u021binute","datePublished":"2017-02-09T09:29:09+00:00","mainEntityOfPage":{"@id":"https:\/\/urbeamea.ro\/albaiulia\/actiune-ipj-alba-si-rar-peste-130-de-soferi-au-fost-amendati-si-3-de-permise-de-conducere-retinute\/"},"wordCount":216,"commentCount":0,"image":{"@id":"https:\/\/urbeamea.ro\/albaiulia\/actiune-ipj-alba-si-rar-peste-130-de-soferi-au-fost-amendati-si-3-de-permise-de-conducere-retinute\/#primaryimage"},"thumbnailUrl":"https:\/\/urbeamea.ro\/albaiulia\/wp-content\/uploads\/2016\/09\/radare-politieeee.jpg","keywords":["alba","certificat de inmatriculare","infractiuni","permise de conducere","politisti","regim rutier","soferi","stiri","Urbea Mea"],"articleSection":["Social"],"inLanguage":"ro-RO","potentialAction":[{"@type":"CommentAction","name":"Comment","target":["https:\/\/urbeamea.ro\/albaiulia\/actiune-ipj-alba-si-rar-peste-130-de-soferi-au-fost-amendati-si-3-de-permise-de-conducere-retinute\/#respond"]}]},{"@type":"WebPage","@id":"https:\/\/urbeamea.ro\/albaiulia\/actiune-ipj-alba-si-rar-peste-130-de-soferi-au-fost-amendati-si-3-de-permise-de-conducere-retinute\/","url":"https:\/\/urbeamea.ro\/albaiulia\/actiune-ipj-alba-si-rar-peste-130-de-soferi-au-fost-amendati-si-3-de-permise-de-conducere-retinute\/","name":"Ac\u0163iune IPJ Alba \u015fi RAR: Peste 130 de \u0219oferi au fost amenda\u0163i \u015fi 3 de permise de conducere, re\u021binute - Revista Urbea Mea - Revista de Alba","isPartOf":{"@id":"https:\/\/urbeamea.ro\/albaiulia\/#website"},"primaryImageOfPage":{"@id":"https:\/\/urbeamea.ro\/albaiulia\/actiune-ipj-alba-si-rar-peste-130-de-soferi-au-fost-amendati-si-3-de-permise-de-conducere-retinute\/#primaryimage"},"image":{"@id":"https:\/\/urbeamea.ro\/albaiulia\/actiune-ipj-alba-si-rar-peste-130-de-soferi-au-fost-amendati-si-3-de-permise-de-conducere-retinute\/#primaryimage"},"thumbnailUrl":"https:\/\/urbeamea.ro\/albaiulia\/wp-content\/uploads\/2016\/09\/radare-politieeee.jpg","datePublished":"2017-02-09T09:29:09+00:00","author":{"@id":"https:\/\/urbeamea.ro\/albaiulia\/#\/schema\/person\/9700d21fae21c4f038b0b56f4506264a"},"description":"Peste 130 de \u015foferi au fost sanc\u0163iona\u0163i, \u00een data de 8 februarie, pentru abateri \u015fi infrac\u0163iuni s\u0103v\u00e2r\u015fite la regimul rutier.\u00a0 De asemenea, oamenii legii au","breadcrumb":{"@id":"https:\/\/urbeamea.ro\/albaiulia\/actiune-ipj-alba-si-rar-peste-130-de-soferi-au-fost-amendati-si-3-de-permise-de-conducere-retinute\/#breadcrumb"},"inLanguage":"ro-RO","potentialAction":[{"@type":"ReadAction","target":["https:\/\/urbeamea.ro\/albaiulia\/actiune-ipj-alba-si-rar-peste-130-de-soferi-au-fost-amendati-si-3-de-permise-de-conducere-retinute\/"]}]},{"@type":"ImageObject","inLanguage":"ro-RO","@id":"https:\/\/urbeamea.ro\/albaiulia\/actiune-ipj-alba-si-rar-peste-130-de-soferi-au-fost-amendati-si-3-de-permise-de-conducere-retinute\/#primaryimage","url":"https:\/\/urbeamea.ro\/albaiulia\/wp-content\/uploads\/2016\/09\/radare-politieeee.jpg","contentUrl":"https:\/\/urbeamea.ro\/albaiulia\/wp-content\/uploads\/2016\/09\/radare-politieeee.jpg","width":940,"height":542},{"@type":"BreadcrumbList","@id":"https:\/\/urbeamea.ro\/albaiulia\/actiune-ipj-alba-si-rar-peste-130-de-soferi-au-fost-amendati-si-3-de-permise-de-conducere-retinute\/#breadcrumb","itemListElement":[{"@type":"ListItem","position":1,"name":"Prima pagin\u0103","item":"https:\/\/urbeamea.ro\/albaiulia\/"},{"@type":"ListItem","position":2,"name":"Ac\u0163iune IPJ Alba \u015fi RAR: Peste 130 de \u0219oferi au fost amenda\u0163i \u015fi 3 de permise de conducere, re\u021binute"}]},{"@type":"WebSite","@id":"https:\/\/urbeamea.ro\/albaiulia\/#website","url":"https:\/\/urbeamea.ro\/albaiulia\/","name":"Revista Urbea Mea, Stiri urbane","description":"Evenimente \u0219i \u0219tiri din Alba Iulia, Sebe\u0219, Aiud, Blaj","potentialAction":[{"@type":"SearchAction","target":{"@type":"EntryPoint","urlTemplate":"https:\/\/urbeamea.ro\/albaiulia\/?s={search_term_string}"},"query-input":{"@type":"PropertyValueSpecification","valueRequired":true,"valueName":"search_term_string"}}],"inLanguage":"ro-RO"},{"@type":"Person","@id":"https:\/\/urbeamea.ro\/albaiulia\/#\/schema\/person\/9700d21fae21c4f038b0b56f4506264a","name":"Cristina Ganga","image":{"@type":"ImageObject","inLanguage":"ro-RO","@id":"https:\/\/secure.gravatar.com\/avatar\/5a67661041f057b4a8ccaf26f5a8e86e2689372006d01faf3dd9eeb10b654bb4?s=96&d=mm&r=g","url":"https:\/\/secure.gravatar.com\/avatar\/5a67661041f057b4a8ccaf26f5a8e86e2689372006d01faf3dd9eeb10b654bb4?s=96&d=mm&r=g","contentUrl":"https:\/\/secure.gravatar.com\/avatar\/5a67661041f057b4a8ccaf26f5a8e86e2689372006d01faf3dd9eeb10b654bb4?s=96&d=mm&r=g","caption":"Cristina Ganga"},"description":"Jurnalist","sameAs":["https:\/\/www.facebook.com\/cristina.nicola.587"],"url":"https:\/\/urbeamea.ro\/albaiulia\/author\/cristina-nicola\/"}]}},"_links":{"self":[{"href":"https:\/\/urbeamea.ro\/albaiulia\/wp-json\/wp\/v2\/posts\/39723","targetHints":{"allow":["GET"]}}],"collection":[{"href":"https:\/\/urbeamea.ro\/albaiulia\/wp-json\/wp\/v2\/posts"}],"about":[{"href":"https:\/\/urbeamea.ro\/albaiulia\/wp-json\/wp\/v2\/types\/post"}],"author":[{"embeddable":true,"href":"https:\/\/urbeamea.ro\/albaiulia\/wp-json\/wp\/v2\/users\/17"}],"replies":[{"embeddable":true,"href":"https:\/\/urbeamea.ro\/albaiulia\/wp-json\/wp\/v2\/comments?post=39723"}],"version-history":[{"count":0,"href":"https:\/\/urbeamea.ro\/albaiulia\/wp-json\/wp\/v2\/posts\/39723\/revisions"}],"wp:featuredmedia":[{"embeddable":true,"href":"https:\/\/urbeamea.ro\/albaiulia\/wp-json\/wp\/v2\/media\/32255"}],"wp:attachment":[{"href":"https:\/\/urbeamea.ro\/albaiulia\/wp-json\/wp\/v2\/media?parent=39723"}],"wp:term":[{"taxonomy":"category","embeddable":true,"href":"https:\/\/urbeamea.ro\/albaiulia\/wp-json\/wp\/v2\/categories?post=39723"},{"taxonomy":"post_tag","embeddable":true,"href":"https:\/\/urbeamea.ro\/albaiulia\/wp-json\/wp\/v2\/tags?post=39723"}],"curies":[{"name":"wp","href":"https:\/\/api.w.org\/{rel}","templated":true}]}}