{"id":39727,"date":"2017-02-09T11:41:50","date_gmt":"2017-02-09T09:41:50","guid":{"rendered":"http:\/\/urbeamea.ro\/albaiulia\/?p=39727"},"modified":"2017-02-09T11:41:50","modified_gmt":"2017-02-09T09:41:50","slug":"trei-barbati-din-alba-cercetati-penal-pentru-infractiuni-rutiere","status":"publish","type":"post","link":"https:\/\/urbeamea.ro\/albaiulia\/trei-barbati-din-alba-cercetati-penal-pentru-infractiuni-rutiere\/","title":{"rendered":"Trei b\u0103rba\u0163i din Alba, cerceta\u0163i penal pentru infrac\u0163iuni rutiere"},"content":{"rendered":"<p lang=\"ro-RO\" align=\"JUSTIFY\"><strong>Trei b\u0103rba\u0163i din Cut, Teiu\u0219 \u0219i S\u0103li\u0219tea sunt cerceta\u0163i penal, dup\u0103 ce au fost depista\u021bi de poli\u021bi\u0219tii din Alba, conduc\u00e2nd sub influen\u0163a alcoolului, f\u0103r\u0103 permis sau la volanul unor autovehicule ne\u00eenmatriculate.<\/strong><\/p>\n<p align=\"JUSTIFY\"><span lang=\"ro-RO\">Potrivit IPJ Alba, miercuri<\/span><span lang=\"ro-RO\">, \u00een jurul orei 16.49, poli\u0163i\u015ftii de siguran\u021b\u0103 public\u0103 din cadrul Sec\u021biei de Poli\u021bie Rural\u0103 Sebe\u0219 l-au depistat pe B.O. de 46 de ani, din comuna Cut, jude\u0163ul Alba, \u00een timp ce conducea un autoturism, pe strada <\/span><span lang=\"ro-RO\">Principal\u0103 din Cut, fiind sub influen\u0163a b\u0103uturilor alcoolice.<\/span><\/p>\n<p align=\"JUSTIFY\"><span lang=\"ro-RO\">\u00cen urma test\u0103rii conduc\u0103torului auto cu aparatul etilotest, a rezultat valoarea de <\/span><span lang=\"ro-RO\">0,56<\/span> <span lang=\"ro-RO\">mg\/l alcool pur \u00een aerul expirat, motiv pentru care a fost condus la spitalul din Sebe\u015f unde i-au fost recoltate mostre de s\u00e2nge, \u00een vederea stabilirii alcoolemiei.<\/span><\/p>\n<p align=\"JUSTIFY\"><span lang=\"ro-RO\">Fa\u0163\u0103 de B.O., cercet\u0103rile sunt continuate sub aspectul comiterii infrac\u021biunii de <\/span><span lang=\"ro-RO\">conducere sub influen\u0163a alcoolului. <\/span><\/p>\n<p align=\"JUSTIFY\"><span lang=\"ro-RO\">La data de 8 februarie, \u00een jurul orei 18.10, poli\u0163i\u015ftii Sec\u021biei de Politie Rural\u0103 Blaj l-au depistat, pe DN 14B, pe un b\u0103rbat de 29 de ani, din ora\u015ful Teiu\u015f, jude\u0163ul Alba, \u00een timp ce conducea, un autoturism f\u0103r\u0103 a de\u0163ine permis de conducere<\/span> <span lang=\"ro-RO\">pentru nici o categorie de autovehicule.<\/span><\/p>\n<p align=\"JUSTIFY\"><span lang=\"ro-RO\">Fa\u0163\u0103 de conduc\u0103torul auto a fost \u00eentocmit dosar penal \u00een care este cercetat sub aspectul comiterii infrac\u0163iunii de <\/span><span lang=\"ro-RO\">conducerea pe drumurile publice a unui autovehicul f\u0103r\u0103 a poseda permis de conducere. <\/span><\/p>\n<p align=\"JUSTIFY\"><span lang=\"ro-RO\">La data de 8 februarie, \u00een jurul orei 9.45, poli\u0163i\u015ftii Sec\u021biei de Politie Rural\u0103 Vin\u021bu de Jos l-au depistat pe un b\u0103rbat de 36 de ani, din comuna S\u0103li\u015ftea, jude\u0163ul Alba, \u00een timp ce conducea, pe raza localit\u0103\u0163ii, un autoturism al c\u0103rui num\u0103r provizoriu de circula\u0163ie era expirat. <\/span><\/p>\n<p align=\"JUSTIFY\"><span lang=\"ro-RO\">Fa\u0163\u0103 de conduc\u0103torul auto a fost \u00eentocmit dosar penal \u00een care este cercetat sub aspectul comiterii infrac\u0163iunii de <\/span><span lang=\"ro-RO\">conducere, pe drumurile publice, a unui autovehicul ne\u00eenmatriculat. <\/span><\/p>\n","protected":false},"excerpt":{"rendered":"<p>Trei b\u0103rba\u0163i din Cut, Teiu\u0219 \u0219i S\u0103li\u0219tea sunt cerceta\u0163i penal, dup\u0103 ce au fost depista\u021bi de poli\u021bi\u0219tii din Alba, conduc\u00e2nd sub influen\u0163a alcoolului, f\u0103r\u0103 permis sau la volanul unor autovehicule ne\u00eenmatriculate. Potrivit IPJ Alba, miercuri, \u00een jurul orei 16.49, poli\u0163i\u015ftii de siguran\u021b\u0103 public\u0103 din cadrul Sec\u021biei de Poli\u021bie Rural\u0103 Sebe\u0219 l-au depistat pe B.O. de &hellip;<\/p>\n","protected":false},"author":17,"featured_media":39615,"comment_status":"open","ping_status":"open","sticky":false,"template":"","format":"standard","meta":{"inline_featured_image":false,"footnotes":""},"categories":[2034],"tags":[307,1364,3896,3212,6116,401,458,3499,308,2419,76],"class_list":["post-39727","post","type-post","status-publish","format-standard","has-post-thumbnail","hentry","category-social","tag-alba","tag-alcool","tag-autovehicule-neinmatriculate","tag-cercetati-penal","tag-cut","tag-permis-de-conducere","tag-politisti","tag-salistea","tag-stiri","tag-teius","tag-urbea-mea"],"yoast_head":"<!-- This site is optimized with the Yoast SEO plugin v27.4 - https:\/\/yoast.com\/product\/yoast-seo-wordpress\/ -->\n<title>Trei b\u0103rba\u0163i din Alba, cerceta\u0163i penal pentru infrac\u0163iuni rutiere - Revista Urbea Mea - Revista de Alba<\/title>\n<meta name=\"description\" content=\"Trei b\u0103rba\u0163i din Cut, Teiu\u0219 \u0219i S\u0103li\u0219tea sunt cerceta\u0163i penal, dup\u0103 ce au fost depista\u021bi de poli\u021bi\u0219tii din Alba, conduc\u00e2nd sub influen\u0163a alcoolului, f\u0103r\u0103\" \/>\n<meta name=\"robots\" content=\"index, follow, max-snippet:-1, max-image-preview:large, max-video-preview:-1\" \/>\n<link rel=\"canonical\" href=\"https:\/\/urbeamea.ro\/albaiulia\/trei-barbati-din-alba-cercetati-penal-pentru-infractiuni-rutiere\/\" \/>\n<meta name=\"twitter:card\" content=\"summary_large_image\" \/>\n<meta name=\"twitter:title\" content=\"Trei b\u0103rba\u0163i din Alba, cerceta\u0163i penal pentru infrac\u0163iuni rutiere - Revista Urbea Mea - Revista de Alba\" \/>\n<meta name=\"twitter:description\" content=\"Trei b\u0103rba\u0163i din Cut, Teiu\u0219 \u0219i S\u0103li\u0219tea sunt cerceta\u0163i penal, dup\u0103 ce au fost depista\u021bi de poli\u021bi\u0219tii din Alba, conduc\u00e2nd sub influen\u0163a alcoolului, f\u0103r\u0103\" \/>\n<meta name=\"twitter:image\" content=\"https:\/\/urbeamea.ro\/albaiulia\/wp-content\/uploads\/2017\/02\/radare-politie.jpg\" \/>\n<meta name=\"twitter:creator\" content=\"@urbeameaweb\" \/>\n<meta name=\"twitter:site\" content=\"@urbeameaweb\" \/>\n<script type=\"application\/ld+json\" class=\"yoast-schema-graph\">{\"@context\":\"https:\\\/\\\/schema.org\",\"@graph\":[{\"@type\":\"Article\",\"@id\":\"https:\\\/\\\/urbeamea.ro\\\/albaiulia\\\/trei-barbati-din-alba-cercetati-penal-pentru-infractiuni-rutiere\\\/#article\",\"isPartOf\":{\"@id\":\"https:\\\/\\\/urbeamea.ro\\\/albaiulia\\\/trei-barbati-din-alba-cercetati-penal-pentru-infractiuni-rutiere\\\/\"},\"author\":{\"name\":\"Cristina Ganga\",\"@id\":\"https:\\\/\\\/urbeamea.ro\\\/albaiulia\\\/#\\\/schema\\\/person\\\/9700d21fae21c4f038b0b56f4506264a\"},\"headline\":\"Trei b\u0103rba\u0163i din Alba, cerceta\u0163i penal pentru infrac\u0163iuni rutiere\",\"datePublished\":\"2017-02-09T09:41:50+00:00\",\"mainEntityOfPage\":{\"@id\":\"https:\\\/\\\/urbeamea.ro\\\/albaiulia\\\/trei-barbati-din-alba-cercetati-penal-pentru-infractiuni-rutiere\\\/\"},\"wordCount\":347,\"commentCount\":0,\"image\":{\"@id\":\"https:\\\/\\\/urbeamea.ro\\\/albaiulia\\\/trei-barbati-din-alba-cercetati-penal-pentru-infractiuni-rutiere\\\/#primaryimage\"},\"thumbnailUrl\":\"https:\\\/\\\/urbeamea.ro\\\/albaiulia\\\/wp-content\\\/uploads\\\/2017\\\/02\\\/radare-politie.jpg\",\"keywords\":[\"alba\",\"alcool\",\"autovehicule neinmatriculate\",\"cercetati penal\",\"cut\",\"permis de conducere\",\"politisti\",\"salistea\",\"stiri\",\"teius\",\"Urbea Mea\"],\"articleSection\":[\"Social\"],\"inLanguage\":\"ro-RO\",\"potentialAction\":[{\"@type\":\"CommentAction\",\"name\":\"Comment\",\"target\":[\"https:\\\/\\\/urbeamea.ro\\\/albaiulia\\\/trei-barbati-din-alba-cercetati-penal-pentru-infractiuni-rutiere\\\/#respond\"]}]},{\"@type\":\"WebPage\",\"@id\":\"https:\\\/\\\/urbeamea.ro\\\/albaiulia\\\/trei-barbati-din-alba-cercetati-penal-pentru-infractiuni-rutiere\\\/\",\"url\":\"https:\\\/\\\/urbeamea.ro\\\/albaiulia\\\/trei-barbati-din-alba-cercetati-penal-pentru-infractiuni-rutiere\\\/\",\"name\":\"Trei b\u0103rba\u0163i din Alba, cerceta\u0163i penal pentru infrac\u0163iuni rutiere - Revista Urbea Mea - Revista de Alba\",\"isPartOf\":{\"@id\":\"https:\\\/\\\/urbeamea.ro\\\/albaiulia\\\/#website\"},\"primaryImageOfPage\":{\"@id\":\"https:\\\/\\\/urbeamea.ro\\\/albaiulia\\\/trei-barbati-din-alba-cercetati-penal-pentru-infractiuni-rutiere\\\/#primaryimage\"},\"image\":{\"@id\":\"https:\\\/\\\/urbeamea.ro\\\/albaiulia\\\/trei-barbati-din-alba-cercetati-penal-pentru-infractiuni-rutiere\\\/#primaryimage\"},\"thumbnailUrl\":\"https:\\\/\\\/urbeamea.ro\\\/albaiulia\\\/wp-content\\\/uploads\\\/2017\\\/02\\\/radare-politie.jpg\",\"datePublished\":\"2017-02-09T09:41:50+00:00\",\"author\":{\"@id\":\"https:\\\/\\\/urbeamea.ro\\\/albaiulia\\\/#\\\/schema\\\/person\\\/9700d21fae21c4f038b0b56f4506264a\"},\"description\":\"Trei b\u0103rba\u0163i din Cut, Teiu\u0219 \u0219i S\u0103li\u0219tea sunt cerceta\u0163i penal, dup\u0103 ce au fost depista\u021bi de poli\u021bi\u0219tii din Alba, conduc\u00e2nd sub influen\u0163a alcoolului, f\u0103r\u0103\",\"breadcrumb\":{\"@id\":\"https:\\\/\\\/urbeamea.ro\\\/albaiulia\\\/trei-barbati-din-alba-cercetati-penal-pentru-infractiuni-rutiere\\\/#breadcrumb\"},\"inLanguage\":\"ro-RO\",\"potentialAction\":[{\"@type\":\"ReadAction\",\"target\":[\"https:\\\/\\\/urbeamea.ro\\\/albaiulia\\\/trei-barbati-din-alba-cercetati-penal-pentru-infractiuni-rutiere\\\/\"]}]},{\"@type\":\"ImageObject\",\"inLanguage\":\"ro-RO\",\"@id\":\"https:\\\/\\\/urbeamea.ro\\\/albaiulia\\\/trei-barbati-din-alba-cercetati-penal-pentru-infractiuni-rutiere\\\/#primaryimage\",\"url\":\"https:\\\/\\\/urbeamea.ro\\\/albaiulia\\\/wp-content\\\/uploads\\\/2017\\\/02\\\/radare-politie.jpg\",\"contentUrl\":\"https:\\\/\\\/urbeamea.ro\\\/albaiulia\\\/wp-content\\\/uploads\\\/2017\\\/02\\\/radare-politie.jpg\",\"width\":620,\"height\":348},{\"@type\":\"BreadcrumbList\",\"@id\":\"https:\\\/\\\/urbeamea.ro\\\/albaiulia\\\/trei-barbati-din-alba-cercetati-penal-pentru-infractiuni-rutiere\\\/#breadcrumb\",\"itemListElement\":[{\"@type\":\"ListItem\",\"position\":1,\"name\":\"Prima pagin\u0103\",\"item\":\"https:\\\/\\\/urbeamea.ro\\\/albaiulia\\\/\"},{\"@type\":\"ListItem\",\"position\":2,\"name\":\"Trei b\u0103rba\u0163i din Alba, cerceta\u0163i penal pentru infrac\u0163iuni rutiere\"}]},{\"@type\":\"WebSite\",\"@id\":\"https:\\\/\\\/urbeamea.ro\\\/albaiulia\\\/#website\",\"url\":\"https:\\\/\\\/urbeamea.ro\\\/albaiulia\\\/\",\"name\":\"Revista Urbea Mea, Stiri urbane\",\"description\":\"Evenimente \u0219i \u0219tiri din Alba Iulia, Sebe\u0219, Aiud, Blaj\",\"potentialAction\":[{\"@type\":\"SearchAction\",\"target\":{\"@type\":\"EntryPoint\",\"urlTemplate\":\"https:\\\/\\\/urbeamea.ro\\\/albaiulia\\\/?s={search_term_string}\"},\"query-input\":{\"@type\":\"PropertyValueSpecification\",\"valueRequired\":true,\"valueName\":\"search_term_string\"}}],\"inLanguage\":\"ro-RO\"},{\"@type\":\"Person\",\"@id\":\"https:\\\/\\\/urbeamea.ro\\\/albaiulia\\\/#\\\/schema\\\/person\\\/9700d21fae21c4f038b0b56f4506264a\",\"name\":\"Cristina Ganga\",\"image\":{\"@type\":\"ImageObject\",\"inLanguage\":\"ro-RO\",\"@id\":\"https:\\\/\\\/secure.gravatar.com\\\/avatar\\\/5a67661041f057b4a8ccaf26f5a8e86e2689372006d01faf3dd9eeb10b654bb4?s=96&d=mm&r=g\",\"url\":\"https:\\\/\\\/secure.gravatar.com\\\/avatar\\\/5a67661041f057b4a8ccaf26f5a8e86e2689372006d01faf3dd9eeb10b654bb4?s=96&d=mm&r=g\",\"contentUrl\":\"https:\\\/\\\/secure.gravatar.com\\\/avatar\\\/5a67661041f057b4a8ccaf26f5a8e86e2689372006d01faf3dd9eeb10b654bb4?s=96&d=mm&r=g\",\"caption\":\"Cristina Ganga\"},\"description\":\"Jurnalist\",\"sameAs\":[\"https:\\\/\\\/www.facebook.com\\\/cristina.nicola.587\"],\"url\":\"https:\\\/\\\/urbeamea.ro\\\/albaiulia\\\/author\\\/cristina-nicola\\\/\"}]}<\/script>\n<!-- \/ Yoast SEO plugin. -->","yoast_head_json":{"title":"Trei b\u0103rba\u0163i din Alba, cerceta\u0163i penal pentru infrac\u0163iuni rutiere - Revista Urbea Mea - Revista de Alba","description":"Trei b\u0103rba\u0163i din Cut, Teiu\u0219 \u0219i S\u0103li\u0219tea sunt cerceta\u0163i penal, dup\u0103 ce au fost depista\u021bi de poli\u021bi\u0219tii din Alba, conduc\u00e2nd sub influen\u0163a alcoolului, f\u0103r\u0103","robots":{"index":"index","follow":"follow","max-snippet":"max-snippet:-1","max-image-preview":"max-image-preview:large","max-video-preview":"max-video-preview:-1"},"canonical":"https:\/\/urbeamea.ro\/albaiulia\/trei-barbati-din-alba-cercetati-penal-pentru-infractiuni-rutiere\/","twitter_card":"summary_large_image","twitter_title":"Trei b\u0103rba\u0163i din Alba, cerceta\u0163i penal pentru infrac\u0163iuni rutiere - Revista Urbea Mea - Revista de Alba","twitter_description":"Trei b\u0103rba\u0163i din Cut, Teiu\u0219 \u0219i S\u0103li\u0219tea sunt cerceta\u0163i penal, dup\u0103 ce au fost depista\u021bi de poli\u021bi\u0219tii din Alba, conduc\u00e2nd sub influen\u0163a alcoolului, f\u0103r\u0103","twitter_image":"https:\/\/urbeamea.ro\/albaiulia\/wp-content\/uploads\/2017\/02\/radare-politie.jpg","twitter_creator":"@urbeameaweb","twitter_site":"@urbeameaweb","schema":{"@context":"https:\/\/schema.org","@graph":[{"@type":"Article","@id":"https:\/\/urbeamea.ro\/albaiulia\/trei-barbati-din-alba-cercetati-penal-pentru-infractiuni-rutiere\/#article","isPartOf":{"@id":"https:\/\/urbeamea.ro\/albaiulia\/trei-barbati-din-alba-cercetati-penal-pentru-infractiuni-rutiere\/"},"author":{"name":"Cristina Ganga","@id":"https:\/\/urbeamea.ro\/albaiulia\/#\/schema\/person\/9700d21fae21c4f038b0b56f4506264a"},"headline":"Trei b\u0103rba\u0163i din Alba, cerceta\u0163i penal pentru infrac\u0163iuni rutiere","datePublished":"2017-02-09T09:41:50+00:00","mainEntityOfPage":{"@id":"https:\/\/urbeamea.ro\/albaiulia\/trei-barbati-din-alba-cercetati-penal-pentru-infractiuni-rutiere\/"},"wordCount":347,"commentCount":0,"image":{"@id":"https:\/\/urbeamea.ro\/albaiulia\/trei-barbati-din-alba-cercetati-penal-pentru-infractiuni-rutiere\/#primaryimage"},"thumbnailUrl":"https:\/\/urbeamea.ro\/albaiulia\/wp-content\/uploads\/2017\/02\/radare-politie.jpg","keywords":["alba","alcool","autovehicule neinmatriculate","cercetati penal","cut","permis de conducere","politisti","salistea","stiri","teius","Urbea Mea"],"articleSection":["Social"],"inLanguage":"ro-RO","potentialAction":[{"@type":"CommentAction","name":"Comment","target":["https:\/\/urbeamea.ro\/albaiulia\/trei-barbati-din-alba-cercetati-penal-pentru-infractiuni-rutiere\/#respond"]}]},{"@type":"WebPage","@id":"https:\/\/urbeamea.ro\/albaiulia\/trei-barbati-din-alba-cercetati-penal-pentru-infractiuni-rutiere\/","url":"https:\/\/urbeamea.ro\/albaiulia\/trei-barbati-din-alba-cercetati-penal-pentru-infractiuni-rutiere\/","name":"Trei b\u0103rba\u0163i din Alba, cerceta\u0163i penal pentru infrac\u0163iuni rutiere - Revista Urbea Mea - Revista de Alba","isPartOf":{"@id":"https:\/\/urbeamea.ro\/albaiulia\/#website"},"primaryImageOfPage":{"@id":"https:\/\/urbeamea.ro\/albaiulia\/trei-barbati-din-alba-cercetati-penal-pentru-infractiuni-rutiere\/#primaryimage"},"image":{"@id":"https:\/\/urbeamea.ro\/albaiulia\/trei-barbati-din-alba-cercetati-penal-pentru-infractiuni-rutiere\/#primaryimage"},"thumbnailUrl":"https:\/\/urbeamea.ro\/albaiulia\/wp-content\/uploads\/2017\/02\/radare-politie.jpg","datePublished":"2017-02-09T09:41:50+00:00","author":{"@id":"https:\/\/urbeamea.ro\/albaiulia\/#\/schema\/person\/9700d21fae21c4f038b0b56f4506264a"},"description":"Trei b\u0103rba\u0163i din Cut, Teiu\u0219 \u0219i S\u0103li\u0219tea sunt cerceta\u0163i penal, dup\u0103 ce au fost depista\u021bi de poli\u021bi\u0219tii din Alba, conduc\u00e2nd sub influen\u0163a alcoolului, f\u0103r\u0103","breadcrumb":{"@id":"https:\/\/urbeamea.ro\/albaiulia\/trei-barbati-din-alba-cercetati-penal-pentru-infractiuni-rutiere\/#breadcrumb"},"inLanguage":"ro-RO","potentialAction":[{"@type":"ReadAction","target":["https:\/\/urbeamea.ro\/albaiulia\/trei-barbati-din-alba-cercetati-penal-pentru-infractiuni-rutiere\/"]}]},{"@type":"ImageObject","inLanguage":"ro-RO","@id":"https:\/\/urbeamea.ro\/albaiulia\/trei-barbati-din-alba-cercetati-penal-pentru-infractiuni-rutiere\/#primaryimage","url":"https:\/\/urbeamea.ro\/albaiulia\/wp-content\/uploads\/2017\/02\/radare-politie.jpg","contentUrl":"https:\/\/urbeamea.ro\/albaiulia\/wp-content\/uploads\/2017\/02\/radare-politie.jpg","width":620,"height":348},{"@type":"BreadcrumbList","@id":"https:\/\/urbeamea.ro\/albaiulia\/trei-barbati-din-alba-cercetati-penal-pentru-infractiuni-rutiere\/#breadcrumb","itemListElement":[{"@type":"ListItem","position":1,"name":"Prima pagin\u0103","item":"https:\/\/urbeamea.ro\/albaiulia\/"},{"@type":"ListItem","position":2,"name":"Trei b\u0103rba\u0163i din Alba, cerceta\u0163i penal pentru infrac\u0163iuni rutiere"}]},{"@type":"WebSite","@id":"https:\/\/urbeamea.ro\/albaiulia\/#website","url":"https:\/\/urbeamea.ro\/albaiulia\/","name":"Revista Urbea Mea, Stiri urbane","description":"Evenimente \u0219i \u0219tiri din Alba Iulia, Sebe\u0219, Aiud, Blaj","potentialAction":[{"@type":"SearchAction","target":{"@type":"EntryPoint","urlTemplate":"https:\/\/urbeamea.ro\/albaiulia\/?s={search_term_string}"},"query-input":{"@type":"PropertyValueSpecification","valueRequired":true,"valueName":"search_term_string"}}],"inLanguage":"ro-RO"},{"@type":"Person","@id":"https:\/\/urbeamea.ro\/albaiulia\/#\/schema\/person\/9700d21fae21c4f038b0b56f4506264a","name":"Cristina Ganga","image":{"@type":"ImageObject","inLanguage":"ro-RO","@id":"https:\/\/secure.gravatar.com\/avatar\/5a67661041f057b4a8ccaf26f5a8e86e2689372006d01faf3dd9eeb10b654bb4?s=96&d=mm&r=g","url":"https:\/\/secure.gravatar.com\/avatar\/5a67661041f057b4a8ccaf26f5a8e86e2689372006d01faf3dd9eeb10b654bb4?s=96&d=mm&r=g","contentUrl":"https:\/\/secure.gravatar.com\/avatar\/5a67661041f057b4a8ccaf26f5a8e86e2689372006d01faf3dd9eeb10b654bb4?s=96&d=mm&r=g","caption":"Cristina Ganga"},"description":"Jurnalist","sameAs":["https:\/\/www.facebook.com\/cristina.nicola.587"],"url":"https:\/\/urbeamea.ro\/albaiulia\/author\/cristina-nicola\/"}]}},"_links":{"self":[{"href":"https:\/\/urbeamea.ro\/albaiulia\/wp-json\/wp\/v2\/posts\/39727","targetHints":{"allow":["GET"]}}],"collection":[{"href":"https:\/\/urbeamea.ro\/albaiulia\/wp-json\/wp\/v2\/posts"}],"about":[{"href":"https:\/\/urbeamea.ro\/albaiulia\/wp-json\/wp\/v2\/types\/post"}],"author":[{"embeddable":true,"href":"https:\/\/urbeamea.ro\/albaiulia\/wp-json\/wp\/v2\/users\/17"}],"replies":[{"embeddable":true,"href":"https:\/\/urbeamea.ro\/albaiulia\/wp-json\/wp\/v2\/comments?post=39727"}],"version-history":[{"count":0,"href":"https:\/\/urbeamea.ro\/albaiulia\/wp-json\/wp\/v2\/posts\/39727\/revisions"}],"wp:featuredmedia":[{"embeddable":true,"href":"https:\/\/urbeamea.ro\/albaiulia\/wp-json\/wp\/v2\/media\/39615"}],"wp:attachment":[{"href":"https:\/\/urbeamea.ro\/albaiulia\/wp-json\/wp\/v2\/media?parent=39727"}],"wp:term":[{"taxonomy":"category","embeddable":true,"href":"https:\/\/urbeamea.ro\/albaiulia\/wp-json\/wp\/v2\/categories?post=39727"},{"taxonomy":"post_tag","embeddable":true,"href":"https:\/\/urbeamea.ro\/albaiulia\/wp-json\/wp\/v2\/tags?post=39727"}],"curies":[{"name":"wp","href":"https:\/\/api.w.org\/{rel}","templated":true}]}}