{"id":40148,"date":"2017-02-18T19:30:12","date_gmt":"2017-02-18T17:30:12","guid":{"rendered":"http:\/\/urbeamea.ro\/albaiulia\/?p=40148"},"modified":"2017-02-18T19:30:12","modified_gmt":"2017-02-18T17:30:12","slug":"foto-s-a-dat-startul-stagiului-national-de-de-formare-al-unitatilor-canine-de-interventie-la-avalansa-la-care-participa-si-albaiulianul-tiberiu-krizbai-si-catelusa-yukanna-mediguard","status":"publish","type":"post","link":"https:\/\/urbeamea.ro\/albaiulia\/foto-s-a-dat-startul-stagiului-national-de-de-formare-al-unitatilor-canine-de-interventie-la-avalansa-la-care-participa-si-albaiulianul-tiberiu-krizbai-si-catelusa-yukanna-mediguard\/","title":{"rendered":"FOTO: S-a dat startul Stagiului Na\u0163ional de de Formare al Unit\u0103\u021bilor Canine de Interven\u021bie la Avalan\u0219\u0103, la care particip\u0103 \u015fi albaiulianul Tiberiu Krizbai \u015fi c\u0103\u0163elu\u015fa Yukan\u2019na Mediguard"},"content":{"rendered":"<div class=\"article-content-text\">\n<p><strong>\u00cen perioada 17-26 februarie, la Cabana Capra Transf\u0103g\u0103r\u0103\u0219an, la o altitudine de 1.650 metri, se va desf\u0103\u0219ura Stagiul Na\u021bional de Formare al Unit\u0103\u021bilor Canine de Interven\u021bie la Avalan\u0219\u0103, form\u0103 de specializare \u00een meseria de salvator montan, stagiu la care va participa \u015fi salvamontistul\u00a0 din Alba Iulia, Tiberiu Krizbai \u015fi c\u0103\u0163elu\u015fa Yukan\u2019na Mediguard.<br \/>\n<\/strong><\/p>\n<p>Pe parcursul a zece zile, unitatea canin\u0103 (conductor + c\u00e2ine) va trebui s\u0103 progreseze \u00een a\u0219a fel \u00eenc\u00e2t la examenul final, va dovedi capabilitatea accesului oriunde \u00een zona montan\u0103, va executa misiunea de salvare prin g\u0103sirea a minimum dou\u0103 victime umane \u00eengropate \u00een z\u0103pad\u0103, dup\u0103 care va ar\u0103ta c\u0103 se poate retrage \u00een siguran\u021b\u0103. Probele de acces vor con\u021bine schiul de tur\u0103, rapelul pe st\u00e2nc\u0103 \u0219i\/sau ghea\u021b\u0103, precum \u0219i alte situa\u021bii care pot fi \u00eent\u00e2lnite \u00een timpul unei ac\u021biuni de salvare. Unit\u0103\u021bile canine candidate sunt cele care au trecut evaluarea cu caracter obligatoriu \u0219i eliminatoriu, \u00een perioada 20-22 ianuarie, la Cota 2000 Transf\u0103g\u0103r\u0103\u0219an.<\/p>\n<p>Astfel, participa pentru brevetare, echipaje din Alba, Bac\u0103u \u0219i Gorj. Vor fi prezente pentru preg\u0103tirea pentru stagiul de anul viitor, echipaje din Suceava, Cara\u0219 Severin, Bihor \u0219i Hunedoara. \u00cen ultimele trei zile ale \u0219colii, se va sus\u021bine \u0219i examenul de reconfirmare a brevetelor ob\u021binute \u00een anii trecu\u021bi, de c\u0103tre toate unit\u0103\u021bile canine de avalan\u0219\u0103 din Rom\u00e2nia. Pentru reconfirmarea brevetelor se vor prezenta unit\u0103\u021bile canine din Arge\u0219, Mure\u0219, Cara\u0219 Severin, Sibiu \u0219i Suceava.<\/p>\n<p>Reamintim faptul c\u0103, \u00een data de 8 februarie 2017 a fost semnat un protocol de colaborare \u00eentre Departamentul pentru Situa\u021bii de Urgen\u021b\u0103 \u0219i Asocia\u021bia Na\u021bional\u0103 a Salvatorilor Montani din Rom\u00e2nia, care vizeaz\u0103 cooperarea \u00een domeniul unit\u0103\u021bilor canine de avalan\u0219\u0103 \u0219i c\u0103utare r\u0103t\u0103ci\u021bi \u0219i disp\u0103ru\u021bi. Responsabil pentru derularea protocolului, este directorul Salvamont Arge\u0219.<\/p>\n<p>Protocolul vizeaz\u0103 chiar \u0219i sprijinerea material\u0103 a unit\u0103\u021bilor canine prin furnizarea de echipament specific \u0219i autoutilitare speciale 4&#215;4, \u00een momentul \u00een care acestea vor putea fi procurate. Acest protocol este, \u00een mod indirect, o recunoa\u0219tere a activit\u0103\u021bii Salvamont Arge\u0219, care este cel care a \u00eenfiin\u021bat sistemul canin \u00een Salvamontul din Rom\u00e2nia, \u00een urma transferului de cuno\u0219tin\u021be realizat \u00een cadrul cooperarii Consiliului Jude\u021bean Arge\u0219 cu Departamentul Savoia din Fran\u021ba.<\/p>\n<p>De asemenea, reamintim faptul c\u0103 Tiberiu Krizbai, salvamontistul din Alba Iulia \u015fi c\u0103\u0163elu\u015fa Yukan&#8217;na Mediguard s-au aflat printre primii trei admi\u015fi \u00een Stagiul Na\u0163ional de Formare al Unit\u0103\u0163ilor Canine de Avalan\u015f\u0103.<\/p>\n<p>Vezi \u015fi: <a href=\"http:\/\/urbeamea.ro\/albaiulia\/foto-video-tiberiu-krizbai-salvamontistul-din-alba-iulia-si-catelusa-yukanna-mediguard-printre-primii-trei-admisi-in-stagiul-national-de-formare-a-unitatilor-canine-de-avalansa\/\">FOTO-VIDEO: Tiberiu Krizbai, salvamontistul din Alba Iulia \u015fi c\u0103\u0163elu\u015fa Yukan&#8217;na Mediguard, printre primii trei admi\u015fi \u00een Stagiul Na\u0163ional de Formare al Unit\u0103\u0163ilor Canine de Avalan\u015f\u0103<\/a><\/p>\n<\/div>\n","protected":false},"excerpt":{"rendered":"<p>\u00cen perioada 17-26 februarie, la Cabana Capra Transf\u0103g\u0103r\u0103\u0219an, la o altitudine de 1.650 metri, se va desf\u0103\u0219ura Stagiul Na\u021bional de Formare al Unit\u0103\u021bilor Canine de Interven\u021bie la Avalan\u0219\u0103, form\u0103 de specializare \u00een meseria de salvator montan, stagiu la care va participa \u015fi salvamontistul\u00a0 din Alba Iulia, Tiberiu Krizbai \u015fi c\u0103\u0163elu\u015fa Yukan\u2019na Mediguard. Pe parcursul a &hellip;<\/p>\n","protected":false},"author":17,"featured_media":40149,"comment_status":"open","ping_status":"open","sticky":false,"template":"","format":"standard","meta":{"inline_featured_image":false,"footnotes":""},"categories":[1],"tags":[31,10032,9619,9618,10033,308,9620,76,9621],"class_list":["post-40148","post","type-post","status-publish","format-standard","has-post-thumbnail","hentry","category-stiri-urbane","tag-alba-iulia","tag-caini-de-avalansa","tag-catelusa","tag-salvamontist","tag-stagiu-de-formare-al-unitatilor-canine","tag-stiri","tag-tiberiu-krizbai","tag-urbea-mea","tag-yukanna-mediguard"],"yoast_head":"<!-- This site is optimized with the Yoast SEO plugin v28.3 - https:\/\/yoast.com\/product\/yoast-seo-wordpress\/ -->\n<title>FOTO: S-a dat startul Stagiului Na\u0163ional de de Formare al Unit\u0103\u021bilor Canine de Interven\u021bie la Avalan\u0219\u0103, la care particip\u0103 \u015fi albaiulianul Tiberiu Krizbai \u015fi c\u0103\u0163elu\u015fa Yukan\u2019na Mediguard - Revista Urbea Mea - Revista de Alba<\/title>\n<meta name=\"description\" content=\"\u00cen perioada 17-26 februarie, la Cabana Capra Transf\u0103g\u0103r\u0103\u0219an, la o altitudine de 1.650 metri, se va desf\u0103\u0219ura Stagiul Na\u021bional de Formare al Unit\u0103\u021bilor\" \/>\n<meta name=\"robots\" content=\"index, follow, max-snippet:-1, max-image-preview:large, max-video-preview:-1\" \/>\n<link rel=\"canonical\" href=\"https:\/\/urbeamea.ro\/albaiulia\/foto-s-a-dat-startul-stagiului-national-de-de-formare-al-unitatilor-canine-de-interventie-la-avalansa-la-care-participa-si-albaiulianul-tiberiu-krizbai-si-catelusa-yukanna-mediguard\/\" \/>\n<meta name=\"twitter:card\" content=\"summary_large_image\" \/>\n<meta name=\"twitter:title\" content=\"FOTO: S-a dat startul Stagiului Na\u0163ional de de Formare al Unit\u0103\u021bilor Canine de Interven\u021bie la Avalan\u0219\u0103, la care particip\u0103 \u015fi albaiulianul Tiberiu Krizbai \u015fi c\u0103\u0163elu\u015fa Yukan\u2019na Mediguard - Revista Urbea Mea - Revista de Alba\" \/>\n<meta name=\"twitter:description\" content=\"\u00cen perioada 17-26 februarie, la Cabana Capra Transf\u0103g\u0103r\u0103\u0219an, la o altitudine de 1.650 metri, se va desf\u0103\u0219ura Stagiul Na\u021bional de Formare al Unit\u0103\u021bilor\" \/>\n<meta name=\"twitter:image\" content=\"https:\/\/urbeamea.ro\/albaiulia\/wp-content\/uploads\/2017\/02\/stagiul-national.jpg\" \/>\n<meta name=\"twitter:creator\" content=\"@urbeameaweb\" \/>\n<meta name=\"twitter:site\" content=\"@urbeameaweb\" \/>\n<script type=\"application\/ld+json\" class=\"yoast-schema-graph\">{\"@context\":\"https:\\\/\\\/schema.org\",\"@graph\":[{\"@type\":\"Article\",\"@id\":\"https:\\\/\\\/urbeamea.ro\\\/albaiulia\\\/foto-s-a-dat-startul-stagiului-national-de-de-formare-al-unitatilor-canine-de-interventie-la-avalansa-la-care-participa-si-albaiulianul-tiberiu-krizbai-si-catelusa-yukanna-mediguard\\\/#article\",\"isPartOf\":{\"@id\":\"https:\\\/\\\/urbeamea.ro\\\/albaiulia\\\/foto-s-a-dat-startul-stagiului-national-de-de-formare-al-unitatilor-canine-de-interventie-la-avalansa-la-care-participa-si-albaiulianul-tiberiu-krizbai-si-catelusa-yukanna-mediguard\\\/\"},\"author\":{\"name\":\"Cristina Ganga\",\"@id\":\"https:\\\/\\\/urbeamea.ro\\\/albaiulia\\\/#\\\/schema\\\/person\\\/9700d21fae21c4f038b0b56f4506264a\"},\"headline\":\"FOTO: S-a dat startul Stagiului Na\u0163ional de de Formare al Unit\u0103\u021bilor Canine de Interven\u021bie la Avalan\u0219\u0103, la care particip\u0103 \u015fi albaiulianul Tiberiu Krizbai \u015fi c\u0103\u0163elu\u015fa Yukan\u2019na Mediguard\",\"datePublished\":\"2017-02-18T17:30:12+00:00\",\"mainEntityOfPage\":{\"@id\":\"https:\\\/\\\/urbeamea.ro\\\/albaiulia\\\/foto-s-a-dat-startul-stagiului-national-de-de-formare-al-unitatilor-canine-de-interventie-la-avalansa-la-care-participa-si-albaiulianul-tiberiu-krizbai-si-catelusa-yukanna-mediguard\\\/\"},\"wordCount\":500,\"commentCount\":0,\"image\":{\"@id\":\"https:\\\/\\\/urbeamea.ro\\\/albaiulia\\\/foto-s-a-dat-startul-stagiului-national-de-de-formare-al-unitatilor-canine-de-interventie-la-avalansa-la-care-participa-si-albaiulianul-tiberiu-krizbai-si-catelusa-yukanna-mediguard\\\/#primaryimage\"},\"thumbnailUrl\":\"https:\\\/\\\/urbeamea.ro\\\/albaiulia\\\/wp-content\\\/uploads\\\/2017\\\/02\\\/stagiul-national.jpg\",\"keywords\":[\"Alba Iulia\",\"caini de avalansa\",\"catelusa\",\"salvamontist\",\"stagiu de formare al unitatilor canine\",\"stiri\",\"Tiberiu Krizbai\",\"Urbea Mea\",\"Yukan\u2019na Mediguard\"],\"articleSection\":[\"\u015etiri Urbane\"],\"inLanguage\":\"ro-RO\",\"potentialAction\":[{\"@type\":\"CommentAction\",\"name\":\"Comment\",\"target\":[\"https:\\\/\\\/urbeamea.ro\\\/albaiulia\\\/foto-s-a-dat-startul-stagiului-national-de-de-formare-al-unitatilor-canine-de-interventie-la-avalansa-la-care-participa-si-albaiulianul-tiberiu-krizbai-si-catelusa-yukanna-mediguard\\\/#respond\"]}]},{\"@type\":\"WebPage\",\"@id\":\"https:\\\/\\\/urbeamea.ro\\\/albaiulia\\\/foto-s-a-dat-startul-stagiului-national-de-de-formare-al-unitatilor-canine-de-interventie-la-avalansa-la-care-participa-si-albaiulianul-tiberiu-krizbai-si-catelusa-yukanna-mediguard\\\/\",\"url\":\"https:\\\/\\\/urbeamea.ro\\\/albaiulia\\\/foto-s-a-dat-startul-stagiului-national-de-de-formare-al-unitatilor-canine-de-interventie-la-avalansa-la-care-participa-si-albaiulianul-tiberiu-krizbai-si-catelusa-yukanna-mediguard\\\/\",\"name\":\"FOTO: S-a dat startul Stagiului Na\u0163ional de de Formare al Unit\u0103\u021bilor Canine de Interven\u021bie la Avalan\u0219\u0103, la care particip\u0103 \u015fi albaiulianul Tiberiu Krizbai \u015fi c\u0103\u0163elu\u015fa Yukan\u2019na Mediguard - Revista Urbea Mea - Revista de Alba\",\"isPartOf\":{\"@id\":\"https:\\\/\\\/urbeamea.ro\\\/albaiulia\\\/#website\"},\"primaryImageOfPage\":{\"@id\":\"https:\\\/\\\/urbeamea.ro\\\/albaiulia\\\/foto-s-a-dat-startul-stagiului-national-de-de-formare-al-unitatilor-canine-de-interventie-la-avalansa-la-care-participa-si-albaiulianul-tiberiu-krizbai-si-catelusa-yukanna-mediguard\\\/#primaryimage\"},\"image\":{\"@id\":\"https:\\\/\\\/urbeamea.ro\\\/albaiulia\\\/foto-s-a-dat-startul-stagiului-national-de-de-formare-al-unitatilor-canine-de-interventie-la-avalansa-la-care-participa-si-albaiulianul-tiberiu-krizbai-si-catelusa-yukanna-mediguard\\\/#primaryimage\"},\"thumbnailUrl\":\"https:\\\/\\\/urbeamea.ro\\\/albaiulia\\\/wp-content\\\/uploads\\\/2017\\\/02\\\/stagiul-national.jpg\",\"datePublished\":\"2017-02-18T17:30:12+00:00\",\"author\":{\"@id\":\"https:\\\/\\\/urbeamea.ro\\\/albaiulia\\\/#\\\/schema\\\/person\\\/9700d21fae21c4f038b0b56f4506264a\"},\"description\":\"\u00cen perioada 17-26 februarie, la Cabana Capra Transf\u0103g\u0103r\u0103\u0219an, la o altitudine de 1.650 metri, se va desf\u0103\u0219ura Stagiul Na\u021bional de Formare al Unit\u0103\u021bilor\",\"breadcrumb\":{\"@id\":\"https:\\\/\\\/urbeamea.ro\\\/albaiulia\\\/foto-s-a-dat-startul-stagiului-national-de-de-formare-al-unitatilor-canine-de-interventie-la-avalansa-la-care-participa-si-albaiulianul-tiberiu-krizbai-si-catelusa-yukanna-mediguard\\\/#breadcrumb\"},\"inLanguage\":\"ro-RO\",\"potentialAction\":[{\"@type\":\"ReadAction\",\"target\":[\"https:\\\/\\\/urbeamea.ro\\\/albaiulia\\\/foto-s-a-dat-startul-stagiului-national-de-de-formare-al-unitatilor-canine-de-interventie-la-avalansa-la-care-participa-si-albaiulianul-tiberiu-krizbai-si-catelusa-yukanna-mediguard\\\/\"]}]},{\"@type\":\"ImageObject\",\"inLanguage\":\"ro-RO\",\"@id\":\"https:\\\/\\\/urbeamea.ro\\\/albaiulia\\\/foto-s-a-dat-startul-stagiului-national-de-de-formare-al-unitatilor-canine-de-interventie-la-avalansa-la-care-participa-si-albaiulianul-tiberiu-krizbai-si-catelusa-yukanna-mediguard\\\/#primaryimage\",\"url\":\"https:\\\/\\\/urbeamea.ro\\\/albaiulia\\\/wp-content\\\/uploads\\\/2017\\\/02\\\/stagiul-national.jpg\",\"contentUrl\":\"https:\\\/\\\/urbeamea.ro\\\/albaiulia\\\/wp-content\\\/uploads\\\/2017\\\/02\\\/stagiul-national.jpg\",\"width\":960,\"height\":716},{\"@type\":\"BreadcrumbList\",\"@id\":\"https:\\\/\\\/urbeamea.ro\\\/albaiulia\\\/foto-s-a-dat-startul-stagiului-national-de-de-formare-al-unitatilor-canine-de-interventie-la-avalansa-la-care-participa-si-albaiulianul-tiberiu-krizbai-si-catelusa-yukanna-mediguard\\\/#breadcrumb\",\"itemListElement\":[{\"@type\":\"ListItem\",\"position\":1,\"name\":\"Prima pagin\u0103\",\"item\":\"https:\\\/\\\/urbeamea.ro\\\/albaiulia\\\/\"},{\"@type\":\"ListItem\",\"position\":2,\"name\":\"FOTO: S-a dat startul Stagiului Na\u0163ional de de Formare al Unit\u0103\u021bilor Canine de Interven\u021bie la Avalan\u0219\u0103, la care particip\u0103 \u015fi albaiulianul Tiberiu Krizbai \u015fi c\u0103\u0163elu\u015fa Yukan\u2019na Mediguard\"}]},{\"@type\":\"WebSite\",\"@id\":\"https:\\\/\\\/urbeamea.ro\\\/albaiulia\\\/#website\",\"url\":\"https:\\\/\\\/urbeamea.ro\\\/albaiulia\\\/\",\"name\":\"Revista Urbea Mea, Stiri urbane\",\"description\":\"Evenimente \u0219i \u0219tiri din Alba Iulia, Sebe\u0219, Aiud, Blaj\",\"potentialAction\":[{\"@type\":\"SearchAction\",\"target\":{\"@type\":\"EntryPoint\",\"urlTemplate\":\"https:\\\/\\\/urbeamea.ro\\\/albaiulia\\\/?s={search_term_string}\"},\"query-input\":{\"@type\":\"PropertyValueSpecification\",\"valueRequired\":true,\"valueName\":\"search_term_string\"}}],\"inLanguage\":\"ro-RO\"},{\"@type\":\"Person\",\"@id\":\"https:\\\/\\\/urbeamea.ro\\\/albaiulia\\\/#\\\/schema\\\/person\\\/9700d21fae21c4f038b0b56f4506264a\",\"name\":\"Cristina Ganga\",\"image\":{\"@type\":\"ImageObject\",\"inLanguage\":\"ro-RO\",\"@id\":\"https:\\\/\\\/secure.gravatar.com\\\/avatar\\\/5a67661041f057b4a8ccaf26f5a8e86e2689372006d01faf3dd9eeb10b654bb4?s=96&d=mm&r=g\",\"url\":\"https:\\\/\\\/secure.gravatar.com\\\/avatar\\\/5a67661041f057b4a8ccaf26f5a8e86e2689372006d01faf3dd9eeb10b654bb4?s=96&d=mm&r=g\",\"contentUrl\":\"https:\\\/\\\/secure.gravatar.com\\\/avatar\\\/5a67661041f057b4a8ccaf26f5a8e86e2689372006d01faf3dd9eeb10b654bb4?s=96&d=mm&r=g\",\"caption\":\"Cristina Ganga\"},\"description\":\"Jurnalist\",\"sameAs\":[\"https:\\\/\\\/www.facebook.com\\\/cristina.nicola.587\"],\"url\":\"https:\\\/\\\/urbeamea.ro\\\/albaiulia\\\/author\\\/cristina-nicola\\\/\"}]}<\/script>\n<!-- \/ Yoast SEO plugin. -->","yoast_head_json":{"title":"FOTO: S-a dat startul Stagiului Na\u0163ional de de Formare al Unit\u0103\u021bilor Canine de Interven\u021bie la Avalan\u0219\u0103, la care particip\u0103 \u015fi albaiulianul Tiberiu Krizbai \u015fi c\u0103\u0163elu\u015fa Yukan\u2019na Mediguard - Revista Urbea Mea - Revista de Alba","description":"\u00cen perioada 17-26 februarie, la Cabana Capra Transf\u0103g\u0103r\u0103\u0219an, la o altitudine de 1.650 metri, se va desf\u0103\u0219ura Stagiul Na\u021bional de Formare al Unit\u0103\u021bilor","robots":{"index":"index","follow":"follow","max-snippet":"max-snippet:-1","max-image-preview":"max-image-preview:large","max-video-preview":"max-video-preview:-1"},"canonical":"https:\/\/urbeamea.ro\/albaiulia\/foto-s-a-dat-startul-stagiului-national-de-de-formare-al-unitatilor-canine-de-interventie-la-avalansa-la-care-participa-si-albaiulianul-tiberiu-krizbai-si-catelusa-yukanna-mediguard\/","twitter_card":"summary_large_image","twitter_title":"FOTO: S-a dat startul Stagiului Na\u0163ional de de Formare al Unit\u0103\u021bilor Canine de Interven\u021bie la Avalan\u0219\u0103, la care particip\u0103 \u015fi albaiulianul Tiberiu Krizbai \u015fi c\u0103\u0163elu\u015fa Yukan\u2019na Mediguard - Revista Urbea Mea - Revista de Alba","twitter_description":"\u00cen perioada 17-26 februarie, la Cabana Capra Transf\u0103g\u0103r\u0103\u0219an, la o altitudine de 1.650 metri, se va desf\u0103\u0219ura Stagiul Na\u021bional de Formare al Unit\u0103\u021bilor","twitter_image":"https:\/\/urbeamea.ro\/albaiulia\/wp-content\/uploads\/2017\/02\/stagiul-national.jpg","twitter_creator":"@urbeameaweb","twitter_site":"@urbeameaweb","schema":{"@context":"https:\/\/schema.org","@graph":[{"@type":"Article","@id":"https:\/\/urbeamea.ro\/albaiulia\/foto-s-a-dat-startul-stagiului-national-de-de-formare-al-unitatilor-canine-de-interventie-la-avalansa-la-care-participa-si-albaiulianul-tiberiu-krizbai-si-catelusa-yukanna-mediguard\/#article","isPartOf":{"@id":"https:\/\/urbeamea.ro\/albaiulia\/foto-s-a-dat-startul-stagiului-national-de-de-formare-al-unitatilor-canine-de-interventie-la-avalansa-la-care-participa-si-albaiulianul-tiberiu-krizbai-si-catelusa-yukanna-mediguard\/"},"author":{"name":"Cristina Ganga","@id":"https:\/\/urbeamea.ro\/albaiulia\/#\/schema\/person\/9700d21fae21c4f038b0b56f4506264a"},"headline":"FOTO: S-a dat startul Stagiului Na\u0163ional de de Formare al Unit\u0103\u021bilor Canine de Interven\u021bie la Avalan\u0219\u0103, la care particip\u0103 \u015fi albaiulianul Tiberiu Krizbai \u015fi c\u0103\u0163elu\u015fa Yukan\u2019na Mediguard","datePublished":"2017-02-18T17:30:12+00:00","mainEntityOfPage":{"@id":"https:\/\/urbeamea.ro\/albaiulia\/foto-s-a-dat-startul-stagiului-national-de-de-formare-al-unitatilor-canine-de-interventie-la-avalansa-la-care-participa-si-albaiulianul-tiberiu-krizbai-si-catelusa-yukanna-mediguard\/"},"wordCount":500,"commentCount":0,"image":{"@id":"https:\/\/urbeamea.ro\/albaiulia\/foto-s-a-dat-startul-stagiului-national-de-de-formare-al-unitatilor-canine-de-interventie-la-avalansa-la-care-participa-si-albaiulianul-tiberiu-krizbai-si-catelusa-yukanna-mediguard\/#primaryimage"},"thumbnailUrl":"https:\/\/urbeamea.ro\/albaiulia\/wp-content\/uploads\/2017\/02\/stagiul-national.jpg","keywords":["Alba Iulia","caini de avalansa","catelusa","salvamontist","stagiu de formare al unitatilor canine","stiri","Tiberiu Krizbai","Urbea Mea","Yukan\u2019na Mediguard"],"articleSection":["\u015etiri Urbane"],"inLanguage":"ro-RO","potentialAction":[{"@type":"CommentAction","name":"Comment","target":["https:\/\/urbeamea.ro\/albaiulia\/foto-s-a-dat-startul-stagiului-national-de-de-formare-al-unitatilor-canine-de-interventie-la-avalansa-la-care-participa-si-albaiulianul-tiberiu-krizbai-si-catelusa-yukanna-mediguard\/#respond"]}]},{"@type":"WebPage","@id":"https:\/\/urbeamea.ro\/albaiulia\/foto-s-a-dat-startul-stagiului-national-de-de-formare-al-unitatilor-canine-de-interventie-la-avalansa-la-care-participa-si-albaiulianul-tiberiu-krizbai-si-catelusa-yukanna-mediguard\/","url":"https:\/\/urbeamea.ro\/albaiulia\/foto-s-a-dat-startul-stagiului-national-de-de-formare-al-unitatilor-canine-de-interventie-la-avalansa-la-care-participa-si-albaiulianul-tiberiu-krizbai-si-catelusa-yukanna-mediguard\/","name":"FOTO: S-a dat startul Stagiului Na\u0163ional de de Formare al Unit\u0103\u021bilor Canine de Interven\u021bie la Avalan\u0219\u0103, la care particip\u0103 \u015fi albaiulianul Tiberiu Krizbai \u015fi c\u0103\u0163elu\u015fa Yukan\u2019na Mediguard - Revista Urbea Mea - Revista de Alba","isPartOf":{"@id":"https:\/\/urbeamea.ro\/albaiulia\/#website"},"primaryImageOfPage":{"@id":"https:\/\/urbeamea.ro\/albaiulia\/foto-s-a-dat-startul-stagiului-national-de-de-formare-al-unitatilor-canine-de-interventie-la-avalansa-la-care-participa-si-albaiulianul-tiberiu-krizbai-si-catelusa-yukanna-mediguard\/#primaryimage"},"image":{"@id":"https:\/\/urbeamea.ro\/albaiulia\/foto-s-a-dat-startul-stagiului-national-de-de-formare-al-unitatilor-canine-de-interventie-la-avalansa-la-care-participa-si-albaiulianul-tiberiu-krizbai-si-catelusa-yukanna-mediguard\/#primaryimage"},"thumbnailUrl":"https:\/\/urbeamea.ro\/albaiulia\/wp-content\/uploads\/2017\/02\/stagiul-national.jpg","datePublished":"2017-02-18T17:30:12+00:00","author":{"@id":"https:\/\/urbeamea.ro\/albaiulia\/#\/schema\/person\/9700d21fae21c4f038b0b56f4506264a"},"description":"\u00cen perioada 17-26 februarie, la Cabana Capra Transf\u0103g\u0103r\u0103\u0219an, la o altitudine de 1.650 metri, se va desf\u0103\u0219ura Stagiul Na\u021bional de Formare al Unit\u0103\u021bilor","breadcrumb":{"@id":"https:\/\/urbeamea.ro\/albaiulia\/foto-s-a-dat-startul-stagiului-national-de-de-formare-al-unitatilor-canine-de-interventie-la-avalansa-la-care-participa-si-albaiulianul-tiberiu-krizbai-si-catelusa-yukanna-mediguard\/#breadcrumb"},"inLanguage":"ro-RO","potentialAction":[{"@type":"ReadAction","target":["https:\/\/urbeamea.ro\/albaiulia\/foto-s-a-dat-startul-stagiului-national-de-de-formare-al-unitatilor-canine-de-interventie-la-avalansa-la-care-participa-si-albaiulianul-tiberiu-krizbai-si-catelusa-yukanna-mediguard\/"]}]},{"@type":"ImageObject","inLanguage":"ro-RO","@id":"https:\/\/urbeamea.ro\/albaiulia\/foto-s-a-dat-startul-stagiului-national-de-de-formare-al-unitatilor-canine-de-interventie-la-avalansa-la-care-participa-si-albaiulianul-tiberiu-krizbai-si-catelusa-yukanna-mediguard\/#primaryimage","url":"https:\/\/urbeamea.ro\/albaiulia\/wp-content\/uploads\/2017\/02\/stagiul-national.jpg","contentUrl":"https:\/\/urbeamea.ro\/albaiulia\/wp-content\/uploads\/2017\/02\/stagiul-national.jpg","width":960,"height":716},{"@type":"BreadcrumbList","@id":"https:\/\/urbeamea.ro\/albaiulia\/foto-s-a-dat-startul-stagiului-national-de-de-formare-al-unitatilor-canine-de-interventie-la-avalansa-la-care-participa-si-albaiulianul-tiberiu-krizbai-si-catelusa-yukanna-mediguard\/#breadcrumb","itemListElement":[{"@type":"ListItem","position":1,"name":"Prima pagin\u0103","item":"https:\/\/urbeamea.ro\/albaiulia\/"},{"@type":"ListItem","position":2,"name":"FOTO: S-a dat startul Stagiului Na\u0163ional de de Formare al Unit\u0103\u021bilor Canine de Interven\u021bie la Avalan\u0219\u0103, la care particip\u0103 \u015fi albaiulianul Tiberiu Krizbai \u015fi c\u0103\u0163elu\u015fa Yukan\u2019na Mediguard"}]},{"@type":"WebSite","@id":"https:\/\/urbeamea.ro\/albaiulia\/#website","url":"https:\/\/urbeamea.ro\/albaiulia\/","name":"Revista Urbea Mea, Stiri urbane","description":"Evenimente \u0219i \u0219tiri din Alba Iulia, Sebe\u0219, Aiud, Blaj","potentialAction":[{"@type":"SearchAction","target":{"@type":"EntryPoint","urlTemplate":"https:\/\/urbeamea.ro\/albaiulia\/?s={search_term_string}"},"query-input":{"@type":"PropertyValueSpecification","valueRequired":true,"valueName":"search_term_string"}}],"inLanguage":"ro-RO"},{"@type":"Person","@id":"https:\/\/urbeamea.ro\/albaiulia\/#\/schema\/person\/9700d21fae21c4f038b0b56f4506264a","name":"Cristina Ganga","image":{"@type":"ImageObject","inLanguage":"ro-RO","@id":"https:\/\/secure.gravatar.com\/avatar\/5a67661041f057b4a8ccaf26f5a8e86e2689372006d01faf3dd9eeb10b654bb4?s=96&d=mm&r=g","url":"https:\/\/secure.gravatar.com\/avatar\/5a67661041f057b4a8ccaf26f5a8e86e2689372006d01faf3dd9eeb10b654bb4?s=96&d=mm&r=g","contentUrl":"https:\/\/secure.gravatar.com\/avatar\/5a67661041f057b4a8ccaf26f5a8e86e2689372006d01faf3dd9eeb10b654bb4?s=96&d=mm&r=g","caption":"Cristina Ganga"},"description":"Jurnalist","sameAs":["https:\/\/www.facebook.com\/cristina.nicola.587"],"url":"https:\/\/urbeamea.ro\/albaiulia\/author\/cristina-nicola\/"}]}},"_links":{"self":[{"href":"https:\/\/urbeamea.ro\/albaiulia\/wp-json\/wp\/v2\/posts\/40148","targetHints":{"allow":["GET"]}}],"collection":[{"href":"https:\/\/urbeamea.ro\/albaiulia\/wp-json\/wp\/v2\/posts"}],"about":[{"href":"https:\/\/urbeamea.ro\/albaiulia\/wp-json\/wp\/v2\/types\/post"}],"author":[{"embeddable":true,"href":"https:\/\/urbeamea.ro\/albaiulia\/wp-json\/wp\/v2\/users\/17"}],"replies":[{"embeddable":true,"href":"https:\/\/urbeamea.ro\/albaiulia\/wp-json\/wp\/v2\/comments?post=40148"}],"version-history":[{"count":0,"href":"https:\/\/urbeamea.ro\/albaiulia\/wp-json\/wp\/v2\/posts\/40148\/revisions"}],"wp:featuredmedia":[{"embeddable":true,"href":"https:\/\/urbeamea.ro\/albaiulia\/wp-json\/wp\/v2\/media\/40149"}],"wp:attachment":[{"href":"https:\/\/urbeamea.ro\/albaiulia\/wp-json\/wp\/v2\/media?parent=40148"}],"wp:term":[{"taxonomy":"category","embeddable":true,"href":"https:\/\/urbeamea.ro\/albaiulia\/wp-json\/wp\/v2\/categories?post=40148"},{"taxonomy":"post_tag","embeddable":true,"href":"https:\/\/urbeamea.ro\/albaiulia\/wp-json\/wp\/v2\/tags?post=40148"}],"curies":[{"name":"wp","href":"https:\/\/api.w.org\/{rel}","templated":true}]}}