{"id":40399,"date":"2017-02-23T21:49:52","date_gmt":"2017-02-23T19:49:52","guid":{"rendered":"http:\/\/urbeamea.ro\/albaiulia\/?p=40399"},"modified":"2017-02-23T22:03:06","modified_gmt":"2017-02-23T20:03:06","slug":"aderarea-municipiului-alba-iulia-in-cadrul-proiectului-locarbo","status":"publish","type":"post","link":"https:\/\/urbeamea.ro\/albaiulia\/aderarea-municipiului-alba-iulia-in-cadrul-proiectului-locarbo\/","title":{"rendered":"Aderarea Municipiului Alba Iulia \u00een cadrul proiectului LOCARBO"},"content":{"rendered":"<p><span style=\"font-size: medium;\">Prim\u0103ria Municipiului Alba Iulia particip\u0103, \u00een calitate de partener, la implementarea proiectului <\/span><span style=\"font-size: medium;\"><b>LOCARBO &#8211; Modalit\u0103\u021bi inovatoare prin care autorit\u0103\u021bile regionale \u0219i locale s\u0103 sus\u021bin\u0103 schimb\u0103rile de comportament a consumatorilor de energie c\u0103tre o economie cu emisii reduse de carbon<\/b><\/span><span style=\"font-size: medium;\">, \u00eempreun\u0103 cu alte 7 organiza\u021bii europene: Provincia Potenza &#8211; Italia, Regiunea Basilicata &#8211; Italia, Municipiul Vila Nova de Gaia &#8211; Portugalia, Consiliul Jude\u021bean Durham &#8211; Marea Britanie, Universitatea Tehnologica Kaunas &#8211; Lituania \u0219i Asocia\u021bia Non-profit Ungar\u0103 de Inovare \u0219i Eficien\u021b\u0103 &#8211; Ungaria. <\/span><\/p>\n<p align=\"JUSTIFY\"><span style=\"font-size: medium;\">Proiectul este finan\u021bat \u00een cadrul programului INTERREG EUROPE, Axa prioritar\u0103 3, Prioritatea de investi\u021bii 3.1: \u00eembun\u0103t\u0103\u021birea implement\u0103rii politicilor \u0219i programelor de dezvoltare regional\u0103, adres\u00e2ndu-se tranzi\u021biei c\u0103tre o economie cu emisii reduse de carbon.<\/span><\/p>\n<p align=\"JUSTIFY\"><span style=\"font-size: medium;\">Obiectivul general al proiectului LOCARBO este \u00eembun\u0103t\u0103\u021birea instrumentelor de politici selectate de c\u0103tre fiecare partener \u00een parte \u0219i a ini\u021biativelor care vizeaz\u0103 eficien\u021ba energetic\u0103 a mediului construit prin intermediul autorit\u0103\u021bilor regionale \u0219i locale care sus\u021bin schimbarea comportamentului consumatorilor finali de energie.<\/span><\/p>\n<p align=\"JUSTIFY\"><span style=\"font-size: medium;\">Proiectul a demarat \u00een luna aprilie 2016 \u0219i are o perioad\u0103 de implementare de 54 de luni, fiind structurat \u00een dou\u0103 p\u0103r\u021bi:<\/span><\/p>\n<p align=\"JUSTIFY\"><span style=\"font-size: medium;\">Partea I: cu o durat\u0103 de 30 de luni (Aprilie 2016 &#8211; Septembrie 2018). Pe parcursul unui proces comun de \u00eenv\u0103\u021bare, partenerii fac schimb de bune practici \u0219i elaboreaz\u0103 Planuri de Ac\u021biune. <\/span><\/p>\n<p align=\"JUSTIFY\"><span style=\"font-size: medium;\">Partea II: se va desf\u0103\u0219ura pe o perioad\u0103 de 24 de luni (Octombrie 2018 \u2013 Septembrie 2020) \u0219i va fi dedicat\u0103 implement\u0103rii \u0219i monitoriz\u0103rii Planurilor de Ac\u021biune. <\/span><\/p>\n<p align=\"JUSTIFY\"><span style=\"font-size: medium;\">Dintre rezultatele anticipate amintim: o mai bun\u0103 guvernare \u0219i modele de cooperare \u00eembun\u0103t\u0103\u021bite, activit\u0103\u021bi \u00een vederea con\u0219tientiz\u0103rii \u0219i motiv\u0103rii consumatorilor finali, intensificarea sus\u021binerii tehnologiilor inteligente, m\u0103suri care stimuleaz\u0103 ac\u021biunile inovatoare, implementarea de tehnologii care folosesc energia verde, adoptarea bunelor practici \u0219i a planului de ac\u021biune, reabilitarea \u0219i modernizarea cl\u0103dirilor.<\/span><\/p>\n<p align=\"JUSTIFY\"><span style=\"font-size: medium;\">Rezultatul dorit de Municipalitatea Alba Iulia este de reducere a consumului de energie cu 24% p\u00e2n\u0103 \u00een 2020.<\/span><\/p>\n<p align=\"JUSTIFY\"><span style=\"font-size: medium;\">La finalul proiectului se va publica un Raport de rezultate la nivel de proiect, care va cuprinde principalele realiz\u0103ri. <\/span><\/p>\n<p align=\"JUSTIFY\"><span style=\"font-size: medium;\">Mai multe informa\u021bii privind proiectul LOCARBO se pot g\u0103si acces\u00e2nd urm\u0103torul link: <a href=\"http:\/\/www.interregeurope.eu\/locarbo\/\" target=\"_blank\">http:\/\/www.interregeurope.eu\/locarbo\/<\/a> <\/span><\/p>\n","protected":false},"excerpt":{"rendered":"<p>Prim\u0103ria Municipiului Alba Iulia particip\u0103, \u00een calitate de partener, la implementarea proiectului LOCARBO &#8211; Modalit\u0103\u021bi inovatoare prin care autorit\u0103\u021bile regionale \u0219i locale s\u0103 sus\u021bin\u0103 schimb\u0103rile de comportament a consumatorilor de energie c\u0103tre o economie cu emisii reduse de carbon, \u00eempreun\u0103 cu alte 7 organiza\u021bii europene: Provincia Potenza &#8211; Italia, Regiunea Basilicata &#8211; Italia, Municipiul Vila &hellip;<\/p>\n","protected":false},"author":5,"featured_media":40400,"comment_status":"open","ping_status":"open","sticky":false,"template":"","format":"standard","meta":{"inline_featured_image":false,"footnotes":""},"categories":[2035],"tags":[10116],"class_list":["post-40399","post","type-post","status-publish","format-standard","has-post-thumbnail","hentry","category-administratie","tag-locarbo"],"yoast_head":"<!-- This site is optimized with the Yoast SEO plugin v28.3 - https:\/\/yoast.com\/product\/yoast-seo-wordpress\/ -->\n<title>Aderarea Municipiului Alba Iulia \u00een cadrul proiectului LOCARBO - Revista Urbea Mea - Revista de Alba<\/title>\n<meta name=\"description\" content=\"Prim\u0103ria Municipiului Alba Iulia particip\u0103, \u00een calitate de partener, la implementarea proiectului LOCARBO - Modalit\u0103\u021bi inovatoare prin care autorit\u0103\u021bile\" \/>\n<meta name=\"robots\" content=\"index, follow, max-snippet:-1, max-image-preview:large, max-video-preview:-1\" \/>\n<link rel=\"canonical\" href=\"https:\/\/urbeamea.ro\/albaiulia\/aderarea-municipiului-alba-iulia-in-cadrul-proiectului-locarbo\/\" \/>\n<meta name=\"twitter:card\" content=\"summary_large_image\" \/>\n<meta name=\"twitter:title\" content=\"Aderarea Municipiului Alba Iulia \u00een cadrul proiectului LOCARBO - Revista Urbea Mea - Revista de Alba\" \/>\n<meta name=\"twitter:description\" content=\"Prim\u0103ria Municipiului Alba Iulia particip\u0103, \u00een calitate de partener, la implementarea proiectului LOCARBO - Modalit\u0103\u021bi inovatoare prin care autorit\u0103\u021bile\" \/>\n<meta name=\"twitter:image\" content=\"https:\/\/urbeamea.ro\/albaiulia\/wp-content\/uploads\/2017\/02\/interreg.jpg\" \/>\n<meta name=\"twitter:creator\" content=\"@urbeameaweb\" \/>\n<meta name=\"twitter:site\" content=\"@urbeameaweb\" \/>\n<script type=\"application\/ld+json\" class=\"yoast-schema-graph\">{\"@context\":\"https:\\\/\\\/schema.org\",\"@graph\":[{\"@type\":\"Article\",\"@id\":\"https:\\\/\\\/urbeamea.ro\\\/albaiulia\\\/aderarea-municipiului-alba-iulia-in-cadrul-proiectului-locarbo\\\/#article\",\"isPartOf\":{\"@id\":\"https:\\\/\\\/urbeamea.ro\\\/albaiulia\\\/aderarea-municipiului-alba-iulia-in-cadrul-proiectului-locarbo\\\/\"},\"author\":{\"name\":\"Bogdan P\u0103unescu\",\"@id\":\"https:\\\/\\\/urbeamea.ro\\\/albaiulia\\\/#\\\/schema\\\/person\\\/a115373ce8153754c6b084232d985956\"},\"headline\":\"Aderarea Municipiului Alba Iulia \u00een cadrul proiectului LOCARBO\",\"datePublished\":\"2017-02-23T19:49:52+00:00\",\"dateModified\":\"2017-02-23T20:03:06+00:00\",\"mainEntityOfPage\":{\"@id\":\"https:\\\/\\\/urbeamea.ro\\\/albaiulia\\\/aderarea-municipiului-alba-iulia-in-cadrul-proiectului-locarbo\\\/\"},\"wordCount\":382,\"commentCount\":0,\"image\":{\"@id\":\"https:\\\/\\\/urbeamea.ro\\\/albaiulia\\\/aderarea-municipiului-alba-iulia-in-cadrul-proiectului-locarbo\\\/#primaryimage\"},\"thumbnailUrl\":\"https:\\\/\\\/urbeamea.ro\\\/albaiulia\\\/wp-content\\\/uploads\\\/2017\\\/02\\\/interreg.jpg\",\"keywords\":[\"Locarbo\"],\"articleSection\":[\"Administra\u021bie\"],\"inLanguage\":\"ro-RO\",\"potentialAction\":[{\"@type\":\"CommentAction\",\"name\":\"Comment\",\"target\":[\"https:\\\/\\\/urbeamea.ro\\\/albaiulia\\\/aderarea-municipiului-alba-iulia-in-cadrul-proiectului-locarbo\\\/#respond\"]}]},{\"@type\":\"WebPage\",\"@id\":\"https:\\\/\\\/urbeamea.ro\\\/albaiulia\\\/aderarea-municipiului-alba-iulia-in-cadrul-proiectului-locarbo\\\/\",\"url\":\"https:\\\/\\\/urbeamea.ro\\\/albaiulia\\\/aderarea-municipiului-alba-iulia-in-cadrul-proiectului-locarbo\\\/\",\"name\":\"Aderarea Municipiului Alba Iulia \u00een cadrul proiectului LOCARBO - Revista Urbea Mea - Revista de Alba\",\"isPartOf\":{\"@id\":\"https:\\\/\\\/urbeamea.ro\\\/albaiulia\\\/#website\"},\"primaryImageOfPage\":{\"@id\":\"https:\\\/\\\/urbeamea.ro\\\/albaiulia\\\/aderarea-municipiului-alba-iulia-in-cadrul-proiectului-locarbo\\\/#primaryimage\"},\"image\":{\"@id\":\"https:\\\/\\\/urbeamea.ro\\\/albaiulia\\\/aderarea-municipiului-alba-iulia-in-cadrul-proiectului-locarbo\\\/#primaryimage\"},\"thumbnailUrl\":\"https:\\\/\\\/urbeamea.ro\\\/albaiulia\\\/wp-content\\\/uploads\\\/2017\\\/02\\\/interreg.jpg\",\"datePublished\":\"2017-02-23T19:49:52+00:00\",\"dateModified\":\"2017-02-23T20:03:06+00:00\",\"author\":{\"@id\":\"https:\\\/\\\/urbeamea.ro\\\/albaiulia\\\/#\\\/schema\\\/person\\\/a115373ce8153754c6b084232d985956\"},\"description\":\"Prim\u0103ria Municipiului Alba Iulia particip\u0103, \u00een calitate de partener, la implementarea proiectului LOCARBO - Modalit\u0103\u021bi inovatoare prin care autorit\u0103\u021bile\",\"breadcrumb\":{\"@id\":\"https:\\\/\\\/urbeamea.ro\\\/albaiulia\\\/aderarea-municipiului-alba-iulia-in-cadrul-proiectului-locarbo\\\/#breadcrumb\"},\"inLanguage\":\"ro-RO\",\"potentialAction\":[{\"@type\":\"ReadAction\",\"target\":[\"https:\\\/\\\/urbeamea.ro\\\/albaiulia\\\/aderarea-municipiului-alba-iulia-in-cadrul-proiectului-locarbo\\\/\"]}]},{\"@type\":\"ImageObject\",\"inLanguage\":\"ro-RO\",\"@id\":\"https:\\\/\\\/urbeamea.ro\\\/albaiulia\\\/aderarea-municipiului-alba-iulia-in-cadrul-proiectului-locarbo\\\/#primaryimage\",\"url\":\"https:\\\/\\\/urbeamea.ro\\\/albaiulia\\\/wp-content\\\/uploads\\\/2017\\\/02\\\/interreg.jpg\",\"contentUrl\":\"https:\\\/\\\/urbeamea.ro\\\/albaiulia\\\/wp-content\\\/uploads\\\/2017\\\/02\\\/interreg.jpg\",\"width\":1280,\"height\":665},{\"@type\":\"BreadcrumbList\",\"@id\":\"https:\\\/\\\/urbeamea.ro\\\/albaiulia\\\/aderarea-municipiului-alba-iulia-in-cadrul-proiectului-locarbo\\\/#breadcrumb\",\"itemListElement\":[{\"@type\":\"ListItem\",\"position\":1,\"name\":\"Prima pagin\u0103\",\"item\":\"https:\\\/\\\/urbeamea.ro\\\/albaiulia\\\/\"},{\"@type\":\"ListItem\",\"position\":2,\"name\":\"Aderarea Municipiului Alba Iulia \u00een cadrul proiectului LOCARBO\"}]},{\"@type\":\"WebSite\",\"@id\":\"https:\\\/\\\/urbeamea.ro\\\/albaiulia\\\/#website\",\"url\":\"https:\\\/\\\/urbeamea.ro\\\/albaiulia\\\/\",\"name\":\"Revista Urbea Mea, Stiri urbane\",\"description\":\"Evenimente \u0219i \u0219tiri din Alba Iulia, Sebe\u0219, Aiud, Blaj\",\"potentialAction\":[{\"@type\":\"SearchAction\",\"target\":{\"@type\":\"EntryPoint\",\"urlTemplate\":\"https:\\\/\\\/urbeamea.ro\\\/albaiulia\\\/?s={search_term_string}\"},\"query-input\":{\"@type\":\"PropertyValueSpecification\",\"valueRequired\":true,\"valueName\":\"search_term_string\"}}],\"inLanguage\":\"ro-RO\"},{\"@type\":\"Person\",\"@id\":\"https:\\\/\\\/urbeamea.ro\\\/albaiulia\\\/#\\\/schema\\\/person\\\/a115373ce8153754c6b084232d985956\",\"name\":\"Bogdan P\u0103unescu\",\"image\":{\"@type\":\"ImageObject\",\"inLanguage\":\"ro-RO\",\"@id\":\"https:\\\/\\\/secure.gravatar.com\\\/avatar\\\/f72aa881b5a32ea110a53aabc2049429e3ff68fcb09d283722d01fbf330e9dd9?s=96&d=mm&r=g\",\"url\":\"https:\\\/\\\/secure.gravatar.com\\\/avatar\\\/f72aa881b5a32ea110a53aabc2049429e3ff68fcb09d283722d01fbf330e9dd9?s=96&d=mm&r=g\",\"contentUrl\":\"https:\\\/\\\/secure.gravatar.com\\\/avatar\\\/f72aa881b5a32ea110a53aabc2049429e3ff68fcb09d283722d01fbf330e9dd9?s=96&d=mm&r=g\",\"caption\":\"Bogdan P\u0103unescu\"},\"description\":\"\u00cemi place tot ceea ce este legat de web \u015fi ajut la dezvoltarea \u015fi \u00eembun\u0103t\u0103\u0163irea lui prin tot ceea ce fac.\",\"sameAs\":[\"https:\\\/\\\/www.artonmedia.ro\",\"https:\\\/\\\/www.facebook.com\\\/bogdanvpaunescu\"],\"url\":\"https:\\\/\\\/urbeamea.ro\\\/albaiulia\\\/author\\\/bogdan-paunescu\\\/\"}]}<\/script>\n<!-- \/ Yoast SEO plugin. -->","yoast_head_json":{"title":"Aderarea Municipiului Alba Iulia \u00een cadrul proiectului LOCARBO - Revista Urbea Mea - Revista de Alba","description":"Prim\u0103ria Municipiului Alba Iulia particip\u0103, \u00een calitate de partener, la implementarea proiectului LOCARBO - Modalit\u0103\u021bi inovatoare prin care autorit\u0103\u021bile","robots":{"index":"index","follow":"follow","max-snippet":"max-snippet:-1","max-image-preview":"max-image-preview:large","max-video-preview":"max-video-preview:-1"},"canonical":"https:\/\/urbeamea.ro\/albaiulia\/aderarea-municipiului-alba-iulia-in-cadrul-proiectului-locarbo\/","twitter_card":"summary_large_image","twitter_title":"Aderarea Municipiului Alba Iulia \u00een cadrul proiectului LOCARBO - Revista Urbea Mea - Revista de Alba","twitter_description":"Prim\u0103ria Municipiului Alba Iulia particip\u0103, \u00een calitate de partener, la implementarea proiectului LOCARBO - Modalit\u0103\u021bi inovatoare prin care autorit\u0103\u021bile","twitter_image":"https:\/\/urbeamea.ro\/albaiulia\/wp-content\/uploads\/2017\/02\/interreg.jpg","twitter_creator":"@urbeameaweb","twitter_site":"@urbeameaweb","schema":{"@context":"https:\/\/schema.org","@graph":[{"@type":"Article","@id":"https:\/\/urbeamea.ro\/albaiulia\/aderarea-municipiului-alba-iulia-in-cadrul-proiectului-locarbo\/#article","isPartOf":{"@id":"https:\/\/urbeamea.ro\/albaiulia\/aderarea-municipiului-alba-iulia-in-cadrul-proiectului-locarbo\/"},"author":{"name":"Bogdan P\u0103unescu","@id":"https:\/\/urbeamea.ro\/albaiulia\/#\/schema\/person\/a115373ce8153754c6b084232d985956"},"headline":"Aderarea Municipiului Alba Iulia \u00een cadrul proiectului LOCARBO","datePublished":"2017-02-23T19:49:52+00:00","dateModified":"2017-02-23T20:03:06+00:00","mainEntityOfPage":{"@id":"https:\/\/urbeamea.ro\/albaiulia\/aderarea-municipiului-alba-iulia-in-cadrul-proiectului-locarbo\/"},"wordCount":382,"commentCount":0,"image":{"@id":"https:\/\/urbeamea.ro\/albaiulia\/aderarea-municipiului-alba-iulia-in-cadrul-proiectului-locarbo\/#primaryimage"},"thumbnailUrl":"https:\/\/urbeamea.ro\/albaiulia\/wp-content\/uploads\/2017\/02\/interreg.jpg","keywords":["Locarbo"],"articleSection":["Administra\u021bie"],"inLanguage":"ro-RO","potentialAction":[{"@type":"CommentAction","name":"Comment","target":["https:\/\/urbeamea.ro\/albaiulia\/aderarea-municipiului-alba-iulia-in-cadrul-proiectului-locarbo\/#respond"]}]},{"@type":"WebPage","@id":"https:\/\/urbeamea.ro\/albaiulia\/aderarea-municipiului-alba-iulia-in-cadrul-proiectului-locarbo\/","url":"https:\/\/urbeamea.ro\/albaiulia\/aderarea-municipiului-alba-iulia-in-cadrul-proiectului-locarbo\/","name":"Aderarea Municipiului Alba Iulia \u00een cadrul proiectului LOCARBO - Revista Urbea Mea - Revista de Alba","isPartOf":{"@id":"https:\/\/urbeamea.ro\/albaiulia\/#website"},"primaryImageOfPage":{"@id":"https:\/\/urbeamea.ro\/albaiulia\/aderarea-municipiului-alba-iulia-in-cadrul-proiectului-locarbo\/#primaryimage"},"image":{"@id":"https:\/\/urbeamea.ro\/albaiulia\/aderarea-municipiului-alba-iulia-in-cadrul-proiectului-locarbo\/#primaryimage"},"thumbnailUrl":"https:\/\/urbeamea.ro\/albaiulia\/wp-content\/uploads\/2017\/02\/interreg.jpg","datePublished":"2017-02-23T19:49:52+00:00","dateModified":"2017-02-23T20:03:06+00:00","author":{"@id":"https:\/\/urbeamea.ro\/albaiulia\/#\/schema\/person\/a115373ce8153754c6b084232d985956"},"description":"Prim\u0103ria Municipiului Alba Iulia particip\u0103, \u00een calitate de partener, la implementarea proiectului LOCARBO - Modalit\u0103\u021bi inovatoare prin care autorit\u0103\u021bile","breadcrumb":{"@id":"https:\/\/urbeamea.ro\/albaiulia\/aderarea-municipiului-alba-iulia-in-cadrul-proiectului-locarbo\/#breadcrumb"},"inLanguage":"ro-RO","potentialAction":[{"@type":"ReadAction","target":["https:\/\/urbeamea.ro\/albaiulia\/aderarea-municipiului-alba-iulia-in-cadrul-proiectului-locarbo\/"]}]},{"@type":"ImageObject","inLanguage":"ro-RO","@id":"https:\/\/urbeamea.ro\/albaiulia\/aderarea-municipiului-alba-iulia-in-cadrul-proiectului-locarbo\/#primaryimage","url":"https:\/\/urbeamea.ro\/albaiulia\/wp-content\/uploads\/2017\/02\/interreg.jpg","contentUrl":"https:\/\/urbeamea.ro\/albaiulia\/wp-content\/uploads\/2017\/02\/interreg.jpg","width":1280,"height":665},{"@type":"BreadcrumbList","@id":"https:\/\/urbeamea.ro\/albaiulia\/aderarea-municipiului-alba-iulia-in-cadrul-proiectului-locarbo\/#breadcrumb","itemListElement":[{"@type":"ListItem","position":1,"name":"Prima pagin\u0103","item":"https:\/\/urbeamea.ro\/albaiulia\/"},{"@type":"ListItem","position":2,"name":"Aderarea Municipiului Alba Iulia \u00een cadrul proiectului LOCARBO"}]},{"@type":"WebSite","@id":"https:\/\/urbeamea.ro\/albaiulia\/#website","url":"https:\/\/urbeamea.ro\/albaiulia\/","name":"Revista Urbea Mea, Stiri urbane","description":"Evenimente \u0219i \u0219tiri din Alba Iulia, Sebe\u0219, Aiud, Blaj","potentialAction":[{"@type":"SearchAction","target":{"@type":"EntryPoint","urlTemplate":"https:\/\/urbeamea.ro\/albaiulia\/?s={search_term_string}"},"query-input":{"@type":"PropertyValueSpecification","valueRequired":true,"valueName":"search_term_string"}}],"inLanguage":"ro-RO"},{"@type":"Person","@id":"https:\/\/urbeamea.ro\/albaiulia\/#\/schema\/person\/a115373ce8153754c6b084232d985956","name":"Bogdan P\u0103unescu","image":{"@type":"ImageObject","inLanguage":"ro-RO","@id":"https:\/\/secure.gravatar.com\/avatar\/f72aa881b5a32ea110a53aabc2049429e3ff68fcb09d283722d01fbf330e9dd9?s=96&d=mm&r=g","url":"https:\/\/secure.gravatar.com\/avatar\/f72aa881b5a32ea110a53aabc2049429e3ff68fcb09d283722d01fbf330e9dd9?s=96&d=mm&r=g","contentUrl":"https:\/\/secure.gravatar.com\/avatar\/f72aa881b5a32ea110a53aabc2049429e3ff68fcb09d283722d01fbf330e9dd9?s=96&d=mm&r=g","caption":"Bogdan P\u0103unescu"},"description":"\u00cemi place tot ceea ce este legat de web \u015fi ajut la dezvoltarea \u015fi \u00eembun\u0103t\u0103\u0163irea lui prin tot ceea ce fac.","sameAs":["https:\/\/www.artonmedia.ro","https:\/\/www.facebook.com\/bogdanvpaunescu"],"url":"https:\/\/urbeamea.ro\/albaiulia\/author\/bogdan-paunescu\/"}]}},"_links":{"self":[{"href":"https:\/\/urbeamea.ro\/albaiulia\/wp-json\/wp\/v2\/posts\/40399","targetHints":{"allow":["GET"]}}],"collection":[{"href":"https:\/\/urbeamea.ro\/albaiulia\/wp-json\/wp\/v2\/posts"}],"about":[{"href":"https:\/\/urbeamea.ro\/albaiulia\/wp-json\/wp\/v2\/types\/post"}],"author":[{"embeddable":true,"href":"https:\/\/urbeamea.ro\/albaiulia\/wp-json\/wp\/v2\/users\/5"}],"replies":[{"embeddable":true,"href":"https:\/\/urbeamea.ro\/albaiulia\/wp-json\/wp\/v2\/comments?post=40399"}],"version-history":[{"count":0,"href":"https:\/\/urbeamea.ro\/albaiulia\/wp-json\/wp\/v2\/posts\/40399\/revisions"}],"wp:featuredmedia":[{"embeddable":true,"href":"https:\/\/urbeamea.ro\/albaiulia\/wp-json\/wp\/v2\/media\/40400"}],"wp:attachment":[{"href":"https:\/\/urbeamea.ro\/albaiulia\/wp-json\/wp\/v2\/media?parent=40399"}],"wp:term":[{"taxonomy":"category","embeddable":true,"href":"https:\/\/urbeamea.ro\/albaiulia\/wp-json\/wp\/v2\/categories?post=40399"},{"taxonomy":"post_tag","embeddable":true,"href":"https:\/\/urbeamea.ro\/albaiulia\/wp-json\/wp\/v2\/tags?post=40399"}],"curies":[{"name":"wp","href":"https:\/\/api.w.org\/{rel}","templated":true}]}}