{"id":40634,"date":"2017-02-27T15:01:59","date_gmt":"2017-02-27T13:01:59","guid":{"rendered":"http:\/\/urbeamea.ro\/albaiulia\/?p=40634"},"modified":"2017-02-27T15:01:59","modified_gmt":"2017-02-27T13:01:59","slug":"miercuri-expozitia-de-pictura-inceputuri-semnata-de-eugenia-cacoveanu-la-galeriile-inter-art-aiud","status":"publish","type":"post","link":"https:\/\/urbeamea.ro\/albaiulia\/miercuri-expozitia-de-pictura-inceputuri-semnata-de-eugenia-cacoveanu-la-galeriile-inter-art-aiud\/","title":{"rendered":"Miercuri: Expozi\u0163ia de pictur\u0103 \u201e\u00cenceputuri\u201d, semnat\u0103 de Eugenia Cacoveanu, la Galeriile Inter-Art Aiud"},"content":{"rendered":"<p><strong>Miercuri, 1 martie, \u00eencep\u00e2nd cu ora 17.00, la Galeriile Inter-Art Aiud va avea loc vernisajul unei expozi\u021bii de pictur\u0103 intitulat\u0103 \u201e\u00cenceputuri\u201d \u0219i semnat\u0103 de Eugenia Cacovean.<\/strong><\/p>\n<p>Evenimentul va fi prezentat de poetul Ioan M\u0103rgineanu \u0219i poetul Ioan H\u0103d\u0103rig.<\/p>\n<p><strong>Despre Eugenia Cacovean:<\/strong><\/p>\n<p align=\"JUSTIFY\">Activitatea profesional\u0103: TCI-Timi\u0219oara (1975-1980), Centrul Proiectare Metalurgica Aiud (1980-1988), Casa de Cultur\u0103 Aiud \u2013 director (1988-2003)<\/p>\n<p align=\"JUSTIFY\">Activitate artistic\u0103:<\/p>\n<p align=\"JUSTIFY\">Tabere crea\u021bie art\u0103 plastic\u0103:<\/p>\n<ul>\n<li>1996-1999 \u2013 Cincis, Hunedoara,<\/li>\n<li>2001-2003 \u2013 Gyomaendrod, Ungaria,<\/li>\n<li>2005 -Bekescsaba, Ungaria,<\/li>\n<li>2006-2008 \u2013 Insula Veranka, Ungaria,<\/li>\n<li>2010 \u2013 Haios, Ungaria,<\/li>\n<li>2015 \u2013 Saint \u2013 Maurice, Fran\u021ba,<\/li>\n<li>2016 -Mangalia<\/li>\n<\/ul>\n<p align=\"JUSTIFY\">Expozi\u021bii de grup:<\/p>\n<ul>\n<li>2005-2008\u00a0 \u2013 Ungaria,<\/li>\n<li>2015 \u2013 Fran\u021ba,<\/li>\n<li>2016 \u2013 Sibiu \u0219i Mangalia.<\/li>\n<\/ul>\n<p align=\"JUSTIFY\">Lucr\u0103ri \u00een colec\u021bii particulare: Rom\u00e2nia, Ungaria, Spania \u0219i Fran\u021ba.<\/p>\n<p align=\"JUSTIFY\">Activitate literar\u0103:<\/p>\n<ul>\n<li>1993 \u2013 colaborator la \u201eAiud-Localitate multiseculara\u201d (repere monografice),<\/li>\n<li>1995 \u2013 Premiul 3 la Concursul na\u021bional de poezie \u201eOctavian Goga\u201d Cluj Napoca,<\/li>\n<li>1999 \u2013 Redactor de carte \u201ePoezii\u201d Livia Rebreanu Hulea,<\/li>\n<li>1991-2003 \u2013 Organizator \u0219i coordonator al \u201eZilelor Culturale Liviu Rebreanu\u201dAiud edi\u021biile I-XIII,<\/li>\n<li>1995-2003 \u2013 Organizator \u0219i coordonator al \u201eColocviilor de poezie \u0219i literatur\u0103 \u201d Aiud edi\u021biile I \u2013 X,<\/li>\n<li>2000 \u2013 Realizator \u0219i coordonator al volumelor: Pictori Aiudeni -cuv\u00e2nt \u00eenainte, Caietele Rebreanu \u2013 cuv\u00e2nt \u00eenainte, Caietele concursului de proza scurt\u0103 \u201eLiviu Rebreanu \u201e<\/li>\n<li>2000 -Volum personal de poezii \u201ePe t\u0103rmul vinov\u0103\u021biei \u201d -Editura Augusta Timi\u0219oara; copert\u0103 pictur\u0103 Ioan Victor Cacovean; posfa\u021b\u0103 critic literar Petru Poanta.<\/li>\n<li>2002 \u2013 redactor de carte \u201eC\u00e2ntecul vie\u021bii \u201e- Cartea amintirilor. Autor Maria Pussy Gligor-Hulea<\/li>\n<\/ul>\n","protected":false},"excerpt":{"rendered":"<p>Miercuri, 1 martie, \u00eencep\u00e2nd cu ora 17.00, la Galeriile Inter-Art Aiud va avea loc vernisajul unei expozi\u021bii de pictur\u0103 intitulat\u0103 \u201e\u00cenceputuri\u201d \u0219i semnat\u0103 de Eugenia Cacovean. Evenimentul va fi prezentat de poetul Ioan M\u0103rgineanu \u0219i poetul Ioan H\u0103d\u0103rig. Despre Eugenia Cacovean: Activitatea profesional\u0103: TCI-Timi\u0219oara (1975-1980), Centrul Proiectare Metalurgica Aiud (1980-1988), Casa de Cultur\u0103 Aiud \u2013 &hellip;<\/p>\n","protected":false},"author":17,"featured_media":40635,"comment_status":"open","ping_status":"open","sticky":false,"template":"","format":"standard","meta":{"inline_featured_image":false,"footnotes":""},"categories":[2038],"tags":[385,307,10151,908,10150,308,76],"class_list":["post-40634","post","type-post","status-publish","format-standard","has-post-thumbnail","hentry","category-cultura","tag-aiud","tag-alba","tag-eugenia-cacovean","tag-expozitie-de-pictura","tag-galeriile-inter-art","tag-stiri","tag-urbea-mea"],"yoast_head":"<!-- This site is optimized with the Yoast SEO plugin v28.3 - https:\/\/yoast.com\/product\/yoast-seo-wordpress\/ -->\n<title>Miercuri: Expozi\u0163ia de pictur\u0103 \u201e\u00cenceputuri\u201d, semnat\u0103 de Eugenia Cacoveanu, la Galeriile Inter-Art Aiud - Revista Urbea Mea - Revista de Alba<\/title>\n<meta name=\"description\" content=\"Miercuri, 1 martie, \u00eencep\u00e2nd cu ora 17.00, la Galeriile Inter-Art Aiud va avea loc vernisajul unei expozi\u021bii de pictur\u0103 intitulat\u0103 \u201e\u00cenceputuri\u201d \u0219i semnat\u0103\" \/>\n<meta name=\"robots\" content=\"index, follow, max-snippet:-1, max-image-preview:large, max-video-preview:-1\" \/>\n<link rel=\"canonical\" href=\"https:\/\/urbeamea.ro\/albaiulia\/miercuri-expozitia-de-pictura-inceputuri-semnata-de-eugenia-cacoveanu-la-galeriile-inter-art-aiud\/\" \/>\n<meta name=\"twitter:card\" content=\"summary_large_image\" \/>\n<meta name=\"twitter:title\" content=\"Miercuri: Expozi\u0163ia de pictur\u0103 \u201e\u00cenceputuri\u201d, semnat\u0103 de Eugenia Cacoveanu, la Galeriile Inter-Art Aiud - Revista Urbea Mea - Revista de Alba\" \/>\n<meta name=\"twitter:description\" content=\"Miercuri, 1 martie, \u00eencep\u00e2nd cu ora 17.00, la Galeriile Inter-Art Aiud va avea loc vernisajul unei expozi\u021bii de pictur\u0103 intitulat\u0103 \u201e\u00cenceputuri\u201d \u0219i semnat\u0103\" \/>\n<meta name=\"twitter:image\" content=\"https:\/\/urbeamea.ro\/albaiulia\/wp-content\/uploads\/2017\/02\/afis-eugenia-cacovean-e1488181443609.jpg\" \/>\n<meta name=\"twitter:creator\" content=\"@urbeameaweb\" \/>\n<meta name=\"twitter:site\" content=\"@urbeameaweb\" \/>\n<script type=\"application\/ld+json\" class=\"yoast-schema-graph\">{\"@context\":\"https:\\\/\\\/schema.org\",\"@graph\":[{\"@type\":\"Article\",\"@id\":\"https:\\\/\\\/urbeamea.ro\\\/albaiulia\\\/miercuri-expozitia-de-pictura-inceputuri-semnata-de-eugenia-cacoveanu-la-galeriile-inter-art-aiud\\\/#article\",\"isPartOf\":{\"@id\":\"https:\\\/\\\/urbeamea.ro\\\/albaiulia\\\/miercuri-expozitia-de-pictura-inceputuri-semnata-de-eugenia-cacoveanu-la-galeriile-inter-art-aiud\\\/\"},\"author\":{\"name\":\"Cristina Ganga\",\"@id\":\"https:\\\/\\\/urbeamea.ro\\\/albaiulia\\\/#\\\/schema\\\/person\\\/9700d21fae21c4f038b0b56f4506264a\"},\"headline\":\"Miercuri: Expozi\u0163ia de pictur\u0103 \u201e\u00cenceputuri\u201d, semnat\u0103 de Eugenia Cacoveanu, la Galeriile Inter-Art Aiud\",\"datePublished\":\"2017-02-27T13:01:59+00:00\",\"mainEntityOfPage\":{\"@id\":\"https:\\\/\\\/urbeamea.ro\\\/albaiulia\\\/miercuri-expozitia-de-pictura-inceputuri-semnata-de-eugenia-cacoveanu-la-galeriile-inter-art-aiud\\\/\"},\"wordCount\":237,\"commentCount\":0,\"image\":{\"@id\":\"https:\\\/\\\/urbeamea.ro\\\/albaiulia\\\/miercuri-expozitia-de-pictura-inceputuri-semnata-de-eugenia-cacoveanu-la-galeriile-inter-art-aiud\\\/#primaryimage\"},\"thumbnailUrl\":\"https:\\\/\\\/urbeamea.ro\\\/albaiulia\\\/wp-content\\\/uploads\\\/2017\\\/02\\\/afis-eugenia-cacovean-e1488181443609.jpg\",\"keywords\":[\"aiud\",\"alba\",\"eugenia cacovean\",\"expozitie de pictura\",\"galeriile inter-art\",\"stiri\",\"Urbea Mea\"],\"articleSection\":[\"Cultur\u0103\"],\"inLanguage\":\"ro-RO\",\"potentialAction\":[{\"@type\":\"CommentAction\",\"name\":\"Comment\",\"target\":[\"https:\\\/\\\/urbeamea.ro\\\/albaiulia\\\/miercuri-expozitia-de-pictura-inceputuri-semnata-de-eugenia-cacoveanu-la-galeriile-inter-art-aiud\\\/#respond\"]}]},{\"@type\":\"WebPage\",\"@id\":\"https:\\\/\\\/urbeamea.ro\\\/albaiulia\\\/miercuri-expozitia-de-pictura-inceputuri-semnata-de-eugenia-cacoveanu-la-galeriile-inter-art-aiud\\\/\",\"url\":\"https:\\\/\\\/urbeamea.ro\\\/albaiulia\\\/miercuri-expozitia-de-pictura-inceputuri-semnata-de-eugenia-cacoveanu-la-galeriile-inter-art-aiud\\\/\",\"name\":\"Miercuri: Expozi\u0163ia de pictur\u0103 \u201e\u00cenceputuri\u201d, semnat\u0103 de Eugenia Cacoveanu, la Galeriile Inter-Art Aiud - Revista Urbea Mea - Revista de Alba\",\"isPartOf\":{\"@id\":\"https:\\\/\\\/urbeamea.ro\\\/albaiulia\\\/#website\"},\"primaryImageOfPage\":{\"@id\":\"https:\\\/\\\/urbeamea.ro\\\/albaiulia\\\/miercuri-expozitia-de-pictura-inceputuri-semnata-de-eugenia-cacoveanu-la-galeriile-inter-art-aiud\\\/#primaryimage\"},\"image\":{\"@id\":\"https:\\\/\\\/urbeamea.ro\\\/albaiulia\\\/miercuri-expozitia-de-pictura-inceputuri-semnata-de-eugenia-cacoveanu-la-galeriile-inter-art-aiud\\\/#primaryimage\"},\"thumbnailUrl\":\"https:\\\/\\\/urbeamea.ro\\\/albaiulia\\\/wp-content\\\/uploads\\\/2017\\\/02\\\/afis-eugenia-cacovean-e1488181443609.jpg\",\"datePublished\":\"2017-02-27T13:01:59+00:00\",\"author\":{\"@id\":\"https:\\\/\\\/urbeamea.ro\\\/albaiulia\\\/#\\\/schema\\\/person\\\/9700d21fae21c4f038b0b56f4506264a\"},\"description\":\"Miercuri, 1 martie, \u00eencep\u00e2nd cu ora 17.00, la Galeriile Inter-Art Aiud va avea loc vernisajul unei expozi\u021bii de pictur\u0103 intitulat\u0103 \u201e\u00cenceputuri\u201d \u0219i semnat\u0103\",\"breadcrumb\":{\"@id\":\"https:\\\/\\\/urbeamea.ro\\\/albaiulia\\\/miercuri-expozitia-de-pictura-inceputuri-semnata-de-eugenia-cacoveanu-la-galeriile-inter-art-aiud\\\/#breadcrumb\"},\"inLanguage\":\"ro-RO\",\"potentialAction\":[{\"@type\":\"ReadAction\",\"target\":[\"https:\\\/\\\/urbeamea.ro\\\/albaiulia\\\/miercuri-expozitia-de-pictura-inceputuri-semnata-de-eugenia-cacoveanu-la-galeriile-inter-art-aiud\\\/\"]}]},{\"@type\":\"ImageObject\",\"inLanguage\":\"ro-RO\",\"@id\":\"https:\\\/\\\/urbeamea.ro\\\/albaiulia\\\/miercuri-expozitia-de-pictura-inceputuri-semnata-de-eugenia-cacoveanu-la-galeriile-inter-art-aiud\\\/#primaryimage\",\"url\":\"https:\\\/\\\/urbeamea.ro\\\/albaiulia\\\/wp-content\\\/uploads\\\/2017\\\/02\\\/afis-eugenia-cacovean-e1488181443609.jpg\",\"contentUrl\":\"https:\\\/\\\/urbeamea.ro\\\/albaiulia\\\/wp-content\\\/uploads\\\/2017\\\/02\\\/afis-eugenia-cacovean-e1488181443609.jpg\",\"width\":836,\"height\":1200},{\"@type\":\"BreadcrumbList\",\"@id\":\"https:\\\/\\\/urbeamea.ro\\\/albaiulia\\\/miercuri-expozitia-de-pictura-inceputuri-semnata-de-eugenia-cacoveanu-la-galeriile-inter-art-aiud\\\/#breadcrumb\",\"itemListElement\":[{\"@type\":\"ListItem\",\"position\":1,\"name\":\"Prima pagin\u0103\",\"item\":\"https:\\\/\\\/urbeamea.ro\\\/albaiulia\\\/\"},{\"@type\":\"ListItem\",\"position\":2,\"name\":\"Miercuri: Expozi\u0163ia de pictur\u0103 \u201e\u00cenceputuri\u201d, semnat\u0103 de Eugenia Cacoveanu, la Galeriile Inter-Art Aiud\"}]},{\"@type\":\"WebSite\",\"@id\":\"https:\\\/\\\/urbeamea.ro\\\/albaiulia\\\/#website\",\"url\":\"https:\\\/\\\/urbeamea.ro\\\/albaiulia\\\/\",\"name\":\"Revista Urbea Mea, Stiri urbane\",\"description\":\"Evenimente \u0219i \u0219tiri din Alba Iulia, Sebe\u0219, Aiud, Blaj\",\"potentialAction\":[{\"@type\":\"SearchAction\",\"target\":{\"@type\":\"EntryPoint\",\"urlTemplate\":\"https:\\\/\\\/urbeamea.ro\\\/albaiulia\\\/?s={search_term_string}\"},\"query-input\":{\"@type\":\"PropertyValueSpecification\",\"valueRequired\":true,\"valueName\":\"search_term_string\"}}],\"inLanguage\":\"ro-RO\"},{\"@type\":\"Person\",\"@id\":\"https:\\\/\\\/urbeamea.ro\\\/albaiulia\\\/#\\\/schema\\\/person\\\/9700d21fae21c4f038b0b56f4506264a\",\"name\":\"Cristina Ganga\",\"image\":{\"@type\":\"ImageObject\",\"inLanguage\":\"ro-RO\",\"@id\":\"https:\\\/\\\/secure.gravatar.com\\\/avatar\\\/5a67661041f057b4a8ccaf26f5a8e86e2689372006d01faf3dd9eeb10b654bb4?s=96&d=mm&r=g\",\"url\":\"https:\\\/\\\/secure.gravatar.com\\\/avatar\\\/5a67661041f057b4a8ccaf26f5a8e86e2689372006d01faf3dd9eeb10b654bb4?s=96&d=mm&r=g\",\"contentUrl\":\"https:\\\/\\\/secure.gravatar.com\\\/avatar\\\/5a67661041f057b4a8ccaf26f5a8e86e2689372006d01faf3dd9eeb10b654bb4?s=96&d=mm&r=g\",\"caption\":\"Cristina Ganga\"},\"description\":\"Jurnalist\",\"sameAs\":[\"https:\\\/\\\/www.facebook.com\\\/cristina.nicola.587\"],\"url\":\"https:\\\/\\\/urbeamea.ro\\\/albaiulia\\\/author\\\/cristina-nicola\\\/\"}]}<\/script>\n<!-- \/ Yoast SEO plugin. -->","yoast_head_json":{"title":"Miercuri: Expozi\u0163ia de pictur\u0103 \u201e\u00cenceputuri\u201d, semnat\u0103 de Eugenia Cacoveanu, la Galeriile Inter-Art Aiud - Revista Urbea Mea - Revista de Alba","description":"Miercuri, 1 martie, \u00eencep\u00e2nd cu ora 17.00, la Galeriile Inter-Art Aiud va avea loc vernisajul unei expozi\u021bii de pictur\u0103 intitulat\u0103 \u201e\u00cenceputuri\u201d \u0219i semnat\u0103","robots":{"index":"index","follow":"follow","max-snippet":"max-snippet:-1","max-image-preview":"max-image-preview:large","max-video-preview":"max-video-preview:-1"},"canonical":"https:\/\/urbeamea.ro\/albaiulia\/miercuri-expozitia-de-pictura-inceputuri-semnata-de-eugenia-cacoveanu-la-galeriile-inter-art-aiud\/","twitter_card":"summary_large_image","twitter_title":"Miercuri: Expozi\u0163ia de pictur\u0103 \u201e\u00cenceputuri\u201d, semnat\u0103 de Eugenia Cacoveanu, la Galeriile Inter-Art Aiud - Revista Urbea Mea - Revista de Alba","twitter_description":"Miercuri, 1 martie, \u00eencep\u00e2nd cu ora 17.00, la Galeriile Inter-Art Aiud va avea loc vernisajul unei expozi\u021bii de pictur\u0103 intitulat\u0103 \u201e\u00cenceputuri\u201d \u0219i semnat\u0103","twitter_image":"https:\/\/urbeamea.ro\/albaiulia\/wp-content\/uploads\/2017\/02\/afis-eugenia-cacovean-e1488181443609.jpg","twitter_creator":"@urbeameaweb","twitter_site":"@urbeameaweb","schema":{"@context":"https:\/\/schema.org","@graph":[{"@type":"Article","@id":"https:\/\/urbeamea.ro\/albaiulia\/miercuri-expozitia-de-pictura-inceputuri-semnata-de-eugenia-cacoveanu-la-galeriile-inter-art-aiud\/#article","isPartOf":{"@id":"https:\/\/urbeamea.ro\/albaiulia\/miercuri-expozitia-de-pictura-inceputuri-semnata-de-eugenia-cacoveanu-la-galeriile-inter-art-aiud\/"},"author":{"name":"Cristina Ganga","@id":"https:\/\/urbeamea.ro\/albaiulia\/#\/schema\/person\/9700d21fae21c4f038b0b56f4506264a"},"headline":"Miercuri: Expozi\u0163ia de pictur\u0103 \u201e\u00cenceputuri\u201d, semnat\u0103 de Eugenia Cacoveanu, la Galeriile Inter-Art Aiud","datePublished":"2017-02-27T13:01:59+00:00","mainEntityOfPage":{"@id":"https:\/\/urbeamea.ro\/albaiulia\/miercuri-expozitia-de-pictura-inceputuri-semnata-de-eugenia-cacoveanu-la-galeriile-inter-art-aiud\/"},"wordCount":237,"commentCount":0,"image":{"@id":"https:\/\/urbeamea.ro\/albaiulia\/miercuri-expozitia-de-pictura-inceputuri-semnata-de-eugenia-cacoveanu-la-galeriile-inter-art-aiud\/#primaryimage"},"thumbnailUrl":"https:\/\/urbeamea.ro\/albaiulia\/wp-content\/uploads\/2017\/02\/afis-eugenia-cacovean-e1488181443609.jpg","keywords":["aiud","alba","eugenia cacovean","expozitie de pictura","galeriile inter-art","stiri","Urbea Mea"],"articleSection":["Cultur\u0103"],"inLanguage":"ro-RO","potentialAction":[{"@type":"CommentAction","name":"Comment","target":["https:\/\/urbeamea.ro\/albaiulia\/miercuri-expozitia-de-pictura-inceputuri-semnata-de-eugenia-cacoveanu-la-galeriile-inter-art-aiud\/#respond"]}]},{"@type":"WebPage","@id":"https:\/\/urbeamea.ro\/albaiulia\/miercuri-expozitia-de-pictura-inceputuri-semnata-de-eugenia-cacoveanu-la-galeriile-inter-art-aiud\/","url":"https:\/\/urbeamea.ro\/albaiulia\/miercuri-expozitia-de-pictura-inceputuri-semnata-de-eugenia-cacoveanu-la-galeriile-inter-art-aiud\/","name":"Miercuri: Expozi\u0163ia de pictur\u0103 \u201e\u00cenceputuri\u201d, semnat\u0103 de Eugenia Cacoveanu, la Galeriile Inter-Art Aiud - Revista Urbea Mea - Revista de Alba","isPartOf":{"@id":"https:\/\/urbeamea.ro\/albaiulia\/#website"},"primaryImageOfPage":{"@id":"https:\/\/urbeamea.ro\/albaiulia\/miercuri-expozitia-de-pictura-inceputuri-semnata-de-eugenia-cacoveanu-la-galeriile-inter-art-aiud\/#primaryimage"},"image":{"@id":"https:\/\/urbeamea.ro\/albaiulia\/miercuri-expozitia-de-pictura-inceputuri-semnata-de-eugenia-cacoveanu-la-galeriile-inter-art-aiud\/#primaryimage"},"thumbnailUrl":"https:\/\/urbeamea.ro\/albaiulia\/wp-content\/uploads\/2017\/02\/afis-eugenia-cacovean-e1488181443609.jpg","datePublished":"2017-02-27T13:01:59+00:00","author":{"@id":"https:\/\/urbeamea.ro\/albaiulia\/#\/schema\/person\/9700d21fae21c4f038b0b56f4506264a"},"description":"Miercuri, 1 martie, \u00eencep\u00e2nd cu ora 17.00, la Galeriile Inter-Art Aiud va avea loc vernisajul unei expozi\u021bii de pictur\u0103 intitulat\u0103 \u201e\u00cenceputuri\u201d \u0219i semnat\u0103","breadcrumb":{"@id":"https:\/\/urbeamea.ro\/albaiulia\/miercuri-expozitia-de-pictura-inceputuri-semnata-de-eugenia-cacoveanu-la-galeriile-inter-art-aiud\/#breadcrumb"},"inLanguage":"ro-RO","potentialAction":[{"@type":"ReadAction","target":["https:\/\/urbeamea.ro\/albaiulia\/miercuri-expozitia-de-pictura-inceputuri-semnata-de-eugenia-cacoveanu-la-galeriile-inter-art-aiud\/"]}]},{"@type":"ImageObject","inLanguage":"ro-RO","@id":"https:\/\/urbeamea.ro\/albaiulia\/miercuri-expozitia-de-pictura-inceputuri-semnata-de-eugenia-cacoveanu-la-galeriile-inter-art-aiud\/#primaryimage","url":"https:\/\/urbeamea.ro\/albaiulia\/wp-content\/uploads\/2017\/02\/afis-eugenia-cacovean-e1488181443609.jpg","contentUrl":"https:\/\/urbeamea.ro\/albaiulia\/wp-content\/uploads\/2017\/02\/afis-eugenia-cacovean-e1488181443609.jpg","width":836,"height":1200},{"@type":"BreadcrumbList","@id":"https:\/\/urbeamea.ro\/albaiulia\/miercuri-expozitia-de-pictura-inceputuri-semnata-de-eugenia-cacoveanu-la-galeriile-inter-art-aiud\/#breadcrumb","itemListElement":[{"@type":"ListItem","position":1,"name":"Prima pagin\u0103","item":"https:\/\/urbeamea.ro\/albaiulia\/"},{"@type":"ListItem","position":2,"name":"Miercuri: Expozi\u0163ia de pictur\u0103 \u201e\u00cenceputuri\u201d, semnat\u0103 de Eugenia Cacoveanu, la Galeriile Inter-Art Aiud"}]},{"@type":"WebSite","@id":"https:\/\/urbeamea.ro\/albaiulia\/#website","url":"https:\/\/urbeamea.ro\/albaiulia\/","name":"Revista Urbea Mea, Stiri urbane","description":"Evenimente \u0219i \u0219tiri din Alba Iulia, Sebe\u0219, Aiud, Blaj","potentialAction":[{"@type":"SearchAction","target":{"@type":"EntryPoint","urlTemplate":"https:\/\/urbeamea.ro\/albaiulia\/?s={search_term_string}"},"query-input":{"@type":"PropertyValueSpecification","valueRequired":true,"valueName":"search_term_string"}}],"inLanguage":"ro-RO"},{"@type":"Person","@id":"https:\/\/urbeamea.ro\/albaiulia\/#\/schema\/person\/9700d21fae21c4f038b0b56f4506264a","name":"Cristina Ganga","image":{"@type":"ImageObject","inLanguage":"ro-RO","@id":"https:\/\/secure.gravatar.com\/avatar\/5a67661041f057b4a8ccaf26f5a8e86e2689372006d01faf3dd9eeb10b654bb4?s=96&d=mm&r=g","url":"https:\/\/secure.gravatar.com\/avatar\/5a67661041f057b4a8ccaf26f5a8e86e2689372006d01faf3dd9eeb10b654bb4?s=96&d=mm&r=g","contentUrl":"https:\/\/secure.gravatar.com\/avatar\/5a67661041f057b4a8ccaf26f5a8e86e2689372006d01faf3dd9eeb10b654bb4?s=96&d=mm&r=g","caption":"Cristina Ganga"},"description":"Jurnalist","sameAs":["https:\/\/www.facebook.com\/cristina.nicola.587"],"url":"https:\/\/urbeamea.ro\/albaiulia\/author\/cristina-nicola\/"}]}},"_links":{"self":[{"href":"https:\/\/urbeamea.ro\/albaiulia\/wp-json\/wp\/v2\/posts\/40634","targetHints":{"allow":["GET"]}}],"collection":[{"href":"https:\/\/urbeamea.ro\/albaiulia\/wp-json\/wp\/v2\/posts"}],"about":[{"href":"https:\/\/urbeamea.ro\/albaiulia\/wp-json\/wp\/v2\/types\/post"}],"author":[{"embeddable":true,"href":"https:\/\/urbeamea.ro\/albaiulia\/wp-json\/wp\/v2\/users\/17"}],"replies":[{"embeddable":true,"href":"https:\/\/urbeamea.ro\/albaiulia\/wp-json\/wp\/v2\/comments?post=40634"}],"version-history":[{"count":0,"href":"https:\/\/urbeamea.ro\/albaiulia\/wp-json\/wp\/v2\/posts\/40634\/revisions"}],"wp:featuredmedia":[{"embeddable":true,"href":"https:\/\/urbeamea.ro\/albaiulia\/wp-json\/wp\/v2\/media\/40635"}],"wp:attachment":[{"href":"https:\/\/urbeamea.ro\/albaiulia\/wp-json\/wp\/v2\/media?parent=40634"}],"wp:term":[{"taxonomy":"category","embeddable":true,"href":"https:\/\/urbeamea.ro\/albaiulia\/wp-json\/wp\/v2\/categories?post=40634"},{"taxonomy":"post_tag","embeddable":true,"href":"https:\/\/urbeamea.ro\/albaiulia\/wp-json\/wp\/v2\/tags?post=40634"}],"curies":[{"name":"wp","href":"https:\/\/api.w.org\/{rel}","templated":true}]}}