{"id":40641,"date":"2017-02-27T20:20:05","date_gmt":"2017-02-27T18:20:05","guid":{"rendered":"http:\/\/urbeamea.ro\/albaiulia\/?p=40641"},"modified":"2017-02-27T20:20:05","modified_gmt":"2017-02-27T18:20:05","slug":"marti-sedinta-ordinara-la-consiliului-local-sebes-19-proiecte-pe-ordinea-de-zi","status":"publish","type":"post","link":"https:\/\/urbeamea.ro\/albaiulia\/marti-sedinta-ordinara-la-consiliului-local-sebes-19-proiecte-pe-ordinea-de-zi\/","title":{"rendered":"Mar\u0163i: \u015eedin\u0163\u0103 ordinar\u0103 la Consiliului Local Sebe\u0219. 19 proiecte pe ordinea de zi"},"content":{"rendered":"<p><strong>\u00cen data de 28.02.2017, la ora 14.00, la Consiliul Local al Municipiului Sebe\u015f, jude\u0163ul Alba va avea loc \u015fedin\u0163a public\u0103 ordinar\u0103, \u00een sala de \u015fedin\u0163e \u201eRadu Stanca\u201d a Prim\u0103riei Municipiului Sebe\u015f\u00a0 (camera 17), cu urm\u0103toarele proiecte pe ordinea de zi:<\/strong><\/p>\n<ol>\n<li>Proiect de hot\u0103r\u00e2re privind aprobarea documenta\u0163iei cadastrale de dezlipire a imobilului \u00eenscris \u00een CF nr. 70916 Petre\u015fti, situat \u00een intravilanul Municipiului Sebe\u015f, Localitatea Petre\u015fti, str. Energiei, nr. 127.<\/li>\n<\/ol>\n<p><em>Ini\u0163iator proiect: Primarul Municipiului Sebe\u015f, Dorin Nistor. <\/em><\/p>\n<ol start=\"2\">\n<li>Proiect de hot\u0103r\u00e2re privind completarea anexei1 la HCL nr. 3\/2017 privind aprobarea calendarului de activit\u0103\u0163i cultural-educative ce se vor desf\u0103\u015fura \u00een cursul anului 2017.<\/li>\n<\/ol>\n<p><em>Ini\u0163iator proiect: Primarul Municipiului Sebe\u015f, Dorin Nistor.<\/em><ins class=\"adsbygoogle\" data-ad-client=\"ca-pub-3659271444570615\" data-ad-slot=\"4262055484\" data-ad-format=\"link\" data-adsbygoogle-status=\"done\"><ins id=\"aswift_3_expand\"><ins id=\"aswift_3_anchor\"><\/ins><\/ins><\/ins><strong>\u00a0\u00a0\u00a0\u00a0\u00a0\u00a0\u00a0\u00a0\u00a0\u00a0\u00a0\u00a0\u00a0\u00a0\u00a0\u00a0\u00a0\u00a0\u00a0\u00a0 <\/strong><\/p>\n<ol start=\"3\">\n<li>Proiect de hot\u0103r\u00e2re privind neexercitarea dreptului de preem\u0163iune privitor la cump\u0103rarea imobilului situat administrativ \u00een Sebe\u015f, str. 9 Mai, nr.4, imobil monument istoric conform Listei Monumentelor Istorice 2015, nr. crt.542 cod AB-II-m-B-00330.<\/li>\n<\/ol>\n<p><em>Ini\u0163iator proiect: Primarul Municipiului Sebe\u015f, Dorin Nistor. <\/em><\/p>\n<ol start=\"4\">\n<li>Proiect de hot\u0103r\u00e2re privind modificarea HCL nr. 320\/2016 de aprobare a Regulamentului de aprobare a sporului pentru condi\u0163ii v\u0103t\u0103m\u0103toare de munc\u0103, \u00een conformitate cu prevederile Legii nr. 2387\/2010 privind salarizarea unitar\u0103 a personalului pl\u0103tit din fonduri publice.<\/li>\n<\/ol>\n<p><em>Ini\u0163iator proiect: Primarul Municipiului Sebe\u015f, Dorin Nistor.<\/em><strong><br \/>\n<\/strong><\/p>\n<ol start=\"5\">\n<li>Proiect de hot\u0103r\u00e2re privind aprobarea modific\u0103rii statului de func\u0163ii\u00a0 al Serviciului Public\u00a0 Comunitar\u00a0 Local de Eviden\u0163\u0103 a Persoanelor Sebe\u015f \u015fi al Direc\u0163iei Poli\u0163ia Local\u0103 Sebe\u015f.<\/li>\n<\/ol>\n<p><em>Ini\u0163iator proiect: Primarul Municipiului Sebe\u015f, Dorin Nistor. <\/em><\/p>\n<ol start=\"6\">\n<li>Proiect de hot\u0103r\u00e2re privind aprobarea \u00eenchirierii prin licita\u0163ie public\u0103 deschis\u0103 a unui teren \u00een suprafa\u0163\u0103 de 53 mp. Situat administrativ \u00een Sebe\u015f. Str. C\u0103l\u0103ra\u015fi, nr. 1B, apar\u0163in\u00e2nd domeniului public al Municipiului Sebe\u015f.<\/li>\n<\/ol>\n<p><em>Ini\u0163iator proiect: Primarul Municipiului Sebe\u015f, Dorin Nistor. <\/em><\/p>\n<ol start=\"7\">\n<li>Proiect de hot\u0103r\u00e2re privind\u00a0\u00a0 aprobarea \u00eenfiin\u0163\u0103rii Asocia\u0163iei \u201eGrupul de Ac\u0163iune Local\u0103 Sebe\u015f\u201d<\/li>\n<\/ol>\n<p><em>Ini\u0163iator proiect: Primarul Municipiului Sebe\u015f, Dorin Nistor. <\/em><\/p>\n<ol start=\"8\">\n<li>Proiect de hot\u0103r\u00e2re privind\u00a0 aprobarea documenta\u0163iei PUZ \u015fi a RLU , proiect nr. 15\/2016 ,,PLAN URBANISTIC ZONAL CONSTRUIRE\u00a0 ANSAMBLU REZIDEN\u0162IAL ( Locuin\u0163e colective cu regim de \u00een\u0103l\u0163ime de la P+3 la P+6, func\u0163iuni complementare \u015fi spa\u0163ii de agrement)\u201d , Sebe\u015f,\u00a0 Transilvania, nr. 2, jud. Alba.<\/li>\n<\/ol>\n<p><em>Ini\u0163iator proiect: Primarul Municipiului Sebe\u015f, Dorin Nistor. <\/em><\/p>\n<ol start=\"9\">\n<li>Proiect de hot\u0103r\u00e2re privind aprobarea documenta\u0163iei PUZ \u015fi a RLU proiect nr. 76\/2016 ,, Construire hal\u0103 produc\u0163ie \u015fi depozitare de 800 mp.\u201d, Municipiul Sebe\u015f, str. F\u00e2nt\u00e2nele, nr. 51E, jud. Alba.<\/li>\n<\/ol>\n<p><em>Ini\u0163iator proiect: Primarul Municipiului Sebe\u015f, Dorin Nistor. <\/em><\/p>\n<ol start=\"10\">\n<li>Proiect de hot\u0103r\u00e2re privind aprobarea cuantumului burselor care se acord\u0103 elevilor din \u00eenv\u0103\u0163\u0103m\u00e2ntul preuniversitar de stat din Municipiul Sebe\u015f \u00een anul 2017 p\u00e2n\u0103 la finalizarea anului \u015fcolar 2016-2017.<\/li>\n<\/ol>\n<p><em>Ini\u0163iator proiect: Primarul Municipiului Sebe\u015f, Dorin Nistor. <\/em><\/p>\n<ol start=\"11\">\n<li>Proiect de hot\u0103r\u00e2re privind aprobarea costului mediu lunar de \u00eentretinere, pentru anul 2017 si a cuantumului contribu\u0163iei de \u00eentre\u0163inere pentru persoanele asistate \u00een cadrul C\u0103minului pentru Persoane V\u00e2rstnice Sebe\u015f.<\/li>\n<\/ol>\n<p><em>Ini\u0163iator proiect: Primarul Municipiului Sebe\u015f, Dorin Nistor. <\/em><\/p>\n<ol start=\"12\">\n<li>Proiect de hot\u0103r\u00e2re privind \u00eensu\u015firea unei expertize extrajudiciare, aprobarea \u015fi semnarea tranzac\u0163iei.<\/li>\n<\/ol>\n<p><em>Ini\u0163iator proiect: Primarul Municipiului Sebe\u015f, Dorin Nistor. <\/em><\/p>\n<ol start=\"13\">\n<li>Proiect de hot\u0103r\u00e2re privind retragerea dreptului de folosin\u0163\u0103 asupra imobilului situat \u00een Sebe\u015f, str. Pia\u0163a Prim\u0103riei, nr. 2, jud. Alba, \u00eenscris \u00een CF nr. 6737, nr. top. 1497\/1.<\/li>\n<\/ol>\n<p><em>Ini\u0163iator proiect: Primarul Municipiului Sebe\u015f, Dorin Nistor.<\/em><strong><br \/>\n<\/strong><\/p>\n<ol start=\"14\">\n<li>Informarea nr. 5347\/08.02.2017 \u2013 raport de evaluare a implement\u0103rii Legii 544\/2001 pe anul 2016 al Serviciului Public de Asisten\u0163\u0103 Social\u0103 Sebe\u015f .<\/li>\n<li>Informarea nr. 5348\/08.02.2017 \u2013 raport de activitate pe anul 2016\u00a0 al Centrului de zi pentru\u00a0 copii cu dizabilit\u0103\u0163i Sebe\u015f din subordinea Serviciului Public de Asisten\u0163\u0103 Social\u0103 Sebe\u015f .<\/li>\n<li>Informarea nr. 5349\/08.02.2017 \u2013 raport de activitate pe anul 2016\u00a0 al Centrului de zi pentru\u00a0 persoane adulte cu dizabilit\u0103\u0163i\u00a0 Sebe\u015f din subordinea Serviciului Public de Asisten\u0163\u0103 Social\u0103 Sebe\u015f .<\/li>\n<li>Informarea nr. 5350\/08.02.2017 \u2013 raport de activitate\u00a0 pe anul 2016\u00a0 al Centrului de zi Petre\u015fti din subordinea Serviciului Public de Asisten\u0163\u0103 Social\u0103 Sebe\u015f .<\/li>\n<li>Informarea nr. 5351\/08.02.2017 \u2013 raport de activitate pe anul 2016 al Centrului de zi persoane v\u00e2rstnice\u00a0 Sebe\u015f din subordinea Serviciului Public de Asisten\u0163\u0103 Social\u0103 Sebe\u015f .<\/li>\n<li>Informarea nr. 5352\/08.02.2017 \u2013 raport de activitate pe anul 2016\u00a0 al Centrului de \u00eengrijire la domiciliu pentru persoane v\u00e2rstnice\u00a0\u00a0 Sebe\u015f din subordinea Serviciului Public de Asisten\u0163\u0103 Social\u0103 Sebe\u015f .<\/li>\n<\/ol>\n<ol>\n<li>Informarea nr. 5790\/10.02.2017 \u2013 Raport privind acordarea serviciilor de asisten\u0163\u0103 social\u0103 \u015fi utilizarea subven\u0163iilor de c\u0103tre asocia\u0163iile care au primit subven\u0163ii de la Consiliul Local al Municipiului Sebe\u015f\u00a0 \u00een anul 2016.<\/li>\n<\/ol>\n","protected":false},"excerpt":{"rendered":"<p>\u00cen data de 28.02.2017, la ora 14.00, la Consiliul Local al Municipiului Sebe\u015f, jude\u0163ul Alba va avea loc \u015fedin\u0163a public\u0103 ordinar\u0103, \u00een sala de \u015fedin\u0163e \u201eRadu Stanca\u201d a Prim\u0103riei Municipiului Sebe\u015f\u00a0 (camera 17), cu urm\u0103toarele proiecte pe ordinea de zi: Proiect de hot\u0103r\u00e2re privind aprobarea documenta\u0163iei cadastrale de dezlipire a imobilului \u00eenscris \u00een CF nr. &hellip;<\/p>\n","protected":false},"author":17,"featured_media":18354,"comment_status":"open","ping_status":"open","sticky":false,"template":"","format":"standard","meta":{"inline_featured_image":false,"footnotes":""},"categories":[2035],"tags":[307,2726,2132,625,1223,3243,308,76],"class_list":["post-40641","post","type-post","status-publish","format-standard","has-post-thumbnail","hentry","category-administratie","tag-alba","tag-consiliul-local","tag-ordinea-de-zi","tag-proiecte","tag-sebes","tag-sedinta-ordinara","tag-stiri","tag-urbea-mea"],"yoast_head":"<!-- This site is optimized with the Yoast SEO plugin v28.3 - https:\/\/yoast.com\/product\/yoast-seo-wordpress\/ -->\n<title>Mar\u0163i: \u015eedin\u0163\u0103 ordinar\u0103 la Consiliului Local Sebe\u0219. 19 proiecte pe ordinea de zi - Revista Urbea Mea - Revista de Alba<\/title>\n<meta name=\"description\" content=\"\u00cen data de 28.02.2017, la ora 14.00, la Consiliul Local al Municipiului Sebe\u015f, jude\u0163ul Alba va avea loc \u015fedin\u0163a public\u0103 ordinar\u0103, \u00een sala de \u015fedin\u0163e \u201eRadu\" \/>\n<meta name=\"robots\" content=\"index, follow, max-snippet:-1, max-image-preview:large, max-video-preview:-1\" \/>\n<link rel=\"canonical\" href=\"https:\/\/urbeamea.ro\/albaiulia\/marti-sedinta-ordinara-la-consiliului-local-sebes-19-proiecte-pe-ordinea-de-zi\/\" \/>\n<meta name=\"twitter:card\" content=\"summary_large_image\" \/>\n<meta name=\"twitter:title\" content=\"Mar\u0163i: \u015eedin\u0163\u0103 ordinar\u0103 la Consiliului Local Sebe\u0219. 19 proiecte pe ordinea de zi - Revista Urbea Mea - Revista de Alba\" \/>\n<meta name=\"twitter:description\" content=\"\u00cen data de 28.02.2017, la ora 14.00, la Consiliul Local al Municipiului Sebe\u015f, jude\u0163ul Alba va avea loc \u015fedin\u0163a public\u0103 ordinar\u0103, \u00een sala de \u015fedin\u0163e \u201eRadu\" \/>\n<meta name=\"twitter:image\" content=\"https:\/\/urbeamea.ro\/albaiulia\/wp-content\/uploads\/2016\/02\/primaria-sebes.jpg\" \/>\n<meta name=\"twitter:creator\" content=\"@urbeameaweb\" \/>\n<meta name=\"twitter:site\" content=\"@urbeameaweb\" \/>\n<script type=\"application\/ld+json\" class=\"yoast-schema-graph\">{\"@context\":\"https:\\\/\\\/schema.org\",\"@graph\":[{\"@type\":\"Article\",\"@id\":\"https:\\\/\\\/urbeamea.ro\\\/albaiulia\\\/marti-sedinta-ordinara-la-consiliului-local-sebes-19-proiecte-pe-ordinea-de-zi\\\/#article\",\"isPartOf\":{\"@id\":\"https:\\\/\\\/urbeamea.ro\\\/albaiulia\\\/marti-sedinta-ordinara-la-consiliului-local-sebes-19-proiecte-pe-ordinea-de-zi\\\/\"},\"author\":{\"name\":\"Cristina Ganga\",\"@id\":\"https:\\\/\\\/urbeamea.ro\\\/albaiulia\\\/#\\\/schema\\\/person\\\/9700d21fae21c4f038b0b56f4506264a\"},\"headline\":\"Mar\u0163i: \u015eedin\u0163\u0103 ordinar\u0103 la Consiliului Local Sebe\u0219. 19 proiecte pe ordinea de zi\",\"datePublished\":\"2017-02-27T18:20:05+00:00\",\"mainEntityOfPage\":{\"@id\":\"https:\\\/\\\/urbeamea.ro\\\/albaiulia\\\/marti-sedinta-ordinara-la-consiliului-local-sebes-19-proiecte-pe-ordinea-de-zi\\\/\"},\"wordCount\":743,\"commentCount\":0,\"image\":{\"@id\":\"https:\\\/\\\/urbeamea.ro\\\/albaiulia\\\/marti-sedinta-ordinara-la-consiliului-local-sebes-19-proiecte-pe-ordinea-de-zi\\\/#primaryimage\"},\"thumbnailUrl\":\"https:\\\/\\\/urbeamea.ro\\\/albaiulia\\\/wp-content\\\/uploads\\\/2016\\\/02\\\/primaria-sebes.jpg\",\"keywords\":[\"alba\",\"consiliul local\",\"ordinea de zi\",\"proiecte\",\"sebes\",\"sedinta ordinara\",\"stiri\",\"Urbea Mea\"],\"articleSection\":[\"Administra\u021bie\"],\"inLanguage\":\"ro-RO\",\"potentialAction\":[{\"@type\":\"CommentAction\",\"name\":\"Comment\",\"target\":[\"https:\\\/\\\/urbeamea.ro\\\/albaiulia\\\/marti-sedinta-ordinara-la-consiliului-local-sebes-19-proiecte-pe-ordinea-de-zi\\\/#respond\"]}]},{\"@type\":\"WebPage\",\"@id\":\"https:\\\/\\\/urbeamea.ro\\\/albaiulia\\\/marti-sedinta-ordinara-la-consiliului-local-sebes-19-proiecte-pe-ordinea-de-zi\\\/\",\"url\":\"https:\\\/\\\/urbeamea.ro\\\/albaiulia\\\/marti-sedinta-ordinara-la-consiliului-local-sebes-19-proiecte-pe-ordinea-de-zi\\\/\",\"name\":\"Mar\u0163i: \u015eedin\u0163\u0103 ordinar\u0103 la Consiliului Local Sebe\u0219. 19 proiecte pe ordinea de zi - Revista Urbea Mea - Revista de Alba\",\"isPartOf\":{\"@id\":\"https:\\\/\\\/urbeamea.ro\\\/albaiulia\\\/#website\"},\"primaryImageOfPage\":{\"@id\":\"https:\\\/\\\/urbeamea.ro\\\/albaiulia\\\/marti-sedinta-ordinara-la-consiliului-local-sebes-19-proiecte-pe-ordinea-de-zi\\\/#primaryimage\"},\"image\":{\"@id\":\"https:\\\/\\\/urbeamea.ro\\\/albaiulia\\\/marti-sedinta-ordinara-la-consiliului-local-sebes-19-proiecte-pe-ordinea-de-zi\\\/#primaryimage\"},\"thumbnailUrl\":\"https:\\\/\\\/urbeamea.ro\\\/albaiulia\\\/wp-content\\\/uploads\\\/2016\\\/02\\\/primaria-sebes.jpg\",\"datePublished\":\"2017-02-27T18:20:05+00:00\",\"author\":{\"@id\":\"https:\\\/\\\/urbeamea.ro\\\/albaiulia\\\/#\\\/schema\\\/person\\\/9700d21fae21c4f038b0b56f4506264a\"},\"description\":\"\u00cen data de 28.02.2017, la ora 14.00, la Consiliul Local al Municipiului Sebe\u015f, jude\u0163ul Alba va avea loc \u015fedin\u0163a public\u0103 ordinar\u0103, \u00een sala de \u015fedin\u0163e \u201eRadu\",\"breadcrumb\":{\"@id\":\"https:\\\/\\\/urbeamea.ro\\\/albaiulia\\\/marti-sedinta-ordinara-la-consiliului-local-sebes-19-proiecte-pe-ordinea-de-zi\\\/#breadcrumb\"},\"inLanguage\":\"ro-RO\",\"potentialAction\":[{\"@type\":\"ReadAction\",\"target\":[\"https:\\\/\\\/urbeamea.ro\\\/albaiulia\\\/marti-sedinta-ordinara-la-consiliului-local-sebes-19-proiecte-pe-ordinea-de-zi\\\/\"]}]},{\"@type\":\"ImageObject\",\"inLanguage\":\"ro-RO\",\"@id\":\"https:\\\/\\\/urbeamea.ro\\\/albaiulia\\\/marti-sedinta-ordinara-la-consiliului-local-sebes-19-proiecte-pe-ordinea-de-zi\\\/#primaryimage\",\"url\":\"https:\\\/\\\/urbeamea.ro\\\/albaiulia\\\/wp-content\\\/uploads\\\/2016\\\/02\\\/primaria-sebes.jpg\",\"contentUrl\":\"https:\\\/\\\/urbeamea.ro\\\/albaiulia\\\/wp-content\\\/uploads\\\/2016\\\/02\\\/primaria-sebes.jpg\",\"width\":1024,\"height\":768},{\"@type\":\"BreadcrumbList\",\"@id\":\"https:\\\/\\\/urbeamea.ro\\\/albaiulia\\\/marti-sedinta-ordinara-la-consiliului-local-sebes-19-proiecte-pe-ordinea-de-zi\\\/#breadcrumb\",\"itemListElement\":[{\"@type\":\"ListItem\",\"position\":1,\"name\":\"Prima pagin\u0103\",\"item\":\"https:\\\/\\\/urbeamea.ro\\\/albaiulia\\\/\"},{\"@type\":\"ListItem\",\"position\":2,\"name\":\"Mar\u0163i: \u015eedin\u0163\u0103 ordinar\u0103 la Consiliului Local Sebe\u0219. 19 proiecte pe ordinea de zi\"}]},{\"@type\":\"WebSite\",\"@id\":\"https:\\\/\\\/urbeamea.ro\\\/albaiulia\\\/#website\",\"url\":\"https:\\\/\\\/urbeamea.ro\\\/albaiulia\\\/\",\"name\":\"Revista Urbea Mea, Stiri urbane\",\"description\":\"Evenimente \u0219i \u0219tiri din Alba Iulia, Sebe\u0219, Aiud, Blaj\",\"potentialAction\":[{\"@type\":\"SearchAction\",\"target\":{\"@type\":\"EntryPoint\",\"urlTemplate\":\"https:\\\/\\\/urbeamea.ro\\\/albaiulia\\\/?s={search_term_string}\"},\"query-input\":{\"@type\":\"PropertyValueSpecification\",\"valueRequired\":true,\"valueName\":\"search_term_string\"}}],\"inLanguage\":\"ro-RO\"},{\"@type\":\"Person\",\"@id\":\"https:\\\/\\\/urbeamea.ro\\\/albaiulia\\\/#\\\/schema\\\/person\\\/9700d21fae21c4f038b0b56f4506264a\",\"name\":\"Cristina Ganga\",\"image\":{\"@type\":\"ImageObject\",\"inLanguage\":\"ro-RO\",\"@id\":\"https:\\\/\\\/secure.gravatar.com\\\/avatar\\\/5a67661041f057b4a8ccaf26f5a8e86e2689372006d01faf3dd9eeb10b654bb4?s=96&d=mm&r=g\",\"url\":\"https:\\\/\\\/secure.gravatar.com\\\/avatar\\\/5a67661041f057b4a8ccaf26f5a8e86e2689372006d01faf3dd9eeb10b654bb4?s=96&d=mm&r=g\",\"contentUrl\":\"https:\\\/\\\/secure.gravatar.com\\\/avatar\\\/5a67661041f057b4a8ccaf26f5a8e86e2689372006d01faf3dd9eeb10b654bb4?s=96&d=mm&r=g\",\"caption\":\"Cristina Ganga\"},\"description\":\"Jurnalist\",\"sameAs\":[\"https:\\\/\\\/www.facebook.com\\\/cristina.nicola.587\"],\"url\":\"https:\\\/\\\/urbeamea.ro\\\/albaiulia\\\/author\\\/cristina-nicola\\\/\"}]}<\/script>\n<!-- \/ Yoast SEO plugin. -->","yoast_head_json":{"title":"Mar\u0163i: \u015eedin\u0163\u0103 ordinar\u0103 la Consiliului Local Sebe\u0219. 19 proiecte pe ordinea de zi - Revista Urbea Mea - Revista de Alba","description":"\u00cen data de 28.02.2017, la ora 14.00, la Consiliul Local al Municipiului Sebe\u015f, jude\u0163ul Alba va avea loc \u015fedin\u0163a public\u0103 ordinar\u0103, \u00een sala de \u015fedin\u0163e \u201eRadu","robots":{"index":"index","follow":"follow","max-snippet":"max-snippet:-1","max-image-preview":"max-image-preview:large","max-video-preview":"max-video-preview:-1"},"canonical":"https:\/\/urbeamea.ro\/albaiulia\/marti-sedinta-ordinara-la-consiliului-local-sebes-19-proiecte-pe-ordinea-de-zi\/","twitter_card":"summary_large_image","twitter_title":"Mar\u0163i: \u015eedin\u0163\u0103 ordinar\u0103 la Consiliului Local Sebe\u0219. 19 proiecte pe ordinea de zi - Revista Urbea Mea - Revista de Alba","twitter_description":"\u00cen data de 28.02.2017, la ora 14.00, la Consiliul Local al Municipiului Sebe\u015f, jude\u0163ul Alba va avea loc \u015fedin\u0163a public\u0103 ordinar\u0103, \u00een sala de \u015fedin\u0163e \u201eRadu","twitter_image":"https:\/\/urbeamea.ro\/albaiulia\/wp-content\/uploads\/2016\/02\/primaria-sebes.jpg","twitter_creator":"@urbeameaweb","twitter_site":"@urbeameaweb","schema":{"@context":"https:\/\/schema.org","@graph":[{"@type":"Article","@id":"https:\/\/urbeamea.ro\/albaiulia\/marti-sedinta-ordinara-la-consiliului-local-sebes-19-proiecte-pe-ordinea-de-zi\/#article","isPartOf":{"@id":"https:\/\/urbeamea.ro\/albaiulia\/marti-sedinta-ordinara-la-consiliului-local-sebes-19-proiecte-pe-ordinea-de-zi\/"},"author":{"name":"Cristina Ganga","@id":"https:\/\/urbeamea.ro\/albaiulia\/#\/schema\/person\/9700d21fae21c4f038b0b56f4506264a"},"headline":"Mar\u0163i: \u015eedin\u0163\u0103 ordinar\u0103 la Consiliului Local Sebe\u0219. 19 proiecte pe ordinea de zi","datePublished":"2017-02-27T18:20:05+00:00","mainEntityOfPage":{"@id":"https:\/\/urbeamea.ro\/albaiulia\/marti-sedinta-ordinara-la-consiliului-local-sebes-19-proiecte-pe-ordinea-de-zi\/"},"wordCount":743,"commentCount":0,"image":{"@id":"https:\/\/urbeamea.ro\/albaiulia\/marti-sedinta-ordinara-la-consiliului-local-sebes-19-proiecte-pe-ordinea-de-zi\/#primaryimage"},"thumbnailUrl":"https:\/\/urbeamea.ro\/albaiulia\/wp-content\/uploads\/2016\/02\/primaria-sebes.jpg","keywords":["alba","consiliul local","ordinea de zi","proiecte","sebes","sedinta ordinara","stiri","Urbea Mea"],"articleSection":["Administra\u021bie"],"inLanguage":"ro-RO","potentialAction":[{"@type":"CommentAction","name":"Comment","target":["https:\/\/urbeamea.ro\/albaiulia\/marti-sedinta-ordinara-la-consiliului-local-sebes-19-proiecte-pe-ordinea-de-zi\/#respond"]}]},{"@type":"WebPage","@id":"https:\/\/urbeamea.ro\/albaiulia\/marti-sedinta-ordinara-la-consiliului-local-sebes-19-proiecte-pe-ordinea-de-zi\/","url":"https:\/\/urbeamea.ro\/albaiulia\/marti-sedinta-ordinara-la-consiliului-local-sebes-19-proiecte-pe-ordinea-de-zi\/","name":"Mar\u0163i: \u015eedin\u0163\u0103 ordinar\u0103 la Consiliului Local Sebe\u0219. 19 proiecte pe ordinea de zi - Revista Urbea Mea - Revista de Alba","isPartOf":{"@id":"https:\/\/urbeamea.ro\/albaiulia\/#website"},"primaryImageOfPage":{"@id":"https:\/\/urbeamea.ro\/albaiulia\/marti-sedinta-ordinara-la-consiliului-local-sebes-19-proiecte-pe-ordinea-de-zi\/#primaryimage"},"image":{"@id":"https:\/\/urbeamea.ro\/albaiulia\/marti-sedinta-ordinara-la-consiliului-local-sebes-19-proiecte-pe-ordinea-de-zi\/#primaryimage"},"thumbnailUrl":"https:\/\/urbeamea.ro\/albaiulia\/wp-content\/uploads\/2016\/02\/primaria-sebes.jpg","datePublished":"2017-02-27T18:20:05+00:00","author":{"@id":"https:\/\/urbeamea.ro\/albaiulia\/#\/schema\/person\/9700d21fae21c4f038b0b56f4506264a"},"description":"\u00cen data de 28.02.2017, la ora 14.00, la Consiliul Local al Municipiului Sebe\u015f, jude\u0163ul Alba va avea loc \u015fedin\u0163a public\u0103 ordinar\u0103, \u00een sala de \u015fedin\u0163e \u201eRadu","breadcrumb":{"@id":"https:\/\/urbeamea.ro\/albaiulia\/marti-sedinta-ordinara-la-consiliului-local-sebes-19-proiecte-pe-ordinea-de-zi\/#breadcrumb"},"inLanguage":"ro-RO","potentialAction":[{"@type":"ReadAction","target":["https:\/\/urbeamea.ro\/albaiulia\/marti-sedinta-ordinara-la-consiliului-local-sebes-19-proiecte-pe-ordinea-de-zi\/"]}]},{"@type":"ImageObject","inLanguage":"ro-RO","@id":"https:\/\/urbeamea.ro\/albaiulia\/marti-sedinta-ordinara-la-consiliului-local-sebes-19-proiecte-pe-ordinea-de-zi\/#primaryimage","url":"https:\/\/urbeamea.ro\/albaiulia\/wp-content\/uploads\/2016\/02\/primaria-sebes.jpg","contentUrl":"https:\/\/urbeamea.ro\/albaiulia\/wp-content\/uploads\/2016\/02\/primaria-sebes.jpg","width":1024,"height":768},{"@type":"BreadcrumbList","@id":"https:\/\/urbeamea.ro\/albaiulia\/marti-sedinta-ordinara-la-consiliului-local-sebes-19-proiecte-pe-ordinea-de-zi\/#breadcrumb","itemListElement":[{"@type":"ListItem","position":1,"name":"Prima pagin\u0103","item":"https:\/\/urbeamea.ro\/albaiulia\/"},{"@type":"ListItem","position":2,"name":"Mar\u0163i: \u015eedin\u0163\u0103 ordinar\u0103 la Consiliului Local Sebe\u0219. 19 proiecte pe ordinea de zi"}]},{"@type":"WebSite","@id":"https:\/\/urbeamea.ro\/albaiulia\/#website","url":"https:\/\/urbeamea.ro\/albaiulia\/","name":"Revista Urbea Mea, Stiri urbane","description":"Evenimente \u0219i \u0219tiri din Alba Iulia, Sebe\u0219, Aiud, Blaj","potentialAction":[{"@type":"SearchAction","target":{"@type":"EntryPoint","urlTemplate":"https:\/\/urbeamea.ro\/albaiulia\/?s={search_term_string}"},"query-input":{"@type":"PropertyValueSpecification","valueRequired":true,"valueName":"search_term_string"}}],"inLanguage":"ro-RO"},{"@type":"Person","@id":"https:\/\/urbeamea.ro\/albaiulia\/#\/schema\/person\/9700d21fae21c4f038b0b56f4506264a","name":"Cristina Ganga","image":{"@type":"ImageObject","inLanguage":"ro-RO","@id":"https:\/\/secure.gravatar.com\/avatar\/5a67661041f057b4a8ccaf26f5a8e86e2689372006d01faf3dd9eeb10b654bb4?s=96&d=mm&r=g","url":"https:\/\/secure.gravatar.com\/avatar\/5a67661041f057b4a8ccaf26f5a8e86e2689372006d01faf3dd9eeb10b654bb4?s=96&d=mm&r=g","contentUrl":"https:\/\/secure.gravatar.com\/avatar\/5a67661041f057b4a8ccaf26f5a8e86e2689372006d01faf3dd9eeb10b654bb4?s=96&d=mm&r=g","caption":"Cristina Ganga"},"description":"Jurnalist","sameAs":["https:\/\/www.facebook.com\/cristina.nicola.587"],"url":"https:\/\/urbeamea.ro\/albaiulia\/author\/cristina-nicola\/"}]}},"_links":{"self":[{"href":"https:\/\/urbeamea.ro\/albaiulia\/wp-json\/wp\/v2\/posts\/40641","targetHints":{"allow":["GET"]}}],"collection":[{"href":"https:\/\/urbeamea.ro\/albaiulia\/wp-json\/wp\/v2\/posts"}],"about":[{"href":"https:\/\/urbeamea.ro\/albaiulia\/wp-json\/wp\/v2\/types\/post"}],"author":[{"embeddable":true,"href":"https:\/\/urbeamea.ro\/albaiulia\/wp-json\/wp\/v2\/users\/17"}],"replies":[{"embeddable":true,"href":"https:\/\/urbeamea.ro\/albaiulia\/wp-json\/wp\/v2\/comments?post=40641"}],"version-history":[{"count":0,"href":"https:\/\/urbeamea.ro\/albaiulia\/wp-json\/wp\/v2\/posts\/40641\/revisions"}],"wp:featuredmedia":[{"embeddable":true,"href":"https:\/\/urbeamea.ro\/albaiulia\/wp-json\/wp\/v2\/media\/18354"}],"wp:attachment":[{"href":"https:\/\/urbeamea.ro\/albaiulia\/wp-json\/wp\/v2\/media?parent=40641"}],"wp:term":[{"taxonomy":"category","embeddable":true,"href":"https:\/\/urbeamea.ro\/albaiulia\/wp-json\/wp\/v2\/categories?post=40641"},{"taxonomy":"post_tag","embeddable":true,"href":"https:\/\/urbeamea.ro\/albaiulia\/wp-json\/wp\/v2\/tags?post=40641"}],"curies":[{"name":"wp","href":"https:\/\/api.w.org\/{rel}","templated":true}]}}