{"id":40847,"date":"2017-03-01T22:01:28","date_gmt":"2017-03-01T20:01:28","guid":{"rendered":"http:\/\/urbeamea.ro\/albaiulia\/?p=40847"},"modified":"2017-03-01T22:03:59","modified_gmt":"2017-03-01T20:03:59","slug":"foto-1-martie-sarbatorit-la-sebes-primarul-dorin-nistor-a-daruit-sute-de-martisoare-insotit-de-elevi-de-la-scolile-sebesene","status":"publish","type":"post","link":"https:\/\/urbeamea.ro\/albaiulia\/foto-1-martie-sarbatorit-la-sebes-primarul-dorin-nistor-a-daruit-sute-de-martisoare-insotit-de-elevi-de-la-scolile-sebesene\/","title":{"rendered":"FOTO: 1 Martie s\u0103rb\u0103torit la Sebe\u015f. Primarul Dorin Nistor a d\u0103ruit sute de m\u0103r\u0163i\u015foare, \u00eenso\u0163it de elevi de la \u015fcolile sebe\u015fene"},"content":{"rendered":"<p><strong>Pentru a marca sosirea prim\u0103verii, conform tradi\u0163iei rom\u00e2ne\u015fti, primarul Municipiului Sebe\u015f, Dorin Nistor, a d\u0103ruit ast\u0103zi sute de m\u0103r\u0163i\u015foare, \u00eenso\u0163it de elevii \u015fcolilor sebe\u015fene, \u00een cadrul unui eveniment g\u0103zduit de Parcul Prim\u0103riei din Sebe\u015f.\u00a0<\/strong><\/p>\n<p>Prim\u0103ria Municipiului Sebe\u015f, \u00een parteneriat cu Asocia\u0163ia GISAS Sebe\u015f, au propus institu\u0163iilor de \u00eenv\u0103\u0163\u0103m\u00e2nt din ora\u015f realizarea unui proiect care s\u0103 contribuie la conservarea \u015fi promovarea valorilor \u015fi tradi\u0163iilor rom\u00e2ne\u015fti autentice, dedicate M\u0103r\u0163i\u015forului. Au participat: Colegiul Na\u0163ional \u201eLucian Blaga\u201d Sebe\u015f, Liceul Tehnologic Sebe\u015f, \u015ecoala Gimnazial\u0103 Nr. 2 Sebe\u015f, \u015ecoala Gimnazial\u0103 Petre\u015fti, \u015ecoala Gimnazial\u0103 M. Kog\u0103lniceanu. Elevii au lucrat \u00een ateliere de crea\u0163ie, sub \u00eendrumarea dasc\u0103lilor, realiz\u00e2nd m\u0103r\u0163i\u015foarele care au fost expuse \u015fi oferite \u00een cadrul evenimentului public.<\/p>\n<p>Tot ast\u0103zi, primarul Dorin Nistor, al\u0103turi de copiii care beneficiaz\u0103 de serviciile Centrului de Zi de la Petre\u015fti, au adus bucuria prim\u0103verii seniorilor de la C\u0103minul pentru Persoane V\u00e2rstnice din Sebe\u015f.<\/p>\n<div class=\"yiv7348810656MsoNormal\"><\/div>\n<div class=\"yiv7348810656MsoNormal\">\n<div id='gallery-1' class='gallery galleryid-40847 gallery-columns-3 gallery-size-thumbnail'><figure class='gallery-item'>\n\t\t\t<div class='gallery-icon landscape'>\n\t\t\t\t<a href='https:\/\/urbeamea.ro\/albaiulia\/wp-content\/uploads\/2017\/03\/1.jpg'><img decoding=\"async\" width=\"150\" height=\"113\" src=\"data:image\/png;base64,iVBORw0KGgoAAAANSUhEUgAAAYYAAADcAQMAAABOLJSDAAAAA1BMVEUAAACnej3aAAAAAXRSTlMAQObYZgAAACJJREFUaIHtwTEBAAAAwqD1T20ND6AAAAAAAAAAAAAA4N8AKvgAAUFIrrEAAAAASUVORK5CYII=\" class=\"attachment-thumbnail size-thumbnail lazy-img\" alt=\"\" srcset=\"https:\/\/urbeamea.ro\/albaiulia\/wp-content\/uploads\/2017\/03\/1-150x113.jpg 150w, https:\/\/urbeamea.ro\/albaiulia\/wp-content\/uploads\/2017\/03\/1-640x480.jpg 640w, https:\/\/urbeamea.ro\/albaiulia\/wp-content\/uploads\/2017\/03\/1-768x576.jpg 768w, https:\/\/urbeamea.ro\/albaiulia\/wp-content\/uploads\/2017\/03\/1.jpg 1280w\" sizes=\"auto, (max-width: 150px) 100vw, 150px\" data-src=\"https:\/\/urbeamea.ro\/albaiulia\/wp-content\/uploads\/2017\/03\/1-150x113.jpg\" loading=\"lazy\" \/><\/a>\n\t\t\t<\/div><\/figure><figure class='gallery-item'>\n\t\t\t<div class='gallery-icon landscape'>\n\t\t\t\t<a href='https:\/\/urbeamea.ro\/albaiulia\/wp-content\/uploads\/2017\/03\/2.jpg'><img decoding=\"async\" width=\"150\" height=\"113\" src=\"data:image\/png;base64,iVBORw0KGgoAAAANSUhEUgAAAYYAAADcAQMAAABOLJSDAAAAA1BMVEUAAACnej3aAAAAAXRSTlMAQObYZgAAACJJREFUaIHtwTEBAAAAwqD1T20ND6AAAAAAAAAAAAAA4N8AKvgAAUFIrrEAAAAASUVORK5CYII=\" class=\"attachment-thumbnail size-thumbnail lazy-img\" alt=\"\" srcset=\"https:\/\/urbeamea.ro\/albaiulia\/wp-content\/uploads\/2017\/03\/2-150x113.jpg 150w, https:\/\/urbeamea.ro\/albaiulia\/wp-content\/uploads\/2017\/03\/2-640x480.jpg 640w, https:\/\/urbeamea.ro\/albaiulia\/wp-content\/uploads\/2017\/03\/2-768x576.jpg 768w, https:\/\/urbeamea.ro\/albaiulia\/wp-content\/uploads\/2017\/03\/2.jpg 1280w\" sizes=\"auto, (max-width: 150px) 100vw, 150px\" data-src=\"https:\/\/urbeamea.ro\/albaiulia\/wp-content\/uploads\/2017\/03\/2-150x113.jpg\" loading=\"lazy\" \/><\/a>\n\t\t\t<\/div><\/figure><figure class='gallery-item'>\n\t\t\t<div class='gallery-icon landscape'>\n\t\t\t\t<a href='https:\/\/urbeamea.ro\/albaiulia\/wp-content\/uploads\/2017\/03\/3.jpg'><img decoding=\"async\" width=\"150\" height=\"113\" src=\"data:image\/png;base64,iVBORw0KGgoAAAANSUhEUgAAAYYAAADcAQMAAABOLJSDAAAAA1BMVEUAAACnej3aAAAAAXRSTlMAQObYZgAAACJJREFUaIHtwTEBAAAAwqD1T20ND6AAAAAAAAAAAAAA4N8AKvgAAUFIrrEAAAAASUVORK5CYII=\" class=\"attachment-thumbnail size-thumbnail lazy-img\" alt=\"\" srcset=\"https:\/\/urbeamea.ro\/albaiulia\/wp-content\/uploads\/2017\/03\/3-150x113.jpg 150w, https:\/\/urbeamea.ro\/albaiulia\/wp-content\/uploads\/2017\/03\/3-640x480.jpg 640w, https:\/\/urbeamea.ro\/albaiulia\/wp-content\/uploads\/2017\/03\/3-768x576.jpg 768w, https:\/\/urbeamea.ro\/albaiulia\/wp-content\/uploads\/2017\/03\/3.jpg 1280w\" sizes=\"auto, (max-width: 150px) 100vw, 150px\" data-src=\"https:\/\/urbeamea.ro\/albaiulia\/wp-content\/uploads\/2017\/03\/3-150x113.jpg\" loading=\"lazy\" \/><\/a>\n\t\t\t<\/div><\/figure><figure class='gallery-item'>\n\t\t\t<div class='gallery-icon landscape'>\n\t\t\t\t<a href='https:\/\/urbeamea.ro\/albaiulia\/wp-content\/uploads\/2017\/03\/4.jpg'><img decoding=\"async\" width=\"150\" height=\"113\" src=\"data:image\/png;base64,iVBORw0KGgoAAAANSUhEUgAAAYYAAADcAQMAAABOLJSDAAAAA1BMVEUAAACnej3aAAAAAXRSTlMAQObYZgAAACJJREFUaIHtwTEBAAAAwqD1T20ND6AAAAAAAAAAAAAA4N8AKvgAAUFIrrEAAAAASUVORK5CYII=\" class=\"attachment-thumbnail size-thumbnail lazy-img\" alt=\"\" srcset=\"https:\/\/urbeamea.ro\/albaiulia\/wp-content\/uploads\/2017\/03\/4-150x113.jpg 150w, https:\/\/urbeamea.ro\/albaiulia\/wp-content\/uploads\/2017\/03\/4-640x480.jpg 640w, https:\/\/urbeamea.ro\/albaiulia\/wp-content\/uploads\/2017\/03\/4-768x576.jpg 768w, https:\/\/urbeamea.ro\/albaiulia\/wp-content\/uploads\/2017\/03\/4.jpg 1280w\" sizes=\"auto, (max-width: 150px) 100vw, 150px\" data-src=\"https:\/\/urbeamea.ro\/albaiulia\/wp-content\/uploads\/2017\/03\/4-150x113.jpg\" loading=\"lazy\" \/><\/a>\n\t\t\t<\/div><\/figure><figure class='gallery-item'>\n\t\t\t<div class='gallery-icon landscape'>\n\t\t\t\t<a href='https:\/\/urbeamea.ro\/albaiulia\/wp-content\/uploads\/2017\/03\/IMG_8554.jpg'><img decoding=\"async\" width=\"150\" height=\"113\" src=\"data:image\/png;base64,iVBORw0KGgoAAAANSUhEUgAAAYYAAADcAQMAAABOLJSDAAAAA1BMVEUAAACnej3aAAAAAXRSTlMAQObYZgAAACJJREFUaIHtwTEBAAAAwqD1T20ND6AAAAAAAAAAAAAA4N8AKvgAAUFIrrEAAAAASUVORK5CYII=\" class=\"attachment-thumbnail size-thumbnail lazy-img\" alt=\"\" srcset=\"https:\/\/urbeamea.ro\/albaiulia\/wp-content\/uploads\/2017\/03\/IMG_8554-150x113.jpg 150w, https:\/\/urbeamea.ro\/albaiulia\/wp-content\/uploads\/2017\/03\/IMG_8554-640x480.jpg 640w, https:\/\/urbeamea.ro\/albaiulia\/wp-content\/uploads\/2017\/03\/IMG_8554-768x576.jpg 768w, https:\/\/urbeamea.ro\/albaiulia\/wp-content\/uploads\/2017\/03\/IMG_8554.jpg 1280w\" sizes=\"auto, (max-width: 150px) 100vw, 150px\" data-src=\"https:\/\/urbeamea.ro\/albaiulia\/wp-content\/uploads\/2017\/03\/IMG_8554-150x113.jpg\" loading=\"lazy\" \/><\/a>\n\t\t\t<\/div><\/figure><figure class='gallery-item'>\n\t\t\t<div class='gallery-icon landscape'>\n\t\t\t\t<a href='https:\/\/urbeamea.ro\/albaiulia\/wp-content\/uploads\/2017\/03\/IMG_8558.jpg'><img decoding=\"async\" width=\"150\" height=\"113\" src=\"data:image\/png;base64,iVBORw0KGgoAAAANSUhEUgAAAYYAAADcAQMAAABOLJSDAAAAA1BMVEUAAACnej3aAAAAAXRSTlMAQObYZgAAACJJREFUaIHtwTEBAAAAwqD1T20ND6AAAAAAAAAAAAAA4N8AKvgAAUFIrrEAAAAASUVORK5CYII=\" class=\"attachment-thumbnail size-thumbnail lazy-img\" alt=\"\" srcset=\"https:\/\/urbeamea.ro\/albaiulia\/wp-content\/uploads\/2017\/03\/IMG_8558-150x113.jpg 150w, https:\/\/urbeamea.ro\/albaiulia\/wp-content\/uploads\/2017\/03\/IMG_8558-640x480.jpg 640w, https:\/\/urbeamea.ro\/albaiulia\/wp-content\/uploads\/2017\/03\/IMG_8558-768x576.jpg 768w, https:\/\/urbeamea.ro\/albaiulia\/wp-content\/uploads\/2017\/03\/IMG_8558.jpg 1280w\" sizes=\"auto, (max-width: 150px) 100vw, 150px\" data-src=\"https:\/\/urbeamea.ro\/albaiulia\/wp-content\/uploads\/2017\/03\/IMG_8558-150x113.jpg\" loading=\"lazy\" \/><\/a>\n\t\t\t<\/div><\/figure><figure class='gallery-item'>\n\t\t\t<div class='gallery-icon landscape'>\n\t\t\t\t<a href='https:\/\/urbeamea.ro\/albaiulia\/wp-content\/uploads\/2017\/03\/IMG_8590.jpg'><img decoding=\"async\" width=\"150\" height=\"113\" src=\"data:image\/png;base64,iVBORw0KGgoAAAANSUhEUgAAAYYAAADcAQMAAABOLJSDAAAAA1BMVEUAAACnej3aAAAAAXRSTlMAQObYZgAAACJJREFUaIHtwTEBAAAAwqD1T20ND6AAAAAAAAAAAAAA4N8AKvgAAUFIrrEAAAAASUVORK5CYII=\" class=\"attachment-thumbnail size-thumbnail lazy-img\" alt=\"\" srcset=\"https:\/\/urbeamea.ro\/albaiulia\/wp-content\/uploads\/2017\/03\/IMG_8590-150x113.jpg 150w, https:\/\/urbeamea.ro\/albaiulia\/wp-content\/uploads\/2017\/03\/IMG_8590-640x480.jpg 640w, https:\/\/urbeamea.ro\/albaiulia\/wp-content\/uploads\/2017\/03\/IMG_8590-768x576.jpg 768w, https:\/\/urbeamea.ro\/albaiulia\/wp-content\/uploads\/2017\/03\/IMG_8590.jpg 1280w\" sizes=\"auto, (max-width: 150px) 100vw, 150px\" data-src=\"https:\/\/urbeamea.ro\/albaiulia\/wp-content\/uploads\/2017\/03\/IMG_8590-150x113.jpg\" loading=\"lazy\" \/><\/a>\n\t\t\t<\/div><\/figure><figure class='gallery-item'>\n\t\t\t<div class='gallery-icon landscape'>\n\t\t\t\t<a href='https:\/\/urbeamea.ro\/albaiulia\/wp-content\/uploads\/2017\/03\/IMG_8603.jpg'><img decoding=\"async\" width=\"150\" height=\"113\" src=\"data:image\/png;base64,iVBORw0KGgoAAAANSUhEUgAAAYYAAADcAQMAAABOLJSDAAAAA1BMVEUAAACnej3aAAAAAXRSTlMAQObYZgAAACJJREFUaIHtwTEBAAAAwqD1T20ND6AAAAAAAAAAAAAA4N8AKvgAAUFIrrEAAAAASUVORK5CYII=\" class=\"attachment-thumbnail size-thumbnail lazy-img\" alt=\"\" srcset=\"https:\/\/urbeamea.ro\/albaiulia\/wp-content\/uploads\/2017\/03\/IMG_8603-150x113.jpg 150w, https:\/\/urbeamea.ro\/albaiulia\/wp-content\/uploads\/2017\/03\/IMG_8603-640x480.jpg 640w, https:\/\/urbeamea.ro\/albaiulia\/wp-content\/uploads\/2017\/03\/IMG_8603-768x576.jpg 768w, https:\/\/urbeamea.ro\/albaiulia\/wp-content\/uploads\/2017\/03\/IMG_8603.jpg 1280w\" sizes=\"auto, (max-width: 150px) 100vw, 150px\" data-src=\"https:\/\/urbeamea.ro\/albaiulia\/wp-content\/uploads\/2017\/03\/IMG_8603-150x113.jpg\" loading=\"lazy\" \/><\/a>\n\t\t\t<\/div><\/figure><figure class='gallery-item'>\n\t\t\t<div class='gallery-icon landscape'>\n\t\t\t\t<a href='https:\/\/urbeamea.ro\/albaiulia\/wp-content\/uploads\/2017\/03\/IMG_8714.jpg'><img decoding=\"async\" width=\"150\" height=\"113\" src=\"data:image\/png;base64,iVBORw0KGgoAAAANSUhEUgAAAYYAAADcAQMAAABOLJSDAAAAA1BMVEUAAACnej3aAAAAAXRSTlMAQObYZgAAACJJREFUaIHtwTEBAAAAwqD1T20ND6AAAAAAAAAAAAAA4N8AKvgAAUFIrrEAAAAASUVORK5CYII=\" class=\"attachment-thumbnail size-thumbnail lazy-img\" alt=\"\" srcset=\"https:\/\/urbeamea.ro\/albaiulia\/wp-content\/uploads\/2017\/03\/IMG_8714-150x113.jpg 150w, https:\/\/urbeamea.ro\/albaiulia\/wp-content\/uploads\/2017\/03\/IMG_8714-640x480.jpg 640w, https:\/\/urbeamea.ro\/albaiulia\/wp-content\/uploads\/2017\/03\/IMG_8714-768x576.jpg 768w, https:\/\/urbeamea.ro\/albaiulia\/wp-content\/uploads\/2017\/03\/IMG_8714.jpg 1280w\" sizes=\"auto, (max-width: 150px) 100vw, 150px\" data-src=\"https:\/\/urbeamea.ro\/albaiulia\/wp-content\/uploads\/2017\/03\/IMG_8714-150x113.jpg\" loading=\"lazy\" \/><\/a>\n\t\t\t<\/div><\/figure>\n\t\t<\/div>\n\n<\/div>\n","protected":false},"excerpt":{"rendered":"<p>Pentru a marca sosirea prim\u0103verii, conform tradi\u0163iei rom\u00e2ne\u015fti, primarul Municipiului Sebe\u015f, Dorin Nistor, a d\u0103ruit ast\u0103zi sute de m\u0103r\u0163i\u015foare, \u00eenso\u0163it de elevii \u015fcolilor sebe\u015fene, \u00een cadrul unui eveniment g\u0103zduit de Parcul Prim\u0103riei din Sebe\u015f.\u00a0 Prim\u0103ria Municipiului Sebe\u015f, \u00een parteneriat cu Asocia\u0163ia GISAS Sebe\u015f, au propus institu\u0163iilor de \u00eenv\u0103\u0163\u0103m\u00e2nt din ora\u015f realizarea unui proiect care s\u0103 &hellip;<\/p>\n","protected":false},"author":17,"featured_media":40850,"comment_status":"open","ping_status":"open","sticky":false,"template":"","format":"standard","meta":{"inline_featured_image":false,"footnotes":""},"categories":[2034],"tags":[307,1590,1606,315,10178,10179,3427,1223,5676,308,76],"class_list":["post-40847","post","type-post","status-publish","format-standard","has-post-thumbnail","hentry","category-social","tag-alba","tag-caminul-pentru-persoane-varstnice","tag-centrul-de-zi","tag-elevi","tag-mertisoare","tag-parcul-primariei","tag-petresti","tag-sebes","tag-seniori","tag-stiri","tag-urbea-mea"],"yoast_head":"<!-- This site is optimized with the Yoast SEO plugin v28.3 - https:\/\/yoast.com\/product\/yoast-seo-wordpress\/ -->\n<title>FOTO: 1 Martie s\u0103rb\u0103torit la Sebe\u015f. Primarul Dorin Nistor a d\u0103ruit sute de m\u0103r\u0163i\u015foare, \u00eenso\u0163it de elevi de la \u015fcolile sebe\u015fene - Revista Urbea Mea - Revista de Alba<\/title>\n<meta name=\"description\" content=\"Pentru a marca sosirea prim\u0103verii, conform tradi\u0163iei rom\u00e2ne\u015fti, primarul Municipiului Sebe\u015f, Dorin Nistor, a d\u0103ruit ast\u0103zi sute de m\u0103r\u0163i\u015foare, \u00eenso\u0163it de\" \/>\n<meta name=\"robots\" content=\"index, follow, max-snippet:-1, max-image-preview:large, max-video-preview:-1\" \/>\n<link rel=\"canonical\" href=\"https:\/\/urbeamea.ro\/albaiulia\/foto-1-martie-sarbatorit-la-sebes-primarul-dorin-nistor-a-daruit-sute-de-martisoare-insotit-de-elevi-de-la-scolile-sebesene\/\" \/>\n<meta name=\"twitter:card\" content=\"summary_large_image\" \/>\n<meta name=\"twitter:title\" content=\"FOTO: 1 Martie s\u0103rb\u0103torit la Sebe\u015f. Primarul Dorin Nistor a d\u0103ruit sute de m\u0103r\u0163i\u015foare, \u00eenso\u0163it de elevi de la \u015fcolile sebe\u015fene - Revista Urbea Mea - Revista de Alba\" \/>\n<meta name=\"twitter:description\" content=\"Pentru a marca sosirea prim\u0103verii, conform tradi\u0163iei rom\u00e2ne\u015fti, primarul Municipiului Sebe\u015f, Dorin Nistor, a d\u0103ruit ast\u0103zi sute de m\u0103r\u0163i\u015foare, \u00eenso\u0163it de\" \/>\n<meta name=\"twitter:image\" content=\"https:\/\/urbeamea.ro\/albaiulia\/wp-content\/uploads\/2017\/03\/3.jpg\" \/>\n<meta name=\"twitter:creator\" content=\"@urbeameaweb\" \/>\n<meta name=\"twitter:site\" content=\"@urbeameaweb\" \/>\n<script type=\"application\/ld+json\" class=\"yoast-schema-graph\">{\"@context\":\"https:\\\/\\\/schema.org\",\"@graph\":[{\"@type\":\"Article\",\"@id\":\"https:\\\/\\\/urbeamea.ro\\\/albaiulia\\\/foto-1-martie-sarbatorit-la-sebes-primarul-dorin-nistor-a-daruit-sute-de-martisoare-insotit-de-elevi-de-la-scolile-sebesene\\\/#article\",\"isPartOf\":{\"@id\":\"https:\\\/\\\/urbeamea.ro\\\/albaiulia\\\/foto-1-martie-sarbatorit-la-sebes-primarul-dorin-nistor-a-daruit-sute-de-martisoare-insotit-de-elevi-de-la-scolile-sebesene\\\/\"},\"author\":{\"name\":\"Cristina Ganga\",\"@id\":\"https:\\\/\\\/urbeamea.ro\\\/albaiulia\\\/#\\\/schema\\\/person\\\/9700d21fae21c4f038b0b56f4506264a\"},\"headline\":\"FOTO: 1 Martie s\u0103rb\u0103torit la Sebe\u015f. Primarul Dorin Nistor a d\u0103ruit sute de m\u0103r\u0163i\u015foare, \u00eenso\u0163it de elevi de la \u015fcolile sebe\u015fene\",\"datePublished\":\"2017-03-01T20:01:28+00:00\",\"dateModified\":\"2017-03-01T20:03:59+00:00\",\"mainEntityOfPage\":{\"@id\":\"https:\\\/\\\/urbeamea.ro\\\/albaiulia\\\/foto-1-martie-sarbatorit-la-sebes-primarul-dorin-nistor-a-daruit-sute-de-martisoare-insotit-de-elevi-de-la-scolile-sebesene\\\/\"},\"wordCount\":212,\"commentCount\":0,\"image\":{\"@id\":\"https:\\\/\\\/urbeamea.ro\\\/albaiulia\\\/foto-1-martie-sarbatorit-la-sebes-primarul-dorin-nistor-a-daruit-sute-de-martisoare-insotit-de-elevi-de-la-scolile-sebesene\\\/#primaryimage\"},\"thumbnailUrl\":\"https:\\\/\\\/urbeamea.ro\\\/albaiulia\\\/wp-content\\\/uploads\\\/2017\\\/03\\\/3.jpg\",\"keywords\":[\"alba\",\"caminul pentru persoane varstnice\",\"centrul de zi\",\"elevi\",\"mertisoare\",\"parcul primariei\",\"petresti\",\"sebes\",\"seniori\",\"stiri\",\"Urbea Mea\"],\"articleSection\":[\"Social\"],\"inLanguage\":\"ro-RO\",\"potentialAction\":[{\"@type\":\"CommentAction\",\"name\":\"Comment\",\"target\":[\"https:\\\/\\\/urbeamea.ro\\\/albaiulia\\\/foto-1-martie-sarbatorit-la-sebes-primarul-dorin-nistor-a-daruit-sute-de-martisoare-insotit-de-elevi-de-la-scolile-sebesene\\\/#respond\"]}]},{\"@type\":\"WebPage\",\"@id\":\"https:\\\/\\\/urbeamea.ro\\\/albaiulia\\\/foto-1-martie-sarbatorit-la-sebes-primarul-dorin-nistor-a-daruit-sute-de-martisoare-insotit-de-elevi-de-la-scolile-sebesene\\\/\",\"url\":\"https:\\\/\\\/urbeamea.ro\\\/albaiulia\\\/foto-1-martie-sarbatorit-la-sebes-primarul-dorin-nistor-a-daruit-sute-de-martisoare-insotit-de-elevi-de-la-scolile-sebesene\\\/\",\"name\":\"FOTO: 1 Martie s\u0103rb\u0103torit la Sebe\u015f. Primarul Dorin Nistor a d\u0103ruit sute de m\u0103r\u0163i\u015foare, \u00eenso\u0163it de elevi de la \u015fcolile sebe\u015fene - Revista Urbea Mea - Revista de Alba\",\"isPartOf\":{\"@id\":\"https:\\\/\\\/urbeamea.ro\\\/albaiulia\\\/#website\"},\"primaryImageOfPage\":{\"@id\":\"https:\\\/\\\/urbeamea.ro\\\/albaiulia\\\/foto-1-martie-sarbatorit-la-sebes-primarul-dorin-nistor-a-daruit-sute-de-martisoare-insotit-de-elevi-de-la-scolile-sebesene\\\/#primaryimage\"},\"image\":{\"@id\":\"https:\\\/\\\/urbeamea.ro\\\/albaiulia\\\/foto-1-martie-sarbatorit-la-sebes-primarul-dorin-nistor-a-daruit-sute-de-martisoare-insotit-de-elevi-de-la-scolile-sebesene\\\/#primaryimage\"},\"thumbnailUrl\":\"https:\\\/\\\/urbeamea.ro\\\/albaiulia\\\/wp-content\\\/uploads\\\/2017\\\/03\\\/3.jpg\",\"datePublished\":\"2017-03-01T20:01:28+00:00\",\"dateModified\":\"2017-03-01T20:03:59+00:00\",\"author\":{\"@id\":\"https:\\\/\\\/urbeamea.ro\\\/albaiulia\\\/#\\\/schema\\\/person\\\/9700d21fae21c4f038b0b56f4506264a\"},\"description\":\"Pentru a marca sosirea prim\u0103verii, conform tradi\u0163iei rom\u00e2ne\u015fti, primarul Municipiului Sebe\u015f, Dorin Nistor, a d\u0103ruit ast\u0103zi sute de m\u0103r\u0163i\u015foare, \u00eenso\u0163it de\",\"breadcrumb\":{\"@id\":\"https:\\\/\\\/urbeamea.ro\\\/albaiulia\\\/foto-1-martie-sarbatorit-la-sebes-primarul-dorin-nistor-a-daruit-sute-de-martisoare-insotit-de-elevi-de-la-scolile-sebesene\\\/#breadcrumb\"},\"inLanguage\":\"ro-RO\",\"potentialAction\":[{\"@type\":\"ReadAction\",\"target\":[\"https:\\\/\\\/urbeamea.ro\\\/albaiulia\\\/foto-1-martie-sarbatorit-la-sebes-primarul-dorin-nistor-a-daruit-sute-de-martisoare-insotit-de-elevi-de-la-scolile-sebesene\\\/\"]}]},{\"@type\":\"ImageObject\",\"inLanguage\":\"ro-RO\",\"@id\":\"https:\\\/\\\/urbeamea.ro\\\/albaiulia\\\/foto-1-martie-sarbatorit-la-sebes-primarul-dorin-nistor-a-daruit-sute-de-martisoare-insotit-de-elevi-de-la-scolile-sebesene\\\/#primaryimage\",\"url\":\"https:\\\/\\\/urbeamea.ro\\\/albaiulia\\\/wp-content\\\/uploads\\\/2017\\\/03\\\/3.jpg\",\"contentUrl\":\"https:\\\/\\\/urbeamea.ro\\\/albaiulia\\\/wp-content\\\/uploads\\\/2017\\\/03\\\/3.jpg\",\"width\":1280,\"height\":960},{\"@type\":\"BreadcrumbList\",\"@id\":\"https:\\\/\\\/urbeamea.ro\\\/albaiulia\\\/foto-1-martie-sarbatorit-la-sebes-primarul-dorin-nistor-a-daruit-sute-de-martisoare-insotit-de-elevi-de-la-scolile-sebesene\\\/#breadcrumb\",\"itemListElement\":[{\"@type\":\"ListItem\",\"position\":1,\"name\":\"Prima pagin\u0103\",\"item\":\"https:\\\/\\\/urbeamea.ro\\\/albaiulia\\\/\"},{\"@type\":\"ListItem\",\"position\":2,\"name\":\"FOTO: 1 Martie s\u0103rb\u0103torit la Sebe\u015f. Primarul Dorin Nistor a d\u0103ruit sute de m\u0103r\u0163i\u015foare, \u00eenso\u0163it de elevi de la \u015fcolile sebe\u015fene\"}]},{\"@type\":\"WebSite\",\"@id\":\"https:\\\/\\\/urbeamea.ro\\\/albaiulia\\\/#website\",\"url\":\"https:\\\/\\\/urbeamea.ro\\\/albaiulia\\\/\",\"name\":\"Revista Urbea Mea, Stiri urbane\",\"description\":\"Evenimente \u0219i \u0219tiri din Alba Iulia, Sebe\u0219, Aiud, Blaj\",\"potentialAction\":[{\"@type\":\"SearchAction\",\"target\":{\"@type\":\"EntryPoint\",\"urlTemplate\":\"https:\\\/\\\/urbeamea.ro\\\/albaiulia\\\/?s={search_term_string}\"},\"query-input\":{\"@type\":\"PropertyValueSpecification\",\"valueRequired\":true,\"valueName\":\"search_term_string\"}}],\"inLanguage\":\"ro-RO\"},{\"@type\":\"Person\",\"@id\":\"https:\\\/\\\/urbeamea.ro\\\/albaiulia\\\/#\\\/schema\\\/person\\\/9700d21fae21c4f038b0b56f4506264a\",\"name\":\"Cristina Ganga\",\"image\":{\"@type\":\"ImageObject\",\"inLanguage\":\"ro-RO\",\"@id\":\"https:\\\/\\\/secure.gravatar.com\\\/avatar\\\/5a67661041f057b4a8ccaf26f5a8e86e2689372006d01faf3dd9eeb10b654bb4?s=96&d=mm&r=g\",\"url\":\"https:\\\/\\\/secure.gravatar.com\\\/avatar\\\/5a67661041f057b4a8ccaf26f5a8e86e2689372006d01faf3dd9eeb10b654bb4?s=96&d=mm&r=g\",\"contentUrl\":\"https:\\\/\\\/secure.gravatar.com\\\/avatar\\\/5a67661041f057b4a8ccaf26f5a8e86e2689372006d01faf3dd9eeb10b654bb4?s=96&d=mm&r=g\",\"caption\":\"Cristina Ganga\"},\"description\":\"Jurnalist\",\"sameAs\":[\"https:\\\/\\\/www.facebook.com\\\/cristina.nicola.587\"],\"url\":\"https:\\\/\\\/urbeamea.ro\\\/albaiulia\\\/author\\\/cristina-nicola\\\/\"}]}<\/script>\n<!-- \/ Yoast SEO plugin. -->","yoast_head_json":{"title":"FOTO: 1 Martie s\u0103rb\u0103torit la Sebe\u015f. Primarul Dorin Nistor a d\u0103ruit sute de m\u0103r\u0163i\u015foare, \u00eenso\u0163it de elevi de la \u015fcolile sebe\u015fene - Revista Urbea Mea - Revista de Alba","description":"Pentru a marca sosirea prim\u0103verii, conform tradi\u0163iei rom\u00e2ne\u015fti, primarul Municipiului Sebe\u015f, Dorin Nistor, a d\u0103ruit ast\u0103zi sute de m\u0103r\u0163i\u015foare, \u00eenso\u0163it de","robots":{"index":"index","follow":"follow","max-snippet":"max-snippet:-1","max-image-preview":"max-image-preview:large","max-video-preview":"max-video-preview:-1"},"canonical":"https:\/\/urbeamea.ro\/albaiulia\/foto-1-martie-sarbatorit-la-sebes-primarul-dorin-nistor-a-daruit-sute-de-martisoare-insotit-de-elevi-de-la-scolile-sebesene\/","twitter_card":"summary_large_image","twitter_title":"FOTO: 1 Martie s\u0103rb\u0103torit la Sebe\u015f. Primarul Dorin Nistor a d\u0103ruit sute de m\u0103r\u0163i\u015foare, \u00eenso\u0163it de elevi de la \u015fcolile sebe\u015fene - Revista Urbea Mea - Revista de Alba","twitter_description":"Pentru a marca sosirea prim\u0103verii, conform tradi\u0163iei rom\u00e2ne\u015fti, primarul Municipiului Sebe\u015f, Dorin Nistor, a d\u0103ruit ast\u0103zi sute de m\u0103r\u0163i\u015foare, \u00eenso\u0163it de","twitter_image":"https:\/\/urbeamea.ro\/albaiulia\/wp-content\/uploads\/2017\/03\/3.jpg","twitter_creator":"@urbeameaweb","twitter_site":"@urbeameaweb","schema":{"@context":"https:\/\/schema.org","@graph":[{"@type":"Article","@id":"https:\/\/urbeamea.ro\/albaiulia\/foto-1-martie-sarbatorit-la-sebes-primarul-dorin-nistor-a-daruit-sute-de-martisoare-insotit-de-elevi-de-la-scolile-sebesene\/#article","isPartOf":{"@id":"https:\/\/urbeamea.ro\/albaiulia\/foto-1-martie-sarbatorit-la-sebes-primarul-dorin-nistor-a-daruit-sute-de-martisoare-insotit-de-elevi-de-la-scolile-sebesene\/"},"author":{"name":"Cristina Ganga","@id":"https:\/\/urbeamea.ro\/albaiulia\/#\/schema\/person\/9700d21fae21c4f038b0b56f4506264a"},"headline":"FOTO: 1 Martie s\u0103rb\u0103torit la Sebe\u015f. Primarul Dorin Nistor a d\u0103ruit sute de m\u0103r\u0163i\u015foare, \u00eenso\u0163it de elevi de la \u015fcolile sebe\u015fene","datePublished":"2017-03-01T20:01:28+00:00","dateModified":"2017-03-01T20:03:59+00:00","mainEntityOfPage":{"@id":"https:\/\/urbeamea.ro\/albaiulia\/foto-1-martie-sarbatorit-la-sebes-primarul-dorin-nistor-a-daruit-sute-de-martisoare-insotit-de-elevi-de-la-scolile-sebesene\/"},"wordCount":212,"commentCount":0,"image":{"@id":"https:\/\/urbeamea.ro\/albaiulia\/foto-1-martie-sarbatorit-la-sebes-primarul-dorin-nistor-a-daruit-sute-de-martisoare-insotit-de-elevi-de-la-scolile-sebesene\/#primaryimage"},"thumbnailUrl":"https:\/\/urbeamea.ro\/albaiulia\/wp-content\/uploads\/2017\/03\/3.jpg","keywords":["alba","caminul pentru persoane varstnice","centrul de zi","elevi","mertisoare","parcul primariei","petresti","sebes","seniori","stiri","Urbea Mea"],"articleSection":["Social"],"inLanguage":"ro-RO","potentialAction":[{"@type":"CommentAction","name":"Comment","target":["https:\/\/urbeamea.ro\/albaiulia\/foto-1-martie-sarbatorit-la-sebes-primarul-dorin-nistor-a-daruit-sute-de-martisoare-insotit-de-elevi-de-la-scolile-sebesene\/#respond"]}]},{"@type":"WebPage","@id":"https:\/\/urbeamea.ro\/albaiulia\/foto-1-martie-sarbatorit-la-sebes-primarul-dorin-nistor-a-daruit-sute-de-martisoare-insotit-de-elevi-de-la-scolile-sebesene\/","url":"https:\/\/urbeamea.ro\/albaiulia\/foto-1-martie-sarbatorit-la-sebes-primarul-dorin-nistor-a-daruit-sute-de-martisoare-insotit-de-elevi-de-la-scolile-sebesene\/","name":"FOTO: 1 Martie s\u0103rb\u0103torit la Sebe\u015f. Primarul Dorin Nistor a d\u0103ruit sute de m\u0103r\u0163i\u015foare, \u00eenso\u0163it de elevi de la \u015fcolile sebe\u015fene - Revista Urbea Mea - Revista de Alba","isPartOf":{"@id":"https:\/\/urbeamea.ro\/albaiulia\/#website"},"primaryImageOfPage":{"@id":"https:\/\/urbeamea.ro\/albaiulia\/foto-1-martie-sarbatorit-la-sebes-primarul-dorin-nistor-a-daruit-sute-de-martisoare-insotit-de-elevi-de-la-scolile-sebesene\/#primaryimage"},"image":{"@id":"https:\/\/urbeamea.ro\/albaiulia\/foto-1-martie-sarbatorit-la-sebes-primarul-dorin-nistor-a-daruit-sute-de-martisoare-insotit-de-elevi-de-la-scolile-sebesene\/#primaryimage"},"thumbnailUrl":"https:\/\/urbeamea.ro\/albaiulia\/wp-content\/uploads\/2017\/03\/3.jpg","datePublished":"2017-03-01T20:01:28+00:00","dateModified":"2017-03-01T20:03:59+00:00","author":{"@id":"https:\/\/urbeamea.ro\/albaiulia\/#\/schema\/person\/9700d21fae21c4f038b0b56f4506264a"},"description":"Pentru a marca sosirea prim\u0103verii, conform tradi\u0163iei rom\u00e2ne\u015fti, primarul Municipiului Sebe\u015f, Dorin Nistor, a d\u0103ruit ast\u0103zi sute de m\u0103r\u0163i\u015foare, \u00eenso\u0163it de","breadcrumb":{"@id":"https:\/\/urbeamea.ro\/albaiulia\/foto-1-martie-sarbatorit-la-sebes-primarul-dorin-nistor-a-daruit-sute-de-martisoare-insotit-de-elevi-de-la-scolile-sebesene\/#breadcrumb"},"inLanguage":"ro-RO","potentialAction":[{"@type":"ReadAction","target":["https:\/\/urbeamea.ro\/albaiulia\/foto-1-martie-sarbatorit-la-sebes-primarul-dorin-nistor-a-daruit-sute-de-martisoare-insotit-de-elevi-de-la-scolile-sebesene\/"]}]},{"@type":"ImageObject","inLanguage":"ro-RO","@id":"https:\/\/urbeamea.ro\/albaiulia\/foto-1-martie-sarbatorit-la-sebes-primarul-dorin-nistor-a-daruit-sute-de-martisoare-insotit-de-elevi-de-la-scolile-sebesene\/#primaryimage","url":"https:\/\/urbeamea.ro\/albaiulia\/wp-content\/uploads\/2017\/03\/3.jpg","contentUrl":"https:\/\/urbeamea.ro\/albaiulia\/wp-content\/uploads\/2017\/03\/3.jpg","width":1280,"height":960},{"@type":"BreadcrumbList","@id":"https:\/\/urbeamea.ro\/albaiulia\/foto-1-martie-sarbatorit-la-sebes-primarul-dorin-nistor-a-daruit-sute-de-martisoare-insotit-de-elevi-de-la-scolile-sebesene\/#breadcrumb","itemListElement":[{"@type":"ListItem","position":1,"name":"Prima pagin\u0103","item":"https:\/\/urbeamea.ro\/albaiulia\/"},{"@type":"ListItem","position":2,"name":"FOTO: 1 Martie s\u0103rb\u0103torit la Sebe\u015f. Primarul Dorin Nistor a d\u0103ruit sute de m\u0103r\u0163i\u015foare, \u00eenso\u0163it de elevi de la \u015fcolile sebe\u015fene"}]},{"@type":"WebSite","@id":"https:\/\/urbeamea.ro\/albaiulia\/#website","url":"https:\/\/urbeamea.ro\/albaiulia\/","name":"Revista Urbea Mea, Stiri urbane","description":"Evenimente \u0219i \u0219tiri din Alba Iulia, Sebe\u0219, Aiud, Blaj","potentialAction":[{"@type":"SearchAction","target":{"@type":"EntryPoint","urlTemplate":"https:\/\/urbeamea.ro\/albaiulia\/?s={search_term_string}"},"query-input":{"@type":"PropertyValueSpecification","valueRequired":true,"valueName":"search_term_string"}}],"inLanguage":"ro-RO"},{"@type":"Person","@id":"https:\/\/urbeamea.ro\/albaiulia\/#\/schema\/person\/9700d21fae21c4f038b0b56f4506264a","name":"Cristina Ganga","image":{"@type":"ImageObject","inLanguage":"ro-RO","@id":"https:\/\/secure.gravatar.com\/avatar\/5a67661041f057b4a8ccaf26f5a8e86e2689372006d01faf3dd9eeb10b654bb4?s=96&d=mm&r=g","url":"https:\/\/secure.gravatar.com\/avatar\/5a67661041f057b4a8ccaf26f5a8e86e2689372006d01faf3dd9eeb10b654bb4?s=96&d=mm&r=g","contentUrl":"https:\/\/secure.gravatar.com\/avatar\/5a67661041f057b4a8ccaf26f5a8e86e2689372006d01faf3dd9eeb10b654bb4?s=96&d=mm&r=g","caption":"Cristina Ganga"},"description":"Jurnalist","sameAs":["https:\/\/www.facebook.com\/cristina.nicola.587"],"url":"https:\/\/urbeamea.ro\/albaiulia\/author\/cristina-nicola\/"}]}},"_links":{"self":[{"href":"https:\/\/urbeamea.ro\/albaiulia\/wp-json\/wp\/v2\/posts\/40847","targetHints":{"allow":["GET"]}}],"collection":[{"href":"https:\/\/urbeamea.ro\/albaiulia\/wp-json\/wp\/v2\/posts"}],"about":[{"href":"https:\/\/urbeamea.ro\/albaiulia\/wp-json\/wp\/v2\/types\/post"}],"author":[{"embeddable":true,"href":"https:\/\/urbeamea.ro\/albaiulia\/wp-json\/wp\/v2\/users\/17"}],"replies":[{"embeddable":true,"href":"https:\/\/urbeamea.ro\/albaiulia\/wp-json\/wp\/v2\/comments?post=40847"}],"version-history":[{"count":0,"href":"https:\/\/urbeamea.ro\/albaiulia\/wp-json\/wp\/v2\/posts\/40847\/revisions"}],"wp:featuredmedia":[{"embeddable":true,"href":"https:\/\/urbeamea.ro\/albaiulia\/wp-json\/wp\/v2\/media\/40850"}],"wp:attachment":[{"href":"https:\/\/urbeamea.ro\/albaiulia\/wp-json\/wp\/v2\/media?parent=40847"}],"wp:term":[{"taxonomy":"category","embeddable":true,"href":"https:\/\/urbeamea.ro\/albaiulia\/wp-json\/wp\/v2\/categories?post=40847"},{"taxonomy":"post_tag","embeddable":true,"href":"https:\/\/urbeamea.ro\/albaiulia\/wp-json\/wp\/v2\/tags?post=40847"}],"curies":[{"name":"wp","href":"https:\/\/api.w.org\/{rel}","templated":true}]}}