{"id":40870,"date":"2017-03-02T20:05:51","date_gmt":"2017-03-02T18:05:51","guid":{"rendered":"http:\/\/urbeamea.ro\/albaiulia\/?p=40870"},"modified":"2017-03-02T20:05:51","modified_gmt":"2017-03-02T18:05:51","slug":"vineri-spectacolul-cantecele-copilariei-la-alba-mall","status":"publish","type":"post","link":"https:\/\/urbeamea.ro\/albaiulia\/vineri-spectacolul-cantecele-copilariei-la-alba-mall\/","title":{"rendered":"Vineri: Spectacolul \u201eC\u00e2ntecele copil\u0103riei\u201d, la Alba Mall"},"content":{"rendered":"<p><strong>\u201eC\u00e2ntecele copil\u0103riei\u201d este spectacolul la care sunte\u0163i a\u015ftepta\u0163i vineri, la Alba Mall. Eveniment este dedicat m\u0103r\u021bi\u0219orului, zilei femeii \u0219i zilei mamei \u015fi este organizat de Palatul Copiilor Alba Iulia \u00een colaborare cu \u0219colile \u201eAvram Iancu\u201d \u0219i \u201eIon Ag\u00e2rbiceanu\u201d din municipiu.<\/strong><\/p>\n<p>Spectacolul va avea loc vineri, 3 martie, \u00eencep\u00e2nd cu ora 18.00, \u00een holul central din cadrul complexului comercial Alba Mall.<\/p>\n<p>Programul va include muzic\u0103 folk, muzic\u0103 u\u0219oar\u0103, recitatori, dans modern, majorete, expozi\u021bie de pictur\u0103, ceramic\u0103 \u0219i obiecte design realizate de copii.<\/p>\n","protected":false},"excerpt":{"rendered":"<p>\u201eC\u00e2ntecele copil\u0103riei\u201d este spectacolul la care sunte\u0163i a\u015ftepta\u0163i vineri, la Alba Mall. Eveniment este dedicat m\u0103r\u021bi\u0219orului, zilei femeii \u0219i zilei mamei \u015fi este organizat de Palatul Copiilor Alba Iulia \u00een colaborare cu \u0219colile \u201eAvram Iancu\u201d \u0219i \u201eIon Ag\u00e2rbiceanu\u201d din municipiu. Spectacolul va avea loc vineri, 3 martie, \u00eencep\u00e2nd cu ora 18.00, \u00een holul central din &hellip;<\/p>\n","protected":false},"author":17,"featured_media":40871,"comment_status":"open","ping_status":"open","sticky":false,"template":"","format":"standard","meta":{"inline_featured_image":false,"footnotes":""},"categories":[4],"tags":[31,434,10188,4331,908,5957,912,911,5469,10187,360,308,76],"class_list":["post-40870","post","type-post","status-publish","format-standard","has-post-thumbnail","hentry","category-eveniment","tag-alba-iulia","tag-alba-mall","tag-cantecele-copilariei","tag-dans-modern","tag-expozitie-de-pictura","tag-majorete","tag-muzica-folk","tag-muzica-usoara","tag-palatul-copiilor-alba-iulia","tag-recitatori","tag-spectacol","tag-stiri","tag-urbea-mea"],"yoast_head":"<!-- This site is optimized with the Yoast SEO plugin v28.3 - https:\/\/yoast.com\/product\/yoast-seo-wordpress\/ -->\n<title>Vineri: Spectacolul \u201eC\u00e2ntecele copil\u0103riei\u201d, la Alba Mall - Revista Urbea Mea - Revista de Alba<\/title>\n<meta name=\"description\" content=\"\u201eC\u00e2ntecele copil\u0103riei\u201d este spectacolul la care sunte\u0163i a\u015ftepta\u0163i vineri, la Alba Mall. Eveniment este dedicat m\u0103r\u021bi\u0219orului, zilei femeii \u0219i zilei mamei\" \/>\n<meta name=\"robots\" content=\"index, follow, max-snippet:-1, max-image-preview:large, max-video-preview:-1\" \/>\n<link rel=\"canonical\" href=\"https:\/\/urbeamea.ro\/albaiulia\/vineri-spectacolul-cantecele-copilariei-la-alba-mall\/\" \/>\n<meta name=\"twitter:card\" content=\"summary_large_image\" \/>\n<meta name=\"twitter:title\" content=\"Vineri: Spectacolul \u201eC\u00e2ntecele copil\u0103riei\u201d, la Alba Mall - Revista Urbea Mea - Revista de Alba\" \/>\n<meta name=\"twitter:description\" content=\"\u201eC\u00e2ntecele copil\u0103riei\u201d este spectacolul la care sunte\u0163i a\u015ftepta\u0163i vineri, la Alba Mall. Eveniment este dedicat m\u0103r\u021bi\u0219orului, zilei femeii \u0219i zilei mamei\" \/>\n<meta name=\"twitter:image\" content=\"https:\/\/urbeamea.ro\/albaiulia\/wp-content\/uploads\/2017\/03\/FB_IMG_1488447586511.jpg\" \/>\n<meta name=\"twitter:creator\" content=\"@urbeameaweb\" \/>\n<meta name=\"twitter:site\" content=\"@urbeameaweb\" \/>\n<script type=\"application\/ld+json\" class=\"yoast-schema-graph\">{\"@context\":\"https:\\\/\\\/schema.org\",\"@graph\":[{\"@type\":\"Article\",\"@id\":\"https:\\\/\\\/urbeamea.ro\\\/albaiulia\\\/vineri-spectacolul-cantecele-copilariei-la-alba-mall\\\/#article\",\"isPartOf\":{\"@id\":\"https:\\\/\\\/urbeamea.ro\\\/albaiulia\\\/vineri-spectacolul-cantecele-copilariei-la-alba-mall\\\/\"},\"author\":{\"name\":\"Cristina Ganga\",\"@id\":\"https:\\\/\\\/urbeamea.ro\\\/albaiulia\\\/#\\\/schema\\\/person\\\/9700d21fae21c4f038b0b56f4506264a\"},\"headline\":\"Vineri: Spectacolul \u201eC\u00e2ntecele copil\u0103riei\u201d, la Alba Mall\",\"datePublished\":\"2017-03-02T18:05:51+00:00\",\"mainEntityOfPage\":{\"@id\":\"https:\\\/\\\/urbeamea.ro\\\/albaiulia\\\/vineri-spectacolul-cantecele-copilariei-la-alba-mall\\\/\"},\"wordCount\":100,\"commentCount\":0,\"image\":{\"@id\":\"https:\\\/\\\/urbeamea.ro\\\/albaiulia\\\/vineri-spectacolul-cantecele-copilariei-la-alba-mall\\\/#primaryimage\"},\"thumbnailUrl\":\"https:\\\/\\\/urbeamea.ro\\\/albaiulia\\\/wp-content\\\/uploads\\\/2017\\\/03\\\/FB_IMG_1488447586511.jpg\",\"keywords\":[\"Alba Iulia\",\"alba mall\",\"cantecele copilariei\",\"dans modern\",\"expozitie de pictura\",\"majorete\",\"muzica folk\",\"muzica usoara\",\"palatul copiilor alba iulia\",\"recitatori\",\"spectacol\",\"stiri\",\"Urbea Mea\"],\"articleSection\":[\"Evenimente\"],\"inLanguage\":\"ro-RO\",\"potentialAction\":[{\"@type\":\"CommentAction\",\"name\":\"Comment\",\"target\":[\"https:\\\/\\\/urbeamea.ro\\\/albaiulia\\\/vineri-spectacolul-cantecele-copilariei-la-alba-mall\\\/#respond\"]}]},{\"@type\":\"WebPage\",\"@id\":\"https:\\\/\\\/urbeamea.ro\\\/albaiulia\\\/vineri-spectacolul-cantecele-copilariei-la-alba-mall\\\/\",\"url\":\"https:\\\/\\\/urbeamea.ro\\\/albaiulia\\\/vineri-spectacolul-cantecele-copilariei-la-alba-mall\\\/\",\"name\":\"Vineri: Spectacolul \u201eC\u00e2ntecele copil\u0103riei\u201d, la Alba Mall - Revista Urbea Mea - Revista de Alba\",\"isPartOf\":{\"@id\":\"https:\\\/\\\/urbeamea.ro\\\/albaiulia\\\/#website\"},\"primaryImageOfPage\":{\"@id\":\"https:\\\/\\\/urbeamea.ro\\\/albaiulia\\\/vineri-spectacolul-cantecele-copilariei-la-alba-mall\\\/#primaryimage\"},\"image\":{\"@id\":\"https:\\\/\\\/urbeamea.ro\\\/albaiulia\\\/vineri-spectacolul-cantecele-copilariei-la-alba-mall\\\/#primaryimage\"},\"thumbnailUrl\":\"https:\\\/\\\/urbeamea.ro\\\/albaiulia\\\/wp-content\\\/uploads\\\/2017\\\/03\\\/FB_IMG_1488447586511.jpg\",\"datePublished\":\"2017-03-02T18:05:51+00:00\",\"author\":{\"@id\":\"https:\\\/\\\/urbeamea.ro\\\/albaiulia\\\/#\\\/schema\\\/person\\\/9700d21fae21c4f038b0b56f4506264a\"},\"description\":\"\u201eC\u00e2ntecele copil\u0103riei\u201d este spectacolul la care sunte\u0163i a\u015ftepta\u0163i vineri, la Alba Mall. Eveniment este dedicat m\u0103r\u021bi\u0219orului, zilei femeii \u0219i zilei mamei\",\"breadcrumb\":{\"@id\":\"https:\\\/\\\/urbeamea.ro\\\/albaiulia\\\/vineri-spectacolul-cantecele-copilariei-la-alba-mall\\\/#breadcrumb\"},\"inLanguage\":\"ro-RO\",\"potentialAction\":[{\"@type\":\"ReadAction\",\"target\":[\"https:\\\/\\\/urbeamea.ro\\\/albaiulia\\\/vineri-spectacolul-cantecele-copilariei-la-alba-mall\\\/\"]}]},{\"@type\":\"ImageObject\",\"inLanguage\":\"ro-RO\",\"@id\":\"https:\\\/\\\/urbeamea.ro\\\/albaiulia\\\/vineri-spectacolul-cantecele-copilariei-la-alba-mall\\\/#primaryimage\",\"url\":\"https:\\\/\\\/urbeamea.ro\\\/albaiulia\\\/wp-content\\\/uploads\\\/2017\\\/03\\\/FB_IMG_1488447586511.jpg\",\"contentUrl\":\"https:\\\/\\\/urbeamea.ro\\\/albaiulia\\\/wp-content\\\/uploads\\\/2017\\\/03\\\/FB_IMG_1488447586511.jpg\",\"width\":720,\"height\":938},{\"@type\":\"BreadcrumbList\",\"@id\":\"https:\\\/\\\/urbeamea.ro\\\/albaiulia\\\/vineri-spectacolul-cantecele-copilariei-la-alba-mall\\\/#breadcrumb\",\"itemListElement\":[{\"@type\":\"ListItem\",\"position\":1,\"name\":\"Prima pagin\u0103\",\"item\":\"https:\\\/\\\/urbeamea.ro\\\/albaiulia\\\/\"},{\"@type\":\"ListItem\",\"position\":2,\"name\":\"Vineri: Spectacolul \u201eC\u00e2ntecele copil\u0103riei\u201d, la Alba Mall\"}]},{\"@type\":\"WebSite\",\"@id\":\"https:\\\/\\\/urbeamea.ro\\\/albaiulia\\\/#website\",\"url\":\"https:\\\/\\\/urbeamea.ro\\\/albaiulia\\\/\",\"name\":\"Revista Urbea Mea, Stiri urbane\",\"description\":\"Evenimente \u0219i \u0219tiri din Alba Iulia, Sebe\u0219, Aiud, Blaj\",\"potentialAction\":[{\"@type\":\"SearchAction\",\"target\":{\"@type\":\"EntryPoint\",\"urlTemplate\":\"https:\\\/\\\/urbeamea.ro\\\/albaiulia\\\/?s={search_term_string}\"},\"query-input\":{\"@type\":\"PropertyValueSpecification\",\"valueRequired\":true,\"valueName\":\"search_term_string\"}}],\"inLanguage\":\"ro-RO\"},{\"@type\":\"Person\",\"@id\":\"https:\\\/\\\/urbeamea.ro\\\/albaiulia\\\/#\\\/schema\\\/person\\\/9700d21fae21c4f038b0b56f4506264a\",\"name\":\"Cristina Ganga\",\"image\":{\"@type\":\"ImageObject\",\"inLanguage\":\"ro-RO\",\"@id\":\"https:\\\/\\\/secure.gravatar.com\\\/avatar\\\/5a67661041f057b4a8ccaf26f5a8e86e2689372006d01faf3dd9eeb10b654bb4?s=96&d=mm&r=g\",\"url\":\"https:\\\/\\\/secure.gravatar.com\\\/avatar\\\/5a67661041f057b4a8ccaf26f5a8e86e2689372006d01faf3dd9eeb10b654bb4?s=96&d=mm&r=g\",\"contentUrl\":\"https:\\\/\\\/secure.gravatar.com\\\/avatar\\\/5a67661041f057b4a8ccaf26f5a8e86e2689372006d01faf3dd9eeb10b654bb4?s=96&d=mm&r=g\",\"caption\":\"Cristina Ganga\"},\"description\":\"Jurnalist\",\"sameAs\":[\"https:\\\/\\\/www.facebook.com\\\/cristina.nicola.587\"],\"url\":\"https:\\\/\\\/urbeamea.ro\\\/albaiulia\\\/author\\\/cristina-nicola\\\/\"}]}<\/script>\n<!-- \/ Yoast SEO plugin. -->","yoast_head_json":{"title":"Vineri: Spectacolul \u201eC\u00e2ntecele copil\u0103riei\u201d, la Alba Mall - Revista Urbea Mea - Revista de Alba","description":"\u201eC\u00e2ntecele copil\u0103riei\u201d este spectacolul la care sunte\u0163i a\u015ftepta\u0163i vineri, la Alba Mall. Eveniment este dedicat m\u0103r\u021bi\u0219orului, zilei femeii \u0219i zilei mamei","robots":{"index":"index","follow":"follow","max-snippet":"max-snippet:-1","max-image-preview":"max-image-preview:large","max-video-preview":"max-video-preview:-1"},"canonical":"https:\/\/urbeamea.ro\/albaiulia\/vineri-spectacolul-cantecele-copilariei-la-alba-mall\/","twitter_card":"summary_large_image","twitter_title":"Vineri: Spectacolul \u201eC\u00e2ntecele copil\u0103riei\u201d, la Alba Mall - Revista Urbea Mea - Revista de Alba","twitter_description":"\u201eC\u00e2ntecele copil\u0103riei\u201d este spectacolul la care sunte\u0163i a\u015ftepta\u0163i vineri, la Alba Mall. Eveniment este dedicat m\u0103r\u021bi\u0219orului, zilei femeii \u0219i zilei mamei","twitter_image":"https:\/\/urbeamea.ro\/albaiulia\/wp-content\/uploads\/2017\/03\/FB_IMG_1488447586511.jpg","twitter_creator":"@urbeameaweb","twitter_site":"@urbeameaweb","schema":{"@context":"https:\/\/schema.org","@graph":[{"@type":"Article","@id":"https:\/\/urbeamea.ro\/albaiulia\/vineri-spectacolul-cantecele-copilariei-la-alba-mall\/#article","isPartOf":{"@id":"https:\/\/urbeamea.ro\/albaiulia\/vineri-spectacolul-cantecele-copilariei-la-alba-mall\/"},"author":{"name":"Cristina Ganga","@id":"https:\/\/urbeamea.ro\/albaiulia\/#\/schema\/person\/9700d21fae21c4f038b0b56f4506264a"},"headline":"Vineri: Spectacolul \u201eC\u00e2ntecele copil\u0103riei\u201d, la Alba Mall","datePublished":"2017-03-02T18:05:51+00:00","mainEntityOfPage":{"@id":"https:\/\/urbeamea.ro\/albaiulia\/vineri-spectacolul-cantecele-copilariei-la-alba-mall\/"},"wordCount":100,"commentCount":0,"image":{"@id":"https:\/\/urbeamea.ro\/albaiulia\/vineri-spectacolul-cantecele-copilariei-la-alba-mall\/#primaryimage"},"thumbnailUrl":"https:\/\/urbeamea.ro\/albaiulia\/wp-content\/uploads\/2017\/03\/FB_IMG_1488447586511.jpg","keywords":["Alba Iulia","alba mall","cantecele copilariei","dans modern","expozitie de pictura","majorete","muzica folk","muzica usoara","palatul copiilor alba iulia","recitatori","spectacol","stiri","Urbea Mea"],"articleSection":["Evenimente"],"inLanguage":"ro-RO","potentialAction":[{"@type":"CommentAction","name":"Comment","target":["https:\/\/urbeamea.ro\/albaiulia\/vineri-spectacolul-cantecele-copilariei-la-alba-mall\/#respond"]}]},{"@type":"WebPage","@id":"https:\/\/urbeamea.ro\/albaiulia\/vineri-spectacolul-cantecele-copilariei-la-alba-mall\/","url":"https:\/\/urbeamea.ro\/albaiulia\/vineri-spectacolul-cantecele-copilariei-la-alba-mall\/","name":"Vineri: Spectacolul \u201eC\u00e2ntecele copil\u0103riei\u201d, la Alba Mall - Revista Urbea Mea - Revista de Alba","isPartOf":{"@id":"https:\/\/urbeamea.ro\/albaiulia\/#website"},"primaryImageOfPage":{"@id":"https:\/\/urbeamea.ro\/albaiulia\/vineri-spectacolul-cantecele-copilariei-la-alba-mall\/#primaryimage"},"image":{"@id":"https:\/\/urbeamea.ro\/albaiulia\/vineri-spectacolul-cantecele-copilariei-la-alba-mall\/#primaryimage"},"thumbnailUrl":"https:\/\/urbeamea.ro\/albaiulia\/wp-content\/uploads\/2017\/03\/FB_IMG_1488447586511.jpg","datePublished":"2017-03-02T18:05:51+00:00","author":{"@id":"https:\/\/urbeamea.ro\/albaiulia\/#\/schema\/person\/9700d21fae21c4f038b0b56f4506264a"},"description":"\u201eC\u00e2ntecele copil\u0103riei\u201d este spectacolul la care sunte\u0163i a\u015ftepta\u0163i vineri, la Alba Mall. Eveniment este dedicat m\u0103r\u021bi\u0219orului, zilei femeii \u0219i zilei mamei","breadcrumb":{"@id":"https:\/\/urbeamea.ro\/albaiulia\/vineri-spectacolul-cantecele-copilariei-la-alba-mall\/#breadcrumb"},"inLanguage":"ro-RO","potentialAction":[{"@type":"ReadAction","target":["https:\/\/urbeamea.ro\/albaiulia\/vineri-spectacolul-cantecele-copilariei-la-alba-mall\/"]}]},{"@type":"ImageObject","inLanguage":"ro-RO","@id":"https:\/\/urbeamea.ro\/albaiulia\/vineri-spectacolul-cantecele-copilariei-la-alba-mall\/#primaryimage","url":"https:\/\/urbeamea.ro\/albaiulia\/wp-content\/uploads\/2017\/03\/FB_IMG_1488447586511.jpg","contentUrl":"https:\/\/urbeamea.ro\/albaiulia\/wp-content\/uploads\/2017\/03\/FB_IMG_1488447586511.jpg","width":720,"height":938},{"@type":"BreadcrumbList","@id":"https:\/\/urbeamea.ro\/albaiulia\/vineri-spectacolul-cantecele-copilariei-la-alba-mall\/#breadcrumb","itemListElement":[{"@type":"ListItem","position":1,"name":"Prima pagin\u0103","item":"https:\/\/urbeamea.ro\/albaiulia\/"},{"@type":"ListItem","position":2,"name":"Vineri: Spectacolul \u201eC\u00e2ntecele copil\u0103riei\u201d, la Alba Mall"}]},{"@type":"WebSite","@id":"https:\/\/urbeamea.ro\/albaiulia\/#website","url":"https:\/\/urbeamea.ro\/albaiulia\/","name":"Revista Urbea Mea, Stiri urbane","description":"Evenimente \u0219i \u0219tiri din Alba Iulia, Sebe\u0219, Aiud, Blaj","potentialAction":[{"@type":"SearchAction","target":{"@type":"EntryPoint","urlTemplate":"https:\/\/urbeamea.ro\/albaiulia\/?s={search_term_string}"},"query-input":{"@type":"PropertyValueSpecification","valueRequired":true,"valueName":"search_term_string"}}],"inLanguage":"ro-RO"},{"@type":"Person","@id":"https:\/\/urbeamea.ro\/albaiulia\/#\/schema\/person\/9700d21fae21c4f038b0b56f4506264a","name":"Cristina Ganga","image":{"@type":"ImageObject","inLanguage":"ro-RO","@id":"https:\/\/secure.gravatar.com\/avatar\/5a67661041f057b4a8ccaf26f5a8e86e2689372006d01faf3dd9eeb10b654bb4?s=96&d=mm&r=g","url":"https:\/\/secure.gravatar.com\/avatar\/5a67661041f057b4a8ccaf26f5a8e86e2689372006d01faf3dd9eeb10b654bb4?s=96&d=mm&r=g","contentUrl":"https:\/\/secure.gravatar.com\/avatar\/5a67661041f057b4a8ccaf26f5a8e86e2689372006d01faf3dd9eeb10b654bb4?s=96&d=mm&r=g","caption":"Cristina Ganga"},"description":"Jurnalist","sameAs":["https:\/\/www.facebook.com\/cristina.nicola.587"],"url":"https:\/\/urbeamea.ro\/albaiulia\/author\/cristina-nicola\/"}]}},"_links":{"self":[{"href":"https:\/\/urbeamea.ro\/albaiulia\/wp-json\/wp\/v2\/posts\/40870","targetHints":{"allow":["GET"]}}],"collection":[{"href":"https:\/\/urbeamea.ro\/albaiulia\/wp-json\/wp\/v2\/posts"}],"about":[{"href":"https:\/\/urbeamea.ro\/albaiulia\/wp-json\/wp\/v2\/types\/post"}],"author":[{"embeddable":true,"href":"https:\/\/urbeamea.ro\/albaiulia\/wp-json\/wp\/v2\/users\/17"}],"replies":[{"embeddable":true,"href":"https:\/\/urbeamea.ro\/albaiulia\/wp-json\/wp\/v2\/comments?post=40870"}],"version-history":[{"count":0,"href":"https:\/\/urbeamea.ro\/albaiulia\/wp-json\/wp\/v2\/posts\/40870\/revisions"}],"wp:featuredmedia":[{"embeddable":true,"href":"https:\/\/urbeamea.ro\/albaiulia\/wp-json\/wp\/v2\/media\/40871"}],"wp:attachment":[{"href":"https:\/\/urbeamea.ro\/albaiulia\/wp-json\/wp\/v2\/media?parent=40870"}],"wp:term":[{"taxonomy":"category","embeddable":true,"href":"https:\/\/urbeamea.ro\/albaiulia\/wp-json\/wp\/v2\/categories?post=40870"},{"taxonomy":"post_tag","embeddable":true,"href":"https:\/\/urbeamea.ro\/albaiulia\/wp-json\/wp\/v2\/tags?post=40870"}],"curies":[{"name":"wp","href":"https:\/\/api.w.org\/{rel}","templated":true}]}}