{"id":40944,"date":"2017-03-03T15:19:16","date_gmt":"2017-03-03T13:19:16","guid":{"rendered":"http:\/\/urbeamea.ro\/albaiulia\/?p=40944"},"modified":"2017-03-03T15:19:16","modified_gmt":"2017-03-03T13:19:16","slug":"foto-scoala-altfel-2017-sfaturi-de-la-politisti-pentru-elevii-din-alba","status":"publish","type":"post","link":"https:\/\/urbeamea.ro\/albaiulia\/foto-scoala-altfel-2017-sfaturi-de-la-politisti-pentru-elevii-din-alba\/","title":{"rendered":"FOTO \u201e\u015ecoala Altfel 2017\u201d: Sfaturi de la poli\u0163i\u015fti pentru elevii din Alba"},"content":{"rendered":"<p><strong>\u00cen s\u0103pt\u0103m\u00e2na ce se \u00eencheie, poli\u0163i\u015ftii din Alba au r\u0103spuns invita\u0163iei cadrelor didactice pentru desf\u0103\u0219urarea unor activit\u0103\u0163i informativ \u2013 preventive prev\u0103zute \u00een cadrul Programului \u201e\u015ecoala Altfel 2017 \u2013S\u0103 \u015ftii mai multe, s\u0103 fii mai bun!\u201d. Elevii de la Colegiul Na\u0163ional Horea Clo\u015fca \u015fi Cri\u015fan din Alba Iulia \u015fi cei ai \u015ecolii Gimnaziale Ciugud au primit sfaturi de la poli\u0163i\u015fti.<\/strong><\/p>\n<p>\u00cen perioada 28 februarie \u2013 3 martie, poli\u0163i\u015ftii Compartimentului de Analiz\u0103 \u015fi Prevenire a Criminalit\u0103\u0163ii din IPJ Alba \u00eempreun\u0103 cu reprezentan\u0163i ai Asocia\u021biei Femeilor din Alba \u015fi ai Agen\u0163iei Na\u0163ionale \u00cempotriva Traficului de Persoane Alba Iulia au fost prezen\u0163i la Colegiul Na\u0163ional Horea Clo\u015fca \u015fi Cri\u015fan din Alba Iulia, unde au sus\u0163inut dezbateri legate de violen\u0163a intrafamilial\u0103, bullying \u015fi cyberbullying precum \u015fi de traficul de fiin\u0163e umane.<\/p>\n<p>Inform\u0103rile privind violen\u0163a \u00een familie au avut ca \u015fi suport materialele campaniei na\u0163ionale \u201eAripi Fr\u00e2nte\u201d (bro\u015furi \u015fi un film documentar), derulat\u0103 de Poli\u0163ia Rom\u00e2n\u0103 \u00een parteneriat cu Asocia\u0163ia \u201eNecuvinte\u201d.<\/p>\n<p>Elevilor le-au fost prezentate consecin\u0163ele violen\u0163ei \u00een familie explic\u00e2ndu-li-se c\u0103 violen\u0163a poate genera violen\u0163\u0103, iar abuzurile de orice fel pot avea o influen\u0163\u0103 semnificativ\u0103 asupra personalit\u0103\u0163ii victimelor.<\/p>\n<p>La dezbateri a participat \u00a0Liliana Mihacea, pre\u015fedinta Asocia\u021biei Femeilor din Jude\u0163ul Alba, care a \u00eencurajat comportamentul nonviolent \u015fi atitudinea ofensiv\u0103 \u00een raport cu violen\u0163a domestic\u0103.<\/p>\n<p>Lansat\u0103 la nivel na\u0163ional, \u00een cursul anului 2016, campania Aripi Fr\u00e2nte are ca scop informarea cu privire la posibilit\u0103\u0163ile pe care victimele violen\u0163ei \u00een familie le au, pentru a se ap\u0103ra \u00eempotriva agresorilor. Totodat\u0103, se urm\u0103re\u015fte ca persoanele aflate \u00eentr-o situa\u0163ie de tip abuziv s\u0103 con\u015ftientizeze pericolul \u015fi s\u0103 fac\u0103 primii pa\u015fi spre a ie\u015fi din acel mediu.<\/p>\n<p>Elevilor colegiului le-au fost prezentate \u015fi aspecte legate de prevenirea traficului de persoane, prevenirea violen\u0163ei \u00een \u015fcoli \u015fi prevenirea h\u0103r\u0163uirii \u00een mediul on-line.<\/p>\n<p>Tot \u00een s\u0103pt\u0103m\u00e2na 28 februarie \u2013 3 martie, poli\u0163i\u015ftii din Ciugud au fost al\u0103turi de elevii \u015fcolii gimnaziale din comun\u0103, cu ocazia activit\u0103\u0163ilor desf\u0103\u015furate de aceast\u0103 unitate de \u00eenv\u0103\u0163\u0103m\u00e2nt \u00een cadrul Programului \u201e\u015ecoala Altfel 2017 \u2013 S\u0103 \u015ftii mai multe, s\u0103 fii mai bun!\u201d<\/p>\n<p>Elevii au fost sf\u0103tui\u0163i s\u0103 adopte un comportament nonviolent, \u00een orice \u00eemprejurare \u0219i s\u0103 se fereasc\u0103 de situa\u021bii care pot genera conflicte \u0219i le pot pune via\u021ba \u00een pericol.<\/p>\n<p>Poli\u0163i\u015ftii din Alba r\u0103spund tuturor solicit\u0103rilor cadrelor didactice pentru a participa la activit\u0103\u021bile educativ \u2013 informative adresate elevilor, \u00een cadrul Programului \u201e\u015ecoala Altfel 2017 \u2013 S\u0103 \u015ftii mai multe, s\u0103 fii mai bun!\u201d<\/p>\n<div id='gallery-1' class='gallery galleryid-40944 gallery-columns-3 gallery-size-thumbnail'><figure class='gallery-item'>\n\t\t\t<div class='gallery-icon landscape'>\n\t\t\t\t<a href='https:\/\/urbeamea.ro\/albaiulia\/wp-content\/uploads\/2017\/03\/3-1.jpg'><img decoding=\"async\" width=\"150\" height=\"100\" src=\"data:image\/png;base64,iVBORw0KGgoAAAANSUhEUgAAAYYAAADcAQMAAABOLJSDAAAAA1BMVEUAAACnej3aAAAAAXRSTlMAQObYZgAAACJJREFUaIHtwTEBAAAAwqD1T20ND6AAAAAAAAAAAAAA4N8AKvgAAUFIrrEAAAAASUVORK5CYII=\" class=\"attachment-thumbnail size-thumbnail lazy-img\" alt=\"\" srcset=\"https:\/\/urbeamea.ro\/albaiulia\/wp-content\/uploads\/2017\/03\/3-1-150x100.jpg 150w, https:\/\/urbeamea.ro\/albaiulia\/wp-content\/uploads\/2017\/03\/3-1.jpg 450w\" sizes=\"auto, (max-width: 150px) 100vw, 150px\" data-src=\"https:\/\/urbeamea.ro\/albaiulia\/wp-content\/uploads\/2017\/03\/3-1-150x100.jpg\" loading=\"lazy\" \/><\/a>\n\t\t\t<\/div><\/figure><figure class='gallery-item'>\n\t\t\t<div class='gallery-icon landscape'>\n\t\t\t\t<a href='https:\/\/urbeamea.ro\/albaiulia\/wp-content\/uploads\/2017\/03\/9.jpg'><img decoding=\"async\" width=\"150\" height=\"150\" src=\"data:image\/png;base64,iVBORw0KGgoAAAANSUhEUgAAAYYAAADcAQMAAABOLJSDAAAAA1BMVEUAAACnej3aAAAAAXRSTlMAQObYZgAAACJJREFUaIHtwTEBAAAAwqD1T20ND6AAAAAAAAAAAAAA4N8AKvgAAUFIrrEAAAAASUVORK5CYII=\" class=\"attachment-thumbnail size-thumbnail lazy-img\" alt=\"\" srcset=\"https:\/\/urbeamea.ro\/albaiulia\/wp-content\/uploads\/2017\/03\/9-150x150.jpg 150w, https:\/\/urbeamea.ro\/albaiulia\/wp-content\/uploads\/2017\/03\/9.jpg 300w\" sizes=\"auto, (max-width: 150px) 100vw, 150px\" data-src=\"https:\/\/urbeamea.ro\/albaiulia\/wp-content\/uploads\/2017\/03\/9-150x150.jpg\" loading=\"lazy\" \/><\/a>\n\t\t\t<\/div><\/figure><figure class='gallery-item'>\n\t\t\t<div class='gallery-icon landscape'>\n\t\t\t\t<a href='https:\/\/urbeamea.ro\/albaiulia\/wp-content\/uploads\/2017\/03\/21.jpg'><img decoding=\"async\" width=\"150\" height=\"100\" src=\"data:image\/png;base64,iVBORw0KGgoAAAANSUhEUgAAAYYAAADcAQMAAABOLJSDAAAAA1BMVEUAAACnej3aAAAAAXRSTlMAQObYZgAAACJJREFUaIHtwTEBAAAAwqD1T20ND6AAAAAAAAAAAAAA4N8AKvgAAUFIrrEAAAAASUVORK5CYII=\" class=\"attachment-thumbnail size-thumbnail lazy-img\" alt=\"\" srcset=\"https:\/\/urbeamea.ro\/albaiulia\/wp-content\/uploads\/2017\/03\/21-150x100.jpg 150w, https:\/\/urbeamea.ro\/albaiulia\/wp-content\/uploads\/2017\/03\/21.jpg 450w\" sizes=\"auto, (max-width: 150px) 100vw, 150px\" data-src=\"https:\/\/urbeamea.ro\/albaiulia\/wp-content\/uploads\/2017\/03\/21-150x100.jpg\" loading=\"lazy\" \/><\/a>\n\t\t\t<\/div><\/figure><figure class='gallery-item'>\n\t\t\t<div class='gallery-icon portrait'>\n\t\t\t\t<a href='https:\/\/urbeamea.ro\/albaiulia\/wp-content\/uploads\/2017\/03\/17105456_1391523314251622_1372407120_n.jpg'><img decoding=\"async\" width=\"113\" height=\"150\" src=\"data:image\/png;base64,iVBORw0KGgoAAAANSUhEUgAAAYYAAADcAQMAAABOLJSDAAAAA1BMVEUAAACnej3aAAAAAXRSTlMAQObYZgAAACJJREFUaIHtwTEBAAAAwqD1T20ND6AAAAAAAAAAAAAA4N8AKvgAAUFIrrEAAAAASUVORK5CYII=\" class=\"attachment-thumbnail size-thumbnail lazy-img\" alt=\"\" srcset=\"https:\/\/urbeamea.ro\/albaiulia\/wp-content\/uploads\/2017\/03\/17105456_1391523314251622_1372407120_n-113x150.jpg 113w, https:\/\/urbeamea.ro\/albaiulia\/wp-content\/uploads\/2017\/03\/17105456_1391523314251622_1372407120_n.jpg 300w\" sizes=\"auto, (max-width: 113px) 100vw, 113px\" data-src=\"https:\/\/urbeamea.ro\/albaiulia\/wp-content\/uploads\/2017\/03\/17105456_1391523314251622_1372407120_n-113x150.jpg\" loading=\"lazy\" \/><\/a>\n\t\t\t<\/div><\/figure><figure class='gallery-item'>\n\t\t\t<div class='gallery-icon portrait'>\n\t\t\t\t<a href='https:\/\/urbeamea.ro\/albaiulia\/wp-content\/uploads\/2017\/03\/17125104_1391523347584952_1506418759_n.jpg'><img decoding=\"async\" width=\"113\" height=\"150\" src=\"data:image\/png;base64,iVBORw0KGgoAAAANSUhEUgAAAYYAAADcAQMAAABOLJSDAAAAA1BMVEUAAACnej3aAAAAAXRSTlMAQObYZgAAACJJREFUaIHtwTEBAAAAwqD1T20ND6AAAAAAAAAAAAAA4N8AKvgAAUFIrrEAAAAASUVORK5CYII=\" class=\"attachment-thumbnail size-thumbnail lazy-img\" alt=\"\" srcset=\"https:\/\/urbeamea.ro\/albaiulia\/wp-content\/uploads\/2017\/03\/17125104_1391523347584952_1506418759_n-113x150.jpg 113w, https:\/\/urbeamea.ro\/albaiulia\/wp-content\/uploads\/2017\/03\/17125104_1391523347584952_1506418759_n.jpg 300w\" sizes=\"auto, (max-width: 113px) 100vw, 113px\" data-src=\"https:\/\/urbeamea.ro\/albaiulia\/wp-content\/uploads\/2017\/03\/17125104_1391523347584952_1506418759_n-113x150.jpg\" loading=\"lazy\" \/><\/a>\n\t\t\t<\/div><\/figure><figure class='gallery-item'>\n\t\t\t<div class='gallery-icon portrait'>\n\t\t\t\t<a href='https:\/\/urbeamea.ro\/albaiulia\/wp-content\/uploads\/2017\/03\/17141238_1391523317584955_1078777158_n.jpg'><img decoding=\"async\" width=\"113\" height=\"150\" src=\"data:image\/png;base64,iVBORw0KGgoAAAANSUhEUgAAAYYAAADcAQMAAABOLJSDAAAAA1BMVEUAAACnej3aAAAAAXRSTlMAQObYZgAAACJJREFUaIHtwTEBAAAAwqD1T20ND6AAAAAAAAAAAAAA4N8AKvgAAUFIrrEAAAAASUVORK5CYII=\" class=\"attachment-thumbnail size-thumbnail lazy-img\" alt=\"\" srcset=\"https:\/\/urbeamea.ro\/albaiulia\/wp-content\/uploads\/2017\/03\/17141238_1391523317584955_1078777158_n-113x150.jpg 113w, https:\/\/urbeamea.ro\/albaiulia\/wp-content\/uploads\/2017\/03\/17141238_1391523317584955_1078777158_n.jpg 300w\" sizes=\"auto, (max-width: 113px) 100vw, 113px\" data-src=\"https:\/\/urbeamea.ro\/albaiulia\/wp-content\/uploads\/2017\/03\/17141238_1391523317584955_1078777158_n-113x150.jpg\" loading=\"lazy\" \/><\/a>\n\t\t\t<\/div><\/figure><figure class='gallery-item'>\n\t\t\t<div class='gallery-icon landscape'>\n\t\t\t\t<a href='https:\/\/urbeamea.ro\/albaiulia\/wp-content\/uploads\/2017\/03\/DSC_0302.jpg'><img decoding=\"async\" width=\"150\" height=\"100\" src=\"data:image\/png;base64,iVBORw0KGgoAAAANSUhEUgAAAYYAAADcAQMAAABOLJSDAAAAA1BMVEUAAACnej3aAAAAAXRSTlMAQObYZgAAACJJREFUaIHtwTEBAAAAwqD1T20ND6AAAAAAAAAAAAAA4N8AKvgAAUFIrrEAAAAASUVORK5CYII=\" class=\"attachment-thumbnail size-thumbnail lazy-img\" alt=\"\" srcset=\"https:\/\/urbeamea.ro\/albaiulia\/wp-content\/uploads\/2017\/03\/DSC_0302-150x100.jpg 150w, https:\/\/urbeamea.ro\/albaiulia\/wp-content\/uploads\/2017\/03\/DSC_0302.jpg 450w\" sizes=\"auto, (max-width: 150px) 100vw, 150px\" data-src=\"https:\/\/urbeamea.ro\/albaiulia\/wp-content\/uploads\/2017\/03\/DSC_0302-150x100.jpg\" loading=\"lazy\" \/><\/a>\n\t\t\t<\/div><\/figure><figure class='gallery-item'>\n\t\t\t<div class='gallery-icon landscape'>\n\t\t\t\t<a href='https:\/\/urbeamea.ro\/albaiulia\/wp-content\/uploads\/2017\/03\/DSC_0303.jpg'><img decoding=\"async\" width=\"150\" height=\"100\" src=\"data:image\/png;base64,iVBORw0KGgoAAAANSUhEUgAAAYYAAADcAQMAAABOLJSDAAAAA1BMVEUAAACnej3aAAAAAXRSTlMAQObYZgAAACJJREFUaIHtwTEBAAAAwqD1T20ND6AAAAAAAAAAAAAA4N8AKvgAAUFIrrEAAAAASUVORK5CYII=\" class=\"attachment-thumbnail size-thumbnail lazy-img\" alt=\"\" srcset=\"https:\/\/urbeamea.ro\/albaiulia\/wp-content\/uploads\/2017\/03\/DSC_0303-150x100.jpg 150w, https:\/\/urbeamea.ro\/albaiulia\/wp-content\/uploads\/2017\/03\/DSC_0303.jpg 450w\" sizes=\"auto, (max-width: 150px) 100vw, 150px\" data-src=\"https:\/\/urbeamea.ro\/albaiulia\/wp-content\/uploads\/2017\/03\/DSC_0303-150x100.jpg\" loading=\"lazy\" \/><\/a>\n\t\t\t<\/div><\/figure><figure class='gallery-item'>\n\t\t\t<div class='gallery-icon landscape'>\n\t\t\t\t<a href='https:\/\/urbeamea.ro\/albaiulia\/wp-content\/uploads\/2017\/03\/DSC_0304.jpg'><img decoding=\"async\" width=\"150\" height=\"100\" src=\"data:image\/png;base64,iVBORw0KGgoAAAANSUhEUgAAAYYAAADcAQMAAABOLJSDAAAAA1BMVEUAAACnej3aAAAAAXRSTlMAQObYZgAAACJJREFUaIHtwTEBAAAAwqD1T20ND6AAAAAAAAAAAAAA4N8AKvgAAUFIrrEAAAAASUVORK5CYII=\" class=\"attachment-thumbnail size-thumbnail lazy-img\" alt=\"\" srcset=\"https:\/\/urbeamea.ro\/albaiulia\/wp-content\/uploads\/2017\/03\/DSC_0304-150x100.jpg 150w, https:\/\/urbeamea.ro\/albaiulia\/wp-content\/uploads\/2017\/03\/DSC_0304.jpg 450w\" sizes=\"auto, (max-width: 150px) 100vw, 150px\" data-src=\"https:\/\/urbeamea.ro\/albaiulia\/wp-content\/uploads\/2017\/03\/DSC_0304-150x100.jpg\" loading=\"lazy\" \/><\/a>\n\t\t\t<\/div><\/figure>\n\t\t<\/div>\n\n","protected":false},"excerpt":{"rendered":"<p>\u00cen s\u0103pt\u0103m\u00e2na ce se \u00eencheie, poli\u0163i\u015ftii din Alba au r\u0103spuns invita\u0163iei cadrelor didactice pentru desf\u0103\u0219urarea unor activit\u0103\u0163i informativ \u2013 preventive prev\u0103zute \u00een cadrul Programului \u201e\u015ecoala Altfel 2017 \u2013S\u0103 \u015ftii mai multe, s\u0103 fii mai bun!\u201d. Elevii de la Colegiul Na\u0163ional Horea Clo\u015fca \u015fi Cri\u015fan din Alba Iulia \u015fi cei ai \u015ecolii Gimnaziale Ciugud au primit &hellip;<\/p>\n","protected":false},"author":17,"featured_media":40951,"comment_status":"open","ping_status":"open","sticky":false,"template":"","format":"standard","meta":{"inline_featured_image":false,"footnotes":""},"categories":[2039],"tags":[847,31,626,6268,315,458,4383,10214,696,308,76],"class_list":["post-40944","post","type-post","status-publish","format-standard","has-post-thumbnail","hentry","category-educatie","tag-activitati","tag-alba-iulia","tag-cadre-didactice","tag-colegiul-national-horea-closca-si-crisan","tag-elevi","tag-politisti","tag-scoala-altfel","tag-scoala-gimnaziala-ciugud","tag-sfaturi","tag-stiri","tag-urbea-mea"],"yoast_head":"<!-- This site is optimized with the Yoast SEO plugin v28.3 - https:\/\/yoast.com\/product\/yoast-seo-wordpress\/ -->\n<title>FOTO \u201e\u015ecoala Altfel 2017\u201d: Sfaturi de la poli\u0163i\u015fti pentru elevii din Alba - Revista Urbea Mea - Revista de Alba<\/title>\n<meta name=\"description\" content=\"\u00cen s\u0103pt\u0103m\u00e2na ce se \u00eencheie, poli\u0163i\u015ftii din Alba au r\u0103spuns invita\u0163iei cadrelor didactice pentru desf\u0103\u0219urarea unor activit\u0103\u0163i informativ \u2013 preventive\" \/>\n<meta name=\"robots\" content=\"index, follow, max-snippet:-1, max-image-preview:large, max-video-preview:-1\" \/>\n<link rel=\"canonical\" href=\"https:\/\/urbeamea.ro\/albaiulia\/foto-scoala-altfel-2017-sfaturi-de-la-politisti-pentru-elevii-din-alba\/\" \/>\n<meta name=\"twitter:card\" content=\"summary_large_image\" \/>\n<meta name=\"twitter:title\" content=\"FOTO \u201e\u015ecoala Altfel 2017\u201d: Sfaturi de la poli\u0163i\u015fti pentru elevii din Alba - Revista Urbea Mea - Revista de Alba\" \/>\n<meta name=\"twitter:description\" content=\"\u00cen s\u0103pt\u0103m\u00e2na ce se \u00eencheie, poli\u0163i\u015ftii din Alba au r\u0103spuns invita\u0163iei cadrelor didactice pentru desf\u0103\u0219urarea unor activit\u0103\u0163i informativ \u2013 preventive\" \/>\n<meta name=\"twitter:image\" content=\"https:\/\/urbeamea.ro\/albaiulia\/wp-content\/uploads\/2017\/03\/DSC_0302.jpg\" \/>\n<meta name=\"twitter:creator\" content=\"@urbeameaweb\" \/>\n<meta name=\"twitter:site\" content=\"@urbeameaweb\" \/>\n<script type=\"application\/ld+json\" class=\"yoast-schema-graph\">{\"@context\":\"https:\\\/\\\/schema.org\",\"@graph\":[{\"@type\":\"Article\",\"@id\":\"https:\\\/\\\/urbeamea.ro\\\/albaiulia\\\/foto-scoala-altfel-2017-sfaturi-de-la-politisti-pentru-elevii-din-alba\\\/#article\",\"isPartOf\":{\"@id\":\"https:\\\/\\\/urbeamea.ro\\\/albaiulia\\\/foto-scoala-altfel-2017-sfaturi-de-la-politisti-pentru-elevii-din-alba\\\/\"},\"author\":{\"name\":\"Cristina Ganga\",\"@id\":\"https:\\\/\\\/urbeamea.ro\\\/albaiulia\\\/#\\\/schema\\\/person\\\/9700d21fae21c4f038b0b56f4506264a\"},\"headline\":\"FOTO \u201e\u015ecoala Altfel 2017\u201d: Sfaturi de la poli\u0163i\u015fti pentru elevii din Alba\",\"datePublished\":\"2017-03-03T13:19:16+00:00\",\"mainEntityOfPage\":{\"@id\":\"https:\\\/\\\/urbeamea.ro\\\/albaiulia\\\/foto-scoala-altfel-2017-sfaturi-de-la-politisti-pentru-elevii-din-alba\\\/\"},\"wordCount\":476,\"commentCount\":0,\"image\":{\"@id\":\"https:\\\/\\\/urbeamea.ro\\\/albaiulia\\\/foto-scoala-altfel-2017-sfaturi-de-la-politisti-pentru-elevii-din-alba\\\/#primaryimage\"},\"thumbnailUrl\":\"https:\\\/\\\/urbeamea.ro\\\/albaiulia\\\/wp-content\\\/uploads\\\/2017\\\/03\\\/DSC_0302.jpg\",\"keywords\":[\"activitati\",\"Alba Iulia\",\"cadre didactice\",\"colegiul national horea closca si crisan\",\"elevi\",\"politisti\",\"scoala altfel\",\"scoala gimnaziala ciugud\",\"sfaturi\",\"stiri\",\"Urbea Mea\"],\"articleSection\":[\"Educa\u021bie\"],\"inLanguage\":\"ro-RO\",\"potentialAction\":[{\"@type\":\"CommentAction\",\"name\":\"Comment\",\"target\":[\"https:\\\/\\\/urbeamea.ro\\\/albaiulia\\\/foto-scoala-altfel-2017-sfaturi-de-la-politisti-pentru-elevii-din-alba\\\/#respond\"]}]},{\"@type\":\"WebPage\",\"@id\":\"https:\\\/\\\/urbeamea.ro\\\/albaiulia\\\/foto-scoala-altfel-2017-sfaturi-de-la-politisti-pentru-elevii-din-alba\\\/\",\"url\":\"https:\\\/\\\/urbeamea.ro\\\/albaiulia\\\/foto-scoala-altfel-2017-sfaturi-de-la-politisti-pentru-elevii-din-alba\\\/\",\"name\":\"FOTO \u201e\u015ecoala Altfel 2017\u201d: Sfaturi de la poli\u0163i\u015fti pentru elevii din Alba - Revista Urbea Mea - Revista de Alba\",\"isPartOf\":{\"@id\":\"https:\\\/\\\/urbeamea.ro\\\/albaiulia\\\/#website\"},\"primaryImageOfPage\":{\"@id\":\"https:\\\/\\\/urbeamea.ro\\\/albaiulia\\\/foto-scoala-altfel-2017-sfaturi-de-la-politisti-pentru-elevii-din-alba\\\/#primaryimage\"},\"image\":{\"@id\":\"https:\\\/\\\/urbeamea.ro\\\/albaiulia\\\/foto-scoala-altfel-2017-sfaturi-de-la-politisti-pentru-elevii-din-alba\\\/#primaryimage\"},\"thumbnailUrl\":\"https:\\\/\\\/urbeamea.ro\\\/albaiulia\\\/wp-content\\\/uploads\\\/2017\\\/03\\\/DSC_0302.jpg\",\"datePublished\":\"2017-03-03T13:19:16+00:00\",\"author\":{\"@id\":\"https:\\\/\\\/urbeamea.ro\\\/albaiulia\\\/#\\\/schema\\\/person\\\/9700d21fae21c4f038b0b56f4506264a\"},\"description\":\"\u00cen s\u0103pt\u0103m\u00e2na ce se \u00eencheie, poli\u0163i\u015ftii din Alba au r\u0103spuns invita\u0163iei cadrelor didactice pentru desf\u0103\u0219urarea unor activit\u0103\u0163i informativ \u2013 preventive\",\"breadcrumb\":{\"@id\":\"https:\\\/\\\/urbeamea.ro\\\/albaiulia\\\/foto-scoala-altfel-2017-sfaturi-de-la-politisti-pentru-elevii-din-alba\\\/#breadcrumb\"},\"inLanguage\":\"ro-RO\",\"potentialAction\":[{\"@type\":\"ReadAction\",\"target\":[\"https:\\\/\\\/urbeamea.ro\\\/albaiulia\\\/foto-scoala-altfel-2017-sfaturi-de-la-politisti-pentru-elevii-din-alba\\\/\"]}]},{\"@type\":\"ImageObject\",\"inLanguage\":\"ro-RO\",\"@id\":\"https:\\\/\\\/urbeamea.ro\\\/albaiulia\\\/foto-scoala-altfel-2017-sfaturi-de-la-politisti-pentru-elevii-din-alba\\\/#primaryimage\",\"url\":\"https:\\\/\\\/urbeamea.ro\\\/albaiulia\\\/wp-content\\\/uploads\\\/2017\\\/03\\\/DSC_0302.jpg\",\"contentUrl\":\"https:\\\/\\\/urbeamea.ro\\\/albaiulia\\\/wp-content\\\/uploads\\\/2017\\\/03\\\/DSC_0302.jpg\",\"width\":450,\"height\":300},{\"@type\":\"BreadcrumbList\",\"@id\":\"https:\\\/\\\/urbeamea.ro\\\/albaiulia\\\/foto-scoala-altfel-2017-sfaturi-de-la-politisti-pentru-elevii-din-alba\\\/#breadcrumb\",\"itemListElement\":[{\"@type\":\"ListItem\",\"position\":1,\"name\":\"Prima pagin\u0103\",\"item\":\"https:\\\/\\\/urbeamea.ro\\\/albaiulia\\\/\"},{\"@type\":\"ListItem\",\"position\":2,\"name\":\"FOTO \u201e\u015ecoala Altfel 2017\u201d: Sfaturi de la poli\u0163i\u015fti pentru elevii din Alba\"}]},{\"@type\":\"WebSite\",\"@id\":\"https:\\\/\\\/urbeamea.ro\\\/albaiulia\\\/#website\",\"url\":\"https:\\\/\\\/urbeamea.ro\\\/albaiulia\\\/\",\"name\":\"Revista Urbea Mea, Stiri urbane\",\"description\":\"Evenimente \u0219i \u0219tiri din Alba Iulia, Sebe\u0219, Aiud, Blaj\",\"potentialAction\":[{\"@type\":\"SearchAction\",\"target\":{\"@type\":\"EntryPoint\",\"urlTemplate\":\"https:\\\/\\\/urbeamea.ro\\\/albaiulia\\\/?s={search_term_string}\"},\"query-input\":{\"@type\":\"PropertyValueSpecification\",\"valueRequired\":true,\"valueName\":\"search_term_string\"}}],\"inLanguage\":\"ro-RO\"},{\"@type\":\"Person\",\"@id\":\"https:\\\/\\\/urbeamea.ro\\\/albaiulia\\\/#\\\/schema\\\/person\\\/9700d21fae21c4f038b0b56f4506264a\",\"name\":\"Cristina Ganga\",\"image\":{\"@type\":\"ImageObject\",\"inLanguage\":\"ro-RO\",\"@id\":\"https:\\\/\\\/secure.gravatar.com\\\/avatar\\\/5a67661041f057b4a8ccaf26f5a8e86e2689372006d01faf3dd9eeb10b654bb4?s=96&d=mm&r=g\",\"url\":\"https:\\\/\\\/secure.gravatar.com\\\/avatar\\\/5a67661041f057b4a8ccaf26f5a8e86e2689372006d01faf3dd9eeb10b654bb4?s=96&d=mm&r=g\",\"contentUrl\":\"https:\\\/\\\/secure.gravatar.com\\\/avatar\\\/5a67661041f057b4a8ccaf26f5a8e86e2689372006d01faf3dd9eeb10b654bb4?s=96&d=mm&r=g\",\"caption\":\"Cristina Ganga\"},\"description\":\"Jurnalist\",\"sameAs\":[\"https:\\\/\\\/www.facebook.com\\\/cristina.nicola.587\"],\"url\":\"https:\\\/\\\/urbeamea.ro\\\/albaiulia\\\/author\\\/cristina-nicola\\\/\"}]}<\/script>\n<!-- \/ Yoast SEO plugin. -->","yoast_head_json":{"title":"FOTO \u201e\u015ecoala Altfel 2017\u201d: Sfaturi de la poli\u0163i\u015fti pentru elevii din Alba - Revista Urbea Mea - Revista de Alba","description":"\u00cen s\u0103pt\u0103m\u00e2na ce se \u00eencheie, poli\u0163i\u015ftii din Alba au r\u0103spuns invita\u0163iei cadrelor didactice pentru desf\u0103\u0219urarea unor activit\u0103\u0163i informativ \u2013 preventive","robots":{"index":"index","follow":"follow","max-snippet":"max-snippet:-1","max-image-preview":"max-image-preview:large","max-video-preview":"max-video-preview:-1"},"canonical":"https:\/\/urbeamea.ro\/albaiulia\/foto-scoala-altfel-2017-sfaturi-de-la-politisti-pentru-elevii-din-alba\/","twitter_card":"summary_large_image","twitter_title":"FOTO \u201e\u015ecoala Altfel 2017\u201d: Sfaturi de la poli\u0163i\u015fti pentru elevii din Alba - Revista Urbea Mea - Revista de Alba","twitter_description":"\u00cen s\u0103pt\u0103m\u00e2na ce se \u00eencheie, poli\u0163i\u015ftii din Alba au r\u0103spuns invita\u0163iei cadrelor didactice pentru desf\u0103\u0219urarea unor activit\u0103\u0163i informativ \u2013 preventive","twitter_image":"https:\/\/urbeamea.ro\/albaiulia\/wp-content\/uploads\/2017\/03\/DSC_0302.jpg","twitter_creator":"@urbeameaweb","twitter_site":"@urbeameaweb","schema":{"@context":"https:\/\/schema.org","@graph":[{"@type":"Article","@id":"https:\/\/urbeamea.ro\/albaiulia\/foto-scoala-altfel-2017-sfaturi-de-la-politisti-pentru-elevii-din-alba\/#article","isPartOf":{"@id":"https:\/\/urbeamea.ro\/albaiulia\/foto-scoala-altfel-2017-sfaturi-de-la-politisti-pentru-elevii-din-alba\/"},"author":{"name":"Cristina Ganga","@id":"https:\/\/urbeamea.ro\/albaiulia\/#\/schema\/person\/9700d21fae21c4f038b0b56f4506264a"},"headline":"FOTO \u201e\u015ecoala Altfel 2017\u201d: Sfaturi de la poli\u0163i\u015fti pentru elevii din Alba","datePublished":"2017-03-03T13:19:16+00:00","mainEntityOfPage":{"@id":"https:\/\/urbeamea.ro\/albaiulia\/foto-scoala-altfel-2017-sfaturi-de-la-politisti-pentru-elevii-din-alba\/"},"wordCount":476,"commentCount":0,"image":{"@id":"https:\/\/urbeamea.ro\/albaiulia\/foto-scoala-altfel-2017-sfaturi-de-la-politisti-pentru-elevii-din-alba\/#primaryimage"},"thumbnailUrl":"https:\/\/urbeamea.ro\/albaiulia\/wp-content\/uploads\/2017\/03\/DSC_0302.jpg","keywords":["activitati","Alba Iulia","cadre didactice","colegiul national horea closca si crisan","elevi","politisti","scoala altfel","scoala gimnaziala ciugud","sfaturi","stiri","Urbea Mea"],"articleSection":["Educa\u021bie"],"inLanguage":"ro-RO","potentialAction":[{"@type":"CommentAction","name":"Comment","target":["https:\/\/urbeamea.ro\/albaiulia\/foto-scoala-altfel-2017-sfaturi-de-la-politisti-pentru-elevii-din-alba\/#respond"]}]},{"@type":"WebPage","@id":"https:\/\/urbeamea.ro\/albaiulia\/foto-scoala-altfel-2017-sfaturi-de-la-politisti-pentru-elevii-din-alba\/","url":"https:\/\/urbeamea.ro\/albaiulia\/foto-scoala-altfel-2017-sfaturi-de-la-politisti-pentru-elevii-din-alba\/","name":"FOTO \u201e\u015ecoala Altfel 2017\u201d: Sfaturi de la poli\u0163i\u015fti pentru elevii din Alba - Revista Urbea Mea - Revista de Alba","isPartOf":{"@id":"https:\/\/urbeamea.ro\/albaiulia\/#website"},"primaryImageOfPage":{"@id":"https:\/\/urbeamea.ro\/albaiulia\/foto-scoala-altfel-2017-sfaturi-de-la-politisti-pentru-elevii-din-alba\/#primaryimage"},"image":{"@id":"https:\/\/urbeamea.ro\/albaiulia\/foto-scoala-altfel-2017-sfaturi-de-la-politisti-pentru-elevii-din-alba\/#primaryimage"},"thumbnailUrl":"https:\/\/urbeamea.ro\/albaiulia\/wp-content\/uploads\/2017\/03\/DSC_0302.jpg","datePublished":"2017-03-03T13:19:16+00:00","author":{"@id":"https:\/\/urbeamea.ro\/albaiulia\/#\/schema\/person\/9700d21fae21c4f038b0b56f4506264a"},"description":"\u00cen s\u0103pt\u0103m\u00e2na ce se \u00eencheie, poli\u0163i\u015ftii din Alba au r\u0103spuns invita\u0163iei cadrelor didactice pentru desf\u0103\u0219urarea unor activit\u0103\u0163i informativ \u2013 preventive","breadcrumb":{"@id":"https:\/\/urbeamea.ro\/albaiulia\/foto-scoala-altfel-2017-sfaturi-de-la-politisti-pentru-elevii-din-alba\/#breadcrumb"},"inLanguage":"ro-RO","potentialAction":[{"@type":"ReadAction","target":["https:\/\/urbeamea.ro\/albaiulia\/foto-scoala-altfel-2017-sfaturi-de-la-politisti-pentru-elevii-din-alba\/"]}]},{"@type":"ImageObject","inLanguage":"ro-RO","@id":"https:\/\/urbeamea.ro\/albaiulia\/foto-scoala-altfel-2017-sfaturi-de-la-politisti-pentru-elevii-din-alba\/#primaryimage","url":"https:\/\/urbeamea.ro\/albaiulia\/wp-content\/uploads\/2017\/03\/DSC_0302.jpg","contentUrl":"https:\/\/urbeamea.ro\/albaiulia\/wp-content\/uploads\/2017\/03\/DSC_0302.jpg","width":450,"height":300},{"@type":"BreadcrumbList","@id":"https:\/\/urbeamea.ro\/albaiulia\/foto-scoala-altfel-2017-sfaturi-de-la-politisti-pentru-elevii-din-alba\/#breadcrumb","itemListElement":[{"@type":"ListItem","position":1,"name":"Prima pagin\u0103","item":"https:\/\/urbeamea.ro\/albaiulia\/"},{"@type":"ListItem","position":2,"name":"FOTO \u201e\u015ecoala Altfel 2017\u201d: Sfaturi de la poli\u0163i\u015fti pentru elevii din Alba"}]},{"@type":"WebSite","@id":"https:\/\/urbeamea.ro\/albaiulia\/#website","url":"https:\/\/urbeamea.ro\/albaiulia\/","name":"Revista Urbea Mea, Stiri urbane","description":"Evenimente \u0219i \u0219tiri din Alba Iulia, Sebe\u0219, Aiud, Blaj","potentialAction":[{"@type":"SearchAction","target":{"@type":"EntryPoint","urlTemplate":"https:\/\/urbeamea.ro\/albaiulia\/?s={search_term_string}"},"query-input":{"@type":"PropertyValueSpecification","valueRequired":true,"valueName":"search_term_string"}}],"inLanguage":"ro-RO"},{"@type":"Person","@id":"https:\/\/urbeamea.ro\/albaiulia\/#\/schema\/person\/9700d21fae21c4f038b0b56f4506264a","name":"Cristina Ganga","image":{"@type":"ImageObject","inLanguage":"ro-RO","@id":"https:\/\/secure.gravatar.com\/avatar\/5a67661041f057b4a8ccaf26f5a8e86e2689372006d01faf3dd9eeb10b654bb4?s=96&d=mm&r=g","url":"https:\/\/secure.gravatar.com\/avatar\/5a67661041f057b4a8ccaf26f5a8e86e2689372006d01faf3dd9eeb10b654bb4?s=96&d=mm&r=g","contentUrl":"https:\/\/secure.gravatar.com\/avatar\/5a67661041f057b4a8ccaf26f5a8e86e2689372006d01faf3dd9eeb10b654bb4?s=96&d=mm&r=g","caption":"Cristina Ganga"},"description":"Jurnalist","sameAs":["https:\/\/www.facebook.com\/cristina.nicola.587"],"url":"https:\/\/urbeamea.ro\/albaiulia\/author\/cristina-nicola\/"}]}},"_links":{"self":[{"href":"https:\/\/urbeamea.ro\/albaiulia\/wp-json\/wp\/v2\/posts\/40944","targetHints":{"allow":["GET"]}}],"collection":[{"href":"https:\/\/urbeamea.ro\/albaiulia\/wp-json\/wp\/v2\/posts"}],"about":[{"href":"https:\/\/urbeamea.ro\/albaiulia\/wp-json\/wp\/v2\/types\/post"}],"author":[{"embeddable":true,"href":"https:\/\/urbeamea.ro\/albaiulia\/wp-json\/wp\/v2\/users\/17"}],"replies":[{"embeddable":true,"href":"https:\/\/urbeamea.ro\/albaiulia\/wp-json\/wp\/v2\/comments?post=40944"}],"version-history":[{"count":0,"href":"https:\/\/urbeamea.ro\/albaiulia\/wp-json\/wp\/v2\/posts\/40944\/revisions"}],"wp:featuredmedia":[{"embeddable":true,"href":"https:\/\/urbeamea.ro\/albaiulia\/wp-json\/wp\/v2\/media\/40951"}],"wp:attachment":[{"href":"https:\/\/urbeamea.ro\/albaiulia\/wp-json\/wp\/v2\/media?parent=40944"}],"wp:term":[{"taxonomy":"category","embeddable":true,"href":"https:\/\/urbeamea.ro\/albaiulia\/wp-json\/wp\/v2\/categories?post=40944"},{"taxonomy":"post_tag","embeddable":true,"href":"https:\/\/urbeamea.ro\/albaiulia\/wp-json\/wp\/v2\/tags?post=40944"}],"curies":[{"name":"wp","href":"https:\/\/api.w.org\/{rel}","templated":true}]}}