{"id":41059,"date":"2017-03-06T13:39:08","date_gmt":"2017-03-06T11:39:08","guid":{"rendered":"http:\/\/urbeamea.ro\/albaiulia\/?p=41059"},"modified":"2017-03-06T13:39:08","modified_gmt":"2017-03-06T11:39:08","slug":"isu-alba-peste-100-de-hectare-de-teren-distruse-de-flacari-in-weekend-atentionari-de-la-pompieri","status":"publish","type":"post","link":"https:\/\/urbeamea.ro\/albaiulia\/isu-alba-peste-100-de-hectare-de-teren-distruse-de-flacari-in-weekend-atentionari-de-la-pompieri\/","title":{"rendered":"ISU Alba: Peste 100 de hectare de teren, distruse de fl\u0103c\u0103ri, \u00een weekend. Aten\u0163ion\u0103ri de la pompieri"},"content":{"rendered":"<p><strong><span lang=\"ro-RO\">\u00cen perioada <\/span><span lang=\"ro-RO\">3-5 martie<\/span><span lang=\"ro-RO\">, <\/span><span lang=\"ro-RO\">subunit\u0103\u021bile Inspectoratului pentru Situa\u021bii de Urgen\u021b\u0103 <\/span>\u201cUnirea\u201d al jude<span lang=\"ro-RO\">\u021b<\/span>ului Alba au intervenit pentru stingerea a 29 incendii de vegeta<span lang=\"ro-RO\">\u021bie uscat\u0103, l\u0103st\u0103ri\u0219, m\u0103r\u0103cini\u0219 \u0219i litier\u0103 izbucnite <\/span><span lang=\"ro-RO\">pe raza mai multor localit\u0103\u021bi din jude\u021b. <\/span><span lang=\"ro-RO\">\u00cen total, au ars aproximativ <\/span><span lang=\"ro-RO\">119,5 ha<\/span><span lang=\"ro-RO\"> de vegeta\u0163ie uscat\u0103, m\u0103r\u0103cini\u0219, l\u0103st\u0103ri\u0219 \u0219i litier\u0103. De asemenea, au mai fost distruse 2 ha puie\u021bi de brad, 100 ml paraz\u0103pezi, 60 ml gard de lemn, 10 ml de cablu electric \u0219i 1 barac\u0103 de lemn.<br \/>\n<\/span><\/strong><\/p>\n<p><span lang=\"ro-RO\">Pompierii militari au intervenit, \u00een weekend, pe raza <\/span><span lang=\"ro-RO\">localit\u0103\u021biilor Alba Iulia, Petrisat (Blaj), G\u00e2rbovi\u021ba (Aiud), Dra\u0219ov (Spring), Oiejdea (Galda de Jos), Berghin, Lupu (Blaj), S\u00eentimbru, B\u0103r\u0103ban\u021b, Aiud, Blaj, Sebe\u0219, Mirasl\u0103u, Decea (Mirasl\u0103u), Lopadea Veche (Mirasl\u0103u), Cenade, \u0219oseaua de centur\u0103 a municipiului Alba Iulia, Vidolm-zona Pietrele Corbului (C\u00eempeni), Poiana G\u0103lzii (Galda de Jos), G\u00e2rbova de Sus (Aiud), Tec\u0219e\u0219ti \u2013 zona Piatra Cetii (\u00centregalde) \u0219i Daia Rom\u00e2n\u0103. <\/span><strong><span lang=\"ro-RO\"><br \/>\n<\/span><\/strong><\/p>\n<p><span lang=\"ro-RO\">Pe l\u00e2ng\u0103 interven\u021biile pompierilor militari, <\/span><span lang=\"ro-RO\">Serviciile Voluntare pentru Situa\u021bii de Urgen\u021b\u0103<\/span><span lang=\"ro-RO\"> Teiu\u0219, \u0218ibot, Do\u0219tat, Ocna Mure\u0219, Po\u0219aga, Avram Iancu, Mirasl\u0103u, S\u0103li\u0219tea, Berghin, Pianu, Lup\u0219a, Lunca Mure\u0219ului, Ciugud, Lopadea Nou\u0103, Galda de Jos, Unirea, Sebe\u0219 \u0219i \u0218ona au ac\u021bionat pentru stingerea a <\/span><span lang=\"ro-RO\">31 de incendii de vegeta\u021bie uscat\u0103<\/span><span lang=\"ro-RO\">.<\/span><\/p>\n<p><span lang=\"ro-RO\">\u00cen total au ars aproximativ <\/span><span lang=\"ro-RO\">119,5 ha<\/span><span lang=\"ro-RO\"> de vegeta\u0163ie uscat\u0103, m\u0103r\u0103cini\u0219, l\u0103st\u0103ri\u0219 \u0219i litier\u0103. De asemenea, au mai fost distruse 2 ha puie\u021bi de brad, 100 ml paraz\u0103pezi, 60 ml gard de lemn, 10 ml de cablu electric \u0219i 1 barac\u0103 de lemn.<\/span><\/p>\n<p><span lang=\"ro-RO\"><strong>Aceast\u0103 cre\u015ftere semnificativ\u0103 a num\u0103rului de incendii de vegeta\u0163ie uscat\u0103, litier\u0103, miri\u015fti \u015fi resturi vegetale are drept cauz\u0103 utilizarea necorespunz\u0103toare a focului deschis.<\/strong> <\/span><\/p>\n<p><span lang=\"ro-RO\">Nerespectarea m\u0103surilor specifice la efectuarea arderilor de vegeta\u0163ie uscat\u0103, miri\u015fti, \u015fi resturi vegetale poate avea consecin\u0163e grave asupra comunit\u0103\u0163ii prin pierderi de vie\u0163i omene\u015fti, importante pagube materiale \u015fi afectarea mediului \u00eenconjur\u0103tor. Din acest motiv, cunoa\u015fterea \u015fi respectarea strict\u0103 a acestora constituie solu\u0163ia cea mai simpl\u0103 \u015fi mai pu\u0163in costisitoare, constituind \u00een acela\u015fi timp o obliga\u0163ie moral\u0103 \u015fi civic\u0103 a fiec\u0103rui cet\u0103\u0163ean.<\/span><\/p>\n<p>Pentru a evita eventualele evenimente \u00een care a\u0163i putea fi implica\u0163i reprezentan\u021bii ISU Alba aduc la cuno\u015ftiin\u0163\u0103 regulile \u015fi m\u0103surile de prevenire a incendiilor la vegeta\u0163ie uscat\u0103, miri\u015fti \u015fi resturi vegetale.<\/p>\n<p><strong> \u00cen vederea realiz\u0103rii igieniz\u0103rii terenurilor prin ardere, cet\u0103\u0163enii au obliga\u0163ia de a solicita \u015fi ob\u0163ine, de la autorit\u0103\u0163ile competente, urm\u0103toarele documente:<\/strong><\/p>\n<p>\u2013<span lang=\"ro-RO\">Permis de lucru cu focul, ob\u0163inut de la Prim\u0103rie<\/span><\/p>\n<p>-Aprobare de la Agen\u0163ia de Protec\u0163ie a Mediului<\/p>\n<p>Se excepteaz\u0103 de la aceast\u0103 obliga\u0163ie, arderea vegeta\u0163iei uscate \u015fi a resturilor vegetale \u00een cadrul gospod\u0103riilor cet\u0103\u0163ene\u015fti, dar cu respectarea strict\u0103 a m\u0103surilor generale de stingere a incendiilor.<\/p>\n<p>Arderea miri\u015ftilor \u015fi a resturilor vegetale este strict interzis\u0103 dac\u0103 nu se impune ca o m\u0103sur\u0103 de carantina fitosanitar\u0103, pentru prevenirea r\u0103sp\u00e2ndirii unor boli sau d\u0103un\u0103tori specifici.<\/p>\n<p><strong><span lang=\"ro-RO\">Arderea miri\u015ftii se face cu respectarea urm\u0103toarelor prevederi generale:<\/span><\/strong><\/p>\n<p>a) condi\u0163ii meteorologice f\u0103r\u0103 v\u00e2nt;<\/p>\n<p>b) parcelarea miri\u015ftii \u00een suprafe\u0163e de maximum 10 ha, prin f\u00e2\u015fii arate;<\/p>\n<p>c) izolarea zonei de ardere fa\u0163\u0103 de c\u0103i de comunica\u0163ie, construc\u0163ii, culturi agricole vecine, instala\u0163ii, fond forestier, prin executarea de f\u00e2\u015fii arate;<\/p>\n<p>d) desf\u0103\u015furarea arderii numai pe timp de zi;<\/p>\n<p>e) asigurarea p\u00e2n\u0103 la finalizarea arderii a personalului de supraveghere \u015fi stingere a eventualelor incendii;<\/p>\n<p>f) asigurarea pentru suprafe\u0163e de ardere mai mici de 5 ha a substan\u0163elor \u015fi mijloacelor de stingere necesare;<\/p>\n<p>g) asigurarea, \u00een cazul suprafe\u0163elor de ardere mai mari de 5 ha, a unui plug, a unei cisterne de ap\u0103, a mijloacelor de tractare \u015fi a personalului de deservire.<\/p>\n<p><strong><span lang=\"it-IT\">Arderea vegeta\u0163iei uscate \u015fi a resturilor vegetale se execut\u0103 cu respectarea urm\u0103toarelor prevederi generale:<\/span><\/strong><\/p>\n<p>a) condi\u0163ii meteorologice f\u0103r\u0103 v\u00e2nt;<\/p>\n<p>b) colectarea \u00een gr\u0103mezi a vegeta\u0163iei uscate \u015fi a resturilor vegetale \u00een cantit\u0103\u0163i astfel \u00eenc\u00e2t arderea s\u0103 poat\u0103 fi controlat\u0103;<\/p>\n<p>c) executarea arderii \u00een zone care s\u0103 nu permit\u0103 propagarea focului la fondul forestier\/construc\u0163ii \u015fi s\u0103 nu afecteze re\u0163elele electrice, de comunica\u0163ii, conductele de transport gaze naturale, produsele petroliere ori alte bunuri materiale combustibile;<\/p>\n<p>d) cur\u0103\u0163area de vegeta\u0163ie a suprafe\u0163ei din jurul fiec\u0103rei gr\u0103mezi pe o distan\u0163\u0103 de 5 m;<\/p>\n<p>e) desf\u0103\u015furarea arderii numai pe timp de zi;<\/p>\n<p>f) asigurarea mijloacelor \u015fi materialelor pentru stingerea eventualelor incendii;<\/p>\n<p>g) supravegherea permanent\u0103 a arderii;<\/p>\n<p>h) stingerea total\u0103 a focului \u00eenainte de p\u0103r\u0103sirea locului arderii;<\/p>\n<p>i) interzicerea acoperirii cu p\u0103m\u00e2nt a focarelor.<\/p>\n<p>\u00cen cazul nerespect\u0103rii prevederilor legale privind interzicerea arderilor de vegeta\u021bie uscat\u0103 Agen\u021bia de Pl\u0103\u021bi \u0219i Interven\u021bie \u00een Agricultur\u0103 \u2013 APIA va aplica sanc\u021biuni care ajung p\u00e2n\u0103 la excluderea de la plata sprijinului financiar pentru de\u021bin\u0103torii terenurilor igienizate prin incendierea vegeta\u021biei uscate \u0219i care nu au ob\u021binut acceptul autorit\u0103\u021bilor.<\/p>\n<p><strong><span lang=\"ro-RO\">Garda Na\u0163ional\u0103 de Mediu <\/span>\u2013<span lang=\"ro-RO\"> Comisariatul Jude\u0163ean Alba va aplica amenzi \u00een valoare de 3.000<\/span>-6.000 lei persoanelor fizice<span lang=\"ro-RO\"> \u015fi 25.000<\/span>\u2013<span lang=\"ro-RO\">50.000 lei persoanelor juridice.<\/span><\/strong><\/p>\n<p>Pentru arderea resturilor vegetale, gunoaielor, de\u015feurilor \u015fi a altor materiale combustibile f\u0103r\u0103 ob\u0163inerea permisului cu foc \u015fi\/sau f\u0103r\u0103 luarea m\u0103surilor pentru \u00eempiedicarea propag\u0103rii focului la vecin\u0103t\u0103\u0163i, cet\u0103\u0163enii (proprietarii de terenuri) sunt pasibili de sanc\u0163iune contraven\u0163ional\u0103, astfel: 1.000 \u2013 2.500 lei.<\/p>\n<p><strong>Pentru perioada imediat urm\u0103toare, autorit\u0103\u0163ile jude\u0163ene (Inspectoratul pentru Situa\u0163ii de Urgen\u0163\u0103 \u201eUNIREA\u201d al jude\u0163ului Alba, Garda Na\u0163ional\u0103 de Mediu \u2013 Comisariatul Jude\u0163ean Alba \u015fi Agen\u0163ia de Pl\u0103\u0163i \u015fi Interven\u0163ie \u00een Agricultur\u0103) vor intensifica controalele privind respectarea legisla\u0163iei \u00een vigoare privind arderea vegeta\u0163iei uscate \u015fi vor sanc\u0163iona persoanele fizice \u015fi juridice \u015fi autorit\u0103\u0163ile locale care se fac vinovate de \u00eenc\u0103lcarea acesteia.<\/strong><\/p>\n","protected":false},"excerpt":{"rendered":"<p>\u00cen perioada 3-5 martie, subunit\u0103\u021bile Inspectoratului pentru Situa\u021bii de Urgen\u021b\u0103 \u201cUnirea\u201d al jude\u021bului Alba au intervenit pentru stingerea a 29 incendii de vegeta\u021bie uscat\u0103, l\u0103st\u0103ri\u0219, m\u0103r\u0103cini\u0219 \u0219i litier\u0103 izbucnite pe raza mai multor localit\u0103\u021bi din jude\u021b. \u00cen total, au ars aproximativ 119,5 ha de vegeta\u0163ie uscat\u0103, m\u0103r\u0103cini\u0219, l\u0103st\u0103ri\u0219 \u0219i litier\u0103. De asemenea, au mai fost &hellip;<\/p>\n","protected":false},"author":17,"featured_media":20962,"comment_status":"open","ping_status":"open","sticky":false,"template":"","format":"standard","meta":{"inline_featured_image":false,"footnotes":""},"categories":[2034],"tags":[10051,1626,2560,312,308,76,3206],"class_list":["post-41059","post","type-post","status-publish","format-standard","has-post-thumbnail","hentry","category-social","tag-autospeciale-de-stins-incendii","tag-incendii","tag-isu-alba","tag-pompieri","tag-stiri","tag-urbea-mea","tag-vegetatie-uscata"],"yoast_head":"<!-- This site is optimized with the Yoast SEO plugin v28.3 - https:\/\/yoast.com\/product\/yoast-seo-wordpress\/ -->\n<title>ISU Alba: Peste 100 de hectare de teren, distruse de fl\u0103c\u0103ri, \u00een weekend. Aten\u0163ion\u0103ri de la pompieri - Revista Urbea Mea - Revista de Alba<\/title>\n<meta name=\"description\" content=\"\u00cen perioada 3-5 martie, subunit\u0103\u021bile Inspectoratului pentru Situa\u021bii de Urgen\u021b\u0103 \u201cUnirea\u201d al jude\u021bului Alba au intervenit pentru stingerea a 29 incendii de\" \/>\n<meta name=\"robots\" content=\"index, follow, max-snippet:-1, max-image-preview:large, max-video-preview:-1\" \/>\n<link rel=\"canonical\" href=\"https:\/\/urbeamea.ro\/albaiulia\/isu-alba-peste-100-de-hectare-de-teren-distruse-de-flacari-in-weekend-atentionari-de-la-pompieri\/\" \/>\n<meta name=\"twitter:card\" content=\"summary_large_image\" \/>\n<meta name=\"twitter:title\" content=\"ISU Alba: Peste 100 de hectare de teren, distruse de fl\u0103c\u0103ri, \u00een weekend. Aten\u0163ion\u0103ri de la pompieri - Revista Urbea Mea - Revista de Alba\" \/>\n<meta name=\"twitter:description\" content=\"\u00cen perioada 3-5 martie, subunit\u0103\u021bile Inspectoratului pentru Situa\u021bii de Urgen\u021b\u0103 \u201cUnirea\u201d al jude\u021bului Alba au intervenit pentru stingerea a 29 incendii de\" \/>\n<meta name=\"twitter:image\" content=\"https:\/\/urbeamea.ro\/albaiulia\/wp-content\/uploads\/2016\/04\/Incendiu-vegetatie.jpg\" \/>\n<meta name=\"twitter:creator\" content=\"@urbeameaweb\" \/>\n<meta name=\"twitter:site\" content=\"@urbeameaweb\" \/>\n<script type=\"application\/ld+json\" class=\"yoast-schema-graph\">{\"@context\":\"https:\\\/\\\/schema.org\",\"@graph\":[{\"@type\":\"Article\",\"@id\":\"https:\\\/\\\/urbeamea.ro\\\/albaiulia\\\/isu-alba-peste-100-de-hectare-de-teren-distruse-de-flacari-in-weekend-atentionari-de-la-pompieri\\\/#article\",\"isPartOf\":{\"@id\":\"https:\\\/\\\/urbeamea.ro\\\/albaiulia\\\/isu-alba-peste-100-de-hectare-de-teren-distruse-de-flacari-in-weekend-atentionari-de-la-pompieri\\\/\"},\"author\":{\"name\":\"Cristina Ganga\",\"@id\":\"https:\\\/\\\/urbeamea.ro\\\/albaiulia\\\/#\\\/schema\\\/person\\\/9700d21fae21c4f038b0b56f4506264a\"},\"headline\":\"ISU Alba: Peste 100 de hectare de teren, distruse de fl\u0103c\u0103ri, \u00een weekend. Aten\u0163ion\u0103ri de la pompieri\",\"datePublished\":\"2017-03-06T11:39:08+00:00\",\"mainEntityOfPage\":{\"@id\":\"https:\\\/\\\/urbeamea.ro\\\/albaiulia\\\/isu-alba-peste-100-de-hectare-de-teren-distruse-de-flacari-in-weekend-atentionari-de-la-pompieri\\\/\"},\"wordCount\":1036,\"commentCount\":0,\"image\":{\"@id\":\"https:\\\/\\\/urbeamea.ro\\\/albaiulia\\\/isu-alba-peste-100-de-hectare-de-teren-distruse-de-flacari-in-weekend-atentionari-de-la-pompieri\\\/#primaryimage\"},\"thumbnailUrl\":\"https:\\\/\\\/urbeamea.ro\\\/albaiulia\\\/wp-content\\\/uploads\\\/2016\\\/04\\\/Incendiu-vegetatie.jpg\",\"keywords\":[\"autospeciale de stins incendii\",\"incendii\",\"ISU Alba\",\"pompieri\",\"stiri\",\"Urbea Mea\",\"vegetatie uscata\"],\"articleSection\":[\"Social\"],\"inLanguage\":\"ro-RO\",\"potentialAction\":[{\"@type\":\"CommentAction\",\"name\":\"Comment\",\"target\":[\"https:\\\/\\\/urbeamea.ro\\\/albaiulia\\\/isu-alba-peste-100-de-hectare-de-teren-distruse-de-flacari-in-weekend-atentionari-de-la-pompieri\\\/#respond\"]}]},{\"@type\":\"WebPage\",\"@id\":\"https:\\\/\\\/urbeamea.ro\\\/albaiulia\\\/isu-alba-peste-100-de-hectare-de-teren-distruse-de-flacari-in-weekend-atentionari-de-la-pompieri\\\/\",\"url\":\"https:\\\/\\\/urbeamea.ro\\\/albaiulia\\\/isu-alba-peste-100-de-hectare-de-teren-distruse-de-flacari-in-weekend-atentionari-de-la-pompieri\\\/\",\"name\":\"ISU Alba: Peste 100 de hectare de teren, distruse de fl\u0103c\u0103ri, \u00een weekend. Aten\u0163ion\u0103ri de la pompieri - Revista Urbea Mea - Revista de Alba\",\"isPartOf\":{\"@id\":\"https:\\\/\\\/urbeamea.ro\\\/albaiulia\\\/#website\"},\"primaryImageOfPage\":{\"@id\":\"https:\\\/\\\/urbeamea.ro\\\/albaiulia\\\/isu-alba-peste-100-de-hectare-de-teren-distruse-de-flacari-in-weekend-atentionari-de-la-pompieri\\\/#primaryimage\"},\"image\":{\"@id\":\"https:\\\/\\\/urbeamea.ro\\\/albaiulia\\\/isu-alba-peste-100-de-hectare-de-teren-distruse-de-flacari-in-weekend-atentionari-de-la-pompieri\\\/#primaryimage\"},\"thumbnailUrl\":\"https:\\\/\\\/urbeamea.ro\\\/albaiulia\\\/wp-content\\\/uploads\\\/2016\\\/04\\\/Incendiu-vegetatie.jpg\",\"datePublished\":\"2017-03-06T11:39:08+00:00\",\"author\":{\"@id\":\"https:\\\/\\\/urbeamea.ro\\\/albaiulia\\\/#\\\/schema\\\/person\\\/9700d21fae21c4f038b0b56f4506264a\"},\"description\":\"\u00cen perioada 3-5 martie, subunit\u0103\u021bile Inspectoratului pentru Situa\u021bii de Urgen\u021b\u0103 \u201cUnirea\u201d al jude\u021bului Alba au intervenit pentru stingerea a 29 incendii de\",\"breadcrumb\":{\"@id\":\"https:\\\/\\\/urbeamea.ro\\\/albaiulia\\\/isu-alba-peste-100-de-hectare-de-teren-distruse-de-flacari-in-weekend-atentionari-de-la-pompieri\\\/#breadcrumb\"},\"inLanguage\":\"ro-RO\",\"potentialAction\":[{\"@type\":\"ReadAction\",\"target\":[\"https:\\\/\\\/urbeamea.ro\\\/albaiulia\\\/isu-alba-peste-100-de-hectare-de-teren-distruse-de-flacari-in-weekend-atentionari-de-la-pompieri\\\/\"]}]},{\"@type\":\"ImageObject\",\"inLanguage\":\"ro-RO\",\"@id\":\"https:\\\/\\\/urbeamea.ro\\\/albaiulia\\\/isu-alba-peste-100-de-hectare-de-teren-distruse-de-flacari-in-weekend-atentionari-de-la-pompieri\\\/#primaryimage\",\"url\":\"https:\\\/\\\/urbeamea.ro\\\/albaiulia\\\/wp-content\\\/uploads\\\/2016\\\/04\\\/Incendiu-vegetatie.jpg\",\"contentUrl\":\"https:\\\/\\\/urbeamea.ro\\\/albaiulia\\\/wp-content\\\/uploads\\\/2016\\\/04\\\/Incendiu-vegetatie.jpg\",\"width\":1280,\"height\":973},{\"@type\":\"BreadcrumbList\",\"@id\":\"https:\\\/\\\/urbeamea.ro\\\/albaiulia\\\/isu-alba-peste-100-de-hectare-de-teren-distruse-de-flacari-in-weekend-atentionari-de-la-pompieri\\\/#breadcrumb\",\"itemListElement\":[{\"@type\":\"ListItem\",\"position\":1,\"name\":\"Prima pagin\u0103\",\"item\":\"https:\\\/\\\/urbeamea.ro\\\/albaiulia\\\/\"},{\"@type\":\"ListItem\",\"position\":2,\"name\":\"ISU Alba: Peste 100 de hectare de teren, distruse de fl\u0103c\u0103ri, \u00een weekend. Aten\u0163ion\u0103ri de la pompieri\"}]},{\"@type\":\"WebSite\",\"@id\":\"https:\\\/\\\/urbeamea.ro\\\/albaiulia\\\/#website\",\"url\":\"https:\\\/\\\/urbeamea.ro\\\/albaiulia\\\/\",\"name\":\"Revista Urbea Mea, Stiri urbane\",\"description\":\"Evenimente \u0219i \u0219tiri din Alba Iulia, Sebe\u0219, Aiud, Blaj\",\"potentialAction\":[{\"@type\":\"SearchAction\",\"target\":{\"@type\":\"EntryPoint\",\"urlTemplate\":\"https:\\\/\\\/urbeamea.ro\\\/albaiulia\\\/?s={search_term_string}\"},\"query-input\":{\"@type\":\"PropertyValueSpecification\",\"valueRequired\":true,\"valueName\":\"search_term_string\"}}],\"inLanguage\":\"ro-RO\"},{\"@type\":\"Person\",\"@id\":\"https:\\\/\\\/urbeamea.ro\\\/albaiulia\\\/#\\\/schema\\\/person\\\/9700d21fae21c4f038b0b56f4506264a\",\"name\":\"Cristina Ganga\",\"image\":{\"@type\":\"ImageObject\",\"inLanguage\":\"ro-RO\",\"@id\":\"https:\\\/\\\/secure.gravatar.com\\\/avatar\\\/5a67661041f057b4a8ccaf26f5a8e86e2689372006d01faf3dd9eeb10b654bb4?s=96&d=mm&r=g\",\"url\":\"https:\\\/\\\/secure.gravatar.com\\\/avatar\\\/5a67661041f057b4a8ccaf26f5a8e86e2689372006d01faf3dd9eeb10b654bb4?s=96&d=mm&r=g\",\"contentUrl\":\"https:\\\/\\\/secure.gravatar.com\\\/avatar\\\/5a67661041f057b4a8ccaf26f5a8e86e2689372006d01faf3dd9eeb10b654bb4?s=96&d=mm&r=g\",\"caption\":\"Cristina Ganga\"},\"description\":\"Jurnalist\",\"sameAs\":[\"https:\\\/\\\/www.facebook.com\\\/cristina.nicola.587\"],\"url\":\"https:\\\/\\\/urbeamea.ro\\\/albaiulia\\\/author\\\/cristina-nicola\\\/\"}]}<\/script>\n<!-- \/ Yoast SEO plugin. -->","yoast_head_json":{"title":"ISU Alba: Peste 100 de hectare de teren, distruse de fl\u0103c\u0103ri, \u00een weekend. Aten\u0163ion\u0103ri de la pompieri - Revista Urbea Mea - Revista de Alba","description":"\u00cen perioada 3-5 martie, subunit\u0103\u021bile Inspectoratului pentru Situa\u021bii de Urgen\u021b\u0103 \u201cUnirea\u201d al jude\u021bului Alba au intervenit pentru stingerea a 29 incendii de","robots":{"index":"index","follow":"follow","max-snippet":"max-snippet:-1","max-image-preview":"max-image-preview:large","max-video-preview":"max-video-preview:-1"},"canonical":"https:\/\/urbeamea.ro\/albaiulia\/isu-alba-peste-100-de-hectare-de-teren-distruse-de-flacari-in-weekend-atentionari-de-la-pompieri\/","twitter_card":"summary_large_image","twitter_title":"ISU Alba: Peste 100 de hectare de teren, distruse de fl\u0103c\u0103ri, \u00een weekend. Aten\u0163ion\u0103ri de la pompieri - Revista Urbea Mea - Revista de Alba","twitter_description":"\u00cen perioada 3-5 martie, subunit\u0103\u021bile Inspectoratului pentru Situa\u021bii de Urgen\u021b\u0103 \u201cUnirea\u201d al jude\u021bului Alba au intervenit pentru stingerea a 29 incendii de","twitter_image":"https:\/\/urbeamea.ro\/albaiulia\/wp-content\/uploads\/2016\/04\/Incendiu-vegetatie.jpg","twitter_creator":"@urbeameaweb","twitter_site":"@urbeameaweb","schema":{"@context":"https:\/\/schema.org","@graph":[{"@type":"Article","@id":"https:\/\/urbeamea.ro\/albaiulia\/isu-alba-peste-100-de-hectare-de-teren-distruse-de-flacari-in-weekend-atentionari-de-la-pompieri\/#article","isPartOf":{"@id":"https:\/\/urbeamea.ro\/albaiulia\/isu-alba-peste-100-de-hectare-de-teren-distruse-de-flacari-in-weekend-atentionari-de-la-pompieri\/"},"author":{"name":"Cristina Ganga","@id":"https:\/\/urbeamea.ro\/albaiulia\/#\/schema\/person\/9700d21fae21c4f038b0b56f4506264a"},"headline":"ISU Alba: Peste 100 de hectare de teren, distruse de fl\u0103c\u0103ri, \u00een weekend. Aten\u0163ion\u0103ri de la pompieri","datePublished":"2017-03-06T11:39:08+00:00","mainEntityOfPage":{"@id":"https:\/\/urbeamea.ro\/albaiulia\/isu-alba-peste-100-de-hectare-de-teren-distruse-de-flacari-in-weekend-atentionari-de-la-pompieri\/"},"wordCount":1036,"commentCount":0,"image":{"@id":"https:\/\/urbeamea.ro\/albaiulia\/isu-alba-peste-100-de-hectare-de-teren-distruse-de-flacari-in-weekend-atentionari-de-la-pompieri\/#primaryimage"},"thumbnailUrl":"https:\/\/urbeamea.ro\/albaiulia\/wp-content\/uploads\/2016\/04\/Incendiu-vegetatie.jpg","keywords":["autospeciale de stins incendii","incendii","ISU Alba","pompieri","stiri","Urbea Mea","vegetatie uscata"],"articleSection":["Social"],"inLanguage":"ro-RO","potentialAction":[{"@type":"CommentAction","name":"Comment","target":["https:\/\/urbeamea.ro\/albaiulia\/isu-alba-peste-100-de-hectare-de-teren-distruse-de-flacari-in-weekend-atentionari-de-la-pompieri\/#respond"]}]},{"@type":"WebPage","@id":"https:\/\/urbeamea.ro\/albaiulia\/isu-alba-peste-100-de-hectare-de-teren-distruse-de-flacari-in-weekend-atentionari-de-la-pompieri\/","url":"https:\/\/urbeamea.ro\/albaiulia\/isu-alba-peste-100-de-hectare-de-teren-distruse-de-flacari-in-weekend-atentionari-de-la-pompieri\/","name":"ISU Alba: Peste 100 de hectare de teren, distruse de fl\u0103c\u0103ri, \u00een weekend. Aten\u0163ion\u0103ri de la pompieri - Revista Urbea Mea - Revista de Alba","isPartOf":{"@id":"https:\/\/urbeamea.ro\/albaiulia\/#website"},"primaryImageOfPage":{"@id":"https:\/\/urbeamea.ro\/albaiulia\/isu-alba-peste-100-de-hectare-de-teren-distruse-de-flacari-in-weekend-atentionari-de-la-pompieri\/#primaryimage"},"image":{"@id":"https:\/\/urbeamea.ro\/albaiulia\/isu-alba-peste-100-de-hectare-de-teren-distruse-de-flacari-in-weekend-atentionari-de-la-pompieri\/#primaryimage"},"thumbnailUrl":"https:\/\/urbeamea.ro\/albaiulia\/wp-content\/uploads\/2016\/04\/Incendiu-vegetatie.jpg","datePublished":"2017-03-06T11:39:08+00:00","author":{"@id":"https:\/\/urbeamea.ro\/albaiulia\/#\/schema\/person\/9700d21fae21c4f038b0b56f4506264a"},"description":"\u00cen perioada 3-5 martie, subunit\u0103\u021bile Inspectoratului pentru Situa\u021bii de Urgen\u021b\u0103 \u201cUnirea\u201d al jude\u021bului Alba au intervenit pentru stingerea a 29 incendii de","breadcrumb":{"@id":"https:\/\/urbeamea.ro\/albaiulia\/isu-alba-peste-100-de-hectare-de-teren-distruse-de-flacari-in-weekend-atentionari-de-la-pompieri\/#breadcrumb"},"inLanguage":"ro-RO","potentialAction":[{"@type":"ReadAction","target":["https:\/\/urbeamea.ro\/albaiulia\/isu-alba-peste-100-de-hectare-de-teren-distruse-de-flacari-in-weekend-atentionari-de-la-pompieri\/"]}]},{"@type":"ImageObject","inLanguage":"ro-RO","@id":"https:\/\/urbeamea.ro\/albaiulia\/isu-alba-peste-100-de-hectare-de-teren-distruse-de-flacari-in-weekend-atentionari-de-la-pompieri\/#primaryimage","url":"https:\/\/urbeamea.ro\/albaiulia\/wp-content\/uploads\/2016\/04\/Incendiu-vegetatie.jpg","contentUrl":"https:\/\/urbeamea.ro\/albaiulia\/wp-content\/uploads\/2016\/04\/Incendiu-vegetatie.jpg","width":1280,"height":973},{"@type":"BreadcrumbList","@id":"https:\/\/urbeamea.ro\/albaiulia\/isu-alba-peste-100-de-hectare-de-teren-distruse-de-flacari-in-weekend-atentionari-de-la-pompieri\/#breadcrumb","itemListElement":[{"@type":"ListItem","position":1,"name":"Prima pagin\u0103","item":"https:\/\/urbeamea.ro\/albaiulia\/"},{"@type":"ListItem","position":2,"name":"ISU Alba: Peste 100 de hectare de teren, distruse de fl\u0103c\u0103ri, \u00een weekend. Aten\u0163ion\u0103ri de la pompieri"}]},{"@type":"WebSite","@id":"https:\/\/urbeamea.ro\/albaiulia\/#website","url":"https:\/\/urbeamea.ro\/albaiulia\/","name":"Revista Urbea Mea, Stiri urbane","description":"Evenimente \u0219i \u0219tiri din Alba Iulia, Sebe\u0219, Aiud, Blaj","potentialAction":[{"@type":"SearchAction","target":{"@type":"EntryPoint","urlTemplate":"https:\/\/urbeamea.ro\/albaiulia\/?s={search_term_string}"},"query-input":{"@type":"PropertyValueSpecification","valueRequired":true,"valueName":"search_term_string"}}],"inLanguage":"ro-RO"},{"@type":"Person","@id":"https:\/\/urbeamea.ro\/albaiulia\/#\/schema\/person\/9700d21fae21c4f038b0b56f4506264a","name":"Cristina Ganga","image":{"@type":"ImageObject","inLanguage":"ro-RO","@id":"https:\/\/secure.gravatar.com\/avatar\/5a67661041f057b4a8ccaf26f5a8e86e2689372006d01faf3dd9eeb10b654bb4?s=96&d=mm&r=g","url":"https:\/\/secure.gravatar.com\/avatar\/5a67661041f057b4a8ccaf26f5a8e86e2689372006d01faf3dd9eeb10b654bb4?s=96&d=mm&r=g","contentUrl":"https:\/\/secure.gravatar.com\/avatar\/5a67661041f057b4a8ccaf26f5a8e86e2689372006d01faf3dd9eeb10b654bb4?s=96&d=mm&r=g","caption":"Cristina Ganga"},"description":"Jurnalist","sameAs":["https:\/\/www.facebook.com\/cristina.nicola.587"],"url":"https:\/\/urbeamea.ro\/albaiulia\/author\/cristina-nicola\/"}]}},"_links":{"self":[{"href":"https:\/\/urbeamea.ro\/albaiulia\/wp-json\/wp\/v2\/posts\/41059","targetHints":{"allow":["GET"]}}],"collection":[{"href":"https:\/\/urbeamea.ro\/albaiulia\/wp-json\/wp\/v2\/posts"}],"about":[{"href":"https:\/\/urbeamea.ro\/albaiulia\/wp-json\/wp\/v2\/types\/post"}],"author":[{"embeddable":true,"href":"https:\/\/urbeamea.ro\/albaiulia\/wp-json\/wp\/v2\/users\/17"}],"replies":[{"embeddable":true,"href":"https:\/\/urbeamea.ro\/albaiulia\/wp-json\/wp\/v2\/comments?post=41059"}],"version-history":[{"count":0,"href":"https:\/\/urbeamea.ro\/albaiulia\/wp-json\/wp\/v2\/posts\/41059\/revisions"}],"wp:featuredmedia":[{"embeddable":true,"href":"https:\/\/urbeamea.ro\/albaiulia\/wp-json\/wp\/v2\/media\/20962"}],"wp:attachment":[{"href":"https:\/\/urbeamea.ro\/albaiulia\/wp-json\/wp\/v2\/media?parent=41059"}],"wp:term":[{"taxonomy":"category","embeddable":true,"href":"https:\/\/urbeamea.ro\/albaiulia\/wp-json\/wp\/v2\/categories?post=41059"},{"taxonomy":"post_tag","embeddable":true,"href":"https:\/\/urbeamea.ro\/albaiulia\/wp-json\/wp\/v2\/tags?post=41059"}],"curies":[{"name":"wp","href":"https:\/\/api.w.org\/{rel}","templated":true}]}}