{"id":41068,"date":"2017-03-06T19:14:37","date_gmt":"2017-03-06T17:14:37","guid":{"rendered":"http:\/\/urbeamea.ro\/albaiulia\/?p=41068"},"modified":"2017-03-07T10:43:44","modified_gmt":"2017-03-07T08:43:44","slug":"accident-mortal-la-jidvei-o-tanara-insarcinata-si-o-fetita-de-doi-ani-si-au-pierdut-viata","status":"publish","type":"post","link":"https:\/\/urbeamea.ro\/albaiulia\/accident-mortal-la-jidvei-o-tanara-insarcinata-si-o-fetita-de-doi-ani-si-au-pierdut-viata\/","title":{"rendered":"Accident mortal la Jidvei: O t\u00e2n\u0103r\u0103 \u00eens\u0103rcinat\u0103 \u015fi o feti\u0163\u0103 de doi ani \u015fi-au pierdut via\u0163a"},"content":{"rendered":"<p><strong>Dou\u0103 persoane, o t\u00e2n\u0103r\u0103 \u00een v\u00e2rst\u0103 de 24 de ani \u015fi o feti\u0163\u0103 de 2 ani \u015fi-au pierdut via\u0163a \u00een urma unui accident rutier petrecut luni seara, in jurul orei 18:45, pe DJ 107, la iesire din localitatea Jidvei c\u0103tre Blaj.<\/strong><\/p>\n<p>Din primele informa\u0163ii, in evenimentul rutier au fost implicate dou\u0103 autoturisme, care s-au lovit frontal. \u00cen urma impactului trei persoane au fost r\u0103nite, diontre care dou\u0103 au decedat<\/p>\n<p>La fa\u0163a locului au fost chema\u0163i s\u0103 intervin\u0103 \u015fi pompierii din Blaj pentru acordarea \u00eengrijirilor medicale.<\/p>\n<p>Potrivit IPJ Alba, \u00een urma unui impact \u00eentre dou\u0103 autoturisme, o feti\u021b\u0103 de doi ani \u0219i mama acesteia au fost r\u0103nite grav, iar un b\u0103rbat a fost r\u0103nit u\u0219or.<\/p>\n<p>Feti\u021ba a fost transportat\u0103 la spital, iar femeii i se fac manevre de resuscitare la fa\u021ba locului.<\/p>\n<p><strong>UPDATE:<\/strong> Potrivit informa\u0163iilor de la fa\u0163a locului, o t\u00e2n\u0103r\u0103 \u00een v\u00e2rst\u0103 de 24 de ani, \u00eens\u0103rcinat\u0103 \u00een luna a \u015faptea \u015fi o feti\u0163\u0103 de 2 ani \u015fi-au pierdut via\u0163a.<\/p>\n<p><strong>UPDATE1:<\/strong> Potrivit primelor cercet\u0103ri, luni, la ora 18:10, pe DJ 107, P.I. de 34 de ani din \u0218ona, aflat la volanul unui autoturism marca Opel Vectra \u00eenmatriculat \u00een jude\u021bul Mure\u0219, nu a adaptat viteza \u00eentr-o curb\u0103, a pierdut controlul volanului \u0219i a ajuns pe sensul opus, unde a intrat \u00een coliziune cu un autoturism marca BMW \u00eenmatriculat \u00een jude\u021bul Alba, condus de G.M.F. de 32 de ani din \u0218ona.<\/p>\n<p>\u00cen urma accidentului, N.M., o femeie de 24 de ani din Jidvei \u0219i o minor\u0103 \u00een v\u00e2rst\u0103 de 2 ani din \u0218ona, ambele pasagere pe bancheta din spate a autoturismului marca Opel, au decedat. Un alt pasager aflat pe locul din dreapta fa\u021b\u0103 \u00een autoturismul marca Opel, un b\u0103rbat de 49 de ani, a suferit leziuni grave.<\/p>\n<p>Conduc\u0103torul autoturismului marca BMW a fost r\u0103nit u\u0219or.<\/p>\n<p>\u0218oferul P.I. a fost testat cu aparatul alcooltest, rezult\u00e2nd valoarea de 1,01 mg\/l alcool pur \u00een aerul expirat.<\/p>\n<p><em>sursa foto: Tirnaveni.ro<\/em><\/p>\n<p>Revenim cu am\u0103nunte.<\/p>\n<p>&nbsp;<\/p>\n","protected":false},"excerpt":{"rendered":"<p>Dou\u0103 persoane, o t\u00e2n\u0103r\u0103 \u00een v\u00e2rst\u0103 de 24 de ani \u015fi o feti\u0163\u0103 de 2 ani \u015fi-au pierdut via\u0163a \u00een urma unui accident rutier petrecut luni seara, in jurul orei 18:45, pe DJ 107, la iesire din localitatea Jidvei c\u0103tre Blaj. Din primele informa\u0163ii, in evenimentul rutier au fost implicate dou\u0103 autoturisme, care s-au lovit &hellip;<\/p>\n","protected":false},"author":17,"featured_media":41087,"comment_status":"open","ping_status":"open","sticky":false,"template":"","format":"standard","meta":{"inline_featured_image":false,"footnotes":""},"categories":[1],"tags":[2443,307,170,2445,2557,312,308,76],"class_list":["post-41068","post","type-post","status-publish","format-standard","has-post-thumbnail","hentry","category-stiri-urbane","tag-accident-rutier","tag-alba","tag-blaj","tag-ingrijiri-medicale","tag-jidvei","tag-pompieri","tag-stiri","tag-urbea-mea"],"yoast_head":"<!-- This site is optimized with the Yoast SEO plugin v27.4 - https:\/\/yoast.com\/product\/yoast-seo-wordpress\/ -->\n<title>Accident mortal la Jidvei: O t\u00e2n\u0103r\u0103 \u00eens\u0103rcinat\u0103 \u015fi o feti\u0163\u0103 de doi ani \u015fi-au pierdut via\u0163a - Revista Urbea Mea - Revista de Alba<\/title>\n<meta name=\"description\" content=\"Dou\u0103 persoane, o t\u00e2n\u0103r\u0103 \u00een v\u00e2rst\u0103 de 24 de ani \u015fi o feti\u0163\u0103 de 2 ani \u015fi-au pierdut via\u0163a \u00een urma unui accident rutier petrecut luni seara, in jurul orei\" \/>\n<meta name=\"robots\" content=\"index, follow, max-snippet:-1, max-image-preview:large, max-video-preview:-1\" \/>\n<link rel=\"canonical\" href=\"https:\/\/urbeamea.ro\/albaiulia\/accident-mortal-la-jidvei-o-tanara-insarcinata-si-o-fetita-de-doi-ani-si-au-pierdut-viata\/\" \/>\n<meta name=\"twitter:card\" content=\"summary_large_image\" \/>\n<meta name=\"twitter:title\" content=\"Accident mortal la Jidvei: O t\u00e2n\u0103r\u0103 \u00eens\u0103rcinat\u0103 \u015fi o feti\u0163\u0103 de doi ani \u015fi-au pierdut via\u0163a - Revista Urbea Mea - Revista de Alba\" \/>\n<meta name=\"twitter:description\" content=\"Dou\u0103 persoane, o t\u00e2n\u0103r\u0103 \u00een v\u00e2rst\u0103 de 24 de ani \u015fi o feti\u0163\u0103 de 2 ani \u015fi-au pierdut via\u0163a \u00een urma unui accident rutier petrecut luni seara, in jurul orei\" \/>\n<meta name=\"twitter:image\" content=\"https:\/\/urbeamea.ro\/albaiulia\/wp-content\/uploads\/2017\/03\/accident.jpg\" \/>\n<meta name=\"twitter:creator\" content=\"@urbeameaweb\" \/>\n<meta name=\"twitter:site\" content=\"@urbeameaweb\" \/>\n<script type=\"application\/ld+json\" class=\"yoast-schema-graph\">{\"@context\":\"https:\\\/\\\/schema.org\",\"@graph\":[{\"@type\":\"Article\",\"@id\":\"https:\\\/\\\/urbeamea.ro\\\/albaiulia\\\/accident-mortal-la-jidvei-o-tanara-insarcinata-si-o-fetita-de-doi-ani-si-au-pierdut-viata\\\/#article\",\"isPartOf\":{\"@id\":\"https:\\\/\\\/urbeamea.ro\\\/albaiulia\\\/accident-mortal-la-jidvei-o-tanara-insarcinata-si-o-fetita-de-doi-ani-si-au-pierdut-viata\\\/\"},\"author\":{\"name\":\"Cristina Ganga\",\"@id\":\"https:\\\/\\\/urbeamea.ro\\\/albaiulia\\\/#\\\/schema\\\/person\\\/9700d21fae21c4f038b0b56f4506264a\"},\"headline\":\"Accident mortal la Jidvei: O t\u00e2n\u0103r\u0103 \u00eens\u0103rcinat\u0103 \u015fi o feti\u0163\u0103 de doi ani \u015fi-au pierdut via\u0163a\",\"datePublished\":\"2017-03-06T17:14:37+00:00\",\"dateModified\":\"2017-03-07T08:43:44+00:00\",\"mainEntityOfPage\":{\"@id\":\"https:\\\/\\\/urbeamea.ro\\\/albaiulia\\\/accident-mortal-la-jidvei-o-tanara-insarcinata-si-o-fetita-de-doi-ani-si-au-pierdut-viata\\\/\"},\"wordCount\":364,\"commentCount\":0,\"image\":{\"@id\":\"https:\\\/\\\/urbeamea.ro\\\/albaiulia\\\/accident-mortal-la-jidvei-o-tanara-insarcinata-si-o-fetita-de-doi-ani-si-au-pierdut-viata\\\/#primaryimage\"},\"thumbnailUrl\":\"https:\\\/\\\/urbeamea.ro\\\/albaiulia\\\/wp-content\\\/uploads\\\/2017\\\/03\\\/accident.jpg\",\"keywords\":[\"accident rutier\",\"alba\",\"blaj\",\"ingrijiri medicale\",\"jidvei\",\"pompieri\",\"stiri\",\"Urbea Mea\"],\"articleSection\":[\"\u015etiri Urbane\"],\"inLanguage\":\"ro-RO\",\"potentialAction\":[{\"@type\":\"CommentAction\",\"name\":\"Comment\",\"target\":[\"https:\\\/\\\/urbeamea.ro\\\/albaiulia\\\/accident-mortal-la-jidvei-o-tanara-insarcinata-si-o-fetita-de-doi-ani-si-au-pierdut-viata\\\/#respond\"]}]},{\"@type\":\"WebPage\",\"@id\":\"https:\\\/\\\/urbeamea.ro\\\/albaiulia\\\/accident-mortal-la-jidvei-o-tanara-insarcinata-si-o-fetita-de-doi-ani-si-au-pierdut-viata\\\/\",\"url\":\"https:\\\/\\\/urbeamea.ro\\\/albaiulia\\\/accident-mortal-la-jidvei-o-tanara-insarcinata-si-o-fetita-de-doi-ani-si-au-pierdut-viata\\\/\",\"name\":\"Accident mortal la Jidvei: O t\u00e2n\u0103r\u0103 \u00eens\u0103rcinat\u0103 \u015fi o feti\u0163\u0103 de doi ani \u015fi-au pierdut via\u0163a - Revista Urbea Mea - Revista de Alba\",\"isPartOf\":{\"@id\":\"https:\\\/\\\/urbeamea.ro\\\/albaiulia\\\/#website\"},\"primaryImageOfPage\":{\"@id\":\"https:\\\/\\\/urbeamea.ro\\\/albaiulia\\\/accident-mortal-la-jidvei-o-tanara-insarcinata-si-o-fetita-de-doi-ani-si-au-pierdut-viata\\\/#primaryimage\"},\"image\":{\"@id\":\"https:\\\/\\\/urbeamea.ro\\\/albaiulia\\\/accident-mortal-la-jidvei-o-tanara-insarcinata-si-o-fetita-de-doi-ani-si-au-pierdut-viata\\\/#primaryimage\"},\"thumbnailUrl\":\"https:\\\/\\\/urbeamea.ro\\\/albaiulia\\\/wp-content\\\/uploads\\\/2017\\\/03\\\/accident.jpg\",\"datePublished\":\"2017-03-06T17:14:37+00:00\",\"dateModified\":\"2017-03-07T08:43:44+00:00\",\"author\":{\"@id\":\"https:\\\/\\\/urbeamea.ro\\\/albaiulia\\\/#\\\/schema\\\/person\\\/9700d21fae21c4f038b0b56f4506264a\"},\"description\":\"Dou\u0103 persoane, o t\u00e2n\u0103r\u0103 \u00een v\u00e2rst\u0103 de 24 de ani \u015fi o feti\u0163\u0103 de 2 ani \u015fi-au pierdut via\u0163a \u00een urma unui accident rutier petrecut luni seara, in jurul orei\",\"breadcrumb\":{\"@id\":\"https:\\\/\\\/urbeamea.ro\\\/albaiulia\\\/accident-mortal-la-jidvei-o-tanara-insarcinata-si-o-fetita-de-doi-ani-si-au-pierdut-viata\\\/#breadcrumb\"},\"inLanguage\":\"ro-RO\",\"potentialAction\":[{\"@type\":\"ReadAction\",\"target\":[\"https:\\\/\\\/urbeamea.ro\\\/albaiulia\\\/accident-mortal-la-jidvei-o-tanara-insarcinata-si-o-fetita-de-doi-ani-si-au-pierdut-viata\\\/\"]}]},{\"@type\":\"ImageObject\",\"inLanguage\":\"ro-RO\",\"@id\":\"https:\\\/\\\/urbeamea.ro\\\/albaiulia\\\/accident-mortal-la-jidvei-o-tanara-insarcinata-si-o-fetita-de-doi-ani-si-au-pierdut-viata\\\/#primaryimage\",\"url\":\"https:\\\/\\\/urbeamea.ro\\\/albaiulia\\\/wp-content\\\/uploads\\\/2017\\\/03\\\/accident.jpg\",\"contentUrl\":\"https:\\\/\\\/urbeamea.ro\\\/albaiulia\\\/wp-content\\\/uploads\\\/2017\\\/03\\\/accident.jpg\",\"width\":604,\"height\":453},{\"@type\":\"BreadcrumbList\",\"@id\":\"https:\\\/\\\/urbeamea.ro\\\/albaiulia\\\/accident-mortal-la-jidvei-o-tanara-insarcinata-si-o-fetita-de-doi-ani-si-au-pierdut-viata\\\/#breadcrumb\",\"itemListElement\":[{\"@type\":\"ListItem\",\"position\":1,\"name\":\"Prima pagin\u0103\",\"item\":\"https:\\\/\\\/urbeamea.ro\\\/albaiulia\\\/\"},{\"@type\":\"ListItem\",\"position\":2,\"name\":\"Accident mortal la Jidvei: O t\u00e2n\u0103r\u0103 \u00eens\u0103rcinat\u0103 \u015fi o feti\u0163\u0103 de doi ani \u015fi-au pierdut via\u0163a\"}]},{\"@type\":\"WebSite\",\"@id\":\"https:\\\/\\\/urbeamea.ro\\\/albaiulia\\\/#website\",\"url\":\"https:\\\/\\\/urbeamea.ro\\\/albaiulia\\\/\",\"name\":\"Revista Urbea Mea, Stiri urbane\",\"description\":\"Evenimente \u0219i \u0219tiri din Alba Iulia, Sebe\u0219, Aiud, Blaj\",\"potentialAction\":[{\"@type\":\"SearchAction\",\"target\":{\"@type\":\"EntryPoint\",\"urlTemplate\":\"https:\\\/\\\/urbeamea.ro\\\/albaiulia\\\/?s={search_term_string}\"},\"query-input\":{\"@type\":\"PropertyValueSpecification\",\"valueRequired\":true,\"valueName\":\"search_term_string\"}}],\"inLanguage\":\"ro-RO\"},{\"@type\":\"Person\",\"@id\":\"https:\\\/\\\/urbeamea.ro\\\/albaiulia\\\/#\\\/schema\\\/person\\\/9700d21fae21c4f038b0b56f4506264a\",\"name\":\"Cristina Ganga\",\"image\":{\"@type\":\"ImageObject\",\"inLanguage\":\"ro-RO\",\"@id\":\"https:\\\/\\\/secure.gravatar.com\\\/avatar\\\/5a67661041f057b4a8ccaf26f5a8e86e2689372006d01faf3dd9eeb10b654bb4?s=96&d=mm&r=g\",\"url\":\"https:\\\/\\\/secure.gravatar.com\\\/avatar\\\/5a67661041f057b4a8ccaf26f5a8e86e2689372006d01faf3dd9eeb10b654bb4?s=96&d=mm&r=g\",\"contentUrl\":\"https:\\\/\\\/secure.gravatar.com\\\/avatar\\\/5a67661041f057b4a8ccaf26f5a8e86e2689372006d01faf3dd9eeb10b654bb4?s=96&d=mm&r=g\",\"caption\":\"Cristina Ganga\"},\"description\":\"Jurnalist\",\"sameAs\":[\"https:\\\/\\\/www.facebook.com\\\/cristina.nicola.587\"],\"url\":\"https:\\\/\\\/urbeamea.ro\\\/albaiulia\\\/author\\\/cristina-nicola\\\/\"}]}<\/script>\n<!-- \/ Yoast SEO plugin. -->","yoast_head_json":{"title":"Accident mortal la Jidvei: O t\u00e2n\u0103r\u0103 \u00eens\u0103rcinat\u0103 \u015fi o feti\u0163\u0103 de doi ani \u015fi-au pierdut via\u0163a - Revista Urbea Mea - Revista de Alba","description":"Dou\u0103 persoane, o t\u00e2n\u0103r\u0103 \u00een v\u00e2rst\u0103 de 24 de ani \u015fi o feti\u0163\u0103 de 2 ani \u015fi-au pierdut via\u0163a \u00een urma unui accident rutier petrecut luni seara, in jurul orei","robots":{"index":"index","follow":"follow","max-snippet":"max-snippet:-1","max-image-preview":"max-image-preview:large","max-video-preview":"max-video-preview:-1"},"canonical":"https:\/\/urbeamea.ro\/albaiulia\/accident-mortal-la-jidvei-o-tanara-insarcinata-si-o-fetita-de-doi-ani-si-au-pierdut-viata\/","twitter_card":"summary_large_image","twitter_title":"Accident mortal la Jidvei: O t\u00e2n\u0103r\u0103 \u00eens\u0103rcinat\u0103 \u015fi o feti\u0163\u0103 de doi ani \u015fi-au pierdut via\u0163a - Revista Urbea Mea - Revista de Alba","twitter_description":"Dou\u0103 persoane, o t\u00e2n\u0103r\u0103 \u00een v\u00e2rst\u0103 de 24 de ani \u015fi o feti\u0163\u0103 de 2 ani \u015fi-au pierdut via\u0163a \u00een urma unui accident rutier petrecut luni seara, in jurul orei","twitter_image":"https:\/\/urbeamea.ro\/albaiulia\/wp-content\/uploads\/2017\/03\/accident.jpg","twitter_creator":"@urbeameaweb","twitter_site":"@urbeameaweb","schema":{"@context":"https:\/\/schema.org","@graph":[{"@type":"Article","@id":"https:\/\/urbeamea.ro\/albaiulia\/accident-mortal-la-jidvei-o-tanara-insarcinata-si-o-fetita-de-doi-ani-si-au-pierdut-viata\/#article","isPartOf":{"@id":"https:\/\/urbeamea.ro\/albaiulia\/accident-mortal-la-jidvei-o-tanara-insarcinata-si-o-fetita-de-doi-ani-si-au-pierdut-viata\/"},"author":{"name":"Cristina Ganga","@id":"https:\/\/urbeamea.ro\/albaiulia\/#\/schema\/person\/9700d21fae21c4f038b0b56f4506264a"},"headline":"Accident mortal la Jidvei: O t\u00e2n\u0103r\u0103 \u00eens\u0103rcinat\u0103 \u015fi o feti\u0163\u0103 de doi ani \u015fi-au pierdut via\u0163a","datePublished":"2017-03-06T17:14:37+00:00","dateModified":"2017-03-07T08:43:44+00:00","mainEntityOfPage":{"@id":"https:\/\/urbeamea.ro\/albaiulia\/accident-mortal-la-jidvei-o-tanara-insarcinata-si-o-fetita-de-doi-ani-si-au-pierdut-viata\/"},"wordCount":364,"commentCount":0,"image":{"@id":"https:\/\/urbeamea.ro\/albaiulia\/accident-mortal-la-jidvei-o-tanara-insarcinata-si-o-fetita-de-doi-ani-si-au-pierdut-viata\/#primaryimage"},"thumbnailUrl":"https:\/\/urbeamea.ro\/albaiulia\/wp-content\/uploads\/2017\/03\/accident.jpg","keywords":["accident rutier","alba","blaj","ingrijiri medicale","jidvei","pompieri","stiri","Urbea Mea"],"articleSection":["\u015etiri Urbane"],"inLanguage":"ro-RO","potentialAction":[{"@type":"CommentAction","name":"Comment","target":["https:\/\/urbeamea.ro\/albaiulia\/accident-mortal-la-jidvei-o-tanara-insarcinata-si-o-fetita-de-doi-ani-si-au-pierdut-viata\/#respond"]}]},{"@type":"WebPage","@id":"https:\/\/urbeamea.ro\/albaiulia\/accident-mortal-la-jidvei-o-tanara-insarcinata-si-o-fetita-de-doi-ani-si-au-pierdut-viata\/","url":"https:\/\/urbeamea.ro\/albaiulia\/accident-mortal-la-jidvei-o-tanara-insarcinata-si-o-fetita-de-doi-ani-si-au-pierdut-viata\/","name":"Accident mortal la Jidvei: O t\u00e2n\u0103r\u0103 \u00eens\u0103rcinat\u0103 \u015fi o feti\u0163\u0103 de doi ani \u015fi-au pierdut via\u0163a - Revista Urbea Mea - Revista de Alba","isPartOf":{"@id":"https:\/\/urbeamea.ro\/albaiulia\/#website"},"primaryImageOfPage":{"@id":"https:\/\/urbeamea.ro\/albaiulia\/accident-mortal-la-jidvei-o-tanara-insarcinata-si-o-fetita-de-doi-ani-si-au-pierdut-viata\/#primaryimage"},"image":{"@id":"https:\/\/urbeamea.ro\/albaiulia\/accident-mortal-la-jidvei-o-tanara-insarcinata-si-o-fetita-de-doi-ani-si-au-pierdut-viata\/#primaryimage"},"thumbnailUrl":"https:\/\/urbeamea.ro\/albaiulia\/wp-content\/uploads\/2017\/03\/accident.jpg","datePublished":"2017-03-06T17:14:37+00:00","dateModified":"2017-03-07T08:43:44+00:00","author":{"@id":"https:\/\/urbeamea.ro\/albaiulia\/#\/schema\/person\/9700d21fae21c4f038b0b56f4506264a"},"description":"Dou\u0103 persoane, o t\u00e2n\u0103r\u0103 \u00een v\u00e2rst\u0103 de 24 de ani \u015fi o feti\u0163\u0103 de 2 ani \u015fi-au pierdut via\u0163a \u00een urma unui accident rutier petrecut luni seara, in jurul orei","breadcrumb":{"@id":"https:\/\/urbeamea.ro\/albaiulia\/accident-mortal-la-jidvei-o-tanara-insarcinata-si-o-fetita-de-doi-ani-si-au-pierdut-viata\/#breadcrumb"},"inLanguage":"ro-RO","potentialAction":[{"@type":"ReadAction","target":["https:\/\/urbeamea.ro\/albaiulia\/accident-mortal-la-jidvei-o-tanara-insarcinata-si-o-fetita-de-doi-ani-si-au-pierdut-viata\/"]}]},{"@type":"ImageObject","inLanguage":"ro-RO","@id":"https:\/\/urbeamea.ro\/albaiulia\/accident-mortal-la-jidvei-o-tanara-insarcinata-si-o-fetita-de-doi-ani-si-au-pierdut-viata\/#primaryimage","url":"https:\/\/urbeamea.ro\/albaiulia\/wp-content\/uploads\/2017\/03\/accident.jpg","contentUrl":"https:\/\/urbeamea.ro\/albaiulia\/wp-content\/uploads\/2017\/03\/accident.jpg","width":604,"height":453},{"@type":"BreadcrumbList","@id":"https:\/\/urbeamea.ro\/albaiulia\/accident-mortal-la-jidvei-o-tanara-insarcinata-si-o-fetita-de-doi-ani-si-au-pierdut-viata\/#breadcrumb","itemListElement":[{"@type":"ListItem","position":1,"name":"Prima pagin\u0103","item":"https:\/\/urbeamea.ro\/albaiulia\/"},{"@type":"ListItem","position":2,"name":"Accident mortal la Jidvei: O t\u00e2n\u0103r\u0103 \u00eens\u0103rcinat\u0103 \u015fi o feti\u0163\u0103 de doi ani \u015fi-au pierdut via\u0163a"}]},{"@type":"WebSite","@id":"https:\/\/urbeamea.ro\/albaiulia\/#website","url":"https:\/\/urbeamea.ro\/albaiulia\/","name":"Revista Urbea Mea, Stiri urbane","description":"Evenimente \u0219i \u0219tiri din Alba Iulia, Sebe\u0219, Aiud, Blaj","potentialAction":[{"@type":"SearchAction","target":{"@type":"EntryPoint","urlTemplate":"https:\/\/urbeamea.ro\/albaiulia\/?s={search_term_string}"},"query-input":{"@type":"PropertyValueSpecification","valueRequired":true,"valueName":"search_term_string"}}],"inLanguage":"ro-RO"},{"@type":"Person","@id":"https:\/\/urbeamea.ro\/albaiulia\/#\/schema\/person\/9700d21fae21c4f038b0b56f4506264a","name":"Cristina Ganga","image":{"@type":"ImageObject","inLanguage":"ro-RO","@id":"https:\/\/secure.gravatar.com\/avatar\/5a67661041f057b4a8ccaf26f5a8e86e2689372006d01faf3dd9eeb10b654bb4?s=96&d=mm&r=g","url":"https:\/\/secure.gravatar.com\/avatar\/5a67661041f057b4a8ccaf26f5a8e86e2689372006d01faf3dd9eeb10b654bb4?s=96&d=mm&r=g","contentUrl":"https:\/\/secure.gravatar.com\/avatar\/5a67661041f057b4a8ccaf26f5a8e86e2689372006d01faf3dd9eeb10b654bb4?s=96&d=mm&r=g","caption":"Cristina Ganga"},"description":"Jurnalist","sameAs":["https:\/\/www.facebook.com\/cristina.nicola.587"],"url":"https:\/\/urbeamea.ro\/albaiulia\/author\/cristina-nicola\/"}]}},"_links":{"self":[{"href":"https:\/\/urbeamea.ro\/albaiulia\/wp-json\/wp\/v2\/posts\/41068","targetHints":{"allow":["GET"]}}],"collection":[{"href":"https:\/\/urbeamea.ro\/albaiulia\/wp-json\/wp\/v2\/posts"}],"about":[{"href":"https:\/\/urbeamea.ro\/albaiulia\/wp-json\/wp\/v2\/types\/post"}],"author":[{"embeddable":true,"href":"https:\/\/urbeamea.ro\/albaiulia\/wp-json\/wp\/v2\/users\/17"}],"replies":[{"embeddable":true,"href":"https:\/\/urbeamea.ro\/albaiulia\/wp-json\/wp\/v2\/comments?post=41068"}],"version-history":[{"count":0,"href":"https:\/\/urbeamea.ro\/albaiulia\/wp-json\/wp\/v2\/posts\/41068\/revisions"}],"wp:featuredmedia":[{"embeddable":true,"href":"https:\/\/urbeamea.ro\/albaiulia\/wp-json\/wp\/v2\/media\/41087"}],"wp:attachment":[{"href":"https:\/\/urbeamea.ro\/albaiulia\/wp-json\/wp\/v2\/media?parent=41068"}],"wp:term":[{"taxonomy":"category","embeddable":true,"href":"https:\/\/urbeamea.ro\/albaiulia\/wp-json\/wp\/v2\/categories?post=41068"},{"taxonomy":"post_tag","embeddable":true,"href":"https:\/\/urbeamea.ro\/albaiulia\/wp-json\/wp\/v2\/tags?post=41068"}],"curies":[{"name":"wp","href":"https:\/\/api.w.org\/{rel}","templated":true}]}}