{"id":41221,"date":"2017-03-09T11:52:07","date_gmt":"2017-03-09T09:52:07","guid":{"rendered":"http:\/\/urbeamea.ro\/albaiulia\/?p=41221"},"modified":"2017-04-02T21:12:52","modified_gmt":"2017-04-02T18:12:52","slug":"pastila-zilei-9-martie-ceea-ce-ma-defineste","status":"publish","type":"post","link":"https:\/\/urbeamea.ro\/albaiulia\/pastila-zilei-9-martie-ceea-ce-ma-defineste\/","title":{"rendered":"PASTILA ZILEI (9 Martie): Ceea ce m\u0103 define\u0219te&#8230;"},"content":{"rendered":"<p>Se spune c\u0103 omul este stilul \u0219i stilul este omul, iar stilul fiec\u0103ruia este suma tr\u0103s\u0103turilor care ne definesc pe fiecare \u00een parte&#8230; S\u0103 lu\u0103m doar stilul vestimentar, de exemplu&#8230;ce exprim\u0103 felul \u00een care ne \u00eembr\u0103c\u0103m?? Felul \u00een care apari \u00een lume sau doar \u00een universul t\u0103u limitat la propria locuint\u0103, exprim\u0103 declara\u021bia ta de independen\u021b\u0103&#8230; exprim\u0103 starea ta de spirit, exprim\u0103 o anumit\u0103 evolu\u021bie a eului t\u0103u interior!! Cromatica hainelor tale \u0219i felul \u00een care le asortezi te situeaz\u0103 undeva,\u00een primul rand \u00een ochii t\u0103i \u0219i apoi \u00een ochii celorlal\u021bi&#8230;pentru c\u0103 e vorba de o percep\u021bie \u0219i, p\u00een\u0103 la urm\u0103&#8230;de brandul t\u0103u personal, de ceea ce te define\u0219te!! Aici nu e vorba despre moda \u0219i haine scumpe, de firm\u0103&#8230;ci este vorba despre propria ta personalitate \u0219i cum o la\u0219i s\u0103 ias\u0103 la suprafa\u021b\u0103, \u00een func\u021bie de \u00eencrederea pe care o ai in for\u021bele proprii&#8230; Aici nu este vorba despre daca vrei sau nu s\u0103 fii remarcat, este despre cum te sim\u021bi tu \u00een interior \u0219i mai ales&#8230; despre cum te sim\u021bi tu cu tine!!! Sigur c\u0103 sunt zile \u0219i zile \u0219i exist\u0103 un cod vestimentar pentru diverse ocazii, care trebuie respectat, dar dincolo de asta&#8230; conteaz\u0103 foarte mult felul \u00een care vrei sa fii perceput&#8230; bine\u00een\u021beles c\u0103 nu po\u021bi inova \u00een fiecare zi \u0219i nu po\u021bi fi nonconformist cu fiecare ocazie, dar e foarte important sa te define\u0219ti&#8230; pentru c\u0103 asta este, \u00een final, stilul t\u0103u propriu, brandul t\u0103u &#8230; tu.. .este o stare de libertate sau nu, o visare sau nu&#8230; o bucurie sau nu&#8230; o ie\u0219ire la suprafa\u021b\u0103 sau o scufundare!! Nimeni nu poate alege sa \u00ee\u021bi traiasca via\u021ba, sa \u00ee\u021bi scrie propriul manifest sau s\u0103 \u00ee\u021bi aleag\u0103 stilul \u00een care vrei sa \u00ee\u021bi tr\u0103ie\u0219ti via\u021ba&#8230; tu \u0219i numai tu decontezi totul, deci e o alegere care \u00ee\u021bi apar\u021bine, asa cum \u00eeti apar\u021bin \u0219i \u00eenfrangerile dar \u0219i victoriile!! Deci f\u0103 o alegere curajoas\u0103 azi&#8230; priveste \u00een oglind\u0103 \u0219i hotar\u0103\u0219te-te&#8230; vrei s\u0103 \u00ee\u021bi apar\u021bii doar \u021bie sau vrei sa apar\u021bii \u0219i altora&#8230;r\u0103spunsul t\u0103u se constituie \u00een propria ta declara\u021bie de (in)dependen\u021b\u0103&#8230;<\/p>\n","protected":false},"excerpt":{"rendered":"<p>Se spune c\u0103 omul este stilul \u0219i stilul este omul, iar stilul fiec\u0103ruia este suma tr\u0103s\u0103turilor care ne definesc pe fiecare \u00een parte&#8230; S\u0103 lu\u0103m doar stilul vestimentar, de exemplu&#8230;ce exprim\u0103 felul \u00een care ne \u00eembr\u0103c\u0103m?? Felul \u00een care apari \u00een lume sau doar \u00een universul t\u0103u limitat la propria locuint\u0103, exprim\u0103 declara\u021bia ta de &hellip;<\/p>\n","protected":false},"author":22,"featured_media":41222,"comment_status":"open","ping_status":"open","sticky":false,"template":"","format":"standard","meta":{"inline_featured_image":false,"footnotes":""},"categories":[10266],"tags":[],"class_list":["post-41221","post","type-post","status-publish","format-standard","has-post-thumbnail","hentry","category-pastila-zilei"],"yoast_head":"<!-- This site is optimized with the Yoast SEO plugin v27.4 - https:\/\/yoast.com\/product\/yoast-seo-wordpress\/ -->\n<title>PASTILA ZILEI (9 Martie): Ceea ce m\u0103 define\u0219te... - Revista Urbea Mea - Revista de Alba<\/title>\n<meta name=\"description\" content=\"Se spune c\u0103 omul este stilul \u0219i stilul este omul, iar stilul fiec\u0103ruia este suma tr\u0103s\u0103turilor care ne definesc pe fiecare \u00een parte... S\u0103 lu\u0103m doar stilul\" \/>\n<meta name=\"robots\" content=\"index, follow, max-snippet:-1, max-image-preview:large, max-video-preview:-1\" \/>\n<link rel=\"canonical\" href=\"https:\/\/urbeamea.ro\/albaiulia\/pastila-zilei-9-martie-ceea-ce-ma-defineste\/\" \/>\n<meta name=\"twitter:card\" content=\"summary_large_image\" \/>\n<meta name=\"twitter:title\" content=\"PASTILA ZILEI (9 Martie): Ceea ce m\u0103 define\u0219te... - Revista Urbea Mea - Revista de Alba\" \/>\n<meta name=\"twitter:description\" content=\"Se spune c\u0103 omul este stilul \u0219i stilul este omul, iar stilul fiec\u0103ruia este suma tr\u0103s\u0103turilor care ne definesc pe fiecare \u00een parte... S\u0103 lu\u0103m doar stilul\" \/>\n<meta name=\"twitter:image\" content=\"https:\/\/urbeamea.ro\/albaiulia\/wp-content\/uploads\/2017\/03\/17193719_1282686215133894_306427682_o.jpg\" \/>\n<meta name=\"twitter:creator\" content=\"@urbeameaweb\" \/>\n<meta name=\"twitter:site\" content=\"@urbeameaweb\" \/>\n<script type=\"application\/ld+json\" class=\"yoast-schema-graph\">{\"@context\":\"https:\\\/\\\/schema.org\",\"@graph\":[{\"@type\":\"Article\",\"@id\":\"https:\\\/\\\/urbeamea.ro\\\/albaiulia\\\/pastila-zilei-9-martie-ceea-ce-ma-defineste\\\/#article\",\"isPartOf\":{\"@id\":\"https:\\\/\\\/urbeamea.ro\\\/albaiulia\\\/pastila-zilei-9-martie-ceea-ce-ma-defineste\\\/\"},\"author\":{\"name\":\"Ste Lyann\",\"@id\":\"https:\\\/\\\/urbeamea.ro\\\/albaiulia\\\/#\\\/schema\\\/person\\\/9fce49ed9c42df4411b0bec1d5b4dd07\"},\"headline\":\"PASTILA ZILEI (9 Martie): Ceea ce m\u0103 define\u0219te&#8230;\",\"datePublished\":\"2017-03-09T09:52:07+00:00\",\"dateModified\":\"2017-04-02T18:12:52+00:00\",\"mainEntityOfPage\":{\"@id\":\"https:\\\/\\\/urbeamea.ro\\\/albaiulia\\\/pastila-zilei-9-martie-ceea-ce-ma-defineste\\\/\"},\"wordCount\":398,\"commentCount\":0,\"image\":{\"@id\":\"https:\\\/\\\/urbeamea.ro\\\/albaiulia\\\/pastila-zilei-9-martie-ceea-ce-ma-defineste\\\/#primaryimage\"},\"thumbnailUrl\":\"https:\\\/\\\/urbeamea.ro\\\/albaiulia\\\/wp-content\\\/uploads\\\/2017\\\/03\\\/17193719_1282686215133894_306427682_o.jpg\",\"articleSection\":[\"Pastila Zilei\"],\"inLanguage\":\"ro-RO\",\"potentialAction\":[{\"@type\":\"CommentAction\",\"name\":\"Comment\",\"target\":[\"https:\\\/\\\/urbeamea.ro\\\/albaiulia\\\/pastila-zilei-9-martie-ceea-ce-ma-defineste\\\/#respond\"]}]},{\"@type\":\"WebPage\",\"@id\":\"https:\\\/\\\/urbeamea.ro\\\/albaiulia\\\/pastila-zilei-9-martie-ceea-ce-ma-defineste\\\/\",\"url\":\"https:\\\/\\\/urbeamea.ro\\\/albaiulia\\\/pastila-zilei-9-martie-ceea-ce-ma-defineste\\\/\",\"name\":\"PASTILA ZILEI (9 Martie): Ceea ce m\u0103 define\u0219te... - Revista Urbea Mea - Revista de Alba\",\"isPartOf\":{\"@id\":\"https:\\\/\\\/urbeamea.ro\\\/albaiulia\\\/#website\"},\"primaryImageOfPage\":{\"@id\":\"https:\\\/\\\/urbeamea.ro\\\/albaiulia\\\/pastila-zilei-9-martie-ceea-ce-ma-defineste\\\/#primaryimage\"},\"image\":{\"@id\":\"https:\\\/\\\/urbeamea.ro\\\/albaiulia\\\/pastila-zilei-9-martie-ceea-ce-ma-defineste\\\/#primaryimage\"},\"thumbnailUrl\":\"https:\\\/\\\/urbeamea.ro\\\/albaiulia\\\/wp-content\\\/uploads\\\/2017\\\/03\\\/17193719_1282686215133894_306427682_o.jpg\",\"datePublished\":\"2017-03-09T09:52:07+00:00\",\"dateModified\":\"2017-04-02T18:12:52+00:00\",\"author\":{\"@id\":\"https:\\\/\\\/urbeamea.ro\\\/albaiulia\\\/#\\\/schema\\\/person\\\/9fce49ed9c42df4411b0bec1d5b4dd07\"},\"description\":\"Se spune c\u0103 omul este stilul \u0219i stilul este omul, iar stilul fiec\u0103ruia este suma tr\u0103s\u0103turilor care ne definesc pe fiecare \u00een parte... S\u0103 lu\u0103m doar stilul\",\"breadcrumb\":{\"@id\":\"https:\\\/\\\/urbeamea.ro\\\/albaiulia\\\/pastila-zilei-9-martie-ceea-ce-ma-defineste\\\/#breadcrumb\"},\"inLanguage\":\"ro-RO\",\"potentialAction\":[{\"@type\":\"ReadAction\",\"target\":[\"https:\\\/\\\/urbeamea.ro\\\/albaiulia\\\/pastila-zilei-9-martie-ceea-ce-ma-defineste\\\/\"]}]},{\"@type\":\"ImageObject\",\"inLanguage\":\"ro-RO\",\"@id\":\"https:\\\/\\\/urbeamea.ro\\\/albaiulia\\\/pastila-zilei-9-martie-ceea-ce-ma-defineste\\\/#primaryimage\",\"url\":\"https:\\\/\\\/urbeamea.ro\\\/albaiulia\\\/wp-content\\\/uploads\\\/2017\\\/03\\\/17193719_1282686215133894_306427682_o.jpg\",\"contentUrl\":\"https:\\\/\\\/urbeamea.ro\\\/albaiulia\\\/wp-content\\\/uploads\\\/2017\\\/03\\\/17193719_1282686215133894_306427682_o.jpg\",\"width\":1280,\"height\":720},{\"@type\":\"BreadcrumbList\",\"@id\":\"https:\\\/\\\/urbeamea.ro\\\/albaiulia\\\/pastila-zilei-9-martie-ceea-ce-ma-defineste\\\/#breadcrumb\",\"itemListElement\":[{\"@type\":\"ListItem\",\"position\":1,\"name\":\"Prima pagin\u0103\",\"item\":\"https:\\\/\\\/urbeamea.ro\\\/albaiulia\\\/\"},{\"@type\":\"ListItem\",\"position\":2,\"name\":\"PASTILA ZILEI (9 Martie): Ceea ce m\u0103 define\u0219te&#8230;\"}]},{\"@type\":\"WebSite\",\"@id\":\"https:\\\/\\\/urbeamea.ro\\\/albaiulia\\\/#website\",\"url\":\"https:\\\/\\\/urbeamea.ro\\\/albaiulia\\\/\",\"name\":\"Revista Urbea Mea, Stiri urbane\",\"description\":\"Evenimente \u0219i \u0219tiri din Alba Iulia, Sebe\u0219, Aiud, Blaj\",\"potentialAction\":[{\"@type\":\"SearchAction\",\"target\":{\"@type\":\"EntryPoint\",\"urlTemplate\":\"https:\\\/\\\/urbeamea.ro\\\/albaiulia\\\/?s={search_term_string}\"},\"query-input\":{\"@type\":\"PropertyValueSpecification\",\"valueRequired\":true,\"valueName\":\"search_term_string\"}}],\"inLanguage\":\"ro-RO\"},{\"@type\":\"Person\",\"@id\":\"https:\\\/\\\/urbeamea.ro\\\/albaiulia\\\/#\\\/schema\\\/person\\\/9fce49ed9c42df4411b0bec1d5b4dd07\",\"name\":\"Ste Lyann\",\"image\":{\"@type\":\"ImageObject\",\"inLanguage\":\"ro-RO\",\"@id\":\"https:\\\/\\\/secure.gravatar.com\\\/avatar\\\/b0608559e9148bce36c85b3997e11dadd84336304ba5fa85892921e5f12d7e19?s=96&d=mm&r=g\",\"url\":\"https:\\\/\\\/secure.gravatar.com\\\/avatar\\\/b0608559e9148bce36c85b3997e11dadd84336304ba5fa85892921e5f12d7e19?s=96&d=mm&r=g\",\"contentUrl\":\"https:\\\/\\\/secure.gravatar.com\\\/avatar\\\/b0608559e9148bce36c85b3997e11dadd84336304ba5fa85892921e5f12d7e19?s=96&d=mm&r=g\",\"caption\":\"Ste Lyann\"},\"description\":\"Blogger &amp; much more\",\"sameAs\":[\"https:\\\/\\\/www.facebook.com\\\/stelyann\\\/\"],\"url\":\"https:\\\/\\\/urbeamea.ro\\\/albaiulia\\\/author\\\/stelian-bordea\\\/\"}]}<\/script>\n<!-- \/ Yoast SEO plugin. -->","yoast_head_json":{"title":"PASTILA ZILEI (9 Martie): Ceea ce m\u0103 define\u0219te... - Revista Urbea Mea - Revista de Alba","description":"Se spune c\u0103 omul este stilul \u0219i stilul este omul, iar stilul fiec\u0103ruia este suma tr\u0103s\u0103turilor care ne definesc pe fiecare \u00een parte... S\u0103 lu\u0103m doar stilul","robots":{"index":"index","follow":"follow","max-snippet":"max-snippet:-1","max-image-preview":"max-image-preview:large","max-video-preview":"max-video-preview:-1"},"canonical":"https:\/\/urbeamea.ro\/albaiulia\/pastila-zilei-9-martie-ceea-ce-ma-defineste\/","twitter_card":"summary_large_image","twitter_title":"PASTILA ZILEI (9 Martie): Ceea ce m\u0103 define\u0219te... - Revista Urbea Mea - Revista de Alba","twitter_description":"Se spune c\u0103 omul este stilul \u0219i stilul este omul, iar stilul fiec\u0103ruia este suma tr\u0103s\u0103turilor care ne definesc pe fiecare \u00een parte... S\u0103 lu\u0103m doar stilul","twitter_image":"https:\/\/urbeamea.ro\/albaiulia\/wp-content\/uploads\/2017\/03\/17193719_1282686215133894_306427682_o.jpg","twitter_creator":"@urbeameaweb","twitter_site":"@urbeameaweb","schema":{"@context":"https:\/\/schema.org","@graph":[{"@type":"Article","@id":"https:\/\/urbeamea.ro\/albaiulia\/pastila-zilei-9-martie-ceea-ce-ma-defineste\/#article","isPartOf":{"@id":"https:\/\/urbeamea.ro\/albaiulia\/pastila-zilei-9-martie-ceea-ce-ma-defineste\/"},"author":{"name":"Ste Lyann","@id":"https:\/\/urbeamea.ro\/albaiulia\/#\/schema\/person\/9fce49ed9c42df4411b0bec1d5b4dd07"},"headline":"PASTILA ZILEI (9 Martie): Ceea ce m\u0103 define\u0219te&#8230;","datePublished":"2017-03-09T09:52:07+00:00","dateModified":"2017-04-02T18:12:52+00:00","mainEntityOfPage":{"@id":"https:\/\/urbeamea.ro\/albaiulia\/pastila-zilei-9-martie-ceea-ce-ma-defineste\/"},"wordCount":398,"commentCount":0,"image":{"@id":"https:\/\/urbeamea.ro\/albaiulia\/pastila-zilei-9-martie-ceea-ce-ma-defineste\/#primaryimage"},"thumbnailUrl":"https:\/\/urbeamea.ro\/albaiulia\/wp-content\/uploads\/2017\/03\/17193719_1282686215133894_306427682_o.jpg","articleSection":["Pastila Zilei"],"inLanguage":"ro-RO","potentialAction":[{"@type":"CommentAction","name":"Comment","target":["https:\/\/urbeamea.ro\/albaiulia\/pastila-zilei-9-martie-ceea-ce-ma-defineste\/#respond"]}]},{"@type":"WebPage","@id":"https:\/\/urbeamea.ro\/albaiulia\/pastila-zilei-9-martie-ceea-ce-ma-defineste\/","url":"https:\/\/urbeamea.ro\/albaiulia\/pastila-zilei-9-martie-ceea-ce-ma-defineste\/","name":"PASTILA ZILEI (9 Martie): Ceea ce m\u0103 define\u0219te... - Revista Urbea Mea - Revista de Alba","isPartOf":{"@id":"https:\/\/urbeamea.ro\/albaiulia\/#website"},"primaryImageOfPage":{"@id":"https:\/\/urbeamea.ro\/albaiulia\/pastila-zilei-9-martie-ceea-ce-ma-defineste\/#primaryimage"},"image":{"@id":"https:\/\/urbeamea.ro\/albaiulia\/pastila-zilei-9-martie-ceea-ce-ma-defineste\/#primaryimage"},"thumbnailUrl":"https:\/\/urbeamea.ro\/albaiulia\/wp-content\/uploads\/2017\/03\/17193719_1282686215133894_306427682_o.jpg","datePublished":"2017-03-09T09:52:07+00:00","dateModified":"2017-04-02T18:12:52+00:00","author":{"@id":"https:\/\/urbeamea.ro\/albaiulia\/#\/schema\/person\/9fce49ed9c42df4411b0bec1d5b4dd07"},"description":"Se spune c\u0103 omul este stilul \u0219i stilul este omul, iar stilul fiec\u0103ruia este suma tr\u0103s\u0103turilor care ne definesc pe fiecare \u00een parte... S\u0103 lu\u0103m doar stilul","breadcrumb":{"@id":"https:\/\/urbeamea.ro\/albaiulia\/pastila-zilei-9-martie-ceea-ce-ma-defineste\/#breadcrumb"},"inLanguage":"ro-RO","potentialAction":[{"@type":"ReadAction","target":["https:\/\/urbeamea.ro\/albaiulia\/pastila-zilei-9-martie-ceea-ce-ma-defineste\/"]}]},{"@type":"ImageObject","inLanguage":"ro-RO","@id":"https:\/\/urbeamea.ro\/albaiulia\/pastila-zilei-9-martie-ceea-ce-ma-defineste\/#primaryimage","url":"https:\/\/urbeamea.ro\/albaiulia\/wp-content\/uploads\/2017\/03\/17193719_1282686215133894_306427682_o.jpg","contentUrl":"https:\/\/urbeamea.ro\/albaiulia\/wp-content\/uploads\/2017\/03\/17193719_1282686215133894_306427682_o.jpg","width":1280,"height":720},{"@type":"BreadcrumbList","@id":"https:\/\/urbeamea.ro\/albaiulia\/pastila-zilei-9-martie-ceea-ce-ma-defineste\/#breadcrumb","itemListElement":[{"@type":"ListItem","position":1,"name":"Prima pagin\u0103","item":"https:\/\/urbeamea.ro\/albaiulia\/"},{"@type":"ListItem","position":2,"name":"PASTILA ZILEI (9 Martie): Ceea ce m\u0103 define\u0219te&#8230;"}]},{"@type":"WebSite","@id":"https:\/\/urbeamea.ro\/albaiulia\/#website","url":"https:\/\/urbeamea.ro\/albaiulia\/","name":"Revista Urbea Mea, Stiri urbane","description":"Evenimente \u0219i \u0219tiri din Alba Iulia, Sebe\u0219, Aiud, Blaj","potentialAction":[{"@type":"SearchAction","target":{"@type":"EntryPoint","urlTemplate":"https:\/\/urbeamea.ro\/albaiulia\/?s={search_term_string}"},"query-input":{"@type":"PropertyValueSpecification","valueRequired":true,"valueName":"search_term_string"}}],"inLanguage":"ro-RO"},{"@type":"Person","@id":"https:\/\/urbeamea.ro\/albaiulia\/#\/schema\/person\/9fce49ed9c42df4411b0bec1d5b4dd07","name":"Ste Lyann","image":{"@type":"ImageObject","inLanguage":"ro-RO","@id":"https:\/\/secure.gravatar.com\/avatar\/b0608559e9148bce36c85b3997e11dadd84336304ba5fa85892921e5f12d7e19?s=96&d=mm&r=g","url":"https:\/\/secure.gravatar.com\/avatar\/b0608559e9148bce36c85b3997e11dadd84336304ba5fa85892921e5f12d7e19?s=96&d=mm&r=g","contentUrl":"https:\/\/secure.gravatar.com\/avatar\/b0608559e9148bce36c85b3997e11dadd84336304ba5fa85892921e5f12d7e19?s=96&d=mm&r=g","caption":"Ste Lyann"},"description":"Blogger &amp; much more","sameAs":["https:\/\/www.facebook.com\/stelyann\/"],"url":"https:\/\/urbeamea.ro\/albaiulia\/author\/stelian-bordea\/"}]}},"_links":{"self":[{"href":"https:\/\/urbeamea.ro\/albaiulia\/wp-json\/wp\/v2\/posts\/41221","targetHints":{"allow":["GET"]}}],"collection":[{"href":"https:\/\/urbeamea.ro\/albaiulia\/wp-json\/wp\/v2\/posts"}],"about":[{"href":"https:\/\/urbeamea.ro\/albaiulia\/wp-json\/wp\/v2\/types\/post"}],"author":[{"embeddable":true,"href":"https:\/\/urbeamea.ro\/albaiulia\/wp-json\/wp\/v2\/users\/22"}],"replies":[{"embeddable":true,"href":"https:\/\/urbeamea.ro\/albaiulia\/wp-json\/wp\/v2\/comments?post=41221"}],"version-history":[{"count":0,"href":"https:\/\/urbeamea.ro\/albaiulia\/wp-json\/wp\/v2\/posts\/41221\/revisions"}],"wp:featuredmedia":[{"embeddable":true,"href":"https:\/\/urbeamea.ro\/albaiulia\/wp-json\/wp\/v2\/media\/41222"}],"wp:attachment":[{"href":"https:\/\/urbeamea.ro\/albaiulia\/wp-json\/wp\/v2\/media?parent=41221"}],"wp:term":[{"taxonomy":"category","embeddable":true,"href":"https:\/\/urbeamea.ro\/albaiulia\/wp-json\/wp\/v2\/categories?post=41221"},{"taxonomy":"post_tag","embeddable":true,"href":"https:\/\/urbeamea.ro\/albaiulia\/wp-json\/wp\/v2\/tags?post=41221"}],"curies":[{"name":"wp","href":"https:\/\/api.w.org\/{rel}","templated":true}]}}