{"id":41236,"date":"2017-03-09T16:18:26","date_gmt":"2017-03-09T14:18:26","guid":{"rendered":"http:\/\/urbeamea.ro\/albaiulia\/?p=41236"},"modified":"2017-03-09T16:18:26","modified_gmt":"2017-03-09T14:18:26","slug":"starea-partiilor-in-judetul-alba-la-inceput-de-primavara-inca-se-poate-schia-la-sureanu-si-arieseni","status":"publish","type":"post","link":"https:\/\/urbeamea.ro\/albaiulia\/starea-partiilor-in-judetul-alba-la-inceput-de-primavara-inca-se-poate-schia-la-sureanu-si-arieseni\/","title":{"rendered":"Starea p\u00e2rtiilor \u00een jude\u0163ul Alba: La \u00eenceput de prim\u0103var\u0103, \u00eenc\u0103 se poate schia la \u015eureanu \u015fi Arie\u015feni"},"content":{"rendered":"<p><strong>Chiar dac\u0103 prim\u0103vara \u00ee\u015fi face sim\u0163it\u0103 prezen\u0163a cu temepraturile ridicate, iubitorii sporturilor de iarn\u0103 \u00eenc\u0103 mai au \u015fanse de distrac\u0163ie pe p\u00e2rtii. La \u015eureanu sunt a\u015fteptate ninsori \u00een urm\u0103toarele zile, a\u015fa c\u0103 prim\u0103vara mai \u00eent\u00e2rzie \u00een zonele montane din jude\u0163ul Alba.<br \/>\n<\/strong><\/p>\n<p>\u015ei la Arie\u015feni mai este z\u0103pad\u0103 la p\u00e2rtii, fiind a\u015fteptate, de asemenea, alte ninsori.<\/p>\n<p>Chiar dac\u0103 p\u00e2rtiile nu mai au z\u0103pada de bun\u0103 calitate din sezon, asta nu \u00eenseamn\u0103 c\u0103 nu v\u0103 pute\u0163i bucura de un sejur agreabil la munte.<\/p>\n<p>Nu uita\u0163i \u00eens\u0103 c\u0103 drumul p\u00e2n\u0103 la p\u00e2rtiile din \u015eureanu nu este tocmai u\u015for \u015fi, mai ales tronsonul dup\u0103 Luncile Prigoanei.<\/p>\n<p><strong>Starea actual\u0103 a p\u00e2rtiilor din jude\u0163ul Alba, pentru perioada 10 \u2013 16 martie 2017<\/strong><\/p>\n<p><strong>Domeniul Schiabil \u015eureanu<\/strong><\/p>\n<p><em>P\u00e2rtii existente<\/em>: 8 (A_1; A_2; A_3; C_1; C_3; C_4; S_1; S_2)<\/p>\n<p><em>P\u00e2rtii func\u021bionale<\/em>: 6 (A_1; A_2; A_3; C_1; C_3; C_4)<\/p>\n<p><em>Lungime total\u0103 a p\u00e2rtiilor existente<\/em>: 11 km<\/p>\n<p><em>Instala\u021bii de transport pe cablu<\/em>: 3 (2 teleschiuri, 1 telescaun)<\/p>\n<p><em>Altitudine maxim\u0103<\/em>: 2.010 m<\/p>\n<p><em>Tunuri de z\u0103pad\u0103<\/em>: nu<\/p>\n<p><em>Webcam<\/em>: <strong><a href=\"http:\/\/schisureanu.ro\/index.php\/camere-live\" target=\"_blank\">AICI<\/a><\/strong><\/p>\n<p><em>Nocturn\u0103<\/em>: nu<\/p>\n<p><em>P\u00e2rtii pentru s\u0103nii<\/em>: da<\/p>\n<p><em>Semnal mobil<\/em>: Vodafone integral; Telekom par\u021bial; Orange minimal<\/p>\n<p><em>Evaluare general\u0103<\/em>: cu toate c\u0103 vremea s-a \u00eenc\u0103lzit puternic, \u00een ultimul timp, z\u0103pada a r\u0103mas pe p\u00e2rtiile de la \u0218ureanu. Fire\u0219te, nu mai exist\u0103 acea z\u0103pad\u0103 f\u0103inoas\u0103, proasp\u0103t\u0103; temperaturile ridicate au transformat-o \u00eentr-un strat greu manevrabil, dar, \u021bin\u00e2nd cont c\u0103 vorbim despre a doua s\u0103pt\u0103m\u00e2n\u0103 din martie, putem spune c\u0103 sezonul se prezint\u0103 mai mult dec\u00e2t acceptabil. \u00cen plus, prognozele meteo anun\u021b\u0103 ninsori abundente, \u00eencep\u00e2nd cu acest weekend. Sezonul continu\u0103, a\u0219adar, pe Domeniul Schiabil \u0218ureanu, \u00een ciuda prim\u0103verii care s-a instalat la \u0219es. Pentru informa\u021bii actualizate \u0219i webcam-uri live, intra\u021bi pe www.schisureanu.ro<\/p>\n<p><em>Acces unic spre p\u00e2rtii:<\/em> Sebe\u0219 \u2013 \u0218ugag \u2013 lacul Oa\u0219a (DN 67 C), apoi la dreapta spre \u2013 m\u0103n\u0103stirea Oa\u0219a \u2013 Luncile Prigoanei \u2013 Poarta Raiului \u2013 Domeniul Schiabil \u0218ureanu (DJ 704). Distan\u021b\u0103 fa\u021b\u0103 de Sebe\u0219: 82 km, care pot fi parcur\u0219i \u00een aproximativ 2 h (f\u0103r\u0103 popasuri).<\/p>\n<p><em>Starea drumului \u00eentre Sebe\u0219 \u0219i lacul Oa\u0219a (62 km):<\/em> drumul este asfaltat \u00een \u00eentregime, fiind accesibil pentru orice tip de ma\u0219in\u0103.<\/p>\n<p><em>Starea drumului lacul Oa\u0219a \u2013 Domeniul Schiabil \u0218ureanu (18 km):<\/em> \u00een prezent, drumul este accesibil oric\u0103rui tip de ma\u0219in\u0103. Din p\u0103cate, \u00eens\u0103, ve\u021bi \u00eent\u00e2lni o mul\u021bime de por\u021biuni cu noroi, gropi, ghea\u021b\u0103 \u0219i flea\u0219c\u0103, \u00een special \u00eentre Luncile Prigoanei \u0219i p\u00e2rtii. Parcurge\u021bi-le cu r\u0103bdare \u0219i aten\u021bie. Deocamdat\u0103 nu e nevoie de lan\u021buri, \u00eens\u0103 dac\u0103 va ninge, conform prognozelor, va fi absolut necesar s\u0103 le monta\u021bi. V\u0103 recomand\u0103m s\u0103 le ave\u021bi preg\u0103tite \u00een ma\u0219in\u0103.<\/p>\n<p><em>P\u00e2rtii, strat de z\u0103pad\u0103 \u0219i instala\u021bii de cablu: <\/em>vor func\u021biona 6 din cele 8 p\u00e2rtii (A_1; A_2; A_3; C_1; C_3; C_4). Pe fiecare dintre ele, stratul de z\u0103pad\u0103 este greu, fle\u0219c\u0103it, ap\u0103tos, dar suficient de consistent \u0219i de aderent pentru cobor\u00e2rea pe schiuri sau snowboard. Nu recomand\u0103m, \u00eenc\u0103, zonele de off-piste, \u00eentruc\u00e2t stratul este greu manevrabil. Prin urmare, se poate schia \u00een continuare, \u00een condi\u021bii mai mult dec\u00e2t acceptabile pentru acest \u00eenceput foarte c\u0103lduros de prim\u0103var\u0103. Vor func\u021biona teleschiul \u201eCurm\u0103tura\u201d \u0219i telescaunul.<\/p>\n<p><em>Meteo \u0219i vizibilitate pe p\u00e2rtii:<\/em> <a href=\"http:\/\/freemeteo.ro\/vremea\/surean\/7-zile\/meteograma\/?gid=665722&amp;language=romanian&amp;country=romania\" target=\"_blank\">prognoza meteo<\/a> anun\u0163\u0103, pentru perioada urm\u0103toare, ninsori \u0219i v\u00e2nt puternic, care vor \u00eembun\u0103t\u0103\u021bi, cu siguran\u021b\u0103, sezonul de schi la \u0218ureanu. O veste bun\u0103 este \u0219i r\u0103cirea vremii (temperaturi \u00eentre -7 \u0219i 0 grade Celsius). Din p\u0103cate, este foarte posibil ca vizibilitatea pe p\u00e2rtii s\u0103 fie puternic afectat\u0103.<\/p>\n<p><em>Servicii turistice<\/em>: \u0219coal\u0103 de schi &amp; snowboard pe p\u00e2rtii (0762 501 913); centru de \u00eenchirieri schiuri \u0219i pl\u0103ci \u00een tab\u0103ra sportiv\u0103 din Luncile Prigoanei (0762 501 913).<\/p>\n<p><em>Sfaturi de buzunar:<\/em><\/p>\n<p>\u2013 nu v\u0103 \u00eencrede\u021bi excesiv \u00een propria ma\u0219in\u0103; mai important dec\u00e2t motorul este \u0219oferul.<\/p>\n<p><strong>Arie\u015feni (V\u00e2rtop)<\/strong><\/p>\n<p><em>P\u00e2rtii existente<\/em>: 2 (V\u00e2rtop 1 \u0219i V\u00e2rtop 2)<\/p>\n<p><em>P\u00e2rtii func\u021bionale<\/em>: 2 (V\u00e2rtop 1 \u0219i V\u00e2rtop 2)<\/p>\n<p><em>Lungime total\u0103<\/em>: 2 km<\/p>\n<p><em>Instala\u021bii de transport pe cablu<\/em>: 2 (2 teleschiuri)<\/p>\n<p><em>Altitudine maxim\u0103<\/em>: 1.400 m<\/p>\n<p><em>Tunuri de z\u0103pad\u0103<\/em>: da<\/p>\n<p><em>Webcam:<\/em> <strong><a href=\"http:\/\/jurnalul.ro\/webcam\/arieseni-partia-vartop-1-466.html\" target=\"_blank\">AICI<\/a><\/strong><\/p>\n<p><em>Nocturn\u0103<\/em>: da<\/p>\n<p><em>P\u00e2rtii pentru s\u0103nii<\/em>: da<\/p>\n<p><em>Semnal mobil<\/em>: toate re\u021belele<\/p>\n<p><em>Evaluare general\u0103:<\/em> la Arie\u0219eni, sezonul e posibil s\u0103 cunoasc\u0103 o u\u0219oar\u0103 \u00eembun\u0103t\u0103\u021bire, \u00eencep\u00e2nd cu acest weekend. Dac\u0103, \u00eentr-adev\u0103r, precipita\u021biile prognozate vor fi sub form\u0103 de ninsoare, stratul de om\u0103t de pe p\u00e2rtii va cre\u0219te cu siguran\u021b\u0103, put\u00e2nd s\u0103 prelungeasc\u0103 sezonul de schi.<\/p>\n<p><em>Acces<\/em>: Alba Iulia \u2013 Abrud \u2013 C\u00e2mpeni (DN 74 A) \u2013 Albac \u2013 Arie\u0219eni (DN 75). Distan\u021b\u0103 fa\u021b\u0103 de Alba Iulia: 120 km, care pot fi parcur\u0219i \u00een aproximativ 2 h 30 min.<\/p>\n<p><em>Starea drumului<\/em>: este accesibil oric\u0103rui tip de autovehicul.<\/p>\n<p><em>P\u00e2rtii, strat de z\u0103pad\u0103 \u0219i instala\u021bii de cablu<\/em>: nu ve\u021bi g\u0103si cea mai bun\u0103 z\u0103pad\u0103, pe cele dou\u0103 p\u00e2rtii de la Arie\u0219eni, \u00eens\u0103 este acceptabil\u0103 pentru aceast\u0103 perioad\u0103 marcat\u0103, recent, de \u00eenc\u0103lzire \u0219i ploi. Totu\u0219i, situa\u021bia se va \u00eembun\u0103t\u0103\u021bi, \u00eentruc\u00e2t va ninge \u00een cur\u00e2nd. Pentru actualiz\u0103ri zilnice, urm\u0103ri\u021bi camera web de la baza p\u00e2rtiilor.<\/p>\n<p><em>Meteo \u0219i vizibilitate pe p\u00e2rtii<\/em>: prognoza anun\u021b\u0103, pentru perioada urm\u0103toare, zile cu ninsori, lapovi\u021b\u0103 \u0219i, posibil, ploi (duminic\u0103 \u0219i luni, \u00een special). \u00cen general vor predomina ninsorile, \u00een cazul \u00een care aerul va fi suficient de rece. Temperaturile vor fi cuprinse \u00eentre -7 \u0219i 2 grade Celsius. Vizibilitatea pe p\u00e2rtii nu va fi afectat\u0103.<\/p>\n<p><em>Servicii:<\/em> asisten\u0163\u0103 Salvamont la baza p\u00e2rtiilor; \u0219coal\u0103 de schi &amp; snowboard la baza p\u00e2rtiilor; centre de \u00eenchirieri schiuri &amp; pl\u0103ci la baza p\u00e2rtiilor; restaurante \u0219i unit\u0103\u021bi de cazare la baza p\u00e2rtiilor \u0219i \u00een sta\u021biune.<\/p>\n<p><em>Sfaturi de buzunar:<\/em><\/p>\n<p>\u2013 evita\u021bi teribilismul \u0219i vitezele mari pe p\u00e2rtie.<\/p>\n<p>\u2013 nu consuma\u021bi alcool \u00eenainte de a schia.<\/p>\n<p><em>sursa: Florian-Rare\u0219 Tileag\u0103, monitor \u0219coala de schi \u201ePa\u0219i Liberi\u201d, \u0218ureanu<\/em><\/p>\n","protected":false},"excerpt":{"rendered":"<p>Chiar dac\u0103 prim\u0103vara \u00ee\u015fi face sim\u0163it\u0103 prezen\u0163a cu temepraturile ridicate, iubitorii sporturilor de iarn\u0103 \u00eenc\u0103 mai au \u015fanse de distrac\u0163ie pe p\u00e2rtii. La \u015eureanu sunt a\u015fteptate ninsori \u00een urm\u0103toarele zile, a\u015fa c\u0103 prim\u0103vara mai \u00eent\u00e2rzie \u00een zonele montane din jude\u0163ul Alba. \u015ei la Arie\u015feni mai este z\u0103pad\u0103 la p\u00e2rtii, fiind a\u015fteptate, de asemenea, alte ninsori. &hellip;<\/p>\n","protected":false},"author":17,"featured_media":41237,"comment_status":"open","ping_status":"open","sticky":false,"template":"","format":"standard","meta":{"inline_featured_image":false,"footnotes":""},"categories":[61],"tags":[307,2124,1517,1773,2586,308,76,1201],"class_list":["post-41236","post","type-post","status-publish","format-standard","has-post-thumbnail","hentry","category-turism","tag-alba","tag-arieseni","tag-domeniul-schiabil-sureanu","tag-ninsori","tag-starea-partiilor","tag-stiri","tag-urbea-mea","tag-zapada"],"yoast_head":"<!-- This site is optimized with the Yoast SEO plugin v27.4 - https:\/\/yoast.com\/product\/yoast-seo-wordpress\/ -->\n<title>Starea p\u00e2rtiilor \u00een jude\u0163ul Alba: La \u00eenceput de prim\u0103var\u0103, \u00eenc\u0103 se poate schia la \u015eureanu \u015fi Arie\u015feni - Revista Urbea Mea - Revista de Alba<\/title>\n<meta name=\"description\" content=\"Chiar dac\u0103 prim\u0103vara \u00ee\u015fi face sim\u0163it\u0103 prezen\u0163a cu temepraturile ridicate, iubitorii sporturilor de iarn\u0103 \u00eenc\u0103 mai au \u015fanse de distrac\u0163ie pe p\u00e2rtii. La\" \/>\n<meta name=\"robots\" content=\"index, follow, max-snippet:-1, max-image-preview:large, max-video-preview:-1\" \/>\n<link rel=\"canonical\" href=\"https:\/\/urbeamea.ro\/albaiulia\/starea-partiilor-in-judetul-alba-la-inceput-de-primavara-inca-se-poate-schia-la-sureanu-si-arieseni\/\" \/>\n<meta name=\"twitter:card\" content=\"summary_large_image\" \/>\n<meta name=\"twitter:title\" content=\"Starea p\u00e2rtiilor \u00een jude\u0163ul Alba: La \u00eenceput de prim\u0103var\u0103, \u00eenc\u0103 se poate schia la \u015eureanu \u015fi Arie\u015feni - Revista Urbea Mea - Revista de Alba\" \/>\n<meta name=\"twitter:description\" content=\"Chiar dac\u0103 prim\u0103vara \u00ee\u015fi face sim\u0163it\u0103 prezen\u0163a cu temepraturile ridicate, iubitorii sporturilor de iarn\u0103 \u00eenc\u0103 mai au \u015fanse de distrac\u0163ie pe p\u00e2rtii. La\" \/>\n<meta name=\"twitter:image\" content=\"https:\/\/urbeamea.ro\/albaiulia\/wp-content\/uploads\/2017\/03\/Sureanu-martie-2017.jpg\" \/>\n<meta name=\"twitter:creator\" content=\"@urbeameaweb\" \/>\n<meta name=\"twitter:site\" content=\"@urbeameaweb\" \/>\n<script type=\"application\/ld+json\" class=\"yoast-schema-graph\">{\"@context\":\"https:\\\/\\\/schema.org\",\"@graph\":[{\"@type\":\"Article\",\"@id\":\"https:\\\/\\\/urbeamea.ro\\\/albaiulia\\\/starea-partiilor-in-judetul-alba-la-inceput-de-primavara-inca-se-poate-schia-la-sureanu-si-arieseni\\\/#article\",\"isPartOf\":{\"@id\":\"https:\\\/\\\/urbeamea.ro\\\/albaiulia\\\/starea-partiilor-in-judetul-alba-la-inceput-de-primavara-inca-se-poate-schia-la-sureanu-si-arieseni\\\/\"},\"author\":{\"name\":\"Cristina Ganga\",\"@id\":\"https:\\\/\\\/urbeamea.ro\\\/albaiulia\\\/#\\\/schema\\\/person\\\/9700d21fae21c4f038b0b56f4506264a\"},\"headline\":\"Starea p\u00e2rtiilor \u00een jude\u0163ul Alba: La \u00eenceput de prim\u0103var\u0103, \u00eenc\u0103 se poate schia la \u015eureanu \u015fi Arie\u015feni\",\"datePublished\":\"2017-03-09T14:18:26+00:00\",\"mainEntityOfPage\":{\"@id\":\"https:\\\/\\\/urbeamea.ro\\\/albaiulia\\\/starea-partiilor-in-judetul-alba-la-inceput-de-primavara-inca-se-poate-schia-la-sureanu-si-arieseni\\\/\"},\"wordCount\":1036,\"commentCount\":0,\"image\":{\"@id\":\"https:\\\/\\\/urbeamea.ro\\\/albaiulia\\\/starea-partiilor-in-judetul-alba-la-inceput-de-primavara-inca-se-poate-schia-la-sureanu-si-arieseni\\\/#primaryimage\"},\"thumbnailUrl\":\"https:\\\/\\\/urbeamea.ro\\\/albaiulia\\\/wp-content\\\/uploads\\\/2017\\\/03\\\/Sureanu-martie-2017.jpg\",\"keywords\":[\"alba\",\"arieseni\",\"domeniul schiabil sureanu\",\"ninsori\",\"starea partiilor\",\"stiri\",\"Urbea Mea\",\"zapada\"],\"articleSection\":[\"Turism \u0219i Ghidaj turistic\"],\"inLanguage\":\"ro-RO\",\"potentialAction\":[{\"@type\":\"CommentAction\",\"name\":\"Comment\",\"target\":[\"https:\\\/\\\/urbeamea.ro\\\/albaiulia\\\/starea-partiilor-in-judetul-alba-la-inceput-de-primavara-inca-se-poate-schia-la-sureanu-si-arieseni\\\/#respond\"]}]},{\"@type\":\"WebPage\",\"@id\":\"https:\\\/\\\/urbeamea.ro\\\/albaiulia\\\/starea-partiilor-in-judetul-alba-la-inceput-de-primavara-inca-se-poate-schia-la-sureanu-si-arieseni\\\/\",\"url\":\"https:\\\/\\\/urbeamea.ro\\\/albaiulia\\\/starea-partiilor-in-judetul-alba-la-inceput-de-primavara-inca-se-poate-schia-la-sureanu-si-arieseni\\\/\",\"name\":\"Starea p\u00e2rtiilor \u00een jude\u0163ul Alba: La \u00eenceput de prim\u0103var\u0103, \u00eenc\u0103 se poate schia la \u015eureanu \u015fi Arie\u015feni - Revista Urbea Mea - Revista de Alba\",\"isPartOf\":{\"@id\":\"https:\\\/\\\/urbeamea.ro\\\/albaiulia\\\/#website\"},\"primaryImageOfPage\":{\"@id\":\"https:\\\/\\\/urbeamea.ro\\\/albaiulia\\\/starea-partiilor-in-judetul-alba-la-inceput-de-primavara-inca-se-poate-schia-la-sureanu-si-arieseni\\\/#primaryimage\"},\"image\":{\"@id\":\"https:\\\/\\\/urbeamea.ro\\\/albaiulia\\\/starea-partiilor-in-judetul-alba-la-inceput-de-primavara-inca-se-poate-schia-la-sureanu-si-arieseni\\\/#primaryimage\"},\"thumbnailUrl\":\"https:\\\/\\\/urbeamea.ro\\\/albaiulia\\\/wp-content\\\/uploads\\\/2017\\\/03\\\/Sureanu-martie-2017.jpg\",\"datePublished\":\"2017-03-09T14:18:26+00:00\",\"author\":{\"@id\":\"https:\\\/\\\/urbeamea.ro\\\/albaiulia\\\/#\\\/schema\\\/person\\\/9700d21fae21c4f038b0b56f4506264a\"},\"description\":\"Chiar dac\u0103 prim\u0103vara \u00ee\u015fi face sim\u0163it\u0103 prezen\u0163a cu temepraturile ridicate, iubitorii sporturilor de iarn\u0103 \u00eenc\u0103 mai au \u015fanse de distrac\u0163ie pe p\u00e2rtii. La\",\"breadcrumb\":{\"@id\":\"https:\\\/\\\/urbeamea.ro\\\/albaiulia\\\/starea-partiilor-in-judetul-alba-la-inceput-de-primavara-inca-se-poate-schia-la-sureanu-si-arieseni\\\/#breadcrumb\"},\"inLanguage\":\"ro-RO\",\"potentialAction\":[{\"@type\":\"ReadAction\",\"target\":[\"https:\\\/\\\/urbeamea.ro\\\/albaiulia\\\/starea-partiilor-in-judetul-alba-la-inceput-de-primavara-inca-se-poate-schia-la-sureanu-si-arieseni\\\/\"]}]},{\"@type\":\"ImageObject\",\"inLanguage\":\"ro-RO\",\"@id\":\"https:\\\/\\\/urbeamea.ro\\\/albaiulia\\\/starea-partiilor-in-judetul-alba-la-inceput-de-primavara-inca-se-poate-schia-la-sureanu-si-arieseni\\\/#primaryimage\",\"url\":\"https:\\\/\\\/urbeamea.ro\\\/albaiulia\\\/wp-content\\\/uploads\\\/2017\\\/03\\\/Sureanu-martie-2017.jpg\",\"contentUrl\":\"https:\\\/\\\/urbeamea.ro\\\/albaiulia\\\/wp-content\\\/uploads\\\/2017\\\/03\\\/Sureanu-martie-2017.jpg\",\"width\":800,\"height\":538},{\"@type\":\"BreadcrumbList\",\"@id\":\"https:\\\/\\\/urbeamea.ro\\\/albaiulia\\\/starea-partiilor-in-judetul-alba-la-inceput-de-primavara-inca-se-poate-schia-la-sureanu-si-arieseni\\\/#breadcrumb\",\"itemListElement\":[{\"@type\":\"ListItem\",\"position\":1,\"name\":\"Prima pagin\u0103\",\"item\":\"https:\\\/\\\/urbeamea.ro\\\/albaiulia\\\/\"},{\"@type\":\"ListItem\",\"position\":2,\"name\":\"Starea p\u00e2rtiilor \u00een jude\u0163ul Alba: La \u00eenceput de prim\u0103var\u0103, \u00eenc\u0103 se poate schia la \u015eureanu \u015fi Arie\u015feni\"}]},{\"@type\":\"WebSite\",\"@id\":\"https:\\\/\\\/urbeamea.ro\\\/albaiulia\\\/#website\",\"url\":\"https:\\\/\\\/urbeamea.ro\\\/albaiulia\\\/\",\"name\":\"Revista Urbea Mea, Stiri urbane\",\"description\":\"Evenimente \u0219i \u0219tiri din Alba Iulia, Sebe\u0219, Aiud, Blaj\",\"potentialAction\":[{\"@type\":\"SearchAction\",\"target\":{\"@type\":\"EntryPoint\",\"urlTemplate\":\"https:\\\/\\\/urbeamea.ro\\\/albaiulia\\\/?s={search_term_string}\"},\"query-input\":{\"@type\":\"PropertyValueSpecification\",\"valueRequired\":true,\"valueName\":\"search_term_string\"}}],\"inLanguage\":\"ro-RO\"},{\"@type\":\"Person\",\"@id\":\"https:\\\/\\\/urbeamea.ro\\\/albaiulia\\\/#\\\/schema\\\/person\\\/9700d21fae21c4f038b0b56f4506264a\",\"name\":\"Cristina Ganga\",\"image\":{\"@type\":\"ImageObject\",\"inLanguage\":\"ro-RO\",\"@id\":\"https:\\\/\\\/secure.gravatar.com\\\/avatar\\\/5a67661041f057b4a8ccaf26f5a8e86e2689372006d01faf3dd9eeb10b654bb4?s=96&d=mm&r=g\",\"url\":\"https:\\\/\\\/secure.gravatar.com\\\/avatar\\\/5a67661041f057b4a8ccaf26f5a8e86e2689372006d01faf3dd9eeb10b654bb4?s=96&d=mm&r=g\",\"contentUrl\":\"https:\\\/\\\/secure.gravatar.com\\\/avatar\\\/5a67661041f057b4a8ccaf26f5a8e86e2689372006d01faf3dd9eeb10b654bb4?s=96&d=mm&r=g\",\"caption\":\"Cristina Ganga\"},\"description\":\"Jurnalist\",\"sameAs\":[\"https:\\\/\\\/www.facebook.com\\\/cristina.nicola.587\"],\"url\":\"https:\\\/\\\/urbeamea.ro\\\/albaiulia\\\/author\\\/cristina-nicola\\\/\"}]}<\/script>\n<!-- \/ Yoast SEO plugin. -->","yoast_head_json":{"title":"Starea p\u00e2rtiilor \u00een jude\u0163ul Alba: La \u00eenceput de prim\u0103var\u0103, \u00eenc\u0103 se poate schia la \u015eureanu \u015fi Arie\u015feni - Revista Urbea Mea - Revista de Alba","description":"Chiar dac\u0103 prim\u0103vara \u00ee\u015fi face sim\u0163it\u0103 prezen\u0163a cu temepraturile ridicate, iubitorii sporturilor de iarn\u0103 \u00eenc\u0103 mai au \u015fanse de distrac\u0163ie pe p\u00e2rtii. La","robots":{"index":"index","follow":"follow","max-snippet":"max-snippet:-1","max-image-preview":"max-image-preview:large","max-video-preview":"max-video-preview:-1"},"canonical":"https:\/\/urbeamea.ro\/albaiulia\/starea-partiilor-in-judetul-alba-la-inceput-de-primavara-inca-se-poate-schia-la-sureanu-si-arieseni\/","twitter_card":"summary_large_image","twitter_title":"Starea p\u00e2rtiilor \u00een jude\u0163ul Alba: La \u00eenceput de prim\u0103var\u0103, \u00eenc\u0103 se poate schia la \u015eureanu \u015fi Arie\u015feni - Revista Urbea Mea - Revista de Alba","twitter_description":"Chiar dac\u0103 prim\u0103vara \u00ee\u015fi face sim\u0163it\u0103 prezen\u0163a cu temepraturile ridicate, iubitorii sporturilor de iarn\u0103 \u00eenc\u0103 mai au \u015fanse de distrac\u0163ie pe p\u00e2rtii. La","twitter_image":"https:\/\/urbeamea.ro\/albaiulia\/wp-content\/uploads\/2017\/03\/Sureanu-martie-2017.jpg","twitter_creator":"@urbeameaweb","twitter_site":"@urbeameaweb","schema":{"@context":"https:\/\/schema.org","@graph":[{"@type":"Article","@id":"https:\/\/urbeamea.ro\/albaiulia\/starea-partiilor-in-judetul-alba-la-inceput-de-primavara-inca-se-poate-schia-la-sureanu-si-arieseni\/#article","isPartOf":{"@id":"https:\/\/urbeamea.ro\/albaiulia\/starea-partiilor-in-judetul-alba-la-inceput-de-primavara-inca-se-poate-schia-la-sureanu-si-arieseni\/"},"author":{"name":"Cristina Ganga","@id":"https:\/\/urbeamea.ro\/albaiulia\/#\/schema\/person\/9700d21fae21c4f038b0b56f4506264a"},"headline":"Starea p\u00e2rtiilor \u00een jude\u0163ul Alba: La \u00eenceput de prim\u0103var\u0103, \u00eenc\u0103 se poate schia la \u015eureanu \u015fi Arie\u015feni","datePublished":"2017-03-09T14:18:26+00:00","mainEntityOfPage":{"@id":"https:\/\/urbeamea.ro\/albaiulia\/starea-partiilor-in-judetul-alba-la-inceput-de-primavara-inca-se-poate-schia-la-sureanu-si-arieseni\/"},"wordCount":1036,"commentCount":0,"image":{"@id":"https:\/\/urbeamea.ro\/albaiulia\/starea-partiilor-in-judetul-alba-la-inceput-de-primavara-inca-se-poate-schia-la-sureanu-si-arieseni\/#primaryimage"},"thumbnailUrl":"https:\/\/urbeamea.ro\/albaiulia\/wp-content\/uploads\/2017\/03\/Sureanu-martie-2017.jpg","keywords":["alba","arieseni","domeniul schiabil sureanu","ninsori","starea partiilor","stiri","Urbea Mea","zapada"],"articleSection":["Turism \u0219i Ghidaj turistic"],"inLanguage":"ro-RO","potentialAction":[{"@type":"CommentAction","name":"Comment","target":["https:\/\/urbeamea.ro\/albaiulia\/starea-partiilor-in-judetul-alba-la-inceput-de-primavara-inca-se-poate-schia-la-sureanu-si-arieseni\/#respond"]}]},{"@type":"WebPage","@id":"https:\/\/urbeamea.ro\/albaiulia\/starea-partiilor-in-judetul-alba-la-inceput-de-primavara-inca-se-poate-schia-la-sureanu-si-arieseni\/","url":"https:\/\/urbeamea.ro\/albaiulia\/starea-partiilor-in-judetul-alba-la-inceput-de-primavara-inca-se-poate-schia-la-sureanu-si-arieseni\/","name":"Starea p\u00e2rtiilor \u00een jude\u0163ul Alba: La \u00eenceput de prim\u0103var\u0103, \u00eenc\u0103 se poate schia la \u015eureanu \u015fi Arie\u015feni - Revista Urbea Mea - Revista de Alba","isPartOf":{"@id":"https:\/\/urbeamea.ro\/albaiulia\/#website"},"primaryImageOfPage":{"@id":"https:\/\/urbeamea.ro\/albaiulia\/starea-partiilor-in-judetul-alba-la-inceput-de-primavara-inca-se-poate-schia-la-sureanu-si-arieseni\/#primaryimage"},"image":{"@id":"https:\/\/urbeamea.ro\/albaiulia\/starea-partiilor-in-judetul-alba-la-inceput-de-primavara-inca-se-poate-schia-la-sureanu-si-arieseni\/#primaryimage"},"thumbnailUrl":"https:\/\/urbeamea.ro\/albaiulia\/wp-content\/uploads\/2017\/03\/Sureanu-martie-2017.jpg","datePublished":"2017-03-09T14:18:26+00:00","author":{"@id":"https:\/\/urbeamea.ro\/albaiulia\/#\/schema\/person\/9700d21fae21c4f038b0b56f4506264a"},"description":"Chiar dac\u0103 prim\u0103vara \u00ee\u015fi face sim\u0163it\u0103 prezen\u0163a cu temepraturile ridicate, iubitorii sporturilor de iarn\u0103 \u00eenc\u0103 mai au \u015fanse de distrac\u0163ie pe p\u00e2rtii. La","breadcrumb":{"@id":"https:\/\/urbeamea.ro\/albaiulia\/starea-partiilor-in-judetul-alba-la-inceput-de-primavara-inca-se-poate-schia-la-sureanu-si-arieseni\/#breadcrumb"},"inLanguage":"ro-RO","potentialAction":[{"@type":"ReadAction","target":["https:\/\/urbeamea.ro\/albaiulia\/starea-partiilor-in-judetul-alba-la-inceput-de-primavara-inca-se-poate-schia-la-sureanu-si-arieseni\/"]}]},{"@type":"ImageObject","inLanguage":"ro-RO","@id":"https:\/\/urbeamea.ro\/albaiulia\/starea-partiilor-in-judetul-alba-la-inceput-de-primavara-inca-se-poate-schia-la-sureanu-si-arieseni\/#primaryimage","url":"https:\/\/urbeamea.ro\/albaiulia\/wp-content\/uploads\/2017\/03\/Sureanu-martie-2017.jpg","contentUrl":"https:\/\/urbeamea.ro\/albaiulia\/wp-content\/uploads\/2017\/03\/Sureanu-martie-2017.jpg","width":800,"height":538},{"@type":"BreadcrumbList","@id":"https:\/\/urbeamea.ro\/albaiulia\/starea-partiilor-in-judetul-alba-la-inceput-de-primavara-inca-se-poate-schia-la-sureanu-si-arieseni\/#breadcrumb","itemListElement":[{"@type":"ListItem","position":1,"name":"Prima pagin\u0103","item":"https:\/\/urbeamea.ro\/albaiulia\/"},{"@type":"ListItem","position":2,"name":"Starea p\u00e2rtiilor \u00een jude\u0163ul Alba: La \u00eenceput de prim\u0103var\u0103, \u00eenc\u0103 se poate schia la \u015eureanu \u015fi Arie\u015feni"}]},{"@type":"WebSite","@id":"https:\/\/urbeamea.ro\/albaiulia\/#website","url":"https:\/\/urbeamea.ro\/albaiulia\/","name":"Revista Urbea Mea, Stiri urbane","description":"Evenimente \u0219i \u0219tiri din Alba Iulia, Sebe\u0219, Aiud, Blaj","potentialAction":[{"@type":"SearchAction","target":{"@type":"EntryPoint","urlTemplate":"https:\/\/urbeamea.ro\/albaiulia\/?s={search_term_string}"},"query-input":{"@type":"PropertyValueSpecification","valueRequired":true,"valueName":"search_term_string"}}],"inLanguage":"ro-RO"},{"@type":"Person","@id":"https:\/\/urbeamea.ro\/albaiulia\/#\/schema\/person\/9700d21fae21c4f038b0b56f4506264a","name":"Cristina Ganga","image":{"@type":"ImageObject","inLanguage":"ro-RO","@id":"https:\/\/secure.gravatar.com\/avatar\/5a67661041f057b4a8ccaf26f5a8e86e2689372006d01faf3dd9eeb10b654bb4?s=96&d=mm&r=g","url":"https:\/\/secure.gravatar.com\/avatar\/5a67661041f057b4a8ccaf26f5a8e86e2689372006d01faf3dd9eeb10b654bb4?s=96&d=mm&r=g","contentUrl":"https:\/\/secure.gravatar.com\/avatar\/5a67661041f057b4a8ccaf26f5a8e86e2689372006d01faf3dd9eeb10b654bb4?s=96&d=mm&r=g","caption":"Cristina Ganga"},"description":"Jurnalist","sameAs":["https:\/\/www.facebook.com\/cristina.nicola.587"],"url":"https:\/\/urbeamea.ro\/albaiulia\/author\/cristina-nicola\/"}]}},"_links":{"self":[{"href":"https:\/\/urbeamea.ro\/albaiulia\/wp-json\/wp\/v2\/posts\/41236","targetHints":{"allow":["GET"]}}],"collection":[{"href":"https:\/\/urbeamea.ro\/albaiulia\/wp-json\/wp\/v2\/posts"}],"about":[{"href":"https:\/\/urbeamea.ro\/albaiulia\/wp-json\/wp\/v2\/types\/post"}],"author":[{"embeddable":true,"href":"https:\/\/urbeamea.ro\/albaiulia\/wp-json\/wp\/v2\/users\/17"}],"replies":[{"embeddable":true,"href":"https:\/\/urbeamea.ro\/albaiulia\/wp-json\/wp\/v2\/comments?post=41236"}],"version-history":[{"count":0,"href":"https:\/\/urbeamea.ro\/albaiulia\/wp-json\/wp\/v2\/posts\/41236\/revisions"}],"wp:featuredmedia":[{"embeddable":true,"href":"https:\/\/urbeamea.ro\/albaiulia\/wp-json\/wp\/v2\/media\/41237"}],"wp:attachment":[{"href":"https:\/\/urbeamea.ro\/albaiulia\/wp-json\/wp\/v2\/media?parent=41236"}],"wp:term":[{"taxonomy":"category","embeddable":true,"href":"https:\/\/urbeamea.ro\/albaiulia\/wp-json\/wp\/v2\/categories?post=41236"},{"taxonomy":"post_tag","embeddable":true,"href":"https:\/\/urbeamea.ro\/albaiulia\/wp-json\/wp\/v2\/tags?post=41236"}],"curies":[{"name":"wp","href":"https:\/\/api.w.org\/{rel}","templated":true}]}}