{"id":41243,"date":"2017-03-10T11:29:11","date_gmt":"2017-03-10T09:29:11","guid":{"rendered":"http:\/\/urbeamea.ro\/albaiulia\/?p=41243"},"modified":"2017-03-10T11:29:11","modified_gmt":"2017-03-10T09:29:11","slug":"liceenii-din-alba-iulia-sunt-asteptati-sa-aplice-pentru-cel-de-al-optulea-concurs-de-finantare-din-fondul-youthbank-inscrierile-pana-in-27-martie","status":"publish","type":"post","link":"https:\/\/urbeamea.ro\/albaiulia\/liceenii-din-alba-iulia-sunt-asteptati-sa-aplice-pentru-cel-de-al-optulea-concurs-de-finantare-din-fondul-youthbank-inscrierile-pana-in-27-martie\/","title":{"rendered":"Liceenii din Alba Iulia sunt a\u015ftepta\u0163i s\u0103 aplice pentru cel de-al optulea concurs de finan\u021bare, din Fondul YouthBank. \u00censcrierile, p\u00e2n\u0103 \u00een 27 martie"},"content":{"rendered":"<p><strong>Funda\u021bia Comunitar\u0103 Alba a lansat cel de-al optulea concurs de finan\u021bare, din Fondul YouthBank, a proiectelor de implicare \u00een comunitate a adolescen\u021bilor. Astfel, p\u00e2n\u0103 la 27 martie 2017, funda\u021bia pune la dispozi\u021bia liceenilor care studiaz\u0103 \u00een Alba Iulia un fond \u00een valoare de 20.000 lei, care va fi folosit pentru a finan\u021ba proiecte ini\u021biate \u0219i implementate de ace\u0219tia. Proiectele trebuie s\u0103 aib\u0103 impact \u00een comunitate \u0219i s\u0103 reprezinte o solu\u021bie la o nevoie identificat\u0103 de liceenii albaiulieni.<\/strong><\/p>\n<p>Pentru a aplica la aceast\u0103 rund\u0103 de finan\u021bare a programului:<\/p>\n<ul>\n<li>liceenii trebuie s\u0103 fac\u0103 parte dintr-o echip\u0103 (minim 3 persoane);<\/li>\n<li>proiectele propuse trebuie s\u0103 se desf\u0103\u0219oare \u00een aria geografic\u0103 a jude\u021bului Alba;<\/li>\n<li>proiectele propuse trebuie s\u0103 raspund\u0103 \u00eentr-un mod inovator unor nevoi identificate la nivelul comunit\u0103\u021bii \u0219i pot acoperi orice domeniu, de la orientare \u00een carier\u0103 la s\u0103n\u0103tate, sport, educa\u021bie, schimbarea mentalit\u0103\u021bii, cultur\u0103, art\u0103, mediu, social, voluntariat, etc.;<\/li>\n<li>suma solicitat\u0103 poate fi de minimum 3.000 lei \u0219i maximum 4.000 lei pentru un proiect;<\/li>\n<li>proiectele trebuie s\u0103 poat\u0103 fi implementate \u00een perioada 14 aprilie \u2013 4 iunie 2017.<\/li>\n<\/ul>\n<p>Pentru a intra \u00een concurs, liceenii trebuie s\u0103 descarce de pe una din paginile de facebook \u201cFunda\u021bia Comunitar\u0103 Alba\u201d sau \u201dYouthBank Alba\u201d, ghidul de finan\u021bare \u0219i formularul de aplicare, pe care \u00eel vor trimite, dup\u0103 completare, pe adresa <a href=\"mailto:yb@fundatiacomunitaraalba.ro\">yb@fundatiacomunitaraalba.ro<\/a> p\u00e2n\u0103 cel t\u00e2rziu luni, 27 martie 2017, orele 23:59.<\/p>\n<p>La eveniment au participat reprezentan\u021bi ai partenerilor \u0219i finan\u021batorilor programului, ai unor consilii \u0219colare ale elevilor, ai unor organiza\u021bii locale ale tinerilor, dar \u0219i profesori din colegii albaiuliene. Evenimentul a fost prezentat de echipa YouthBank Alba 2016-2017, format\u0103 din liceeni care \u201ctrudesc\u201d pentru a oferi colegilor lor de genera\u021bie resurse, know-how \u0219i mai ales \u00eencredere: Claudiu B\u00eerlu\u021biu, Magdalena Burduf, Cristian C\u0103r\u0103midar, Tudor Cojan, Andreea Ispas, Silvia Lup\u0219a, Larisa M\u0103iera\u0219, Luiza Negru, Sebastian Popescu, Rebeca Rusu \u0219i Maria Toderean, coordona\u021bi de R\u0103zvan Boba, fost membru al echipei, actualmente student. Echipa YB a fost sus\u021binut\u0103 \u00een activit\u0103\u021bile ei \u0219i de al\u021bi voluntari ai funda\u021biei: Teodora Petecu\u021b\u0103-Laz\u0103r, Mihai Pocol, Daniel Jurj, Carmen \u0219i Georgiana Cazmet, Elena \u0218tefan, Cristina Negoescu, Lumini\u021ba Moldovan, Raluca Ro\u0219ca sau David Gruian, dar \u0219i de staff-ul funda\u021biei \u2013 Dorin Sava (director executiv) \u0219i Lucia Ispas (grant manager).<\/p>\n<p><em>\u201cSus\u021bin acest program pentru c\u0103 exist\u0103 o nevoie real\u0103, la nivelul tinerilor din municipiu, de programe care s\u0103 \u00eei capaciteze \u0219i s\u0103 le dezvolte abilit\u0103\u021bile\u201d,<\/em> a declarat prof. Angela Moldovan, consilier local \u0219i membru \u00een comisia pentru \u00eenv\u0103\u021b\u0103m\u00e2nt a Consiliului Local Alba Iulia.<\/p>\n<p>La r\u00e2ndul s\u0103u, Cosmin Baicon, membru \u00een board-ul funda\u021biei \u0219i finan\u021bator, a apreciat YouthBank ca un program de referin\u021b\u0103 pentru liceeni, pe care i-a \u00eendemnat s\u0103 \u00eel acceseze \u0219i s\u0103 \u00eei foloseasc\u0103 resursele unice pe care le ofer\u0103.<\/p>\n<p>Municipiul Alba Iulia \u0219i Exclusiv Auto Center (dealer Skoda \u0219i Volkswagen Autovehicule Comerciale \u00een jude\u021bul nostru) sunt principalii parteneri locali ai programului YouthBank 2016-2017. Programul are ca finan\u021batori Anc\u0103u Company, Pub 13 \u2013 Medieval, Porterom, Toskana Garten, Pensiunea Select \u0219i Deko Team, iar ca sus\u021bin\u0103tori Casa de Cultur\u0103 a Studen\u021bilor Alba Iulia, Vimed, Societatea de Transport Public, Tipo-Rex \u0219i Nicolae Boca Photography. La nivel na\u021bional, Programul YouthBank este coordonat de Funda\u021bia pentru Implicarea Tinerilor.<\/p>\n<p>Funda\u021bia Comunitar\u0103 Alba are ca finan\u021bator na\u021bional Romanian-American Foundation, \u00een cadrul programului \u201cFunda\u021bii Comunitare\u201d, ini\u021biat de Asocia\u021bia pentru Rela\u021bii Comunitare, \u00een parteneriat cu Federa\u021bia \u201cFunda\u021biile Comunitare din Rom\u00e2nia\u201d \u0219i Funda\u021bia Pentru Parteneriat, cu sprijinul financiar al Charles Stewart Mott Foundation \u0219i RAF.<\/p>\n<p>Din 2010 \u0219i p\u00e2n\u0103 \u00een prezent, Funda\u021bia Comunitar\u0103 Alba a finan\u021bat un num\u0103r de 59 de proiecte ale liceenilor din municipiul Alba Iulia, care au avut peste 23.000 de beneficiari direc\u021bi sau indirec\u021bi. Programul YouthBank \u00eencurajeaz\u0103 implicarea direct\u0103 a tinerilor \u00een via\u0163a comunit\u0103\u0163ii, ei c\u00e2\u015ftig\u00e2nd, \u00een acest fel, \u00eencredere \u00een propriile for\u0163e, dob\u00e2ndind abilit\u0103\u0163i de comunicare, negociere, administrare financiar\u0103 \u015fi de conducere. La ultimele dou\u0103 Gale Anuale ale Voluntarilor din Alba, Programul YouthBank Alba a fost desemnat cel mai bun program de voluntariat \u00een educa\u0163ie din jude\u021bul Alba, ca o recunoa\u0219tere a rezultatelor sale \u0219i a schimb\u0103rii pe care o produce \u00een r\u00e2ndul genera\u021biei tinere \u0219i comunit\u0103\u021bii.<\/p>\n<p>\u00cen prezent, programul YouthBank se deruleaz\u0103 \u00een Alba Iulia, Bac\u0103u, Cluj-Napoca, F\u0103g\u0103ra\u0219, Gala\u021bi, Odorheiu Secuiesc, Reghin, Satu Mare, Sibiu \u0219i Timi\u0219oara, pe baza unui set comun de principii \u0219i standarde agreate de c\u0103tre partenerii locali \u0219i na\u021bionali ai programului.<\/p>\n<div id='gallery-1' class='gallery galleryid-41243 gallery-columns-3 gallery-size-thumbnail'><figure class='gallery-item'>\n\t\t\t<div class='gallery-icon landscape'>\n\t\t\t\t<a href='https:\/\/urbeamea.ro\/albaiulia\/wp-content\/uploads\/2017\/03\/YB1.jpg'><img decoding=\"async\" width=\"150\" height=\"86\" src=\"data:image\/png;base64,iVBORw0KGgoAAAANSUhEUgAAAYYAAADcAQMAAABOLJSDAAAAA1BMVEUAAACnej3aAAAAAXRSTlMAQObYZgAAACJJREFUaIHtwTEBAAAAwqD1T20ND6AAAAAAAAAAAAAA4N8AKvgAAUFIrrEAAAAASUVORK5CYII=\" class=\"attachment-thumbnail size-thumbnail lazy-img\" alt=\"\" srcset=\"https:\/\/urbeamea.ro\/albaiulia\/wp-content\/uploads\/2017\/03\/YB1-150x86.jpg 150w, https:\/\/urbeamea.ro\/albaiulia\/wp-content\/uploads\/2017\/03\/YB1-640x367.jpg 640w, https:\/\/urbeamea.ro\/albaiulia\/wp-content\/uploads\/2017\/03\/YB1-768x440.jpg 768w, https:\/\/urbeamea.ro\/albaiulia\/wp-content\/uploads\/2017\/03\/YB1.jpg 1280w\" sizes=\"auto, (max-width: 150px) 100vw, 150px\" data-src=\"https:\/\/urbeamea.ro\/albaiulia\/wp-content\/uploads\/2017\/03\/YB1-150x86.jpg\" loading=\"lazy\" \/><\/a>\n\t\t\t<\/div><\/figure><figure class='gallery-item'>\n\t\t\t<div class='gallery-icon landscape'>\n\t\t\t\t<a href='https:\/\/urbeamea.ro\/albaiulia\/wp-content\/uploads\/2017\/03\/YB2.jpg'><img decoding=\"async\" width=\"150\" height=\"113\" src=\"data:image\/png;base64,iVBORw0KGgoAAAANSUhEUgAAAYYAAADcAQMAAABOLJSDAAAAA1BMVEUAAACnej3aAAAAAXRSTlMAQObYZgAAACJJREFUaIHtwTEBAAAAwqD1T20ND6AAAAAAAAAAAAAA4N8AKvgAAUFIrrEAAAAASUVORK5CYII=\" class=\"attachment-thumbnail size-thumbnail lazy-img\" alt=\"\" srcset=\"https:\/\/urbeamea.ro\/albaiulia\/wp-content\/uploads\/2017\/03\/YB2-150x113.jpg 150w, https:\/\/urbeamea.ro\/albaiulia\/wp-content\/uploads\/2017\/03\/YB2-640x480.jpg 640w, https:\/\/urbeamea.ro\/albaiulia\/wp-content\/uploads\/2017\/03\/YB2-768x576.jpg 768w, https:\/\/urbeamea.ro\/albaiulia\/wp-content\/uploads\/2017\/03\/YB2.jpg 1280w\" sizes=\"auto, (max-width: 150px) 100vw, 150px\" data-src=\"https:\/\/urbeamea.ro\/albaiulia\/wp-content\/uploads\/2017\/03\/YB2-150x113.jpg\" loading=\"lazy\" \/><\/a>\n\t\t\t<\/div><\/figure><figure class='gallery-item'>\n\t\t\t<div class='gallery-icon landscape'>\n\t\t\t\t<a href='https:\/\/urbeamea.ro\/albaiulia\/wp-content\/uploads\/2017\/03\/YB3.jpg'><img decoding=\"async\" width=\"150\" height=\"113\" src=\"data:image\/png;base64,iVBORw0KGgoAAAANSUhEUgAAAYYAAADcAQMAAABOLJSDAAAAA1BMVEUAAACnej3aAAAAAXRSTlMAQObYZgAAACJJREFUaIHtwTEBAAAAwqD1T20ND6AAAAAAAAAAAAAA4N8AKvgAAUFIrrEAAAAASUVORK5CYII=\" class=\"attachment-thumbnail size-thumbnail lazy-img\" alt=\"\" srcset=\"https:\/\/urbeamea.ro\/albaiulia\/wp-content\/uploads\/2017\/03\/YB3-150x113.jpg 150w, https:\/\/urbeamea.ro\/albaiulia\/wp-content\/uploads\/2017\/03\/YB3-640x480.jpg 640w, https:\/\/urbeamea.ro\/albaiulia\/wp-content\/uploads\/2017\/03\/YB3-768x576.jpg 768w, https:\/\/urbeamea.ro\/albaiulia\/wp-content\/uploads\/2017\/03\/YB3.jpg 1280w\" sizes=\"auto, (max-width: 150px) 100vw, 150px\" data-src=\"https:\/\/urbeamea.ro\/albaiulia\/wp-content\/uploads\/2017\/03\/YB3-150x113.jpg\" loading=\"lazy\" \/><\/a>\n\t\t\t<\/div><\/figure>\n\t\t<\/div>\n\n<p>&nbsp;<\/p>\n","protected":false},"excerpt":{"rendered":"<p>Funda\u021bia Comunitar\u0103 Alba a lansat cel de-al optulea concurs de finan\u021bare, din Fondul YouthBank, a proiectelor de implicare \u00een comunitate a adolescen\u021bilor. Astfel, p\u00e2n\u0103 la 27 martie 2017, funda\u021bia pune la dispozi\u021bia liceenilor care studiaz\u0103 \u00een Alba Iulia un fond \u00een valoare de 20.000 lei, care va fi folosit pentru a finan\u021ba proiecte ini\u021biate \u0219i &hellip;<\/p>\n","protected":false},"author":17,"featured_media":41247,"comment_status":"open","ping_status":"open","sticky":false,"template":"","format":"standard","meta":{"inline_featured_image":false,"footnotes":""},"categories":[2034],"tags":[307,492,3470,10278,883,346,625,308,76,3060,1967],"class_list":["post-41243","post","type-post","status-publish","format-standard","has-post-thumbnail","hentry","category-social","tag-alba","tag-concurs","tag-fundatia-comunitara-alba","tag-implicare","tag-liceeni","tag-program","tag-proiecte","tag-stiri","tag-urbea-mea","tag-voluntari","tag-youthbank"],"yoast_head":"<!-- This site is optimized with the Yoast SEO plugin v27.4 - https:\/\/yoast.com\/product\/yoast-seo-wordpress\/ -->\n<title>Liceenii din Alba Iulia sunt a\u015ftepta\u0163i s\u0103 aplice pentru cel de-al optulea concurs de finan\u021bare, din Fondul YouthBank. \u00censcrierile, p\u00e2n\u0103 \u00een 27 martie - Revista Urbea Mea - Revista de Alba<\/title>\n<meta name=\"description\" content=\"Funda\u021bia Comunitar\u0103 Alba a lansat cel de-al optulea concurs de finan\u021bare, din Fondul YouthBank, a proiectelor de implicare \u00een comunitate a adolescen\u021bilor.\" \/>\n<meta name=\"robots\" content=\"index, follow, max-snippet:-1, max-image-preview:large, max-video-preview:-1\" \/>\n<link rel=\"canonical\" href=\"https:\/\/urbeamea.ro\/albaiulia\/liceenii-din-alba-iulia-sunt-asteptati-sa-aplice-pentru-cel-de-al-optulea-concurs-de-finantare-din-fondul-youthbank-inscrierile-pana-in-27-martie\/\" \/>\n<meta name=\"twitter:card\" content=\"summary_large_image\" \/>\n<meta name=\"twitter:title\" content=\"Liceenii din Alba Iulia sunt a\u015ftepta\u0163i s\u0103 aplice pentru cel de-al optulea concurs de finan\u021bare, din Fondul YouthBank. \u00censcrierile, p\u00e2n\u0103 \u00een 27 martie - Revista Urbea Mea - Revista de Alba\" \/>\n<meta name=\"twitter:description\" content=\"Funda\u021bia Comunitar\u0103 Alba a lansat cel de-al optulea concurs de finan\u021bare, din Fondul YouthBank, a proiectelor de implicare \u00een comunitate a adolescen\u021bilor.\" \/>\n<meta name=\"twitter:image\" content=\"https:\/\/urbeamea.ro\/albaiulia\/wp-content\/uploads\/2017\/03\/m-online-Afis-campanie-finantare-YB-Alba-2017.jpg\" \/>\n<meta name=\"twitter:creator\" content=\"@urbeameaweb\" \/>\n<meta name=\"twitter:site\" content=\"@urbeameaweb\" \/>\n<script type=\"application\/ld+json\" class=\"yoast-schema-graph\">{\"@context\":\"https:\\\/\\\/schema.org\",\"@graph\":[{\"@type\":\"Article\",\"@id\":\"https:\\\/\\\/urbeamea.ro\\\/albaiulia\\\/liceenii-din-alba-iulia-sunt-asteptati-sa-aplice-pentru-cel-de-al-optulea-concurs-de-finantare-din-fondul-youthbank-inscrierile-pana-in-27-martie\\\/#article\",\"isPartOf\":{\"@id\":\"https:\\\/\\\/urbeamea.ro\\\/albaiulia\\\/liceenii-din-alba-iulia-sunt-asteptati-sa-aplice-pentru-cel-de-al-optulea-concurs-de-finantare-din-fondul-youthbank-inscrierile-pana-in-27-martie\\\/\"},\"author\":{\"name\":\"Cristina Ganga\",\"@id\":\"https:\\\/\\\/urbeamea.ro\\\/albaiulia\\\/#\\\/schema\\\/person\\\/9700d21fae21c4f038b0b56f4506264a\"},\"headline\":\"Liceenii din Alba Iulia sunt a\u015ftepta\u0163i s\u0103 aplice pentru cel de-al optulea concurs de finan\u021bare, din Fondul YouthBank. \u00censcrierile, p\u00e2n\u0103 \u00een 27 martie\",\"datePublished\":\"2017-03-10T09:29:11+00:00\",\"mainEntityOfPage\":{\"@id\":\"https:\\\/\\\/urbeamea.ro\\\/albaiulia\\\/liceenii-din-alba-iulia-sunt-asteptati-sa-aplice-pentru-cel-de-al-optulea-concurs-de-finantare-din-fondul-youthbank-inscrierile-pana-in-27-martie\\\/\"},\"wordCount\":814,\"commentCount\":0,\"image\":{\"@id\":\"https:\\\/\\\/urbeamea.ro\\\/albaiulia\\\/liceenii-din-alba-iulia-sunt-asteptati-sa-aplice-pentru-cel-de-al-optulea-concurs-de-finantare-din-fondul-youthbank-inscrierile-pana-in-27-martie\\\/#primaryimage\"},\"thumbnailUrl\":\"https:\\\/\\\/urbeamea.ro\\\/albaiulia\\\/wp-content\\\/uploads\\\/2017\\\/03\\\/m-online-Afis-campanie-finantare-YB-Alba-2017.jpg\",\"keywords\":[\"alba\",\"concurs\",\"fundatia comunitara alba\",\"implicare\",\"liceeni\",\"program\",\"proiecte\",\"stiri\",\"Urbea Mea\",\"voluntari\",\"youthbank\"],\"articleSection\":[\"Social\"],\"inLanguage\":\"ro-RO\",\"potentialAction\":[{\"@type\":\"CommentAction\",\"name\":\"Comment\",\"target\":[\"https:\\\/\\\/urbeamea.ro\\\/albaiulia\\\/liceenii-din-alba-iulia-sunt-asteptati-sa-aplice-pentru-cel-de-al-optulea-concurs-de-finantare-din-fondul-youthbank-inscrierile-pana-in-27-martie\\\/#respond\"]}]},{\"@type\":\"WebPage\",\"@id\":\"https:\\\/\\\/urbeamea.ro\\\/albaiulia\\\/liceenii-din-alba-iulia-sunt-asteptati-sa-aplice-pentru-cel-de-al-optulea-concurs-de-finantare-din-fondul-youthbank-inscrierile-pana-in-27-martie\\\/\",\"url\":\"https:\\\/\\\/urbeamea.ro\\\/albaiulia\\\/liceenii-din-alba-iulia-sunt-asteptati-sa-aplice-pentru-cel-de-al-optulea-concurs-de-finantare-din-fondul-youthbank-inscrierile-pana-in-27-martie\\\/\",\"name\":\"Liceenii din Alba Iulia sunt a\u015ftepta\u0163i s\u0103 aplice pentru cel de-al optulea concurs de finan\u021bare, din Fondul YouthBank. \u00censcrierile, p\u00e2n\u0103 \u00een 27 martie - Revista Urbea Mea - Revista de Alba\",\"isPartOf\":{\"@id\":\"https:\\\/\\\/urbeamea.ro\\\/albaiulia\\\/#website\"},\"primaryImageOfPage\":{\"@id\":\"https:\\\/\\\/urbeamea.ro\\\/albaiulia\\\/liceenii-din-alba-iulia-sunt-asteptati-sa-aplice-pentru-cel-de-al-optulea-concurs-de-finantare-din-fondul-youthbank-inscrierile-pana-in-27-martie\\\/#primaryimage\"},\"image\":{\"@id\":\"https:\\\/\\\/urbeamea.ro\\\/albaiulia\\\/liceenii-din-alba-iulia-sunt-asteptati-sa-aplice-pentru-cel-de-al-optulea-concurs-de-finantare-din-fondul-youthbank-inscrierile-pana-in-27-martie\\\/#primaryimage\"},\"thumbnailUrl\":\"https:\\\/\\\/urbeamea.ro\\\/albaiulia\\\/wp-content\\\/uploads\\\/2017\\\/03\\\/m-online-Afis-campanie-finantare-YB-Alba-2017.jpg\",\"datePublished\":\"2017-03-10T09:29:11+00:00\",\"author\":{\"@id\":\"https:\\\/\\\/urbeamea.ro\\\/albaiulia\\\/#\\\/schema\\\/person\\\/9700d21fae21c4f038b0b56f4506264a\"},\"description\":\"Funda\u021bia Comunitar\u0103 Alba a lansat cel de-al optulea concurs de finan\u021bare, din Fondul YouthBank, a proiectelor de implicare \u00een comunitate a adolescen\u021bilor.\",\"breadcrumb\":{\"@id\":\"https:\\\/\\\/urbeamea.ro\\\/albaiulia\\\/liceenii-din-alba-iulia-sunt-asteptati-sa-aplice-pentru-cel-de-al-optulea-concurs-de-finantare-din-fondul-youthbank-inscrierile-pana-in-27-martie\\\/#breadcrumb\"},\"inLanguage\":\"ro-RO\",\"potentialAction\":[{\"@type\":\"ReadAction\",\"target\":[\"https:\\\/\\\/urbeamea.ro\\\/albaiulia\\\/liceenii-din-alba-iulia-sunt-asteptati-sa-aplice-pentru-cel-de-al-optulea-concurs-de-finantare-din-fondul-youthbank-inscrierile-pana-in-27-martie\\\/\"]}]},{\"@type\":\"ImageObject\",\"inLanguage\":\"ro-RO\",\"@id\":\"https:\\\/\\\/urbeamea.ro\\\/albaiulia\\\/liceenii-din-alba-iulia-sunt-asteptati-sa-aplice-pentru-cel-de-al-optulea-concurs-de-finantare-din-fondul-youthbank-inscrierile-pana-in-27-martie\\\/#primaryimage\",\"url\":\"https:\\\/\\\/urbeamea.ro\\\/albaiulia\\\/wp-content\\\/uploads\\\/2017\\\/03\\\/m-online-Afis-campanie-finantare-YB-Alba-2017.jpg\",\"contentUrl\":\"https:\\\/\\\/urbeamea.ro\\\/albaiulia\\\/wp-content\\\/uploads\\\/2017\\\/03\\\/m-online-Afis-campanie-finantare-YB-Alba-2017.jpg\",\"width\":880,\"height\":1280},{\"@type\":\"BreadcrumbList\",\"@id\":\"https:\\\/\\\/urbeamea.ro\\\/albaiulia\\\/liceenii-din-alba-iulia-sunt-asteptati-sa-aplice-pentru-cel-de-al-optulea-concurs-de-finantare-din-fondul-youthbank-inscrierile-pana-in-27-martie\\\/#breadcrumb\",\"itemListElement\":[{\"@type\":\"ListItem\",\"position\":1,\"name\":\"Prima pagin\u0103\",\"item\":\"https:\\\/\\\/urbeamea.ro\\\/albaiulia\\\/\"},{\"@type\":\"ListItem\",\"position\":2,\"name\":\"Liceenii din Alba Iulia sunt a\u015ftepta\u0163i s\u0103 aplice pentru cel de-al optulea concurs de finan\u021bare, din Fondul YouthBank. \u00censcrierile, p\u00e2n\u0103 \u00een 27 martie\"}]},{\"@type\":\"WebSite\",\"@id\":\"https:\\\/\\\/urbeamea.ro\\\/albaiulia\\\/#website\",\"url\":\"https:\\\/\\\/urbeamea.ro\\\/albaiulia\\\/\",\"name\":\"Revista Urbea Mea, Stiri urbane\",\"description\":\"Evenimente \u0219i \u0219tiri din Alba Iulia, Sebe\u0219, Aiud, Blaj\",\"potentialAction\":[{\"@type\":\"SearchAction\",\"target\":{\"@type\":\"EntryPoint\",\"urlTemplate\":\"https:\\\/\\\/urbeamea.ro\\\/albaiulia\\\/?s={search_term_string}\"},\"query-input\":{\"@type\":\"PropertyValueSpecification\",\"valueRequired\":true,\"valueName\":\"search_term_string\"}}],\"inLanguage\":\"ro-RO\"},{\"@type\":\"Person\",\"@id\":\"https:\\\/\\\/urbeamea.ro\\\/albaiulia\\\/#\\\/schema\\\/person\\\/9700d21fae21c4f038b0b56f4506264a\",\"name\":\"Cristina Ganga\",\"image\":{\"@type\":\"ImageObject\",\"inLanguage\":\"ro-RO\",\"@id\":\"https:\\\/\\\/secure.gravatar.com\\\/avatar\\\/5a67661041f057b4a8ccaf26f5a8e86e2689372006d01faf3dd9eeb10b654bb4?s=96&d=mm&r=g\",\"url\":\"https:\\\/\\\/secure.gravatar.com\\\/avatar\\\/5a67661041f057b4a8ccaf26f5a8e86e2689372006d01faf3dd9eeb10b654bb4?s=96&d=mm&r=g\",\"contentUrl\":\"https:\\\/\\\/secure.gravatar.com\\\/avatar\\\/5a67661041f057b4a8ccaf26f5a8e86e2689372006d01faf3dd9eeb10b654bb4?s=96&d=mm&r=g\",\"caption\":\"Cristina Ganga\"},\"description\":\"Jurnalist\",\"sameAs\":[\"https:\\\/\\\/www.facebook.com\\\/cristina.nicola.587\"],\"url\":\"https:\\\/\\\/urbeamea.ro\\\/albaiulia\\\/author\\\/cristina-nicola\\\/\"}]}<\/script>\n<!-- \/ Yoast SEO plugin. -->","yoast_head_json":{"title":"Liceenii din Alba Iulia sunt a\u015ftepta\u0163i s\u0103 aplice pentru cel de-al optulea concurs de finan\u021bare, din Fondul YouthBank. \u00censcrierile, p\u00e2n\u0103 \u00een 27 martie - Revista Urbea Mea - Revista de Alba","description":"Funda\u021bia Comunitar\u0103 Alba a lansat cel de-al optulea concurs de finan\u021bare, din Fondul YouthBank, a proiectelor de implicare \u00een comunitate a adolescen\u021bilor.","robots":{"index":"index","follow":"follow","max-snippet":"max-snippet:-1","max-image-preview":"max-image-preview:large","max-video-preview":"max-video-preview:-1"},"canonical":"https:\/\/urbeamea.ro\/albaiulia\/liceenii-din-alba-iulia-sunt-asteptati-sa-aplice-pentru-cel-de-al-optulea-concurs-de-finantare-din-fondul-youthbank-inscrierile-pana-in-27-martie\/","twitter_card":"summary_large_image","twitter_title":"Liceenii din Alba Iulia sunt a\u015ftepta\u0163i s\u0103 aplice pentru cel de-al optulea concurs de finan\u021bare, din Fondul YouthBank. \u00censcrierile, p\u00e2n\u0103 \u00een 27 martie - Revista Urbea Mea - Revista de Alba","twitter_description":"Funda\u021bia Comunitar\u0103 Alba a lansat cel de-al optulea concurs de finan\u021bare, din Fondul YouthBank, a proiectelor de implicare \u00een comunitate a adolescen\u021bilor.","twitter_image":"https:\/\/urbeamea.ro\/albaiulia\/wp-content\/uploads\/2017\/03\/m-online-Afis-campanie-finantare-YB-Alba-2017.jpg","twitter_creator":"@urbeameaweb","twitter_site":"@urbeameaweb","schema":{"@context":"https:\/\/schema.org","@graph":[{"@type":"Article","@id":"https:\/\/urbeamea.ro\/albaiulia\/liceenii-din-alba-iulia-sunt-asteptati-sa-aplice-pentru-cel-de-al-optulea-concurs-de-finantare-din-fondul-youthbank-inscrierile-pana-in-27-martie\/#article","isPartOf":{"@id":"https:\/\/urbeamea.ro\/albaiulia\/liceenii-din-alba-iulia-sunt-asteptati-sa-aplice-pentru-cel-de-al-optulea-concurs-de-finantare-din-fondul-youthbank-inscrierile-pana-in-27-martie\/"},"author":{"name":"Cristina Ganga","@id":"https:\/\/urbeamea.ro\/albaiulia\/#\/schema\/person\/9700d21fae21c4f038b0b56f4506264a"},"headline":"Liceenii din Alba Iulia sunt a\u015ftepta\u0163i s\u0103 aplice pentru cel de-al optulea concurs de finan\u021bare, din Fondul YouthBank. \u00censcrierile, p\u00e2n\u0103 \u00een 27 martie","datePublished":"2017-03-10T09:29:11+00:00","mainEntityOfPage":{"@id":"https:\/\/urbeamea.ro\/albaiulia\/liceenii-din-alba-iulia-sunt-asteptati-sa-aplice-pentru-cel-de-al-optulea-concurs-de-finantare-din-fondul-youthbank-inscrierile-pana-in-27-martie\/"},"wordCount":814,"commentCount":0,"image":{"@id":"https:\/\/urbeamea.ro\/albaiulia\/liceenii-din-alba-iulia-sunt-asteptati-sa-aplice-pentru-cel-de-al-optulea-concurs-de-finantare-din-fondul-youthbank-inscrierile-pana-in-27-martie\/#primaryimage"},"thumbnailUrl":"https:\/\/urbeamea.ro\/albaiulia\/wp-content\/uploads\/2017\/03\/m-online-Afis-campanie-finantare-YB-Alba-2017.jpg","keywords":["alba","concurs","fundatia comunitara alba","implicare","liceeni","program","proiecte","stiri","Urbea Mea","voluntari","youthbank"],"articleSection":["Social"],"inLanguage":"ro-RO","potentialAction":[{"@type":"CommentAction","name":"Comment","target":["https:\/\/urbeamea.ro\/albaiulia\/liceenii-din-alba-iulia-sunt-asteptati-sa-aplice-pentru-cel-de-al-optulea-concurs-de-finantare-din-fondul-youthbank-inscrierile-pana-in-27-martie\/#respond"]}]},{"@type":"WebPage","@id":"https:\/\/urbeamea.ro\/albaiulia\/liceenii-din-alba-iulia-sunt-asteptati-sa-aplice-pentru-cel-de-al-optulea-concurs-de-finantare-din-fondul-youthbank-inscrierile-pana-in-27-martie\/","url":"https:\/\/urbeamea.ro\/albaiulia\/liceenii-din-alba-iulia-sunt-asteptati-sa-aplice-pentru-cel-de-al-optulea-concurs-de-finantare-din-fondul-youthbank-inscrierile-pana-in-27-martie\/","name":"Liceenii din Alba Iulia sunt a\u015ftepta\u0163i s\u0103 aplice pentru cel de-al optulea concurs de finan\u021bare, din Fondul YouthBank. \u00censcrierile, p\u00e2n\u0103 \u00een 27 martie - Revista Urbea Mea - Revista de Alba","isPartOf":{"@id":"https:\/\/urbeamea.ro\/albaiulia\/#website"},"primaryImageOfPage":{"@id":"https:\/\/urbeamea.ro\/albaiulia\/liceenii-din-alba-iulia-sunt-asteptati-sa-aplice-pentru-cel-de-al-optulea-concurs-de-finantare-din-fondul-youthbank-inscrierile-pana-in-27-martie\/#primaryimage"},"image":{"@id":"https:\/\/urbeamea.ro\/albaiulia\/liceenii-din-alba-iulia-sunt-asteptati-sa-aplice-pentru-cel-de-al-optulea-concurs-de-finantare-din-fondul-youthbank-inscrierile-pana-in-27-martie\/#primaryimage"},"thumbnailUrl":"https:\/\/urbeamea.ro\/albaiulia\/wp-content\/uploads\/2017\/03\/m-online-Afis-campanie-finantare-YB-Alba-2017.jpg","datePublished":"2017-03-10T09:29:11+00:00","author":{"@id":"https:\/\/urbeamea.ro\/albaiulia\/#\/schema\/person\/9700d21fae21c4f038b0b56f4506264a"},"description":"Funda\u021bia Comunitar\u0103 Alba a lansat cel de-al optulea concurs de finan\u021bare, din Fondul YouthBank, a proiectelor de implicare \u00een comunitate a adolescen\u021bilor.","breadcrumb":{"@id":"https:\/\/urbeamea.ro\/albaiulia\/liceenii-din-alba-iulia-sunt-asteptati-sa-aplice-pentru-cel-de-al-optulea-concurs-de-finantare-din-fondul-youthbank-inscrierile-pana-in-27-martie\/#breadcrumb"},"inLanguage":"ro-RO","potentialAction":[{"@type":"ReadAction","target":["https:\/\/urbeamea.ro\/albaiulia\/liceenii-din-alba-iulia-sunt-asteptati-sa-aplice-pentru-cel-de-al-optulea-concurs-de-finantare-din-fondul-youthbank-inscrierile-pana-in-27-martie\/"]}]},{"@type":"ImageObject","inLanguage":"ro-RO","@id":"https:\/\/urbeamea.ro\/albaiulia\/liceenii-din-alba-iulia-sunt-asteptati-sa-aplice-pentru-cel-de-al-optulea-concurs-de-finantare-din-fondul-youthbank-inscrierile-pana-in-27-martie\/#primaryimage","url":"https:\/\/urbeamea.ro\/albaiulia\/wp-content\/uploads\/2017\/03\/m-online-Afis-campanie-finantare-YB-Alba-2017.jpg","contentUrl":"https:\/\/urbeamea.ro\/albaiulia\/wp-content\/uploads\/2017\/03\/m-online-Afis-campanie-finantare-YB-Alba-2017.jpg","width":880,"height":1280},{"@type":"BreadcrumbList","@id":"https:\/\/urbeamea.ro\/albaiulia\/liceenii-din-alba-iulia-sunt-asteptati-sa-aplice-pentru-cel-de-al-optulea-concurs-de-finantare-din-fondul-youthbank-inscrierile-pana-in-27-martie\/#breadcrumb","itemListElement":[{"@type":"ListItem","position":1,"name":"Prima pagin\u0103","item":"https:\/\/urbeamea.ro\/albaiulia\/"},{"@type":"ListItem","position":2,"name":"Liceenii din Alba Iulia sunt a\u015ftepta\u0163i s\u0103 aplice pentru cel de-al optulea concurs de finan\u021bare, din Fondul YouthBank. \u00censcrierile, p\u00e2n\u0103 \u00een 27 martie"}]},{"@type":"WebSite","@id":"https:\/\/urbeamea.ro\/albaiulia\/#website","url":"https:\/\/urbeamea.ro\/albaiulia\/","name":"Revista Urbea Mea, Stiri urbane","description":"Evenimente \u0219i \u0219tiri din Alba Iulia, Sebe\u0219, Aiud, Blaj","potentialAction":[{"@type":"SearchAction","target":{"@type":"EntryPoint","urlTemplate":"https:\/\/urbeamea.ro\/albaiulia\/?s={search_term_string}"},"query-input":{"@type":"PropertyValueSpecification","valueRequired":true,"valueName":"search_term_string"}}],"inLanguage":"ro-RO"},{"@type":"Person","@id":"https:\/\/urbeamea.ro\/albaiulia\/#\/schema\/person\/9700d21fae21c4f038b0b56f4506264a","name":"Cristina Ganga","image":{"@type":"ImageObject","inLanguage":"ro-RO","@id":"https:\/\/secure.gravatar.com\/avatar\/5a67661041f057b4a8ccaf26f5a8e86e2689372006d01faf3dd9eeb10b654bb4?s=96&d=mm&r=g","url":"https:\/\/secure.gravatar.com\/avatar\/5a67661041f057b4a8ccaf26f5a8e86e2689372006d01faf3dd9eeb10b654bb4?s=96&d=mm&r=g","contentUrl":"https:\/\/secure.gravatar.com\/avatar\/5a67661041f057b4a8ccaf26f5a8e86e2689372006d01faf3dd9eeb10b654bb4?s=96&d=mm&r=g","caption":"Cristina Ganga"},"description":"Jurnalist","sameAs":["https:\/\/www.facebook.com\/cristina.nicola.587"],"url":"https:\/\/urbeamea.ro\/albaiulia\/author\/cristina-nicola\/"}]}},"_links":{"self":[{"href":"https:\/\/urbeamea.ro\/albaiulia\/wp-json\/wp\/v2\/posts\/41243","targetHints":{"allow":["GET"]}}],"collection":[{"href":"https:\/\/urbeamea.ro\/albaiulia\/wp-json\/wp\/v2\/posts"}],"about":[{"href":"https:\/\/urbeamea.ro\/albaiulia\/wp-json\/wp\/v2\/types\/post"}],"author":[{"embeddable":true,"href":"https:\/\/urbeamea.ro\/albaiulia\/wp-json\/wp\/v2\/users\/17"}],"replies":[{"embeddable":true,"href":"https:\/\/urbeamea.ro\/albaiulia\/wp-json\/wp\/v2\/comments?post=41243"}],"version-history":[{"count":0,"href":"https:\/\/urbeamea.ro\/albaiulia\/wp-json\/wp\/v2\/posts\/41243\/revisions"}],"wp:featuredmedia":[{"embeddable":true,"href":"https:\/\/urbeamea.ro\/albaiulia\/wp-json\/wp\/v2\/media\/41247"}],"wp:attachment":[{"href":"https:\/\/urbeamea.ro\/albaiulia\/wp-json\/wp\/v2\/media?parent=41243"}],"wp:term":[{"taxonomy":"category","embeddable":true,"href":"https:\/\/urbeamea.ro\/albaiulia\/wp-json\/wp\/v2\/categories?post=41243"},{"taxonomy":"post_tag","embeddable":true,"href":"https:\/\/urbeamea.ro\/albaiulia\/wp-json\/wp\/v2\/tags?post=41243"}],"curies":[{"name":"wp","href":"https:\/\/api.w.org\/{rel}","templated":true}]}}