{"id":41264,"date":"2017-03-10T13:42:04","date_gmt":"2017-03-10T11:42:04","guid":{"rendered":"http:\/\/urbeamea.ro\/albaiulia\/?p=41264"},"modified":"2017-03-10T13:42:04","modified_gmt":"2017-03-10T11:42:04","slug":"tineri-din-cugir-au-fost-retinuti-dupa-ce-au-furat-telefoane-mobile-dintr-un-magazin-din-oras","status":"publish","type":"post","link":"https:\/\/urbeamea.ro\/albaiulia\/tineri-din-cugir-au-fost-retinuti-dupa-ce-au-furat-telefoane-mobile-dintr-un-magazin-din-oras\/","title":{"rendered":"Tineri din Cugir au fost re\u0163inu\u0163i dup\u0103 ce au furat telefoane mobile dintr-un magazin din ora\u015f"},"content":{"rendered":"<p lang=\"ro-RO\" align=\"JUSTIFY\"><strong>Patru tineri din Cugir, printre care \u0219i un minor, sunt cerceta\u021bi de poli\u021bi\u0219ti pentru furt. Ace\u0219tia au sustras telefoane mobile dintr-un magazin specializat din localitate. Doi dintre tineri au fost re\u021binu\u021bi pentru 24 de ore, iar un al treilea este deja \u00eencarcerat \u00een penitenciar, pentru <span lang=\"ro-RO\">executarea unei pedepse privative de libertate.<\/span><\/strong><\/p>\n<p lang=\"ro-RO\" align=\"JUSTIFY\">Poli\u0163i\u015ftii din Cugir au identificat persoanele b\u0103nuite de comiterea unui furt dintr-un magazin specializat \u00een comercializarea telefoanelor mobile. O parte din prejudiciu a fost recuperat, iar fa\u0163\u0103 de dou\u0103 dintre persoanele b\u0103nuite de comiterea faptei, a fost luat\u0103 m\u0103sura re\u0163inerii, pentru o perioad\u0103 de 24 de ore.<\/p>\n<p lang=\"ro-RO\" align=\"JUSTIFY\">La data de 9 martie, poli\u0163i\u015ftii de investiga\u021bii criminale din cadrul Poli\u0163iei Ora\u015fului Cugir i-au identificat pe 4 tineri din ora\u015f, ca persoane b\u0103nuite de comiterea unui furt de telefoane mobile, cu un prejudiciu estimat la suma de 24.000 lei.<\/p>\n<p align=\"JUSTIFY\"><span lang=\"ro-RO\">\u00cen sarcina lui B.R.G, de 28 de ani, B.A., de 35 , A.N., de 30 de ani \u015fi a unui minor de 15 ani, to\u0163i din Cugir, s-a re\u0163inut faptul c\u0103, <\/span><span lang=\"ro-RO\">\u00een noaptea de 17\/18 noiembrie 2016, au p\u0103truns, prin efrac\u0163ie, \u00eentr-un magazin specializat \u00een comercializarea telefoanelor mobile din Cugir \u015fi au sustras telefoane \u00een valoare de 24.000 de lei. <\/span><\/p>\n<p lang=\"ro-RO\" align=\"JUSTIFY\">\u00cen urma investiga\u0163iilor efectuate, poli\u0163i\u015ftii au reu\u015fit s\u0103 recupereze 13 telefoane, \u00een valoare de 10.000 de lei.<\/p>\n<p lang=\"ro-RO\" align=\"JUSTIFY\">Fa\u0163\u0103 de B.R.G. \u015fi B.A. a fost luat\u0103 m\u0103sura re\u0163inerii, pentru o perioad\u0103 de 24 de ore, urm\u00e2nd ca \u00een cursul zilei de vineri, 10 martie, s\u0103 fie prezenta\u021bi Parchetului de pe l\u00e2ng\u0103 Judec\u0103toria Alba Iulia, pentru dispunerea m\u0103surilor legale.<\/p>\n<p align=\"JUSTIFY\"><span lang=\"ro-RO\">A.N. este \u00eencarcerat \u00een penitenciar, pentru executarea unei pedepse privative de libertate, iar \u00een leg\u0103tur\u0103 cu minorul, cercet\u0103rile sunt continuate cu acesta \u00een stare de libertate. <\/span><\/p>\n","protected":false},"excerpt":{"rendered":"<p>Patru tineri din Cugir, printre care \u0219i un minor, sunt cerceta\u021bi de poli\u021bi\u0219ti pentru furt. Ace\u0219tia au sustras telefoane mobile dintr-un magazin specializat din localitate. Doi dintre tineri au fost re\u021binu\u021bi pentru 24 de ore, iar un al treilea este deja \u00eencarcerat \u00een penitenciar, pentru executarea unei pedepse privative de libertate. Poli\u0163i\u015ftii din Cugir au &hellip;<\/p>\n","protected":false},"author":17,"featured_media":39767,"comment_status":"open","ping_status":"open","sticky":false,"template":"","format":"standard","meta":{"inline_featured_image":false,"footnotes":""},"categories":[2034],"tags":[307,1424,2465,3088,458,308,6385,336,76],"class_list":["post-41264","post","type-post","status-publish","format-standard","has-post-thumbnail","hentry","category-social","tag-alba","tag-cugir","tag-furt","tag-minor","tag-politisti","tag-stiri","tag-telefoane-mobile","tag-tineri","tag-urbea-mea"],"yoast_head":"<!-- This site is optimized with the Yoast SEO plugin v28.3 - https:\/\/yoast.com\/product\/yoast-seo-wordpress\/ -->\n<title>Tineri din Cugir au fost re\u0163inu\u0163i dup\u0103 ce au furat telefoane mobile dintr-un magazin din ora\u015f - Revista Urbea Mea - Revista de Alba<\/title>\n<meta name=\"description\" content=\"Patru tineri din Cugir, printre care \u0219i un minor, sunt cerceta\u021bi de poli\u021bi\u0219ti pentru furt. Ace\u0219tia au sustras telefoane mobile dintr-un magazin\" \/>\n<meta name=\"robots\" content=\"index, follow, max-snippet:-1, max-image-preview:large, max-video-preview:-1\" \/>\n<link rel=\"canonical\" href=\"https:\/\/urbeamea.ro\/albaiulia\/tineri-din-cugir-au-fost-retinuti-dupa-ce-au-furat-telefoane-mobile-dintr-un-magazin-din-oras\/\" \/>\n<meta name=\"twitter:card\" content=\"summary_large_image\" \/>\n<meta name=\"twitter:title\" content=\"Tineri din Cugir au fost re\u0163inu\u0163i dup\u0103 ce au furat telefoane mobile dintr-un magazin din ora\u015f - Revista Urbea Mea - Revista de Alba\" \/>\n<meta name=\"twitter:description\" content=\"Patru tineri din Cugir, printre care \u0219i un minor, sunt cerceta\u021bi de poli\u021bi\u0219ti pentru furt. Ace\u0219tia au sustras telefoane mobile dintr-un magazin\" \/>\n<meta name=\"twitter:image\" content=\"https:\/\/urbeamea.ro\/albaiulia\/wp-content\/uploads\/2017\/02\/arestat.jpg\" \/>\n<meta name=\"twitter:creator\" content=\"@urbeameaweb\" \/>\n<meta name=\"twitter:site\" content=\"@urbeameaweb\" \/>\n<script type=\"application\/ld+json\" class=\"yoast-schema-graph\">{\"@context\":\"https:\\\/\\\/schema.org\",\"@graph\":[{\"@type\":\"Article\",\"@id\":\"https:\\\/\\\/urbeamea.ro\\\/albaiulia\\\/tineri-din-cugir-au-fost-retinuti-dupa-ce-au-furat-telefoane-mobile-dintr-un-magazin-din-oras\\\/#article\",\"isPartOf\":{\"@id\":\"https:\\\/\\\/urbeamea.ro\\\/albaiulia\\\/tineri-din-cugir-au-fost-retinuti-dupa-ce-au-furat-telefoane-mobile-dintr-un-magazin-din-oras\\\/\"},\"author\":{\"name\":\"Cristina Ganga\",\"@id\":\"https:\\\/\\\/urbeamea.ro\\\/albaiulia\\\/#\\\/schema\\\/person\\\/9700d21fae21c4f038b0b56f4506264a\"},\"headline\":\"Tineri din Cugir au fost re\u0163inu\u0163i dup\u0103 ce au furat telefoane mobile dintr-un magazin din ora\u015f\",\"datePublished\":\"2017-03-10T11:42:04+00:00\",\"mainEntityOfPage\":{\"@id\":\"https:\\\/\\\/urbeamea.ro\\\/albaiulia\\\/tineri-din-cugir-au-fost-retinuti-dupa-ce-au-furat-telefoane-mobile-dintr-un-magazin-din-oras\\\/\"},\"wordCount\":325,\"commentCount\":0,\"image\":{\"@id\":\"https:\\\/\\\/urbeamea.ro\\\/albaiulia\\\/tineri-din-cugir-au-fost-retinuti-dupa-ce-au-furat-telefoane-mobile-dintr-un-magazin-din-oras\\\/#primaryimage\"},\"thumbnailUrl\":\"https:\\\/\\\/urbeamea.ro\\\/albaiulia\\\/wp-content\\\/uploads\\\/2017\\\/02\\\/arestat.jpg\",\"keywords\":[\"alba\",\"cugir\",\"furt\",\"minor\",\"politisti\",\"stiri\",\"telefoane mobile\",\"tineri\",\"Urbea Mea\"],\"articleSection\":[\"Social\"],\"inLanguage\":\"ro-RO\",\"potentialAction\":[{\"@type\":\"CommentAction\",\"name\":\"Comment\",\"target\":[\"https:\\\/\\\/urbeamea.ro\\\/albaiulia\\\/tineri-din-cugir-au-fost-retinuti-dupa-ce-au-furat-telefoane-mobile-dintr-un-magazin-din-oras\\\/#respond\"]}]},{\"@type\":\"WebPage\",\"@id\":\"https:\\\/\\\/urbeamea.ro\\\/albaiulia\\\/tineri-din-cugir-au-fost-retinuti-dupa-ce-au-furat-telefoane-mobile-dintr-un-magazin-din-oras\\\/\",\"url\":\"https:\\\/\\\/urbeamea.ro\\\/albaiulia\\\/tineri-din-cugir-au-fost-retinuti-dupa-ce-au-furat-telefoane-mobile-dintr-un-magazin-din-oras\\\/\",\"name\":\"Tineri din Cugir au fost re\u0163inu\u0163i dup\u0103 ce au furat telefoane mobile dintr-un magazin din ora\u015f - Revista Urbea Mea - Revista de Alba\",\"isPartOf\":{\"@id\":\"https:\\\/\\\/urbeamea.ro\\\/albaiulia\\\/#website\"},\"primaryImageOfPage\":{\"@id\":\"https:\\\/\\\/urbeamea.ro\\\/albaiulia\\\/tineri-din-cugir-au-fost-retinuti-dupa-ce-au-furat-telefoane-mobile-dintr-un-magazin-din-oras\\\/#primaryimage\"},\"image\":{\"@id\":\"https:\\\/\\\/urbeamea.ro\\\/albaiulia\\\/tineri-din-cugir-au-fost-retinuti-dupa-ce-au-furat-telefoane-mobile-dintr-un-magazin-din-oras\\\/#primaryimage\"},\"thumbnailUrl\":\"https:\\\/\\\/urbeamea.ro\\\/albaiulia\\\/wp-content\\\/uploads\\\/2017\\\/02\\\/arestat.jpg\",\"datePublished\":\"2017-03-10T11:42:04+00:00\",\"author\":{\"@id\":\"https:\\\/\\\/urbeamea.ro\\\/albaiulia\\\/#\\\/schema\\\/person\\\/9700d21fae21c4f038b0b56f4506264a\"},\"description\":\"Patru tineri din Cugir, printre care \u0219i un minor, sunt cerceta\u021bi de poli\u021bi\u0219ti pentru furt. Ace\u0219tia au sustras telefoane mobile dintr-un magazin\",\"breadcrumb\":{\"@id\":\"https:\\\/\\\/urbeamea.ro\\\/albaiulia\\\/tineri-din-cugir-au-fost-retinuti-dupa-ce-au-furat-telefoane-mobile-dintr-un-magazin-din-oras\\\/#breadcrumb\"},\"inLanguage\":\"ro-RO\",\"potentialAction\":[{\"@type\":\"ReadAction\",\"target\":[\"https:\\\/\\\/urbeamea.ro\\\/albaiulia\\\/tineri-din-cugir-au-fost-retinuti-dupa-ce-au-furat-telefoane-mobile-dintr-un-magazin-din-oras\\\/\"]}]},{\"@type\":\"ImageObject\",\"inLanguage\":\"ro-RO\",\"@id\":\"https:\\\/\\\/urbeamea.ro\\\/albaiulia\\\/tineri-din-cugir-au-fost-retinuti-dupa-ce-au-furat-telefoane-mobile-dintr-un-magazin-din-oras\\\/#primaryimage\",\"url\":\"https:\\\/\\\/urbeamea.ro\\\/albaiulia\\\/wp-content\\\/uploads\\\/2017\\\/02\\\/arestat.jpg\",\"contentUrl\":\"https:\\\/\\\/urbeamea.ro\\\/albaiulia\\\/wp-content\\\/uploads\\\/2017\\\/02\\\/arestat.jpg\",\"width\":1200,\"height\":782},{\"@type\":\"BreadcrumbList\",\"@id\":\"https:\\\/\\\/urbeamea.ro\\\/albaiulia\\\/tineri-din-cugir-au-fost-retinuti-dupa-ce-au-furat-telefoane-mobile-dintr-un-magazin-din-oras\\\/#breadcrumb\",\"itemListElement\":[{\"@type\":\"ListItem\",\"position\":1,\"name\":\"Prima pagin\u0103\",\"item\":\"https:\\\/\\\/urbeamea.ro\\\/albaiulia\\\/\"},{\"@type\":\"ListItem\",\"position\":2,\"name\":\"Tineri din Cugir au fost re\u0163inu\u0163i dup\u0103 ce au furat telefoane mobile dintr-un magazin din ora\u015f\"}]},{\"@type\":\"WebSite\",\"@id\":\"https:\\\/\\\/urbeamea.ro\\\/albaiulia\\\/#website\",\"url\":\"https:\\\/\\\/urbeamea.ro\\\/albaiulia\\\/\",\"name\":\"Revista Urbea Mea, Stiri urbane\",\"description\":\"Evenimente \u0219i \u0219tiri din Alba Iulia, Sebe\u0219, Aiud, Blaj\",\"potentialAction\":[{\"@type\":\"SearchAction\",\"target\":{\"@type\":\"EntryPoint\",\"urlTemplate\":\"https:\\\/\\\/urbeamea.ro\\\/albaiulia\\\/?s={search_term_string}\"},\"query-input\":{\"@type\":\"PropertyValueSpecification\",\"valueRequired\":true,\"valueName\":\"search_term_string\"}}],\"inLanguage\":\"ro-RO\"},{\"@type\":\"Person\",\"@id\":\"https:\\\/\\\/urbeamea.ro\\\/albaiulia\\\/#\\\/schema\\\/person\\\/9700d21fae21c4f038b0b56f4506264a\",\"name\":\"Cristina Ganga\",\"image\":{\"@type\":\"ImageObject\",\"inLanguage\":\"ro-RO\",\"@id\":\"https:\\\/\\\/secure.gravatar.com\\\/avatar\\\/5a67661041f057b4a8ccaf26f5a8e86e2689372006d01faf3dd9eeb10b654bb4?s=96&d=mm&r=g\",\"url\":\"https:\\\/\\\/secure.gravatar.com\\\/avatar\\\/5a67661041f057b4a8ccaf26f5a8e86e2689372006d01faf3dd9eeb10b654bb4?s=96&d=mm&r=g\",\"contentUrl\":\"https:\\\/\\\/secure.gravatar.com\\\/avatar\\\/5a67661041f057b4a8ccaf26f5a8e86e2689372006d01faf3dd9eeb10b654bb4?s=96&d=mm&r=g\",\"caption\":\"Cristina Ganga\"},\"description\":\"Jurnalist\",\"sameAs\":[\"https:\\\/\\\/www.facebook.com\\\/cristina.nicola.587\"],\"url\":\"https:\\\/\\\/urbeamea.ro\\\/albaiulia\\\/author\\\/cristina-nicola\\\/\"}]}<\/script>\n<!-- \/ Yoast SEO plugin. -->","yoast_head_json":{"title":"Tineri din Cugir au fost re\u0163inu\u0163i dup\u0103 ce au furat telefoane mobile dintr-un magazin din ora\u015f - Revista Urbea Mea - Revista de Alba","description":"Patru tineri din Cugir, printre care \u0219i un minor, sunt cerceta\u021bi de poli\u021bi\u0219ti pentru furt. Ace\u0219tia au sustras telefoane mobile dintr-un magazin","robots":{"index":"index","follow":"follow","max-snippet":"max-snippet:-1","max-image-preview":"max-image-preview:large","max-video-preview":"max-video-preview:-1"},"canonical":"https:\/\/urbeamea.ro\/albaiulia\/tineri-din-cugir-au-fost-retinuti-dupa-ce-au-furat-telefoane-mobile-dintr-un-magazin-din-oras\/","twitter_card":"summary_large_image","twitter_title":"Tineri din Cugir au fost re\u0163inu\u0163i dup\u0103 ce au furat telefoane mobile dintr-un magazin din ora\u015f - Revista Urbea Mea - Revista de Alba","twitter_description":"Patru tineri din Cugir, printre care \u0219i un minor, sunt cerceta\u021bi de poli\u021bi\u0219ti pentru furt. Ace\u0219tia au sustras telefoane mobile dintr-un magazin","twitter_image":"https:\/\/urbeamea.ro\/albaiulia\/wp-content\/uploads\/2017\/02\/arestat.jpg","twitter_creator":"@urbeameaweb","twitter_site":"@urbeameaweb","schema":{"@context":"https:\/\/schema.org","@graph":[{"@type":"Article","@id":"https:\/\/urbeamea.ro\/albaiulia\/tineri-din-cugir-au-fost-retinuti-dupa-ce-au-furat-telefoane-mobile-dintr-un-magazin-din-oras\/#article","isPartOf":{"@id":"https:\/\/urbeamea.ro\/albaiulia\/tineri-din-cugir-au-fost-retinuti-dupa-ce-au-furat-telefoane-mobile-dintr-un-magazin-din-oras\/"},"author":{"name":"Cristina Ganga","@id":"https:\/\/urbeamea.ro\/albaiulia\/#\/schema\/person\/9700d21fae21c4f038b0b56f4506264a"},"headline":"Tineri din Cugir au fost re\u0163inu\u0163i dup\u0103 ce au furat telefoane mobile dintr-un magazin din ora\u015f","datePublished":"2017-03-10T11:42:04+00:00","mainEntityOfPage":{"@id":"https:\/\/urbeamea.ro\/albaiulia\/tineri-din-cugir-au-fost-retinuti-dupa-ce-au-furat-telefoane-mobile-dintr-un-magazin-din-oras\/"},"wordCount":325,"commentCount":0,"image":{"@id":"https:\/\/urbeamea.ro\/albaiulia\/tineri-din-cugir-au-fost-retinuti-dupa-ce-au-furat-telefoane-mobile-dintr-un-magazin-din-oras\/#primaryimage"},"thumbnailUrl":"https:\/\/urbeamea.ro\/albaiulia\/wp-content\/uploads\/2017\/02\/arestat.jpg","keywords":["alba","cugir","furt","minor","politisti","stiri","telefoane mobile","tineri","Urbea Mea"],"articleSection":["Social"],"inLanguage":"ro-RO","potentialAction":[{"@type":"CommentAction","name":"Comment","target":["https:\/\/urbeamea.ro\/albaiulia\/tineri-din-cugir-au-fost-retinuti-dupa-ce-au-furat-telefoane-mobile-dintr-un-magazin-din-oras\/#respond"]}]},{"@type":"WebPage","@id":"https:\/\/urbeamea.ro\/albaiulia\/tineri-din-cugir-au-fost-retinuti-dupa-ce-au-furat-telefoane-mobile-dintr-un-magazin-din-oras\/","url":"https:\/\/urbeamea.ro\/albaiulia\/tineri-din-cugir-au-fost-retinuti-dupa-ce-au-furat-telefoane-mobile-dintr-un-magazin-din-oras\/","name":"Tineri din Cugir au fost re\u0163inu\u0163i dup\u0103 ce au furat telefoane mobile dintr-un magazin din ora\u015f - Revista Urbea Mea - Revista de Alba","isPartOf":{"@id":"https:\/\/urbeamea.ro\/albaiulia\/#website"},"primaryImageOfPage":{"@id":"https:\/\/urbeamea.ro\/albaiulia\/tineri-din-cugir-au-fost-retinuti-dupa-ce-au-furat-telefoane-mobile-dintr-un-magazin-din-oras\/#primaryimage"},"image":{"@id":"https:\/\/urbeamea.ro\/albaiulia\/tineri-din-cugir-au-fost-retinuti-dupa-ce-au-furat-telefoane-mobile-dintr-un-magazin-din-oras\/#primaryimage"},"thumbnailUrl":"https:\/\/urbeamea.ro\/albaiulia\/wp-content\/uploads\/2017\/02\/arestat.jpg","datePublished":"2017-03-10T11:42:04+00:00","author":{"@id":"https:\/\/urbeamea.ro\/albaiulia\/#\/schema\/person\/9700d21fae21c4f038b0b56f4506264a"},"description":"Patru tineri din Cugir, printre care \u0219i un minor, sunt cerceta\u021bi de poli\u021bi\u0219ti pentru furt. Ace\u0219tia au sustras telefoane mobile dintr-un magazin","breadcrumb":{"@id":"https:\/\/urbeamea.ro\/albaiulia\/tineri-din-cugir-au-fost-retinuti-dupa-ce-au-furat-telefoane-mobile-dintr-un-magazin-din-oras\/#breadcrumb"},"inLanguage":"ro-RO","potentialAction":[{"@type":"ReadAction","target":["https:\/\/urbeamea.ro\/albaiulia\/tineri-din-cugir-au-fost-retinuti-dupa-ce-au-furat-telefoane-mobile-dintr-un-magazin-din-oras\/"]}]},{"@type":"ImageObject","inLanguage":"ro-RO","@id":"https:\/\/urbeamea.ro\/albaiulia\/tineri-din-cugir-au-fost-retinuti-dupa-ce-au-furat-telefoane-mobile-dintr-un-magazin-din-oras\/#primaryimage","url":"https:\/\/urbeamea.ro\/albaiulia\/wp-content\/uploads\/2017\/02\/arestat.jpg","contentUrl":"https:\/\/urbeamea.ro\/albaiulia\/wp-content\/uploads\/2017\/02\/arestat.jpg","width":1200,"height":782},{"@type":"BreadcrumbList","@id":"https:\/\/urbeamea.ro\/albaiulia\/tineri-din-cugir-au-fost-retinuti-dupa-ce-au-furat-telefoane-mobile-dintr-un-magazin-din-oras\/#breadcrumb","itemListElement":[{"@type":"ListItem","position":1,"name":"Prima pagin\u0103","item":"https:\/\/urbeamea.ro\/albaiulia\/"},{"@type":"ListItem","position":2,"name":"Tineri din Cugir au fost re\u0163inu\u0163i dup\u0103 ce au furat telefoane mobile dintr-un magazin din ora\u015f"}]},{"@type":"WebSite","@id":"https:\/\/urbeamea.ro\/albaiulia\/#website","url":"https:\/\/urbeamea.ro\/albaiulia\/","name":"Revista Urbea Mea, Stiri urbane","description":"Evenimente \u0219i \u0219tiri din Alba Iulia, Sebe\u0219, Aiud, Blaj","potentialAction":[{"@type":"SearchAction","target":{"@type":"EntryPoint","urlTemplate":"https:\/\/urbeamea.ro\/albaiulia\/?s={search_term_string}"},"query-input":{"@type":"PropertyValueSpecification","valueRequired":true,"valueName":"search_term_string"}}],"inLanguage":"ro-RO"},{"@type":"Person","@id":"https:\/\/urbeamea.ro\/albaiulia\/#\/schema\/person\/9700d21fae21c4f038b0b56f4506264a","name":"Cristina Ganga","image":{"@type":"ImageObject","inLanguage":"ro-RO","@id":"https:\/\/secure.gravatar.com\/avatar\/5a67661041f057b4a8ccaf26f5a8e86e2689372006d01faf3dd9eeb10b654bb4?s=96&d=mm&r=g","url":"https:\/\/secure.gravatar.com\/avatar\/5a67661041f057b4a8ccaf26f5a8e86e2689372006d01faf3dd9eeb10b654bb4?s=96&d=mm&r=g","contentUrl":"https:\/\/secure.gravatar.com\/avatar\/5a67661041f057b4a8ccaf26f5a8e86e2689372006d01faf3dd9eeb10b654bb4?s=96&d=mm&r=g","caption":"Cristina Ganga"},"description":"Jurnalist","sameAs":["https:\/\/www.facebook.com\/cristina.nicola.587"],"url":"https:\/\/urbeamea.ro\/albaiulia\/author\/cristina-nicola\/"}]}},"_links":{"self":[{"href":"https:\/\/urbeamea.ro\/albaiulia\/wp-json\/wp\/v2\/posts\/41264","targetHints":{"allow":["GET"]}}],"collection":[{"href":"https:\/\/urbeamea.ro\/albaiulia\/wp-json\/wp\/v2\/posts"}],"about":[{"href":"https:\/\/urbeamea.ro\/albaiulia\/wp-json\/wp\/v2\/types\/post"}],"author":[{"embeddable":true,"href":"https:\/\/urbeamea.ro\/albaiulia\/wp-json\/wp\/v2\/users\/17"}],"replies":[{"embeddable":true,"href":"https:\/\/urbeamea.ro\/albaiulia\/wp-json\/wp\/v2\/comments?post=41264"}],"version-history":[{"count":0,"href":"https:\/\/urbeamea.ro\/albaiulia\/wp-json\/wp\/v2\/posts\/41264\/revisions"}],"wp:featuredmedia":[{"embeddable":true,"href":"https:\/\/urbeamea.ro\/albaiulia\/wp-json\/wp\/v2\/media\/39767"}],"wp:attachment":[{"href":"https:\/\/urbeamea.ro\/albaiulia\/wp-json\/wp\/v2\/media?parent=41264"}],"wp:term":[{"taxonomy":"category","embeddable":true,"href":"https:\/\/urbeamea.ro\/albaiulia\/wp-json\/wp\/v2\/categories?post=41264"},{"taxonomy":"post_tag","embeddable":true,"href":"https:\/\/urbeamea.ro\/albaiulia\/wp-json\/wp\/v2\/tags?post=41264"}],"curies":[{"name":"wp","href":"https:\/\/api.w.org\/{rel}","templated":true}]}}