{"id":41275,"date":"2017-03-10T16:07:58","date_gmt":"2017-03-10T14:07:58","guid":{"rendered":"http:\/\/urbeamea.ro\/albaiulia\/?p=41275"},"modified":"2017-03-10T16:07:58","modified_gmt":"2017-03-10T14:07:58","slug":"joi-sedinta-la-consiliul-judetean-alba-46-de-proiecte-pe-ordinea-de-zi","status":"publish","type":"post","link":"https:\/\/urbeamea.ro\/albaiulia\/joi-sedinta-la-consiliul-judetean-alba-46-de-proiecte-pe-ordinea-de-zi\/","title":{"rendered":"JOI: \u015eedin\u0163\u0103 la Consiliul Jude\u0163ean Alba. 46 de proiecte pe ordinea de zi"},"content":{"rendered":"<p><strong>Consilierii jude\u0163eni se reunesc joi, 16 martie, \u00eencep\u00e2nd cu ora 11.00. \u00een \u015fedin\u0163\u0103 ordinar\u0103, cu 46 de proiecte pe ordinea de zi. Printre acestea, vor avea de aprobat, \u00eenfiin\u0163area serviciului public Salvaspeo \u2013 interven\u0163ii de salvare \u00een pe\u015fteri, actualizarea programului de transport public jude\u0163ean de persoane, atribuirea licen\u0163ei pentru opt trasee de transport, zona Sebe\u015f, colaborare cu I\u015eJ Alba pentru organizarea campionatelor jude\u0163ene de baschet, volei \u015fi fotbal, dar \u015fi altele.<br \/>\n<\/strong><\/p>\n<p><strong>Ordinea de zi<\/strong><\/p>\n<p>1. Proiect de hot\u0103r\u00e2re cu privire la constatarea \u00eencet\u0103rii calit\u0103\u021bii de membru \u00een Colegiul Director al Direc\u0163iei Generale de Asisten\u0163\u0103 Social\u0103 \u015fi Protec\u0163ia Copilului Alba a consilierului jude\u021bean U\u021biu Ioan<\/p>\n<p>2. Proiect de hot\u0103r\u00e2re cu privire la constatarea \u00eencet\u0103rii calit\u0103\u021bii de membru \u00een Autoritatea Teritorial\u0103 de Ordine Public\u0103 a Jude\u021bului Alba a consilierului jude\u021bean Fene\u0219er Gheorghe<\/p>\n<p>3. Proiect de hot\u0103r\u00e2re cu privire la constatarea \u00eencet\u0103rii calit\u0103\u021bii de membru \u00een comisiile de specialitate ale Consiliului Jude\u021bean Alba ale consilierilor jude\u021beni Fene\u0219er Gheorghe \u0219i U\u021biu Ioan<\/p>\n<p>4. Proiect de hot\u0103r\u00e2re privind neexercitarea dreptului de preem\u0163iune asupra imobilelor terenuri \u2013 monumente istorice situate administrativ \u00een comuna Ro\u015fia Montan\u0103, sat \u0162arina, jude\u0163ul Alba<\/p>\n<p>5. Proiect de hot\u0103r\u00e2re privind aprobarea transmiterii f\u0103r\u0103 plat\u0103 a unor bunuri mobile achizi\u021bionate prin Programul Alba Urban 2011 \u2013 componenta Parcuri de fitness \u00een aer liber, din patrimoniul Jude\u021bului Alba \u00een patrimoniul Municipiului Blaj<\/p>\n<p>6. Proiect de hot\u0103r\u00e2re privind aprobarea transmiterii f\u0103r\u0103 plat\u0103 a unor bunuri mobile achizi\u021bionate prin Programul Alba Urban 2011 \u2013 componenta Parcuri de fitness \u00een aer liber, din patrimoniul Jude\u021bului Alba \u00een patrimoniul Ora\u015fului Cugir<\/p>\n<p>7. Proiect de hot\u0103r\u00e2re privind aprobarea transmiterii f\u0103r\u0103 plat\u0103 a unor bunuri mobile achizi\u021bionate prin Programul Alba Urban 2011 \u2013 componenta Parcuri de fitness \u00een aer liber, din patrimoniul Jude\u021bului Alba \u00een patrimoniul Ora\u015fului Zlatna<\/p>\n<p>8. Proiect de hot\u0103r\u00e2re privind aprobarea transmiterii f\u0103r\u0103 plat\u0103 a unor bunuri mobile achizi\u021bionate prin Programul Alba Urban 2011 \u2013 componenta Parcuri de fitness \u00een aer liber, din patrimoniul Jude\u021bului Alba \u00een patrimoniul Municipiului Aiud<\/p>\n<p>9. Proiect de hot\u0103r\u00e2re privind aprobarea transmiterii f\u0103r\u0103 plat\u0103 a unor bunuri mobile achizi\u021bionate prin Programul Alba Urban 2011 \u2013 componenta Parcuri de fitness \u00een aer liber, din patrimoniul Jude\u021bului Alba \u00een patrimoniul Ora\u015fului Ocna Mure\u015f<\/p>\n<p>10. Proiect de hot\u0103r\u00e2re privind aprobarea transmiterii f\u0103r\u0103 plat\u0103 a unor bunuri mobile achizi\u021bionate prin Programul Alba Urban 2011 \u2013 componenta Parcuri de fitness \u00een aer liber, din patrimoniul Jude\u021bului Alba \u00een patrimoniul Ora\u015fului Teiu\u015f<\/p>\n<p>11. Proiect de hot\u0103r\u00e2re cu privire la aprobarea modific\u0103rii lungimii \u0219i traseului drumului jude\u0163ean DJ 107G: DJ 107D (Uioara de Sus) \u2013 No\u015flac \u2013 C\u0103pt\u0103lan \u2013 Copand \u2013 St\u00e2na de Mure\u015f \u2013 G\u0103bud \u2013 limita Jude\u021bul Mure\u015f<\/p>\n<p>12. Proiect de hot\u0103r\u00e2re cu privire la aprobarea modific\u0103rii Organigramei \u015fi a Statului de func\u0163ii ale Spitalului Jude\u0163ean de Urgen\u0163\u0103 Alba Iulia<\/p>\n<p>13. Proiect de hot\u0103r\u00e2re cu privire la aprobarea modific\u0103rii Organigramei \u015fi a Statului de func\u0163ii ale Spitalului de Pneumoftiziologie Aiud<\/p>\n<p>14. Proiect de hot\u0103r\u00e2re cu privire la aprobarea modific\u0103rii structurii organizatorice a Societ\u0103\u021bii \u201eDrumuri \u015fi Poduri Locale Alba\u201d S.A.<\/p>\n<p>15. Proiect de hot\u0103r\u00e2re cu privire la aprobarea \u00eenfiin\u021b\u0103rii Serviciului Public Jude\u021bean Salvamont \u2013 Salvaspeo Alba<\/p>\n<p>16. Proiect de hot\u0103r\u00e2re privind aprobarea modific\u0103rii Organigramei, Statului de func\u021bii \u015fi Regulamentului de organizare \u015fi func\u0163ionare ale aparatului de specialitate al Consiliului Jude\u0163ean Alba<\/p>\n<p>17. Proiect de hot\u0103r\u00e2re cu privire la aprobarea liniilor de gard\u0103 la nivelul Spitalului Jude\u0163ean de Urgen\u0163\u0103 Alba Iulia<\/p>\n<p>18. Proiect de hot\u0103r\u00e2re cu privire la propunerea candidatului pentru func\u021bia de membru al Consiliului de Administra\u021bie al Societ\u0103\u0163ii \u201eParcul Industrial Cugir\u201c SA<\/p>\n<p>19. Proiect de hot\u0103r\u00e2re privind actualizarea Programului de transport public jude\u0163ean de persoane prin curse regulate pentru perioada 2008-2013, \u00een Jude\u0163ul Alba, prelungit succesiv prin Hot\u0103r\u00e2rile Consiliului Jude\u021bean Alba nr. 230\/2013, nr. 105\/2014, nr. 184\/2014, nr. 61\/2015, nr. 111\/2015, nr. 155\/2015, nr. 216\/2015, nr. 59\/2016, nr. 61\/2016, nr. 115\/2016 \u0219i nr. 241\/2016<\/p>\n<p>20. Proiect de hot\u0103r\u00e2re privind aprobarea atribuirii unei licen\u0163e de traseu pentru efectuarea serviciului de transport public jude\u0163ean de persoane prin curse regulate speciale, pe traseul \u0218ugag \u2013 Sebe\u0219, operatorului de transport rutier SC Minitrans SRL<\/p>\n<p>21. Proiect de hot\u0103r\u00e2re privind aprobarea atribuirii unei licen\u0163e de traseu pentru efectuarea serviciului de transport public jude\u0163ean de persoane prin curse regulate speciale, pe traseul Cugir \u2013 Sebe\u0219, operatorului de transport rutier SC Minitrans SRL<\/p>\n<p>22. Proiect de hot\u0103r\u00e2re privind aprobarea atribuirii unei licen\u0163e de traseu pentru efectuarea serviciului de transport public jude\u0163ean de persoane prin curse regulate speciale, pe traseul S\u0103li\u0219tea \u2013 Sebe\u0219, operatorului de transport rutier SC Minitrans SRL<\/p>\n<p>23. Proiect de hot\u0103r\u00e2re privind aprobarea atribuirii unei licen\u0163e de traseu pentru efectuarea serviciului de transport public jude\u0163ean de persoane prin curse regulate speciale, pe traseul Pianu de Sus \u2013 Sebe\u0219, operatorului de transport rutier SC Minitrans SRL<\/p>\n<p>24. Proiect de hot\u0103r\u00e2re privind aprobarea atribuirii unei licen\u0163e de traseu pentru efectuarea serviciului de transport public jude\u0163ean de persoane prin curse regulate speciale, pe traseul Alba Iulia \u2013 Sebe\u0219, operatorului de transport rutier SC Minitrans SRL<\/p>\n<p>25. Proiect de hot\u0103r\u00e2re privind aprobarea atribuirii unei licen\u0163e de traseu pentru efectuarea serviciului de transport public jude\u0163ean de persoane prin curse regulate speciale, pe traseul G\u00eerbova \u2013 Sebe\u0219, operatorului de transport rutier SC Minitrans SRL<\/p>\n<p>26. Proiect de hot\u0103r\u00e2re privind aprobarea atribuirii unei licen\u0163e de traseu pentru efectuarea serviciului de transport public jude\u0163ean de persoane prin curse regulate speciale, pe traseul \u0218pring \u2013 Sebe\u0219, operatorului de transport rutier SC Minitrans SRL<\/p>\n<p>27. Proiect de hot\u0103r\u00e2re privind aprobarea atribuirii unei licen\u0163e de traseu pentru efectuarea serviciului de transport public jude\u0163ean de persoane prin curse regulate speciale, pe traseul Daia Rom\u00e2n\u0103 \u2013 Sebe\u0219, operatorului de transport rutier SC Minitrans SRL<\/p>\n<p>28. Proiect de hot\u0103r\u00e2re privind aprobarea sus\u0163inerii activit\u0103\u0163ilor Agen\u0163iei Locale a Energiei Alba \u2013 ALEA, \u00eenfiin\u0163at\u0103 potrivit Contractului de grant EIE\/ TYPE2\/ 07\/211\/ SI2.469828<\/p>\n<p>29. Proiect de hot\u0103r\u00e2re privind aprobarea \u00eencheierii Protocolului de colaborare \u00eentre Jude\u021bul Alba prin Consiliul Jude\u021bean Alba \u0219i Agen\u021bia Na\u021bional\u0103 Antidrog, \u00een vederea organiz\u0103rii activit\u0103\u021bilor din cadrul proiectului \u201eEduca\u021bie antidrog\u201d<\/p>\n<p>30. Proiect de hot\u0103r\u00e2re privind aprobarea \u00eencheierii Protocolului de colaborare \u00eentre Jude\u021bul Alba prin Consiliul Jude\u021bean Alba \u0219i Inspectoratul de Poli\u021bie Jude\u021bean Alba, \u00een vederea organiz\u0103rii activit\u0103\u021bilor din cadrul Proiectului \u201eEduca\u021bie rutier\u0103\u201d<\/p>\n<p>31. Proiect de hot\u0103r\u00e2re privind aprobarea \u00eencheierii Protocolului de colaborare \u00eentre Jude\u021bul Alba prin Consiliul Jude\u021bean Alba \u0219i Inspectoratul pentru Situa\u021bii de Urgen\u021b\u0103 \u201eUnirea\u201d al Jude\u021bului Alba, \u00een vederea organiz\u0103rii activit\u0103\u021bilor din cadrul Proiectului \u201ePrietenii pompierilor\u201d<\/p>\n<p>32. Proiect de hot\u0103r\u00e2re privind aprobarea \u00eencheierii Protocolului de colaborare \u00eentre Jude\u021bul Alba prin Consiliul Jude\u021bean Alba \u0219i Filiala de Cruce Ro\u0219ie a Jude\u021bului Alba, \u00een vederea organiz\u0103rii activit\u0103\u021bilor din cadrul proiectului \u201eEduca\u021bie sanitar\u0103\u201d<\/p>\n<p>33. Proiect de hot\u0103r\u00e2re privind aprobarea \u00eencheierii Protocolului de colaborare \u00eentre Jude\u021bul Alba prin Consiliul Jude\u021bean Alba \u0219i Inspectoratul \u015ecolar Jude\u0163ean Alba, \u00een vederea organiz\u0103rii activit\u0103\u021bilor din cadrul Proiectelor \u201eCampionatul jude\u021bean de baschet\u201d (liceu b\u0103ie\u0163i \u015fi fete), \u201eCampionatul jude\u021bean de volei\u201d (liceu b\u0103ie\u0163i \u015fi fete) \u015fi \u201eCupa \u0219colilor \u0219i liceelor la fotbal\u201d (primar b\u0103ie\u0163i \u015fi fete; liceu b\u0103ie\u0163i \u015fi fete)<\/p>\n<p>34. Proiect de hot\u0103r\u00e2re privind aprobarea \u00eencheierii Protocolului de colaborare \u00eentre Jude\u021bul Alba prin Consiliul Jude\u021bean Alba \u0219i Agen\u0163ia Na\u0163ional\u0103 \u00cempotriva Traficului de Persoane, \u00een vederea organiz\u0103rii activit\u0103\u0163ilor \u00een cadrul Proiectului \u201eEduca\u021bie pentru prevenirea traficului de persoane\u201d<\/p>\n<p>35. Proiect de hot\u0103r\u00e2re privind aprobarea Acordului de cooperare pentru aplicarea proiectului de interes public jude\u0163ean \u201eCre\u015fterea eficien\u021bei interven\u021biilor la situa\u021bii de urgen\u021b\u0103 \u00een Jude\u0163ul Alba\u201d, \u00eencheiat \u00eentre Jude\u021bul Alba prin Consiliul Jude\u021bean Alba \u0219i Inspectoratul pentru Situa\u021bii de Urgen\u021b\u0103 \u201eUnirea\u201d al Jude\u021bului Alba<\/p>\n<p>36. Proiect de hot\u0103r\u00e2re pentru aprobarea Acordului de cooperare \u00eentre Jude\u0163ul Alba prin Consiliul Jude\u0163ean Alba \u015fi Comuna Daia Rom\u00e2n\u0103 prin Consiliul local al comunei Daia Rom\u00e2n\u0103, pentru implementarea Proiectului \u201eRealizarea unor puncte de acces liber la internet \u00een loca\u0163ii publice din comunele jude\u0163ului\u201d<\/p>\n<p>37. Proiect de hot\u0103r\u00e2re cu privire la aprobarea Acordului de cooperare cu Inspectoratul de Jandarmi Jude\u0163ean \u00abAvram Iancu\u00bb Alba pentru implementarea Proiectului \u201eCre\u0219terea mobilit\u0103\u021bii Deta\u0219amentului I Jandarmi Mobil din structura Inspectoratului de Jandarmi Jude\u021bean Alba\u201d<\/p>\n<p>38. Proiect de hot\u0103r\u00e2re privind completarea anexei nr. 9 a Hot\u0103r\u00e2rii Consiliului Jude\u0163ean Alba nr. 245\/23 decembrie 2016 privind stabilirea de taxe locale \u015fi tarife datorate bugetului general al Jude\u0163ului Alba, \u00een anul 2017<\/p>\n<p>39. Proiect de hot\u0103r\u00e2re cu privire la aprobarea Bugetului de venituri \u015fi cheltuieli al Societ\u0103\u0163ii \u201eParcul Industrial Cugir\u201c SA pentru anul 2017<\/p>\n<p>40. Proiect de hot\u0103r\u00e2re cu privire la aprobarea Bugetului de venituri \u015fi cheltuieli al Societ\u0103\u0163ii \u201eDrumuri \u015fi Poduri Locale Alba\u201c SA pentru anul 2017<\/p>\n<p>41. Proiect de hot\u0103r\u00e2re privind aprobarea conturilor de execu\u0163ie ale bugetului local al Jude\u0163ului Alba, bugetului creditelor interne, bugetului fondurilor externe nerambursabile \u015fi bugetelor institu\u0163iilor publice \u015fi activit\u0103\u0163ilor finan\u0163ate integral sau par\u0163ial din venituri proprii, pe anul 2016<\/p>\n<p>42. Proiect de hot\u0103r\u00e2re cu privire la aprobarea repartiz\u0103rii pe unit\u0103\u0163i administrativ \u2013 teritoriale din Jude\u0163ul Alba a cotelor \u0219i sumelor defalcate din unele venituri ale bugetului de stat, precum \u0219i pentru repartizarea sumelor defalcate din taxa pe valoarea ad\u0103ugata pentru drumuri jude\u0163ene \u0219i comunale, pe anul 2017<\/p>\n<p>43. Proiect de hot\u0103r\u00e2re privind aprobarea bugetului general al Jude\u0163ului Alba, bugetului local al Jude\u0163ului Alba, bugetului creditelor interne, a bugetului fondurilor externe nerambursabile \u015fi a bugetelor institu\u0163iilor publice \u015fi activit\u0103\u0163ilor finan\u0163ate integral sau par\u0163ial din venituri proprii pe anul 2017<\/p>\n<p>44. Proiect de hot\u0103r\u00e2re privind constituirea \u015fi utilizarea excedentului bugetului local \u015fi a bugetelor institu\u0163iilor publice \u015fi activit\u0103\u0163ilor finan\u0163ate integral sau par\u0163ial din venituri proprii, \u00een anul 2017<\/p>\n<p>45. Proiect de hot\u0103r\u00e2re cu privire la acordarea de sprijin financiar unor unit\u0103\u0163i de cult din jude\u0163ul Alba, apar\u0163in\u00e2nd cultelor religioase recunoscute din Rom\u00e2nia<\/p>\n<p>46. Proiect de hot\u0103r\u00e2re cu privire la aprobarea achizi\u0163ion\u0103rii de servicii de asisten\u021b\u0103 \u015fi reprezentare juridic\u0103<\/p>\n<p>47. Aprobarea Procesului verbal \u00eencheiat cu ocazia \u0219edin\u021bei ordinare a Consiliului Jude\u021bean Alba din data de 23 februarie 2017<\/p>\n<p>48. Raportul privind situa\u021bia gestion\u0103rii bunurilor care apar\u021bin Jude\u021bului Alba, pe anul 2016<\/p>\n<p>49. \u00centreb\u0103ri, interpel\u0103ri, declara\u0163ii politice.<\/p>\n","protected":false},"excerpt":{"rendered":"<p>Consilierii jude\u0163eni se reunesc joi, 16 martie, \u00eencep\u00e2nd cu ora 11.00. \u00een \u015fedin\u0163\u0103 ordinar\u0103, cu 46 de proiecte pe ordinea de zi. Printre acestea, vor avea de aprobat, \u00eenfiin\u0163area serviciului public Salvaspeo \u2013 interven\u0163ii de salvare \u00een pe\u015fteri, actualizarea programului de transport public jude\u0163ean de persoane, atribuirea licen\u0163ei pentru opt trasee de transport, zona Sebe\u015f, &hellip;<\/p>\n","protected":false},"author":17,"featured_media":17039,"comment_status":"open","ping_status":"open","sticky":false,"template":"","format":"standard","meta":{"inline_featured_image":false,"footnotes":""},"categories":[2035],"tags":[307,3993,2131,950,2132,625,2128,308,76],"class_list":["post-41275","post","type-post","status-publish","format-standard","has-post-thumbnail","hentry","category-administratie","tag-alba","tag-aprobat","tag-consilieri-judeteni","tag-consiliul-judetean","tag-ordinea-de-zi","tag-proiecte","tag-sedinta","tag-stiri","tag-urbea-mea"],"yoast_head":"<!-- This site is optimized with the Yoast SEO plugin v27.4 - https:\/\/yoast.com\/product\/yoast-seo-wordpress\/ -->\n<title>JOI: \u015eedin\u0163\u0103 la Consiliul Jude\u0163ean Alba. 46 de proiecte pe ordinea de zi - Revista Urbea Mea - Revista de Alba<\/title>\n<meta name=\"description\" content=\"Consilierii jude\u0163eni se reunesc joi, 16 martie, \u00eencep\u00e2nd cu ora 11.00. \u00een \u015fedin\u0163\u0103 ordinar\u0103, cu 46 de proiecte pe ordinea de zi. Printre acestea, vor avea\" \/>\n<meta name=\"robots\" content=\"index, follow, max-snippet:-1, max-image-preview:large, max-video-preview:-1\" \/>\n<link rel=\"canonical\" href=\"https:\/\/urbeamea.ro\/albaiulia\/joi-sedinta-la-consiliul-judetean-alba-46-de-proiecte-pe-ordinea-de-zi\/\" \/>\n<meta name=\"twitter:card\" content=\"summary_large_image\" \/>\n<meta name=\"twitter:title\" content=\"JOI: \u015eedin\u0163\u0103 la Consiliul Jude\u0163ean Alba. 46 de proiecte pe ordinea de zi - Revista Urbea Mea - Revista de Alba\" \/>\n<meta name=\"twitter:description\" content=\"Consilierii jude\u0163eni se reunesc joi, 16 martie, \u00eencep\u00e2nd cu ora 11.00. \u00een \u015fedin\u0163\u0103 ordinar\u0103, cu 46 de proiecte pe ordinea de zi. Printre acestea, vor avea\" \/>\n<meta name=\"twitter:image\" content=\"https:\/\/urbeamea.ro\/albaiulia\/wp-content\/uploads\/2016\/01\/consiliul-judetean.jpg\" \/>\n<meta name=\"twitter:creator\" content=\"@urbeameaweb\" \/>\n<meta name=\"twitter:site\" content=\"@urbeameaweb\" \/>\n<script type=\"application\/ld+json\" class=\"yoast-schema-graph\">{\"@context\":\"https:\\\/\\\/schema.org\",\"@graph\":[{\"@type\":\"Article\",\"@id\":\"https:\\\/\\\/urbeamea.ro\\\/albaiulia\\\/joi-sedinta-la-consiliul-judetean-alba-46-de-proiecte-pe-ordinea-de-zi\\\/#article\",\"isPartOf\":{\"@id\":\"https:\\\/\\\/urbeamea.ro\\\/albaiulia\\\/joi-sedinta-la-consiliul-judetean-alba-46-de-proiecte-pe-ordinea-de-zi\\\/\"},\"author\":{\"name\":\"Cristina Ganga\",\"@id\":\"https:\\\/\\\/urbeamea.ro\\\/albaiulia\\\/#\\\/schema\\\/person\\\/9700d21fae21c4f038b0b56f4506264a\"},\"headline\":\"JOI: \u015eedin\u0163\u0103 la Consiliul Jude\u0163ean Alba. 46 de proiecte pe ordinea de zi\",\"datePublished\":\"2017-03-10T14:07:58+00:00\",\"mainEntityOfPage\":{\"@id\":\"https:\\\/\\\/urbeamea.ro\\\/albaiulia\\\/joi-sedinta-la-consiliul-judetean-alba-46-de-proiecte-pe-ordinea-de-zi\\\/\"},\"wordCount\":1823,\"commentCount\":0,\"image\":{\"@id\":\"https:\\\/\\\/urbeamea.ro\\\/albaiulia\\\/joi-sedinta-la-consiliul-judetean-alba-46-de-proiecte-pe-ordinea-de-zi\\\/#primaryimage\"},\"thumbnailUrl\":\"https:\\\/\\\/urbeamea.ro\\\/albaiulia\\\/wp-content\\\/uploads\\\/2016\\\/01\\\/consiliul-judetean.jpg\",\"keywords\":[\"alba\",\"aprobat\",\"consilieri judeteni\",\"consiliul judetean\",\"ordinea de zi\",\"proiecte\",\"sedinta\",\"stiri\",\"Urbea Mea\"],\"articleSection\":[\"Administra\u021bie\"],\"inLanguage\":\"ro-RO\",\"potentialAction\":[{\"@type\":\"CommentAction\",\"name\":\"Comment\",\"target\":[\"https:\\\/\\\/urbeamea.ro\\\/albaiulia\\\/joi-sedinta-la-consiliul-judetean-alba-46-de-proiecte-pe-ordinea-de-zi\\\/#respond\"]}]},{\"@type\":\"WebPage\",\"@id\":\"https:\\\/\\\/urbeamea.ro\\\/albaiulia\\\/joi-sedinta-la-consiliul-judetean-alba-46-de-proiecte-pe-ordinea-de-zi\\\/\",\"url\":\"https:\\\/\\\/urbeamea.ro\\\/albaiulia\\\/joi-sedinta-la-consiliul-judetean-alba-46-de-proiecte-pe-ordinea-de-zi\\\/\",\"name\":\"JOI: \u015eedin\u0163\u0103 la Consiliul Jude\u0163ean Alba. 46 de proiecte pe ordinea de zi - Revista Urbea Mea - Revista de Alba\",\"isPartOf\":{\"@id\":\"https:\\\/\\\/urbeamea.ro\\\/albaiulia\\\/#website\"},\"primaryImageOfPage\":{\"@id\":\"https:\\\/\\\/urbeamea.ro\\\/albaiulia\\\/joi-sedinta-la-consiliul-judetean-alba-46-de-proiecte-pe-ordinea-de-zi\\\/#primaryimage\"},\"image\":{\"@id\":\"https:\\\/\\\/urbeamea.ro\\\/albaiulia\\\/joi-sedinta-la-consiliul-judetean-alba-46-de-proiecte-pe-ordinea-de-zi\\\/#primaryimage\"},\"thumbnailUrl\":\"https:\\\/\\\/urbeamea.ro\\\/albaiulia\\\/wp-content\\\/uploads\\\/2016\\\/01\\\/consiliul-judetean.jpg\",\"datePublished\":\"2017-03-10T14:07:58+00:00\",\"author\":{\"@id\":\"https:\\\/\\\/urbeamea.ro\\\/albaiulia\\\/#\\\/schema\\\/person\\\/9700d21fae21c4f038b0b56f4506264a\"},\"description\":\"Consilierii jude\u0163eni se reunesc joi, 16 martie, \u00eencep\u00e2nd cu ora 11.00. \u00een \u015fedin\u0163\u0103 ordinar\u0103, cu 46 de proiecte pe ordinea de zi. Printre acestea, vor avea\",\"breadcrumb\":{\"@id\":\"https:\\\/\\\/urbeamea.ro\\\/albaiulia\\\/joi-sedinta-la-consiliul-judetean-alba-46-de-proiecte-pe-ordinea-de-zi\\\/#breadcrumb\"},\"inLanguage\":\"ro-RO\",\"potentialAction\":[{\"@type\":\"ReadAction\",\"target\":[\"https:\\\/\\\/urbeamea.ro\\\/albaiulia\\\/joi-sedinta-la-consiliul-judetean-alba-46-de-proiecte-pe-ordinea-de-zi\\\/\"]}]},{\"@type\":\"ImageObject\",\"inLanguage\":\"ro-RO\",\"@id\":\"https:\\\/\\\/urbeamea.ro\\\/albaiulia\\\/joi-sedinta-la-consiliul-judetean-alba-46-de-proiecte-pe-ordinea-de-zi\\\/#primaryimage\",\"url\":\"https:\\\/\\\/urbeamea.ro\\\/albaiulia\\\/wp-content\\\/uploads\\\/2016\\\/01\\\/consiliul-judetean.jpg\",\"contentUrl\":\"https:\\\/\\\/urbeamea.ro\\\/albaiulia\\\/wp-content\\\/uploads\\\/2016\\\/01\\\/consiliul-judetean.jpg\",\"width\":646,\"height\":404},{\"@type\":\"BreadcrumbList\",\"@id\":\"https:\\\/\\\/urbeamea.ro\\\/albaiulia\\\/joi-sedinta-la-consiliul-judetean-alba-46-de-proiecte-pe-ordinea-de-zi\\\/#breadcrumb\",\"itemListElement\":[{\"@type\":\"ListItem\",\"position\":1,\"name\":\"Prima pagin\u0103\",\"item\":\"https:\\\/\\\/urbeamea.ro\\\/albaiulia\\\/\"},{\"@type\":\"ListItem\",\"position\":2,\"name\":\"JOI: \u015eedin\u0163\u0103 la Consiliul Jude\u0163ean Alba. 46 de proiecte pe ordinea de zi\"}]},{\"@type\":\"WebSite\",\"@id\":\"https:\\\/\\\/urbeamea.ro\\\/albaiulia\\\/#website\",\"url\":\"https:\\\/\\\/urbeamea.ro\\\/albaiulia\\\/\",\"name\":\"Revista Urbea Mea, Stiri urbane\",\"description\":\"Evenimente \u0219i \u0219tiri din Alba Iulia, Sebe\u0219, Aiud, Blaj\",\"potentialAction\":[{\"@type\":\"SearchAction\",\"target\":{\"@type\":\"EntryPoint\",\"urlTemplate\":\"https:\\\/\\\/urbeamea.ro\\\/albaiulia\\\/?s={search_term_string}\"},\"query-input\":{\"@type\":\"PropertyValueSpecification\",\"valueRequired\":true,\"valueName\":\"search_term_string\"}}],\"inLanguage\":\"ro-RO\"},{\"@type\":\"Person\",\"@id\":\"https:\\\/\\\/urbeamea.ro\\\/albaiulia\\\/#\\\/schema\\\/person\\\/9700d21fae21c4f038b0b56f4506264a\",\"name\":\"Cristina Ganga\",\"image\":{\"@type\":\"ImageObject\",\"inLanguage\":\"ro-RO\",\"@id\":\"https:\\\/\\\/secure.gravatar.com\\\/avatar\\\/5a67661041f057b4a8ccaf26f5a8e86e2689372006d01faf3dd9eeb10b654bb4?s=96&d=mm&r=g\",\"url\":\"https:\\\/\\\/secure.gravatar.com\\\/avatar\\\/5a67661041f057b4a8ccaf26f5a8e86e2689372006d01faf3dd9eeb10b654bb4?s=96&d=mm&r=g\",\"contentUrl\":\"https:\\\/\\\/secure.gravatar.com\\\/avatar\\\/5a67661041f057b4a8ccaf26f5a8e86e2689372006d01faf3dd9eeb10b654bb4?s=96&d=mm&r=g\",\"caption\":\"Cristina Ganga\"},\"description\":\"Jurnalist\",\"sameAs\":[\"https:\\\/\\\/www.facebook.com\\\/cristina.nicola.587\"],\"url\":\"https:\\\/\\\/urbeamea.ro\\\/albaiulia\\\/author\\\/cristina-nicola\\\/\"}]}<\/script>\n<!-- \/ Yoast SEO plugin. -->","yoast_head_json":{"title":"JOI: \u015eedin\u0163\u0103 la Consiliul Jude\u0163ean Alba. 46 de proiecte pe ordinea de zi - Revista Urbea Mea - Revista de Alba","description":"Consilierii jude\u0163eni se reunesc joi, 16 martie, \u00eencep\u00e2nd cu ora 11.00. \u00een \u015fedin\u0163\u0103 ordinar\u0103, cu 46 de proiecte pe ordinea de zi. Printre acestea, vor avea","robots":{"index":"index","follow":"follow","max-snippet":"max-snippet:-1","max-image-preview":"max-image-preview:large","max-video-preview":"max-video-preview:-1"},"canonical":"https:\/\/urbeamea.ro\/albaiulia\/joi-sedinta-la-consiliul-judetean-alba-46-de-proiecte-pe-ordinea-de-zi\/","twitter_card":"summary_large_image","twitter_title":"JOI: \u015eedin\u0163\u0103 la Consiliul Jude\u0163ean Alba. 46 de proiecte pe ordinea de zi - Revista Urbea Mea - Revista de Alba","twitter_description":"Consilierii jude\u0163eni se reunesc joi, 16 martie, \u00eencep\u00e2nd cu ora 11.00. \u00een \u015fedin\u0163\u0103 ordinar\u0103, cu 46 de proiecte pe ordinea de zi. Printre acestea, vor avea","twitter_image":"https:\/\/urbeamea.ro\/albaiulia\/wp-content\/uploads\/2016\/01\/consiliul-judetean.jpg","twitter_creator":"@urbeameaweb","twitter_site":"@urbeameaweb","schema":{"@context":"https:\/\/schema.org","@graph":[{"@type":"Article","@id":"https:\/\/urbeamea.ro\/albaiulia\/joi-sedinta-la-consiliul-judetean-alba-46-de-proiecte-pe-ordinea-de-zi\/#article","isPartOf":{"@id":"https:\/\/urbeamea.ro\/albaiulia\/joi-sedinta-la-consiliul-judetean-alba-46-de-proiecte-pe-ordinea-de-zi\/"},"author":{"name":"Cristina Ganga","@id":"https:\/\/urbeamea.ro\/albaiulia\/#\/schema\/person\/9700d21fae21c4f038b0b56f4506264a"},"headline":"JOI: \u015eedin\u0163\u0103 la Consiliul Jude\u0163ean Alba. 46 de proiecte pe ordinea de zi","datePublished":"2017-03-10T14:07:58+00:00","mainEntityOfPage":{"@id":"https:\/\/urbeamea.ro\/albaiulia\/joi-sedinta-la-consiliul-judetean-alba-46-de-proiecte-pe-ordinea-de-zi\/"},"wordCount":1823,"commentCount":0,"image":{"@id":"https:\/\/urbeamea.ro\/albaiulia\/joi-sedinta-la-consiliul-judetean-alba-46-de-proiecte-pe-ordinea-de-zi\/#primaryimage"},"thumbnailUrl":"https:\/\/urbeamea.ro\/albaiulia\/wp-content\/uploads\/2016\/01\/consiliul-judetean.jpg","keywords":["alba","aprobat","consilieri judeteni","consiliul judetean","ordinea de zi","proiecte","sedinta","stiri","Urbea Mea"],"articleSection":["Administra\u021bie"],"inLanguage":"ro-RO","potentialAction":[{"@type":"CommentAction","name":"Comment","target":["https:\/\/urbeamea.ro\/albaiulia\/joi-sedinta-la-consiliul-judetean-alba-46-de-proiecte-pe-ordinea-de-zi\/#respond"]}]},{"@type":"WebPage","@id":"https:\/\/urbeamea.ro\/albaiulia\/joi-sedinta-la-consiliul-judetean-alba-46-de-proiecte-pe-ordinea-de-zi\/","url":"https:\/\/urbeamea.ro\/albaiulia\/joi-sedinta-la-consiliul-judetean-alba-46-de-proiecte-pe-ordinea-de-zi\/","name":"JOI: \u015eedin\u0163\u0103 la Consiliul Jude\u0163ean Alba. 46 de proiecte pe ordinea de zi - Revista Urbea Mea - Revista de Alba","isPartOf":{"@id":"https:\/\/urbeamea.ro\/albaiulia\/#website"},"primaryImageOfPage":{"@id":"https:\/\/urbeamea.ro\/albaiulia\/joi-sedinta-la-consiliul-judetean-alba-46-de-proiecte-pe-ordinea-de-zi\/#primaryimage"},"image":{"@id":"https:\/\/urbeamea.ro\/albaiulia\/joi-sedinta-la-consiliul-judetean-alba-46-de-proiecte-pe-ordinea-de-zi\/#primaryimage"},"thumbnailUrl":"https:\/\/urbeamea.ro\/albaiulia\/wp-content\/uploads\/2016\/01\/consiliul-judetean.jpg","datePublished":"2017-03-10T14:07:58+00:00","author":{"@id":"https:\/\/urbeamea.ro\/albaiulia\/#\/schema\/person\/9700d21fae21c4f038b0b56f4506264a"},"description":"Consilierii jude\u0163eni se reunesc joi, 16 martie, \u00eencep\u00e2nd cu ora 11.00. \u00een \u015fedin\u0163\u0103 ordinar\u0103, cu 46 de proiecte pe ordinea de zi. Printre acestea, vor avea","breadcrumb":{"@id":"https:\/\/urbeamea.ro\/albaiulia\/joi-sedinta-la-consiliul-judetean-alba-46-de-proiecte-pe-ordinea-de-zi\/#breadcrumb"},"inLanguage":"ro-RO","potentialAction":[{"@type":"ReadAction","target":["https:\/\/urbeamea.ro\/albaiulia\/joi-sedinta-la-consiliul-judetean-alba-46-de-proiecte-pe-ordinea-de-zi\/"]}]},{"@type":"ImageObject","inLanguage":"ro-RO","@id":"https:\/\/urbeamea.ro\/albaiulia\/joi-sedinta-la-consiliul-judetean-alba-46-de-proiecte-pe-ordinea-de-zi\/#primaryimage","url":"https:\/\/urbeamea.ro\/albaiulia\/wp-content\/uploads\/2016\/01\/consiliul-judetean.jpg","contentUrl":"https:\/\/urbeamea.ro\/albaiulia\/wp-content\/uploads\/2016\/01\/consiliul-judetean.jpg","width":646,"height":404},{"@type":"BreadcrumbList","@id":"https:\/\/urbeamea.ro\/albaiulia\/joi-sedinta-la-consiliul-judetean-alba-46-de-proiecte-pe-ordinea-de-zi\/#breadcrumb","itemListElement":[{"@type":"ListItem","position":1,"name":"Prima pagin\u0103","item":"https:\/\/urbeamea.ro\/albaiulia\/"},{"@type":"ListItem","position":2,"name":"JOI: \u015eedin\u0163\u0103 la Consiliul Jude\u0163ean Alba. 46 de proiecte pe ordinea de zi"}]},{"@type":"WebSite","@id":"https:\/\/urbeamea.ro\/albaiulia\/#website","url":"https:\/\/urbeamea.ro\/albaiulia\/","name":"Revista Urbea Mea, Stiri urbane","description":"Evenimente \u0219i \u0219tiri din Alba Iulia, Sebe\u0219, Aiud, Blaj","potentialAction":[{"@type":"SearchAction","target":{"@type":"EntryPoint","urlTemplate":"https:\/\/urbeamea.ro\/albaiulia\/?s={search_term_string}"},"query-input":{"@type":"PropertyValueSpecification","valueRequired":true,"valueName":"search_term_string"}}],"inLanguage":"ro-RO"},{"@type":"Person","@id":"https:\/\/urbeamea.ro\/albaiulia\/#\/schema\/person\/9700d21fae21c4f038b0b56f4506264a","name":"Cristina Ganga","image":{"@type":"ImageObject","inLanguage":"ro-RO","@id":"https:\/\/secure.gravatar.com\/avatar\/5a67661041f057b4a8ccaf26f5a8e86e2689372006d01faf3dd9eeb10b654bb4?s=96&d=mm&r=g","url":"https:\/\/secure.gravatar.com\/avatar\/5a67661041f057b4a8ccaf26f5a8e86e2689372006d01faf3dd9eeb10b654bb4?s=96&d=mm&r=g","contentUrl":"https:\/\/secure.gravatar.com\/avatar\/5a67661041f057b4a8ccaf26f5a8e86e2689372006d01faf3dd9eeb10b654bb4?s=96&d=mm&r=g","caption":"Cristina Ganga"},"description":"Jurnalist","sameAs":["https:\/\/www.facebook.com\/cristina.nicola.587"],"url":"https:\/\/urbeamea.ro\/albaiulia\/author\/cristina-nicola\/"}]}},"_links":{"self":[{"href":"https:\/\/urbeamea.ro\/albaiulia\/wp-json\/wp\/v2\/posts\/41275","targetHints":{"allow":["GET"]}}],"collection":[{"href":"https:\/\/urbeamea.ro\/albaiulia\/wp-json\/wp\/v2\/posts"}],"about":[{"href":"https:\/\/urbeamea.ro\/albaiulia\/wp-json\/wp\/v2\/types\/post"}],"author":[{"embeddable":true,"href":"https:\/\/urbeamea.ro\/albaiulia\/wp-json\/wp\/v2\/users\/17"}],"replies":[{"embeddable":true,"href":"https:\/\/urbeamea.ro\/albaiulia\/wp-json\/wp\/v2\/comments?post=41275"}],"version-history":[{"count":0,"href":"https:\/\/urbeamea.ro\/albaiulia\/wp-json\/wp\/v2\/posts\/41275\/revisions"}],"wp:featuredmedia":[{"embeddable":true,"href":"https:\/\/urbeamea.ro\/albaiulia\/wp-json\/wp\/v2\/media\/17039"}],"wp:attachment":[{"href":"https:\/\/urbeamea.ro\/albaiulia\/wp-json\/wp\/v2\/media?parent=41275"}],"wp:term":[{"taxonomy":"category","embeddable":true,"href":"https:\/\/urbeamea.ro\/albaiulia\/wp-json\/wp\/v2\/categories?post=41275"},{"taxonomy":"post_tag","embeddable":true,"href":"https:\/\/urbeamea.ro\/albaiulia\/wp-json\/wp\/v2\/tags?post=41275"}],"curies":[{"name":"wp","href":"https:\/\/api.w.org\/{rel}","templated":true}]}}