{"id":41476,"date":"2017-03-16T13:14:48","date_gmt":"2017-03-16T11:14:48","guid":{"rendered":"http:\/\/urbeamea.ro\/albaiulia\/?p=41476"},"modified":"2017-03-16T19:14:43","modified_gmt":"2017-03-16T17:14:43","slug":"reorganizarea-structurii-serviciului-public-judetean-salvamont-alba-se-infiinteaza-salvaspeo","status":"publish","type":"post","link":"https:\/\/urbeamea.ro\/albaiulia\/reorganizarea-structurii-serviciului-public-judetean-salvamont-alba-se-infiinteaza-salvaspeo\/","title":{"rendered":"Reorganizarea structurii Serviciului Public Jude\u021bean Salvamont Alba: Se \u00eenfiin\u0163eaz\u0103 Salvaspeo"},"content":{"rendered":"<p><strong>\u00cen \u015fedin\u0163a de Consiliul Jude\u0163ean care a avut loc joi, 16 martie, consilierii au aprobat \u00eenfii\u021barea Serviciului Public Jude\u021bean Salvamont \u2013 Salvaspeo Alba, \u00eencep\u00e2nd cu data de 1 aprilie, ca institu\u021bie public\u0103 \u00een subordinea Consiliului Jude\u021bean Alba, prin reorganizarea structurii Serviciului Public Jude\u021bean Salvamont Alba.<br \/>\n<\/strong><\/p>\n<p>Serviciul Public Jude\u021bean Salvamont \u2013 Salvaspeo Alba va avea sediul \u00een municipiul Alba Iulia, strada Nicolae Titulescu, nr. 9. Serviciul Public Jude\u021bean\u00a0 Salvamont \u2013 Salvaspeo Alba are ca obiect de activitate coordonarea activit\u0103\u021bii de prevenire a accidentelor montane, de salvare \u00een mun\u021bi a persoanelor accidentate \u0219i a bolnavilor \u0219i coordonarea activit\u0103\u021bii de prevenire a accidentelor \u0219i de salvare \u00een mediul subteran speologic.<\/p>\n<p>Printre atribu\u021biile serviciului se num\u0103r\u0103: coordonarea din punct de vedere administrativ \u015fi organizatoric a activit\u0103\u0163ii de salvare montan\u0103 \u015fi de salvare din mediul subteran speologic (salvaspeo) din jude\u0163; efectu\u0103rii \u0219i coordon\u0103rii activit\u0103\u0163ilor de prevenire a accidentelor din mediul montan \u0219i subteran speologic; asigur\u0103rii deplas\u0103rii de urgen\u0163\u0103 la locul solicitat, acordarea primului ajutor medical, evacuarea accidentatului, a bolnavului, a persoanei decedate, ori a persoanei disp\u0103rute \u015fi g\u0103site, dup\u0103 caz, precum \u015fi transportul acestora la locul stabilit pentru a fi preluat de personalul medical de specialitate \u015fi promov\u0103rii de materiale informative cu referire la m\u0103surile de prevenire a accidentelor \u0219i cu privire la activitatea de salvare montan\u0103 \u015fi de salvare din mediul subteran speologic (salvaspeo) din jude\u0163.<\/p>\n<p>Prin \u00eenfiin\u0163area acestui serviciu, care se va organiza \u015fi va func\u0163iona distinct, se va putea realiza o mai bun\u0103 coordonare a \u00eentregii activit\u0103\u0163i a serviciului, iar investi\u0163iile realizate vor fi gestionate mai eficient.<\/p>\n<p>\u00cen cadrul acestui serviciu cu personalitate juridic\u0103,\u00a0 se vor putea identifica mult mai repede oportunit\u0103\u021bile de accesare a programelor\/proiectelor cu finan\u021bare extern\u0103 sau intern\u0103 nerambursabile, de \u00eencheiere a unor parteneriate pentru activit\u0103\u021bile specifice sau conexe \u0219i va putea propune accesarea acestor programe \u00een timp optim, serviciul fiind beneficiar direct al acestora.<\/p>\n<p>De asemenea, fiind un serviciu distinct, care se organizeaz\u0103 \u015fi \u00ee\u0219i gestioneaz\u0103 singur resursele financiare, umane si materiale, deciziile vor fi luate \u00eentr-un timp mult mai scurt, circuitul documentelor fiind redus, nemaifiind necesar\u0103 aprobarea autorit\u0103\u0163ii pentru toate documentele emise.<\/p>\n<p>Fiind un serviciu public cu personalitate juridic\u0103 va acoperi mult mai bine at\u00e2t latura organizatoric\u0103, c\u00e2t \u015fi material\u0103, av\u00e2nd un buget propriu, o organizare proprie, serviciul devenind astfel mult mai elastic, put\u00e2nd acoperi aria de probleme pe care trebuie s\u0103 le rezolve \u00een timp mult mai scurt, cu o eficien\u0163\u0103 sporit\u0103.<\/p>\n<p><em>\u201ePrin \u00eenfiin\u0163area unui serviciu cu personalitate juridic\u0103, distinc\u0163ia \u00eentre acest serviciu \u015fi autoritatea propriu-zis\u0103 va fi mult mai clar\u0103 pentru cet\u0103\u0163enii jude\u0163ului prin crearea unei identit\u0103\u0163i proprii \u015fi o vizibilitate mai bun\u0103 \u00een r\u00e2ndul societ\u0103\u0163ii civile \u0219i prin asigurarea transparen\u021bei informa\u0163iilor referitoare la activitatea acestuia. Totodat\u0103 contactarea acestui serviciu va fi mai u\u015for de realizat pentru a realiza preven\u0163ia \u015fi interven\u0163ia \u00een caz de accidente\u201d<\/em>, se precizeaz\u0103 \u00een expunerea de motive a proiectului.<\/p>\n<p>&nbsp;<\/p>\n","protected":false},"excerpt":{"rendered":"<p>\u00cen \u015fedin\u0163a de Consiliul Jude\u0163ean care a avut loc joi, 16 martie, consilierii au aprobat \u00eenfii\u021barea Serviciului Public Jude\u021bean Salvamont \u2013 Salvaspeo Alba, \u00eencep\u00e2nd cu data de 1 aprilie, ca institu\u021bie public\u0103 \u00een subordinea Consiliului Jude\u021bean Alba, prin reorganizarea structurii Serviciului Public Jude\u021bean Salvamont Alba. Serviciul Public Jude\u021bean Salvamont \u2013 Salvaspeo Alba va avea sediul &hellip;<\/p>\n","protected":false},"author":17,"featured_media":24518,"comment_status":"open","ping_status":"open","sticky":false,"template":"","format":"standard","meta":{"inline_featured_image":false,"footnotes":""},"categories":[2034],"tags":[1518,380,10327,2128,10328,308,76],"class_list":["post-41476","post","type-post","status-publish","format-standard","has-post-thumbnail","hentry","category-social","tag-consiliu-judetean","tag-proiect","tag-salvaspeo-alba","tag-sedinta","tag-serviciul-public-judetean-salvamont","tag-stiri","tag-urbea-mea"],"yoast_head":"<!-- This site is optimized with the Yoast SEO plugin v28.3 - https:\/\/yoast.com\/product\/yoast-seo-wordpress\/ -->\n<title>Reorganizarea structurii Serviciului Public Jude\u021bean Salvamont Alba: Se \u00eenfiin\u0163eaz\u0103 Salvaspeo - Revista Urbea Mea - Revista de Alba<\/title>\n<meta name=\"description\" content=\"\u00cen \u015fedin\u0163a de Consiliul Jude\u0163ean care a avut loc joi, 16 martie, consilierii au aprobat \u00eenfii\u021barea Serviciului Public Jude\u021bean Salvamont \u2013 Salvaspeo Alba,\" \/>\n<meta name=\"robots\" content=\"index, follow, max-snippet:-1, max-image-preview:large, max-video-preview:-1\" \/>\n<link rel=\"canonical\" href=\"https:\/\/urbeamea.ro\/albaiulia\/reorganizarea-structurii-serviciului-public-judetean-salvamont-alba-se-infiinteaza-salvaspeo\/\" \/>\n<meta name=\"twitter:card\" content=\"summary_large_image\" \/>\n<meta name=\"twitter:title\" content=\"Reorganizarea structurii Serviciului Public Jude\u021bean Salvamont Alba: Se \u00eenfiin\u0163eaz\u0103 Salvaspeo - Revista Urbea Mea - Revista de Alba\" \/>\n<meta name=\"twitter:description\" content=\"\u00cen \u015fedin\u0163a de Consiliul Jude\u0163ean care a avut loc joi, 16 martie, consilierii au aprobat \u00eenfii\u021barea Serviciului Public Jude\u021bean Salvamont \u2013 Salvaspeo Alba,\" \/>\n<meta name=\"twitter:image\" content=\"https:\/\/urbeamea.ro\/albaiulia\/wp-content\/uploads\/2016\/05\/salvamont.jpg\" \/>\n<meta name=\"twitter:creator\" content=\"@urbeameaweb\" \/>\n<meta name=\"twitter:site\" content=\"@urbeameaweb\" \/>\n<script type=\"application\/ld+json\" class=\"yoast-schema-graph\">{\"@context\":\"https:\\\/\\\/schema.org\",\"@graph\":[{\"@type\":\"Article\",\"@id\":\"https:\\\/\\\/urbeamea.ro\\\/albaiulia\\\/reorganizarea-structurii-serviciului-public-judetean-salvamont-alba-se-infiinteaza-salvaspeo\\\/#article\",\"isPartOf\":{\"@id\":\"https:\\\/\\\/urbeamea.ro\\\/albaiulia\\\/reorganizarea-structurii-serviciului-public-judetean-salvamont-alba-se-infiinteaza-salvaspeo\\\/\"},\"author\":{\"name\":\"Cristina Ganga\",\"@id\":\"https:\\\/\\\/urbeamea.ro\\\/albaiulia\\\/#\\\/schema\\\/person\\\/9700d21fae21c4f038b0b56f4506264a\"},\"headline\":\"Reorganizarea structurii Serviciului Public Jude\u021bean Salvamont Alba: Se \u00eenfiin\u0163eaz\u0103 Salvaspeo\",\"datePublished\":\"2017-03-16T11:14:48+00:00\",\"dateModified\":\"2017-03-16T17:14:43+00:00\",\"mainEntityOfPage\":{\"@id\":\"https:\\\/\\\/urbeamea.ro\\\/albaiulia\\\/reorganizarea-structurii-serviciului-public-judetean-salvamont-alba-se-infiinteaza-salvaspeo\\\/\"},\"wordCount\":526,\"commentCount\":0,\"image\":{\"@id\":\"https:\\\/\\\/urbeamea.ro\\\/albaiulia\\\/reorganizarea-structurii-serviciului-public-judetean-salvamont-alba-se-infiinteaza-salvaspeo\\\/#primaryimage\"},\"thumbnailUrl\":\"https:\\\/\\\/urbeamea.ro\\\/albaiulia\\\/wp-content\\\/uploads\\\/2016\\\/05\\\/salvamont.jpg\",\"keywords\":[\"consiliu judetean\",\"proiect\",\"salvaspeo alba\",\"sedinta\",\"serviciul public judetean salvamont\",\"stiri\",\"Urbea Mea\"],\"articleSection\":[\"Social\"],\"inLanguage\":\"ro-RO\",\"potentialAction\":[{\"@type\":\"CommentAction\",\"name\":\"Comment\",\"target\":[\"https:\\\/\\\/urbeamea.ro\\\/albaiulia\\\/reorganizarea-structurii-serviciului-public-judetean-salvamont-alba-se-infiinteaza-salvaspeo\\\/#respond\"]}]},{\"@type\":\"WebPage\",\"@id\":\"https:\\\/\\\/urbeamea.ro\\\/albaiulia\\\/reorganizarea-structurii-serviciului-public-judetean-salvamont-alba-se-infiinteaza-salvaspeo\\\/\",\"url\":\"https:\\\/\\\/urbeamea.ro\\\/albaiulia\\\/reorganizarea-structurii-serviciului-public-judetean-salvamont-alba-se-infiinteaza-salvaspeo\\\/\",\"name\":\"Reorganizarea structurii Serviciului Public Jude\u021bean Salvamont Alba: Se \u00eenfiin\u0163eaz\u0103 Salvaspeo - Revista Urbea Mea - Revista de Alba\",\"isPartOf\":{\"@id\":\"https:\\\/\\\/urbeamea.ro\\\/albaiulia\\\/#website\"},\"primaryImageOfPage\":{\"@id\":\"https:\\\/\\\/urbeamea.ro\\\/albaiulia\\\/reorganizarea-structurii-serviciului-public-judetean-salvamont-alba-se-infiinteaza-salvaspeo\\\/#primaryimage\"},\"image\":{\"@id\":\"https:\\\/\\\/urbeamea.ro\\\/albaiulia\\\/reorganizarea-structurii-serviciului-public-judetean-salvamont-alba-se-infiinteaza-salvaspeo\\\/#primaryimage\"},\"thumbnailUrl\":\"https:\\\/\\\/urbeamea.ro\\\/albaiulia\\\/wp-content\\\/uploads\\\/2016\\\/05\\\/salvamont.jpg\",\"datePublished\":\"2017-03-16T11:14:48+00:00\",\"dateModified\":\"2017-03-16T17:14:43+00:00\",\"author\":{\"@id\":\"https:\\\/\\\/urbeamea.ro\\\/albaiulia\\\/#\\\/schema\\\/person\\\/9700d21fae21c4f038b0b56f4506264a\"},\"description\":\"\u00cen \u015fedin\u0163a de Consiliul Jude\u0163ean care a avut loc joi, 16 martie, consilierii au aprobat \u00eenfii\u021barea Serviciului Public Jude\u021bean Salvamont \u2013 Salvaspeo Alba,\",\"breadcrumb\":{\"@id\":\"https:\\\/\\\/urbeamea.ro\\\/albaiulia\\\/reorganizarea-structurii-serviciului-public-judetean-salvamont-alba-se-infiinteaza-salvaspeo\\\/#breadcrumb\"},\"inLanguage\":\"ro-RO\",\"potentialAction\":[{\"@type\":\"ReadAction\",\"target\":[\"https:\\\/\\\/urbeamea.ro\\\/albaiulia\\\/reorganizarea-structurii-serviciului-public-judetean-salvamont-alba-se-infiinteaza-salvaspeo\\\/\"]}]},{\"@type\":\"ImageObject\",\"inLanguage\":\"ro-RO\",\"@id\":\"https:\\\/\\\/urbeamea.ro\\\/albaiulia\\\/reorganizarea-structurii-serviciului-public-judetean-salvamont-alba-se-infiinteaza-salvaspeo\\\/#primaryimage\",\"url\":\"https:\\\/\\\/urbeamea.ro\\\/albaiulia\\\/wp-content\\\/uploads\\\/2016\\\/05\\\/salvamont.jpg\",\"contentUrl\":\"https:\\\/\\\/urbeamea.ro\\\/albaiulia\\\/wp-content\\\/uploads\\\/2016\\\/05\\\/salvamont.jpg\",\"width\":960,\"height\":540},{\"@type\":\"BreadcrumbList\",\"@id\":\"https:\\\/\\\/urbeamea.ro\\\/albaiulia\\\/reorganizarea-structurii-serviciului-public-judetean-salvamont-alba-se-infiinteaza-salvaspeo\\\/#breadcrumb\",\"itemListElement\":[{\"@type\":\"ListItem\",\"position\":1,\"name\":\"Prima pagin\u0103\",\"item\":\"https:\\\/\\\/urbeamea.ro\\\/albaiulia\\\/\"},{\"@type\":\"ListItem\",\"position\":2,\"name\":\"Reorganizarea structurii Serviciului Public Jude\u021bean Salvamont Alba: Se \u00eenfiin\u0163eaz\u0103 Salvaspeo\"}]},{\"@type\":\"WebSite\",\"@id\":\"https:\\\/\\\/urbeamea.ro\\\/albaiulia\\\/#website\",\"url\":\"https:\\\/\\\/urbeamea.ro\\\/albaiulia\\\/\",\"name\":\"Revista Urbea Mea, Stiri urbane\",\"description\":\"Evenimente \u0219i \u0219tiri din Alba Iulia, Sebe\u0219, Aiud, Blaj\",\"potentialAction\":[{\"@type\":\"SearchAction\",\"target\":{\"@type\":\"EntryPoint\",\"urlTemplate\":\"https:\\\/\\\/urbeamea.ro\\\/albaiulia\\\/?s={search_term_string}\"},\"query-input\":{\"@type\":\"PropertyValueSpecification\",\"valueRequired\":true,\"valueName\":\"search_term_string\"}}],\"inLanguage\":\"ro-RO\"},{\"@type\":\"Person\",\"@id\":\"https:\\\/\\\/urbeamea.ro\\\/albaiulia\\\/#\\\/schema\\\/person\\\/9700d21fae21c4f038b0b56f4506264a\",\"name\":\"Cristina Ganga\",\"image\":{\"@type\":\"ImageObject\",\"inLanguage\":\"ro-RO\",\"@id\":\"https:\\\/\\\/secure.gravatar.com\\\/avatar\\\/5a67661041f057b4a8ccaf26f5a8e86e2689372006d01faf3dd9eeb10b654bb4?s=96&d=mm&r=g\",\"url\":\"https:\\\/\\\/secure.gravatar.com\\\/avatar\\\/5a67661041f057b4a8ccaf26f5a8e86e2689372006d01faf3dd9eeb10b654bb4?s=96&d=mm&r=g\",\"contentUrl\":\"https:\\\/\\\/secure.gravatar.com\\\/avatar\\\/5a67661041f057b4a8ccaf26f5a8e86e2689372006d01faf3dd9eeb10b654bb4?s=96&d=mm&r=g\",\"caption\":\"Cristina Ganga\"},\"description\":\"Jurnalist\",\"sameAs\":[\"https:\\\/\\\/www.facebook.com\\\/cristina.nicola.587\"],\"url\":\"https:\\\/\\\/urbeamea.ro\\\/albaiulia\\\/author\\\/cristina-nicola\\\/\"}]}<\/script>\n<!-- \/ Yoast SEO plugin. -->","yoast_head_json":{"title":"Reorganizarea structurii Serviciului Public Jude\u021bean Salvamont Alba: Se \u00eenfiin\u0163eaz\u0103 Salvaspeo - Revista Urbea Mea - Revista de Alba","description":"\u00cen \u015fedin\u0163a de Consiliul Jude\u0163ean care a avut loc joi, 16 martie, consilierii au aprobat \u00eenfii\u021barea Serviciului Public Jude\u021bean Salvamont \u2013 Salvaspeo Alba,","robots":{"index":"index","follow":"follow","max-snippet":"max-snippet:-1","max-image-preview":"max-image-preview:large","max-video-preview":"max-video-preview:-1"},"canonical":"https:\/\/urbeamea.ro\/albaiulia\/reorganizarea-structurii-serviciului-public-judetean-salvamont-alba-se-infiinteaza-salvaspeo\/","twitter_card":"summary_large_image","twitter_title":"Reorganizarea structurii Serviciului Public Jude\u021bean Salvamont Alba: Se \u00eenfiin\u0163eaz\u0103 Salvaspeo - Revista Urbea Mea - Revista de Alba","twitter_description":"\u00cen \u015fedin\u0163a de Consiliul Jude\u0163ean care a avut loc joi, 16 martie, consilierii au aprobat \u00eenfii\u021barea Serviciului Public Jude\u021bean Salvamont \u2013 Salvaspeo Alba,","twitter_image":"https:\/\/urbeamea.ro\/albaiulia\/wp-content\/uploads\/2016\/05\/salvamont.jpg","twitter_creator":"@urbeameaweb","twitter_site":"@urbeameaweb","schema":{"@context":"https:\/\/schema.org","@graph":[{"@type":"Article","@id":"https:\/\/urbeamea.ro\/albaiulia\/reorganizarea-structurii-serviciului-public-judetean-salvamont-alba-se-infiinteaza-salvaspeo\/#article","isPartOf":{"@id":"https:\/\/urbeamea.ro\/albaiulia\/reorganizarea-structurii-serviciului-public-judetean-salvamont-alba-se-infiinteaza-salvaspeo\/"},"author":{"name":"Cristina Ganga","@id":"https:\/\/urbeamea.ro\/albaiulia\/#\/schema\/person\/9700d21fae21c4f038b0b56f4506264a"},"headline":"Reorganizarea structurii Serviciului Public Jude\u021bean Salvamont Alba: Se \u00eenfiin\u0163eaz\u0103 Salvaspeo","datePublished":"2017-03-16T11:14:48+00:00","dateModified":"2017-03-16T17:14:43+00:00","mainEntityOfPage":{"@id":"https:\/\/urbeamea.ro\/albaiulia\/reorganizarea-structurii-serviciului-public-judetean-salvamont-alba-se-infiinteaza-salvaspeo\/"},"wordCount":526,"commentCount":0,"image":{"@id":"https:\/\/urbeamea.ro\/albaiulia\/reorganizarea-structurii-serviciului-public-judetean-salvamont-alba-se-infiinteaza-salvaspeo\/#primaryimage"},"thumbnailUrl":"https:\/\/urbeamea.ro\/albaiulia\/wp-content\/uploads\/2016\/05\/salvamont.jpg","keywords":["consiliu judetean","proiect","salvaspeo alba","sedinta","serviciul public judetean salvamont","stiri","Urbea Mea"],"articleSection":["Social"],"inLanguage":"ro-RO","potentialAction":[{"@type":"CommentAction","name":"Comment","target":["https:\/\/urbeamea.ro\/albaiulia\/reorganizarea-structurii-serviciului-public-judetean-salvamont-alba-se-infiinteaza-salvaspeo\/#respond"]}]},{"@type":"WebPage","@id":"https:\/\/urbeamea.ro\/albaiulia\/reorganizarea-structurii-serviciului-public-judetean-salvamont-alba-se-infiinteaza-salvaspeo\/","url":"https:\/\/urbeamea.ro\/albaiulia\/reorganizarea-structurii-serviciului-public-judetean-salvamont-alba-se-infiinteaza-salvaspeo\/","name":"Reorganizarea structurii Serviciului Public Jude\u021bean Salvamont Alba: Se \u00eenfiin\u0163eaz\u0103 Salvaspeo - Revista Urbea Mea - Revista de Alba","isPartOf":{"@id":"https:\/\/urbeamea.ro\/albaiulia\/#website"},"primaryImageOfPage":{"@id":"https:\/\/urbeamea.ro\/albaiulia\/reorganizarea-structurii-serviciului-public-judetean-salvamont-alba-se-infiinteaza-salvaspeo\/#primaryimage"},"image":{"@id":"https:\/\/urbeamea.ro\/albaiulia\/reorganizarea-structurii-serviciului-public-judetean-salvamont-alba-se-infiinteaza-salvaspeo\/#primaryimage"},"thumbnailUrl":"https:\/\/urbeamea.ro\/albaiulia\/wp-content\/uploads\/2016\/05\/salvamont.jpg","datePublished":"2017-03-16T11:14:48+00:00","dateModified":"2017-03-16T17:14:43+00:00","author":{"@id":"https:\/\/urbeamea.ro\/albaiulia\/#\/schema\/person\/9700d21fae21c4f038b0b56f4506264a"},"description":"\u00cen \u015fedin\u0163a de Consiliul Jude\u0163ean care a avut loc joi, 16 martie, consilierii au aprobat \u00eenfii\u021barea Serviciului Public Jude\u021bean Salvamont \u2013 Salvaspeo Alba,","breadcrumb":{"@id":"https:\/\/urbeamea.ro\/albaiulia\/reorganizarea-structurii-serviciului-public-judetean-salvamont-alba-se-infiinteaza-salvaspeo\/#breadcrumb"},"inLanguage":"ro-RO","potentialAction":[{"@type":"ReadAction","target":["https:\/\/urbeamea.ro\/albaiulia\/reorganizarea-structurii-serviciului-public-judetean-salvamont-alba-se-infiinteaza-salvaspeo\/"]}]},{"@type":"ImageObject","inLanguage":"ro-RO","@id":"https:\/\/urbeamea.ro\/albaiulia\/reorganizarea-structurii-serviciului-public-judetean-salvamont-alba-se-infiinteaza-salvaspeo\/#primaryimage","url":"https:\/\/urbeamea.ro\/albaiulia\/wp-content\/uploads\/2016\/05\/salvamont.jpg","contentUrl":"https:\/\/urbeamea.ro\/albaiulia\/wp-content\/uploads\/2016\/05\/salvamont.jpg","width":960,"height":540},{"@type":"BreadcrumbList","@id":"https:\/\/urbeamea.ro\/albaiulia\/reorganizarea-structurii-serviciului-public-judetean-salvamont-alba-se-infiinteaza-salvaspeo\/#breadcrumb","itemListElement":[{"@type":"ListItem","position":1,"name":"Prima pagin\u0103","item":"https:\/\/urbeamea.ro\/albaiulia\/"},{"@type":"ListItem","position":2,"name":"Reorganizarea structurii Serviciului Public Jude\u021bean Salvamont Alba: Se \u00eenfiin\u0163eaz\u0103 Salvaspeo"}]},{"@type":"WebSite","@id":"https:\/\/urbeamea.ro\/albaiulia\/#website","url":"https:\/\/urbeamea.ro\/albaiulia\/","name":"Revista Urbea Mea, Stiri urbane","description":"Evenimente \u0219i \u0219tiri din Alba Iulia, Sebe\u0219, Aiud, Blaj","potentialAction":[{"@type":"SearchAction","target":{"@type":"EntryPoint","urlTemplate":"https:\/\/urbeamea.ro\/albaiulia\/?s={search_term_string}"},"query-input":{"@type":"PropertyValueSpecification","valueRequired":true,"valueName":"search_term_string"}}],"inLanguage":"ro-RO"},{"@type":"Person","@id":"https:\/\/urbeamea.ro\/albaiulia\/#\/schema\/person\/9700d21fae21c4f038b0b56f4506264a","name":"Cristina Ganga","image":{"@type":"ImageObject","inLanguage":"ro-RO","@id":"https:\/\/secure.gravatar.com\/avatar\/5a67661041f057b4a8ccaf26f5a8e86e2689372006d01faf3dd9eeb10b654bb4?s=96&d=mm&r=g","url":"https:\/\/secure.gravatar.com\/avatar\/5a67661041f057b4a8ccaf26f5a8e86e2689372006d01faf3dd9eeb10b654bb4?s=96&d=mm&r=g","contentUrl":"https:\/\/secure.gravatar.com\/avatar\/5a67661041f057b4a8ccaf26f5a8e86e2689372006d01faf3dd9eeb10b654bb4?s=96&d=mm&r=g","caption":"Cristina Ganga"},"description":"Jurnalist","sameAs":["https:\/\/www.facebook.com\/cristina.nicola.587"],"url":"https:\/\/urbeamea.ro\/albaiulia\/author\/cristina-nicola\/"}]}},"_links":{"self":[{"href":"https:\/\/urbeamea.ro\/albaiulia\/wp-json\/wp\/v2\/posts\/41476","targetHints":{"allow":["GET"]}}],"collection":[{"href":"https:\/\/urbeamea.ro\/albaiulia\/wp-json\/wp\/v2\/posts"}],"about":[{"href":"https:\/\/urbeamea.ro\/albaiulia\/wp-json\/wp\/v2\/types\/post"}],"author":[{"embeddable":true,"href":"https:\/\/urbeamea.ro\/albaiulia\/wp-json\/wp\/v2\/users\/17"}],"replies":[{"embeddable":true,"href":"https:\/\/urbeamea.ro\/albaiulia\/wp-json\/wp\/v2\/comments?post=41476"}],"version-history":[{"count":0,"href":"https:\/\/urbeamea.ro\/albaiulia\/wp-json\/wp\/v2\/posts\/41476\/revisions"}],"wp:featuredmedia":[{"embeddable":true,"href":"https:\/\/urbeamea.ro\/albaiulia\/wp-json\/wp\/v2\/media\/24518"}],"wp:attachment":[{"href":"https:\/\/urbeamea.ro\/albaiulia\/wp-json\/wp\/v2\/media?parent=41476"}],"wp:term":[{"taxonomy":"category","embeddable":true,"href":"https:\/\/urbeamea.ro\/albaiulia\/wp-json\/wp\/v2\/categories?post=41476"},{"taxonomy":"post_tag","embeddable":true,"href":"https:\/\/urbeamea.ro\/albaiulia\/wp-json\/wp\/v2\/tags?post=41476"}],"curies":[{"name":"wp","href":"https:\/\/api.w.org\/{rel}","templated":true}]}}