{"id":41483,"date":"2017-03-16T16:05:26","date_gmt":"2017-03-16T14:05:26","guid":{"rendered":"http:\/\/urbeamea.ro\/albaiulia\/?p=41483"},"modified":"2017-03-16T16:05:26","modified_gmt":"2017-03-16T14:05:26","slug":"23-martie-stand-up-comedy-cu-teo-la-casa-de-cultura-a-sindicatelor-din-alba-iulia","status":"publish","type":"post","link":"https:\/\/urbeamea.ro\/albaiulia\/23-martie-stand-up-comedy-cu-teo-la-casa-de-cultura-a-sindicatelor-din-alba-iulia\/","title":{"rendered":"23 MARTIE: Stand-up comedy cu Teo, la Casa de Cultur\u0103 a Sindicatelor din Alba Iulia"},"content":{"rendered":"<p><strong>Iubitorii de stand up comedy sunt a\u015ftepta\u0163i la o por\u0163ie de r\u00e2s al\u0103turi de Teo. Spectacolul are loc joi, 23 martie, \u00eencep\u00e2nd cu ora 20.00, la Casa de Cultur\u0103 a Sindicatelor din Alba Iulia. Sub denumirea de &#8222;Apocalipsa&#8221;, Teo <span class=\"_4n-j _3cht fsl\" data-testid=\"event-permalink-details\"><span class=\"text_exposed_show\">v\u0103 aduce observa\u021bii \u0219i puncte de vedere inedit, dar pline de miez \u015fi de un fin umor, a\u0219a cum ne-a \u00eenv\u0103\u021bat \u00een to\u021bi ace\u0219ti ani!<\/span><\/span><\/strong><\/p>\n<p><span class=\"_4n-j _3cht fsl\" data-testid=\"event-permalink-details\">TEO este unul dintre cei mai cunoscu\u021bi arti\u0219ti de stand-up comedy din Rom\u00e2nia \u0219i unul din veteranii acestui gen de spectacol. Cariera sa a \u00eenceput ca un hobby pe scena de la Cafe DeKo \u00een 2004. Aici s-a n\u0103scut prietenia cu Vio \u0219i Costel, glumele, show-urile \u0219i publicul de stand up. Foarte rapid a ap\u0103rut \u0219i notorietatea, materialele sale ajung\u00e2nd virale pe internet.<br \/>\n<\/span><\/p>\n<p><span class=\"_4n-j _3cht fsl\" data-testid=\"event-permalink-details\">\u00cen 2009 Teo \u0219i-a f\u0103cut intrarea pe TV cu o emisiune s\u0103pt\u0103m\u00e2nal\u0103 de umor, numit\u0103 \u201cDup\u0103 bloguri\u201d iar \u00een prezent, este scenarist \u0219i moderator la seria de divertisment online \u201cNimic Nou\u201d. Teo are o experien\u021b\u0103 remarcabil\u0103 pe scen\u0103, \u00eencep\u00e2nd cu cea de club, p\u00e2n\u0103 la spectacole \u0219i turnee \u00een \u021bar\u0103, maratoane, special-uri de stand up c\u00e2t \u0219i colabor\u0103ri cu come<span class=\"text_exposed_show\">dian\u021bi de afar\u0103. <\/span><\/span><\/p>\n<p><span class=\"_4n-j _3cht fsl\" data-testid=\"event-permalink-details\"><span class=\"text_exposed_show\">Subiectele sale de comedie sunt foarte diverse \u0219i bine documentate. De la natura uman\u0103 la m\u0103run\u021bi\u0219urile de zi cu zi, disec\u0103 automatismele de comportament, (stereotipiile,) \u00eentr-un mod \u00een care te face s\u0103 r\u00e2zi dar s\u0103 \u0219i g\u00e2nde\u0219ti.<\/p>\n<p>Pre\u021b biletelor variaz\u0103 \u00een func\u0163ie de locurile pe care le dori\u0163i \u00een sal\u0103, respectiv 35 de lei, 30 de lei sau 25 de lei. <\/span><\/span><\/p>\n<p><span class=\"_4n-j _3cht fsl\" data-testid=\"event-permalink-details\"><span class=\"text_exposed_show\">Bilete s-au pus in vanzare la casierie de L &#8211; V: 08.00-19.00<\/span><\/span><\/p>\n<p><span class=\"_4n-j _3cht fsl\" data-testid=\"event-permalink-details\"><span class=\"text_exposed_show\">Bilete sunt in vanzare si online pe biletmaster.ro la <a href=\"https:\/\/goo.gl\/qzBcyH\" target=\"_blank\" rel=\"nofollow nofollow\">https:\/\/goo.gl\/qzBcyH<\/a><\/span><\/span><\/p>\n<p><span class=\"_4n-j _3cht fsl\" data-testid=\"event-permalink-details\"><span class=\"text_exposed_show\">Pentru mai multe informa\u021bii pute\u0163i suna la num\u0103rul de telefon 0726 688 658.<\/span><\/span><\/p>\n","protected":false},"excerpt":{"rendered":"<p>Iubitorii de stand up comedy sunt a\u015ftepta\u0163i la o por\u0163ie de r\u00e2s al\u0103turi de Teo. Spectacolul are loc joi, 23 martie, \u00eencep\u00e2nd cu ora 20.00, la Casa de Cultur\u0103 a Sindicatelor din Alba Iulia. Sub denumirea de &#8222;Apocalipsa&#8221;, Teo v\u0103 aduce observa\u021bii \u0219i puncte de vedere inedit, dar pline de miez \u015fi de un fin &hellip;<\/p>\n","protected":false},"author":17,"featured_media":41484,"comment_status":"open","ping_status":"open","sticky":false,"template":"","format":"standard","meta":{"inline_featured_image":false,"footnotes":""},"categories":[4],"tags":[31,10331,365,468,360,764,308,10330,76],"class_list":["post-41483","post","type-post","status-publish","format-standard","has-post-thumbnail","hentry","category-eveniment","tag-alba-iulia","tag-apocalipsa","tag-bilete","tag-casa-de-cultura-a-sindicatelor","tag-spectacol","tag-stand-up-comedy","tag-stiri","tag-teo","tag-urbea-mea"],"yoast_head":"<!-- This site is optimized with the Yoast SEO plugin v28.3 - https:\/\/yoast.com\/product\/yoast-seo-wordpress\/ -->\n<title>23 MARTIE: Stand-up comedy cu Teo, la Casa de Cultur\u0103 a Sindicatelor din Alba Iulia - Revista Urbea Mea - Revista de Alba<\/title>\n<meta name=\"description\" content=\"Iubitorii de stand up comedy sunt a\u015ftepta\u0163i la o por\u0163ie de r\u00e2s al\u0103turi de Teo. Spectacolul are loc joi, 23 martie, \u00eencep\u00e2nd cu ora 20.00, la Casa de\" \/>\n<meta name=\"robots\" content=\"index, follow, max-snippet:-1, max-image-preview:large, max-video-preview:-1\" \/>\n<link rel=\"canonical\" href=\"https:\/\/urbeamea.ro\/albaiulia\/23-martie-stand-up-comedy-cu-teo-la-casa-de-cultura-a-sindicatelor-din-alba-iulia\/\" \/>\n<meta name=\"twitter:card\" content=\"summary_large_image\" \/>\n<meta name=\"twitter:title\" content=\"23 MARTIE: Stand-up comedy cu Teo, la Casa de Cultur\u0103 a Sindicatelor din Alba Iulia - Revista Urbea Mea - Revista de Alba\" \/>\n<meta name=\"twitter:description\" content=\"Iubitorii de stand up comedy sunt a\u015ftepta\u0163i la o por\u0163ie de r\u00e2s al\u0103turi de Teo. Spectacolul are loc joi, 23 martie, \u00eencep\u00e2nd cu ora 20.00, la Casa de\" \/>\n<meta name=\"twitter:image\" content=\"https:\/\/urbeamea.ro\/albaiulia\/wp-content\/uploads\/2017\/03\/stand-up.jpg\" \/>\n<meta name=\"twitter:creator\" content=\"@urbeameaweb\" \/>\n<meta name=\"twitter:site\" content=\"@urbeameaweb\" \/>\n<script type=\"application\/ld+json\" class=\"yoast-schema-graph\">{\"@context\":\"https:\\\/\\\/schema.org\",\"@graph\":[{\"@type\":\"Article\",\"@id\":\"https:\\\/\\\/urbeamea.ro\\\/albaiulia\\\/23-martie-stand-up-comedy-cu-teo-la-casa-de-cultura-a-sindicatelor-din-alba-iulia\\\/#article\",\"isPartOf\":{\"@id\":\"https:\\\/\\\/urbeamea.ro\\\/albaiulia\\\/23-martie-stand-up-comedy-cu-teo-la-casa-de-cultura-a-sindicatelor-din-alba-iulia\\\/\"},\"author\":{\"name\":\"Cristina Ganga\",\"@id\":\"https:\\\/\\\/urbeamea.ro\\\/albaiulia\\\/#\\\/schema\\\/person\\\/9700d21fae21c4f038b0b56f4506264a\"},\"headline\":\"23 MARTIE: Stand-up comedy cu Teo, la Casa de Cultur\u0103 a Sindicatelor din Alba Iulia\",\"datePublished\":\"2017-03-16T14:05:26+00:00\",\"mainEntityOfPage\":{\"@id\":\"https:\\\/\\\/urbeamea.ro\\\/albaiulia\\\/23-martie-stand-up-comedy-cu-teo-la-casa-de-cultura-a-sindicatelor-din-alba-iulia\\\/\"},\"wordCount\":330,\"commentCount\":0,\"image\":{\"@id\":\"https:\\\/\\\/urbeamea.ro\\\/albaiulia\\\/23-martie-stand-up-comedy-cu-teo-la-casa-de-cultura-a-sindicatelor-din-alba-iulia\\\/#primaryimage\"},\"thumbnailUrl\":\"https:\\\/\\\/urbeamea.ro\\\/albaiulia\\\/wp-content\\\/uploads\\\/2017\\\/03\\\/stand-up.jpg\",\"keywords\":[\"Alba Iulia\",\"apocalipsa\",\"bilete\",\"casa de cultura a sindicatelor\",\"spectacol\",\"stand up comedy\",\"stiri\",\"teo\",\"Urbea Mea\"],\"articleSection\":[\"Evenimente\"],\"inLanguage\":\"ro-RO\",\"potentialAction\":[{\"@type\":\"CommentAction\",\"name\":\"Comment\",\"target\":[\"https:\\\/\\\/urbeamea.ro\\\/albaiulia\\\/23-martie-stand-up-comedy-cu-teo-la-casa-de-cultura-a-sindicatelor-din-alba-iulia\\\/#respond\"]}]},{\"@type\":\"WebPage\",\"@id\":\"https:\\\/\\\/urbeamea.ro\\\/albaiulia\\\/23-martie-stand-up-comedy-cu-teo-la-casa-de-cultura-a-sindicatelor-din-alba-iulia\\\/\",\"url\":\"https:\\\/\\\/urbeamea.ro\\\/albaiulia\\\/23-martie-stand-up-comedy-cu-teo-la-casa-de-cultura-a-sindicatelor-din-alba-iulia\\\/\",\"name\":\"23 MARTIE: Stand-up comedy cu Teo, la Casa de Cultur\u0103 a Sindicatelor din Alba Iulia - Revista Urbea Mea - Revista de Alba\",\"isPartOf\":{\"@id\":\"https:\\\/\\\/urbeamea.ro\\\/albaiulia\\\/#website\"},\"primaryImageOfPage\":{\"@id\":\"https:\\\/\\\/urbeamea.ro\\\/albaiulia\\\/23-martie-stand-up-comedy-cu-teo-la-casa-de-cultura-a-sindicatelor-din-alba-iulia\\\/#primaryimage\"},\"image\":{\"@id\":\"https:\\\/\\\/urbeamea.ro\\\/albaiulia\\\/23-martie-stand-up-comedy-cu-teo-la-casa-de-cultura-a-sindicatelor-din-alba-iulia\\\/#primaryimage\"},\"thumbnailUrl\":\"https:\\\/\\\/urbeamea.ro\\\/albaiulia\\\/wp-content\\\/uploads\\\/2017\\\/03\\\/stand-up.jpg\",\"datePublished\":\"2017-03-16T14:05:26+00:00\",\"author\":{\"@id\":\"https:\\\/\\\/urbeamea.ro\\\/albaiulia\\\/#\\\/schema\\\/person\\\/9700d21fae21c4f038b0b56f4506264a\"},\"description\":\"Iubitorii de stand up comedy sunt a\u015ftepta\u0163i la o por\u0163ie de r\u00e2s al\u0103turi de Teo. Spectacolul are loc joi, 23 martie, \u00eencep\u00e2nd cu ora 20.00, la Casa de\",\"breadcrumb\":{\"@id\":\"https:\\\/\\\/urbeamea.ro\\\/albaiulia\\\/23-martie-stand-up-comedy-cu-teo-la-casa-de-cultura-a-sindicatelor-din-alba-iulia\\\/#breadcrumb\"},\"inLanguage\":\"ro-RO\",\"potentialAction\":[{\"@type\":\"ReadAction\",\"target\":[\"https:\\\/\\\/urbeamea.ro\\\/albaiulia\\\/23-martie-stand-up-comedy-cu-teo-la-casa-de-cultura-a-sindicatelor-din-alba-iulia\\\/\"]}]},{\"@type\":\"ImageObject\",\"inLanguage\":\"ro-RO\",\"@id\":\"https:\\\/\\\/urbeamea.ro\\\/albaiulia\\\/23-martie-stand-up-comedy-cu-teo-la-casa-de-cultura-a-sindicatelor-din-alba-iulia\\\/#primaryimage\",\"url\":\"https:\\\/\\\/urbeamea.ro\\\/albaiulia\\\/wp-content\\\/uploads\\\/2017\\\/03\\\/stand-up.jpg\",\"contentUrl\":\"https:\\\/\\\/urbeamea.ro\\\/albaiulia\\\/wp-content\\\/uploads\\\/2017\\\/03\\\/stand-up.jpg\",\"width\":681,\"height\":960},{\"@type\":\"BreadcrumbList\",\"@id\":\"https:\\\/\\\/urbeamea.ro\\\/albaiulia\\\/23-martie-stand-up-comedy-cu-teo-la-casa-de-cultura-a-sindicatelor-din-alba-iulia\\\/#breadcrumb\",\"itemListElement\":[{\"@type\":\"ListItem\",\"position\":1,\"name\":\"Prima pagin\u0103\",\"item\":\"https:\\\/\\\/urbeamea.ro\\\/albaiulia\\\/\"},{\"@type\":\"ListItem\",\"position\":2,\"name\":\"23 MARTIE: Stand-up comedy cu Teo, la Casa de Cultur\u0103 a Sindicatelor din Alba Iulia\"}]},{\"@type\":\"WebSite\",\"@id\":\"https:\\\/\\\/urbeamea.ro\\\/albaiulia\\\/#website\",\"url\":\"https:\\\/\\\/urbeamea.ro\\\/albaiulia\\\/\",\"name\":\"Revista Urbea Mea, Stiri urbane\",\"description\":\"Evenimente \u0219i \u0219tiri din Alba Iulia, Sebe\u0219, Aiud, Blaj\",\"potentialAction\":[{\"@type\":\"SearchAction\",\"target\":{\"@type\":\"EntryPoint\",\"urlTemplate\":\"https:\\\/\\\/urbeamea.ro\\\/albaiulia\\\/?s={search_term_string}\"},\"query-input\":{\"@type\":\"PropertyValueSpecification\",\"valueRequired\":true,\"valueName\":\"search_term_string\"}}],\"inLanguage\":\"ro-RO\"},{\"@type\":\"Person\",\"@id\":\"https:\\\/\\\/urbeamea.ro\\\/albaiulia\\\/#\\\/schema\\\/person\\\/9700d21fae21c4f038b0b56f4506264a\",\"name\":\"Cristina Ganga\",\"image\":{\"@type\":\"ImageObject\",\"inLanguage\":\"ro-RO\",\"@id\":\"https:\\\/\\\/secure.gravatar.com\\\/avatar\\\/5a67661041f057b4a8ccaf26f5a8e86e2689372006d01faf3dd9eeb10b654bb4?s=96&d=mm&r=g\",\"url\":\"https:\\\/\\\/secure.gravatar.com\\\/avatar\\\/5a67661041f057b4a8ccaf26f5a8e86e2689372006d01faf3dd9eeb10b654bb4?s=96&d=mm&r=g\",\"contentUrl\":\"https:\\\/\\\/secure.gravatar.com\\\/avatar\\\/5a67661041f057b4a8ccaf26f5a8e86e2689372006d01faf3dd9eeb10b654bb4?s=96&d=mm&r=g\",\"caption\":\"Cristina Ganga\"},\"description\":\"Jurnalist\",\"sameAs\":[\"https:\\\/\\\/www.facebook.com\\\/cristina.nicola.587\"],\"url\":\"https:\\\/\\\/urbeamea.ro\\\/albaiulia\\\/author\\\/cristina-nicola\\\/\"}]}<\/script>\n<!-- \/ Yoast SEO plugin. -->","yoast_head_json":{"title":"23 MARTIE: Stand-up comedy cu Teo, la Casa de Cultur\u0103 a Sindicatelor din Alba Iulia - Revista Urbea Mea - Revista de Alba","description":"Iubitorii de stand up comedy sunt a\u015ftepta\u0163i la o por\u0163ie de r\u00e2s al\u0103turi de Teo. Spectacolul are loc joi, 23 martie, \u00eencep\u00e2nd cu ora 20.00, la Casa de","robots":{"index":"index","follow":"follow","max-snippet":"max-snippet:-1","max-image-preview":"max-image-preview:large","max-video-preview":"max-video-preview:-1"},"canonical":"https:\/\/urbeamea.ro\/albaiulia\/23-martie-stand-up-comedy-cu-teo-la-casa-de-cultura-a-sindicatelor-din-alba-iulia\/","twitter_card":"summary_large_image","twitter_title":"23 MARTIE: Stand-up comedy cu Teo, la Casa de Cultur\u0103 a Sindicatelor din Alba Iulia - Revista Urbea Mea - Revista de Alba","twitter_description":"Iubitorii de stand up comedy sunt a\u015ftepta\u0163i la o por\u0163ie de r\u00e2s al\u0103turi de Teo. Spectacolul are loc joi, 23 martie, \u00eencep\u00e2nd cu ora 20.00, la Casa de","twitter_image":"https:\/\/urbeamea.ro\/albaiulia\/wp-content\/uploads\/2017\/03\/stand-up.jpg","twitter_creator":"@urbeameaweb","twitter_site":"@urbeameaweb","schema":{"@context":"https:\/\/schema.org","@graph":[{"@type":"Article","@id":"https:\/\/urbeamea.ro\/albaiulia\/23-martie-stand-up-comedy-cu-teo-la-casa-de-cultura-a-sindicatelor-din-alba-iulia\/#article","isPartOf":{"@id":"https:\/\/urbeamea.ro\/albaiulia\/23-martie-stand-up-comedy-cu-teo-la-casa-de-cultura-a-sindicatelor-din-alba-iulia\/"},"author":{"name":"Cristina Ganga","@id":"https:\/\/urbeamea.ro\/albaiulia\/#\/schema\/person\/9700d21fae21c4f038b0b56f4506264a"},"headline":"23 MARTIE: Stand-up comedy cu Teo, la Casa de Cultur\u0103 a Sindicatelor din Alba Iulia","datePublished":"2017-03-16T14:05:26+00:00","mainEntityOfPage":{"@id":"https:\/\/urbeamea.ro\/albaiulia\/23-martie-stand-up-comedy-cu-teo-la-casa-de-cultura-a-sindicatelor-din-alba-iulia\/"},"wordCount":330,"commentCount":0,"image":{"@id":"https:\/\/urbeamea.ro\/albaiulia\/23-martie-stand-up-comedy-cu-teo-la-casa-de-cultura-a-sindicatelor-din-alba-iulia\/#primaryimage"},"thumbnailUrl":"https:\/\/urbeamea.ro\/albaiulia\/wp-content\/uploads\/2017\/03\/stand-up.jpg","keywords":["Alba Iulia","apocalipsa","bilete","casa de cultura a sindicatelor","spectacol","stand up comedy","stiri","teo","Urbea Mea"],"articleSection":["Evenimente"],"inLanguage":"ro-RO","potentialAction":[{"@type":"CommentAction","name":"Comment","target":["https:\/\/urbeamea.ro\/albaiulia\/23-martie-stand-up-comedy-cu-teo-la-casa-de-cultura-a-sindicatelor-din-alba-iulia\/#respond"]}]},{"@type":"WebPage","@id":"https:\/\/urbeamea.ro\/albaiulia\/23-martie-stand-up-comedy-cu-teo-la-casa-de-cultura-a-sindicatelor-din-alba-iulia\/","url":"https:\/\/urbeamea.ro\/albaiulia\/23-martie-stand-up-comedy-cu-teo-la-casa-de-cultura-a-sindicatelor-din-alba-iulia\/","name":"23 MARTIE: Stand-up comedy cu Teo, la Casa de Cultur\u0103 a Sindicatelor din Alba Iulia - Revista Urbea Mea - Revista de Alba","isPartOf":{"@id":"https:\/\/urbeamea.ro\/albaiulia\/#website"},"primaryImageOfPage":{"@id":"https:\/\/urbeamea.ro\/albaiulia\/23-martie-stand-up-comedy-cu-teo-la-casa-de-cultura-a-sindicatelor-din-alba-iulia\/#primaryimage"},"image":{"@id":"https:\/\/urbeamea.ro\/albaiulia\/23-martie-stand-up-comedy-cu-teo-la-casa-de-cultura-a-sindicatelor-din-alba-iulia\/#primaryimage"},"thumbnailUrl":"https:\/\/urbeamea.ro\/albaiulia\/wp-content\/uploads\/2017\/03\/stand-up.jpg","datePublished":"2017-03-16T14:05:26+00:00","author":{"@id":"https:\/\/urbeamea.ro\/albaiulia\/#\/schema\/person\/9700d21fae21c4f038b0b56f4506264a"},"description":"Iubitorii de stand up comedy sunt a\u015ftepta\u0163i la o por\u0163ie de r\u00e2s al\u0103turi de Teo. Spectacolul are loc joi, 23 martie, \u00eencep\u00e2nd cu ora 20.00, la Casa de","breadcrumb":{"@id":"https:\/\/urbeamea.ro\/albaiulia\/23-martie-stand-up-comedy-cu-teo-la-casa-de-cultura-a-sindicatelor-din-alba-iulia\/#breadcrumb"},"inLanguage":"ro-RO","potentialAction":[{"@type":"ReadAction","target":["https:\/\/urbeamea.ro\/albaiulia\/23-martie-stand-up-comedy-cu-teo-la-casa-de-cultura-a-sindicatelor-din-alba-iulia\/"]}]},{"@type":"ImageObject","inLanguage":"ro-RO","@id":"https:\/\/urbeamea.ro\/albaiulia\/23-martie-stand-up-comedy-cu-teo-la-casa-de-cultura-a-sindicatelor-din-alba-iulia\/#primaryimage","url":"https:\/\/urbeamea.ro\/albaiulia\/wp-content\/uploads\/2017\/03\/stand-up.jpg","contentUrl":"https:\/\/urbeamea.ro\/albaiulia\/wp-content\/uploads\/2017\/03\/stand-up.jpg","width":681,"height":960},{"@type":"BreadcrumbList","@id":"https:\/\/urbeamea.ro\/albaiulia\/23-martie-stand-up-comedy-cu-teo-la-casa-de-cultura-a-sindicatelor-din-alba-iulia\/#breadcrumb","itemListElement":[{"@type":"ListItem","position":1,"name":"Prima pagin\u0103","item":"https:\/\/urbeamea.ro\/albaiulia\/"},{"@type":"ListItem","position":2,"name":"23 MARTIE: Stand-up comedy cu Teo, la Casa de Cultur\u0103 a Sindicatelor din Alba Iulia"}]},{"@type":"WebSite","@id":"https:\/\/urbeamea.ro\/albaiulia\/#website","url":"https:\/\/urbeamea.ro\/albaiulia\/","name":"Revista Urbea Mea, Stiri urbane","description":"Evenimente \u0219i \u0219tiri din Alba Iulia, Sebe\u0219, Aiud, Blaj","potentialAction":[{"@type":"SearchAction","target":{"@type":"EntryPoint","urlTemplate":"https:\/\/urbeamea.ro\/albaiulia\/?s={search_term_string}"},"query-input":{"@type":"PropertyValueSpecification","valueRequired":true,"valueName":"search_term_string"}}],"inLanguage":"ro-RO"},{"@type":"Person","@id":"https:\/\/urbeamea.ro\/albaiulia\/#\/schema\/person\/9700d21fae21c4f038b0b56f4506264a","name":"Cristina Ganga","image":{"@type":"ImageObject","inLanguage":"ro-RO","@id":"https:\/\/secure.gravatar.com\/avatar\/5a67661041f057b4a8ccaf26f5a8e86e2689372006d01faf3dd9eeb10b654bb4?s=96&d=mm&r=g","url":"https:\/\/secure.gravatar.com\/avatar\/5a67661041f057b4a8ccaf26f5a8e86e2689372006d01faf3dd9eeb10b654bb4?s=96&d=mm&r=g","contentUrl":"https:\/\/secure.gravatar.com\/avatar\/5a67661041f057b4a8ccaf26f5a8e86e2689372006d01faf3dd9eeb10b654bb4?s=96&d=mm&r=g","caption":"Cristina Ganga"},"description":"Jurnalist","sameAs":["https:\/\/www.facebook.com\/cristina.nicola.587"],"url":"https:\/\/urbeamea.ro\/albaiulia\/author\/cristina-nicola\/"}]}},"_links":{"self":[{"href":"https:\/\/urbeamea.ro\/albaiulia\/wp-json\/wp\/v2\/posts\/41483","targetHints":{"allow":["GET"]}}],"collection":[{"href":"https:\/\/urbeamea.ro\/albaiulia\/wp-json\/wp\/v2\/posts"}],"about":[{"href":"https:\/\/urbeamea.ro\/albaiulia\/wp-json\/wp\/v2\/types\/post"}],"author":[{"embeddable":true,"href":"https:\/\/urbeamea.ro\/albaiulia\/wp-json\/wp\/v2\/users\/17"}],"replies":[{"embeddable":true,"href":"https:\/\/urbeamea.ro\/albaiulia\/wp-json\/wp\/v2\/comments?post=41483"}],"version-history":[{"count":0,"href":"https:\/\/urbeamea.ro\/albaiulia\/wp-json\/wp\/v2\/posts\/41483\/revisions"}],"wp:featuredmedia":[{"embeddable":true,"href":"https:\/\/urbeamea.ro\/albaiulia\/wp-json\/wp\/v2\/media\/41484"}],"wp:attachment":[{"href":"https:\/\/urbeamea.ro\/albaiulia\/wp-json\/wp\/v2\/media?parent=41483"}],"wp:term":[{"taxonomy":"category","embeddable":true,"href":"https:\/\/urbeamea.ro\/albaiulia\/wp-json\/wp\/v2\/categories?post=41483"},{"taxonomy":"post_tag","embeddable":true,"href":"https:\/\/urbeamea.ro\/albaiulia\/wp-json\/wp\/v2\/tags?post=41483"}],"curies":[{"name":"wp","href":"https:\/\/api.w.org\/{rel}","templated":true}]}}