{"id":41998,"date":"2017-03-24T17:02:25","date_gmt":"2017-03-24T15:02:25","guid":{"rendered":"http:\/\/urbeamea.ro\/albaiulia\/?p=41998"},"modified":"2017-03-24T17:02:25","modified_gmt":"2017-03-24T15:02:25","slug":"mesajul-comisarului-sef-cristian-ioan-dunca-seful-ipj-alba-cu-ocazia-zilei-politiei-romane","status":"publish","type":"post","link":"https:\/\/urbeamea.ro\/albaiulia\/mesajul-comisarului-sef-cristian-ioan-dunca-seful-ipj-alba-cu-ocazia-zilei-politiei-romane\/","title":{"rendered":"Mesajul comisarului \u015fef Cristian Ioan Dunca, \u015feful IPJ Alba, cu ocazia Zilei Poli\u0163iei Rom\u00e2ne"},"content":{"rendered":"<p><strong>Poli\u0163ia este una dintre institu\u021biile fundamentale ale statului, unul dintre principalii furnizori de ordine \u015fi siguran\u0163\u0103 public\u0103. Istoria ei este \u00eendelungat\u0103 \u0219i \u00eencepe de la primele forme de organizare statal\u0103, dezvolt\u00e2ndu-se odat\u0103 cu evolu\u021bia societ\u0103\u021bii rom\u00e2ne\u0219ti. <\/strong><\/p>\n<p>\u00cen anul 1822, domnitorul Grigorie Dimitrie Ghica, primul domn p\u0103m\u00e2ntean al \u0162arii Rom\u00e2ne\u015fti, a \u00eenm\u00e2nat Marelui Ag\u0103 Mihai\u0163\u0103 Filipescu,\u201dSteagul Agiei\u201d, cunoscut \u00een istorie ca fiind primul steag al politiei.<\/p>\n<p>\u00cen ziua de 25 martie, c\u00e2nd cre\u015ftinii pr\u0103znuiesc sf\u00e2nta s\u0103rb\u0103toare a Bunei Vestiri, voievodul a pus Agia sub ocrotirea Fecioarei. Aceast\u0103 zi a r\u0103mas ziua aniversar\u0103 a Poli\u0163iei Rom\u00e2ne, un moment \u00een care, an de an, evoc\u0103m \u015fi omagiem trecutul, recunoa\u015ftem prezentul \u015fi accentu\u0103m priorit\u0103\u0163ilor referitoare la ordinea public\u0103 \u015fi siguran\u0163a cet\u0103\u021benilor.<\/p>\n<p>Anul acesta se \u00eemplinesc 195 de ani de tradi\u0163ie \u015fi continuitate a Poli\u0163iei \u00een slujba cet\u0103\u0163enilor, poli\u0163i\u015ftii fiind cei care au misiunea de a garanta traiului pa\u015fnic al cet\u0103\u0163enilor \u015fi de a oferi ajutorul, \u00een caz de nevoie.<\/p>\n<p>Sunt 195 de ani \u00een care Poli\u0163ia a depus toate eforturile de a se adapta realit\u0103\u0163ii lumii moderne, de a se implica total \u00een activitatea de ap\u0103rare a statului de drept \u015fi de a-\u015fi asuma rolul pe care \u00eel are \u00een comunit\u0103\u0163ile locale.<\/p>\n<p>Evolu\u0163iile pozitive \u00eenregistrate \u00een ultimii ani, \u00een jude\u021bul Alba, \u00een ceea ce prive\u015fte siguran\u0163a public\u0103, nu ar fi fost posibile f\u0103r\u0103 pasiunea, devotamentul \u015fi sacrificiul poli\u0163i\u015ftilor \u015fi personalului contractul, din structurile operative \u015fi neoperative, iar rezultatele ob\u021binute se datoreaz\u0103 \u00eendeosebi muncii asidue depuse de poli\u021bi\u0219ti, cu sprijinul principalilor no\u0219tri parteneri din sistemul de ap\u0103rare, ordine public\u0103 \u0219i siguran\u021b\u0103 na\u021bional\u0103, din agen\u021biile de aplicare a legii, precum \u0219i colabor\u0103rii cu cet\u0103\u021benii.<\/p>\n<p>De aceea, doresc s\u0103 mul\u021bumesc, fiec\u0103rui poli\u021bist, care-\u0219i face datoria, pentru modul \u00een care \u00ee\u0219i \u00eendepline\u0219te misiunile, pentru cinste, corectitudine \u0219i \u00eencredere \u00een puterea Legii, precum \u0219i familiilor acestora, care le sunt permanent, al\u0103turi.<\/p>\n<p>\u00cen aceast\u0103 zi de s\u0103rb\u0103toare, adresez un salut respectuos, colegilor no\u015ftri rezervi\u015fti, care ne-au fost modele \u015fi c\u0103rora le purt\u0103m o stim\u0103 deosebit\u0103, pentru lucrurile bune pe care ni le-au transmis.<\/p>\n<p>Reprezentan\u0163ilor autorit\u0103\u0163ilor locale, partenerilor colaboratorilor \u015fi tuturor cet\u0103\u0163enilor din jude\u0163ul nostru, le mul\u0163umesc pentru \u00eencrederea acordat\u0103 \u015fi \u00eei asigur c\u0103, noi, poli\u0163i\u015ftii din jude\u0163ul Alba, vom face tot ce ne st\u0103 \u00een putere pentru ca lini\u015ftea s\u0103 nu le fie tulburat\u0103.<\/p>\n<p>LA MUL\u0162I ANI!<\/p>\n<p>Comisar \u015fef de poli\u0163ie<\/p>\n<p>DUNCA CRISTIAN \u2013 IOAN<\/p>\n<p>\u00cemputernicit \u015fef al Inspectoratului de Poli\u0163ie Jude\u0163ean Alba<\/p>\n","protected":false},"excerpt":{"rendered":"<p>Poli\u0163ia este una dintre institu\u021biile fundamentale ale statului, unul dintre principalii furnizori de ordine \u015fi siguran\u0163\u0103 public\u0103. Istoria ei este \u00eendelungat\u0103 \u0219i \u00eencepe de la primele forme de organizare statal\u0103, dezvolt\u00e2ndu-se odat\u0103 cu evolu\u021bia societ\u0103\u021bii rom\u00e2ne\u0219ti. \u00cen anul 1822, domnitorul Grigorie Dimitrie Ghica, primul domn p\u0103m\u00e2ntean al \u0162arii Rom\u00e2ne\u015fti, a \u00eenm\u00e2nat Marelui Ag\u0103 Mihai\u0163\u0103 Filipescu,\u201dSteagul &hellip;<\/p>\n","protected":false},"author":17,"featured_media":41999,"comment_status":"open","ping_status":"open","sticky":false,"template":"","format":"standard","meta":{"inline_featured_image":false,"footnotes":""},"categories":[2034],"tags":[10411,7783,457,6504,308,76,3797],"class_list":["post-41998","post","type-post","status-publish","format-standard","has-post-thumbnail","hentry","category-social","tag-comisar-sef","tag-dunca-cristian-ioan","tag-ipj-alba","tag-mesaj","tag-stiri","tag-urbea-mea","tag-ziua-politiei-romane"],"yoast_head":"<!-- This site is optimized with the Yoast SEO plugin v28.3 - https:\/\/yoast.com\/product\/yoast-seo-wordpress\/ -->\n<title>Mesajul comisarului \u015fef Cristian Ioan Dunca, \u015feful IPJ Alba, cu ocazia Zilei Poli\u0163iei Rom\u00e2ne - Revista Urbea Mea - Revista de Alba<\/title>\n<meta name=\"description\" content=\"Poli\u0163ia este una dintre institu\u021biile fundamentale ale statului, unul dintre principalii furnizori de ordine \u015fi siguran\u0163\u0103 public\u0103. Istoria ei este\" \/>\n<meta name=\"robots\" content=\"index, follow, max-snippet:-1, max-image-preview:large, max-video-preview:-1\" \/>\n<link rel=\"canonical\" href=\"https:\/\/urbeamea.ro\/albaiulia\/mesajul-comisarului-sef-cristian-ioan-dunca-seful-ipj-alba-cu-ocazia-zilei-politiei-romane\/\" \/>\n<meta name=\"twitter:card\" content=\"summary_large_image\" \/>\n<meta name=\"twitter:title\" content=\"Mesajul comisarului \u015fef Cristian Ioan Dunca, \u015feful IPJ Alba, cu ocazia Zilei Poli\u0163iei Rom\u00e2ne - Revista Urbea Mea - Revista de Alba\" \/>\n<meta name=\"twitter:description\" content=\"Poli\u0163ia este una dintre institu\u021biile fundamentale ale statului, unul dintre principalii furnizori de ordine \u015fi siguran\u0163\u0103 public\u0103. Istoria ei este\" \/>\n<meta name=\"twitter:image\" content=\"https:\/\/urbeamea.ro\/albaiulia\/wp-content\/uploads\/2017\/03\/DSC_0694.jpg\" \/>\n<meta name=\"twitter:creator\" content=\"@urbeameaweb\" \/>\n<meta name=\"twitter:site\" content=\"@urbeameaweb\" \/>\n<script type=\"application\/ld+json\" class=\"yoast-schema-graph\">{\"@context\":\"https:\\\/\\\/schema.org\",\"@graph\":[{\"@type\":\"Article\",\"@id\":\"https:\\\/\\\/urbeamea.ro\\\/albaiulia\\\/mesajul-comisarului-sef-cristian-ioan-dunca-seful-ipj-alba-cu-ocazia-zilei-politiei-romane\\\/#article\",\"isPartOf\":{\"@id\":\"https:\\\/\\\/urbeamea.ro\\\/albaiulia\\\/mesajul-comisarului-sef-cristian-ioan-dunca-seful-ipj-alba-cu-ocazia-zilei-politiei-romane\\\/\"},\"author\":{\"name\":\"Cristina Ganga\",\"@id\":\"https:\\\/\\\/urbeamea.ro\\\/albaiulia\\\/#\\\/schema\\\/person\\\/9700d21fae21c4f038b0b56f4506264a\"},\"headline\":\"Mesajul comisarului \u015fef Cristian Ioan Dunca, \u015feful IPJ Alba, cu ocazia Zilei Poli\u0163iei Rom\u00e2ne\",\"datePublished\":\"2017-03-24T15:02:25+00:00\",\"mainEntityOfPage\":{\"@id\":\"https:\\\/\\\/urbeamea.ro\\\/albaiulia\\\/mesajul-comisarului-sef-cristian-ioan-dunca-seful-ipj-alba-cu-ocazia-zilei-politiei-romane\\\/\"},\"wordCount\":485,\"commentCount\":0,\"image\":{\"@id\":\"https:\\\/\\\/urbeamea.ro\\\/albaiulia\\\/mesajul-comisarului-sef-cristian-ioan-dunca-seful-ipj-alba-cu-ocazia-zilei-politiei-romane\\\/#primaryimage\"},\"thumbnailUrl\":\"https:\\\/\\\/urbeamea.ro\\\/albaiulia\\\/wp-content\\\/uploads\\\/2017\\\/03\\\/DSC_0694.jpg\",\"keywords\":[\"comisar sef\",\"dunca cristian ioan\",\"IPJ Alba\",\"mesaj\",\"stiri\",\"Urbea Mea\",\"ziua politiei romane\"],\"articleSection\":[\"Social\"],\"inLanguage\":\"ro-RO\",\"potentialAction\":[{\"@type\":\"CommentAction\",\"name\":\"Comment\",\"target\":[\"https:\\\/\\\/urbeamea.ro\\\/albaiulia\\\/mesajul-comisarului-sef-cristian-ioan-dunca-seful-ipj-alba-cu-ocazia-zilei-politiei-romane\\\/#respond\"]}]},{\"@type\":\"WebPage\",\"@id\":\"https:\\\/\\\/urbeamea.ro\\\/albaiulia\\\/mesajul-comisarului-sef-cristian-ioan-dunca-seful-ipj-alba-cu-ocazia-zilei-politiei-romane\\\/\",\"url\":\"https:\\\/\\\/urbeamea.ro\\\/albaiulia\\\/mesajul-comisarului-sef-cristian-ioan-dunca-seful-ipj-alba-cu-ocazia-zilei-politiei-romane\\\/\",\"name\":\"Mesajul comisarului \u015fef Cristian Ioan Dunca, \u015feful IPJ Alba, cu ocazia Zilei Poli\u0163iei Rom\u00e2ne - Revista Urbea Mea - Revista de Alba\",\"isPartOf\":{\"@id\":\"https:\\\/\\\/urbeamea.ro\\\/albaiulia\\\/#website\"},\"primaryImageOfPage\":{\"@id\":\"https:\\\/\\\/urbeamea.ro\\\/albaiulia\\\/mesajul-comisarului-sef-cristian-ioan-dunca-seful-ipj-alba-cu-ocazia-zilei-politiei-romane\\\/#primaryimage\"},\"image\":{\"@id\":\"https:\\\/\\\/urbeamea.ro\\\/albaiulia\\\/mesajul-comisarului-sef-cristian-ioan-dunca-seful-ipj-alba-cu-ocazia-zilei-politiei-romane\\\/#primaryimage\"},\"thumbnailUrl\":\"https:\\\/\\\/urbeamea.ro\\\/albaiulia\\\/wp-content\\\/uploads\\\/2017\\\/03\\\/DSC_0694.jpg\",\"datePublished\":\"2017-03-24T15:02:25+00:00\",\"author\":{\"@id\":\"https:\\\/\\\/urbeamea.ro\\\/albaiulia\\\/#\\\/schema\\\/person\\\/9700d21fae21c4f038b0b56f4506264a\"},\"description\":\"Poli\u0163ia este una dintre institu\u021biile fundamentale ale statului, unul dintre principalii furnizori de ordine \u015fi siguran\u0163\u0103 public\u0103. Istoria ei este\",\"breadcrumb\":{\"@id\":\"https:\\\/\\\/urbeamea.ro\\\/albaiulia\\\/mesajul-comisarului-sef-cristian-ioan-dunca-seful-ipj-alba-cu-ocazia-zilei-politiei-romane\\\/#breadcrumb\"},\"inLanguage\":\"ro-RO\",\"potentialAction\":[{\"@type\":\"ReadAction\",\"target\":[\"https:\\\/\\\/urbeamea.ro\\\/albaiulia\\\/mesajul-comisarului-sef-cristian-ioan-dunca-seful-ipj-alba-cu-ocazia-zilei-politiei-romane\\\/\"]}]},{\"@type\":\"ImageObject\",\"inLanguage\":\"ro-RO\",\"@id\":\"https:\\\/\\\/urbeamea.ro\\\/albaiulia\\\/mesajul-comisarului-sef-cristian-ioan-dunca-seful-ipj-alba-cu-ocazia-zilei-politiei-romane\\\/#primaryimage\",\"url\":\"https:\\\/\\\/urbeamea.ro\\\/albaiulia\\\/wp-content\\\/uploads\\\/2017\\\/03\\\/DSC_0694.jpg\",\"contentUrl\":\"https:\\\/\\\/urbeamea.ro\\\/albaiulia\\\/wp-content\\\/uploads\\\/2017\\\/03\\\/DSC_0694.jpg\",\"width\":1280,\"height\":853},{\"@type\":\"BreadcrumbList\",\"@id\":\"https:\\\/\\\/urbeamea.ro\\\/albaiulia\\\/mesajul-comisarului-sef-cristian-ioan-dunca-seful-ipj-alba-cu-ocazia-zilei-politiei-romane\\\/#breadcrumb\",\"itemListElement\":[{\"@type\":\"ListItem\",\"position\":1,\"name\":\"Prima pagin\u0103\",\"item\":\"https:\\\/\\\/urbeamea.ro\\\/albaiulia\\\/\"},{\"@type\":\"ListItem\",\"position\":2,\"name\":\"Mesajul comisarului \u015fef Cristian Ioan Dunca, \u015feful IPJ Alba, cu ocazia Zilei Poli\u0163iei Rom\u00e2ne\"}]},{\"@type\":\"WebSite\",\"@id\":\"https:\\\/\\\/urbeamea.ro\\\/albaiulia\\\/#website\",\"url\":\"https:\\\/\\\/urbeamea.ro\\\/albaiulia\\\/\",\"name\":\"Revista Urbea Mea, Stiri urbane\",\"description\":\"Evenimente \u0219i \u0219tiri din Alba Iulia, Sebe\u0219, Aiud, Blaj\",\"potentialAction\":[{\"@type\":\"SearchAction\",\"target\":{\"@type\":\"EntryPoint\",\"urlTemplate\":\"https:\\\/\\\/urbeamea.ro\\\/albaiulia\\\/?s={search_term_string}\"},\"query-input\":{\"@type\":\"PropertyValueSpecification\",\"valueRequired\":true,\"valueName\":\"search_term_string\"}}],\"inLanguage\":\"ro-RO\"},{\"@type\":\"Person\",\"@id\":\"https:\\\/\\\/urbeamea.ro\\\/albaiulia\\\/#\\\/schema\\\/person\\\/9700d21fae21c4f038b0b56f4506264a\",\"name\":\"Cristina Ganga\",\"image\":{\"@type\":\"ImageObject\",\"inLanguage\":\"ro-RO\",\"@id\":\"https:\\\/\\\/secure.gravatar.com\\\/avatar\\\/5a67661041f057b4a8ccaf26f5a8e86e2689372006d01faf3dd9eeb10b654bb4?s=96&d=mm&r=g\",\"url\":\"https:\\\/\\\/secure.gravatar.com\\\/avatar\\\/5a67661041f057b4a8ccaf26f5a8e86e2689372006d01faf3dd9eeb10b654bb4?s=96&d=mm&r=g\",\"contentUrl\":\"https:\\\/\\\/secure.gravatar.com\\\/avatar\\\/5a67661041f057b4a8ccaf26f5a8e86e2689372006d01faf3dd9eeb10b654bb4?s=96&d=mm&r=g\",\"caption\":\"Cristina Ganga\"},\"description\":\"Jurnalist\",\"sameAs\":[\"https:\\\/\\\/www.facebook.com\\\/cristina.nicola.587\"],\"url\":\"https:\\\/\\\/urbeamea.ro\\\/albaiulia\\\/author\\\/cristina-nicola\\\/\"}]}<\/script>\n<!-- \/ Yoast SEO plugin. -->","yoast_head_json":{"title":"Mesajul comisarului \u015fef Cristian Ioan Dunca, \u015feful IPJ Alba, cu ocazia Zilei Poli\u0163iei Rom\u00e2ne - Revista Urbea Mea - Revista de Alba","description":"Poli\u0163ia este una dintre institu\u021biile fundamentale ale statului, unul dintre principalii furnizori de ordine \u015fi siguran\u0163\u0103 public\u0103. Istoria ei este","robots":{"index":"index","follow":"follow","max-snippet":"max-snippet:-1","max-image-preview":"max-image-preview:large","max-video-preview":"max-video-preview:-1"},"canonical":"https:\/\/urbeamea.ro\/albaiulia\/mesajul-comisarului-sef-cristian-ioan-dunca-seful-ipj-alba-cu-ocazia-zilei-politiei-romane\/","twitter_card":"summary_large_image","twitter_title":"Mesajul comisarului \u015fef Cristian Ioan Dunca, \u015feful IPJ Alba, cu ocazia Zilei Poli\u0163iei Rom\u00e2ne - Revista Urbea Mea - Revista de Alba","twitter_description":"Poli\u0163ia este una dintre institu\u021biile fundamentale ale statului, unul dintre principalii furnizori de ordine \u015fi siguran\u0163\u0103 public\u0103. Istoria ei este","twitter_image":"https:\/\/urbeamea.ro\/albaiulia\/wp-content\/uploads\/2017\/03\/DSC_0694.jpg","twitter_creator":"@urbeameaweb","twitter_site":"@urbeameaweb","schema":{"@context":"https:\/\/schema.org","@graph":[{"@type":"Article","@id":"https:\/\/urbeamea.ro\/albaiulia\/mesajul-comisarului-sef-cristian-ioan-dunca-seful-ipj-alba-cu-ocazia-zilei-politiei-romane\/#article","isPartOf":{"@id":"https:\/\/urbeamea.ro\/albaiulia\/mesajul-comisarului-sef-cristian-ioan-dunca-seful-ipj-alba-cu-ocazia-zilei-politiei-romane\/"},"author":{"name":"Cristina Ganga","@id":"https:\/\/urbeamea.ro\/albaiulia\/#\/schema\/person\/9700d21fae21c4f038b0b56f4506264a"},"headline":"Mesajul comisarului \u015fef Cristian Ioan Dunca, \u015feful IPJ Alba, cu ocazia Zilei Poli\u0163iei Rom\u00e2ne","datePublished":"2017-03-24T15:02:25+00:00","mainEntityOfPage":{"@id":"https:\/\/urbeamea.ro\/albaiulia\/mesajul-comisarului-sef-cristian-ioan-dunca-seful-ipj-alba-cu-ocazia-zilei-politiei-romane\/"},"wordCount":485,"commentCount":0,"image":{"@id":"https:\/\/urbeamea.ro\/albaiulia\/mesajul-comisarului-sef-cristian-ioan-dunca-seful-ipj-alba-cu-ocazia-zilei-politiei-romane\/#primaryimage"},"thumbnailUrl":"https:\/\/urbeamea.ro\/albaiulia\/wp-content\/uploads\/2017\/03\/DSC_0694.jpg","keywords":["comisar sef","dunca cristian ioan","IPJ Alba","mesaj","stiri","Urbea Mea","ziua politiei romane"],"articleSection":["Social"],"inLanguage":"ro-RO","potentialAction":[{"@type":"CommentAction","name":"Comment","target":["https:\/\/urbeamea.ro\/albaiulia\/mesajul-comisarului-sef-cristian-ioan-dunca-seful-ipj-alba-cu-ocazia-zilei-politiei-romane\/#respond"]}]},{"@type":"WebPage","@id":"https:\/\/urbeamea.ro\/albaiulia\/mesajul-comisarului-sef-cristian-ioan-dunca-seful-ipj-alba-cu-ocazia-zilei-politiei-romane\/","url":"https:\/\/urbeamea.ro\/albaiulia\/mesajul-comisarului-sef-cristian-ioan-dunca-seful-ipj-alba-cu-ocazia-zilei-politiei-romane\/","name":"Mesajul comisarului \u015fef Cristian Ioan Dunca, \u015feful IPJ Alba, cu ocazia Zilei Poli\u0163iei Rom\u00e2ne - Revista Urbea Mea - Revista de Alba","isPartOf":{"@id":"https:\/\/urbeamea.ro\/albaiulia\/#website"},"primaryImageOfPage":{"@id":"https:\/\/urbeamea.ro\/albaiulia\/mesajul-comisarului-sef-cristian-ioan-dunca-seful-ipj-alba-cu-ocazia-zilei-politiei-romane\/#primaryimage"},"image":{"@id":"https:\/\/urbeamea.ro\/albaiulia\/mesajul-comisarului-sef-cristian-ioan-dunca-seful-ipj-alba-cu-ocazia-zilei-politiei-romane\/#primaryimage"},"thumbnailUrl":"https:\/\/urbeamea.ro\/albaiulia\/wp-content\/uploads\/2017\/03\/DSC_0694.jpg","datePublished":"2017-03-24T15:02:25+00:00","author":{"@id":"https:\/\/urbeamea.ro\/albaiulia\/#\/schema\/person\/9700d21fae21c4f038b0b56f4506264a"},"description":"Poli\u0163ia este una dintre institu\u021biile fundamentale ale statului, unul dintre principalii furnizori de ordine \u015fi siguran\u0163\u0103 public\u0103. Istoria ei este","breadcrumb":{"@id":"https:\/\/urbeamea.ro\/albaiulia\/mesajul-comisarului-sef-cristian-ioan-dunca-seful-ipj-alba-cu-ocazia-zilei-politiei-romane\/#breadcrumb"},"inLanguage":"ro-RO","potentialAction":[{"@type":"ReadAction","target":["https:\/\/urbeamea.ro\/albaiulia\/mesajul-comisarului-sef-cristian-ioan-dunca-seful-ipj-alba-cu-ocazia-zilei-politiei-romane\/"]}]},{"@type":"ImageObject","inLanguage":"ro-RO","@id":"https:\/\/urbeamea.ro\/albaiulia\/mesajul-comisarului-sef-cristian-ioan-dunca-seful-ipj-alba-cu-ocazia-zilei-politiei-romane\/#primaryimage","url":"https:\/\/urbeamea.ro\/albaiulia\/wp-content\/uploads\/2017\/03\/DSC_0694.jpg","contentUrl":"https:\/\/urbeamea.ro\/albaiulia\/wp-content\/uploads\/2017\/03\/DSC_0694.jpg","width":1280,"height":853},{"@type":"BreadcrumbList","@id":"https:\/\/urbeamea.ro\/albaiulia\/mesajul-comisarului-sef-cristian-ioan-dunca-seful-ipj-alba-cu-ocazia-zilei-politiei-romane\/#breadcrumb","itemListElement":[{"@type":"ListItem","position":1,"name":"Prima pagin\u0103","item":"https:\/\/urbeamea.ro\/albaiulia\/"},{"@type":"ListItem","position":2,"name":"Mesajul comisarului \u015fef Cristian Ioan Dunca, \u015feful IPJ Alba, cu ocazia Zilei Poli\u0163iei Rom\u00e2ne"}]},{"@type":"WebSite","@id":"https:\/\/urbeamea.ro\/albaiulia\/#website","url":"https:\/\/urbeamea.ro\/albaiulia\/","name":"Revista Urbea Mea, Stiri urbane","description":"Evenimente \u0219i \u0219tiri din Alba Iulia, Sebe\u0219, Aiud, Blaj","potentialAction":[{"@type":"SearchAction","target":{"@type":"EntryPoint","urlTemplate":"https:\/\/urbeamea.ro\/albaiulia\/?s={search_term_string}"},"query-input":{"@type":"PropertyValueSpecification","valueRequired":true,"valueName":"search_term_string"}}],"inLanguage":"ro-RO"},{"@type":"Person","@id":"https:\/\/urbeamea.ro\/albaiulia\/#\/schema\/person\/9700d21fae21c4f038b0b56f4506264a","name":"Cristina Ganga","image":{"@type":"ImageObject","inLanguage":"ro-RO","@id":"https:\/\/secure.gravatar.com\/avatar\/5a67661041f057b4a8ccaf26f5a8e86e2689372006d01faf3dd9eeb10b654bb4?s=96&d=mm&r=g","url":"https:\/\/secure.gravatar.com\/avatar\/5a67661041f057b4a8ccaf26f5a8e86e2689372006d01faf3dd9eeb10b654bb4?s=96&d=mm&r=g","contentUrl":"https:\/\/secure.gravatar.com\/avatar\/5a67661041f057b4a8ccaf26f5a8e86e2689372006d01faf3dd9eeb10b654bb4?s=96&d=mm&r=g","caption":"Cristina Ganga"},"description":"Jurnalist","sameAs":["https:\/\/www.facebook.com\/cristina.nicola.587"],"url":"https:\/\/urbeamea.ro\/albaiulia\/author\/cristina-nicola\/"}]}},"_links":{"self":[{"href":"https:\/\/urbeamea.ro\/albaiulia\/wp-json\/wp\/v2\/posts\/41998","targetHints":{"allow":["GET"]}}],"collection":[{"href":"https:\/\/urbeamea.ro\/albaiulia\/wp-json\/wp\/v2\/posts"}],"about":[{"href":"https:\/\/urbeamea.ro\/albaiulia\/wp-json\/wp\/v2\/types\/post"}],"author":[{"embeddable":true,"href":"https:\/\/urbeamea.ro\/albaiulia\/wp-json\/wp\/v2\/users\/17"}],"replies":[{"embeddable":true,"href":"https:\/\/urbeamea.ro\/albaiulia\/wp-json\/wp\/v2\/comments?post=41998"}],"version-history":[{"count":0,"href":"https:\/\/urbeamea.ro\/albaiulia\/wp-json\/wp\/v2\/posts\/41998\/revisions"}],"wp:featuredmedia":[{"embeddable":true,"href":"https:\/\/urbeamea.ro\/albaiulia\/wp-json\/wp\/v2\/media\/41999"}],"wp:attachment":[{"href":"https:\/\/urbeamea.ro\/albaiulia\/wp-json\/wp\/v2\/media?parent=41998"}],"wp:term":[{"taxonomy":"category","embeddable":true,"href":"https:\/\/urbeamea.ro\/albaiulia\/wp-json\/wp\/v2\/categories?post=41998"},{"taxonomy":"post_tag","embeddable":true,"href":"https:\/\/urbeamea.ro\/albaiulia\/wp-json\/wp\/v2\/tags?post=41998"}],"curies":[{"name":"wp","href":"https:\/\/api.w.org\/{rel}","templated":true}]}}