{"id":42048,"date":"2017-03-25T10:50:50","date_gmt":"2017-03-25T08:50:50","guid":{"rendered":"http:\/\/urbeamea.ro\/albaiulia\/?p=42048"},"modified":"2017-03-25T10:50:50","modified_gmt":"2017-03-25T08:50:50","slug":"primaria-alba-iulia-va-extinde-reteaua-de-iluminat-pe-trei-strazi-din-oras","status":"publish","type":"post","link":"https:\/\/urbeamea.ro\/albaiulia\/primaria-alba-iulia-va-extinde-reteaua-de-iluminat-pe-trei-strazi-din-oras\/","title":{"rendered":"Prim\u0103ria Alba Iulia va extinde re\u0163eaua de iluminat pe trei str\u0103zi din ora\u015f"},"content":{"rendered":"<p><strong>Printre obiectivele Prim\u0103riei Alba Iulia din anul acesta se num\u0103r\u0103 \u015fi extinderea re\u021belei de iluminat pe str\u0103zile Izvorului, Nicolae Labi\u0219 \u0219i Barbu Catargiu. Pentru realizarea acestor lucr\u0103ri se va aloca suma de aproximativ 84.000 de euro.<\/strong><\/p>\n<p>\u00cen \u015fedin\u0163a de vineri, 24 martie, consilierii locali din municipiul Alba Iulia au aprobat un proiect privind aprobarea documenta\u021biei tehnico-economice \u201eExtindere re\u021bea de iluminat pe str\u0103zile Izvorului, Nicolae Labi\u0219 \u0219i Barbu Catargiu\u201d.<\/p>\n<p><strong>Principalele caracteristici ale re\u021belei studiate sunt:<\/strong><\/p>\n<ul>\n<li>strada Izvorului: cablu re\u021bea LES \u2013 1,000 ml, st\u00e2lpi de iluminat \u2013 30 buc\u0103\u021bi, corpuri de iluminat cu LED echivalent 70W \u2013 30 buc\u0103\u021bi<\/li>\n<li>strada Nicolae Labi\u0219: cablu re\u021bea LES \u2013 270 ml, st\u00e2lpi de iluminat \u2013 8 buc\u0103\u021bi, corpuri de iluminat cu LED echivalent 70W \u2013 8 buc\u0103\u021bi<\/li>\n<li>strada Barbu Catargiu: cablu re\u021bea LES \u2013 560 ml, st\u00e2lpi de iluminat \u2013 17 buc\u0103\u021bi, corpuri de iluminat cu LED echivalent 70W \u2013 17 buc\u0103\u021bi<\/li>\n<\/ul>\n<p>Valoarea total\u0103 estimat\u0103 a investi\u021biei este de 383.149,03 lei cu TVA. Durata de realizare a investi\u021biei este de 90 de zile.<\/p>\n","protected":false},"excerpt":{"rendered":"<p>Printre obiectivele Prim\u0103riei Alba Iulia din anul acesta se num\u0103r\u0103 \u015fi extinderea re\u021belei de iluminat pe str\u0103zile Izvorului, Nicolae Labi\u0219 \u0219i Barbu Catargiu. Pentru realizarea acestor lucr\u0103ri se va aloca suma de aproximativ 84.000 de euro. \u00cen \u015fedin\u0163a de vineri, 24 martie, consilierii locali din municipiul Alba Iulia au aprobat un proiect privind aprobarea documenta\u021biei &hellip;<\/p>\n","protected":false},"author":17,"featured_media":5703,"comment_status":"open","ping_status":"open","sticky":false,"template":"","format":"standard","meta":{"inline_featured_image":false,"footnotes":""},"categories":[2034],"tags":[31,3803,10429,308,10432,10430,10431,1232,76],"class_list":["post-42048","post","type-post","status-publish","format-standard","has-post-thumbnail","hentry","category-social","tag-alba-iulia","tag-investitii","tag-reteaua-de-iluminat","tag-stiri","tag-strada-barbu-cataragiu","tag-strada-izvorului","tag-strada-nicolae-labis","tag-strazi","tag-urbea-mea"],"yoast_head":"<!-- This site is optimized with the Yoast SEO plugin v28.3 - https:\/\/yoast.com\/product\/yoast-seo-wordpress\/ -->\n<title>Prim\u0103ria Alba Iulia va extinde re\u0163eaua de iluminat pe trei str\u0103zi din ora\u015f - Revista Urbea Mea - Revista de Alba<\/title>\n<meta name=\"description\" content=\"Printre obiectivele Prim\u0103riei Alba Iulia din anul acesta se num\u0103r\u0103 \u015fi extinderea re\u021belei de iluminat pe str\u0103zile Izvorului, Nicolae Labi\u0219 \u0219i Barbu\" \/>\n<meta name=\"robots\" content=\"index, follow, max-snippet:-1, max-image-preview:large, max-video-preview:-1\" \/>\n<link rel=\"canonical\" href=\"https:\/\/urbeamea.ro\/albaiulia\/primaria-alba-iulia-va-extinde-reteaua-de-iluminat-pe-trei-strazi-din-oras\/\" \/>\n<meta name=\"twitter:card\" content=\"summary_large_image\" \/>\n<meta name=\"twitter:title\" content=\"Prim\u0103ria Alba Iulia va extinde re\u0163eaua de iluminat pe trei str\u0103zi din ora\u015f - Revista Urbea Mea - Revista de Alba\" \/>\n<meta name=\"twitter:description\" content=\"Printre obiectivele Prim\u0103riei Alba Iulia din anul acesta se num\u0103r\u0103 \u015fi extinderea re\u021belei de iluminat pe str\u0103zile Izvorului, Nicolae Labi\u0219 \u0219i Barbu\" \/>\n<meta name=\"twitter:image\" content=\"https:\/\/urbeamea.ro\/albaiulia\/wp-content\/uploads\/2015\/06\/intreruperi-curent-electric.jpg\" \/>\n<meta name=\"twitter:creator\" content=\"@urbeameaweb\" \/>\n<meta name=\"twitter:site\" content=\"@urbeameaweb\" \/>\n<script type=\"application\/ld+json\" class=\"yoast-schema-graph\">{\"@context\":\"https:\\\/\\\/schema.org\",\"@graph\":[{\"@type\":\"Article\",\"@id\":\"https:\\\/\\\/urbeamea.ro\\\/albaiulia\\\/primaria-alba-iulia-va-extinde-reteaua-de-iluminat-pe-trei-strazi-din-oras\\\/#article\",\"isPartOf\":{\"@id\":\"https:\\\/\\\/urbeamea.ro\\\/albaiulia\\\/primaria-alba-iulia-va-extinde-reteaua-de-iluminat-pe-trei-strazi-din-oras\\\/\"},\"author\":{\"name\":\"Cristina Ganga\",\"@id\":\"https:\\\/\\\/urbeamea.ro\\\/albaiulia\\\/#\\\/schema\\\/person\\\/9700d21fae21c4f038b0b56f4506264a\"},\"headline\":\"Prim\u0103ria Alba Iulia va extinde re\u0163eaua de iluminat pe trei str\u0103zi din ora\u015f\",\"datePublished\":\"2017-03-25T08:50:50+00:00\",\"mainEntityOfPage\":{\"@id\":\"https:\\\/\\\/urbeamea.ro\\\/albaiulia\\\/primaria-alba-iulia-va-extinde-reteaua-de-iluminat-pe-trei-strazi-din-oras\\\/\"},\"wordCount\":187,\"commentCount\":0,\"image\":{\"@id\":\"https:\\\/\\\/urbeamea.ro\\\/albaiulia\\\/primaria-alba-iulia-va-extinde-reteaua-de-iluminat-pe-trei-strazi-din-oras\\\/#primaryimage\"},\"thumbnailUrl\":\"https:\\\/\\\/urbeamea.ro\\\/albaiulia\\\/wp-content\\\/uploads\\\/2015\\\/06\\\/intreruperi-curent-electric.jpg\",\"keywords\":[\"Alba Iulia\",\"investitii\",\"reteaua de iluminat\",\"stiri\",\"strada barbu cataragiu\",\"strada izvorului\",\"strada nicolae labis\",\"strazi\",\"Urbea Mea\"],\"articleSection\":[\"Social\"],\"inLanguage\":\"ro-RO\",\"potentialAction\":[{\"@type\":\"CommentAction\",\"name\":\"Comment\",\"target\":[\"https:\\\/\\\/urbeamea.ro\\\/albaiulia\\\/primaria-alba-iulia-va-extinde-reteaua-de-iluminat-pe-trei-strazi-din-oras\\\/#respond\"]}]},{\"@type\":\"WebPage\",\"@id\":\"https:\\\/\\\/urbeamea.ro\\\/albaiulia\\\/primaria-alba-iulia-va-extinde-reteaua-de-iluminat-pe-trei-strazi-din-oras\\\/\",\"url\":\"https:\\\/\\\/urbeamea.ro\\\/albaiulia\\\/primaria-alba-iulia-va-extinde-reteaua-de-iluminat-pe-trei-strazi-din-oras\\\/\",\"name\":\"Prim\u0103ria Alba Iulia va extinde re\u0163eaua de iluminat pe trei str\u0103zi din ora\u015f - Revista Urbea Mea - Revista de Alba\",\"isPartOf\":{\"@id\":\"https:\\\/\\\/urbeamea.ro\\\/albaiulia\\\/#website\"},\"primaryImageOfPage\":{\"@id\":\"https:\\\/\\\/urbeamea.ro\\\/albaiulia\\\/primaria-alba-iulia-va-extinde-reteaua-de-iluminat-pe-trei-strazi-din-oras\\\/#primaryimage\"},\"image\":{\"@id\":\"https:\\\/\\\/urbeamea.ro\\\/albaiulia\\\/primaria-alba-iulia-va-extinde-reteaua-de-iluminat-pe-trei-strazi-din-oras\\\/#primaryimage\"},\"thumbnailUrl\":\"https:\\\/\\\/urbeamea.ro\\\/albaiulia\\\/wp-content\\\/uploads\\\/2015\\\/06\\\/intreruperi-curent-electric.jpg\",\"datePublished\":\"2017-03-25T08:50:50+00:00\",\"author\":{\"@id\":\"https:\\\/\\\/urbeamea.ro\\\/albaiulia\\\/#\\\/schema\\\/person\\\/9700d21fae21c4f038b0b56f4506264a\"},\"description\":\"Printre obiectivele Prim\u0103riei Alba Iulia din anul acesta se num\u0103r\u0103 \u015fi extinderea re\u021belei de iluminat pe str\u0103zile Izvorului, Nicolae Labi\u0219 \u0219i Barbu\",\"breadcrumb\":{\"@id\":\"https:\\\/\\\/urbeamea.ro\\\/albaiulia\\\/primaria-alba-iulia-va-extinde-reteaua-de-iluminat-pe-trei-strazi-din-oras\\\/#breadcrumb\"},\"inLanguage\":\"ro-RO\",\"potentialAction\":[{\"@type\":\"ReadAction\",\"target\":[\"https:\\\/\\\/urbeamea.ro\\\/albaiulia\\\/primaria-alba-iulia-va-extinde-reteaua-de-iluminat-pe-trei-strazi-din-oras\\\/\"]}]},{\"@type\":\"ImageObject\",\"inLanguage\":\"ro-RO\",\"@id\":\"https:\\\/\\\/urbeamea.ro\\\/albaiulia\\\/primaria-alba-iulia-va-extinde-reteaua-de-iluminat-pe-trei-strazi-din-oras\\\/#primaryimage\",\"url\":\"https:\\\/\\\/urbeamea.ro\\\/albaiulia\\\/wp-content\\\/uploads\\\/2015\\\/06\\\/intreruperi-curent-electric.jpg\",\"contentUrl\":\"https:\\\/\\\/urbeamea.ro\\\/albaiulia\\\/wp-content\\\/uploads\\\/2015\\\/06\\\/intreruperi-curent-electric.jpg\",\"width\":455,\"height\":280},{\"@type\":\"BreadcrumbList\",\"@id\":\"https:\\\/\\\/urbeamea.ro\\\/albaiulia\\\/primaria-alba-iulia-va-extinde-reteaua-de-iluminat-pe-trei-strazi-din-oras\\\/#breadcrumb\",\"itemListElement\":[{\"@type\":\"ListItem\",\"position\":1,\"name\":\"Prima pagin\u0103\",\"item\":\"https:\\\/\\\/urbeamea.ro\\\/albaiulia\\\/\"},{\"@type\":\"ListItem\",\"position\":2,\"name\":\"Prim\u0103ria Alba Iulia va extinde re\u0163eaua de iluminat pe trei str\u0103zi din ora\u015f\"}]},{\"@type\":\"WebSite\",\"@id\":\"https:\\\/\\\/urbeamea.ro\\\/albaiulia\\\/#website\",\"url\":\"https:\\\/\\\/urbeamea.ro\\\/albaiulia\\\/\",\"name\":\"Revista Urbea Mea, Stiri urbane\",\"description\":\"Evenimente \u0219i \u0219tiri din Alba Iulia, Sebe\u0219, Aiud, Blaj\",\"potentialAction\":[{\"@type\":\"SearchAction\",\"target\":{\"@type\":\"EntryPoint\",\"urlTemplate\":\"https:\\\/\\\/urbeamea.ro\\\/albaiulia\\\/?s={search_term_string}\"},\"query-input\":{\"@type\":\"PropertyValueSpecification\",\"valueRequired\":true,\"valueName\":\"search_term_string\"}}],\"inLanguage\":\"ro-RO\"},{\"@type\":\"Person\",\"@id\":\"https:\\\/\\\/urbeamea.ro\\\/albaiulia\\\/#\\\/schema\\\/person\\\/9700d21fae21c4f038b0b56f4506264a\",\"name\":\"Cristina Ganga\",\"image\":{\"@type\":\"ImageObject\",\"inLanguage\":\"ro-RO\",\"@id\":\"https:\\\/\\\/secure.gravatar.com\\\/avatar\\\/5a67661041f057b4a8ccaf26f5a8e86e2689372006d01faf3dd9eeb10b654bb4?s=96&d=mm&r=g\",\"url\":\"https:\\\/\\\/secure.gravatar.com\\\/avatar\\\/5a67661041f057b4a8ccaf26f5a8e86e2689372006d01faf3dd9eeb10b654bb4?s=96&d=mm&r=g\",\"contentUrl\":\"https:\\\/\\\/secure.gravatar.com\\\/avatar\\\/5a67661041f057b4a8ccaf26f5a8e86e2689372006d01faf3dd9eeb10b654bb4?s=96&d=mm&r=g\",\"caption\":\"Cristina Ganga\"},\"description\":\"Jurnalist\",\"sameAs\":[\"https:\\\/\\\/www.facebook.com\\\/cristina.nicola.587\"],\"url\":\"https:\\\/\\\/urbeamea.ro\\\/albaiulia\\\/author\\\/cristina-nicola\\\/\"}]}<\/script>\n<!-- \/ Yoast SEO plugin. -->","yoast_head_json":{"title":"Prim\u0103ria Alba Iulia va extinde re\u0163eaua de iluminat pe trei str\u0103zi din ora\u015f - Revista Urbea Mea - Revista de Alba","description":"Printre obiectivele Prim\u0103riei Alba Iulia din anul acesta se num\u0103r\u0103 \u015fi extinderea re\u021belei de iluminat pe str\u0103zile Izvorului, Nicolae Labi\u0219 \u0219i Barbu","robots":{"index":"index","follow":"follow","max-snippet":"max-snippet:-1","max-image-preview":"max-image-preview:large","max-video-preview":"max-video-preview:-1"},"canonical":"https:\/\/urbeamea.ro\/albaiulia\/primaria-alba-iulia-va-extinde-reteaua-de-iluminat-pe-trei-strazi-din-oras\/","twitter_card":"summary_large_image","twitter_title":"Prim\u0103ria Alba Iulia va extinde re\u0163eaua de iluminat pe trei str\u0103zi din ora\u015f - Revista Urbea Mea - Revista de Alba","twitter_description":"Printre obiectivele Prim\u0103riei Alba Iulia din anul acesta se num\u0103r\u0103 \u015fi extinderea re\u021belei de iluminat pe str\u0103zile Izvorului, Nicolae Labi\u0219 \u0219i Barbu","twitter_image":"https:\/\/urbeamea.ro\/albaiulia\/wp-content\/uploads\/2015\/06\/intreruperi-curent-electric.jpg","twitter_creator":"@urbeameaweb","twitter_site":"@urbeameaweb","schema":{"@context":"https:\/\/schema.org","@graph":[{"@type":"Article","@id":"https:\/\/urbeamea.ro\/albaiulia\/primaria-alba-iulia-va-extinde-reteaua-de-iluminat-pe-trei-strazi-din-oras\/#article","isPartOf":{"@id":"https:\/\/urbeamea.ro\/albaiulia\/primaria-alba-iulia-va-extinde-reteaua-de-iluminat-pe-trei-strazi-din-oras\/"},"author":{"name":"Cristina Ganga","@id":"https:\/\/urbeamea.ro\/albaiulia\/#\/schema\/person\/9700d21fae21c4f038b0b56f4506264a"},"headline":"Prim\u0103ria Alba Iulia va extinde re\u0163eaua de iluminat pe trei str\u0103zi din ora\u015f","datePublished":"2017-03-25T08:50:50+00:00","mainEntityOfPage":{"@id":"https:\/\/urbeamea.ro\/albaiulia\/primaria-alba-iulia-va-extinde-reteaua-de-iluminat-pe-trei-strazi-din-oras\/"},"wordCount":187,"commentCount":0,"image":{"@id":"https:\/\/urbeamea.ro\/albaiulia\/primaria-alba-iulia-va-extinde-reteaua-de-iluminat-pe-trei-strazi-din-oras\/#primaryimage"},"thumbnailUrl":"https:\/\/urbeamea.ro\/albaiulia\/wp-content\/uploads\/2015\/06\/intreruperi-curent-electric.jpg","keywords":["Alba Iulia","investitii","reteaua de iluminat","stiri","strada barbu cataragiu","strada izvorului","strada nicolae labis","strazi","Urbea Mea"],"articleSection":["Social"],"inLanguage":"ro-RO","potentialAction":[{"@type":"CommentAction","name":"Comment","target":["https:\/\/urbeamea.ro\/albaiulia\/primaria-alba-iulia-va-extinde-reteaua-de-iluminat-pe-trei-strazi-din-oras\/#respond"]}]},{"@type":"WebPage","@id":"https:\/\/urbeamea.ro\/albaiulia\/primaria-alba-iulia-va-extinde-reteaua-de-iluminat-pe-trei-strazi-din-oras\/","url":"https:\/\/urbeamea.ro\/albaiulia\/primaria-alba-iulia-va-extinde-reteaua-de-iluminat-pe-trei-strazi-din-oras\/","name":"Prim\u0103ria Alba Iulia va extinde re\u0163eaua de iluminat pe trei str\u0103zi din ora\u015f - Revista Urbea Mea - Revista de Alba","isPartOf":{"@id":"https:\/\/urbeamea.ro\/albaiulia\/#website"},"primaryImageOfPage":{"@id":"https:\/\/urbeamea.ro\/albaiulia\/primaria-alba-iulia-va-extinde-reteaua-de-iluminat-pe-trei-strazi-din-oras\/#primaryimage"},"image":{"@id":"https:\/\/urbeamea.ro\/albaiulia\/primaria-alba-iulia-va-extinde-reteaua-de-iluminat-pe-trei-strazi-din-oras\/#primaryimage"},"thumbnailUrl":"https:\/\/urbeamea.ro\/albaiulia\/wp-content\/uploads\/2015\/06\/intreruperi-curent-electric.jpg","datePublished":"2017-03-25T08:50:50+00:00","author":{"@id":"https:\/\/urbeamea.ro\/albaiulia\/#\/schema\/person\/9700d21fae21c4f038b0b56f4506264a"},"description":"Printre obiectivele Prim\u0103riei Alba Iulia din anul acesta se num\u0103r\u0103 \u015fi extinderea re\u021belei de iluminat pe str\u0103zile Izvorului, Nicolae Labi\u0219 \u0219i Barbu","breadcrumb":{"@id":"https:\/\/urbeamea.ro\/albaiulia\/primaria-alba-iulia-va-extinde-reteaua-de-iluminat-pe-trei-strazi-din-oras\/#breadcrumb"},"inLanguage":"ro-RO","potentialAction":[{"@type":"ReadAction","target":["https:\/\/urbeamea.ro\/albaiulia\/primaria-alba-iulia-va-extinde-reteaua-de-iluminat-pe-trei-strazi-din-oras\/"]}]},{"@type":"ImageObject","inLanguage":"ro-RO","@id":"https:\/\/urbeamea.ro\/albaiulia\/primaria-alba-iulia-va-extinde-reteaua-de-iluminat-pe-trei-strazi-din-oras\/#primaryimage","url":"https:\/\/urbeamea.ro\/albaiulia\/wp-content\/uploads\/2015\/06\/intreruperi-curent-electric.jpg","contentUrl":"https:\/\/urbeamea.ro\/albaiulia\/wp-content\/uploads\/2015\/06\/intreruperi-curent-electric.jpg","width":455,"height":280},{"@type":"BreadcrumbList","@id":"https:\/\/urbeamea.ro\/albaiulia\/primaria-alba-iulia-va-extinde-reteaua-de-iluminat-pe-trei-strazi-din-oras\/#breadcrumb","itemListElement":[{"@type":"ListItem","position":1,"name":"Prima pagin\u0103","item":"https:\/\/urbeamea.ro\/albaiulia\/"},{"@type":"ListItem","position":2,"name":"Prim\u0103ria Alba Iulia va extinde re\u0163eaua de iluminat pe trei str\u0103zi din ora\u015f"}]},{"@type":"WebSite","@id":"https:\/\/urbeamea.ro\/albaiulia\/#website","url":"https:\/\/urbeamea.ro\/albaiulia\/","name":"Revista Urbea Mea, Stiri urbane","description":"Evenimente \u0219i \u0219tiri din Alba Iulia, Sebe\u0219, Aiud, Blaj","potentialAction":[{"@type":"SearchAction","target":{"@type":"EntryPoint","urlTemplate":"https:\/\/urbeamea.ro\/albaiulia\/?s={search_term_string}"},"query-input":{"@type":"PropertyValueSpecification","valueRequired":true,"valueName":"search_term_string"}}],"inLanguage":"ro-RO"},{"@type":"Person","@id":"https:\/\/urbeamea.ro\/albaiulia\/#\/schema\/person\/9700d21fae21c4f038b0b56f4506264a","name":"Cristina Ganga","image":{"@type":"ImageObject","inLanguage":"ro-RO","@id":"https:\/\/secure.gravatar.com\/avatar\/5a67661041f057b4a8ccaf26f5a8e86e2689372006d01faf3dd9eeb10b654bb4?s=96&d=mm&r=g","url":"https:\/\/secure.gravatar.com\/avatar\/5a67661041f057b4a8ccaf26f5a8e86e2689372006d01faf3dd9eeb10b654bb4?s=96&d=mm&r=g","contentUrl":"https:\/\/secure.gravatar.com\/avatar\/5a67661041f057b4a8ccaf26f5a8e86e2689372006d01faf3dd9eeb10b654bb4?s=96&d=mm&r=g","caption":"Cristina Ganga"},"description":"Jurnalist","sameAs":["https:\/\/www.facebook.com\/cristina.nicola.587"],"url":"https:\/\/urbeamea.ro\/albaiulia\/author\/cristina-nicola\/"}]}},"_links":{"self":[{"href":"https:\/\/urbeamea.ro\/albaiulia\/wp-json\/wp\/v2\/posts\/42048","targetHints":{"allow":["GET"]}}],"collection":[{"href":"https:\/\/urbeamea.ro\/albaiulia\/wp-json\/wp\/v2\/posts"}],"about":[{"href":"https:\/\/urbeamea.ro\/albaiulia\/wp-json\/wp\/v2\/types\/post"}],"author":[{"embeddable":true,"href":"https:\/\/urbeamea.ro\/albaiulia\/wp-json\/wp\/v2\/users\/17"}],"replies":[{"embeddable":true,"href":"https:\/\/urbeamea.ro\/albaiulia\/wp-json\/wp\/v2\/comments?post=42048"}],"version-history":[{"count":0,"href":"https:\/\/urbeamea.ro\/albaiulia\/wp-json\/wp\/v2\/posts\/42048\/revisions"}],"wp:featuredmedia":[{"embeddable":true,"href":"https:\/\/urbeamea.ro\/albaiulia\/wp-json\/wp\/v2\/media\/5703"}],"wp:attachment":[{"href":"https:\/\/urbeamea.ro\/albaiulia\/wp-json\/wp\/v2\/media?parent=42048"}],"wp:term":[{"taxonomy":"category","embeddable":true,"href":"https:\/\/urbeamea.ro\/albaiulia\/wp-json\/wp\/v2\/categories?post=42048"},{"taxonomy":"post_tag","embeddable":true,"href":"https:\/\/urbeamea.ro\/albaiulia\/wp-json\/wp\/v2\/tags?post=42048"}],"curies":[{"name":"wp","href":"https:\/\/api.w.org\/{rel}","templated":true}]}}