{"id":42149,"date":"2017-03-27T10:28:49","date_gmt":"2017-03-27T07:28:49","guid":{"rendered":"http:\/\/urbeamea.ro\/albaiulia\/?p=42149"},"modified":"2017-03-27T10:29:41","modified_gmt":"2017-03-27T07:29:41","slug":"foto-clubul-sportiv-samara-sebes-s-a-clasat-pe-locul-ii-la-o-competitie-de-dans-sportiv-din-budingen-in-germania","status":"publish","type":"post","link":"https:\/\/urbeamea.ro\/albaiulia\/foto-clubul-sportiv-samara-sebes-s-a-clasat-pe-locul-ii-la-o-competitie-de-dans-sportiv-din-budingen-in-germania\/","title":{"rendered":"FOTO: Clubul Sportiv Samara Sebe\u0219 s-a clasat pe locul II la o competi\u021bie de dans sportiv din Budingen, \u00een Germania"},"content":{"rendered":"<p><strong>Un grup de tineri dansatori de la Clubul Sportiv Samara Sebe\u0219 a particpat, \u00een data de 18 martie, la Budingen, \u00een Germania, la cea de-a doua edi\u021bie a Turneului Prieteniei, ob\u021bin\u00e2nd locul al doilea \u00een concurs \u0219i un premiu special de popularitate. <\/strong><\/p>\n<p>La turneul g\u0103zduit de ora\u0219ul cu care municipiul Sebe\u0219 a dezvoltat o frumoas\u0103 colaborare de-a lungul anilor, au mai participat 23 de forma\u021bii de copii \u0219i tineri. Micii dansatori sebe\u0219eni, \u00eenso\u021bi\u021bi de pre\u0219edinta Clubului Sportiv Samara, Elena Damian, \u0219i de antrenoarea clubului, Zita Acs, au prezentat un show cu titlul SKY DANCERS, spun\u00e2nd povestea unei c\u0103l\u0103torii \u00een jurul lumii cu un avion care aterizeaz\u0103 pe r\u00e2nd \u00een Cuba, Mexic, India, Germania \u0219i Rom\u00e2nia, prezent\u00e2nd un dans specific fiec\u0103rei \u021b\u0103ri, \u00eembinat cu elemente artistice \u0219i acrobatice.<\/p>\n<p>Dansatorii au fost costuma\u021bi \u00een pilo\u021bi \u0219i stewardese. Este a doua participare a Cubului Sportiv Samara Sebe\u0219 la turneul din germania, la prima edi\u021bie ob\u021bin\u00e2nd locul I. Deplasarea a fost sus\u021binut\u0103 de Prim\u0103ria \u0219i Consiliul Local al Municipiului Sebe\u0219, precum \u0219i de Centrul Cultural Lucian Blaga Sebe\u0219.<\/p>\n<div id='gallery-1' class='gallery galleryid-42149 gallery-columns-3 gallery-size-thumbnail'><figure class='gallery-item'>\n\t\t\t<div class='gallery-icon landscape'>\n\t\t\t\t<a href='https:\/\/urbeamea.ro\/albaiulia\/wp-content\/uploads\/2017\/03\/17342928_1897179640558257_2466257462757693891_n.jpg'><img decoding=\"async\" width=\"150\" height=\"100\" src=\"data:image\/png;base64,iVBORw0KGgoAAAANSUhEUgAAAYYAAADcAQMAAABOLJSDAAAAA1BMVEUAAACnej3aAAAAAXRSTlMAQObYZgAAACJJREFUaIHtwTEBAAAAwqD1T20ND6AAAAAAAAAAAAAA4N8AKvgAAUFIrrEAAAAASUVORK5CYII=\" class=\"attachment-thumbnail size-thumbnail lazy-img\" alt=\"\" srcset=\"https:\/\/urbeamea.ro\/albaiulia\/wp-content\/uploads\/2017\/03\/17342928_1897179640558257_2466257462757693891_n-150x100.jpg 150w, https:\/\/urbeamea.ro\/albaiulia\/wp-content\/uploads\/2017\/03\/17342928_1897179640558257_2466257462757693891_n-640x425.jpg 640w, https:\/\/urbeamea.ro\/albaiulia\/wp-content\/uploads\/2017\/03\/17342928_1897179640558257_2466257462757693891_n-768x510.jpg 768w, https:\/\/urbeamea.ro\/albaiulia\/wp-content\/uploads\/2017\/03\/17342928_1897179640558257_2466257462757693891_n.jpg 960w\" sizes=\"auto, (max-width: 150px) 100vw, 150px\" data-src=\"https:\/\/urbeamea.ro\/albaiulia\/wp-content\/uploads\/2017\/03\/17342928_1897179640558257_2466257462757693891_n-150x100.jpg\" loading=\"lazy\" \/><\/a>\n\t\t\t<\/div><\/figure><figure class='gallery-item'>\n\t\t\t<div class='gallery-icon landscape'>\n\t\t\t\t<a href='https:\/\/urbeamea.ro\/albaiulia\/wp-content\/uploads\/2017\/03\/17362080_1897179643891590_6309731849365428106_n.jpg'><img decoding=\"async\" width=\"150\" height=\"100\" src=\"data:image\/png;base64,iVBORw0KGgoAAAANSUhEUgAAAYYAAADcAQMAAABOLJSDAAAAA1BMVEUAAACnej3aAAAAAXRSTlMAQObYZgAAACJJREFUaIHtwTEBAAAAwqD1T20ND6AAAAAAAAAAAAAA4N8AKvgAAUFIrrEAAAAASUVORK5CYII=\" class=\"attachment-thumbnail size-thumbnail lazy-img\" alt=\"\" srcset=\"https:\/\/urbeamea.ro\/albaiulia\/wp-content\/uploads\/2017\/03\/17362080_1897179643891590_6309731849365428106_n-150x100.jpg 150w, https:\/\/urbeamea.ro\/albaiulia\/wp-content\/uploads\/2017\/03\/17362080_1897179643891590_6309731849365428106_n-640x425.jpg 640w, https:\/\/urbeamea.ro\/albaiulia\/wp-content\/uploads\/2017\/03\/17362080_1897179643891590_6309731849365428106_n-768x510.jpg 768w, https:\/\/urbeamea.ro\/albaiulia\/wp-content\/uploads\/2017\/03\/17362080_1897179643891590_6309731849365428106_n.jpg 960w\" sizes=\"auto, (max-width: 150px) 100vw, 150px\" data-src=\"https:\/\/urbeamea.ro\/albaiulia\/wp-content\/uploads\/2017\/03\/17362080_1897179643891590_6309731849365428106_n-150x100.jpg\" loading=\"lazy\" \/><\/a>\n\t\t\t<\/div><\/figure><figure class='gallery-item'>\n\t\t\t<div class='gallery-icon landscape'>\n\t\t\t\t<a href='https:\/\/urbeamea.ro\/albaiulia\/wp-content\/uploads\/2017\/03\/17362437_1897179790558242_7202023157482848487_n.jpg'><img decoding=\"async\" width=\"150\" height=\"100\" src=\"data:image\/png;base64,iVBORw0KGgoAAAANSUhEUgAAAYYAAADcAQMAAABOLJSDAAAAA1BMVEUAAACnej3aAAAAAXRSTlMAQObYZgAAACJJREFUaIHtwTEBAAAAwqD1T20ND6AAAAAAAAAAAAAA4N8AKvgAAUFIrrEAAAAASUVORK5CYII=\" class=\"attachment-thumbnail size-thumbnail lazy-img\" alt=\"\" srcset=\"https:\/\/urbeamea.ro\/albaiulia\/wp-content\/uploads\/2017\/03\/17362437_1897179790558242_7202023157482848487_n-150x100.jpg 150w, https:\/\/urbeamea.ro\/albaiulia\/wp-content\/uploads\/2017\/03\/17362437_1897179790558242_7202023157482848487_n-640x425.jpg 640w, https:\/\/urbeamea.ro\/albaiulia\/wp-content\/uploads\/2017\/03\/17362437_1897179790558242_7202023157482848487_n-768x510.jpg 768w, https:\/\/urbeamea.ro\/albaiulia\/wp-content\/uploads\/2017\/03\/17362437_1897179790558242_7202023157482848487_n.jpg 960w\" sizes=\"auto, (max-width: 150px) 100vw, 150px\" data-src=\"https:\/\/urbeamea.ro\/albaiulia\/wp-content\/uploads\/2017\/03\/17362437_1897179790558242_7202023157482848487_n-150x100.jpg\" loading=\"lazy\" \/><\/a>\n\t\t\t<\/div><\/figure><figure class='gallery-item'>\n\t\t\t<div class='gallery-icon landscape'>\n\t\t\t\t<a href='https:\/\/urbeamea.ro\/albaiulia\/wp-content\/uploads\/2017\/03\/17426137_1897179783891576_853489377194632812_n.jpg'><img decoding=\"async\" width=\"150\" height=\"100\" src=\"data:image\/png;base64,iVBORw0KGgoAAAANSUhEUgAAAYYAAADcAQMAAABOLJSDAAAAA1BMVEUAAACnej3aAAAAAXRSTlMAQObYZgAAACJJREFUaIHtwTEBAAAAwqD1T20ND6AAAAAAAAAAAAAA4N8AKvgAAUFIrrEAAAAASUVORK5CYII=\" class=\"attachment-thumbnail size-thumbnail lazy-img\" alt=\"\" srcset=\"https:\/\/urbeamea.ro\/albaiulia\/wp-content\/uploads\/2017\/03\/17426137_1897179783891576_853489377194632812_n-150x100.jpg 150w, https:\/\/urbeamea.ro\/albaiulia\/wp-content\/uploads\/2017\/03\/17426137_1897179783891576_853489377194632812_n-640x425.jpg 640w, https:\/\/urbeamea.ro\/albaiulia\/wp-content\/uploads\/2017\/03\/17426137_1897179783891576_853489377194632812_n-768x510.jpg 768w, https:\/\/urbeamea.ro\/albaiulia\/wp-content\/uploads\/2017\/03\/17426137_1897179783891576_853489377194632812_n.jpg 960w\" sizes=\"auto, (max-width: 150px) 100vw, 150px\" data-src=\"https:\/\/urbeamea.ro\/albaiulia\/wp-content\/uploads\/2017\/03\/17426137_1897179783891576_853489377194632812_n-150x100.jpg\" loading=\"lazy\" \/><\/a>\n\t\t\t<\/div><\/figure><figure class='gallery-item'>\n\t\t\t<div class='gallery-icon landscape'>\n\t\t\t\t<a href='https:\/\/urbeamea.ro\/albaiulia\/wp-content\/uploads\/2017\/03\/17426236_1897183910557830_5583857443249317354_n.jpg'><img decoding=\"async\" width=\"150\" height=\"100\" src=\"data:image\/png;base64,iVBORw0KGgoAAAANSUhEUgAAAYYAAADcAQMAAABOLJSDAAAAA1BMVEUAAACnej3aAAAAAXRSTlMAQObYZgAAACJJREFUaIHtwTEBAAAAwqD1T20ND6AAAAAAAAAAAAAA4N8AKvgAAUFIrrEAAAAASUVORK5CYII=\" class=\"attachment-thumbnail size-thumbnail lazy-img\" alt=\"\" srcset=\"https:\/\/urbeamea.ro\/albaiulia\/wp-content\/uploads\/2017\/03\/17426236_1897183910557830_5583857443249317354_n-150x100.jpg 150w, https:\/\/urbeamea.ro\/albaiulia\/wp-content\/uploads\/2017\/03\/17426236_1897183910557830_5583857443249317354_n-640x425.jpg 640w, https:\/\/urbeamea.ro\/albaiulia\/wp-content\/uploads\/2017\/03\/17426236_1897183910557830_5583857443249317354_n-768x510.jpg 768w, https:\/\/urbeamea.ro\/albaiulia\/wp-content\/uploads\/2017\/03\/17426236_1897183910557830_5583857443249317354_n.jpg 960w\" sizes=\"auto, (max-width: 150px) 100vw, 150px\" data-src=\"https:\/\/urbeamea.ro\/albaiulia\/wp-content\/uploads\/2017\/03\/17426236_1897183910557830_5583857443249317354_n-150x100.jpg\" loading=\"lazy\" \/><\/a>\n\t\t\t<\/div><\/figure>\n\t\t<\/div>\n\n","protected":false},"excerpt":{"rendered":"<p>Un grup de tineri dansatori de la Clubul Sportiv Samara Sebe\u0219 a particpat, \u00een data de 18 martie, la Budingen, \u00een Germania, la cea de-a doua edi\u021bie a Turneului Prieteniei, ob\u021bin\u00e2nd locul al doilea \u00een concurs \u0219i un premiu special de popularitate. La turneul g\u0103zduit de ora\u0219ul cu care municipiul Sebe\u0219 a dezvoltat o frumoas\u0103 &hellip;<\/p>\n","protected":false},"author":17,"featured_media":42150,"comment_status":"open","ping_status":"open","sticky":false,"template":"","format":"standard","meta":{"inline_featured_image":false,"footnotes":""},"categories":[2034],"tags":[307,10449,10448,1577,1501,10451,1223,308,336,10450,76],"class_list":["post-42149","post","type-post","status-publish","format-standard","has-post-thumbnail","hentry","category-social","tag-alba","tag-budingen","tag-clubul-sportiv-samara","tag-dansatori","tag-germania","tag-premiul-special-de-popularitate","tag-sebes","tag-stiri","tag-tineri","tag-turneul-prieteniei","tag-urbea-mea"],"yoast_head":"<!-- This site is optimized with the Yoast SEO plugin v28.3 - https:\/\/yoast.com\/product\/yoast-seo-wordpress\/ -->\n<title>FOTO: Clubul Sportiv Samara Sebe\u0219 s-a clasat pe locul II la o competi\u021bie de dans sportiv din Budingen, \u00een Germania - Revista Urbea Mea - Revista de Alba<\/title>\n<meta name=\"description\" content=\"Un grup de tineri dansatori de la Clubul Sportiv Samara Sebe\u0219 a particpat, \u00een data de 18 martie, la Budingen, \u00een Germania, la cea de-a doua edi\u021bie a\" \/>\n<meta name=\"robots\" content=\"index, follow, max-snippet:-1, max-image-preview:large, max-video-preview:-1\" \/>\n<link rel=\"canonical\" href=\"https:\/\/urbeamea.ro\/albaiulia\/foto-clubul-sportiv-samara-sebes-s-a-clasat-pe-locul-ii-la-o-competitie-de-dans-sportiv-din-budingen-in-germania\/\" \/>\n<meta name=\"twitter:card\" content=\"summary_large_image\" \/>\n<meta name=\"twitter:title\" content=\"FOTO: Clubul Sportiv Samara Sebe\u0219 s-a clasat pe locul II la o competi\u021bie de dans sportiv din Budingen, \u00een Germania - Revista Urbea Mea - Revista de Alba\" \/>\n<meta name=\"twitter:description\" content=\"Un grup de tineri dansatori de la Clubul Sportiv Samara Sebe\u0219 a particpat, \u00een data de 18 martie, la Budingen, \u00een Germania, la cea de-a doua edi\u021bie a\" \/>\n<meta name=\"twitter:image\" content=\"https:\/\/urbeamea.ro\/albaiulia\/wp-content\/uploads\/2017\/03\/17342928_1897179640558257_2466257462757693891_n.jpg\" \/>\n<meta name=\"twitter:creator\" content=\"@urbeameaweb\" \/>\n<meta name=\"twitter:site\" content=\"@urbeameaweb\" \/>\n<script type=\"application\/ld+json\" class=\"yoast-schema-graph\">{\"@context\":\"https:\\\/\\\/schema.org\",\"@graph\":[{\"@type\":\"Article\",\"@id\":\"https:\\\/\\\/urbeamea.ro\\\/albaiulia\\\/foto-clubul-sportiv-samara-sebes-s-a-clasat-pe-locul-ii-la-o-competitie-de-dans-sportiv-din-budingen-in-germania\\\/#article\",\"isPartOf\":{\"@id\":\"https:\\\/\\\/urbeamea.ro\\\/albaiulia\\\/foto-clubul-sportiv-samara-sebes-s-a-clasat-pe-locul-ii-la-o-competitie-de-dans-sportiv-din-budingen-in-germania\\\/\"},\"author\":{\"name\":\"Cristina Ganga\",\"@id\":\"https:\\\/\\\/urbeamea.ro\\\/albaiulia\\\/#\\\/schema\\\/person\\\/9700d21fae21c4f038b0b56f4506264a\"},\"headline\":\"FOTO: Clubul Sportiv Samara Sebe\u0219 s-a clasat pe locul II la o competi\u021bie de dans sportiv din Budingen, \u00een Germania\",\"datePublished\":\"2017-03-27T07:28:49+00:00\",\"dateModified\":\"2017-03-27T07:29:41+00:00\",\"mainEntityOfPage\":{\"@id\":\"https:\\\/\\\/urbeamea.ro\\\/albaiulia\\\/foto-clubul-sportiv-samara-sebes-s-a-clasat-pe-locul-ii-la-o-competitie-de-dans-sportiv-din-budingen-in-germania\\\/\"},\"wordCount\":221,\"commentCount\":0,\"image\":{\"@id\":\"https:\\\/\\\/urbeamea.ro\\\/albaiulia\\\/foto-clubul-sportiv-samara-sebes-s-a-clasat-pe-locul-ii-la-o-competitie-de-dans-sportiv-din-budingen-in-germania\\\/#primaryimage\"},\"thumbnailUrl\":\"https:\\\/\\\/urbeamea.ro\\\/albaiulia\\\/wp-content\\\/uploads\\\/2017\\\/03\\\/17342928_1897179640558257_2466257462757693891_n.jpg\",\"keywords\":[\"alba\",\"Budingen\",\"Clubul Sportiv Samara\",\"dansatori\",\"germania\",\"premiul special de popularitate\",\"sebes\",\"stiri\",\"tineri\",\"turneul prieteniei\",\"Urbea Mea\"],\"articleSection\":[\"Social\"],\"inLanguage\":\"ro-RO\",\"potentialAction\":[{\"@type\":\"CommentAction\",\"name\":\"Comment\",\"target\":[\"https:\\\/\\\/urbeamea.ro\\\/albaiulia\\\/foto-clubul-sportiv-samara-sebes-s-a-clasat-pe-locul-ii-la-o-competitie-de-dans-sportiv-din-budingen-in-germania\\\/#respond\"]}]},{\"@type\":\"WebPage\",\"@id\":\"https:\\\/\\\/urbeamea.ro\\\/albaiulia\\\/foto-clubul-sportiv-samara-sebes-s-a-clasat-pe-locul-ii-la-o-competitie-de-dans-sportiv-din-budingen-in-germania\\\/\",\"url\":\"https:\\\/\\\/urbeamea.ro\\\/albaiulia\\\/foto-clubul-sportiv-samara-sebes-s-a-clasat-pe-locul-ii-la-o-competitie-de-dans-sportiv-din-budingen-in-germania\\\/\",\"name\":\"FOTO: Clubul Sportiv Samara Sebe\u0219 s-a clasat pe locul II la o competi\u021bie de dans sportiv din Budingen, \u00een Germania - Revista Urbea Mea - Revista de Alba\",\"isPartOf\":{\"@id\":\"https:\\\/\\\/urbeamea.ro\\\/albaiulia\\\/#website\"},\"primaryImageOfPage\":{\"@id\":\"https:\\\/\\\/urbeamea.ro\\\/albaiulia\\\/foto-clubul-sportiv-samara-sebes-s-a-clasat-pe-locul-ii-la-o-competitie-de-dans-sportiv-din-budingen-in-germania\\\/#primaryimage\"},\"image\":{\"@id\":\"https:\\\/\\\/urbeamea.ro\\\/albaiulia\\\/foto-clubul-sportiv-samara-sebes-s-a-clasat-pe-locul-ii-la-o-competitie-de-dans-sportiv-din-budingen-in-germania\\\/#primaryimage\"},\"thumbnailUrl\":\"https:\\\/\\\/urbeamea.ro\\\/albaiulia\\\/wp-content\\\/uploads\\\/2017\\\/03\\\/17342928_1897179640558257_2466257462757693891_n.jpg\",\"datePublished\":\"2017-03-27T07:28:49+00:00\",\"dateModified\":\"2017-03-27T07:29:41+00:00\",\"author\":{\"@id\":\"https:\\\/\\\/urbeamea.ro\\\/albaiulia\\\/#\\\/schema\\\/person\\\/9700d21fae21c4f038b0b56f4506264a\"},\"description\":\"Un grup de tineri dansatori de la Clubul Sportiv Samara Sebe\u0219 a particpat, \u00een data de 18 martie, la Budingen, \u00een Germania, la cea de-a doua edi\u021bie a\",\"breadcrumb\":{\"@id\":\"https:\\\/\\\/urbeamea.ro\\\/albaiulia\\\/foto-clubul-sportiv-samara-sebes-s-a-clasat-pe-locul-ii-la-o-competitie-de-dans-sportiv-din-budingen-in-germania\\\/#breadcrumb\"},\"inLanguage\":\"ro-RO\",\"potentialAction\":[{\"@type\":\"ReadAction\",\"target\":[\"https:\\\/\\\/urbeamea.ro\\\/albaiulia\\\/foto-clubul-sportiv-samara-sebes-s-a-clasat-pe-locul-ii-la-o-competitie-de-dans-sportiv-din-budingen-in-germania\\\/\"]}]},{\"@type\":\"ImageObject\",\"inLanguage\":\"ro-RO\",\"@id\":\"https:\\\/\\\/urbeamea.ro\\\/albaiulia\\\/foto-clubul-sportiv-samara-sebes-s-a-clasat-pe-locul-ii-la-o-competitie-de-dans-sportiv-din-budingen-in-germania\\\/#primaryimage\",\"url\":\"https:\\\/\\\/urbeamea.ro\\\/albaiulia\\\/wp-content\\\/uploads\\\/2017\\\/03\\\/17342928_1897179640558257_2466257462757693891_n.jpg\",\"contentUrl\":\"https:\\\/\\\/urbeamea.ro\\\/albaiulia\\\/wp-content\\\/uploads\\\/2017\\\/03\\\/17342928_1897179640558257_2466257462757693891_n.jpg\",\"width\":960,\"height\":638},{\"@type\":\"BreadcrumbList\",\"@id\":\"https:\\\/\\\/urbeamea.ro\\\/albaiulia\\\/foto-clubul-sportiv-samara-sebes-s-a-clasat-pe-locul-ii-la-o-competitie-de-dans-sportiv-din-budingen-in-germania\\\/#breadcrumb\",\"itemListElement\":[{\"@type\":\"ListItem\",\"position\":1,\"name\":\"Prima pagin\u0103\",\"item\":\"https:\\\/\\\/urbeamea.ro\\\/albaiulia\\\/\"},{\"@type\":\"ListItem\",\"position\":2,\"name\":\"FOTO: Clubul Sportiv Samara Sebe\u0219 s-a clasat pe locul II la o competi\u021bie de dans sportiv din Budingen, \u00een Germania\"}]},{\"@type\":\"WebSite\",\"@id\":\"https:\\\/\\\/urbeamea.ro\\\/albaiulia\\\/#website\",\"url\":\"https:\\\/\\\/urbeamea.ro\\\/albaiulia\\\/\",\"name\":\"Revista Urbea Mea, Stiri urbane\",\"description\":\"Evenimente \u0219i \u0219tiri din Alba Iulia, Sebe\u0219, Aiud, Blaj\",\"potentialAction\":[{\"@type\":\"SearchAction\",\"target\":{\"@type\":\"EntryPoint\",\"urlTemplate\":\"https:\\\/\\\/urbeamea.ro\\\/albaiulia\\\/?s={search_term_string}\"},\"query-input\":{\"@type\":\"PropertyValueSpecification\",\"valueRequired\":true,\"valueName\":\"search_term_string\"}}],\"inLanguage\":\"ro-RO\"},{\"@type\":\"Person\",\"@id\":\"https:\\\/\\\/urbeamea.ro\\\/albaiulia\\\/#\\\/schema\\\/person\\\/9700d21fae21c4f038b0b56f4506264a\",\"name\":\"Cristina Ganga\",\"image\":{\"@type\":\"ImageObject\",\"inLanguage\":\"ro-RO\",\"@id\":\"https:\\\/\\\/secure.gravatar.com\\\/avatar\\\/5a67661041f057b4a8ccaf26f5a8e86e2689372006d01faf3dd9eeb10b654bb4?s=96&d=mm&r=g\",\"url\":\"https:\\\/\\\/secure.gravatar.com\\\/avatar\\\/5a67661041f057b4a8ccaf26f5a8e86e2689372006d01faf3dd9eeb10b654bb4?s=96&d=mm&r=g\",\"contentUrl\":\"https:\\\/\\\/secure.gravatar.com\\\/avatar\\\/5a67661041f057b4a8ccaf26f5a8e86e2689372006d01faf3dd9eeb10b654bb4?s=96&d=mm&r=g\",\"caption\":\"Cristina Ganga\"},\"description\":\"Jurnalist\",\"sameAs\":[\"https:\\\/\\\/www.facebook.com\\\/cristina.nicola.587\"],\"url\":\"https:\\\/\\\/urbeamea.ro\\\/albaiulia\\\/author\\\/cristina-nicola\\\/\"}]}<\/script>\n<!-- \/ Yoast SEO plugin. -->","yoast_head_json":{"title":"FOTO: Clubul Sportiv Samara Sebe\u0219 s-a clasat pe locul II la o competi\u021bie de dans sportiv din Budingen, \u00een Germania - Revista Urbea Mea - Revista de Alba","description":"Un grup de tineri dansatori de la Clubul Sportiv Samara Sebe\u0219 a particpat, \u00een data de 18 martie, la Budingen, \u00een Germania, la cea de-a doua edi\u021bie a","robots":{"index":"index","follow":"follow","max-snippet":"max-snippet:-1","max-image-preview":"max-image-preview:large","max-video-preview":"max-video-preview:-1"},"canonical":"https:\/\/urbeamea.ro\/albaiulia\/foto-clubul-sportiv-samara-sebes-s-a-clasat-pe-locul-ii-la-o-competitie-de-dans-sportiv-din-budingen-in-germania\/","twitter_card":"summary_large_image","twitter_title":"FOTO: Clubul Sportiv Samara Sebe\u0219 s-a clasat pe locul II la o competi\u021bie de dans sportiv din Budingen, \u00een Germania - Revista Urbea Mea - Revista de Alba","twitter_description":"Un grup de tineri dansatori de la Clubul Sportiv Samara Sebe\u0219 a particpat, \u00een data de 18 martie, la Budingen, \u00een Germania, la cea de-a doua edi\u021bie a","twitter_image":"https:\/\/urbeamea.ro\/albaiulia\/wp-content\/uploads\/2017\/03\/17342928_1897179640558257_2466257462757693891_n.jpg","twitter_creator":"@urbeameaweb","twitter_site":"@urbeameaweb","schema":{"@context":"https:\/\/schema.org","@graph":[{"@type":"Article","@id":"https:\/\/urbeamea.ro\/albaiulia\/foto-clubul-sportiv-samara-sebes-s-a-clasat-pe-locul-ii-la-o-competitie-de-dans-sportiv-din-budingen-in-germania\/#article","isPartOf":{"@id":"https:\/\/urbeamea.ro\/albaiulia\/foto-clubul-sportiv-samara-sebes-s-a-clasat-pe-locul-ii-la-o-competitie-de-dans-sportiv-din-budingen-in-germania\/"},"author":{"name":"Cristina Ganga","@id":"https:\/\/urbeamea.ro\/albaiulia\/#\/schema\/person\/9700d21fae21c4f038b0b56f4506264a"},"headline":"FOTO: Clubul Sportiv Samara Sebe\u0219 s-a clasat pe locul II la o competi\u021bie de dans sportiv din Budingen, \u00een Germania","datePublished":"2017-03-27T07:28:49+00:00","dateModified":"2017-03-27T07:29:41+00:00","mainEntityOfPage":{"@id":"https:\/\/urbeamea.ro\/albaiulia\/foto-clubul-sportiv-samara-sebes-s-a-clasat-pe-locul-ii-la-o-competitie-de-dans-sportiv-din-budingen-in-germania\/"},"wordCount":221,"commentCount":0,"image":{"@id":"https:\/\/urbeamea.ro\/albaiulia\/foto-clubul-sportiv-samara-sebes-s-a-clasat-pe-locul-ii-la-o-competitie-de-dans-sportiv-din-budingen-in-germania\/#primaryimage"},"thumbnailUrl":"https:\/\/urbeamea.ro\/albaiulia\/wp-content\/uploads\/2017\/03\/17342928_1897179640558257_2466257462757693891_n.jpg","keywords":["alba","Budingen","Clubul Sportiv Samara","dansatori","germania","premiul special de popularitate","sebes","stiri","tineri","turneul prieteniei","Urbea Mea"],"articleSection":["Social"],"inLanguage":"ro-RO","potentialAction":[{"@type":"CommentAction","name":"Comment","target":["https:\/\/urbeamea.ro\/albaiulia\/foto-clubul-sportiv-samara-sebes-s-a-clasat-pe-locul-ii-la-o-competitie-de-dans-sportiv-din-budingen-in-germania\/#respond"]}]},{"@type":"WebPage","@id":"https:\/\/urbeamea.ro\/albaiulia\/foto-clubul-sportiv-samara-sebes-s-a-clasat-pe-locul-ii-la-o-competitie-de-dans-sportiv-din-budingen-in-germania\/","url":"https:\/\/urbeamea.ro\/albaiulia\/foto-clubul-sportiv-samara-sebes-s-a-clasat-pe-locul-ii-la-o-competitie-de-dans-sportiv-din-budingen-in-germania\/","name":"FOTO: Clubul Sportiv Samara Sebe\u0219 s-a clasat pe locul II la o competi\u021bie de dans sportiv din Budingen, \u00een Germania - Revista Urbea Mea - Revista de Alba","isPartOf":{"@id":"https:\/\/urbeamea.ro\/albaiulia\/#website"},"primaryImageOfPage":{"@id":"https:\/\/urbeamea.ro\/albaiulia\/foto-clubul-sportiv-samara-sebes-s-a-clasat-pe-locul-ii-la-o-competitie-de-dans-sportiv-din-budingen-in-germania\/#primaryimage"},"image":{"@id":"https:\/\/urbeamea.ro\/albaiulia\/foto-clubul-sportiv-samara-sebes-s-a-clasat-pe-locul-ii-la-o-competitie-de-dans-sportiv-din-budingen-in-germania\/#primaryimage"},"thumbnailUrl":"https:\/\/urbeamea.ro\/albaiulia\/wp-content\/uploads\/2017\/03\/17342928_1897179640558257_2466257462757693891_n.jpg","datePublished":"2017-03-27T07:28:49+00:00","dateModified":"2017-03-27T07:29:41+00:00","author":{"@id":"https:\/\/urbeamea.ro\/albaiulia\/#\/schema\/person\/9700d21fae21c4f038b0b56f4506264a"},"description":"Un grup de tineri dansatori de la Clubul Sportiv Samara Sebe\u0219 a particpat, \u00een data de 18 martie, la Budingen, \u00een Germania, la cea de-a doua edi\u021bie a","breadcrumb":{"@id":"https:\/\/urbeamea.ro\/albaiulia\/foto-clubul-sportiv-samara-sebes-s-a-clasat-pe-locul-ii-la-o-competitie-de-dans-sportiv-din-budingen-in-germania\/#breadcrumb"},"inLanguage":"ro-RO","potentialAction":[{"@type":"ReadAction","target":["https:\/\/urbeamea.ro\/albaiulia\/foto-clubul-sportiv-samara-sebes-s-a-clasat-pe-locul-ii-la-o-competitie-de-dans-sportiv-din-budingen-in-germania\/"]}]},{"@type":"ImageObject","inLanguage":"ro-RO","@id":"https:\/\/urbeamea.ro\/albaiulia\/foto-clubul-sportiv-samara-sebes-s-a-clasat-pe-locul-ii-la-o-competitie-de-dans-sportiv-din-budingen-in-germania\/#primaryimage","url":"https:\/\/urbeamea.ro\/albaiulia\/wp-content\/uploads\/2017\/03\/17342928_1897179640558257_2466257462757693891_n.jpg","contentUrl":"https:\/\/urbeamea.ro\/albaiulia\/wp-content\/uploads\/2017\/03\/17342928_1897179640558257_2466257462757693891_n.jpg","width":960,"height":638},{"@type":"BreadcrumbList","@id":"https:\/\/urbeamea.ro\/albaiulia\/foto-clubul-sportiv-samara-sebes-s-a-clasat-pe-locul-ii-la-o-competitie-de-dans-sportiv-din-budingen-in-germania\/#breadcrumb","itemListElement":[{"@type":"ListItem","position":1,"name":"Prima pagin\u0103","item":"https:\/\/urbeamea.ro\/albaiulia\/"},{"@type":"ListItem","position":2,"name":"FOTO: Clubul Sportiv Samara Sebe\u0219 s-a clasat pe locul II la o competi\u021bie de dans sportiv din Budingen, \u00een Germania"}]},{"@type":"WebSite","@id":"https:\/\/urbeamea.ro\/albaiulia\/#website","url":"https:\/\/urbeamea.ro\/albaiulia\/","name":"Revista Urbea Mea, Stiri urbane","description":"Evenimente \u0219i \u0219tiri din Alba Iulia, Sebe\u0219, Aiud, Blaj","potentialAction":[{"@type":"SearchAction","target":{"@type":"EntryPoint","urlTemplate":"https:\/\/urbeamea.ro\/albaiulia\/?s={search_term_string}"},"query-input":{"@type":"PropertyValueSpecification","valueRequired":true,"valueName":"search_term_string"}}],"inLanguage":"ro-RO"},{"@type":"Person","@id":"https:\/\/urbeamea.ro\/albaiulia\/#\/schema\/person\/9700d21fae21c4f038b0b56f4506264a","name":"Cristina Ganga","image":{"@type":"ImageObject","inLanguage":"ro-RO","@id":"https:\/\/secure.gravatar.com\/avatar\/5a67661041f057b4a8ccaf26f5a8e86e2689372006d01faf3dd9eeb10b654bb4?s=96&d=mm&r=g","url":"https:\/\/secure.gravatar.com\/avatar\/5a67661041f057b4a8ccaf26f5a8e86e2689372006d01faf3dd9eeb10b654bb4?s=96&d=mm&r=g","contentUrl":"https:\/\/secure.gravatar.com\/avatar\/5a67661041f057b4a8ccaf26f5a8e86e2689372006d01faf3dd9eeb10b654bb4?s=96&d=mm&r=g","caption":"Cristina Ganga"},"description":"Jurnalist","sameAs":["https:\/\/www.facebook.com\/cristina.nicola.587"],"url":"https:\/\/urbeamea.ro\/albaiulia\/author\/cristina-nicola\/"}]}},"_links":{"self":[{"href":"https:\/\/urbeamea.ro\/albaiulia\/wp-json\/wp\/v2\/posts\/42149","targetHints":{"allow":["GET"]}}],"collection":[{"href":"https:\/\/urbeamea.ro\/albaiulia\/wp-json\/wp\/v2\/posts"}],"about":[{"href":"https:\/\/urbeamea.ro\/albaiulia\/wp-json\/wp\/v2\/types\/post"}],"author":[{"embeddable":true,"href":"https:\/\/urbeamea.ro\/albaiulia\/wp-json\/wp\/v2\/users\/17"}],"replies":[{"embeddable":true,"href":"https:\/\/urbeamea.ro\/albaiulia\/wp-json\/wp\/v2\/comments?post=42149"}],"version-history":[{"count":0,"href":"https:\/\/urbeamea.ro\/albaiulia\/wp-json\/wp\/v2\/posts\/42149\/revisions"}],"wp:featuredmedia":[{"embeddable":true,"href":"https:\/\/urbeamea.ro\/albaiulia\/wp-json\/wp\/v2\/media\/42150"}],"wp:attachment":[{"href":"https:\/\/urbeamea.ro\/albaiulia\/wp-json\/wp\/v2\/media?parent=42149"}],"wp:term":[{"taxonomy":"category","embeddable":true,"href":"https:\/\/urbeamea.ro\/albaiulia\/wp-json\/wp\/v2\/categories?post=42149"},{"taxonomy":"post_tag","embeddable":true,"href":"https:\/\/urbeamea.ro\/albaiulia\/wp-json\/wp\/v2\/tags?post=42149"}],"curies":[{"name":"wp","href":"https:\/\/api.w.org\/{rel}","templated":true}]}}